{"id":216802,"date":"2024-10-05T08:54:00","date_gmt":"2024-10-05T08:54:00","guid":{"rendered":"https:\/\/www.webdo.tn\/fr\/blog\/tunisie-mandats-d-amener-contre-mondher-zenaidi-et-rafik-bouchlaka\/216802\/"},"modified":"2025-05-20T22:14:28","modified_gmt":"2025-05-20T22:14:28","slug":"tunisie-mandats-d-amener-contre-mondher-zenaidi-et-rafik-bouchlaka","status":"publish","type":"post","link":"https:\/\/www.webdo.tn\/fr\/actualite\/national\/tunisie-mandats-d-amener-contre-mondher-zenaidi-et-rafik-bouchlaka\/216802\/","title":{"rendered":"Tunisie : Mandats d\u2019amener contre Mondher Zenaidi et Rafik Bouchlaka"},"content":{"rendered":"<p>Des mandats d&rsquo;amener internationaux ont \u00e9t\u00e9 \u00e9mis, vendredi 4 octobre 2024, \u00e0 l&rsquo;encontre de plusieurs personnes dont Mondher Zenaidi et Rafik Abdessalem Bouchlaka.<\/p>\n<p>\t\t\t\t\t\t\t\t\tDes mandats d\u2019amener ont \u00e9t\u00e9 d\u00e9livr\u00e9s par le p\u00f4le de lutte contre le terrorisme, visant quatre personnes, Mondher Zenaidi, Rafik Abdessalem, Anis Ben Dhaou et Thameur Bedida, en raison de publications, dont des vid\u00e9os, sur les r\u00e9seaux sociaux, rapporte l&rsquo;agence TAP.<\/p>\n<p>Mondher Zenaidi, Rafik Abdessalem, Anis Ben Dhaou et Thameur Bedida sont accus\u00e9s de vouloir porter atteinte au processus \u00e9lectoral et \u00e0 l&rsquo;\u00c9tat et ses institutions.<\/p>\n","protected":false},"excerpt":{"rendered":"<p>Des mandats d\u2019amener ont \u00e9t\u00e9 d\u00e9livr\u00e9s par le p\u00f4le de lutte contre le terrorisme, visant quatre personnes, Mondher Zenaidi, Rafik Abdessalem, Anis Ben Dhaou et T&#8230;<\/p>\n","protected":false},"author":3162,"featured_media":291146,"comment_status":"open","ping_status":"closed","sticky":false,"template":"","format":"standard","meta":{"footnotes":""},"categories":[44],"tags":[10493,10492,7943,5587,5646,2608],"class_list":["post-216802","post","type-post","status-publish","format-standard","has-post-thumbnail","hentry","category-national","tag-anis-ben-dhaou","tag-thameur-bedida","tag-mandat-damener","tag-mondher-zenaidi","tag-rafik-abdessalem","tag-tunisie"],"yoast_head":"<!-- This site is optimized with the Yoast SEO Premium plugin v27.5 (Yoast SEO v27.5) - https:\/\/yoast.com\/product\/yoast-seo-premium-wordpress\/ -->\n<title>Tunisie : Mandats d\u2019amener contre Mondher Zenaidi et Rafik Bouchlaka<\/title>\n<meta name=\"description\" content=\"Des mandats d\u2019amener ont \u00e9t\u00e9 d\u00e9livr\u00e9s par le p\u00f4le de lutte contre le terrorisme, visant quatre personnes, Mondher Zenaidi, Rafik Abdessalem, Anis Ben Dhaou et T...\" \/>\n<link rel=\"canonical\" href=\"https:\/\/www.webdo.tn\/fr\/actualite\/national\/tunisie-mandats-d-amener-contre-mondher-zenaidi-et-rafik-bouchlaka\/216802\/\" \/>\n<meta property=\"og:locale\" content=\"fr_FR\" \/>\n<meta property=\"og:type\" content=\"article\" \/>\n<meta property=\"og:title\" content=\"Tunisie : Mandats d\u2019amener contre Mondher Zenaidi et Rafik Bouchlaka\" \/>\n<meta property=\"og:description\" content=\"Des mandats d\u2019amener ont \u00e9t\u00e9 d\u00e9livr\u00e9s par le p\u00f4le de lutte contre le terrorisme, visant quatre personnes, Mondher Zenaidi, Rafik Abdessalem, Anis Ben Dhaou et T...\" \/>\n<meta property=\"og:url\" content=\"https:\/\/www.webdo.tn\/fr\/actualite\/national\/tunisie-mandats-d-amener-contre-mondher-zenaidi-et-rafik-bouchlaka\/216802\/\" \/>\n<meta property=\"og:site_name\" content=\"webdo\" \/>\n<meta property=\"article:publisher\" content=\"https:\/\/www.facebook.com\/webdotn\" \/>\n<meta property=\"article:published_time\" content=\"2024-10-05T08:54:00+00:00\" \/>\n<meta property=\"article:modified_time\" content=\"2025-05-20T22:14:28+00:00\" \/>\n<meta property=\"og:image\" content=\"https:\/\/www.webdo.tn\/fr\/wp-content\/uploads\/2024\/10\/467ef58fc245108d33906a79c97e6f20.webp\" \/>\n\t<meta property=\"og:image:width\" content=\"750\" \/>\n\t<meta property=\"og:image:height\" content=\"400\" \/>\n\t<meta property=\"og:image:type\" content=\"image\/webp\" \/>\n<meta name=\"author\" content=\"MC\" \/>\n<meta name=\"twitter:card\" content=\"summary_large_image\" \/>\n<meta name=\"twitter:creator\" content=\"@webdo_tn\" \/>\n<meta name=\"twitter:site\" content=\"@webdo_tn\" \/>\n<meta name=\"twitter:label1\" content=\"\u00c9crit par\" \/>\n\t<meta name=\"twitter:data1\" content=\"MC\" \/>\n<script type=\"application\/ld+json\" class=\"yoast-schema-graph\">{\"@context\":\"https:\\\/\\\/schema.org\",\"@graph\":[{\"@type\":\"NewsArticle\",\"@id\":\"https:\\\/\\\/www.webdo.tn\\\/fr\\\/actualite\\\/national\\\/tunisie-mandats-d-amener-contre-mondher-zenaidi-et-rafik-bouchlaka\\\/216802\\\/#article\",\"isPartOf\":{\"@id\":\"https:\\\/\\\/www.webdo.tn\\\/fr\\\/actualite\\\/national\\\/tunisie-mandats-d-amener-contre-mondher-zenaidi-et-rafik-bouchlaka\\\/216802\\\/\"},\"author\":{\"name\":\"MC\",\"@id\":\"https:\\\/\\\/www.webdo.tn\\\/fr\\\/#\\\/schema\\\/person\\\/2c4929cbf5a809e3bd38617c6ce150f6\"},\"headline\":\"Tunisie : Mandats d\u2019amener contre Mondher Zenaidi et Rafik Bouchlaka\",\"datePublished\":\"2024-10-05T08:54:00+00:00\",\"dateModified\":\"2025-05-20T22:14:28+00:00\",\"mainEntityOfPage\":{\"@id\":\"https:\\\/\\\/www.webdo.tn\\\/fr\\\/actualite\\\/national\\\/tunisie-mandats-d-amener-contre-mondher-zenaidi-et-rafik-bouchlaka\\\/216802\\\/\"},\"wordCount\":106,\"commentCount\":0,\"publisher\":{\"@id\":\"https:\\\/\\\/www.webdo.tn\\\/fr\\\/#organization\"},\"image\":{\"@id\":\"https:\\\/\\\/www.webdo.tn\\\/fr\\\/actualite\\\/national\\\/tunisie-mandats-d-amener-contre-mondher-zenaidi-et-rafik-bouchlaka\\\/216802\\\/#primaryimage\"},\"thumbnailUrl\":\"https:\\\/\\\/www.webdo.tn\\\/fr\\\/wp-content\\\/uploads\\\/2024\\\/10\\\/467ef58fc245108d33906a79c97e6f20.webp\",\"keywords\":[\"'Anis Ben Dhaou']\",\"'Thameur Bedida'\",\"mandat d'amener\",\"mondher zenaidi\",\"Rafik Abdessalem\",\"Tunisie\"],\"articleSection\":[\"National\"],\"inLanguage\":\"fr-FR\"},{\"@type\":\"WebPage\",\"@id\":\"https:\\\/\\\/www.webdo.tn\\\/fr\\\/actualite\\\/national\\\/tunisie-mandats-d-amener-contre-mondher-zenaidi-et-rafik-bouchlaka\\\/216802\\\/\",\"url\":\"https:\\\/\\\/www.webdo.tn\\\/fr\\\/actualite\\\/national\\\/tunisie-mandats-d-amener-contre-mondher-zenaidi-et-rafik-bouchlaka\\\/216802\\\/\",\"name\":\"Tunisie : Mandats d\u2019amener contre Mondher Zenaidi et Rafik Bouchlaka\",\"isPartOf\":{\"@id\":\"https:\\\/\\\/www.webdo.tn\\\/fr\\\/#website\"},\"primaryImageOfPage\":{\"@id\":\"https:\\\/\\\/www.webdo.tn\\\/fr\\\/actualite\\\/national\\\/tunisie-mandats-d-amener-contre-mondher-zenaidi-et-rafik-bouchlaka\\\/216802\\\/#primaryimage\"},\"image\":{\"@id\":\"https:\\\/\\\/www.webdo.tn\\\/fr\\\/actualite\\\/national\\\/tunisie-mandats-d-amener-contre-mondher-zenaidi-et-rafik-bouchlaka\\\/216802\\\/#primaryimage\"},\"thumbnailUrl\":\"https:\\\/\\\/www.webdo.tn\\\/fr\\\/wp-content\\\/uploads\\\/2024\\\/10\\\/467ef58fc245108d33906a79c97e6f20.webp\",\"datePublished\":\"2024-10-05T08:54:00+00:00\",\"dateModified\":\"2025-05-20T22:14:28+00:00\",\"description\":\"Des mandats d\u2019amener ont \u00e9t\u00e9 d\u00e9livr\u00e9s par le p\u00f4le de lutte contre le terrorisme, visant quatre personnes, Mondher Zenaidi, Rafik Abdessalem, Anis Ben Dhaou et T...\",\"breadcrumb\":{\"@id\":\"https:\\\/\\\/www.webdo.tn\\\/fr\\\/actualite\\\/national\\\/tunisie-mandats-d-amener-contre-mondher-zenaidi-et-rafik-bouchlaka\\\/216802\\\/#breadcrumb\"},\"inLanguage\":\"fr-FR\",\"potentialAction\":[{\"@type\":\"ReadAction\",\"target\":[\"https:\\\/\\\/www.webdo.tn\\\/fr\\\/actualite\\\/national\\\/tunisie-mandats-d-amener-contre-mondher-zenaidi-et-rafik-bouchlaka\\\/216802\\\/\"]}]},{\"@type\":\"ImageObject\",\"inLanguage\":\"fr-FR\",\"@id\":\"https:\\\/\\\/www.webdo.tn\\\/fr\\\/actualite\\\/national\\\/tunisie-mandats-d-amener-contre-mondher-zenaidi-et-rafik-bouchlaka\\\/216802\\\/#primaryimage\",\"url\":\"https:\\\/\\\/www.webdo.tn\\\/fr\\\/wp-content\\\/uploads\\\/2024\\\/10\\\/467ef58fc245108d33906a79c97e6f20.webp\",\"contentUrl\":\"https:\\\/\\\/www.webdo.tn\\\/fr\\\/wp-content\\\/uploads\\\/2024\\\/10\\\/467ef58fc245108d33906a79c97e6f20.webp\",\"width\":750,\"height\":400,\"caption\":\"Tunisie : Mandats d\u2019amener contre Mondher Zenaidi et Rafik Bouchlaka\"},{\"@type\":\"BreadcrumbList\",\"@id\":\"https:\\\/\\\/www.webdo.tn\\\/fr\\\/actualite\\\/national\\\/tunisie-mandats-d-amener-contre-mondher-zenaidi-et-rafik-bouchlaka\\\/216802\\\/#breadcrumb\",\"itemListElement\":[{\"@type\":\"ListItem\",\"position\":1,\"name\":\"Accueil\",\"item\":\"https:\\\/\\\/www.webdo.tn\\\/fr\\\/\"},{\"@type\":\"ListItem\",\"position\":2,\"name\":\"Tunisie : Mandats d\u2019amener contre Mondher Zenaidi et Rafik Bouchlaka\"}]},{\"@type\":\"WebSite\",\"@id\":\"https:\\\/\\\/www.webdo.tn\\\/fr\\\/#website\",\"url\":\"https:\\\/\\\/www.webdo.tn\\\/fr\\\/\",\"name\":\"webdo\",\"description\":\"Tunisie - News en Tunisie et \u00e0 l&#039;international sur Webdo.tn\",\"publisher\":{\"@id\":\"https:\\\/\\\/www.webdo.tn\\\/fr\\\/#organization\"},\"potentialAction\":[{\"@type\":\"SearchAction\",\"target\":{\"@type\":\"EntryPoint\",\"urlTemplate\":\"https:\\\/\\\/www.webdo.tn\\\/fr\\\/?s={search_term_string}\"},\"query-input\":{\"@type\":\"PropertyValueSpecification\",\"valueRequired\":true,\"valueName\":\"search_term_string\"}}],\"inLanguage\":\"fr-FR\"},{\"@type\":\"Organization\",\"@id\":\"https:\\\/\\\/www.webdo.tn\\\/fr\\\/#organization\",\"name\":\"Webdo\",\"alternateName\":\"Webdo.tn\",\"url\":\"https:\\\/\\\/www.webdo.tn\\\/fr\\\/\",\"logo\":{\"@type\":\"ImageObject\",\"inLanguage\":\"fr-FR\",\"@id\":\"https:\\\/\\\/www.webdo.tn\\\/fr\\\/#\\\/schema\\\/logo\\\/image\\\/\",\"url\":\"https:\\\/\\\/www.webdo.tn\\\/fr\\\/wp-content\\\/uploads\\\/2025\\\/06\\\/Webdo-Tunisie_168377.jpg\",\"contentUrl\":\"https:\\\/\\\/www.webdo.tn\\\/fr\\\/wp-content\\\/uploads\\\/2025\\\/06\\\/Webdo-Tunisie_168377.jpg\",\"width\":301,\"height\":301,\"caption\":\"Webdo\"},\"image\":{\"@id\":\"https:\\\/\\\/www.webdo.tn\\\/fr\\\/#\\\/schema\\\/logo\\\/image\\\/\"},\"sameAs\":[\"https:\\\/\\\/www.facebook.com\\\/webdotn\",\"https:\\\/\\\/x.com\\\/webdo_tn\"],\"description\":\"Webdo est un m\u00e9dia num\u00e9rique tunisien fond\u00e9 en 2010, sp\u00e9cialis\u00e9 dans l\u2019actualit\u00e9 nationale et internationale, l\u2019\u00e9conomie, la soci\u00e9t\u00e9 et les analyses politiques. Le site s\u2019adresse \u00e0 un large public francophone et couvre l\u2019information tunisienne en temps r\u00e9el.\",\"email\":\"redac@webdo.tn\",\"legalName\":\"YNJ SARL\",\"foundingDate\":\"2010-09-06\",\"numberOfEmployees\":{\"@type\":\"QuantitativeValue\",\"minValue\":\"11\",\"maxValue\":\"50\"}},{\"@type\":\"Person\",\"@id\":\"https:\\\/\\\/www.webdo.tn\\\/fr\\\/#\\\/schema\\\/person\\\/2c4929cbf5a809e3bd38617c6ce150f6\",\"name\":\"MC\",\"image\":{\"@type\":\"ImageObject\",\"inLanguage\":\"fr-FR\",\"@id\":\"https:\\\/\\\/secure.gravatar.com\\\/avatar\\\/a545bbb6f84efdd5553dbbc2895e3ca8f1d12c5215e00a041c9670b54aa9b18a?s=96&d=mm&r=g\",\"url\":\"https:\\\/\\\/secure.gravatar.com\\\/avatar\\\/a545bbb6f84efdd5553dbbc2895e3ca8f1d12c5215e00a041c9670b54aa9b18a?s=96&d=mm&r=g\",\"contentUrl\":\"https:\\\/\\\/secure.gravatar.com\\\/avatar\\\/a545bbb6f84efdd5553dbbc2895e3ca8f1d12c5215e00a041c9670b54aa9b18a?s=96&d=mm&r=g\",\"caption\":\"MC\"},\"url\":\"https:\\\/\\\/www.webdo.tn\\\/fr\\\/actualite\\\/author\\\/mc\\\/\"}]}<\/script>\n<!-- \/ Yoast SEO Premium plugin. -->","yoast_head_json":{"title":"Tunisie : Mandats d\u2019amener contre Mondher Zenaidi et Rafik Bouchlaka","description":"Des mandats d\u2019amener ont \u00e9t\u00e9 d\u00e9livr\u00e9s par le p\u00f4le de lutte contre le terrorisme, visant quatre personnes, Mondher Zenaidi, Rafik Abdessalem, Anis Ben Dhaou et T...","canonical":"https:\/\/www.webdo.tn\/fr\/actualite\/national\/tunisie-mandats-d-amener-contre-mondher-zenaidi-et-rafik-bouchlaka\/216802\/","og_locale":"fr_FR","og_type":"article","og_title":"Tunisie : Mandats d\u2019amener contre Mondher Zenaidi et Rafik Bouchlaka","og_description":"Des mandats d\u2019amener ont \u00e9t\u00e9 d\u00e9livr\u00e9s par le p\u00f4le de lutte contre le terrorisme, visant quatre personnes, Mondher Zenaidi, Rafik Abdessalem, Anis Ben Dhaou et T...","og_url":"https:\/\/www.webdo.tn\/fr\/actualite\/national\/tunisie-mandats-d-amener-contre-mondher-zenaidi-et-rafik-bouchlaka\/216802\/","og_site_name":"webdo","article_publisher":"https:\/\/www.facebook.com\/webdotn","article_published_time":"2024-10-05T08:54:00+00:00","article_modified_time":"2025-05-20T22:14:28+00:00","og_image":[{"width":750,"height":400,"url":"https:\/\/www.webdo.tn\/fr\/wp-content\/uploads\/2024\/10\/467ef58fc245108d33906a79c97e6f20.webp","type":"image\/webp"}],"author":"MC","twitter_card":"summary_large_image","twitter_creator":"@webdo_tn","twitter_site":"@webdo_tn","twitter_misc":{"\u00c9crit par":"MC"},"schema":{"@context":"https:\/\/schema.org","@graph":[{"@type":"NewsArticle","@id":"https:\/\/www.webdo.tn\/fr\/actualite\/national\/tunisie-mandats-d-amener-contre-mondher-zenaidi-et-rafik-bouchlaka\/216802\/#article","isPartOf":{"@id":"https:\/\/www.webdo.tn\/fr\/actualite\/national\/tunisie-mandats-d-amener-contre-mondher-zenaidi-et-rafik-bouchlaka\/216802\/"},"author":{"name":"MC","@id":"https:\/\/www.webdo.tn\/fr\/#\/schema\/person\/2c4929cbf5a809e3bd38617c6ce150f6"},"headline":"Tunisie : Mandats d\u2019amener contre Mondher Zenaidi et Rafik Bouchlaka","datePublished":"2024-10-05T08:54:00+00:00","dateModified":"2025-05-20T22:14:28+00:00","mainEntityOfPage":{"@id":"https:\/\/www.webdo.tn\/fr\/actualite\/national\/tunisie-mandats-d-amener-contre-mondher-zenaidi-et-rafik-bouchlaka\/216802\/"},"wordCount":106,"commentCount":0,"publisher":{"@id":"https:\/\/www.webdo.tn\/fr\/#organization"},"image":{"@id":"https:\/\/www.webdo.tn\/fr\/actualite\/national\/tunisie-mandats-d-amener-contre-mondher-zenaidi-et-rafik-bouchlaka\/216802\/#primaryimage"},"thumbnailUrl":"https:\/\/www.webdo.tn\/fr\/wp-content\/uploads\/2024\/10\/467ef58fc245108d33906a79c97e6f20.webp","keywords":["'Anis Ben Dhaou']","'Thameur Bedida'","mandat d'amener","mondher zenaidi","Rafik Abdessalem","Tunisie"],"articleSection":["National"],"inLanguage":"fr-FR"},{"@type":"WebPage","@id":"https:\/\/www.webdo.tn\/fr\/actualite\/national\/tunisie-mandats-d-amener-contre-mondher-zenaidi-et-rafik-bouchlaka\/216802\/","url":"https:\/\/www.webdo.tn\/fr\/actualite\/national\/tunisie-mandats-d-amener-contre-mondher-zenaidi-et-rafik-bouchlaka\/216802\/","name":"Tunisie : Mandats d\u2019amener contre Mondher Zenaidi et Rafik Bouchlaka","isPartOf":{"@id":"https:\/\/www.webdo.tn\/fr\/#website"},"primaryImageOfPage":{"@id":"https:\/\/www.webdo.tn\/fr\/actualite\/national\/tunisie-mandats-d-amener-contre-mondher-zenaidi-et-rafik-bouchlaka\/216802\/#primaryimage"},"image":{"@id":"https:\/\/www.webdo.tn\/fr\/actualite\/national\/tunisie-mandats-d-amener-contre-mondher-zenaidi-et-rafik-bouchlaka\/216802\/#primaryimage"},"thumbnailUrl":"https:\/\/www.webdo.tn\/fr\/wp-content\/uploads\/2024\/10\/467ef58fc245108d33906a79c97e6f20.webp","datePublished":"2024-10-05T08:54:00+00:00","dateModified":"2025-05-20T22:14:28+00:00","description":"Des mandats d\u2019amener ont \u00e9t\u00e9 d\u00e9livr\u00e9s par le p\u00f4le de lutte contre le terrorisme, visant quatre personnes, Mondher Zenaidi, Rafik Abdessalem, Anis Ben Dhaou et T...","breadcrumb":{"@id":"https:\/\/www.webdo.tn\/fr\/actualite\/national\/tunisie-mandats-d-amener-contre-mondher-zenaidi-et-rafik-bouchlaka\/216802\/#breadcrumb"},"inLanguage":"fr-FR","potentialAction":[{"@type":"ReadAction","target":["https:\/\/www.webdo.tn\/fr\/actualite\/national\/tunisie-mandats-d-amener-contre-mondher-zenaidi-et-rafik-bouchlaka\/216802\/"]}]},{"@type":"ImageObject","inLanguage":"fr-FR","@id":"https:\/\/www.webdo.tn\/fr\/actualite\/national\/tunisie-mandats-d-amener-contre-mondher-zenaidi-et-rafik-bouchlaka\/216802\/#primaryimage","url":"https:\/\/www.webdo.tn\/fr\/wp-content\/uploads\/2024\/10\/467ef58fc245108d33906a79c97e6f20.webp","contentUrl":"https:\/\/www.webdo.tn\/fr\/wp-content\/uploads\/2024\/10\/467ef58fc245108d33906a79c97e6f20.webp","width":750,"height":400,"caption":"Tunisie : Mandats d\u2019amener contre Mondher Zenaidi et Rafik Bouchlaka"},{"@type":"BreadcrumbList","@id":"https:\/\/www.webdo.tn\/fr\/actualite\/national\/tunisie-mandats-d-amener-contre-mondher-zenaidi-et-rafik-bouchlaka\/216802\/#breadcrumb","itemListElement":[{"@type":"ListItem","position":1,"name":"Accueil","item":"https:\/\/www.webdo.tn\/fr\/"},{"@type":"ListItem","position":2,"name":"Tunisie : Mandats d\u2019amener contre Mondher Zenaidi et Rafik Bouchlaka"}]},{"@type":"WebSite","@id":"https:\/\/www.webdo.tn\/fr\/#website","url":"https:\/\/www.webdo.tn\/fr\/","name":"webdo","description":"Tunisie - News en Tunisie et \u00e0 l&#039;international sur Webdo.tn","publisher":{"@id":"https:\/\/www.webdo.tn\/fr\/#organization"},"potentialAction":[{"@type":"SearchAction","target":{"@type":"EntryPoint","urlTemplate":"https:\/\/www.webdo.tn\/fr\/?s={search_term_string}"},"query-input":{"@type":"PropertyValueSpecification","valueRequired":true,"valueName":"search_term_string"}}],"inLanguage":"fr-FR"},{"@type":"Organization","@id":"https:\/\/www.webdo.tn\/fr\/#organization","name":"Webdo","alternateName":"Webdo.tn","url":"https:\/\/www.webdo.tn\/fr\/","logo":{"@type":"ImageObject","inLanguage":"fr-FR","@id":"https:\/\/www.webdo.tn\/fr\/#\/schema\/logo\/image\/","url":"https:\/\/www.webdo.tn\/fr\/wp-content\/uploads\/2025\/06\/Webdo-Tunisie_168377.jpg","contentUrl":"https:\/\/www.webdo.tn\/fr\/wp-content\/uploads\/2025\/06\/Webdo-Tunisie_168377.jpg","width":301,"height":301,"caption":"Webdo"},"image":{"@id":"https:\/\/www.webdo.tn\/fr\/#\/schema\/logo\/image\/"},"sameAs":["https:\/\/www.facebook.com\/webdotn","https:\/\/x.com\/webdo_tn"],"description":"Webdo est un m\u00e9dia num\u00e9rique tunisien fond\u00e9 en 2010, sp\u00e9cialis\u00e9 dans l\u2019actualit\u00e9 nationale et internationale, l\u2019\u00e9conomie, la soci\u00e9t\u00e9 et les analyses politiques. Le site s\u2019adresse \u00e0 un large public francophone et couvre l\u2019information tunisienne en temps r\u00e9el.","email":"redac@webdo.tn","legalName":"YNJ SARL","foundingDate":"2010-09-06","numberOfEmployees":{"@type":"QuantitativeValue","minValue":"11","maxValue":"50"}},{"@type":"Person","@id":"https:\/\/www.webdo.tn\/fr\/#\/schema\/person\/2c4929cbf5a809e3bd38617c6ce150f6","name":"MC","image":{"@type":"ImageObject","inLanguage":"fr-FR","@id":"https:\/\/secure.gravatar.com\/avatar\/a545bbb6f84efdd5553dbbc2895e3ca8f1d12c5215e00a041c9670b54aa9b18a?s=96&d=mm&r=g","url":"https:\/\/secure.gravatar.com\/avatar\/a545bbb6f84efdd5553dbbc2895e3ca8f1d12c5215e00a041c9670b54aa9b18a?s=96&d=mm&r=g","contentUrl":"https:\/\/secure.gravatar.com\/avatar\/a545bbb6f84efdd5553dbbc2895e3ca8f1d12c5215e00a041c9670b54aa9b18a?s=96&d=mm&r=g","caption":"MC"},"url":"https:\/\/www.webdo.tn\/fr\/actualite\/author\/mc\/"}]}},"_links":{"self":[{"href":"https:\/\/www.webdo.tn\/fr\/wp-json\/wp\/v2\/posts\/216802","targetHints":{"allow":["GET"]}}],"collection":[{"href":"https:\/\/www.webdo.tn\/fr\/wp-json\/wp\/v2\/posts"}],"about":[{"href":"https:\/\/www.webdo.tn\/fr\/wp-json\/wp\/v2\/types\/post"}],"author":[{"embeddable":true,"href":"https:\/\/www.webdo.tn\/fr\/wp-json\/wp\/v2\/users\/3162"}],"replies":[{"embeddable":true,"href":"https:\/\/www.webdo.tn\/fr\/wp-json\/wp\/v2\/comments?post=216802"}],"version-history":[{"count":0,"href":"https:\/\/www.webdo.tn\/fr\/wp-json\/wp\/v2\/posts\/216802\/revisions"}],"wp:featuredmedia":[{"embeddable":true,"href":"https:\/\/www.webdo.tn\/fr\/wp-json\/wp\/v2\/media\/291146"}],"wp:attachment":[{"href":"https:\/\/www.webdo.tn\/fr\/wp-json\/wp\/v2\/media?parent=216802"}],"wp:term":[{"taxonomy":"category","embeddable":true,"href":"https:\/\/www.webdo.tn\/fr\/wp-json\/wp\/v2\/categories?post=216802"},{"taxonomy":"post_tag","embeddable":true,"href":"https:\/\/www.webdo.tn\/fr\/wp-json\/wp\/v2\/tags?post=216802"}],"curies":[{"name":"wp","href":"https:\/\/api.w.org\/{rel}","templated":true}]}}