{"id":216794,"date":"2024-10-04T19:17:00","date_gmt":"2024-10-04T19:17:00","guid":{"rendered":"https:\/\/www.webdo.tn\/fr\/blog\/sommet-de-la-francophonie-kamel-maddouri-represente-la-tunisie\/216794\/"},"modified":"2025-05-21T09:02:53","modified_gmt":"2025-05-21T09:02:53","slug":"sommet-de-la-francophonie-kamel-maddouri-represente-la-tunisie","status":"publish","type":"post","link":"https:\/\/www.webdo.tn\/fr\/actualite\/international\/sommet-de-la-francophonie-kamel-maddouri-represente-la-tunisie\/216794\/","title":{"rendered":"Sommet de la Francophonie : Kamel Maddouri repr\u00e9sente la Tunisie"},"content":{"rendered":"<p>Le chef du gouvernement, Kamel Maddouri, a prononc\u00e9 ce vendredi 4 octobre 2024, au Ch\u00e2teau de Villers-Cotter\u00eats \u00e0 Paris, le discours de la Tunisie lors de l&rsquo;ouverture du 19\u1d49 Sommet de la Francophonie, au nom du pr\u00e9sident Ka\u00efs Sa\u00efed.<\/p>\n<p>\t\t\t\t\t\t\t\t\tMaddouri a tout d&rsquo;abord transmis les salutations du pr\u00e9sident et exprim\u00e9 sa fiert\u00e9 des r\u00e9sultats obtenus sous la pr\u00e9sidence tunisienne depuis novembre 2022, marqu\u00e9e par le sommet de Djerba, d\u00e9sormais class\u00e9e au patrimoine mondial de l&rsquo;UNESCO.<\/p>\n<p>Maddouri a soulign\u00e9 les progr\u00e8s r\u00e9alis\u00e9s en mati\u00e8re de coop\u00e9ration francophone, notamment dans les domaines de la diversit\u00e9 culturelle, de l\u2019\u00e9galit\u00e9 des sexes, du soutien \u00e0 la jeunesse et du d\u00e9veloppement des partenariats \u00e9conomiques, technologiques et scientifiques. Il a \u00e9galement appel\u00e9 \u00e0 renforcer l&rsquo;entrepreneuriat et la mobilit\u00e9 des jeunes dans l&rsquo;espace francophone.<\/p>\n<p>Abordant les crises au Moyen-Orient, il a condamn\u00e9 fermement la situation \u00e0 Gaza et au Liban, r\u00e9affirmant le soutien de la Tunisie \u00e0 la cause palestinienne. Il a exhort\u00e9 la communaut\u00e9 internationale \u00e0 intervenir pour \u00e9viter une escalade des conflits.<\/p>\n<p>Le chef du gouvernement a conclu en souhaitant plein succ\u00e8s \u00e0 la France dans ses nouvelles fonctions \u00e0 la t\u00eate de l\u2019Organisation internationale de la Francophonie.<\/p>\n","protected":false},"excerpt":{"rendered":"<p>Kamel Maddouri a repr\u00e9sent\u00e9 la Tunisie lors de l&rsquo;ouverture du 19\u1d49 Sommet de la Francophonie \u00e0 Paris, exprimant la fiert\u00e9 des r\u00e9sultats obtenus sous la pr\u00e9sidenc&#8230;<\/p>\n","protected":false},"author":3166,"featured_media":246404,"comment_status":"open","ping_status":"closed","sticky":false,"template":"","format":"standard","meta":{"footnotes":""},"categories":[2598],"tags":[2998,5518,2608],"class_list":["post-216794","post","type-post","status-publish","format-standard","has-post-thumbnail","hentry","category-international","tag-france","tag-sommet-de-la-francophonie","tag-tunisie"],"yoast_head":"<!-- This site is optimized with the Yoast SEO Premium plugin v27.5 (Yoast SEO v27.5) - https:\/\/yoast.com\/product\/yoast-seo-premium-wordpress\/ -->\n<title>Sommet de la Francophonie : Kamel Maddouri repr\u00e9sente la Tunisie<\/title>\n<meta name=\"description\" content=\"Kamel Maddouri a repr\u00e9sent\u00e9 la Tunisie lors de l&#039;ouverture du 19\u1d49 Sommet de la Francophonie \u00e0 Paris, exprimant la fiert\u00e9 des r\u00e9sultats obtenus sous la pr\u00e9sidenc...\" \/>\n<link rel=\"canonical\" href=\"https:\/\/www.webdo.tn\/fr\/actualite\/international\/sommet-de-la-francophonie-kamel-maddouri-represente-la-tunisie\/216794\/\" \/>\n<meta property=\"og:locale\" content=\"fr_FR\" \/>\n<meta property=\"og:type\" content=\"article\" \/>\n<meta property=\"og:title\" content=\"Sommet de la Francophonie : Kamel Maddouri repr\u00e9sente la Tunisie\" \/>\n<meta property=\"og:description\" content=\"Kamel Maddouri a repr\u00e9sent\u00e9 la Tunisie lors de l&#039;ouverture du 19\u1d49 Sommet de la Francophonie \u00e0 Paris, exprimant la fiert\u00e9 des r\u00e9sultats obtenus sous la pr\u00e9sidenc...\" \/>\n<meta property=\"og:url\" content=\"https:\/\/www.webdo.tn\/fr\/actualite\/international\/sommet-de-la-francophonie-kamel-maddouri-represente-la-tunisie\/216794\/\" \/>\n<meta property=\"og:site_name\" content=\"webdo\" \/>\n<meta property=\"article:publisher\" content=\"https:\/\/www.facebook.com\/webdotn\" \/>\n<meta property=\"article:published_time\" content=\"2024-10-04T19:17:00+00:00\" \/>\n<meta property=\"article:modified_time\" content=\"2025-05-21T09:02:53+00:00\" \/>\n<meta property=\"og:image\" content=\"https:\/\/www.webdo.tn\/fr\/wp-content\/uploads\/2024\/10\/5e641bc50d00aa5f9503d05da87650d8.webp\" \/>\n\t<meta property=\"og:image:width\" content=\"750\" \/>\n\t<meta property=\"og:image:height\" content=\"400\" \/>\n\t<meta property=\"og:image:type\" content=\"image\/webp\" \/>\n<meta name=\"author\" content=\"AZ\" \/>\n<meta name=\"twitter:card\" content=\"summary_large_image\" \/>\n<meta name=\"twitter:creator\" content=\"@webdo_tn\" \/>\n<meta name=\"twitter:site\" content=\"@webdo_tn\" \/>\n<meta name=\"twitter:label1\" content=\"\u00c9crit par\" \/>\n\t<meta name=\"twitter:data1\" content=\"AZ\" \/>\n\t<meta name=\"twitter:label2\" content=\"Dur\u00e9e de lecture estim\u00e9e\" \/>\n\t<meta name=\"twitter:data2\" content=\"1 minute\" \/>\n<script type=\"application\/ld+json\" class=\"yoast-schema-graph\">{\"@context\":\"https:\\\/\\\/schema.org\",\"@graph\":[{\"@type\":\"NewsArticle\",\"@id\":\"https:\\\/\\\/www.webdo.tn\\\/fr\\\/actualite\\\/international\\\/sommet-de-la-francophonie-kamel-maddouri-represente-la-tunisie\\\/216794\\\/#article\",\"isPartOf\":{\"@id\":\"https:\\\/\\\/www.webdo.tn\\\/fr\\\/actualite\\\/international\\\/sommet-de-la-francophonie-kamel-maddouri-represente-la-tunisie\\\/216794\\\/\"},\"author\":{\"name\":\"AZ\",\"@id\":\"https:\\\/\\\/www.webdo.tn\\\/fr\\\/#\\\/schema\\\/person\\\/b8a41c04d93287d375510db360906b34\"},\"headline\":\"Sommet de la Francophonie : Kamel Maddouri repr\u00e9sente la Tunisie\",\"datePublished\":\"2024-10-04T19:17:00+00:00\",\"dateModified\":\"2025-05-21T09:02:53+00:00\",\"mainEntityOfPage\":{\"@id\":\"https:\\\/\\\/www.webdo.tn\\\/fr\\\/actualite\\\/international\\\/sommet-de-la-francophonie-kamel-maddouri-represente-la-tunisie\\\/216794\\\/\"},\"wordCount\":218,\"commentCount\":0,\"publisher\":{\"@id\":\"https:\\\/\\\/www.webdo.tn\\\/fr\\\/#organization\"},\"image\":{\"@id\":\"https:\\\/\\\/www.webdo.tn\\\/fr\\\/actualite\\\/international\\\/sommet-de-la-francophonie-kamel-maddouri-represente-la-tunisie\\\/216794\\\/#primaryimage\"},\"thumbnailUrl\":\"https:\\\/\\\/www.webdo.tn\\\/fr\\\/wp-content\\\/uploads\\\/2024\\\/10\\\/5e641bc50d00aa5f9503d05da87650d8.webp\",\"keywords\":[\"france\",\"Sommet de la Francophonie\",\"Tunisie\"],\"articleSection\":[\"International\"],\"inLanguage\":\"fr-FR\"},{\"@type\":\"WebPage\",\"@id\":\"https:\\\/\\\/www.webdo.tn\\\/fr\\\/actualite\\\/international\\\/sommet-de-la-francophonie-kamel-maddouri-represente-la-tunisie\\\/216794\\\/\",\"url\":\"https:\\\/\\\/www.webdo.tn\\\/fr\\\/actualite\\\/international\\\/sommet-de-la-francophonie-kamel-maddouri-represente-la-tunisie\\\/216794\\\/\",\"name\":\"Sommet de la Francophonie : Kamel Maddouri repr\u00e9sente la Tunisie\",\"isPartOf\":{\"@id\":\"https:\\\/\\\/www.webdo.tn\\\/fr\\\/#website\"},\"primaryImageOfPage\":{\"@id\":\"https:\\\/\\\/www.webdo.tn\\\/fr\\\/actualite\\\/international\\\/sommet-de-la-francophonie-kamel-maddouri-represente-la-tunisie\\\/216794\\\/#primaryimage\"},\"image\":{\"@id\":\"https:\\\/\\\/www.webdo.tn\\\/fr\\\/actualite\\\/international\\\/sommet-de-la-francophonie-kamel-maddouri-represente-la-tunisie\\\/216794\\\/#primaryimage\"},\"thumbnailUrl\":\"https:\\\/\\\/www.webdo.tn\\\/fr\\\/wp-content\\\/uploads\\\/2024\\\/10\\\/5e641bc50d00aa5f9503d05da87650d8.webp\",\"datePublished\":\"2024-10-04T19:17:00+00:00\",\"dateModified\":\"2025-05-21T09:02:53+00:00\",\"description\":\"Kamel Maddouri a repr\u00e9sent\u00e9 la Tunisie lors de l'ouverture du 19\u1d49 Sommet de la Francophonie \u00e0 Paris, exprimant la fiert\u00e9 des r\u00e9sultats obtenus sous la pr\u00e9sidenc...\",\"breadcrumb\":{\"@id\":\"https:\\\/\\\/www.webdo.tn\\\/fr\\\/actualite\\\/international\\\/sommet-de-la-francophonie-kamel-maddouri-represente-la-tunisie\\\/216794\\\/#breadcrumb\"},\"inLanguage\":\"fr-FR\",\"potentialAction\":[{\"@type\":\"ReadAction\",\"target\":[\"https:\\\/\\\/www.webdo.tn\\\/fr\\\/actualite\\\/international\\\/sommet-de-la-francophonie-kamel-maddouri-represente-la-tunisie\\\/216794\\\/\"]}]},{\"@type\":\"ImageObject\",\"inLanguage\":\"fr-FR\",\"@id\":\"https:\\\/\\\/www.webdo.tn\\\/fr\\\/actualite\\\/international\\\/sommet-de-la-francophonie-kamel-maddouri-represente-la-tunisie\\\/216794\\\/#primaryimage\",\"url\":\"https:\\\/\\\/www.webdo.tn\\\/fr\\\/wp-content\\\/uploads\\\/2024\\\/10\\\/5e641bc50d00aa5f9503d05da87650d8.webp\",\"contentUrl\":\"https:\\\/\\\/www.webdo.tn\\\/fr\\\/wp-content\\\/uploads\\\/2024\\\/10\\\/5e641bc50d00aa5f9503d05da87650d8.webp\",\"width\":750,\"height\":400,\"caption\":\"Sommet de la Francophonie : Kamel Maddouri repr\u00e9sente la Tunisie\"},{\"@type\":\"BreadcrumbList\",\"@id\":\"https:\\\/\\\/www.webdo.tn\\\/fr\\\/actualite\\\/international\\\/sommet-de-la-francophonie-kamel-maddouri-represente-la-tunisie\\\/216794\\\/#breadcrumb\",\"itemListElement\":[{\"@type\":\"ListItem\",\"position\":1,\"name\":\"Accueil\",\"item\":\"https:\\\/\\\/www.webdo.tn\\\/fr\\\/\"},{\"@type\":\"ListItem\",\"position\":2,\"name\":\"Sommet de la Francophonie : Kamel Maddouri repr\u00e9sente la Tunisie\"}]},{\"@type\":\"WebSite\",\"@id\":\"https:\\\/\\\/www.webdo.tn\\\/fr\\\/#website\",\"url\":\"https:\\\/\\\/www.webdo.tn\\\/fr\\\/\",\"name\":\"webdo\",\"description\":\"Tunisie - News en Tunisie et \u00e0 l&#039;international sur Webdo.tn\",\"publisher\":{\"@id\":\"https:\\\/\\\/www.webdo.tn\\\/fr\\\/#organization\"},\"potentialAction\":[{\"@type\":\"SearchAction\",\"target\":{\"@type\":\"EntryPoint\",\"urlTemplate\":\"https:\\\/\\\/www.webdo.tn\\\/fr\\\/?s={search_term_string}\"},\"query-input\":{\"@type\":\"PropertyValueSpecification\",\"valueRequired\":true,\"valueName\":\"search_term_string\"}}],\"inLanguage\":\"fr-FR\"},{\"@type\":\"Organization\",\"@id\":\"https:\\\/\\\/www.webdo.tn\\\/fr\\\/#organization\",\"name\":\"Webdo\",\"alternateName\":\"Webdo.tn\",\"url\":\"https:\\\/\\\/www.webdo.tn\\\/fr\\\/\",\"logo\":{\"@type\":\"ImageObject\",\"inLanguage\":\"fr-FR\",\"@id\":\"https:\\\/\\\/www.webdo.tn\\\/fr\\\/#\\\/schema\\\/logo\\\/image\\\/\",\"url\":\"https:\\\/\\\/www.webdo.tn\\\/fr\\\/wp-content\\\/uploads\\\/2025\\\/06\\\/Webdo-Tunisie_168377.jpg\",\"contentUrl\":\"https:\\\/\\\/www.webdo.tn\\\/fr\\\/wp-content\\\/uploads\\\/2025\\\/06\\\/Webdo-Tunisie_168377.jpg\",\"width\":301,\"height\":301,\"caption\":\"Webdo\"},\"image\":{\"@id\":\"https:\\\/\\\/www.webdo.tn\\\/fr\\\/#\\\/schema\\\/logo\\\/image\\\/\"},\"sameAs\":[\"https:\\\/\\\/www.facebook.com\\\/webdotn\",\"https:\\\/\\\/x.com\\\/webdo_tn\"],\"description\":\"Webdo est un m\u00e9dia num\u00e9rique tunisien fond\u00e9 en 2010, sp\u00e9cialis\u00e9 dans l\u2019actualit\u00e9 nationale et internationale, l\u2019\u00e9conomie, la soci\u00e9t\u00e9 et les analyses politiques. Le site s\u2019adresse \u00e0 un large public francophone et couvre l\u2019information tunisienne en temps r\u00e9el.\",\"email\":\"redac@webdo.tn\",\"legalName\":\"YNJ SARL\",\"foundingDate\":\"2010-09-06\",\"numberOfEmployees\":{\"@type\":\"QuantitativeValue\",\"minValue\":\"11\",\"maxValue\":\"50\"}},{\"@type\":\"Person\",\"@id\":\"https:\\\/\\\/www.webdo.tn\\\/fr\\\/#\\\/schema\\\/person\\\/b8a41c04d93287d375510db360906b34\",\"name\":\"AZ\",\"image\":{\"@type\":\"ImageObject\",\"inLanguage\":\"fr-FR\",\"@id\":\"https:\\\/\\\/secure.gravatar.com\\\/avatar\\\/492b80bada79439de4201dce15cd41eece6c277cfdf1b53382073c79105c1f89?s=96&d=mm&r=g\",\"url\":\"https:\\\/\\\/secure.gravatar.com\\\/avatar\\\/492b80bada79439de4201dce15cd41eece6c277cfdf1b53382073c79105c1f89?s=96&d=mm&r=g\",\"contentUrl\":\"https:\\\/\\\/secure.gravatar.com\\\/avatar\\\/492b80bada79439de4201dce15cd41eece6c277cfdf1b53382073c79105c1f89?s=96&d=mm&r=g\",\"caption\":\"AZ\"},\"url\":\"https:\\\/\\\/www.webdo.tn\\\/fr\\\/actualite\\\/author\\\/az\\\/\"}]}<\/script>\n<!-- \/ Yoast SEO Premium plugin. -->","yoast_head_json":{"title":"Sommet de la Francophonie : Kamel Maddouri repr\u00e9sente la Tunisie","description":"Kamel Maddouri a repr\u00e9sent\u00e9 la Tunisie lors de l'ouverture du 19\u1d49 Sommet de la Francophonie \u00e0 Paris, exprimant la fiert\u00e9 des r\u00e9sultats obtenus sous la pr\u00e9sidenc...","canonical":"https:\/\/www.webdo.tn\/fr\/actualite\/international\/sommet-de-la-francophonie-kamel-maddouri-represente-la-tunisie\/216794\/","og_locale":"fr_FR","og_type":"article","og_title":"Sommet de la Francophonie : Kamel Maddouri repr\u00e9sente la Tunisie","og_description":"Kamel Maddouri a repr\u00e9sent\u00e9 la Tunisie lors de l'ouverture du 19\u1d49 Sommet de la Francophonie \u00e0 Paris, exprimant la fiert\u00e9 des r\u00e9sultats obtenus sous la pr\u00e9sidenc...","og_url":"https:\/\/www.webdo.tn\/fr\/actualite\/international\/sommet-de-la-francophonie-kamel-maddouri-represente-la-tunisie\/216794\/","og_site_name":"webdo","article_publisher":"https:\/\/www.facebook.com\/webdotn","article_published_time":"2024-10-04T19:17:00+00:00","article_modified_time":"2025-05-21T09:02:53+00:00","og_image":[{"width":750,"height":400,"url":"https:\/\/www.webdo.tn\/fr\/wp-content\/uploads\/2024\/10\/5e641bc50d00aa5f9503d05da87650d8.webp","type":"image\/webp"}],"author":"AZ","twitter_card":"summary_large_image","twitter_creator":"@webdo_tn","twitter_site":"@webdo_tn","twitter_misc":{"\u00c9crit par":"AZ","Dur\u00e9e de lecture estim\u00e9e":"1 minute"},"schema":{"@context":"https:\/\/schema.org","@graph":[{"@type":"NewsArticle","@id":"https:\/\/www.webdo.tn\/fr\/actualite\/international\/sommet-de-la-francophonie-kamel-maddouri-represente-la-tunisie\/216794\/#article","isPartOf":{"@id":"https:\/\/www.webdo.tn\/fr\/actualite\/international\/sommet-de-la-francophonie-kamel-maddouri-represente-la-tunisie\/216794\/"},"author":{"name":"AZ","@id":"https:\/\/www.webdo.tn\/fr\/#\/schema\/person\/b8a41c04d93287d375510db360906b34"},"headline":"Sommet de la Francophonie : Kamel Maddouri repr\u00e9sente la Tunisie","datePublished":"2024-10-04T19:17:00+00:00","dateModified":"2025-05-21T09:02:53+00:00","mainEntityOfPage":{"@id":"https:\/\/www.webdo.tn\/fr\/actualite\/international\/sommet-de-la-francophonie-kamel-maddouri-represente-la-tunisie\/216794\/"},"wordCount":218,"commentCount":0,"publisher":{"@id":"https:\/\/www.webdo.tn\/fr\/#organization"},"image":{"@id":"https:\/\/www.webdo.tn\/fr\/actualite\/international\/sommet-de-la-francophonie-kamel-maddouri-represente-la-tunisie\/216794\/#primaryimage"},"thumbnailUrl":"https:\/\/www.webdo.tn\/fr\/wp-content\/uploads\/2024\/10\/5e641bc50d00aa5f9503d05da87650d8.webp","keywords":["france","Sommet de la Francophonie","Tunisie"],"articleSection":["International"],"inLanguage":"fr-FR"},{"@type":"WebPage","@id":"https:\/\/www.webdo.tn\/fr\/actualite\/international\/sommet-de-la-francophonie-kamel-maddouri-represente-la-tunisie\/216794\/","url":"https:\/\/www.webdo.tn\/fr\/actualite\/international\/sommet-de-la-francophonie-kamel-maddouri-represente-la-tunisie\/216794\/","name":"Sommet de la Francophonie : Kamel Maddouri repr\u00e9sente la Tunisie","isPartOf":{"@id":"https:\/\/www.webdo.tn\/fr\/#website"},"primaryImageOfPage":{"@id":"https:\/\/www.webdo.tn\/fr\/actualite\/international\/sommet-de-la-francophonie-kamel-maddouri-represente-la-tunisie\/216794\/#primaryimage"},"image":{"@id":"https:\/\/www.webdo.tn\/fr\/actualite\/international\/sommet-de-la-francophonie-kamel-maddouri-represente-la-tunisie\/216794\/#primaryimage"},"thumbnailUrl":"https:\/\/www.webdo.tn\/fr\/wp-content\/uploads\/2024\/10\/5e641bc50d00aa5f9503d05da87650d8.webp","datePublished":"2024-10-04T19:17:00+00:00","dateModified":"2025-05-21T09:02:53+00:00","description":"Kamel Maddouri a repr\u00e9sent\u00e9 la Tunisie lors de l'ouverture du 19\u1d49 Sommet de la Francophonie \u00e0 Paris, exprimant la fiert\u00e9 des r\u00e9sultats obtenus sous la pr\u00e9sidenc...","breadcrumb":{"@id":"https:\/\/www.webdo.tn\/fr\/actualite\/international\/sommet-de-la-francophonie-kamel-maddouri-represente-la-tunisie\/216794\/#breadcrumb"},"inLanguage":"fr-FR","potentialAction":[{"@type":"ReadAction","target":["https:\/\/www.webdo.tn\/fr\/actualite\/international\/sommet-de-la-francophonie-kamel-maddouri-represente-la-tunisie\/216794\/"]}]},{"@type":"ImageObject","inLanguage":"fr-FR","@id":"https:\/\/www.webdo.tn\/fr\/actualite\/international\/sommet-de-la-francophonie-kamel-maddouri-represente-la-tunisie\/216794\/#primaryimage","url":"https:\/\/www.webdo.tn\/fr\/wp-content\/uploads\/2024\/10\/5e641bc50d00aa5f9503d05da87650d8.webp","contentUrl":"https:\/\/www.webdo.tn\/fr\/wp-content\/uploads\/2024\/10\/5e641bc50d00aa5f9503d05da87650d8.webp","width":750,"height":400,"caption":"Sommet de la Francophonie : Kamel Maddouri repr\u00e9sente la Tunisie"},{"@type":"BreadcrumbList","@id":"https:\/\/www.webdo.tn\/fr\/actualite\/international\/sommet-de-la-francophonie-kamel-maddouri-represente-la-tunisie\/216794\/#breadcrumb","itemListElement":[{"@type":"ListItem","position":1,"name":"Accueil","item":"https:\/\/www.webdo.tn\/fr\/"},{"@type":"ListItem","position":2,"name":"Sommet de la Francophonie : Kamel Maddouri repr\u00e9sente la Tunisie"}]},{"@type":"WebSite","@id":"https:\/\/www.webdo.tn\/fr\/#website","url":"https:\/\/www.webdo.tn\/fr\/","name":"webdo","description":"Tunisie - News en Tunisie et \u00e0 l&#039;international sur Webdo.tn","publisher":{"@id":"https:\/\/www.webdo.tn\/fr\/#organization"},"potentialAction":[{"@type":"SearchAction","target":{"@type":"EntryPoint","urlTemplate":"https:\/\/www.webdo.tn\/fr\/?s={search_term_string}"},"query-input":{"@type":"PropertyValueSpecification","valueRequired":true,"valueName":"search_term_string"}}],"inLanguage":"fr-FR"},{"@type":"Organization","@id":"https:\/\/www.webdo.tn\/fr\/#organization","name":"Webdo","alternateName":"Webdo.tn","url":"https:\/\/www.webdo.tn\/fr\/","logo":{"@type":"ImageObject","inLanguage":"fr-FR","@id":"https:\/\/www.webdo.tn\/fr\/#\/schema\/logo\/image\/","url":"https:\/\/www.webdo.tn\/fr\/wp-content\/uploads\/2025\/06\/Webdo-Tunisie_168377.jpg","contentUrl":"https:\/\/www.webdo.tn\/fr\/wp-content\/uploads\/2025\/06\/Webdo-Tunisie_168377.jpg","width":301,"height":301,"caption":"Webdo"},"image":{"@id":"https:\/\/www.webdo.tn\/fr\/#\/schema\/logo\/image\/"},"sameAs":["https:\/\/www.facebook.com\/webdotn","https:\/\/x.com\/webdo_tn"],"description":"Webdo est un m\u00e9dia num\u00e9rique tunisien fond\u00e9 en 2010, sp\u00e9cialis\u00e9 dans l\u2019actualit\u00e9 nationale et internationale, l\u2019\u00e9conomie, la soci\u00e9t\u00e9 et les analyses politiques. Le site s\u2019adresse \u00e0 un large public francophone et couvre l\u2019information tunisienne en temps r\u00e9el.","email":"redac@webdo.tn","legalName":"YNJ SARL","foundingDate":"2010-09-06","numberOfEmployees":{"@type":"QuantitativeValue","minValue":"11","maxValue":"50"}},{"@type":"Person","@id":"https:\/\/www.webdo.tn\/fr\/#\/schema\/person\/b8a41c04d93287d375510db360906b34","name":"AZ","image":{"@type":"ImageObject","inLanguage":"fr-FR","@id":"https:\/\/secure.gravatar.com\/avatar\/492b80bada79439de4201dce15cd41eece6c277cfdf1b53382073c79105c1f89?s=96&d=mm&r=g","url":"https:\/\/secure.gravatar.com\/avatar\/492b80bada79439de4201dce15cd41eece6c277cfdf1b53382073c79105c1f89?s=96&d=mm&r=g","contentUrl":"https:\/\/secure.gravatar.com\/avatar\/492b80bada79439de4201dce15cd41eece6c277cfdf1b53382073c79105c1f89?s=96&d=mm&r=g","caption":"AZ"},"url":"https:\/\/www.webdo.tn\/fr\/actualite\/author\/az\/"}]}},"_links":{"self":[{"href":"https:\/\/www.webdo.tn\/fr\/wp-json\/wp\/v2\/posts\/216794","targetHints":{"allow":["GET"]}}],"collection":[{"href":"https:\/\/www.webdo.tn\/fr\/wp-json\/wp\/v2\/posts"}],"about":[{"href":"https:\/\/www.webdo.tn\/fr\/wp-json\/wp\/v2\/types\/post"}],"author":[{"embeddable":true,"href":"https:\/\/www.webdo.tn\/fr\/wp-json\/wp\/v2\/users\/3166"}],"replies":[{"embeddable":true,"href":"https:\/\/www.webdo.tn\/fr\/wp-json\/wp\/v2\/comments?post=216794"}],"version-history":[{"count":0,"href":"https:\/\/www.webdo.tn\/fr\/wp-json\/wp\/v2\/posts\/216794\/revisions"}],"wp:featuredmedia":[{"embeddable":true,"href":"https:\/\/www.webdo.tn\/fr\/wp-json\/wp\/v2\/media\/246404"}],"wp:attachment":[{"href":"https:\/\/www.webdo.tn\/fr\/wp-json\/wp\/v2\/media?parent=216794"}],"wp:term":[{"taxonomy":"category","embeddable":true,"href":"https:\/\/www.webdo.tn\/fr\/wp-json\/wp\/v2\/categories?post=216794"},{"taxonomy":"post_tag","embeddable":true,"href":"https:\/\/www.webdo.tn\/fr\/wp-json\/wp\/v2\/tags?post=216794"}],"curies":[{"name":"wp","href":"https:\/\/api.w.org\/{rel}","templated":true}]}}