{"id":216767,"date":"2024-10-03T14:25:00","date_gmt":"2024-10-03T14:25:00","guid":{"rendered":"https:\/\/www.webdo.tn\/fr\/blog\/liban-plus-de-400-tunisiens-en-cours-de-rapatriement-en-tunisie\/216767\/"},"modified":"2025-05-20T21:48:12","modified_gmt":"2025-05-20T21:48:12","slug":"liban-plus-de-400-tunisiens-en-cours-de-rapatriement-en-tunisie","status":"publish","type":"post","link":"https:\/\/www.webdo.tn\/fr\/actualite\/national\/liban-plus-de-400-tunisiens-en-cours-de-rapatriement-en-tunisie\/216767\/","title":{"rendered":"Liban : Plus de 400 Tunisiens en cours de rapatriement en Tunisie"},"content":{"rendered":"<p>Plus de 400 Tunisiens devraient atterrir aujourd\u2019hui \u00e0 Tunis apr\u00e8s leur rapatriement du Liban o\u00f9 ils r\u00e9sidaient.<\/p>\n<p>\t\t\t\t\t\t\t\t\tDeux vols sp\u00e9ciaux en provenance de l&rsquo;A\u00e9roport d\u2019Amman, en Jordanie sont programm\u00e9s ce jeudi 3 octobre et selon Mosaique fm, 223 ressortissants tunisiens au Liban ont \u00e9t\u00e9 rapatri\u00e9s et devraient atterrir incessamment \u00e0 l&rsquo;A\u00e9roport Tunis-Carthage (14h30)<\/p>\n<p>Un second vol avec pr\u00e8s de 200 passagers tunisiens \u00e0 bord, devrait, \u00e9galement, atterrir vers minuit \u00e0 Tunis.<\/p>\n<p>Aujourd\u2019hui, 102 Tunisiens r\u00e9sidant au Liban ont \u00e9t\u00e9 \u00e9vacu\u00e9s vers la Jordanie, en attente de leur rapatriement vers la Tunisie.<\/p>\n<p>L&rsquo;ambassade avait annonc\u00e9 le 29 septembre qu&rsquo;elle organiserait le mardi 1er octobre un \u00ab\u00a0vol sp\u00e9cial\u00a0\u00bb pour le rapatriement de 260 Tunisiens vivant au Liban, qui avaient exprim\u00e9 leur d\u00e9sir de revenir en Tunisie en raison de la situation dangereuse au Liban. Ce vol de rapatriement a \u00e9t\u00e9 report\u00e9 en raison de la situation s\u00e9curitaire qualifi\u00e9e de \u00ab\u00a0dangereuse\u00a0\u00bb.<\/p>\n<p>Ces 260 personnes concern\u00e9es par ce vol font partie d\u2019une liste \u00e9tablie par l\u2019ambassade de Tunisie au Liban. Liste qui comporte 404 demandes de r\u00e9servation, sachant que la s\u00e9lection a \u00e9t\u00e9 faite selon les priorit\u00e9s s\u00e9curitaires, sanitaires et humanitaires.<\/p>\n<p>Rappelons que la communaut\u00e9 tunisienne au Liban est compos\u00e9e d&rsquo;environ 1970 personnes dont un quart sont des enfants mineurs.<\/p>\n","protected":false},"excerpt":{"rendered":"<p>Deux vols sp\u00e9ciaux en provenance de l&rsquo;A\u00e9roport d\u2019Amman, en Jordanie sont programm\u00e9s ce jeudi 3 octobre et selon Mosaique fm, 223 ressortissants tunisiens au Lib&#8230;<\/p>\n","protected":false},"author":3162,"featured_media":246419,"comment_status":"open","ping_status":"closed","sticky":false,"template":"","format":"standard","meta":{"footnotes":""},"categories":[44],"tags":[5539,3920,5538,2608,3317],"class_list":["post-216767","post","type-post","status-publish","format-standard","has-post-thumbnail","hentry","category-national","tag-jordanie","tag-liban","tag-rapatriement","tag-tunisie","tag-tunisiens"],"yoast_head":"<!-- This site is optimized with the Yoast SEO Premium plugin v27.4 (Yoast SEO v27.5) - https:\/\/yoast.com\/product\/yoast-seo-premium-wordpress\/ -->\n<title>Liban : Plus de 400 Tunisiens en cours de rapatriement en Tunisie<\/title>\n<meta name=\"description\" content=\"Deux vols sp\u00e9ciaux en provenance de l&#039;A\u00e9roport d\u2019Amman, en Jordanie sont programm\u00e9s ce jeudi 3 octobre et selon Mosaique fm, 223 ressortissants tunisiens au Lib...\" \/>\n<link rel=\"canonical\" href=\"https:\/\/www.webdo.tn\/fr\/actualite\/national\/liban-plus-de-400-tunisiens-en-cours-de-rapatriement-en-tunisie\/216767\/\" \/>\n<meta property=\"og:locale\" content=\"fr_FR\" \/>\n<meta property=\"og:type\" content=\"article\" \/>\n<meta property=\"og:title\" content=\"Liban : Plus de 400 Tunisiens en cours de rapatriement en Tunisie\" \/>\n<meta property=\"og:description\" content=\"Deux vols sp\u00e9ciaux en provenance de l&#039;A\u00e9roport d\u2019Amman, en Jordanie sont programm\u00e9s ce jeudi 3 octobre et selon Mosaique fm, 223 ressortissants tunisiens au Lib...\" \/>\n<meta property=\"og:url\" content=\"https:\/\/www.webdo.tn\/fr\/actualite\/national\/liban-plus-de-400-tunisiens-en-cours-de-rapatriement-en-tunisie\/216767\/\" \/>\n<meta property=\"og:site_name\" content=\"webdo\" \/>\n<meta property=\"article:publisher\" content=\"https:\/\/www.facebook.com\/webdotn\" \/>\n<meta property=\"article:published_time\" content=\"2024-10-03T14:25:00+00:00\" \/>\n<meta property=\"article:modified_time\" content=\"2025-05-20T21:48:12+00:00\" \/>\n<meta property=\"og:image\" content=\"https:\/\/www.webdo.tn\/fr\/wp-content\/uploads\/2024\/10\/b3de259ab5a1f4b4e047516ff17259ae.webp\" \/>\n\t<meta property=\"og:image:width\" content=\"750\" \/>\n\t<meta property=\"og:image:height\" content=\"400\" \/>\n\t<meta property=\"og:image:type\" content=\"image\/webp\" \/>\n<meta name=\"author\" content=\"MC\" \/>\n<meta name=\"twitter:card\" content=\"summary_large_image\" \/>\n<meta name=\"twitter:creator\" content=\"@webdo_tn\" \/>\n<meta name=\"twitter:site\" content=\"@webdo_tn\" \/>\n<meta name=\"twitter:label1\" content=\"\u00c9crit par\" \/>\n\t<meta name=\"twitter:data1\" content=\"MC\" \/>\n\t<meta name=\"twitter:label2\" content=\"Dur\u00e9e de lecture estim\u00e9e\" \/>\n\t<meta name=\"twitter:data2\" content=\"1 minute\" \/>\n<script type=\"application\/ld+json\" class=\"yoast-schema-graph\">{\"@context\":\"https:\\\/\\\/schema.org\",\"@graph\":[{\"@type\":\"NewsArticle\",\"@id\":\"https:\\\/\\\/www.webdo.tn\\\/fr\\\/actualite\\\/national\\\/liban-plus-de-400-tunisiens-en-cours-de-rapatriement-en-tunisie\\\/216767\\\/#article\",\"isPartOf\":{\"@id\":\"https:\\\/\\\/www.webdo.tn\\\/fr\\\/actualite\\\/national\\\/liban-plus-de-400-tunisiens-en-cours-de-rapatriement-en-tunisie\\\/216767\\\/\"},\"author\":{\"name\":\"MC\",\"@id\":\"https:\\\/\\\/www.webdo.tn\\\/fr\\\/#\\\/schema\\\/person\\\/2c4929cbf5a809e3bd38617c6ce150f6\"},\"headline\":\"Liban : Plus de 400 Tunisiens en cours de rapatriement en Tunisie\",\"datePublished\":\"2024-10-03T14:25:00+00:00\",\"dateModified\":\"2025-05-20T21:48:12+00:00\",\"mainEntityOfPage\":{\"@id\":\"https:\\\/\\\/www.webdo.tn\\\/fr\\\/actualite\\\/national\\\/liban-plus-de-400-tunisiens-en-cours-de-rapatriement-en-tunisie\\\/216767\\\/\"},\"wordCount\":232,\"commentCount\":0,\"publisher\":{\"@id\":\"https:\\\/\\\/www.webdo.tn\\\/fr\\\/#organization\"},\"image\":{\"@id\":\"https:\\\/\\\/www.webdo.tn\\\/fr\\\/actualite\\\/national\\\/liban-plus-de-400-tunisiens-en-cours-de-rapatriement-en-tunisie\\\/216767\\\/#primaryimage\"},\"thumbnailUrl\":\"https:\\\/\\\/www.webdo.tn\\\/fr\\\/wp-content\\\/uploads\\\/2024\\\/10\\\/b3de259ab5a1f4b4e047516ff17259ae.webp\",\"keywords\":[\"Jordanie\",\"liban\",\"rapatriement\",\"Tunisie\",\"Tunisiens\"],\"articleSection\":[\"National\"],\"inLanguage\":\"fr-FR\"},{\"@type\":\"WebPage\",\"@id\":\"https:\\\/\\\/www.webdo.tn\\\/fr\\\/actualite\\\/national\\\/liban-plus-de-400-tunisiens-en-cours-de-rapatriement-en-tunisie\\\/216767\\\/\",\"url\":\"https:\\\/\\\/www.webdo.tn\\\/fr\\\/actualite\\\/national\\\/liban-plus-de-400-tunisiens-en-cours-de-rapatriement-en-tunisie\\\/216767\\\/\",\"name\":\"Liban : Plus de 400 Tunisiens en cours de rapatriement en Tunisie\",\"isPartOf\":{\"@id\":\"https:\\\/\\\/www.webdo.tn\\\/fr\\\/#website\"},\"primaryImageOfPage\":{\"@id\":\"https:\\\/\\\/www.webdo.tn\\\/fr\\\/actualite\\\/national\\\/liban-plus-de-400-tunisiens-en-cours-de-rapatriement-en-tunisie\\\/216767\\\/#primaryimage\"},\"image\":{\"@id\":\"https:\\\/\\\/www.webdo.tn\\\/fr\\\/actualite\\\/national\\\/liban-plus-de-400-tunisiens-en-cours-de-rapatriement-en-tunisie\\\/216767\\\/#primaryimage\"},\"thumbnailUrl\":\"https:\\\/\\\/www.webdo.tn\\\/fr\\\/wp-content\\\/uploads\\\/2024\\\/10\\\/b3de259ab5a1f4b4e047516ff17259ae.webp\",\"datePublished\":\"2024-10-03T14:25:00+00:00\",\"dateModified\":\"2025-05-20T21:48:12+00:00\",\"description\":\"Deux vols sp\u00e9ciaux en provenance de l'A\u00e9roport d\u2019Amman, en Jordanie sont programm\u00e9s ce jeudi 3 octobre et selon Mosaique fm, 223 ressortissants tunisiens au Lib...\",\"breadcrumb\":{\"@id\":\"https:\\\/\\\/www.webdo.tn\\\/fr\\\/actualite\\\/national\\\/liban-plus-de-400-tunisiens-en-cours-de-rapatriement-en-tunisie\\\/216767\\\/#breadcrumb\"},\"inLanguage\":\"fr-FR\",\"potentialAction\":[{\"@type\":\"ReadAction\",\"target\":[\"https:\\\/\\\/www.webdo.tn\\\/fr\\\/actualite\\\/national\\\/liban-plus-de-400-tunisiens-en-cours-de-rapatriement-en-tunisie\\\/216767\\\/\"]}]},{\"@type\":\"ImageObject\",\"inLanguage\":\"fr-FR\",\"@id\":\"https:\\\/\\\/www.webdo.tn\\\/fr\\\/actualite\\\/national\\\/liban-plus-de-400-tunisiens-en-cours-de-rapatriement-en-tunisie\\\/216767\\\/#primaryimage\",\"url\":\"https:\\\/\\\/www.webdo.tn\\\/fr\\\/wp-content\\\/uploads\\\/2024\\\/10\\\/b3de259ab5a1f4b4e047516ff17259ae.webp\",\"contentUrl\":\"https:\\\/\\\/www.webdo.tn\\\/fr\\\/wp-content\\\/uploads\\\/2024\\\/10\\\/b3de259ab5a1f4b4e047516ff17259ae.webp\",\"width\":750,\"height\":400,\"caption\":\"Liban : Plus de 400 Tunisiens en cours de rapatriement en Tunisie\"},{\"@type\":\"BreadcrumbList\",\"@id\":\"https:\\\/\\\/www.webdo.tn\\\/fr\\\/actualite\\\/national\\\/liban-plus-de-400-tunisiens-en-cours-de-rapatriement-en-tunisie\\\/216767\\\/#breadcrumb\",\"itemListElement\":[{\"@type\":\"ListItem\",\"position\":1,\"name\":\"Accueil\",\"item\":\"https:\\\/\\\/www.webdo.tn\\\/fr\\\/\"},{\"@type\":\"ListItem\",\"position\":2,\"name\":\"Liban : Plus de 400 Tunisiens en cours de rapatriement en Tunisie\"}]},{\"@type\":\"WebSite\",\"@id\":\"https:\\\/\\\/www.webdo.tn\\\/fr\\\/#website\",\"url\":\"https:\\\/\\\/www.webdo.tn\\\/fr\\\/\",\"name\":\"webdo\",\"description\":\"Tunisie - News en Tunisie et \u00e0 l&#039;international sur Webdo.tn\",\"publisher\":{\"@id\":\"https:\\\/\\\/www.webdo.tn\\\/fr\\\/#organization\"},\"potentialAction\":[{\"@type\":\"SearchAction\",\"target\":{\"@type\":\"EntryPoint\",\"urlTemplate\":\"https:\\\/\\\/www.webdo.tn\\\/fr\\\/?s={search_term_string}\"},\"query-input\":{\"@type\":\"PropertyValueSpecification\",\"valueRequired\":true,\"valueName\":\"search_term_string\"}}],\"inLanguage\":\"fr-FR\"},{\"@type\":\"Organization\",\"@id\":\"https:\\\/\\\/www.webdo.tn\\\/fr\\\/#organization\",\"name\":\"Webdo\",\"alternateName\":\"Webdo.tn\",\"url\":\"https:\\\/\\\/www.webdo.tn\\\/fr\\\/\",\"logo\":{\"@type\":\"ImageObject\",\"inLanguage\":\"fr-FR\",\"@id\":\"https:\\\/\\\/www.webdo.tn\\\/fr\\\/#\\\/schema\\\/logo\\\/image\\\/\",\"url\":\"https:\\\/\\\/www.webdo.tn\\\/fr\\\/wp-content\\\/uploads\\\/2025\\\/06\\\/Webdo-Tunisie_168377.jpg\",\"contentUrl\":\"https:\\\/\\\/www.webdo.tn\\\/fr\\\/wp-content\\\/uploads\\\/2025\\\/06\\\/Webdo-Tunisie_168377.jpg\",\"width\":301,\"height\":301,\"caption\":\"Webdo\"},\"image\":{\"@id\":\"https:\\\/\\\/www.webdo.tn\\\/fr\\\/#\\\/schema\\\/logo\\\/image\\\/\"},\"sameAs\":[\"https:\\\/\\\/www.facebook.com\\\/webdotn\",\"https:\\\/\\\/x.com\\\/webdo_tn\"],\"description\":\"Webdo est un m\u00e9dia num\u00e9rique tunisien fond\u00e9 en 2010, sp\u00e9cialis\u00e9 dans l\u2019actualit\u00e9 nationale et internationale, l\u2019\u00e9conomie, la soci\u00e9t\u00e9 et les analyses politiques. Le site s\u2019adresse \u00e0 un large public francophone et couvre l\u2019information tunisienne en temps r\u00e9el.\",\"email\":\"redac@webdo.tn\",\"legalName\":\"YNJ SARL\",\"foundingDate\":\"2010-09-06\",\"numberOfEmployees\":{\"@type\":\"QuantitativeValue\",\"minValue\":\"11\",\"maxValue\":\"50\"}},{\"@type\":\"Person\",\"@id\":\"https:\\\/\\\/www.webdo.tn\\\/fr\\\/#\\\/schema\\\/person\\\/2c4929cbf5a809e3bd38617c6ce150f6\",\"name\":\"MC\",\"image\":{\"@type\":\"ImageObject\",\"inLanguage\":\"fr-FR\",\"@id\":\"https:\\\/\\\/secure.gravatar.com\\\/avatar\\\/a545bbb6f84efdd5553dbbc2895e3ca8f1d12c5215e00a041c9670b54aa9b18a?s=96&d=mm&r=g\",\"url\":\"https:\\\/\\\/secure.gravatar.com\\\/avatar\\\/a545bbb6f84efdd5553dbbc2895e3ca8f1d12c5215e00a041c9670b54aa9b18a?s=96&d=mm&r=g\",\"contentUrl\":\"https:\\\/\\\/secure.gravatar.com\\\/avatar\\\/a545bbb6f84efdd5553dbbc2895e3ca8f1d12c5215e00a041c9670b54aa9b18a?s=96&d=mm&r=g\",\"caption\":\"MC\"},\"url\":\"https:\\\/\\\/www.webdo.tn\\\/fr\\\/actualite\\\/author\\\/mc\\\/\"}]}<\/script>\n<!-- \/ Yoast SEO Premium plugin. -->","yoast_head_json":{"title":"Liban : Plus de 400 Tunisiens en cours de rapatriement en Tunisie","description":"Deux vols sp\u00e9ciaux en provenance de l'A\u00e9roport d\u2019Amman, en Jordanie sont programm\u00e9s ce jeudi 3 octobre et selon Mosaique fm, 223 ressortissants tunisiens au Lib...","canonical":"https:\/\/www.webdo.tn\/fr\/actualite\/national\/liban-plus-de-400-tunisiens-en-cours-de-rapatriement-en-tunisie\/216767\/","og_locale":"fr_FR","og_type":"article","og_title":"Liban : Plus de 400 Tunisiens en cours de rapatriement en Tunisie","og_description":"Deux vols sp\u00e9ciaux en provenance de l'A\u00e9roport d\u2019Amman, en Jordanie sont programm\u00e9s ce jeudi 3 octobre et selon Mosaique fm, 223 ressortissants tunisiens au Lib...","og_url":"https:\/\/www.webdo.tn\/fr\/actualite\/national\/liban-plus-de-400-tunisiens-en-cours-de-rapatriement-en-tunisie\/216767\/","og_site_name":"webdo","article_publisher":"https:\/\/www.facebook.com\/webdotn","article_published_time":"2024-10-03T14:25:00+00:00","article_modified_time":"2025-05-20T21:48:12+00:00","og_image":[{"width":750,"height":400,"url":"https:\/\/www.webdo.tn\/fr\/wp-content\/uploads\/2024\/10\/b3de259ab5a1f4b4e047516ff17259ae.webp","type":"image\/webp"}],"author":"MC","twitter_card":"summary_large_image","twitter_creator":"@webdo_tn","twitter_site":"@webdo_tn","twitter_misc":{"\u00c9crit par":"MC","Dur\u00e9e de lecture estim\u00e9e":"1 minute"},"schema":{"@context":"https:\/\/schema.org","@graph":[{"@type":"NewsArticle","@id":"https:\/\/www.webdo.tn\/fr\/actualite\/national\/liban-plus-de-400-tunisiens-en-cours-de-rapatriement-en-tunisie\/216767\/#article","isPartOf":{"@id":"https:\/\/www.webdo.tn\/fr\/actualite\/national\/liban-plus-de-400-tunisiens-en-cours-de-rapatriement-en-tunisie\/216767\/"},"author":{"name":"MC","@id":"https:\/\/www.webdo.tn\/fr\/#\/schema\/person\/2c4929cbf5a809e3bd38617c6ce150f6"},"headline":"Liban : Plus de 400 Tunisiens en cours de rapatriement en Tunisie","datePublished":"2024-10-03T14:25:00+00:00","dateModified":"2025-05-20T21:48:12+00:00","mainEntityOfPage":{"@id":"https:\/\/www.webdo.tn\/fr\/actualite\/national\/liban-plus-de-400-tunisiens-en-cours-de-rapatriement-en-tunisie\/216767\/"},"wordCount":232,"commentCount":0,"publisher":{"@id":"https:\/\/www.webdo.tn\/fr\/#organization"},"image":{"@id":"https:\/\/www.webdo.tn\/fr\/actualite\/national\/liban-plus-de-400-tunisiens-en-cours-de-rapatriement-en-tunisie\/216767\/#primaryimage"},"thumbnailUrl":"https:\/\/www.webdo.tn\/fr\/wp-content\/uploads\/2024\/10\/b3de259ab5a1f4b4e047516ff17259ae.webp","keywords":["Jordanie","liban","rapatriement","Tunisie","Tunisiens"],"articleSection":["National"],"inLanguage":"fr-FR"},{"@type":"WebPage","@id":"https:\/\/www.webdo.tn\/fr\/actualite\/national\/liban-plus-de-400-tunisiens-en-cours-de-rapatriement-en-tunisie\/216767\/","url":"https:\/\/www.webdo.tn\/fr\/actualite\/national\/liban-plus-de-400-tunisiens-en-cours-de-rapatriement-en-tunisie\/216767\/","name":"Liban : Plus de 400 Tunisiens en cours de rapatriement en Tunisie","isPartOf":{"@id":"https:\/\/www.webdo.tn\/fr\/#website"},"primaryImageOfPage":{"@id":"https:\/\/www.webdo.tn\/fr\/actualite\/national\/liban-plus-de-400-tunisiens-en-cours-de-rapatriement-en-tunisie\/216767\/#primaryimage"},"image":{"@id":"https:\/\/www.webdo.tn\/fr\/actualite\/national\/liban-plus-de-400-tunisiens-en-cours-de-rapatriement-en-tunisie\/216767\/#primaryimage"},"thumbnailUrl":"https:\/\/www.webdo.tn\/fr\/wp-content\/uploads\/2024\/10\/b3de259ab5a1f4b4e047516ff17259ae.webp","datePublished":"2024-10-03T14:25:00+00:00","dateModified":"2025-05-20T21:48:12+00:00","description":"Deux vols sp\u00e9ciaux en provenance de l'A\u00e9roport d\u2019Amman, en Jordanie sont programm\u00e9s ce jeudi 3 octobre et selon Mosaique fm, 223 ressortissants tunisiens au Lib...","breadcrumb":{"@id":"https:\/\/www.webdo.tn\/fr\/actualite\/national\/liban-plus-de-400-tunisiens-en-cours-de-rapatriement-en-tunisie\/216767\/#breadcrumb"},"inLanguage":"fr-FR","potentialAction":[{"@type":"ReadAction","target":["https:\/\/www.webdo.tn\/fr\/actualite\/national\/liban-plus-de-400-tunisiens-en-cours-de-rapatriement-en-tunisie\/216767\/"]}]},{"@type":"ImageObject","inLanguage":"fr-FR","@id":"https:\/\/www.webdo.tn\/fr\/actualite\/national\/liban-plus-de-400-tunisiens-en-cours-de-rapatriement-en-tunisie\/216767\/#primaryimage","url":"https:\/\/www.webdo.tn\/fr\/wp-content\/uploads\/2024\/10\/b3de259ab5a1f4b4e047516ff17259ae.webp","contentUrl":"https:\/\/www.webdo.tn\/fr\/wp-content\/uploads\/2024\/10\/b3de259ab5a1f4b4e047516ff17259ae.webp","width":750,"height":400,"caption":"Liban : Plus de 400 Tunisiens en cours de rapatriement en Tunisie"},{"@type":"BreadcrumbList","@id":"https:\/\/www.webdo.tn\/fr\/actualite\/national\/liban-plus-de-400-tunisiens-en-cours-de-rapatriement-en-tunisie\/216767\/#breadcrumb","itemListElement":[{"@type":"ListItem","position":1,"name":"Accueil","item":"https:\/\/www.webdo.tn\/fr\/"},{"@type":"ListItem","position":2,"name":"Liban : Plus de 400 Tunisiens en cours de rapatriement en Tunisie"}]},{"@type":"WebSite","@id":"https:\/\/www.webdo.tn\/fr\/#website","url":"https:\/\/www.webdo.tn\/fr\/","name":"webdo","description":"Tunisie - News en Tunisie et \u00e0 l&#039;international sur Webdo.tn","publisher":{"@id":"https:\/\/www.webdo.tn\/fr\/#organization"},"potentialAction":[{"@type":"SearchAction","target":{"@type":"EntryPoint","urlTemplate":"https:\/\/www.webdo.tn\/fr\/?s={search_term_string}"},"query-input":{"@type":"PropertyValueSpecification","valueRequired":true,"valueName":"search_term_string"}}],"inLanguage":"fr-FR"},{"@type":"Organization","@id":"https:\/\/www.webdo.tn\/fr\/#organization","name":"Webdo","alternateName":"Webdo.tn","url":"https:\/\/www.webdo.tn\/fr\/","logo":{"@type":"ImageObject","inLanguage":"fr-FR","@id":"https:\/\/www.webdo.tn\/fr\/#\/schema\/logo\/image\/","url":"https:\/\/www.webdo.tn\/fr\/wp-content\/uploads\/2025\/06\/Webdo-Tunisie_168377.jpg","contentUrl":"https:\/\/www.webdo.tn\/fr\/wp-content\/uploads\/2025\/06\/Webdo-Tunisie_168377.jpg","width":301,"height":301,"caption":"Webdo"},"image":{"@id":"https:\/\/www.webdo.tn\/fr\/#\/schema\/logo\/image\/"},"sameAs":["https:\/\/www.facebook.com\/webdotn","https:\/\/x.com\/webdo_tn"],"description":"Webdo est un m\u00e9dia num\u00e9rique tunisien fond\u00e9 en 2010, sp\u00e9cialis\u00e9 dans l\u2019actualit\u00e9 nationale et internationale, l\u2019\u00e9conomie, la soci\u00e9t\u00e9 et les analyses politiques. Le site s\u2019adresse \u00e0 un large public francophone et couvre l\u2019information tunisienne en temps r\u00e9el.","email":"redac@webdo.tn","legalName":"YNJ SARL","foundingDate":"2010-09-06","numberOfEmployees":{"@type":"QuantitativeValue","minValue":"11","maxValue":"50"}},{"@type":"Person","@id":"https:\/\/www.webdo.tn\/fr\/#\/schema\/person\/2c4929cbf5a809e3bd38617c6ce150f6","name":"MC","image":{"@type":"ImageObject","inLanguage":"fr-FR","@id":"https:\/\/secure.gravatar.com\/avatar\/a545bbb6f84efdd5553dbbc2895e3ca8f1d12c5215e00a041c9670b54aa9b18a?s=96&d=mm&r=g","url":"https:\/\/secure.gravatar.com\/avatar\/a545bbb6f84efdd5553dbbc2895e3ca8f1d12c5215e00a041c9670b54aa9b18a?s=96&d=mm&r=g","contentUrl":"https:\/\/secure.gravatar.com\/avatar\/a545bbb6f84efdd5553dbbc2895e3ca8f1d12c5215e00a041c9670b54aa9b18a?s=96&d=mm&r=g","caption":"MC"},"url":"https:\/\/www.webdo.tn\/fr\/actualite\/author\/mc\/"}]}},"_links":{"self":[{"href":"https:\/\/www.webdo.tn\/fr\/wp-json\/wp\/v2\/posts\/216767","targetHints":{"allow":["GET"]}}],"collection":[{"href":"https:\/\/www.webdo.tn\/fr\/wp-json\/wp\/v2\/posts"}],"about":[{"href":"https:\/\/www.webdo.tn\/fr\/wp-json\/wp\/v2\/types\/post"}],"author":[{"embeddable":true,"href":"https:\/\/www.webdo.tn\/fr\/wp-json\/wp\/v2\/users\/3162"}],"replies":[{"embeddable":true,"href":"https:\/\/www.webdo.tn\/fr\/wp-json\/wp\/v2\/comments?post=216767"}],"version-history":[{"count":0,"href":"https:\/\/www.webdo.tn\/fr\/wp-json\/wp\/v2\/posts\/216767\/revisions"}],"wp:featuredmedia":[{"embeddable":true,"href":"https:\/\/www.webdo.tn\/fr\/wp-json\/wp\/v2\/media\/246419"}],"wp:attachment":[{"href":"https:\/\/www.webdo.tn\/fr\/wp-json\/wp\/v2\/media?parent=216767"}],"wp:term":[{"taxonomy":"category","embeddable":true,"href":"https:\/\/www.webdo.tn\/fr\/wp-json\/wp\/v2\/categories?post=216767"},{"taxonomy":"post_tag","embeddable":true,"href":"https:\/\/www.webdo.tn\/fr\/wp-json\/wp\/v2\/tags?post=216767"}],"curies":[{"name":"wp","href":"https:\/\/api.w.org\/{rel}","templated":true}]}}