{"id":216755,"date":"2024-10-03T09:40:00","date_gmt":"2024-10-03T09:40:00","guid":{"rendered":"https:\/\/www.webdo.tn\/fr\/blog\/tunisie-dix-ans-de-prison-contre-l-administrateur-de-la-page-facebook-scandale-tv\/216755\/"},"modified":"2025-05-20T21:48:09","modified_gmt":"2025-05-20T21:48:09","slug":"tunisie-dix-ans-de-prison-contre-l-administrateur-de-la-page-facebook-scandale-tv","status":"publish","type":"post","link":"https:\/\/www.webdo.tn\/fr\/actualite\/national\/tunisie-dix-ans-de-prison-contre-l-administrateur-de-la-page-facebook-scandale-tv\/216755\/","title":{"rendered":"Tunisie : Dix ans de prison contre l&rsquo;administrateur de la page Facebook Scandale TV"},"content":{"rendered":"<p>Le porte-parole du tribunal de premi\u00e8re instance de Tunis a annonc\u00e9, mercredi 2 octobre 2024, que la chambre correctionnelle a condamn\u00e9 Anis Ben Dhaou, administrateur de la page \u00ab\u00a0Scandale TV\u00a0\u00bb, \u00e0 deux peines de cinq ans de prison, avec ex\u00e9cution imm\u00e9diate.<\/p>\n<p>\t\t\t\t\t\t\t\t\tCette d\u00e9cision fait suite \u00e0 la diffusion de vid\u00e9os contenant des insultes, des diffamations et des all\u00e9gations mensong\u00e8res \u00e0 l&rsquo;encontre de tierces personnes.<\/p>\n<p>Il a pr\u00e9cis\u00e9 que ces crimes rel\u00e8vent de l&rsquo;utilisation des syst\u00e8mes d&rsquo;information pour propager de fausses informations, ternir la r\u00e9putation d&rsquo;autrui et lui causer du tort, tant sur le plan mat\u00e9riel que moral.<\/p>\n<p>Les accusations incluent \u00e9galement l&rsquo;incitation \u00e0 la violence, la promotion de discours haineux et la diffamation de fonctionnaires publics, le tout sans fournir de preuves.<\/p>\n","protected":false},"excerpt":{"rendered":"<p>D\u00e9couvrez les d\u00e9tails de la condamnation de l&rsquo;administrateur de Scandale TV \u00e0 dix ans de prison pour diffamation et fausses informations.<\/p>\n","protected":false},"author":3162,"featured_media":246409,"comment_status":"open","ping_status":"closed","sticky":false,"template":"","format":"standard","meta":{"footnotes":""},"categories":[44],"tags":[2835,4842,2708,5525],"class_list":["post-216755","post","type-post","status-publish","format-standard","has-post-thumbnail","hentry","category-national","tag-condamnation","tag-diffamation","tag-prison","tag-scandale-tv"],"yoast_head":"<!-- This site is optimized with the Yoast SEO Premium plugin v27.5 (Yoast SEO v27.5) - https:\/\/yoast.com\/product\/yoast-seo-premium-wordpress\/ -->\n<title>Tunisie : Dix ans de prison contre l&#039;administrateur de la page Facebook Scandale TV<\/title>\n<meta name=\"description\" content=\"D\u00e9couvrez les d\u00e9tails de la condamnation de l&#039;administrateur de Scandale TV \u00e0 dix ans de prison pour diffamation et fausses informations.\" \/>\n<link rel=\"canonical\" href=\"https:\/\/www.webdo.tn\/fr\/actualite\/national\/tunisie-dix-ans-de-prison-contre-l-administrateur-de-la-page-facebook-scandale-tv\/216755\/\" \/>\n<meta property=\"og:locale\" content=\"fr_FR\" \/>\n<meta property=\"og:type\" content=\"article\" \/>\n<meta property=\"og:title\" content=\"Tunisie : Dix ans de prison contre l&#039;administrateur de la page Facebook Scandale TV\" \/>\n<meta property=\"og:description\" content=\"D\u00e9couvrez les d\u00e9tails de la condamnation de l&#039;administrateur de Scandale TV \u00e0 dix ans de prison pour diffamation et fausses informations.\" \/>\n<meta property=\"og:url\" content=\"https:\/\/www.webdo.tn\/fr\/actualite\/national\/tunisie-dix-ans-de-prison-contre-l-administrateur-de-la-page-facebook-scandale-tv\/216755\/\" \/>\n<meta property=\"og:site_name\" content=\"webdo\" \/>\n<meta property=\"article:publisher\" content=\"https:\/\/www.facebook.com\/webdotn\" \/>\n<meta property=\"article:published_time\" content=\"2024-10-03T09:40:00+00:00\" \/>\n<meta property=\"article:modified_time\" content=\"2025-05-20T21:48:09+00:00\" \/>\n<meta property=\"og:image\" content=\"https:\/\/www.webdo.tn\/fr\/wp-content\/uploads\/2024\/10\/643ef205e6513efb84f9517e5c83f5ff.webp\" \/>\n\t<meta property=\"og:image:width\" content=\"650\" \/>\n\t<meta property=\"og:image:height\" content=\"347\" \/>\n\t<meta property=\"og:image:type\" content=\"image\/webp\" \/>\n<meta name=\"author\" content=\"MC\" \/>\n<meta name=\"twitter:card\" content=\"summary_large_image\" \/>\n<meta name=\"twitter:creator\" content=\"@webdo_tn\" \/>\n<meta name=\"twitter:site\" content=\"@webdo_tn\" \/>\n<meta name=\"twitter:label1\" content=\"\u00c9crit par\" \/>\n\t<meta name=\"twitter:data1\" content=\"MC\" \/>\n\t<meta name=\"twitter:label2\" content=\"Dur\u00e9e de lecture estim\u00e9e\" \/>\n\t<meta name=\"twitter:data2\" content=\"1 minute\" \/>\n<script type=\"application\/ld+json\" class=\"yoast-schema-graph\">{\"@context\":\"https:\\\/\\\/schema.org\",\"@graph\":[{\"@type\":\"NewsArticle\",\"@id\":\"https:\\\/\\\/www.webdo.tn\\\/fr\\\/actualite\\\/national\\\/tunisie-dix-ans-de-prison-contre-l-administrateur-de-la-page-facebook-scandale-tv\\\/216755\\\/#article\",\"isPartOf\":{\"@id\":\"https:\\\/\\\/www.webdo.tn\\\/fr\\\/actualite\\\/national\\\/tunisie-dix-ans-de-prison-contre-l-administrateur-de-la-page-facebook-scandale-tv\\\/216755\\\/\"},\"author\":{\"name\":\"MC\",\"@id\":\"https:\\\/\\\/www.webdo.tn\\\/fr\\\/#\\\/schema\\\/person\\\/2c4929cbf5a809e3bd38617c6ce150f6\"},\"headline\":\"Tunisie : Dix ans de prison contre l&rsquo;administrateur de la page Facebook Scandale TV\",\"datePublished\":\"2024-10-03T09:40:00+00:00\",\"dateModified\":\"2025-05-20T21:48:09+00:00\",\"mainEntityOfPage\":{\"@id\":\"https:\\\/\\\/www.webdo.tn\\\/fr\\\/actualite\\\/national\\\/tunisie-dix-ans-de-prison-contre-l-administrateur-de-la-page-facebook-scandale-tv\\\/216755\\\/\"},\"wordCount\":147,\"commentCount\":0,\"publisher\":{\"@id\":\"https:\\\/\\\/www.webdo.tn\\\/fr\\\/#organization\"},\"image\":{\"@id\":\"https:\\\/\\\/www.webdo.tn\\\/fr\\\/actualite\\\/national\\\/tunisie-dix-ans-de-prison-contre-l-administrateur-de-la-page-facebook-scandale-tv\\\/216755\\\/#primaryimage\"},\"thumbnailUrl\":\"https:\\\/\\\/www.webdo.tn\\\/fr\\\/wp-content\\\/uploads\\\/2024\\\/10\\\/643ef205e6513efb84f9517e5c83f5ff.webp\",\"keywords\":[\"condamnation\",\"diffamation\",\"Prison\",\"Scandale TV\"],\"articleSection\":[\"National\"],\"inLanguage\":\"fr-FR\"},{\"@type\":\"WebPage\",\"@id\":\"https:\\\/\\\/www.webdo.tn\\\/fr\\\/actualite\\\/national\\\/tunisie-dix-ans-de-prison-contre-l-administrateur-de-la-page-facebook-scandale-tv\\\/216755\\\/\",\"url\":\"https:\\\/\\\/www.webdo.tn\\\/fr\\\/actualite\\\/national\\\/tunisie-dix-ans-de-prison-contre-l-administrateur-de-la-page-facebook-scandale-tv\\\/216755\\\/\",\"name\":\"Tunisie : Dix ans de prison contre l'administrateur de la page Facebook Scandale TV\",\"isPartOf\":{\"@id\":\"https:\\\/\\\/www.webdo.tn\\\/fr\\\/#website\"},\"primaryImageOfPage\":{\"@id\":\"https:\\\/\\\/www.webdo.tn\\\/fr\\\/actualite\\\/national\\\/tunisie-dix-ans-de-prison-contre-l-administrateur-de-la-page-facebook-scandale-tv\\\/216755\\\/#primaryimage\"},\"image\":{\"@id\":\"https:\\\/\\\/www.webdo.tn\\\/fr\\\/actualite\\\/national\\\/tunisie-dix-ans-de-prison-contre-l-administrateur-de-la-page-facebook-scandale-tv\\\/216755\\\/#primaryimage\"},\"thumbnailUrl\":\"https:\\\/\\\/www.webdo.tn\\\/fr\\\/wp-content\\\/uploads\\\/2024\\\/10\\\/643ef205e6513efb84f9517e5c83f5ff.webp\",\"datePublished\":\"2024-10-03T09:40:00+00:00\",\"dateModified\":\"2025-05-20T21:48:09+00:00\",\"description\":\"D\u00e9couvrez les d\u00e9tails de la condamnation de l'administrateur de Scandale TV \u00e0 dix ans de prison pour diffamation et fausses informations.\",\"breadcrumb\":{\"@id\":\"https:\\\/\\\/www.webdo.tn\\\/fr\\\/actualite\\\/national\\\/tunisie-dix-ans-de-prison-contre-l-administrateur-de-la-page-facebook-scandale-tv\\\/216755\\\/#breadcrumb\"},\"inLanguage\":\"fr-FR\",\"potentialAction\":[{\"@type\":\"ReadAction\",\"target\":[\"https:\\\/\\\/www.webdo.tn\\\/fr\\\/actualite\\\/national\\\/tunisie-dix-ans-de-prison-contre-l-administrateur-de-la-page-facebook-scandale-tv\\\/216755\\\/\"]}]},{\"@type\":\"ImageObject\",\"inLanguage\":\"fr-FR\",\"@id\":\"https:\\\/\\\/www.webdo.tn\\\/fr\\\/actualite\\\/national\\\/tunisie-dix-ans-de-prison-contre-l-administrateur-de-la-page-facebook-scandale-tv\\\/216755\\\/#primaryimage\",\"url\":\"https:\\\/\\\/www.webdo.tn\\\/fr\\\/wp-content\\\/uploads\\\/2024\\\/10\\\/643ef205e6513efb84f9517e5c83f5ff.webp\",\"contentUrl\":\"https:\\\/\\\/www.webdo.tn\\\/fr\\\/wp-content\\\/uploads\\\/2024\\\/10\\\/643ef205e6513efb84f9517e5c83f5ff.webp\",\"width\":650,\"height\":347,\"caption\":\"Tunisie : Dix ans de prison contre l'administrateur de la page Facebook Scandale TV\"},{\"@type\":\"BreadcrumbList\",\"@id\":\"https:\\\/\\\/www.webdo.tn\\\/fr\\\/actualite\\\/national\\\/tunisie-dix-ans-de-prison-contre-l-administrateur-de-la-page-facebook-scandale-tv\\\/216755\\\/#breadcrumb\",\"itemListElement\":[{\"@type\":\"ListItem\",\"position\":1,\"name\":\"Accueil\",\"item\":\"https:\\\/\\\/www.webdo.tn\\\/fr\\\/\"},{\"@type\":\"ListItem\",\"position\":2,\"name\":\"Tunisie : Dix ans de prison contre l&#8217;administrateur de la page Facebook Scandale TV\"}]},{\"@type\":\"WebSite\",\"@id\":\"https:\\\/\\\/www.webdo.tn\\\/fr\\\/#website\",\"url\":\"https:\\\/\\\/www.webdo.tn\\\/fr\\\/\",\"name\":\"webdo\",\"description\":\"Tunisie - News en Tunisie et \u00e0 l&#039;international sur Webdo.tn\",\"publisher\":{\"@id\":\"https:\\\/\\\/www.webdo.tn\\\/fr\\\/#organization\"},\"potentialAction\":[{\"@type\":\"SearchAction\",\"target\":{\"@type\":\"EntryPoint\",\"urlTemplate\":\"https:\\\/\\\/www.webdo.tn\\\/fr\\\/?s={search_term_string}\"},\"query-input\":{\"@type\":\"PropertyValueSpecification\",\"valueRequired\":true,\"valueName\":\"search_term_string\"}}],\"inLanguage\":\"fr-FR\"},{\"@type\":\"Organization\",\"@id\":\"https:\\\/\\\/www.webdo.tn\\\/fr\\\/#organization\",\"name\":\"Webdo\",\"alternateName\":\"Webdo.tn\",\"url\":\"https:\\\/\\\/www.webdo.tn\\\/fr\\\/\",\"logo\":{\"@type\":\"ImageObject\",\"inLanguage\":\"fr-FR\",\"@id\":\"https:\\\/\\\/www.webdo.tn\\\/fr\\\/#\\\/schema\\\/logo\\\/image\\\/\",\"url\":\"https:\\\/\\\/www.webdo.tn\\\/fr\\\/wp-content\\\/uploads\\\/2025\\\/06\\\/Webdo-Tunisie_168377.jpg\",\"contentUrl\":\"https:\\\/\\\/www.webdo.tn\\\/fr\\\/wp-content\\\/uploads\\\/2025\\\/06\\\/Webdo-Tunisie_168377.jpg\",\"width\":301,\"height\":301,\"caption\":\"Webdo\"},\"image\":{\"@id\":\"https:\\\/\\\/www.webdo.tn\\\/fr\\\/#\\\/schema\\\/logo\\\/image\\\/\"},\"sameAs\":[\"https:\\\/\\\/www.facebook.com\\\/webdotn\",\"https:\\\/\\\/x.com\\\/webdo_tn\"],\"description\":\"Webdo est un m\u00e9dia num\u00e9rique tunisien fond\u00e9 en 2010, sp\u00e9cialis\u00e9 dans l\u2019actualit\u00e9 nationale et internationale, l\u2019\u00e9conomie, la soci\u00e9t\u00e9 et les analyses politiques. Le site s\u2019adresse \u00e0 un large public francophone et couvre l\u2019information tunisienne en temps r\u00e9el.\",\"email\":\"redac@webdo.tn\",\"legalName\":\"YNJ SARL\",\"foundingDate\":\"2010-09-06\",\"numberOfEmployees\":{\"@type\":\"QuantitativeValue\",\"minValue\":\"11\",\"maxValue\":\"50\"}},{\"@type\":\"Person\",\"@id\":\"https:\\\/\\\/www.webdo.tn\\\/fr\\\/#\\\/schema\\\/person\\\/2c4929cbf5a809e3bd38617c6ce150f6\",\"name\":\"MC\",\"image\":{\"@type\":\"ImageObject\",\"inLanguage\":\"fr-FR\",\"@id\":\"https:\\\/\\\/secure.gravatar.com\\\/avatar\\\/a545bbb6f84efdd5553dbbc2895e3ca8f1d12c5215e00a041c9670b54aa9b18a?s=96&d=mm&r=g\",\"url\":\"https:\\\/\\\/secure.gravatar.com\\\/avatar\\\/a545bbb6f84efdd5553dbbc2895e3ca8f1d12c5215e00a041c9670b54aa9b18a?s=96&d=mm&r=g\",\"contentUrl\":\"https:\\\/\\\/secure.gravatar.com\\\/avatar\\\/a545bbb6f84efdd5553dbbc2895e3ca8f1d12c5215e00a041c9670b54aa9b18a?s=96&d=mm&r=g\",\"caption\":\"MC\"},\"url\":\"https:\\\/\\\/www.webdo.tn\\\/fr\\\/actualite\\\/author\\\/mc\\\/\"}]}<\/script>\n<!-- \/ Yoast SEO Premium plugin. -->","yoast_head_json":{"title":"Tunisie : Dix ans de prison contre l'administrateur de la page Facebook Scandale TV","description":"D\u00e9couvrez les d\u00e9tails de la condamnation de l'administrateur de Scandale TV \u00e0 dix ans de prison pour diffamation et fausses informations.","canonical":"https:\/\/www.webdo.tn\/fr\/actualite\/national\/tunisie-dix-ans-de-prison-contre-l-administrateur-de-la-page-facebook-scandale-tv\/216755\/","og_locale":"fr_FR","og_type":"article","og_title":"Tunisie : Dix ans de prison contre l'administrateur de la page Facebook Scandale TV","og_description":"D\u00e9couvrez les d\u00e9tails de la condamnation de l'administrateur de Scandale TV \u00e0 dix ans de prison pour diffamation et fausses informations.","og_url":"https:\/\/www.webdo.tn\/fr\/actualite\/national\/tunisie-dix-ans-de-prison-contre-l-administrateur-de-la-page-facebook-scandale-tv\/216755\/","og_site_name":"webdo","article_publisher":"https:\/\/www.facebook.com\/webdotn","article_published_time":"2024-10-03T09:40:00+00:00","article_modified_time":"2025-05-20T21:48:09+00:00","og_image":[{"width":650,"height":347,"url":"https:\/\/www.webdo.tn\/fr\/wp-content\/uploads\/2024\/10\/643ef205e6513efb84f9517e5c83f5ff.webp","type":"image\/webp"}],"author":"MC","twitter_card":"summary_large_image","twitter_creator":"@webdo_tn","twitter_site":"@webdo_tn","twitter_misc":{"\u00c9crit par":"MC","Dur\u00e9e de lecture estim\u00e9e":"1 minute"},"schema":{"@context":"https:\/\/schema.org","@graph":[{"@type":"NewsArticle","@id":"https:\/\/www.webdo.tn\/fr\/actualite\/national\/tunisie-dix-ans-de-prison-contre-l-administrateur-de-la-page-facebook-scandale-tv\/216755\/#article","isPartOf":{"@id":"https:\/\/www.webdo.tn\/fr\/actualite\/national\/tunisie-dix-ans-de-prison-contre-l-administrateur-de-la-page-facebook-scandale-tv\/216755\/"},"author":{"name":"MC","@id":"https:\/\/www.webdo.tn\/fr\/#\/schema\/person\/2c4929cbf5a809e3bd38617c6ce150f6"},"headline":"Tunisie : Dix ans de prison contre l&rsquo;administrateur de la page Facebook Scandale TV","datePublished":"2024-10-03T09:40:00+00:00","dateModified":"2025-05-20T21:48:09+00:00","mainEntityOfPage":{"@id":"https:\/\/www.webdo.tn\/fr\/actualite\/national\/tunisie-dix-ans-de-prison-contre-l-administrateur-de-la-page-facebook-scandale-tv\/216755\/"},"wordCount":147,"commentCount":0,"publisher":{"@id":"https:\/\/www.webdo.tn\/fr\/#organization"},"image":{"@id":"https:\/\/www.webdo.tn\/fr\/actualite\/national\/tunisie-dix-ans-de-prison-contre-l-administrateur-de-la-page-facebook-scandale-tv\/216755\/#primaryimage"},"thumbnailUrl":"https:\/\/www.webdo.tn\/fr\/wp-content\/uploads\/2024\/10\/643ef205e6513efb84f9517e5c83f5ff.webp","keywords":["condamnation","diffamation","Prison","Scandale TV"],"articleSection":["National"],"inLanguage":"fr-FR"},{"@type":"WebPage","@id":"https:\/\/www.webdo.tn\/fr\/actualite\/national\/tunisie-dix-ans-de-prison-contre-l-administrateur-de-la-page-facebook-scandale-tv\/216755\/","url":"https:\/\/www.webdo.tn\/fr\/actualite\/national\/tunisie-dix-ans-de-prison-contre-l-administrateur-de-la-page-facebook-scandale-tv\/216755\/","name":"Tunisie : Dix ans de prison contre l'administrateur de la page Facebook Scandale TV","isPartOf":{"@id":"https:\/\/www.webdo.tn\/fr\/#website"},"primaryImageOfPage":{"@id":"https:\/\/www.webdo.tn\/fr\/actualite\/national\/tunisie-dix-ans-de-prison-contre-l-administrateur-de-la-page-facebook-scandale-tv\/216755\/#primaryimage"},"image":{"@id":"https:\/\/www.webdo.tn\/fr\/actualite\/national\/tunisie-dix-ans-de-prison-contre-l-administrateur-de-la-page-facebook-scandale-tv\/216755\/#primaryimage"},"thumbnailUrl":"https:\/\/www.webdo.tn\/fr\/wp-content\/uploads\/2024\/10\/643ef205e6513efb84f9517e5c83f5ff.webp","datePublished":"2024-10-03T09:40:00+00:00","dateModified":"2025-05-20T21:48:09+00:00","description":"D\u00e9couvrez les d\u00e9tails de la condamnation de l'administrateur de Scandale TV \u00e0 dix ans de prison pour diffamation et fausses informations.","breadcrumb":{"@id":"https:\/\/www.webdo.tn\/fr\/actualite\/national\/tunisie-dix-ans-de-prison-contre-l-administrateur-de-la-page-facebook-scandale-tv\/216755\/#breadcrumb"},"inLanguage":"fr-FR","potentialAction":[{"@type":"ReadAction","target":["https:\/\/www.webdo.tn\/fr\/actualite\/national\/tunisie-dix-ans-de-prison-contre-l-administrateur-de-la-page-facebook-scandale-tv\/216755\/"]}]},{"@type":"ImageObject","inLanguage":"fr-FR","@id":"https:\/\/www.webdo.tn\/fr\/actualite\/national\/tunisie-dix-ans-de-prison-contre-l-administrateur-de-la-page-facebook-scandale-tv\/216755\/#primaryimage","url":"https:\/\/www.webdo.tn\/fr\/wp-content\/uploads\/2024\/10\/643ef205e6513efb84f9517e5c83f5ff.webp","contentUrl":"https:\/\/www.webdo.tn\/fr\/wp-content\/uploads\/2024\/10\/643ef205e6513efb84f9517e5c83f5ff.webp","width":650,"height":347,"caption":"Tunisie : Dix ans de prison contre l'administrateur de la page Facebook Scandale TV"},{"@type":"BreadcrumbList","@id":"https:\/\/www.webdo.tn\/fr\/actualite\/national\/tunisie-dix-ans-de-prison-contre-l-administrateur-de-la-page-facebook-scandale-tv\/216755\/#breadcrumb","itemListElement":[{"@type":"ListItem","position":1,"name":"Accueil","item":"https:\/\/www.webdo.tn\/fr\/"},{"@type":"ListItem","position":2,"name":"Tunisie : Dix ans de prison contre l&#8217;administrateur de la page Facebook Scandale TV"}]},{"@type":"WebSite","@id":"https:\/\/www.webdo.tn\/fr\/#website","url":"https:\/\/www.webdo.tn\/fr\/","name":"webdo","description":"Tunisie - News en Tunisie et \u00e0 l&#039;international sur Webdo.tn","publisher":{"@id":"https:\/\/www.webdo.tn\/fr\/#organization"},"potentialAction":[{"@type":"SearchAction","target":{"@type":"EntryPoint","urlTemplate":"https:\/\/www.webdo.tn\/fr\/?s={search_term_string}"},"query-input":{"@type":"PropertyValueSpecification","valueRequired":true,"valueName":"search_term_string"}}],"inLanguage":"fr-FR"},{"@type":"Organization","@id":"https:\/\/www.webdo.tn\/fr\/#organization","name":"Webdo","alternateName":"Webdo.tn","url":"https:\/\/www.webdo.tn\/fr\/","logo":{"@type":"ImageObject","inLanguage":"fr-FR","@id":"https:\/\/www.webdo.tn\/fr\/#\/schema\/logo\/image\/","url":"https:\/\/www.webdo.tn\/fr\/wp-content\/uploads\/2025\/06\/Webdo-Tunisie_168377.jpg","contentUrl":"https:\/\/www.webdo.tn\/fr\/wp-content\/uploads\/2025\/06\/Webdo-Tunisie_168377.jpg","width":301,"height":301,"caption":"Webdo"},"image":{"@id":"https:\/\/www.webdo.tn\/fr\/#\/schema\/logo\/image\/"},"sameAs":["https:\/\/www.facebook.com\/webdotn","https:\/\/x.com\/webdo_tn"],"description":"Webdo est un m\u00e9dia num\u00e9rique tunisien fond\u00e9 en 2010, sp\u00e9cialis\u00e9 dans l\u2019actualit\u00e9 nationale et internationale, l\u2019\u00e9conomie, la soci\u00e9t\u00e9 et les analyses politiques. Le site s\u2019adresse \u00e0 un large public francophone et couvre l\u2019information tunisienne en temps r\u00e9el.","email":"redac@webdo.tn","legalName":"YNJ SARL","foundingDate":"2010-09-06","numberOfEmployees":{"@type":"QuantitativeValue","minValue":"11","maxValue":"50"}},{"@type":"Person","@id":"https:\/\/www.webdo.tn\/fr\/#\/schema\/person\/2c4929cbf5a809e3bd38617c6ce150f6","name":"MC","image":{"@type":"ImageObject","inLanguage":"fr-FR","@id":"https:\/\/secure.gravatar.com\/avatar\/a545bbb6f84efdd5553dbbc2895e3ca8f1d12c5215e00a041c9670b54aa9b18a?s=96&d=mm&r=g","url":"https:\/\/secure.gravatar.com\/avatar\/a545bbb6f84efdd5553dbbc2895e3ca8f1d12c5215e00a041c9670b54aa9b18a?s=96&d=mm&r=g","contentUrl":"https:\/\/secure.gravatar.com\/avatar\/a545bbb6f84efdd5553dbbc2895e3ca8f1d12c5215e00a041c9670b54aa9b18a?s=96&d=mm&r=g","caption":"MC"},"url":"https:\/\/www.webdo.tn\/fr\/actualite\/author\/mc\/"}]}},"_links":{"self":[{"href":"https:\/\/www.webdo.tn\/fr\/wp-json\/wp\/v2\/posts\/216755","targetHints":{"allow":["GET"]}}],"collection":[{"href":"https:\/\/www.webdo.tn\/fr\/wp-json\/wp\/v2\/posts"}],"about":[{"href":"https:\/\/www.webdo.tn\/fr\/wp-json\/wp\/v2\/types\/post"}],"author":[{"embeddable":true,"href":"https:\/\/www.webdo.tn\/fr\/wp-json\/wp\/v2\/users\/3162"}],"replies":[{"embeddable":true,"href":"https:\/\/www.webdo.tn\/fr\/wp-json\/wp\/v2\/comments?post=216755"}],"version-history":[{"count":0,"href":"https:\/\/www.webdo.tn\/fr\/wp-json\/wp\/v2\/posts\/216755\/revisions"}],"wp:featuredmedia":[{"embeddable":true,"href":"https:\/\/www.webdo.tn\/fr\/wp-json\/wp\/v2\/media\/246409"}],"wp:attachment":[{"href":"https:\/\/www.webdo.tn\/fr\/wp-json\/wp\/v2\/media?parent=216755"}],"wp:term":[{"taxonomy":"category","embeddable":true,"href":"https:\/\/www.webdo.tn\/fr\/wp-json\/wp\/v2\/categories?post=216755"},{"taxonomy":"post_tag","embeddable":true,"href":"https:\/\/www.webdo.tn\/fr\/wp-json\/wp\/v2\/tags?post=216755"}],"curies":[{"name":"wp","href":"https:\/\/api.w.org\/{rel}","templated":true}]}}