{"id":216751,"date":"2024-10-02T20:19:00","date_gmt":"2024-10-02T20:19:00","guid":{"rendered":"https:\/\/www.webdo.tn\/fr\/blog\/l-armee-israelienne-fait-face-a-ses-premieres-pertes-sur-le-sol-libanais\/216751\/"},"modified":"2025-05-17T20:27:13","modified_gmt":"2025-05-17T20:27:13","slug":"l-armee-israelienne-fait-face-a-ses-premieres-pertes-sur-le-sol-libanais","status":"publish","type":"post","link":"https:\/\/www.webdo.tn\/fr\/actualite\/international\/l-armee-israelienne-fait-face-a-ses-premieres-pertes-sur-le-sol-libanais\/216751\/","title":{"rendered":"L&rsquo;arm\u00e9e isra\u00e9lienne fait face \u00e0 ses premi\u00e8res pertes sur le sol libanais"},"content":{"rendered":"<p>Le Hezbollah a annonc\u00e9 que ses combattants s&rsquo;\u00e9taient engag\u00e9s dans des affrontements avec des forces isra\u00e9liennes qui avaient travers\u00e9 la fronti\u00e8re vers le sud du Liban.<\/p>\n<p>\t\t\t\t\t\t\t\t\tSelon l&rsquo;arm\u00e9e isra\u00e9lienne, au moins huit soldats ont \u00e9t\u00e9 tu\u00e9s lors des combats. Mercredi, le porte-parole de l&rsquo;arm\u00e9e isra\u00e9lienne a confirm\u00e9 la mort d&rsquo;un premier soldat dans la journ\u00e9e, suivi de l&rsquo;annonce de sept autres pertes.<\/p>\n<p>Le Hezbollah a d\u00e9clar\u00e9 que tous les membres d&rsquo;une unit\u00e9 engag\u00e9e dans les combats avaient \u00e9t\u00e9 tu\u00e9s ou bless\u00e9s, sans pr\u00e9ciser le nombre total de victimes. Dans une d\u00e9claration pr\u00e9c\u00e9dente, le groupe a affirm\u00e9 que ses combattants avaient fait exploser un dispositif qui a tu\u00e9 et bless\u00e9 des soldats isra\u00e9liens tentant de contourner le village de Yaroun.<\/p>\n<p>Le groupe, soutenu par l&rsquo;Iran, a \u00e9galement rapport\u00e9 avoir d\u00e9truit trois chars Merkava en utilisant des roquettes alors qu&rsquo;ils avan\u00e7aient vers le village de Maroun al-Ras. Al Jazeera n&rsquo;a pas pu confirmer de mani\u00e8re ind\u00e9pendante ces affirmations.<\/p>\n<p>Les soldats isra\u00e9liens auraient \u00e9t\u00e9 tu\u00e9s lors de deux \u00e9v\u00e9nements distincts, selon des responsables militaires. Le Hezbollah a affirm\u00e9 engager des forces isra\u00e9liennes \u00e0 l&rsquo;int\u00e9rieur du Liban pour la premi\u00e8re fois depuis le d\u00e9but des avanc\u00e9es terrestres isra\u00e9liennes plus t\u00f4t cette semaine. Apr\u00e8s avoir surveill\u00e9 des soldats isra\u00e9liens cach\u00e9s dans une maison pr\u00e8s du village de Kfar Kila, les combattants du Hezbollah ont fait exploser le b\u00e2timent, suivi de tirs d&rsquo;armes \u00e0 feu et de roquettes.<\/p>\n","protected":false},"excerpt":{"rendered":"<p>D\u00e9couvrez comment le Hezbollah a inflig\u00e9 ses premi\u00e8res pertes \u00e0 l&rsquo;arm\u00e9e isra\u00e9lienne lors de violents affrontements dans le sud du Liban. Analyse des \u00e9v\u00e9nements&#8230;<\/p>\n","protected":false},"author":4779,"featured_media":246411,"comment_status":"open","ping_status":"closed","sticky":false,"template":"","format":"standard","meta":{"footnotes":""},"categories":[2598],"tags":[5530,5302,2636,5531,5529],"class_list":["post-216751","post","type-post","status-publish","format-standard","has-post-thumbnail","hentry","category-international","tag-conflit-israelo-libanais","tag-hezbollah","tag-israel","tag-pertes-militaires","tag-sud-du-liban"],"yoast_head":"<!-- This site is optimized with the Yoast SEO Premium plugin v27.5 (Yoast SEO v27.5) - https:\/\/yoast.com\/product\/yoast-seo-premium-wordpress\/ -->\n<title>L&#039;arm\u00e9e isra\u00e9lienne fait face \u00e0 ses premi\u00e8res pertes sur le sol libanais<\/title>\n<meta name=\"description\" content=\"D\u00e9couvrez comment le Hezbollah a inflig\u00e9 ses premi\u00e8res pertes \u00e0 l&#039;arm\u00e9e isra\u00e9lienne lors de violents affrontements dans le sud du Liban. Analyse des \u00e9v\u00e9nements...\" \/>\n<link rel=\"canonical\" href=\"https:\/\/www.webdo.tn\/fr\/actualite\/international\/l-armee-israelienne-fait-face-a-ses-premieres-pertes-sur-le-sol-libanais\/216751\/\" \/>\n<meta property=\"og:locale\" content=\"fr_FR\" \/>\n<meta property=\"og:type\" content=\"article\" \/>\n<meta property=\"og:title\" content=\"L&#039;arm\u00e9e isra\u00e9lienne fait face \u00e0 ses premi\u00e8res pertes sur le sol libanais\" \/>\n<meta property=\"og:description\" content=\"D\u00e9couvrez comment le Hezbollah a inflig\u00e9 ses premi\u00e8res pertes \u00e0 l&#039;arm\u00e9e isra\u00e9lienne lors de violents affrontements dans le sud du Liban. Analyse des \u00e9v\u00e9nements...\" \/>\n<meta property=\"og:url\" content=\"https:\/\/www.webdo.tn\/fr\/actualite\/international\/l-armee-israelienne-fait-face-a-ses-premieres-pertes-sur-le-sol-libanais\/216751\/\" \/>\n<meta property=\"og:site_name\" content=\"webdo\" \/>\n<meta property=\"article:publisher\" content=\"https:\/\/www.facebook.com\/webdotn\" \/>\n<meta property=\"article:published_time\" content=\"2024-10-02T20:19:00+00:00\" \/>\n<meta property=\"article:modified_time\" content=\"2025-05-17T20:27:13+00:00\" \/>\n<meta property=\"og:image\" content=\"https:\/\/www.webdo.tn\/fr\/wp-content\/uploads\/2024\/10\/852fcd874fe39cc893f04f65559fcb84.webp\" \/>\n\t<meta property=\"og:image:width\" content=\"750\" \/>\n\t<meta property=\"og:image:height\" content=\"400\" \/>\n\t<meta property=\"og:image:type\" content=\"image\/webp\" \/>\n<meta name=\"author\" content=\"Firas Ben Abdeltif\" \/>\n<meta name=\"twitter:card\" content=\"summary_large_image\" \/>\n<meta name=\"twitter:creator\" content=\"@webdo_tn\" \/>\n<meta name=\"twitter:site\" content=\"@webdo_tn\" \/>\n<meta name=\"twitter:label1\" content=\"\u00c9crit par\" \/>\n\t<meta name=\"twitter:data1\" content=\"Firas Ben Abdeltif\" \/>\n\t<meta name=\"twitter:label2\" content=\"Dur\u00e9e de lecture estim\u00e9e\" \/>\n\t<meta name=\"twitter:data2\" content=\"1 minute\" \/>\n<script type=\"application\/ld+json\" class=\"yoast-schema-graph\">{\"@context\":\"https:\\\/\\\/schema.org\",\"@graph\":[{\"@type\":\"NewsArticle\",\"@id\":\"https:\\\/\\\/www.webdo.tn\\\/fr\\\/actualite\\\/international\\\/l-armee-israelienne-fait-face-a-ses-premieres-pertes-sur-le-sol-libanais\\\/216751\\\/#article\",\"isPartOf\":{\"@id\":\"https:\\\/\\\/www.webdo.tn\\\/fr\\\/actualite\\\/international\\\/l-armee-israelienne-fait-face-a-ses-premieres-pertes-sur-le-sol-libanais\\\/216751\\\/\"},\"author\":{\"name\":\"Firas Ben Abdeltif\",\"@id\":\"https:\\\/\\\/www.webdo.tn\\\/fr\\\/#\\\/schema\\\/person\\\/19664196c9bfdcda126f3c27709f7d11\"},\"headline\":\"L&rsquo;arm\u00e9e isra\u00e9lienne fait face \u00e0 ses premi\u00e8res pertes sur le sol libanais\",\"datePublished\":\"2024-10-02T20:19:00+00:00\",\"dateModified\":\"2025-05-17T20:27:13+00:00\",\"mainEntityOfPage\":{\"@id\":\"https:\\\/\\\/www.webdo.tn\\\/fr\\\/actualite\\\/international\\\/l-armee-israelienne-fait-face-a-ses-premieres-pertes-sur-le-sol-libanais\\\/216751\\\/\"},\"wordCount\":293,\"commentCount\":0,\"publisher\":{\"@id\":\"https:\\\/\\\/www.webdo.tn\\\/fr\\\/#organization\"},\"image\":{\"@id\":\"https:\\\/\\\/www.webdo.tn\\\/fr\\\/actualite\\\/international\\\/l-armee-israelienne-fait-face-a-ses-premieres-pertes-sur-le-sol-libanais\\\/216751\\\/#primaryimage\"},\"thumbnailUrl\":\"https:\\\/\\\/www.webdo.tn\\\/fr\\\/wp-content\\\/uploads\\\/2024\\\/10\\\/852fcd874fe39cc893f04f65559fcb84.webp\",\"keywords\":[\"Conflit isra\u00e9lo-libanais\",\"Hezbollah\",\"isra\u00ebl\",\"Pertes militaires\",\"Sud du Liban\"],\"articleSection\":[\"International\"],\"inLanguage\":\"fr-FR\"},{\"@type\":\"WebPage\",\"@id\":\"https:\\\/\\\/www.webdo.tn\\\/fr\\\/actualite\\\/international\\\/l-armee-israelienne-fait-face-a-ses-premieres-pertes-sur-le-sol-libanais\\\/216751\\\/\",\"url\":\"https:\\\/\\\/www.webdo.tn\\\/fr\\\/actualite\\\/international\\\/l-armee-israelienne-fait-face-a-ses-premieres-pertes-sur-le-sol-libanais\\\/216751\\\/\",\"name\":\"L'arm\u00e9e isra\u00e9lienne fait face \u00e0 ses premi\u00e8res pertes sur le sol libanais\",\"isPartOf\":{\"@id\":\"https:\\\/\\\/www.webdo.tn\\\/fr\\\/#website\"},\"primaryImageOfPage\":{\"@id\":\"https:\\\/\\\/www.webdo.tn\\\/fr\\\/actualite\\\/international\\\/l-armee-israelienne-fait-face-a-ses-premieres-pertes-sur-le-sol-libanais\\\/216751\\\/#primaryimage\"},\"image\":{\"@id\":\"https:\\\/\\\/www.webdo.tn\\\/fr\\\/actualite\\\/international\\\/l-armee-israelienne-fait-face-a-ses-premieres-pertes-sur-le-sol-libanais\\\/216751\\\/#primaryimage\"},\"thumbnailUrl\":\"https:\\\/\\\/www.webdo.tn\\\/fr\\\/wp-content\\\/uploads\\\/2024\\\/10\\\/852fcd874fe39cc893f04f65559fcb84.webp\",\"datePublished\":\"2024-10-02T20:19:00+00:00\",\"dateModified\":\"2025-05-17T20:27:13+00:00\",\"description\":\"D\u00e9couvrez comment le Hezbollah a inflig\u00e9 ses premi\u00e8res pertes \u00e0 l'arm\u00e9e isra\u00e9lienne lors de violents affrontements dans le sud du Liban. Analyse des \u00e9v\u00e9nements...\",\"breadcrumb\":{\"@id\":\"https:\\\/\\\/www.webdo.tn\\\/fr\\\/actualite\\\/international\\\/l-armee-israelienne-fait-face-a-ses-premieres-pertes-sur-le-sol-libanais\\\/216751\\\/#breadcrumb\"},\"inLanguage\":\"fr-FR\",\"potentialAction\":[{\"@type\":\"ReadAction\",\"target\":[\"https:\\\/\\\/www.webdo.tn\\\/fr\\\/actualite\\\/international\\\/l-armee-israelienne-fait-face-a-ses-premieres-pertes-sur-le-sol-libanais\\\/216751\\\/\"]}]},{\"@type\":\"ImageObject\",\"inLanguage\":\"fr-FR\",\"@id\":\"https:\\\/\\\/www.webdo.tn\\\/fr\\\/actualite\\\/international\\\/l-armee-israelienne-fait-face-a-ses-premieres-pertes-sur-le-sol-libanais\\\/216751\\\/#primaryimage\",\"url\":\"https:\\\/\\\/www.webdo.tn\\\/fr\\\/wp-content\\\/uploads\\\/2024\\\/10\\\/852fcd874fe39cc893f04f65559fcb84.webp\",\"contentUrl\":\"https:\\\/\\\/www.webdo.tn\\\/fr\\\/wp-content\\\/uploads\\\/2024\\\/10\\\/852fcd874fe39cc893f04f65559fcb84.webp\",\"width\":750,\"height\":400,\"caption\":\"L'arm\u00e9e isra\u00e9lienne fait face \u00e0 ses premi\u00e8res pertes sur le sol libanais\"},{\"@type\":\"BreadcrumbList\",\"@id\":\"https:\\\/\\\/www.webdo.tn\\\/fr\\\/actualite\\\/international\\\/l-armee-israelienne-fait-face-a-ses-premieres-pertes-sur-le-sol-libanais\\\/216751\\\/#breadcrumb\",\"itemListElement\":[{\"@type\":\"ListItem\",\"position\":1,\"name\":\"Accueil\",\"item\":\"https:\\\/\\\/www.webdo.tn\\\/fr\\\/\"},{\"@type\":\"ListItem\",\"position\":2,\"name\":\"L&rsquo;arm\u00e9e isra\u00e9lienne fait face \u00e0 ses premi\u00e8res pertes sur le sol libanais\"}]},{\"@type\":\"WebSite\",\"@id\":\"https:\\\/\\\/www.webdo.tn\\\/fr\\\/#website\",\"url\":\"https:\\\/\\\/www.webdo.tn\\\/fr\\\/\",\"name\":\"webdo\",\"description\":\"Tunisie - News en Tunisie et \u00e0 l&#039;international sur Webdo.tn\",\"publisher\":{\"@id\":\"https:\\\/\\\/www.webdo.tn\\\/fr\\\/#organization\"},\"potentialAction\":[{\"@type\":\"SearchAction\",\"target\":{\"@type\":\"EntryPoint\",\"urlTemplate\":\"https:\\\/\\\/www.webdo.tn\\\/fr\\\/?s={search_term_string}\"},\"query-input\":{\"@type\":\"PropertyValueSpecification\",\"valueRequired\":true,\"valueName\":\"search_term_string\"}}],\"inLanguage\":\"fr-FR\"},{\"@type\":\"Organization\",\"@id\":\"https:\\\/\\\/www.webdo.tn\\\/fr\\\/#organization\",\"name\":\"Webdo\",\"alternateName\":\"Webdo.tn\",\"url\":\"https:\\\/\\\/www.webdo.tn\\\/fr\\\/\",\"logo\":{\"@type\":\"ImageObject\",\"inLanguage\":\"fr-FR\",\"@id\":\"https:\\\/\\\/www.webdo.tn\\\/fr\\\/#\\\/schema\\\/logo\\\/image\\\/\",\"url\":\"https:\\\/\\\/www.webdo.tn\\\/fr\\\/wp-content\\\/uploads\\\/2025\\\/06\\\/Webdo-Tunisie_168377.jpg\",\"contentUrl\":\"https:\\\/\\\/www.webdo.tn\\\/fr\\\/wp-content\\\/uploads\\\/2025\\\/06\\\/Webdo-Tunisie_168377.jpg\",\"width\":301,\"height\":301,\"caption\":\"Webdo\"},\"image\":{\"@id\":\"https:\\\/\\\/www.webdo.tn\\\/fr\\\/#\\\/schema\\\/logo\\\/image\\\/\"},\"sameAs\":[\"https:\\\/\\\/www.facebook.com\\\/webdotn\",\"https:\\\/\\\/x.com\\\/webdo_tn\"],\"description\":\"Webdo est un m\u00e9dia num\u00e9rique tunisien fond\u00e9 en 2010, sp\u00e9cialis\u00e9 dans l\u2019actualit\u00e9 nationale et internationale, l\u2019\u00e9conomie, la soci\u00e9t\u00e9 et les analyses politiques. Le site s\u2019adresse \u00e0 un large public francophone et couvre l\u2019information tunisienne en temps r\u00e9el.\",\"email\":\"redac@webdo.tn\",\"legalName\":\"YNJ SARL\",\"foundingDate\":\"2010-09-06\",\"numberOfEmployees\":{\"@type\":\"QuantitativeValue\",\"minValue\":\"11\",\"maxValue\":\"50\"}},{\"@type\":\"Person\",\"@id\":\"https:\\\/\\\/www.webdo.tn\\\/fr\\\/#\\\/schema\\\/person\\\/19664196c9bfdcda126f3c27709f7d11\",\"name\":\"Firas Ben Abdeltif\",\"image\":{\"@type\":\"ImageObject\",\"inLanguage\":\"fr-FR\",\"@id\":\"https:\\\/\\\/secure.gravatar.com\\\/avatar\\\/161a347d40df098a084778c52ed133dbd85f14df003867067c5948081241ec55?s=96&d=mm&r=g\",\"url\":\"https:\\\/\\\/secure.gravatar.com\\\/avatar\\\/161a347d40df098a084778c52ed133dbd85f14df003867067c5948081241ec55?s=96&d=mm&r=g\",\"contentUrl\":\"https:\\\/\\\/secure.gravatar.com\\\/avatar\\\/161a347d40df098a084778c52ed133dbd85f14df003867067c5948081241ec55?s=96&d=mm&r=g\",\"caption\":\"Firas Ben Abdeltif\"},\"url\":\"https:\\\/\\\/www.webdo.tn\\\/fr\\\/actualite\\\/author\\\/firas-ben-abdeltif\\\/\"}]}<\/script>\n<!-- \/ Yoast SEO Premium plugin. -->","yoast_head_json":{"title":"L'arm\u00e9e isra\u00e9lienne fait face \u00e0 ses premi\u00e8res pertes sur le sol libanais","description":"D\u00e9couvrez comment le Hezbollah a inflig\u00e9 ses premi\u00e8res pertes \u00e0 l'arm\u00e9e isra\u00e9lienne lors de violents affrontements dans le sud du Liban. Analyse des \u00e9v\u00e9nements...","canonical":"https:\/\/www.webdo.tn\/fr\/actualite\/international\/l-armee-israelienne-fait-face-a-ses-premieres-pertes-sur-le-sol-libanais\/216751\/","og_locale":"fr_FR","og_type":"article","og_title":"L'arm\u00e9e isra\u00e9lienne fait face \u00e0 ses premi\u00e8res pertes sur le sol libanais","og_description":"D\u00e9couvrez comment le Hezbollah a inflig\u00e9 ses premi\u00e8res pertes \u00e0 l'arm\u00e9e isra\u00e9lienne lors de violents affrontements dans le sud du Liban. Analyse des \u00e9v\u00e9nements...","og_url":"https:\/\/www.webdo.tn\/fr\/actualite\/international\/l-armee-israelienne-fait-face-a-ses-premieres-pertes-sur-le-sol-libanais\/216751\/","og_site_name":"webdo","article_publisher":"https:\/\/www.facebook.com\/webdotn","article_published_time":"2024-10-02T20:19:00+00:00","article_modified_time":"2025-05-17T20:27:13+00:00","og_image":[{"width":750,"height":400,"url":"https:\/\/www.webdo.tn\/fr\/wp-content\/uploads\/2024\/10\/852fcd874fe39cc893f04f65559fcb84.webp","type":"image\/webp"}],"author":"Firas Ben Abdeltif","twitter_card":"summary_large_image","twitter_creator":"@webdo_tn","twitter_site":"@webdo_tn","twitter_misc":{"\u00c9crit par":"Firas Ben Abdeltif","Dur\u00e9e de lecture estim\u00e9e":"1 minute"},"schema":{"@context":"https:\/\/schema.org","@graph":[{"@type":"NewsArticle","@id":"https:\/\/www.webdo.tn\/fr\/actualite\/international\/l-armee-israelienne-fait-face-a-ses-premieres-pertes-sur-le-sol-libanais\/216751\/#article","isPartOf":{"@id":"https:\/\/www.webdo.tn\/fr\/actualite\/international\/l-armee-israelienne-fait-face-a-ses-premieres-pertes-sur-le-sol-libanais\/216751\/"},"author":{"name":"Firas Ben Abdeltif","@id":"https:\/\/www.webdo.tn\/fr\/#\/schema\/person\/19664196c9bfdcda126f3c27709f7d11"},"headline":"L&rsquo;arm\u00e9e isra\u00e9lienne fait face \u00e0 ses premi\u00e8res pertes sur le sol libanais","datePublished":"2024-10-02T20:19:00+00:00","dateModified":"2025-05-17T20:27:13+00:00","mainEntityOfPage":{"@id":"https:\/\/www.webdo.tn\/fr\/actualite\/international\/l-armee-israelienne-fait-face-a-ses-premieres-pertes-sur-le-sol-libanais\/216751\/"},"wordCount":293,"commentCount":0,"publisher":{"@id":"https:\/\/www.webdo.tn\/fr\/#organization"},"image":{"@id":"https:\/\/www.webdo.tn\/fr\/actualite\/international\/l-armee-israelienne-fait-face-a-ses-premieres-pertes-sur-le-sol-libanais\/216751\/#primaryimage"},"thumbnailUrl":"https:\/\/www.webdo.tn\/fr\/wp-content\/uploads\/2024\/10\/852fcd874fe39cc893f04f65559fcb84.webp","keywords":["Conflit isra\u00e9lo-libanais","Hezbollah","isra\u00ebl","Pertes militaires","Sud du Liban"],"articleSection":["International"],"inLanguage":"fr-FR"},{"@type":"WebPage","@id":"https:\/\/www.webdo.tn\/fr\/actualite\/international\/l-armee-israelienne-fait-face-a-ses-premieres-pertes-sur-le-sol-libanais\/216751\/","url":"https:\/\/www.webdo.tn\/fr\/actualite\/international\/l-armee-israelienne-fait-face-a-ses-premieres-pertes-sur-le-sol-libanais\/216751\/","name":"L'arm\u00e9e isra\u00e9lienne fait face \u00e0 ses premi\u00e8res pertes sur le sol libanais","isPartOf":{"@id":"https:\/\/www.webdo.tn\/fr\/#website"},"primaryImageOfPage":{"@id":"https:\/\/www.webdo.tn\/fr\/actualite\/international\/l-armee-israelienne-fait-face-a-ses-premieres-pertes-sur-le-sol-libanais\/216751\/#primaryimage"},"image":{"@id":"https:\/\/www.webdo.tn\/fr\/actualite\/international\/l-armee-israelienne-fait-face-a-ses-premieres-pertes-sur-le-sol-libanais\/216751\/#primaryimage"},"thumbnailUrl":"https:\/\/www.webdo.tn\/fr\/wp-content\/uploads\/2024\/10\/852fcd874fe39cc893f04f65559fcb84.webp","datePublished":"2024-10-02T20:19:00+00:00","dateModified":"2025-05-17T20:27:13+00:00","description":"D\u00e9couvrez comment le Hezbollah a inflig\u00e9 ses premi\u00e8res pertes \u00e0 l'arm\u00e9e isra\u00e9lienne lors de violents affrontements dans le sud du Liban. Analyse des \u00e9v\u00e9nements...","breadcrumb":{"@id":"https:\/\/www.webdo.tn\/fr\/actualite\/international\/l-armee-israelienne-fait-face-a-ses-premieres-pertes-sur-le-sol-libanais\/216751\/#breadcrumb"},"inLanguage":"fr-FR","potentialAction":[{"@type":"ReadAction","target":["https:\/\/www.webdo.tn\/fr\/actualite\/international\/l-armee-israelienne-fait-face-a-ses-premieres-pertes-sur-le-sol-libanais\/216751\/"]}]},{"@type":"ImageObject","inLanguage":"fr-FR","@id":"https:\/\/www.webdo.tn\/fr\/actualite\/international\/l-armee-israelienne-fait-face-a-ses-premieres-pertes-sur-le-sol-libanais\/216751\/#primaryimage","url":"https:\/\/www.webdo.tn\/fr\/wp-content\/uploads\/2024\/10\/852fcd874fe39cc893f04f65559fcb84.webp","contentUrl":"https:\/\/www.webdo.tn\/fr\/wp-content\/uploads\/2024\/10\/852fcd874fe39cc893f04f65559fcb84.webp","width":750,"height":400,"caption":"L'arm\u00e9e isra\u00e9lienne fait face \u00e0 ses premi\u00e8res pertes sur le sol libanais"},{"@type":"BreadcrumbList","@id":"https:\/\/www.webdo.tn\/fr\/actualite\/international\/l-armee-israelienne-fait-face-a-ses-premieres-pertes-sur-le-sol-libanais\/216751\/#breadcrumb","itemListElement":[{"@type":"ListItem","position":1,"name":"Accueil","item":"https:\/\/www.webdo.tn\/fr\/"},{"@type":"ListItem","position":2,"name":"L&rsquo;arm\u00e9e isra\u00e9lienne fait face \u00e0 ses premi\u00e8res pertes sur le sol libanais"}]},{"@type":"WebSite","@id":"https:\/\/www.webdo.tn\/fr\/#website","url":"https:\/\/www.webdo.tn\/fr\/","name":"webdo","description":"Tunisie - News en Tunisie et \u00e0 l&#039;international sur Webdo.tn","publisher":{"@id":"https:\/\/www.webdo.tn\/fr\/#organization"},"potentialAction":[{"@type":"SearchAction","target":{"@type":"EntryPoint","urlTemplate":"https:\/\/www.webdo.tn\/fr\/?s={search_term_string}"},"query-input":{"@type":"PropertyValueSpecification","valueRequired":true,"valueName":"search_term_string"}}],"inLanguage":"fr-FR"},{"@type":"Organization","@id":"https:\/\/www.webdo.tn\/fr\/#organization","name":"Webdo","alternateName":"Webdo.tn","url":"https:\/\/www.webdo.tn\/fr\/","logo":{"@type":"ImageObject","inLanguage":"fr-FR","@id":"https:\/\/www.webdo.tn\/fr\/#\/schema\/logo\/image\/","url":"https:\/\/www.webdo.tn\/fr\/wp-content\/uploads\/2025\/06\/Webdo-Tunisie_168377.jpg","contentUrl":"https:\/\/www.webdo.tn\/fr\/wp-content\/uploads\/2025\/06\/Webdo-Tunisie_168377.jpg","width":301,"height":301,"caption":"Webdo"},"image":{"@id":"https:\/\/www.webdo.tn\/fr\/#\/schema\/logo\/image\/"},"sameAs":["https:\/\/www.facebook.com\/webdotn","https:\/\/x.com\/webdo_tn"],"description":"Webdo est un m\u00e9dia num\u00e9rique tunisien fond\u00e9 en 2010, sp\u00e9cialis\u00e9 dans l\u2019actualit\u00e9 nationale et internationale, l\u2019\u00e9conomie, la soci\u00e9t\u00e9 et les analyses politiques. Le site s\u2019adresse \u00e0 un large public francophone et couvre l\u2019information tunisienne en temps r\u00e9el.","email":"redac@webdo.tn","legalName":"YNJ SARL","foundingDate":"2010-09-06","numberOfEmployees":{"@type":"QuantitativeValue","minValue":"11","maxValue":"50"}},{"@type":"Person","@id":"https:\/\/www.webdo.tn\/fr\/#\/schema\/person\/19664196c9bfdcda126f3c27709f7d11","name":"Firas Ben Abdeltif","image":{"@type":"ImageObject","inLanguage":"fr-FR","@id":"https:\/\/secure.gravatar.com\/avatar\/161a347d40df098a084778c52ed133dbd85f14df003867067c5948081241ec55?s=96&d=mm&r=g","url":"https:\/\/secure.gravatar.com\/avatar\/161a347d40df098a084778c52ed133dbd85f14df003867067c5948081241ec55?s=96&d=mm&r=g","contentUrl":"https:\/\/secure.gravatar.com\/avatar\/161a347d40df098a084778c52ed133dbd85f14df003867067c5948081241ec55?s=96&d=mm&r=g","caption":"Firas Ben Abdeltif"},"url":"https:\/\/www.webdo.tn\/fr\/actualite\/author\/firas-ben-abdeltif\/"}]}},"_links":{"self":[{"href":"https:\/\/www.webdo.tn\/fr\/wp-json\/wp\/v2\/posts\/216751","targetHints":{"allow":["GET"]}}],"collection":[{"href":"https:\/\/www.webdo.tn\/fr\/wp-json\/wp\/v2\/posts"}],"about":[{"href":"https:\/\/www.webdo.tn\/fr\/wp-json\/wp\/v2\/types\/post"}],"author":[{"embeddable":true,"href":"https:\/\/www.webdo.tn\/fr\/wp-json\/wp\/v2\/users\/4779"}],"replies":[{"embeddable":true,"href":"https:\/\/www.webdo.tn\/fr\/wp-json\/wp\/v2\/comments?post=216751"}],"version-history":[{"count":0,"href":"https:\/\/www.webdo.tn\/fr\/wp-json\/wp\/v2\/posts\/216751\/revisions"}],"wp:featuredmedia":[{"embeddable":true,"href":"https:\/\/www.webdo.tn\/fr\/wp-json\/wp\/v2\/media\/246411"}],"wp:attachment":[{"href":"https:\/\/www.webdo.tn\/fr\/wp-json\/wp\/v2\/media?parent=216751"}],"wp:term":[{"taxonomy":"category","embeddable":true,"href":"https:\/\/www.webdo.tn\/fr\/wp-json\/wp\/v2\/categories?post=216751"},{"taxonomy":"post_tag","embeddable":true,"href":"https:\/\/www.webdo.tn\/fr\/wp-json\/wp\/v2\/tags?post=216751"}],"curies":[{"name":"wp","href":"https:\/\/api.w.org\/{rel}","templated":true}]}}