{"id":216748,"date":"2024-10-02T18:40:00","date_gmt":"2024-10-02T18:40:00","guid":{"rendered":"https:\/\/www.webdo.tn\/fr\/blog\/la-france-propose-de-reduire-les-visas-pour-les-pays-bloquant-les-rapatriements\/216748\/"},"modified":"2024-10-02T18:40:00","modified_gmt":"2024-10-02T18:40:00","slug":"la-france-propose-de-reduire-les-visas-pour-les-pays-bloquant-les-rapatriements","status":"publish","type":"post","link":"https:\/\/www.webdo.tn\/fr\/actualite\/international\/la-france-propose-de-reduire-les-visas-pour-les-pays-bloquant-les-rapatriements\/216748\/","title":{"rendered":"La France propose de r\u00e9duire les visas pour les pays bloquant les rapatriements"},"content":{"rendered":"<p>Le Premier ministre fran\u00e7ais, Michel Barnier, a propos\u00e9 mercredi de \u00ab\u00a0restreindre davantage l&rsquo;octroi de visas\u00a0\u00bb pour les pays qui refusent de r\u00e9admettre leurs ressortissants en situation irr\u00e9guli\u00e8re en France, dans le cadre d&rsquo;un nouveau durcissement de la politique migratoire.<\/p>\n<p>\t\t\t\t\t\t\t\t\tCette mesure concr\u00e8te vise notamment, sans les nommer explicitement, les pays du Maghreb, qui rechignent \u00e0 d\u00e9livrer les laissez-passer consulaires n\u00e9cessaires \u00e0 l&rsquo;expulsion de leurs ressortissants.<\/p>\n<p>\u00ab\u00a0La France ne ma\u00eetrise plus de mani\u00e8re satisfaisante sa politique migratoire\u00a0\u00bb, a d\u00e9clar\u00e9 M. Barnier lors d&rsquo;une conf\u00e9rence de presse, annon\u00e7ant que son gouvernement proposerait \u00e9galement de \u00ab\u00a0faciliter la prolongation exceptionnelle de la r\u00e9tention des \u00e9trangers en situation irr\u00e9guli\u00e8re, pour mieux ex\u00e9cuter les obligations de quitter le territoire fran\u00e7ais\u00a0\u00bb (OQTF).<\/p>\n<p>Ces propositions surviennent trois semaines apr\u00e8s le meurtre d&rsquo;une \u00e9tudiante \u00e0 Paris, dont le suspect, un ressortissant marocain, \u00e9tait vis\u00e9 par une OQTF non ex\u00e9cut\u00e9e.<\/p>\n<p>En 2021, la France avait d\u00e9j\u00e0 r\u00e9duit de 50 % les visas pour l&rsquo;Alg\u00e9rie et le Maroc, et de 30 % pour la Tunisie.<\/p>\n<p>Le ministre de l&rsquo;Int\u00e9rieur, Bruno Retailleau, s&rsquo;est dit favorable \u00e0 la r\u00e9vision de certains accords bilat\u00e9raux, notamment avec l&rsquo;Alg\u00e9rie, facilitant la venue de ressortissants \u00e9trangers.<\/p>\n","protected":false},"excerpt":{"rendered":"<p>D\u00e9couvrez les nouvelles propositions du Premier ministre fran\u00e7ais Michel Barnier visant \u00e0 r\u00e9duire les visas pour les pays qui refusent de rapatrier leurs ressor&#8230;<\/p>\n","protected":false},"author":3203,"featured_media":291137,"comment_status":"open","ping_status":"closed","sticky":false,"template":"","format":"standard","meta":{"footnotes":""},"categories":[2598],"tags":[10488,2907,3219,2998,3464,2608,4003],"class_list":["post-216748","post","type-post","status-publish","format-standard","has-post-thumbnail","hentry","category-international","tag-politique-de-visas","tag-algerie","tag-expulsion","tag-france","tag-maroc","tag-tunisie","tag-visas"],"yoast_head":"<!-- This site is optimized with the Yoast SEO Premium plugin v27.5 (Yoast SEO v27.5) - https:\/\/yoast.com\/product\/yoast-seo-premium-wordpress\/ -->\n<title>La France propose de r\u00e9duire les visas pour les pays bloquant les rapatriements<\/title>\n<meta name=\"description\" content=\"D\u00e9couvrez les nouvelles propositions du Premier ministre fran\u00e7ais Michel Barnier visant \u00e0 r\u00e9duire les visas pour les pays qui refusent de rapatrier leurs ressor...\" \/>\n<link rel=\"canonical\" href=\"https:\/\/www.webdo.tn\/fr\/actualite\/international\/la-france-propose-de-reduire-les-visas-pour-les-pays-bloquant-les-rapatriements\/216748\/\" \/>\n<meta property=\"og:locale\" content=\"fr_FR\" \/>\n<meta property=\"og:type\" content=\"article\" \/>\n<meta property=\"og:title\" content=\"La France propose de r\u00e9duire les visas pour les pays bloquant les rapatriements\" \/>\n<meta property=\"og:description\" content=\"D\u00e9couvrez les nouvelles propositions du Premier ministre fran\u00e7ais Michel Barnier visant \u00e0 r\u00e9duire les visas pour les pays qui refusent de rapatrier leurs ressor...\" \/>\n<meta property=\"og:url\" content=\"https:\/\/www.webdo.tn\/fr\/actualite\/international\/la-france-propose-de-reduire-les-visas-pour-les-pays-bloquant-les-rapatriements\/216748\/\" \/>\n<meta property=\"og:site_name\" content=\"webdo\" \/>\n<meta property=\"article:publisher\" content=\"https:\/\/www.facebook.com\/webdotn\" \/>\n<meta property=\"article:published_time\" content=\"2024-10-02T18:40:00+00:00\" \/>\n<meta property=\"og:image\" content=\"https:\/\/www.webdo.tn\/fr\/wp-content\/uploads\/2024\/10\/6f8d1f15ed60282b101072bd707b721a.webp\" \/>\n\t<meta property=\"og:image:width\" content=\"750\" \/>\n\t<meta property=\"og:image:height\" content=\"400\" \/>\n\t<meta property=\"og:image:type\" content=\"image\/webp\" \/>\n<meta name=\"author\" content=\"Ramzi Haddad\" \/>\n<meta name=\"twitter:card\" content=\"summary_large_image\" \/>\n<meta name=\"twitter:creator\" content=\"@webdo_tn\" \/>\n<meta name=\"twitter:site\" content=\"@webdo_tn\" \/>\n<meta name=\"twitter:label1\" content=\"\u00c9crit par\" \/>\n\t<meta name=\"twitter:data1\" content=\"Ramzi Haddad\" \/>\n\t<meta name=\"twitter:label2\" content=\"Dur\u00e9e de lecture estim\u00e9e\" \/>\n\t<meta name=\"twitter:data2\" content=\"1 minute\" \/>\n<script type=\"application\/ld+json\" class=\"yoast-schema-graph\">{\"@context\":\"https:\\\/\\\/schema.org\",\"@graph\":[{\"@type\":\"NewsArticle\",\"@id\":\"https:\\\/\\\/www.webdo.tn\\\/fr\\\/actualite\\\/international\\\/la-france-propose-de-reduire-les-visas-pour-les-pays-bloquant-les-rapatriements\\\/216748\\\/#article\",\"isPartOf\":{\"@id\":\"https:\\\/\\\/www.webdo.tn\\\/fr\\\/actualite\\\/international\\\/la-france-propose-de-reduire-les-visas-pour-les-pays-bloquant-les-rapatriements\\\/216748\\\/\"},\"author\":{\"name\":\"Ramzi Haddad\",\"@id\":\"https:\\\/\\\/www.webdo.tn\\\/fr\\\/#\\\/schema\\\/person\\\/5663044c25eb36d8f88ba5b653f12f8c\"},\"headline\":\"La France propose de r\u00e9duire les visas pour les pays bloquant les rapatriements\",\"datePublished\":\"2024-10-02T18:40:00+00:00\",\"mainEntityOfPage\":{\"@id\":\"https:\\\/\\\/www.webdo.tn\\\/fr\\\/actualite\\\/international\\\/la-france-propose-de-reduire-les-visas-pour-les-pays-bloquant-les-rapatriements\\\/216748\\\/\"},\"wordCount\":230,\"commentCount\":0,\"publisher\":{\"@id\":\"https:\\\/\\\/www.webdo.tn\\\/fr\\\/#organization\"},\"image\":{\"@id\":\"https:\\\/\\\/www.webdo.tn\\\/fr\\\/actualite\\\/international\\\/la-france-propose-de-reduire-les-visas-pour-les-pays-bloquant-les-rapatriements\\\/216748\\\/#primaryimage\"},\"thumbnailUrl\":\"https:\\\/\\\/www.webdo.tn\\\/fr\\\/wp-content\\\/uploads\\\/2024\\\/10\\\/6f8d1f15ed60282b101072bd707b721a.webp\",\"keywords\":[\"'politique de visas']\",\"Alg\u00e9rie\",\"expulsion\",\"france\",\"maroc\",\"Tunisie\",\"visas\"],\"articleSection\":[\"International\"],\"inLanguage\":\"fr-FR\"},{\"@type\":\"WebPage\",\"@id\":\"https:\\\/\\\/www.webdo.tn\\\/fr\\\/actualite\\\/international\\\/la-france-propose-de-reduire-les-visas-pour-les-pays-bloquant-les-rapatriements\\\/216748\\\/\",\"url\":\"https:\\\/\\\/www.webdo.tn\\\/fr\\\/actualite\\\/international\\\/la-france-propose-de-reduire-les-visas-pour-les-pays-bloquant-les-rapatriements\\\/216748\\\/\",\"name\":\"La France propose de r\u00e9duire les visas pour les pays bloquant les rapatriements\",\"isPartOf\":{\"@id\":\"https:\\\/\\\/www.webdo.tn\\\/fr\\\/#website\"},\"primaryImageOfPage\":{\"@id\":\"https:\\\/\\\/www.webdo.tn\\\/fr\\\/actualite\\\/international\\\/la-france-propose-de-reduire-les-visas-pour-les-pays-bloquant-les-rapatriements\\\/216748\\\/#primaryimage\"},\"image\":{\"@id\":\"https:\\\/\\\/www.webdo.tn\\\/fr\\\/actualite\\\/international\\\/la-france-propose-de-reduire-les-visas-pour-les-pays-bloquant-les-rapatriements\\\/216748\\\/#primaryimage\"},\"thumbnailUrl\":\"https:\\\/\\\/www.webdo.tn\\\/fr\\\/wp-content\\\/uploads\\\/2024\\\/10\\\/6f8d1f15ed60282b101072bd707b721a.webp\",\"datePublished\":\"2024-10-02T18:40:00+00:00\",\"description\":\"D\u00e9couvrez les nouvelles propositions du Premier ministre fran\u00e7ais Michel Barnier visant \u00e0 r\u00e9duire les visas pour les pays qui refusent de rapatrier leurs ressor...\",\"breadcrumb\":{\"@id\":\"https:\\\/\\\/www.webdo.tn\\\/fr\\\/actualite\\\/international\\\/la-france-propose-de-reduire-les-visas-pour-les-pays-bloquant-les-rapatriements\\\/216748\\\/#breadcrumb\"},\"inLanguage\":\"fr-FR\",\"potentialAction\":[{\"@type\":\"ReadAction\",\"target\":[\"https:\\\/\\\/www.webdo.tn\\\/fr\\\/actualite\\\/international\\\/la-france-propose-de-reduire-les-visas-pour-les-pays-bloquant-les-rapatriements\\\/216748\\\/\"]}]},{\"@type\":\"ImageObject\",\"inLanguage\":\"fr-FR\",\"@id\":\"https:\\\/\\\/www.webdo.tn\\\/fr\\\/actualite\\\/international\\\/la-france-propose-de-reduire-les-visas-pour-les-pays-bloquant-les-rapatriements\\\/216748\\\/#primaryimage\",\"url\":\"https:\\\/\\\/www.webdo.tn\\\/fr\\\/wp-content\\\/uploads\\\/2024\\\/10\\\/6f8d1f15ed60282b101072bd707b721a.webp\",\"contentUrl\":\"https:\\\/\\\/www.webdo.tn\\\/fr\\\/wp-content\\\/uploads\\\/2024\\\/10\\\/6f8d1f15ed60282b101072bd707b721a.webp\",\"width\":750,\"height\":400,\"caption\":\"La France propose de r\u00e9duire les visas pour les pays bloquant les rapatriements\"},{\"@type\":\"BreadcrumbList\",\"@id\":\"https:\\\/\\\/www.webdo.tn\\\/fr\\\/actualite\\\/international\\\/la-france-propose-de-reduire-les-visas-pour-les-pays-bloquant-les-rapatriements\\\/216748\\\/#breadcrumb\",\"itemListElement\":[{\"@type\":\"ListItem\",\"position\":1,\"name\":\"Accueil\",\"item\":\"https:\\\/\\\/www.webdo.tn\\\/fr\\\/\"},{\"@type\":\"ListItem\",\"position\":2,\"name\":\"La France propose de r\u00e9duire les visas pour les pays bloquant les rapatriements\"}]},{\"@type\":\"WebSite\",\"@id\":\"https:\\\/\\\/www.webdo.tn\\\/fr\\\/#website\",\"url\":\"https:\\\/\\\/www.webdo.tn\\\/fr\\\/\",\"name\":\"webdo\",\"description\":\"Tunisie - News en Tunisie et \u00e0 l&#039;international sur Webdo.tn\",\"publisher\":{\"@id\":\"https:\\\/\\\/www.webdo.tn\\\/fr\\\/#organization\"},\"potentialAction\":[{\"@type\":\"SearchAction\",\"target\":{\"@type\":\"EntryPoint\",\"urlTemplate\":\"https:\\\/\\\/www.webdo.tn\\\/fr\\\/?s={search_term_string}\"},\"query-input\":{\"@type\":\"PropertyValueSpecification\",\"valueRequired\":true,\"valueName\":\"search_term_string\"}}],\"inLanguage\":\"fr-FR\"},{\"@type\":\"Organization\",\"@id\":\"https:\\\/\\\/www.webdo.tn\\\/fr\\\/#organization\",\"name\":\"Webdo\",\"alternateName\":\"Webdo.tn\",\"url\":\"https:\\\/\\\/www.webdo.tn\\\/fr\\\/\",\"logo\":{\"@type\":\"ImageObject\",\"inLanguage\":\"fr-FR\",\"@id\":\"https:\\\/\\\/www.webdo.tn\\\/fr\\\/#\\\/schema\\\/logo\\\/image\\\/\",\"url\":\"https:\\\/\\\/www.webdo.tn\\\/fr\\\/wp-content\\\/uploads\\\/2025\\\/06\\\/Webdo-Tunisie_168377.jpg\",\"contentUrl\":\"https:\\\/\\\/www.webdo.tn\\\/fr\\\/wp-content\\\/uploads\\\/2025\\\/06\\\/Webdo-Tunisie_168377.jpg\",\"width\":301,\"height\":301,\"caption\":\"Webdo\"},\"image\":{\"@id\":\"https:\\\/\\\/www.webdo.tn\\\/fr\\\/#\\\/schema\\\/logo\\\/image\\\/\"},\"sameAs\":[\"https:\\\/\\\/www.facebook.com\\\/webdotn\",\"https:\\\/\\\/x.com\\\/webdo_tn\"],\"description\":\"Webdo est un m\u00e9dia num\u00e9rique tunisien fond\u00e9 en 2010, sp\u00e9cialis\u00e9 dans l\u2019actualit\u00e9 nationale et internationale, l\u2019\u00e9conomie, la soci\u00e9t\u00e9 et les analyses politiques. Le site s\u2019adresse \u00e0 un large public francophone et couvre l\u2019information tunisienne en temps r\u00e9el.\",\"email\":\"redac@webdo.tn\",\"legalName\":\"YNJ SARL\",\"foundingDate\":\"2010-09-06\",\"numberOfEmployees\":{\"@type\":\"QuantitativeValue\",\"minValue\":\"11\",\"maxValue\":\"50\"}},{\"@type\":\"Person\",\"@id\":\"https:\\\/\\\/www.webdo.tn\\\/fr\\\/#\\\/schema\\\/person\\\/5663044c25eb36d8f88ba5b653f12f8c\",\"name\":\"Ramzi Haddad\",\"image\":{\"@type\":\"ImageObject\",\"inLanguage\":\"fr-FR\",\"@id\":\"https:\\\/\\\/www.webdo.tn\\\/fr\\\/wp-content\\\/uploads\\\/2026\\\/04\\\/ramzi-haddad_avatar-96x96.jpg\",\"url\":\"https:\\\/\\\/www.webdo.tn\\\/fr\\\/wp-content\\\/uploads\\\/2026\\\/04\\\/ramzi-haddad_avatar-96x96.jpg\",\"contentUrl\":\"https:\\\/\\\/www.webdo.tn\\\/fr\\\/wp-content\\\/uploads\\\/2026\\\/04\\\/ramzi-haddad_avatar-96x96.jpg\",\"caption\":\"Ramzi Haddad\"},\"description\":\"Signature \u00e9ditoriale de Walid Ben Youssef Ramzi Haddad est le pseudonyme \u00e9ditorial de Walid Ben Youssef, fondateur et g\u00e9rant de Webdo.tn. Cette signature est d\u00e9di\u00e9e \u00e0 la couverture de l'actualit\u00e9 nationale et internationale, ainsi qu'aux analyses des dynamiques num\u00e9riques. Ce profil b\u00e9n\u00e9ficie de l'expertise de Walid Ben Youssef, pionnier du web en Tunisie depuis 2000 et dipl\u00f4m\u00e9 en Math\u00e9matiques pures de l'Universit\u00e9 d'Oregon. \u00c0 travers cette signature, la r\u00e9daction de Webdo garantit une information structur\u00e9e et v\u00e9rifi\u00e9e, fid\u00e8le aux standards journalistiques du m\u00e9dia.\",\"url\":\"https:\\\/\\\/www.webdo.tn\\\/fr\\\/actualite\\\/author\\\/ramzi-haddad\\\/\"}]}<\/script>\n<!-- \/ Yoast SEO Premium plugin. -->","yoast_head_json":{"title":"La France propose de r\u00e9duire les visas pour les pays bloquant les rapatriements","description":"D\u00e9couvrez les nouvelles propositions du Premier ministre fran\u00e7ais Michel Barnier visant \u00e0 r\u00e9duire les visas pour les pays qui refusent de rapatrier leurs ressor...","canonical":"https:\/\/www.webdo.tn\/fr\/actualite\/international\/la-france-propose-de-reduire-les-visas-pour-les-pays-bloquant-les-rapatriements\/216748\/","og_locale":"fr_FR","og_type":"article","og_title":"La France propose de r\u00e9duire les visas pour les pays bloquant les rapatriements","og_description":"D\u00e9couvrez les nouvelles propositions du Premier ministre fran\u00e7ais Michel Barnier visant \u00e0 r\u00e9duire les visas pour les pays qui refusent de rapatrier leurs ressor...","og_url":"https:\/\/www.webdo.tn\/fr\/actualite\/international\/la-france-propose-de-reduire-les-visas-pour-les-pays-bloquant-les-rapatriements\/216748\/","og_site_name":"webdo","article_publisher":"https:\/\/www.facebook.com\/webdotn","article_published_time":"2024-10-02T18:40:00+00:00","og_image":[{"width":750,"height":400,"url":"https:\/\/www.webdo.tn\/fr\/wp-content\/uploads\/2024\/10\/6f8d1f15ed60282b101072bd707b721a.webp","type":"image\/webp"}],"author":"Ramzi Haddad","twitter_card":"summary_large_image","twitter_creator":"@webdo_tn","twitter_site":"@webdo_tn","twitter_misc":{"\u00c9crit par":"Ramzi Haddad","Dur\u00e9e de lecture estim\u00e9e":"1 minute"},"schema":{"@context":"https:\/\/schema.org","@graph":[{"@type":"NewsArticle","@id":"https:\/\/www.webdo.tn\/fr\/actualite\/international\/la-france-propose-de-reduire-les-visas-pour-les-pays-bloquant-les-rapatriements\/216748\/#article","isPartOf":{"@id":"https:\/\/www.webdo.tn\/fr\/actualite\/international\/la-france-propose-de-reduire-les-visas-pour-les-pays-bloquant-les-rapatriements\/216748\/"},"author":{"name":"Ramzi Haddad","@id":"https:\/\/www.webdo.tn\/fr\/#\/schema\/person\/5663044c25eb36d8f88ba5b653f12f8c"},"headline":"La France propose de r\u00e9duire les visas pour les pays bloquant les rapatriements","datePublished":"2024-10-02T18:40:00+00:00","mainEntityOfPage":{"@id":"https:\/\/www.webdo.tn\/fr\/actualite\/international\/la-france-propose-de-reduire-les-visas-pour-les-pays-bloquant-les-rapatriements\/216748\/"},"wordCount":230,"commentCount":0,"publisher":{"@id":"https:\/\/www.webdo.tn\/fr\/#organization"},"image":{"@id":"https:\/\/www.webdo.tn\/fr\/actualite\/international\/la-france-propose-de-reduire-les-visas-pour-les-pays-bloquant-les-rapatriements\/216748\/#primaryimage"},"thumbnailUrl":"https:\/\/www.webdo.tn\/fr\/wp-content\/uploads\/2024\/10\/6f8d1f15ed60282b101072bd707b721a.webp","keywords":["'politique de visas']","Alg\u00e9rie","expulsion","france","maroc","Tunisie","visas"],"articleSection":["International"],"inLanguage":"fr-FR"},{"@type":"WebPage","@id":"https:\/\/www.webdo.tn\/fr\/actualite\/international\/la-france-propose-de-reduire-les-visas-pour-les-pays-bloquant-les-rapatriements\/216748\/","url":"https:\/\/www.webdo.tn\/fr\/actualite\/international\/la-france-propose-de-reduire-les-visas-pour-les-pays-bloquant-les-rapatriements\/216748\/","name":"La France propose de r\u00e9duire les visas pour les pays bloquant les rapatriements","isPartOf":{"@id":"https:\/\/www.webdo.tn\/fr\/#website"},"primaryImageOfPage":{"@id":"https:\/\/www.webdo.tn\/fr\/actualite\/international\/la-france-propose-de-reduire-les-visas-pour-les-pays-bloquant-les-rapatriements\/216748\/#primaryimage"},"image":{"@id":"https:\/\/www.webdo.tn\/fr\/actualite\/international\/la-france-propose-de-reduire-les-visas-pour-les-pays-bloquant-les-rapatriements\/216748\/#primaryimage"},"thumbnailUrl":"https:\/\/www.webdo.tn\/fr\/wp-content\/uploads\/2024\/10\/6f8d1f15ed60282b101072bd707b721a.webp","datePublished":"2024-10-02T18:40:00+00:00","description":"D\u00e9couvrez les nouvelles propositions du Premier ministre fran\u00e7ais Michel Barnier visant \u00e0 r\u00e9duire les visas pour les pays qui refusent de rapatrier leurs ressor...","breadcrumb":{"@id":"https:\/\/www.webdo.tn\/fr\/actualite\/international\/la-france-propose-de-reduire-les-visas-pour-les-pays-bloquant-les-rapatriements\/216748\/#breadcrumb"},"inLanguage":"fr-FR","potentialAction":[{"@type":"ReadAction","target":["https:\/\/www.webdo.tn\/fr\/actualite\/international\/la-france-propose-de-reduire-les-visas-pour-les-pays-bloquant-les-rapatriements\/216748\/"]}]},{"@type":"ImageObject","inLanguage":"fr-FR","@id":"https:\/\/www.webdo.tn\/fr\/actualite\/international\/la-france-propose-de-reduire-les-visas-pour-les-pays-bloquant-les-rapatriements\/216748\/#primaryimage","url":"https:\/\/www.webdo.tn\/fr\/wp-content\/uploads\/2024\/10\/6f8d1f15ed60282b101072bd707b721a.webp","contentUrl":"https:\/\/www.webdo.tn\/fr\/wp-content\/uploads\/2024\/10\/6f8d1f15ed60282b101072bd707b721a.webp","width":750,"height":400,"caption":"La France propose de r\u00e9duire les visas pour les pays bloquant les rapatriements"},{"@type":"BreadcrumbList","@id":"https:\/\/www.webdo.tn\/fr\/actualite\/international\/la-france-propose-de-reduire-les-visas-pour-les-pays-bloquant-les-rapatriements\/216748\/#breadcrumb","itemListElement":[{"@type":"ListItem","position":1,"name":"Accueil","item":"https:\/\/www.webdo.tn\/fr\/"},{"@type":"ListItem","position":2,"name":"La France propose de r\u00e9duire les visas pour les pays bloquant les rapatriements"}]},{"@type":"WebSite","@id":"https:\/\/www.webdo.tn\/fr\/#website","url":"https:\/\/www.webdo.tn\/fr\/","name":"webdo","description":"Tunisie - News en Tunisie et \u00e0 l&#039;international sur Webdo.tn","publisher":{"@id":"https:\/\/www.webdo.tn\/fr\/#organization"},"potentialAction":[{"@type":"SearchAction","target":{"@type":"EntryPoint","urlTemplate":"https:\/\/www.webdo.tn\/fr\/?s={search_term_string}"},"query-input":{"@type":"PropertyValueSpecification","valueRequired":true,"valueName":"search_term_string"}}],"inLanguage":"fr-FR"},{"@type":"Organization","@id":"https:\/\/www.webdo.tn\/fr\/#organization","name":"Webdo","alternateName":"Webdo.tn","url":"https:\/\/www.webdo.tn\/fr\/","logo":{"@type":"ImageObject","inLanguage":"fr-FR","@id":"https:\/\/www.webdo.tn\/fr\/#\/schema\/logo\/image\/","url":"https:\/\/www.webdo.tn\/fr\/wp-content\/uploads\/2025\/06\/Webdo-Tunisie_168377.jpg","contentUrl":"https:\/\/www.webdo.tn\/fr\/wp-content\/uploads\/2025\/06\/Webdo-Tunisie_168377.jpg","width":301,"height":301,"caption":"Webdo"},"image":{"@id":"https:\/\/www.webdo.tn\/fr\/#\/schema\/logo\/image\/"},"sameAs":["https:\/\/www.facebook.com\/webdotn","https:\/\/x.com\/webdo_tn"],"description":"Webdo est un m\u00e9dia num\u00e9rique tunisien fond\u00e9 en 2010, sp\u00e9cialis\u00e9 dans l\u2019actualit\u00e9 nationale et internationale, l\u2019\u00e9conomie, la soci\u00e9t\u00e9 et les analyses politiques. Le site s\u2019adresse \u00e0 un large public francophone et couvre l\u2019information tunisienne en temps r\u00e9el.","email":"redac@webdo.tn","legalName":"YNJ SARL","foundingDate":"2010-09-06","numberOfEmployees":{"@type":"QuantitativeValue","minValue":"11","maxValue":"50"}},{"@type":"Person","@id":"https:\/\/www.webdo.tn\/fr\/#\/schema\/person\/5663044c25eb36d8f88ba5b653f12f8c","name":"Ramzi Haddad","image":{"@type":"ImageObject","inLanguage":"fr-FR","@id":"https:\/\/www.webdo.tn\/fr\/wp-content\/uploads\/2026\/04\/ramzi-haddad_avatar-96x96.jpg","url":"https:\/\/www.webdo.tn\/fr\/wp-content\/uploads\/2026\/04\/ramzi-haddad_avatar-96x96.jpg","contentUrl":"https:\/\/www.webdo.tn\/fr\/wp-content\/uploads\/2026\/04\/ramzi-haddad_avatar-96x96.jpg","caption":"Ramzi Haddad"},"description":"Signature \u00e9ditoriale de Walid Ben Youssef Ramzi Haddad est le pseudonyme \u00e9ditorial de Walid Ben Youssef, fondateur et g\u00e9rant de Webdo.tn. Cette signature est d\u00e9di\u00e9e \u00e0 la couverture de l'actualit\u00e9 nationale et internationale, ainsi qu'aux analyses des dynamiques num\u00e9riques. Ce profil b\u00e9n\u00e9ficie de l'expertise de Walid Ben Youssef, pionnier du web en Tunisie depuis 2000 et dipl\u00f4m\u00e9 en Math\u00e9matiques pures de l'Universit\u00e9 d'Oregon. \u00c0 travers cette signature, la r\u00e9daction de Webdo garantit une information structur\u00e9e et v\u00e9rifi\u00e9e, fid\u00e8le aux standards journalistiques du m\u00e9dia.","url":"https:\/\/www.webdo.tn\/fr\/actualite\/author\/ramzi-haddad\/"}]}},"_links":{"self":[{"href":"https:\/\/www.webdo.tn\/fr\/wp-json\/wp\/v2\/posts\/216748","targetHints":{"allow":["GET"]}}],"collection":[{"href":"https:\/\/www.webdo.tn\/fr\/wp-json\/wp\/v2\/posts"}],"about":[{"href":"https:\/\/www.webdo.tn\/fr\/wp-json\/wp\/v2\/types\/post"}],"author":[{"embeddable":true,"href":"https:\/\/www.webdo.tn\/fr\/wp-json\/wp\/v2\/users\/3203"}],"replies":[{"embeddable":true,"href":"https:\/\/www.webdo.tn\/fr\/wp-json\/wp\/v2\/comments?post=216748"}],"version-history":[{"count":0,"href":"https:\/\/www.webdo.tn\/fr\/wp-json\/wp\/v2\/posts\/216748\/revisions"}],"wp:featuredmedia":[{"embeddable":true,"href":"https:\/\/www.webdo.tn\/fr\/wp-json\/wp\/v2\/media\/291137"}],"wp:attachment":[{"href":"https:\/\/www.webdo.tn\/fr\/wp-json\/wp\/v2\/media?parent=216748"}],"wp:term":[{"taxonomy":"category","embeddable":true,"href":"https:\/\/www.webdo.tn\/fr\/wp-json\/wp\/v2\/categories?post=216748"},{"taxonomy":"post_tag","embeddable":true,"href":"https:\/\/www.webdo.tn\/fr\/wp-json\/wp\/v2\/tags?post=216748"}],"curies":[{"name":"wp","href":"https:\/\/api.w.org\/{rel}","templated":true}]}}