{"id":216746,"date":"2024-10-02T15:11:00","date_gmt":"2024-10-02T15:11:00","guid":{"rendered":"https:\/\/www.webdo.tn\/fr\/blog\/liban-evacuation-de-tunisiens-via-la-jordanie-demain\/216746\/"},"modified":"2025-05-20T22:14:26","modified_gmt":"2025-05-20T22:14:26","slug":"liban-evacuation-de-tunisiens-via-la-jordanie-demain","status":"publish","type":"post","link":"https:\/\/www.webdo.tn\/fr\/actualite\/national\/liban-evacuation-de-tunisiens-via-la-jordanie-demain\/216746\/","title":{"rendered":"Liban : \u00c9vacuation de Tunisiens via la Jordanie demain"},"content":{"rendered":"<p>L&rsquo;ambassadeur du Liban en Tunisie, Tony Frangi\u00e9, a annonc\u00e9 qu&rsquo;il est probable qu&rsquo;un certain nombre de Tunisiens pr\u00e9sents au Liban soient transf\u00e9r\u00e9s \u00e0 Amman, en Jordanie, par la compagnie a\u00e9rienne libanaise Middle East Airlines demain, jeudi 3 octobre 2024, avant d&rsquo;\u00eatre transport\u00e9s en Tunisie.<\/p>\n<p>\t\t\t\t\t\t\t\t\tIl a ajout\u00e9, lors d&rsquo;une d\u00e9claration sur les ondes de Mosa\u00efque FM, que l&rsquo;\u00e9vacuation de plusieurs Tunisiens pr\u00e9sents au Liban n&rsquo;a pas pu avoir lieu hier en raison de la situation dans la r\u00e9gion et de la suspension de plusieurs vols.<\/p>\n<p>Tony Frangi\u00e9, Ambassadeur du Liban en Tunisie a \u00e9t\u00e9 dans ce contexte, re\u00e7u hier par Mohamed Ali Nafti, ministre des Affaires \u00c9trang\u00e8res, de la Migration et des Tunisiens \u00e0 l\u2019\u00c9tranger pour un entretien portant sur la situation actuelle au Liban.<\/p>\n<p>Rappelons qu\u2019un vol de rapatriement initialement pr\u00e9vu hier, a \u00e9t\u00e9 report\u00e9 en raison de la situation s\u00e9curitaire au Liban qualifi\u00e9e de \u00ab\u00a0dangereuse\u00a0\u00bb.<\/p>\n<p>Un avion de Tunisair devait rapatrier 260 personnes concern\u00e9es par ce premier vol de rapatriement, mais ce vol a d\u00fb \u00eatre report\u00e9 pour les raisons \u00e9voqu\u00e9es. Ces 260 personnes font partie d\u2019une liste \u00e9tablie par l\u2019ambassade de Tunisie au Liban.<\/p>\n<p>Liste qui comporte 404 demandes de r\u00e9servation, sachant que la s\u00e9lection a \u00e9t\u00e9 faite selon les priorit\u00e9s s\u00e9curitaires, sanitaires et humanitaires.<\/p>\n","protected":false},"excerpt":{"rendered":"<p>L&rsquo;ambassadeur du Liban en Tunisie, Tony Frangi\u00e9, a annonc\u00e9 qu&rsquo;il est probable qu&rsquo;un certain nombre de Tunisiens pr\u00e9sents au Liban soient transf\u00e9r\u00e9s \u00e0 Amman, en&#8230;<\/p>\n","protected":false},"author":3162,"featured_media":291135,"comment_status":"open","ping_status":"closed","sticky":false,"template":"","format":"standard","meta":{"footnotes":""},"categories":[44],"tags":[4635,5539,3920,5538,2608,3317,2995],"class_list":["post-216746","post","type-post","status-publish","format-standard","has-post-thumbnail","hentry","category-national","tag-evacuation","tag-jordanie","tag-liban","tag-rapatriement","tag-tunisie","tag-tunisiens","tag-vol"],"yoast_head":"<!-- This site is optimized with the Yoast SEO Premium plugin v27.4 (Yoast SEO v27.5) - https:\/\/yoast.com\/product\/yoast-seo-premium-wordpress\/ -->\n<title>Liban : \u00c9vacuation de Tunisiens via la Jordanie demain<\/title>\n<meta name=\"description\" content=\"L&#039;ambassadeur du Liban en Tunisie, Tony Frangi\u00e9, a annonc\u00e9 qu&#039;il est probable qu&#039;un certain nombre de Tunisiens pr\u00e9sents au Liban soient transf\u00e9r\u00e9s \u00e0 Amman, en...\" \/>\n<link rel=\"canonical\" href=\"https:\/\/www.webdo.tn\/fr\/actualite\/national\/liban-evacuation-de-tunisiens-via-la-jordanie-demain\/216746\/\" \/>\n<meta property=\"og:locale\" content=\"fr_FR\" \/>\n<meta property=\"og:type\" content=\"article\" \/>\n<meta property=\"og:title\" content=\"Liban : \u00c9vacuation de Tunisiens via la Jordanie demain\" \/>\n<meta property=\"og:description\" content=\"L&#039;ambassadeur du Liban en Tunisie, Tony Frangi\u00e9, a annonc\u00e9 qu&#039;il est probable qu&#039;un certain nombre de Tunisiens pr\u00e9sents au Liban soient transf\u00e9r\u00e9s \u00e0 Amman, en...\" \/>\n<meta property=\"og:url\" content=\"https:\/\/www.webdo.tn\/fr\/actualite\/national\/liban-evacuation-de-tunisiens-via-la-jordanie-demain\/216746\/\" \/>\n<meta property=\"og:site_name\" content=\"webdo\" \/>\n<meta property=\"article:publisher\" content=\"https:\/\/www.facebook.com\/webdotn\" \/>\n<meta property=\"article:published_time\" content=\"2024-10-02T15:11:00+00:00\" \/>\n<meta property=\"article:modified_time\" content=\"2025-05-20T22:14:26+00:00\" \/>\n<meta property=\"og:image\" content=\"https:\/\/www.webdo.tn\/fr\/wp-content\/uploads\/2024\/10\/c6723c622182f1e2416a8200f86f8fae.webp\" \/>\n\t<meta property=\"og:image:width\" content=\"750\" \/>\n\t<meta property=\"og:image:height\" content=\"400\" \/>\n\t<meta property=\"og:image:type\" content=\"image\/webp\" \/>\n<meta name=\"author\" content=\"MC\" \/>\n<meta name=\"twitter:card\" content=\"summary_large_image\" \/>\n<meta name=\"twitter:creator\" content=\"@webdo_tn\" \/>\n<meta name=\"twitter:site\" content=\"@webdo_tn\" \/>\n<meta name=\"twitter:label1\" content=\"\u00c9crit par\" \/>\n\t<meta name=\"twitter:data1\" content=\"MC\" \/>\n\t<meta name=\"twitter:label2\" content=\"Dur\u00e9e de lecture estim\u00e9e\" \/>\n\t<meta name=\"twitter:data2\" content=\"1 minute\" \/>\n<script type=\"application\/ld+json\" class=\"yoast-schema-graph\">{\"@context\":\"https:\\\/\\\/schema.org\",\"@graph\":[{\"@type\":\"NewsArticle\",\"@id\":\"https:\\\/\\\/www.webdo.tn\\\/fr\\\/actualite\\\/national\\\/liban-evacuation-de-tunisiens-via-la-jordanie-demain\\\/216746\\\/#article\",\"isPartOf\":{\"@id\":\"https:\\\/\\\/www.webdo.tn\\\/fr\\\/actualite\\\/national\\\/liban-evacuation-de-tunisiens-via-la-jordanie-demain\\\/216746\\\/\"},\"author\":{\"name\":\"MC\",\"@id\":\"https:\\\/\\\/www.webdo.tn\\\/fr\\\/#\\\/schema\\\/person\\\/2c4929cbf5a809e3bd38617c6ce150f6\"},\"headline\":\"Liban : \u00c9vacuation de Tunisiens via la Jordanie demain\",\"datePublished\":\"2024-10-02T15:11:00+00:00\",\"dateModified\":\"2025-05-20T22:14:26+00:00\",\"mainEntityOfPage\":{\"@id\":\"https:\\\/\\\/www.webdo.tn\\\/fr\\\/actualite\\\/national\\\/liban-evacuation-de-tunisiens-via-la-jordanie-demain\\\/216746\\\/\"},\"wordCount\":240,\"commentCount\":0,\"publisher\":{\"@id\":\"https:\\\/\\\/www.webdo.tn\\\/fr\\\/#organization\"},\"image\":{\"@id\":\"https:\\\/\\\/www.webdo.tn\\\/fr\\\/actualite\\\/national\\\/liban-evacuation-de-tunisiens-via-la-jordanie-demain\\\/216746\\\/#primaryimage\"},\"thumbnailUrl\":\"https:\\\/\\\/www.webdo.tn\\\/fr\\\/wp-content\\\/uploads\\\/2024\\\/10\\\/c6723c622182f1e2416a8200f86f8fae.webp\",\"keywords\":[\"\u00e9vacuation\",\"Jordanie\",\"liban\",\"rapatriement\",\"Tunisie\",\"Tunisiens\",\"vol\"],\"articleSection\":[\"National\"],\"inLanguage\":\"fr-FR\"},{\"@type\":\"WebPage\",\"@id\":\"https:\\\/\\\/www.webdo.tn\\\/fr\\\/actualite\\\/national\\\/liban-evacuation-de-tunisiens-via-la-jordanie-demain\\\/216746\\\/\",\"url\":\"https:\\\/\\\/www.webdo.tn\\\/fr\\\/actualite\\\/national\\\/liban-evacuation-de-tunisiens-via-la-jordanie-demain\\\/216746\\\/\",\"name\":\"Liban : \u00c9vacuation de Tunisiens via la Jordanie demain\",\"isPartOf\":{\"@id\":\"https:\\\/\\\/www.webdo.tn\\\/fr\\\/#website\"},\"primaryImageOfPage\":{\"@id\":\"https:\\\/\\\/www.webdo.tn\\\/fr\\\/actualite\\\/national\\\/liban-evacuation-de-tunisiens-via-la-jordanie-demain\\\/216746\\\/#primaryimage\"},\"image\":{\"@id\":\"https:\\\/\\\/www.webdo.tn\\\/fr\\\/actualite\\\/national\\\/liban-evacuation-de-tunisiens-via-la-jordanie-demain\\\/216746\\\/#primaryimage\"},\"thumbnailUrl\":\"https:\\\/\\\/www.webdo.tn\\\/fr\\\/wp-content\\\/uploads\\\/2024\\\/10\\\/c6723c622182f1e2416a8200f86f8fae.webp\",\"datePublished\":\"2024-10-02T15:11:00+00:00\",\"dateModified\":\"2025-05-20T22:14:26+00:00\",\"description\":\"L'ambassadeur du Liban en Tunisie, Tony Frangi\u00e9, a annonc\u00e9 qu'il est probable qu'un certain nombre de Tunisiens pr\u00e9sents au Liban soient transf\u00e9r\u00e9s \u00e0 Amman, en...\",\"breadcrumb\":{\"@id\":\"https:\\\/\\\/www.webdo.tn\\\/fr\\\/actualite\\\/national\\\/liban-evacuation-de-tunisiens-via-la-jordanie-demain\\\/216746\\\/#breadcrumb\"},\"inLanguage\":\"fr-FR\",\"potentialAction\":[{\"@type\":\"ReadAction\",\"target\":[\"https:\\\/\\\/www.webdo.tn\\\/fr\\\/actualite\\\/national\\\/liban-evacuation-de-tunisiens-via-la-jordanie-demain\\\/216746\\\/\"]}]},{\"@type\":\"ImageObject\",\"inLanguage\":\"fr-FR\",\"@id\":\"https:\\\/\\\/www.webdo.tn\\\/fr\\\/actualite\\\/national\\\/liban-evacuation-de-tunisiens-via-la-jordanie-demain\\\/216746\\\/#primaryimage\",\"url\":\"https:\\\/\\\/www.webdo.tn\\\/fr\\\/wp-content\\\/uploads\\\/2024\\\/10\\\/c6723c622182f1e2416a8200f86f8fae.webp\",\"contentUrl\":\"https:\\\/\\\/www.webdo.tn\\\/fr\\\/wp-content\\\/uploads\\\/2024\\\/10\\\/c6723c622182f1e2416a8200f86f8fae.webp\",\"width\":750,\"height\":400,\"caption\":\"Liban : \u00c9vacuation de Tunisiens via la Jordanie demain\"},{\"@type\":\"BreadcrumbList\",\"@id\":\"https:\\\/\\\/www.webdo.tn\\\/fr\\\/actualite\\\/national\\\/liban-evacuation-de-tunisiens-via-la-jordanie-demain\\\/216746\\\/#breadcrumb\",\"itemListElement\":[{\"@type\":\"ListItem\",\"position\":1,\"name\":\"Accueil\",\"item\":\"https:\\\/\\\/www.webdo.tn\\\/fr\\\/\"},{\"@type\":\"ListItem\",\"position\":2,\"name\":\"Liban : \u00c9vacuation de Tunisiens via la Jordanie demain\"}]},{\"@type\":\"WebSite\",\"@id\":\"https:\\\/\\\/www.webdo.tn\\\/fr\\\/#website\",\"url\":\"https:\\\/\\\/www.webdo.tn\\\/fr\\\/\",\"name\":\"webdo\",\"description\":\"Tunisie - News en Tunisie et \u00e0 l&#039;international sur Webdo.tn\",\"publisher\":{\"@id\":\"https:\\\/\\\/www.webdo.tn\\\/fr\\\/#organization\"},\"potentialAction\":[{\"@type\":\"SearchAction\",\"target\":{\"@type\":\"EntryPoint\",\"urlTemplate\":\"https:\\\/\\\/www.webdo.tn\\\/fr\\\/?s={search_term_string}\"},\"query-input\":{\"@type\":\"PropertyValueSpecification\",\"valueRequired\":true,\"valueName\":\"search_term_string\"}}],\"inLanguage\":\"fr-FR\"},{\"@type\":\"Organization\",\"@id\":\"https:\\\/\\\/www.webdo.tn\\\/fr\\\/#organization\",\"name\":\"Webdo\",\"alternateName\":\"Webdo.tn\",\"url\":\"https:\\\/\\\/www.webdo.tn\\\/fr\\\/\",\"logo\":{\"@type\":\"ImageObject\",\"inLanguage\":\"fr-FR\",\"@id\":\"https:\\\/\\\/www.webdo.tn\\\/fr\\\/#\\\/schema\\\/logo\\\/image\\\/\",\"url\":\"https:\\\/\\\/www.webdo.tn\\\/fr\\\/wp-content\\\/uploads\\\/2025\\\/06\\\/Webdo-Tunisie_168377.jpg\",\"contentUrl\":\"https:\\\/\\\/www.webdo.tn\\\/fr\\\/wp-content\\\/uploads\\\/2025\\\/06\\\/Webdo-Tunisie_168377.jpg\",\"width\":301,\"height\":301,\"caption\":\"Webdo\"},\"image\":{\"@id\":\"https:\\\/\\\/www.webdo.tn\\\/fr\\\/#\\\/schema\\\/logo\\\/image\\\/\"},\"sameAs\":[\"https:\\\/\\\/www.facebook.com\\\/webdotn\",\"https:\\\/\\\/x.com\\\/webdo_tn\"],\"description\":\"Webdo est un m\u00e9dia num\u00e9rique tunisien fond\u00e9 en 2010, sp\u00e9cialis\u00e9 dans l\u2019actualit\u00e9 nationale et internationale, l\u2019\u00e9conomie, la soci\u00e9t\u00e9 et les analyses politiques. Le site s\u2019adresse \u00e0 un large public francophone et couvre l\u2019information tunisienne en temps r\u00e9el.\",\"email\":\"redac@webdo.tn\",\"legalName\":\"YNJ SARL\",\"foundingDate\":\"2010-09-06\",\"numberOfEmployees\":{\"@type\":\"QuantitativeValue\",\"minValue\":\"11\",\"maxValue\":\"50\"}},{\"@type\":\"Person\",\"@id\":\"https:\\\/\\\/www.webdo.tn\\\/fr\\\/#\\\/schema\\\/person\\\/2c4929cbf5a809e3bd38617c6ce150f6\",\"name\":\"MC\",\"image\":{\"@type\":\"ImageObject\",\"inLanguage\":\"fr-FR\",\"@id\":\"https:\\\/\\\/secure.gravatar.com\\\/avatar\\\/a545bbb6f84efdd5553dbbc2895e3ca8f1d12c5215e00a041c9670b54aa9b18a?s=96&d=mm&r=g\",\"url\":\"https:\\\/\\\/secure.gravatar.com\\\/avatar\\\/a545bbb6f84efdd5553dbbc2895e3ca8f1d12c5215e00a041c9670b54aa9b18a?s=96&d=mm&r=g\",\"contentUrl\":\"https:\\\/\\\/secure.gravatar.com\\\/avatar\\\/a545bbb6f84efdd5553dbbc2895e3ca8f1d12c5215e00a041c9670b54aa9b18a?s=96&d=mm&r=g\",\"caption\":\"MC\"},\"url\":\"https:\\\/\\\/www.webdo.tn\\\/fr\\\/actualite\\\/author\\\/mc\\\/\"}]}<\/script>\n<!-- \/ Yoast SEO Premium plugin. -->","yoast_head_json":{"title":"Liban : \u00c9vacuation de Tunisiens via la Jordanie demain","description":"L'ambassadeur du Liban en Tunisie, Tony Frangi\u00e9, a annonc\u00e9 qu'il est probable qu'un certain nombre de Tunisiens pr\u00e9sents au Liban soient transf\u00e9r\u00e9s \u00e0 Amman, en...","canonical":"https:\/\/www.webdo.tn\/fr\/actualite\/national\/liban-evacuation-de-tunisiens-via-la-jordanie-demain\/216746\/","og_locale":"fr_FR","og_type":"article","og_title":"Liban : \u00c9vacuation de Tunisiens via la Jordanie demain","og_description":"L'ambassadeur du Liban en Tunisie, Tony Frangi\u00e9, a annonc\u00e9 qu'il est probable qu'un certain nombre de Tunisiens pr\u00e9sents au Liban soient transf\u00e9r\u00e9s \u00e0 Amman, en...","og_url":"https:\/\/www.webdo.tn\/fr\/actualite\/national\/liban-evacuation-de-tunisiens-via-la-jordanie-demain\/216746\/","og_site_name":"webdo","article_publisher":"https:\/\/www.facebook.com\/webdotn","article_published_time":"2024-10-02T15:11:00+00:00","article_modified_time":"2025-05-20T22:14:26+00:00","og_image":[{"width":750,"height":400,"url":"https:\/\/www.webdo.tn\/fr\/wp-content\/uploads\/2024\/10\/c6723c622182f1e2416a8200f86f8fae.webp","type":"image\/webp"}],"author":"MC","twitter_card":"summary_large_image","twitter_creator":"@webdo_tn","twitter_site":"@webdo_tn","twitter_misc":{"\u00c9crit par":"MC","Dur\u00e9e de lecture estim\u00e9e":"1 minute"},"schema":{"@context":"https:\/\/schema.org","@graph":[{"@type":"NewsArticle","@id":"https:\/\/www.webdo.tn\/fr\/actualite\/national\/liban-evacuation-de-tunisiens-via-la-jordanie-demain\/216746\/#article","isPartOf":{"@id":"https:\/\/www.webdo.tn\/fr\/actualite\/national\/liban-evacuation-de-tunisiens-via-la-jordanie-demain\/216746\/"},"author":{"name":"MC","@id":"https:\/\/www.webdo.tn\/fr\/#\/schema\/person\/2c4929cbf5a809e3bd38617c6ce150f6"},"headline":"Liban : \u00c9vacuation de Tunisiens via la Jordanie demain","datePublished":"2024-10-02T15:11:00+00:00","dateModified":"2025-05-20T22:14:26+00:00","mainEntityOfPage":{"@id":"https:\/\/www.webdo.tn\/fr\/actualite\/national\/liban-evacuation-de-tunisiens-via-la-jordanie-demain\/216746\/"},"wordCount":240,"commentCount":0,"publisher":{"@id":"https:\/\/www.webdo.tn\/fr\/#organization"},"image":{"@id":"https:\/\/www.webdo.tn\/fr\/actualite\/national\/liban-evacuation-de-tunisiens-via-la-jordanie-demain\/216746\/#primaryimage"},"thumbnailUrl":"https:\/\/www.webdo.tn\/fr\/wp-content\/uploads\/2024\/10\/c6723c622182f1e2416a8200f86f8fae.webp","keywords":["\u00e9vacuation","Jordanie","liban","rapatriement","Tunisie","Tunisiens","vol"],"articleSection":["National"],"inLanguage":"fr-FR"},{"@type":"WebPage","@id":"https:\/\/www.webdo.tn\/fr\/actualite\/national\/liban-evacuation-de-tunisiens-via-la-jordanie-demain\/216746\/","url":"https:\/\/www.webdo.tn\/fr\/actualite\/national\/liban-evacuation-de-tunisiens-via-la-jordanie-demain\/216746\/","name":"Liban : \u00c9vacuation de Tunisiens via la Jordanie demain","isPartOf":{"@id":"https:\/\/www.webdo.tn\/fr\/#website"},"primaryImageOfPage":{"@id":"https:\/\/www.webdo.tn\/fr\/actualite\/national\/liban-evacuation-de-tunisiens-via-la-jordanie-demain\/216746\/#primaryimage"},"image":{"@id":"https:\/\/www.webdo.tn\/fr\/actualite\/national\/liban-evacuation-de-tunisiens-via-la-jordanie-demain\/216746\/#primaryimage"},"thumbnailUrl":"https:\/\/www.webdo.tn\/fr\/wp-content\/uploads\/2024\/10\/c6723c622182f1e2416a8200f86f8fae.webp","datePublished":"2024-10-02T15:11:00+00:00","dateModified":"2025-05-20T22:14:26+00:00","description":"L'ambassadeur du Liban en Tunisie, Tony Frangi\u00e9, a annonc\u00e9 qu'il est probable qu'un certain nombre de Tunisiens pr\u00e9sents au Liban soient transf\u00e9r\u00e9s \u00e0 Amman, en...","breadcrumb":{"@id":"https:\/\/www.webdo.tn\/fr\/actualite\/national\/liban-evacuation-de-tunisiens-via-la-jordanie-demain\/216746\/#breadcrumb"},"inLanguage":"fr-FR","potentialAction":[{"@type":"ReadAction","target":["https:\/\/www.webdo.tn\/fr\/actualite\/national\/liban-evacuation-de-tunisiens-via-la-jordanie-demain\/216746\/"]}]},{"@type":"ImageObject","inLanguage":"fr-FR","@id":"https:\/\/www.webdo.tn\/fr\/actualite\/national\/liban-evacuation-de-tunisiens-via-la-jordanie-demain\/216746\/#primaryimage","url":"https:\/\/www.webdo.tn\/fr\/wp-content\/uploads\/2024\/10\/c6723c622182f1e2416a8200f86f8fae.webp","contentUrl":"https:\/\/www.webdo.tn\/fr\/wp-content\/uploads\/2024\/10\/c6723c622182f1e2416a8200f86f8fae.webp","width":750,"height":400,"caption":"Liban : \u00c9vacuation de Tunisiens via la Jordanie demain"},{"@type":"BreadcrumbList","@id":"https:\/\/www.webdo.tn\/fr\/actualite\/national\/liban-evacuation-de-tunisiens-via-la-jordanie-demain\/216746\/#breadcrumb","itemListElement":[{"@type":"ListItem","position":1,"name":"Accueil","item":"https:\/\/www.webdo.tn\/fr\/"},{"@type":"ListItem","position":2,"name":"Liban : \u00c9vacuation de Tunisiens via la Jordanie demain"}]},{"@type":"WebSite","@id":"https:\/\/www.webdo.tn\/fr\/#website","url":"https:\/\/www.webdo.tn\/fr\/","name":"webdo","description":"Tunisie - News en Tunisie et \u00e0 l&#039;international sur Webdo.tn","publisher":{"@id":"https:\/\/www.webdo.tn\/fr\/#organization"},"potentialAction":[{"@type":"SearchAction","target":{"@type":"EntryPoint","urlTemplate":"https:\/\/www.webdo.tn\/fr\/?s={search_term_string}"},"query-input":{"@type":"PropertyValueSpecification","valueRequired":true,"valueName":"search_term_string"}}],"inLanguage":"fr-FR"},{"@type":"Organization","@id":"https:\/\/www.webdo.tn\/fr\/#organization","name":"Webdo","alternateName":"Webdo.tn","url":"https:\/\/www.webdo.tn\/fr\/","logo":{"@type":"ImageObject","inLanguage":"fr-FR","@id":"https:\/\/www.webdo.tn\/fr\/#\/schema\/logo\/image\/","url":"https:\/\/www.webdo.tn\/fr\/wp-content\/uploads\/2025\/06\/Webdo-Tunisie_168377.jpg","contentUrl":"https:\/\/www.webdo.tn\/fr\/wp-content\/uploads\/2025\/06\/Webdo-Tunisie_168377.jpg","width":301,"height":301,"caption":"Webdo"},"image":{"@id":"https:\/\/www.webdo.tn\/fr\/#\/schema\/logo\/image\/"},"sameAs":["https:\/\/www.facebook.com\/webdotn","https:\/\/x.com\/webdo_tn"],"description":"Webdo est un m\u00e9dia num\u00e9rique tunisien fond\u00e9 en 2010, sp\u00e9cialis\u00e9 dans l\u2019actualit\u00e9 nationale et internationale, l\u2019\u00e9conomie, la soci\u00e9t\u00e9 et les analyses politiques. Le site s\u2019adresse \u00e0 un large public francophone et couvre l\u2019information tunisienne en temps r\u00e9el.","email":"redac@webdo.tn","legalName":"YNJ SARL","foundingDate":"2010-09-06","numberOfEmployees":{"@type":"QuantitativeValue","minValue":"11","maxValue":"50"}},{"@type":"Person","@id":"https:\/\/www.webdo.tn\/fr\/#\/schema\/person\/2c4929cbf5a809e3bd38617c6ce150f6","name":"MC","image":{"@type":"ImageObject","inLanguage":"fr-FR","@id":"https:\/\/secure.gravatar.com\/avatar\/a545bbb6f84efdd5553dbbc2895e3ca8f1d12c5215e00a041c9670b54aa9b18a?s=96&d=mm&r=g","url":"https:\/\/secure.gravatar.com\/avatar\/a545bbb6f84efdd5553dbbc2895e3ca8f1d12c5215e00a041c9670b54aa9b18a?s=96&d=mm&r=g","contentUrl":"https:\/\/secure.gravatar.com\/avatar\/a545bbb6f84efdd5553dbbc2895e3ca8f1d12c5215e00a041c9670b54aa9b18a?s=96&d=mm&r=g","caption":"MC"},"url":"https:\/\/www.webdo.tn\/fr\/actualite\/author\/mc\/"}]}},"_links":{"self":[{"href":"https:\/\/www.webdo.tn\/fr\/wp-json\/wp\/v2\/posts\/216746","targetHints":{"allow":["GET"]}}],"collection":[{"href":"https:\/\/www.webdo.tn\/fr\/wp-json\/wp\/v2\/posts"}],"about":[{"href":"https:\/\/www.webdo.tn\/fr\/wp-json\/wp\/v2\/types\/post"}],"author":[{"embeddable":true,"href":"https:\/\/www.webdo.tn\/fr\/wp-json\/wp\/v2\/users\/3162"}],"replies":[{"embeddable":true,"href":"https:\/\/www.webdo.tn\/fr\/wp-json\/wp\/v2\/comments?post=216746"}],"version-history":[{"count":0,"href":"https:\/\/www.webdo.tn\/fr\/wp-json\/wp\/v2\/posts\/216746\/revisions"}],"wp:featuredmedia":[{"embeddable":true,"href":"https:\/\/www.webdo.tn\/fr\/wp-json\/wp\/v2\/media\/291135"}],"wp:attachment":[{"href":"https:\/\/www.webdo.tn\/fr\/wp-json\/wp\/v2\/media?parent=216746"}],"wp:term":[{"taxonomy":"category","embeddable":true,"href":"https:\/\/www.webdo.tn\/fr\/wp-json\/wp\/v2\/categories?post=216746"},{"taxonomy":"post_tag","embeddable":true,"href":"https:\/\/www.webdo.tn\/fr\/wp-json\/wp\/v2\/tags?post=216746"}],"curies":[{"name":"wp","href":"https:\/\/api.w.org\/{rel}","templated":true}]}}