{"id":216744,"date":"2024-10-02T13:31:00","date_gmt":"2024-10-02T13:31:00","guid":{"rendered":"https:\/\/www.webdo.tn\/fr\/blog\/le-vol-de-rapatriement-de-tunisiens-au-liban-reporte\/216744\/"},"modified":"2025-05-20T22:14:25","modified_gmt":"2025-05-20T22:14:25","slug":"le-vol-de-rapatriement-de-tunisiens-au-liban-reporte","status":"publish","type":"post","link":"https:\/\/www.webdo.tn\/fr\/actualite\/national\/le-vol-de-rapatriement-de-tunisiens-au-liban-reporte\/216744\/","title":{"rendered":"Le vol de rapatriement de Tunisiens au Liban, report\u00e9"},"content":{"rendered":"<p>L&rsquo;ambassade de Tunisie au Liban a, indiqu\u00e9, dans un communiqu\u00e9 publi\u00e9 ce mercredi 2 octobre 2024, que le vol de rapatriement initialement pr\u00e9vu hier, a \u00e9t\u00e9 report\u00e9 en raison de la situation s\u00e9curitaire qualifi\u00e9e de \u00ab\u00a0dangereuse\u00a0\u00bb.<\/p>\n<p>\t\t\t\t\t\t\t\t\tDans ce communiqu\u00e9 l&rsquo;ambassade de Tunisie au Liban a appel\u00e9 la communaut\u00e9 tunisienne \u00e0 \u00ab\u00a0ne pas pr\u00eater attention aux rumeurs\u00a0\u00bb et \u00e0 s&rsquo;informer exclusivement via la page officielle de l&rsquo;ambassade ou aupr\u00e8s de son \u00e9quipe.<\/p>\n<p>Elle a expliqu\u00e9 que le vol de rapatriement initialement pr\u00e9vu hier, a \u00e9t\u00e9 report\u00e9 en raison de la situation s\u00e9curitaire \u00ab\u00a0dangereuse\u00a0\u00bb, pr\u00e9cisant que les autorit\u00e9s s&rsquo;efforcent de \u00ab\u00a0surmonter les obstacles\u00a0\u00bb.<\/p>\n<p>Elle indique en outre que les 260 personnes concern\u00e9es par ce premier vol de rapatriement, seront contact\u00e9es pour \u00eatre tenues inform\u00e9es de l&rsquo;\u00e9volution de la situation et des solutions alternatives si n\u00e9cessaire.<\/p>\n<p>Par ailleurs, l\u2019ambassade ajoute que Tunisiens ayant d\u00e9pos\u00e9 des demandes de rapatriement mais qui ne figurent pas sur la liste du premier vol seront \u00e9galement inform\u00e9s des mesures urgentes prises \u00e0 leur \u00e9gard, soit via un communiqu\u00e9 sur la page de l\u2019ambassade, soit par contact direct avec ses services.<\/p>\n<p>Un vol sp\u00e9cial destin\u00e9 \u00e0 rapatrier les premiers ressortissants tunisiens souhaitant quitter le Liban en proie \u00e0 l\u2019agression sioniste, devait d\u00e9coller, hier mardi 1er octobre, avec \u00e0 son bord 260 Tunisiens r\u00e9sidant au Liban.<\/p>\n<p>Ces 260 personnes concern\u00e9es par ce vol font partie d\u2019une liste \u00e9tablie par l\u2019ambassade de Tunisie au Liban. Liste qui comporte 404 demandes de r\u00e9servation, sachant que la s\u00e9lection a \u00e9t\u00e9 faite selon les priorit\u00e9s s\u00e9curitaires, sanitaires et humanitaires.<br \/>\nIl s&rsquo;agit d\u2019\u00e9tudiants, de Tunisiens d\u00e9plac\u00e9s ou ceux qui se trouvent dans des zones dangereuses, en particulier dans le sud du Liban, la banlieue sud de Beyrouth et certaines r\u00e9gions de la Bekaa. Il s\u2019agit \u00e9galement des personnes sans soutien familial ou celles dont la sant\u00e9 n\u00e9cessite un soutien.<\/p>\n<p>Rappelons que la communaut\u00e9 tunisienne au Liban est compos\u00e9e d&rsquo;environ 1970 personnes dont un quart sont des enfants mineurs.<\/p>\n<p>D\u2019un autre c\u00f4t\u00e9, Mohamed Ali Nafti, ministre des Affaires \u00c9trang\u00e8res, de la Migration et des Tunisiens \u00e0 l\u2019\u00c9tranger, a eu, hier, un entretien t\u00e9l\u00e9phonique avec son homologue libanais, M. Abdallah Bouhabib, qui a r\u00e9it\u00e9r\u00e9 la disposition des autorit\u00e9s de son pays \u00e0 coordonner avec la partie tunisienne afin d\u2019assurer le retour en toute s\u00e9curit\u00e9 en Tunisie des membres de la communaut\u00e9 tunisienne souhaitant \u00eatre rapatri\u00e9s, et ce compte tenu de l\u2019escalade militaire qui frappe le Liban.<\/p>\n<p>Le ministre des Affaires \u00c9trang\u00e8res a ensuite re\u00e7u, Tony Frangi\u00e9, Ambassadeur du Liban en Tunisie pour un entretien portant sur la situation actuelle au Liban.<\/p>\n","protected":false},"excerpt":{"rendered":"<p>L&rsquo;ambassade de Tunisie au Liban a, indiqu\u00e9, dans un communiqu\u00e9 publi\u00e9 ce mercredi 2 octobre 2024, que le vol de rapatriement initialement pr\u00e9vu hier, a \u00e9t\u00e9 repo&#8230;<\/p>\n","protected":false},"author":3162,"featured_media":291132,"comment_status":"open","ping_status":"closed","sticky":false,"template":"","format":"standard","meta":{"footnotes":""},"categories":[44],"tags":[10485,5146,3920,5538,2608,5612],"class_list":["post-216744","post","type-post","status-publish","format-standard","has-post-thumbnail","hentry","category-national","tag-vol-tunisair","tag-conflit","tag-liban","tag-rapatriement","tag-tunisie","tag-tunisiens-au-liban"],"yoast_head":"<!-- This site is optimized with the Yoast SEO Premium plugin v27.4 (Yoast SEO v27.5) - https:\/\/yoast.com\/product\/yoast-seo-premium-wordpress\/ -->\n<title>Le vol de rapatriement de Tunisiens au Liban, report\u00e9<\/title>\n<meta name=\"description\" content=\"L&#039;ambassade de Tunisie au Liban a, indiqu\u00e9, dans un communiqu\u00e9 publi\u00e9 ce mercredi 2 octobre 2024, que le vol de rapatriement initialement pr\u00e9vu hier, a \u00e9t\u00e9 repo...\" \/>\n<link rel=\"canonical\" href=\"https:\/\/www.webdo.tn\/fr\/actualite\/national\/le-vol-de-rapatriement-de-tunisiens-au-liban-reporte\/216744\/\" \/>\n<meta property=\"og:locale\" content=\"fr_FR\" \/>\n<meta property=\"og:type\" content=\"article\" \/>\n<meta property=\"og:title\" content=\"Le vol de rapatriement de Tunisiens au Liban, report\u00e9\" \/>\n<meta property=\"og:description\" content=\"L&#039;ambassade de Tunisie au Liban a, indiqu\u00e9, dans un communiqu\u00e9 publi\u00e9 ce mercredi 2 octobre 2024, que le vol de rapatriement initialement pr\u00e9vu hier, a \u00e9t\u00e9 repo...\" \/>\n<meta property=\"og:url\" content=\"https:\/\/www.webdo.tn\/fr\/actualite\/national\/le-vol-de-rapatriement-de-tunisiens-au-liban-reporte\/216744\/\" \/>\n<meta property=\"og:site_name\" content=\"webdo\" \/>\n<meta property=\"article:publisher\" content=\"https:\/\/www.facebook.com\/webdotn\" \/>\n<meta property=\"article:published_time\" content=\"2024-10-02T13:31:00+00:00\" \/>\n<meta property=\"article:modified_time\" content=\"2025-05-20T22:14:25+00:00\" \/>\n<meta property=\"og:image\" content=\"https:\/\/www.webdo.tn\/fr\/wp-content\/uploads\/2024\/10\/9c62ec0ccd525f927b77689fd1159dd0.webp\" \/>\n\t<meta property=\"og:image:width\" content=\"750\" \/>\n\t<meta property=\"og:image:height\" content=\"400\" \/>\n\t<meta property=\"og:image:type\" content=\"image\/webp\" \/>\n<meta name=\"author\" content=\"MC\" \/>\n<meta name=\"twitter:card\" content=\"summary_large_image\" \/>\n<meta name=\"twitter:creator\" content=\"@webdo_tn\" \/>\n<meta name=\"twitter:site\" content=\"@webdo_tn\" \/>\n<meta name=\"twitter:label1\" content=\"\u00c9crit par\" \/>\n\t<meta name=\"twitter:data1\" content=\"MC\" \/>\n\t<meta name=\"twitter:label2\" content=\"Dur\u00e9e de lecture estim\u00e9e\" \/>\n\t<meta name=\"twitter:data2\" content=\"2 minutes\" \/>\n<script type=\"application\/ld+json\" class=\"yoast-schema-graph\">{\"@context\":\"https:\\\/\\\/schema.org\",\"@graph\":[{\"@type\":\"NewsArticle\",\"@id\":\"https:\\\/\\\/www.webdo.tn\\\/fr\\\/actualite\\\/national\\\/le-vol-de-rapatriement-de-tunisiens-au-liban-reporte\\\/216744\\\/#article\",\"isPartOf\":{\"@id\":\"https:\\\/\\\/www.webdo.tn\\\/fr\\\/actualite\\\/national\\\/le-vol-de-rapatriement-de-tunisiens-au-liban-reporte\\\/216744\\\/\"},\"author\":{\"name\":\"MC\",\"@id\":\"https:\\\/\\\/www.webdo.tn\\\/fr\\\/#\\\/schema\\\/person\\\/2c4929cbf5a809e3bd38617c6ce150f6\"},\"headline\":\"Le vol de rapatriement de Tunisiens au Liban, report\u00e9\",\"datePublished\":\"2024-10-02T13:31:00+00:00\",\"dateModified\":\"2025-05-20T22:14:25+00:00\",\"mainEntityOfPage\":{\"@id\":\"https:\\\/\\\/www.webdo.tn\\\/fr\\\/actualite\\\/national\\\/le-vol-de-rapatriement-de-tunisiens-au-liban-reporte\\\/216744\\\/\"},\"wordCount\":476,\"commentCount\":0,\"publisher\":{\"@id\":\"https:\\\/\\\/www.webdo.tn\\\/fr\\\/#organization\"},\"image\":{\"@id\":\"https:\\\/\\\/www.webdo.tn\\\/fr\\\/actualite\\\/national\\\/le-vol-de-rapatriement-de-tunisiens-au-liban-reporte\\\/216744\\\/#primaryimage\"},\"thumbnailUrl\":\"https:\\\/\\\/www.webdo.tn\\\/fr\\\/wp-content\\\/uploads\\\/2024\\\/10\\\/9c62ec0ccd525f927b77689fd1159dd0.webp\",\"keywords\":[\"'vol tunisair']\",\"conflit\",\"liban\",\"rapatriement\",\"Tunisie\",\"Tunisiens au Liban\"],\"articleSection\":[\"National\"],\"inLanguage\":\"fr-FR\"},{\"@type\":\"WebPage\",\"@id\":\"https:\\\/\\\/www.webdo.tn\\\/fr\\\/actualite\\\/national\\\/le-vol-de-rapatriement-de-tunisiens-au-liban-reporte\\\/216744\\\/\",\"url\":\"https:\\\/\\\/www.webdo.tn\\\/fr\\\/actualite\\\/national\\\/le-vol-de-rapatriement-de-tunisiens-au-liban-reporte\\\/216744\\\/\",\"name\":\"Le vol de rapatriement de Tunisiens au Liban, report\u00e9\",\"isPartOf\":{\"@id\":\"https:\\\/\\\/www.webdo.tn\\\/fr\\\/#website\"},\"primaryImageOfPage\":{\"@id\":\"https:\\\/\\\/www.webdo.tn\\\/fr\\\/actualite\\\/national\\\/le-vol-de-rapatriement-de-tunisiens-au-liban-reporte\\\/216744\\\/#primaryimage\"},\"image\":{\"@id\":\"https:\\\/\\\/www.webdo.tn\\\/fr\\\/actualite\\\/national\\\/le-vol-de-rapatriement-de-tunisiens-au-liban-reporte\\\/216744\\\/#primaryimage\"},\"thumbnailUrl\":\"https:\\\/\\\/www.webdo.tn\\\/fr\\\/wp-content\\\/uploads\\\/2024\\\/10\\\/9c62ec0ccd525f927b77689fd1159dd0.webp\",\"datePublished\":\"2024-10-02T13:31:00+00:00\",\"dateModified\":\"2025-05-20T22:14:25+00:00\",\"description\":\"L'ambassade de Tunisie au Liban a, indiqu\u00e9, dans un communiqu\u00e9 publi\u00e9 ce mercredi 2 octobre 2024, que le vol de rapatriement initialement pr\u00e9vu hier, a \u00e9t\u00e9 repo...\",\"breadcrumb\":{\"@id\":\"https:\\\/\\\/www.webdo.tn\\\/fr\\\/actualite\\\/national\\\/le-vol-de-rapatriement-de-tunisiens-au-liban-reporte\\\/216744\\\/#breadcrumb\"},\"inLanguage\":\"fr-FR\",\"potentialAction\":[{\"@type\":\"ReadAction\",\"target\":[\"https:\\\/\\\/www.webdo.tn\\\/fr\\\/actualite\\\/national\\\/le-vol-de-rapatriement-de-tunisiens-au-liban-reporte\\\/216744\\\/\"]}]},{\"@type\":\"ImageObject\",\"inLanguage\":\"fr-FR\",\"@id\":\"https:\\\/\\\/www.webdo.tn\\\/fr\\\/actualite\\\/national\\\/le-vol-de-rapatriement-de-tunisiens-au-liban-reporte\\\/216744\\\/#primaryimage\",\"url\":\"https:\\\/\\\/www.webdo.tn\\\/fr\\\/wp-content\\\/uploads\\\/2024\\\/10\\\/9c62ec0ccd525f927b77689fd1159dd0.webp\",\"contentUrl\":\"https:\\\/\\\/www.webdo.tn\\\/fr\\\/wp-content\\\/uploads\\\/2024\\\/10\\\/9c62ec0ccd525f927b77689fd1159dd0.webp\",\"width\":750,\"height\":400,\"caption\":\"Le vol de rapatriement de Tunisiens au Liban, report\u00e9\"},{\"@type\":\"BreadcrumbList\",\"@id\":\"https:\\\/\\\/www.webdo.tn\\\/fr\\\/actualite\\\/national\\\/le-vol-de-rapatriement-de-tunisiens-au-liban-reporte\\\/216744\\\/#breadcrumb\",\"itemListElement\":[{\"@type\":\"ListItem\",\"position\":1,\"name\":\"Accueil\",\"item\":\"https:\\\/\\\/www.webdo.tn\\\/fr\\\/\"},{\"@type\":\"ListItem\",\"position\":2,\"name\":\"Le vol de rapatriement de Tunisiens au Liban, report\u00e9\"}]},{\"@type\":\"WebSite\",\"@id\":\"https:\\\/\\\/www.webdo.tn\\\/fr\\\/#website\",\"url\":\"https:\\\/\\\/www.webdo.tn\\\/fr\\\/\",\"name\":\"webdo\",\"description\":\"Tunisie - News en Tunisie et \u00e0 l&#039;international sur Webdo.tn\",\"publisher\":{\"@id\":\"https:\\\/\\\/www.webdo.tn\\\/fr\\\/#organization\"},\"potentialAction\":[{\"@type\":\"SearchAction\",\"target\":{\"@type\":\"EntryPoint\",\"urlTemplate\":\"https:\\\/\\\/www.webdo.tn\\\/fr\\\/?s={search_term_string}\"},\"query-input\":{\"@type\":\"PropertyValueSpecification\",\"valueRequired\":true,\"valueName\":\"search_term_string\"}}],\"inLanguage\":\"fr-FR\"},{\"@type\":\"Organization\",\"@id\":\"https:\\\/\\\/www.webdo.tn\\\/fr\\\/#organization\",\"name\":\"Webdo\",\"alternateName\":\"Webdo.tn\",\"url\":\"https:\\\/\\\/www.webdo.tn\\\/fr\\\/\",\"logo\":{\"@type\":\"ImageObject\",\"inLanguage\":\"fr-FR\",\"@id\":\"https:\\\/\\\/www.webdo.tn\\\/fr\\\/#\\\/schema\\\/logo\\\/image\\\/\",\"url\":\"https:\\\/\\\/www.webdo.tn\\\/fr\\\/wp-content\\\/uploads\\\/2025\\\/06\\\/Webdo-Tunisie_168377.jpg\",\"contentUrl\":\"https:\\\/\\\/www.webdo.tn\\\/fr\\\/wp-content\\\/uploads\\\/2025\\\/06\\\/Webdo-Tunisie_168377.jpg\",\"width\":301,\"height\":301,\"caption\":\"Webdo\"},\"image\":{\"@id\":\"https:\\\/\\\/www.webdo.tn\\\/fr\\\/#\\\/schema\\\/logo\\\/image\\\/\"},\"sameAs\":[\"https:\\\/\\\/www.facebook.com\\\/webdotn\",\"https:\\\/\\\/x.com\\\/webdo_tn\"],\"description\":\"Webdo est un m\u00e9dia num\u00e9rique tunisien fond\u00e9 en 2010, sp\u00e9cialis\u00e9 dans l\u2019actualit\u00e9 nationale et internationale, l\u2019\u00e9conomie, la soci\u00e9t\u00e9 et les analyses politiques. Le site s\u2019adresse \u00e0 un large public francophone et couvre l\u2019information tunisienne en temps r\u00e9el.\",\"email\":\"redac@webdo.tn\",\"legalName\":\"YNJ SARL\",\"foundingDate\":\"2010-09-06\",\"numberOfEmployees\":{\"@type\":\"QuantitativeValue\",\"minValue\":\"11\",\"maxValue\":\"50\"}},{\"@type\":\"Person\",\"@id\":\"https:\\\/\\\/www.webdo.tn\\\/fr\\\/#\\\/schema\\\/person\\\/2c4929cbf5a809e3bd38617c6ce150f6\",\"name\":\"MC\",\"image\":{\"@type\":\"ImageObject\",\"inLanguage\":\"fr-FR\",\"@id\":\"https:\\\/\\\/secure.gravatar.com\\\/avatar\\\/a545bbb6f84efdd5553dbbc2895e3ca8f1d12c5215e00a041c9670b54aa9b18a?s=96&d=mm&r=g\",\"url\":\"https:\\\/\\\/secure.gravatar.com\\\/avatar\\\/a545bbb6f84efdd5553dbbc2895e3ca8f1d12c5215e00a041c9670b54aa9b18a?s=96&d=mm&r=g\",\"contentUrl\":\"https:\\\/\\\/secure.gravatar.com\\\/avatar\\\/a545bbb6f84efdd5553dbbc2895e3ca8f1d12c5215e00a041c9670b54aa9b18a?s=96&d=mm&r=g\",\"caption\":\"MC\"},\"url\":\"https:\\\/\\\/www.webdo.tn\\\/fr\\\/actualite\\\/author\\\/mc\\\/\"}]}<\/script>\n<!-- \/ Yoast SEO Premium plugin. -->","yoast_head_json":{"title":"Le vol de rapatriement de Tunisiens au Liban, report\u00e9","description":"L'ambassade de Tunisie au Liban a, indiqu\u00e9, dans un communiqu\u00e9 publi\u00e9 ce mercredi 2 octobre 2024, que le vol de rapatriement initialement pr\u00e9vu hier, a \u00e9t\u00e9 repo...","canonical":"https:\/\/www.webdo.tn\/fr\/actualite\/national\/le-vol-de-rapatriement-de-tunisiens-au-liban-reporte\/216744\/","og_locale":"fr_FR","og_type":"article","og_title":"Le vol de rapatriement de Tunisiens au Liban, report\u00e9","og_description":"L'ambassade de Tunisie au Liban a, indiqu\u00e9, dans un communiqu\u00e9 publi\u00e9 ce mercredi 2 octobre 2024, que le vol de rapatriement initialement pr\u00e9vu hier, a \u00e9t\u00e9 repo...","og_url":"https:\/\/www.webdo.tn\/fr\/actualite\/national\/le-vol-de-rapatriement-de-tunisiens-au-liban-reporte\/216744\/","og_site_name":"webdo","article_publisher":"https:\/\/www.facebook.com\/webdotn","article_published_time":"2024-10-02T13:31:00+00:00","article_modified_time":"2025-05-20T22:14:25+00:00","og_image":[{"width":750,"height":400,"url":"https:\/\/www.webdo.tn\/fr\/wp-content\/uploads\/2024\/10\/9c62ec0ccd525f927b77689fd1159dd0.webp","type":"image\/webp"}],"author":"MC","twitter_card":"summary_large_image","twitter_creator":"@webdo_tn","twitter_site":"@webdo_tn","twitter_misc":{"\u00c9crit par":"MC","Dur\u00e9e de lecture estim\u00e9e":"2 minutes"},"schema":{"@context":"https:\/\/schema.org","@graph":[{"@type":"NewsArticle","@id":"https:\/\/www.webdo.tn\/fr\/actualite\/national\/le-vol-de-rapatriement-de-tunisiens-au-liban-reporte\/216744\/#article","isPartOf":{"@id":"https:\/\/www.webdo.tn\/fr\/actualite\/national\/le-vol-de-rapatriement-de-tunisiens-au-liban-reporte\/216744\/"},"author":{"name":"MC","@id":"https:\/\/www.webdo.tn\/fr\/#\/schema\/person\/2c4929cbf5a809e3bd38617c6ce150f6"},"headline":"Le vol de rapatriement de Tunisiens au Liban, report\u00e9","datePublished":"2024-10-02T13:31:00+00:00","dateModified":"2025-05-20T22:14:25+00:00","mainEntityOfPage":{"@id":"https:\/\/www.webdo.tn\/fr\/actualite\/national\/le-vol-de-rapatriement-de-tunisiens-au-liban-reporte\/216744\/"},"wordCount":476,"commentCount":0,"publisher":{"@id":"https:\/\/www.webdo.tn\/fr\/#organization"},"image":{"@id":"https:\/\/www.webdo.tn\/fr\/actualite\/national\/le-vol-de-rapatriement-de-tunisiens-au-liban-reporte\/216744\/#primaryimage"},"thumbnailUrl":"https:\/\/www.webdo.tn\/fr\/wp-content\/uploads\/2024\/10\/9c62ec0ccd525f927b77689fd1159dd0.webp","keywords":["'vol tunisair']","conflit","liban","rapatriement","Tunisie","Tunisiens au Liban"],"articleSection":["National"],"inLanguage":"fr-FR"},{"@type":"WebPage","@id":"https:\/\/www.webdo.tn\/fr\/actualite\/national\/le-vol-de-rapatriement-de-tunisiens-au-liban-reporte\/216744\/","url":"https:\/\/www.webdo.tn\/fr\/actualite\/national\/le-vol-de-rapatriement-de-tunisiens-au-liban-reporte\/216744\/","name":"Le vol de rapatriement de Tunisiens au Liban, report\u00e9","isPartOf":{"@id":"https:\/\/www.webdo.tn\/fr\/#website"},"primaryImageOfPage":{"@id":"https:\/\/www.webdo.tn\/fr\/actualite\/national\/le-vol-de-rapatriement-de-tunisiens-au-liban-reporte\/216744\/#primaryimage"},"image":{"@id":"https:\/\/www.webdo.tn\/fr\/actualite\/national\/le-vol-de-rapatriement-de-tunisiens-au-liban-reporte\/216744\/#primaryimage"},"thumbnailUrl":"https:\/\/www.webdo.tn\/fr\/wp-content\/uploads\/2024\/10\/9c62ec0ccd525f927b77689fd1159dd0.webp","datePublished":"2024-10-02T13:31:00+00:00","dateModified":"2025-05-20T22:14:25+00:00","description":"L'ambassade de Tunisie au Liban a, indiqu\u00e9, dans un communiqu\u00e9 publi\u00e9 ce mercredi 2 octobre 2024, que le vol de rapatriement initialement pr\u00e9vu hier, a \u00e9t\u00e9 repo...","breadcrumb":{"@id":"https:\/\/www.webdo.tn\/fr\/actualite\/national\/le-vol-de-rapatriement-de-tunisiens-au-liban-reporte\/216744\/#breadcrumb"},"inLanguage":"fr-FR","potentialAction":[{"@type":"ReadAction","target":["https:\/\/www.webdo.tn\/fr\/actualite\/national\/le-vol-de-rapatriement-de-tunisiens-au-liban-reporte\/216744\/"]}]},{"@type":"ImageObject","inLanguage":"fr-FR","@id":"https:\/\/www.webdo.tn\/fr\/actualite\/national\/le-vol-de-rapatriement-de-tunisiens-au-liban-reporte\/216744\/#primaryimage","url":"https:\/\/www.webdo.tn\/fr\/wp-content\/uploads\/2024\/10\/9c62ec0ccd525f927b77689fd1159dd0.webp","contentUrl":"https:\/\/www.webdo.tn\/fr\/wp-content\/uploads\/2024\/10\/9c62ec0ccd525f927b77689fd1159dd0.webp","width":750,"height":400,"caption":"Le vol de rapatriement de Tunisiens au Liban, report\u00e9"},{"@type":"BreadcrumbList","@id":"https:\/\/www.webdo.tn\/fr\/actualite\/national\/le-vol-de-rapatriement-de-tunisiens-au-liban-reporte\/216744\/#breadcrumb","itemListElement":[{"@type":"ListItem","position":1,"name":"Accueil","item":"https:\/\/www.webdo.tn\/fr\/"},{"@type":"ListItem","position":2,"name":"Le vol de rapatriement de Tunisiens au Liban, report\u00e9"}]},{"@type":"WebSite","@id":"https:\/\/www.webdo.tn\/fr\/#website","url":"https:\/\/www.webdo.tn\/fr\/","name":"webdo","description":"Tunisie - News en Tunisie et \u00e0 l&#039;international sur Webdo.tn","publisher":{"@id":"https:\/\/www.webdo.tn\/fr\/#organization"},"potentialAction":[{"@type":"SearchAction","target":{"@type":"EntryPoint","urlTemplate":"https:\/\/www.webdo.tn\/fr\/?s={search_term_string}"},"query-input":{"@type":"PropertyValueSpecification","valueRequired":true,"valueName":"search_term_string"}}],"inLanguage":"fr-FR"},{"@type":"Organization","@id":"https:\/\/www.webdo.tn\/fr\/#organization","name":"Webdo","alternateName":"Webdo.tn","url":"https:\/\/www.webdo.tn\/fr\/","logo":{"@type":"ImageObject","inLanguage":"fr-FR","@id":"https:\/\/www.webdo.tn\/fr\/#\/schema\/logo\/image\/","url":"https:\/\/www.webdo.tn\/fr\/wp-content\/uploads\/2025\/06\/Webdo-Tunisie_168377.jpg","contentUrl":"https:\/\/www.webdo.tn\/fr\/wp-content\/uploads\/2025\/06\/Webdo-Tunisie_168377.jpg","width":301,"height":301,"caption":"Webdo"},"image":{"@id":"https:\/\/www.webdo.tn\/fr\/#\/schema\/logo\/image\/"},"sameAs":["https:\/\/www.facebook.com\/webdotn","https:\/\/x.com\/webdo_tn"],"description":"Webdo est un m\u00e9dia num\u00e9rique tunisien fond\u00e9 en 2010, sp\u00e9cialis\u00e9 dans l\u2019actualit\u00e9 nationale et internationale, l\u2019\u00e9conomie, la soci\u00e9t\u00e9 et les analyses politiques. Le site s\u2019adresse \u00e0 un large public francophone et couvre l\u2019information tunisienne en temps r\u00e9el.","email":"redac@webdo.tn","legalName":"YNJ SARL","foundingDate":"2010-09-06","numberOfEmployees":{"@type":"QuantitativeValue","minValue":"11","maxValue":"50"}},{"@type":"Person","@id":"https:\/\/www.webdo.tn\/fr\/#\/schema\/person\/2c4929cbf5a809e3bd38617c6ce150f6","name":"MC","image":{"@type":"ImageObject","inLanguage":"fr-FR","@id":"https:\/\/secure.gravatar.com\/avatar\/a545bbb6f84efdd5553dbbc2895e3ca8f1d12c5215e00a041c9670b54aa9b18a?s=96&d=mm&r=g","url":"https:\/\/secure.gravatar.com\/avatar\/a545bbb6f84efdd5553dbbc2895e3ca8f1d12c5215e00a041c9670b54aa9b18a?s=96&d=mm&r=g","contentUrl":"https:\/\/secure.gravatar.com\/avatar\/a545bbb6f84efdd5553dbbc2895e3ca8f1d12c5215e00a041c9670b54aa9b18a?s=96&d=mm&r=g","caption":"MC"},"url":"https:\/\/www.webdo.tn\/fr\/actualite\/author\/mc\/"}]}},"_links":{"self":[{"href":"https:\/\/www.webdo.tn\/fr\/wp-json\/wp\/v2\/posts\/216744","targetHints":{"allow":["GET"]}}],"collection":[{"href":"https:\/\/www.webdo.tn\/fr\/wp-json\/wp\/v2\/posts"}],"about":[{"href":"https:\/\/www.webdo.tn\/fr\/wp-json\/wp\/v2\/types\/post"}],"author":[{"embeddable":true,"href":"https:\/\/www.webdo.tn\/fr\/wp-json\/wp\/v2\/users\/3162"}],"replies":[{"embeddable":true,"href":"https:\/\/www.webdo.tn\/fr\/wp-json\/wp\/v2\/comments?post=216744"}],"version-history":[{"count":0,"href":"https:\/\/www.webdo.tn\/fr\/wp-json\/wp\/v2\/posts\/216744\/revisions"}],"wp:featuredmedia":[{"embeddable":true,"href":"https:\/\/www.webdo.tn\/fr\/wp-json\/wp\/v2\/media\/291132"}],"wp:attachment":[{"href":"https:\/\/www.webdo.tn\/fr\/wp-json\/wp\/v2\/media?parent=216744"}],"wp:term":[{"taxonomy":"category","embeddable":true,"href":"https:\/\/www.webdo.tn\/fr\/wp-json\/wp\/v2\/categories?post=216744"},{"taxonomy":"post_tag","embeddable":true,"href":"https:\/\/www.webdo.tn\/fr\/wp-json\/wp\/v2\/tags?post=216744"}],"curies":[{"name":"wp","href":"https:\/\/api.w.org\/{rel}","templated":true}]}}