{"id":216742,"date":"2024-10-02T12:30:00","date_gmt":"2024-10-02T12:30:00","guid":{"rendered":"https:\/\/www.webdo.tn\/fr\/blog\/tunisie-mandats-de-depot-contre-six-personnes-dont-un-ex-conseiller-au-ministere-de-la-justice\/216742\/"},"modified":"2025-05-20T22:14:24","modified_gmt":"2025-05-20T22:14:24","slug":"tunisie-mandats-de-depot-contre-six-personnes-dont-un-ex-conseiller-au-ministere-de-la-justice","status":"publish","type":"post","link":"https:\/\/www.webdo.tn\/fr\/actualite\/national\/tunisie-mandats-de-depot-contre-six-personnes-dont-un-ex-conseiller-au-ministere-de-la-justice\/216742\/","title":{"rendered":"Tunisie : Mandats de d\u00e9p\u00f4t contre six personnes dont un ex-conseiller au minist\u00e8re de la Justice"},"content":{"rendered":"<p>Six individus, parmi lesquels un ancien conseiller au minist\u00e8re de la Justice et un ex-haut responsable s\u00e9curitaire, font l&rsquo;objet de mandats de d\u00e9p\u00f4t.<\/p>\n<p>\t\t\t\t\t\t\t\t\tLe minist\u00e8re public du tribunal de premi\u00e8re instance de Tunis a autoris\u00e9 la brigade centrale de la Garde nationale de l&rsquo;Aouina \u00e0 d\u00e9tenir ces suspects, qui incluent \u00e9galement une femme.<\/p>\n<p>Ils sont accus\u00e9s d&rsquo;avoir abus\u00e9 de leur position pour obtenir des avantages personnels ou pour autrui, de porter pr\u00e9judice \u00e0 l&rsquo;administration, et de participer \u00e0 une association en lien avec le blanchiment d&rsquo;argent.<\/p>\n","protected":false},"excerpt":{"rendered":"<p>Le minist\u00e8re public du tribunal de premi\u00e8re instance de Tunis a autoris\u00e9 la brigade centrale de la Garde nationale de l&rsquo;Aouina \u00e0 d\u00e9tenir six suspects, qui inclu&#8230;<\/p>\n","protected":false},"author":3162,"featured_media":291131,"comment_status":"open","ping_status":"closed","sticky":false,"template":"","format":"standard","meta":{"footnotes":""},"categories":[44],"tags":[2706,2886,2608],"class_list":["post-216742","post","type-post","status-publish","format-standard","has-post-thumbnail","hentry","category-national","tag-blanchiment-dargent","tag-mandat-de-depot","tag-tunisie"],"yoast_head":"<!-- This site is optimized with the Yoast SEO Premium plugin v27.4 (Yoast SEO v27.5) - https:\/\/yoast.com\/product\/yoast-seo-premium-wordpress\/ -->\n<title>Tunisie : Mandats de d\u00e9p\u00f4t contre six personnes dont un ex-conseiller au minist\u00e8re de la Justice<\/title>\n<meta name=\"description\" content=\"Le minist\u00e8re public du tribunal de premi\u00e8re instance de Tunis a autoris\u00e9 la brigade centrale de la Garde nationale de l&#039;Aouina \u00e0 d\u00e9tenir six suspects, qui inclu...\" \/>\n<link rel=\"canonical\" href=\"https:\/\/www.webdo.tn\/fr\/actualite\/national\/tunisie-mandats-de-depot-contre-six-personnes-dont-un-ex-conseiller-au-ministere-de-la-justice\/216742\/\" \/>\n<meta property=\"og:locale\" content=\"fr_FR\" \/>\n<meta property=\"og:type\" content=\"article\" \/>\n<meta property=\"og:title\" content=\"Tunisie : Mandats de d\u00e9p\u00f4t contre six personnes dont un ex-conseiller au minist\u00e8re de la Justice\" \/>\n<meta property=\"og:description\" content=\"Le minist\u00e8re public du tribunal de premi\u00e8re instance de Tunis a autoris\u00e9 la brigade centrale de la Garde nationale de l&#039;Aouina \u00e0 d\u00e9tenir six suspects, qui inclu...\" \/>\n<meta property=\"og:url\" content=\"https:\/\/www.webdo.tn\/fr\/actualite\/national\/tunisie-mandats-de-depot-contre-six-personnes-dont-un-ex-conseiller-au-ministere-de-la-justice\/216742\/\" \/>\n<meta property=\"og:site_name\" content=\"webdo\" \/>\n<meta property=\"article:publisher\" content=\"https:\/\/www.facebook.com\/webdotn\" \/>\n<meta property=\"article:published_time\" content=\"2024-10-02T12:30:00+00:00\" \/>\n<meta property=\"article:modified_time\" content=\"2025-05-20T22:14:24+00:00\" \/>\n<meta property=\"og:image\" content=\"https:\/\/www.webdo.tn\/fr\/wp-content\/uploads\/2024\/10\/c407d9a6588a227664785b0d82b64a1b.webp\" \/>\n\t<meta property=\"og:image:width\" content=\"650\" \/>\n\t<meta property=\"og:image:height\" content=\"347\" \/>\n\t<meta property=\"og:image:type\" content=\"image\/webp\" \/>\n<meta name=\"author\" content=\"MC\" \/>\n<meta name=\"twitter:card\" content=\"summary_large_image\" \/>\n<meta name=\"twitter:creator\" content=\"@webdo_tn\" \/>\n<meta name=\"twitter:site\" content=\"@webdo_tn\" \/>\n<meta name=\"twitter:label1\" content=\"\u00c9crit par\" \/>\n\t<meta name=\"twitter:data1\" content=\"MC\" \/>\n<script type=\"application\/ld+json\" class=\"yoast-schema-graph\">{\"@context\":\"https:\\\/\\\/schema.org\",\"@graph\":[{\"@type\":\"NewsArticle\",\"@id\":\"https:\\\/\\\/www.webdo.tn\\\/fr\\\/actualite\\\/national\\\/tunisie-mandats-de-depot-contre-six-personnes-dont-un-ex-conseiller-au-ministere-de-la-justice\\\/216742\\\/#article\",\"isPartOf\":{\"@id\":\"https:\\\/\\\/www.webdo.tn\\\/fr\\\/actualite\\\/national\\\/tunisie-mandats-de-depot-contre-six-personnes-dont-un-ex-conseiller-au-ministere-de-la-justice\\\/216742\\\/\"},\"author\":{\"name\":\"MC\",\"@id\":\"https:\\\/\\\/www.webdo.tn\\\/fr\\\/#\\\/schema\\\/person\\\/2c4929cbf5a809e3bd38617c6ce150f6\"},\"headline\":\"Tunisie : Mandats de d\u00e9p\u00f4t contre six personnes dont un ex-conseiller au minist\u00e8re de la Justice\",\"datePublished\":\"2024-10-02T12:30:00+00:00\",\"dateModified\":\"2025-05-20T22:14:24+00:00\",\"mainEntityOfPage\":{\"@id\":\"https:\\\/\\\/www.webdo.tn\\\/fr\\\/actualite\\\/national\\\/tunisie-mandats-de-depot-contre-six-personnes-dont-un-ex-conseiller-au-ministere-de-la-justice\\\/216742\\\/\"},\"wordCount\":115,\"commentCount\":0,\"publisher\":{\"@id\":\"https:\\\/\\\/www.webdo.tn\\\/fr\\\/#organization\"},\"image\":{\"@id\":\"https:\\\/\\\/www.webdo.tn\\\/fr\\\/actualite\\\/national\\\/tunisie-mandats-de-depot-contre-six-personnes-dont-un-ex-conseiller-au-ministere-de-la-justice\\\/216742\\\/#primaryimage\"},\"thumbnailUrl\":\"https:\\\/\\\/www.webdo.tn\\\/fr\\\/wp-content\\\/uploads\\\/2024\\\/10\\\/c407d9a6588a227664785b0d82b64a1b.webp\",\"keywords\":[\"blanchiment d'argent\",\"mandat de d\u00e9p\u00f4t\",\"Tunisie\"],\"articleSection\":[\"National\"],\"inLanguage\":\"fr-FR\"},{\"@type\":\"WebPage\",\"@id\":\"https:\\\/\\\/www.webdo.tn\\\/fr\\\/actualite\\\/national\\\/tunisie-mandats-de-depot-contre-six-personnes-dont-un-ex-conseiller-au-ministere-de-la-justice\\\/216742\\\/\",\"url\":\"https:\\\/\\\/www.webdo.tn\\\/fr\\\/actualite\\\/national\\\/tunisie-mandats-de-depot-contre-six-personnes-dont-un-ex-conseiller-au-ministere-de-la-justice\\\/216742\\\/\",\"name\":\"Tunisie : Mandats de d\u00e9p\u00f4t contre six personnes dont un ex-conseiller au minist\u00e8re de la Justice\",\"isPartOf\":{\"@id\":\"https:\\\/\\\/www.webdo.tn\\\/fr\\\/#website\"},\"primaryImageOfPage\":{\"@id\":\"https:\\\/\\\/www.webdo.tn\\\/fr\\\/actualite\\\/national\\\/tunisie-mandats-de-depot-contre-six-personnes-dont-un-ex-conseiller-au-ministere-de-la-justice\\\/216742\\\/#primaryimage\"},\"image\":{\"@id\":\"https:\\\/\\\/www.webdo.tn\\\/fr\\\/actualite\\\/national\\\/tunisie-mandats-de-depot-contre-six-personnes-dont-un-ex-conseiller-au-ministere-de-la-justice\\\/216742\\\/#primaryimage\"},\"thumbnailUrl\":\"https:\\\/\\\/www.webdo.tn\\\/fr\\\/wp-content\\\/uploads\\\/2024\\\/10\\\/c407d9a6588a227664785b0d82b64a1b.webp\",\"datePublished\":\"2024-10-02T12:30:00+00:00\",\"dateModified\":\"2025-05-20T22:14:24+00:00\",\"description\":\"Le minist\u00e8re public du tribunal de premi\u00e8re instance de Tunis a autoris\u00e9 la brigade centrale de la Garde nationale de l'Aouina \u00e0 d\u00e9tenir six suspects, qui inclu...\",\"breadcrumb\":{\"@id\":\"https:\\\/\\\/www.webdo.tn\\\/fr\\\/actualite\\\/national\\\/tunisie-mandats-de-depot-contre-six-personnes-dont-un-ex-conseiller-au-ministere-de-la-justice\\\/216742\\\/#breadcrumb\"},\"inLanguage\":\"fr-FR\",\"potentialAction\":[{\"@type\":\"ReadAction\",\"target\":[\"https:\\\/\\\/www.webdo.tn\\\/fr\\\/actualite\\\/national\\\/tunisie-mandats-de-depot-contre-six-personnes-dont-un-ex-conseiller-au-ministere-de-la-justice\\\/216742\\\/\"]}]},{\"@type\":\"ImageObject\",\"inLanguage\":\"fr-FR\",\"@id\":\"https:\\\/\\\/www.webdo.tn\\\/fr\\\/actualite\\\/national\\\/tunisie-mandats-de-depot-contre-six-personnes-dont-un-ex-conseiller-au-ministere-de-la-justice\\\/216742\\\/#primaryimage\",\"url\":\"https:\\\/\\\/www.webdo.tn\\\/fr\\\/wp-content\\\/uploads\\\/2024\\\/10\\\/c407d9a6588a227664785b0d82b64a1b.webp\",\"contentUrl\":\"https:\\\/\\\/www.webdo.tn\\\/fr\\\/wp-content\\\/uploads\\\/2024\\\/10\\\/c407d9a6588a227664785b0d82b64a1b.webp\",\"width\":650,\"height\":347,\"caption\":\"Tunisie : Mandats de d\u00e9p\u00f4t contre six personnes dont un ex-conseiller au minist\u00e8re de la Justice\"},{\"@type\":\"BreadcrumbList\",\"@id\":\"https:\\\/\\\/www.webdo.tn\\\/fr\\\/actualite\\\/national\\\/tunisie-mandats-de-depot-contre-six-personnes-dont-un-ex-conseiller-au-ministere-de-la-justice\\\/216742\\\/#breadcrumb\",\"itemListElement\":[{\"@type\":\"ListItem\",\"position\":1,\"name\":\"Accueil\",\"item\":\"https:\\\/\\\/www.webdo.tn\\\/fr\\\/\"},{\"@type\":\"ListItem\",\"position\":2,\"name\":\"Tunisie : Mandats de d\u00e9p\u00f4t contre six personnes dont un ex-conseiller au minist\u00e8re de la Justice\"}]},{\"@type\":\"WebSite\",\"@id\":\"https:\\\/\\\/www.webdo.tn\\\/fr\\\/#website\",\"url\":\"https:\\\/\\\/www.webdo.tn\\\/fr\\\/\",\"name\":\"webdo\",\"description\":\"Tunisie - News en Tunisie et \u00e0 l&#039;international sur Webdo.tn\",\"publisher\":{\"@id\":\"https:\\\/\\\/www.webdo.tn\\\/fr\\\/#organization\"},\"potentialAction\":[{\"@type\":\"SearchAction\",\"target\":{\"@type\":\"EntryPoint\",\"urlTemplate\":\"https:\\\/\\\/www.webdo.tn\\\/fr\\\/?s={search_term_string}\"},\"query-input\":{\"@type\":\"PropertyValueSpecification\",\"valueRequired\":true,\"valueName\":\"search_term_string\"}}],\"inLanguage\":\"fr-FR\"},{\"@type\":\"Organization\",\"@id\":\"https:\\\/\\\/www.webdo.tn\\\/fr\\\/#organization\",\"name\":\"Webdo\",\"alternateName\":\"Webdo.tn\",\"url\":\"https:\\\/\\\/www.webdo.tn\\\/fr\\\/\",\"logo\":{\"@type\":\"ImageObject\",\"inLanguage\":\"fr-FR\",\"@id\":\"https:\\\/\\\/www.webdo.tn\\\/fr\\\/#\\\/schema\\\/logo\\\/image\\\/\",\"url\":\"https:\\\/\\\/www.webdo.tn\\\/fr\\\/wp-content\\\/uploads\\\/2025\\\/06\\\/Webdo-Tunisie_168377.jpg\",\"contentUrl\":\"https:\\\/\\\/www.webdo.tn\\\/fr\\\/wp-content\\\/uploads\\\/2025\\\/06\\\/Webdo-Tunisie_168377.jpg\",\"width\":301,\"height\":301,\"caption\":\"Webdo\"},\"image\":{\"@id\":\"https:\\\/\\\/www.webdo.tn\\\/fr\\\/#\\\/schema\\\/logo\\\/image\\\/\"},\"sameAs\":[\"https:\\\/\\\/www.facebook.com\\\/webdotn\",\"https:\\\/\\\/x.com\\\/webdo_tn\"],\"description\":\"Webdo est un m\u00e9dia num\u00e9rique tunisien fond\u00e9 en 2010, sp\u00e9cialis\u00e9 dans l\u2019actualit\u00e9 nationale et internationale, l\u2019\u00e9conomie, la soci\u00e9t\u00e9 et les analyses politiques. Le site s\u2019adresse \u00e0 un large public francophone et couvre l\u2019information tunisienne en temps r\u00e9el.\",\"email\":\"redac@webdo.tn\",\"legalName\":\"YNJ SARL\",\"foundingDate\":\"2010-09-06\",\"numberOfEmployees\":{\"@type\":\"QuantitativeValue\",\"minValue\":\"11\",\"maxValue\":\"50\"}},{\"@type\":\"Person\",\"@id\":\"https:\\\/\\\/www.webdo.tn\\\/fr\\\/#\\\/schema\\\/person\\\/2c4929cbf5a809e3bd38617c6ce150f6\",\"name\":\"MC\",\"image\":{\"@type\":\"ImageObject\",\"inLanguage\":\"fr-FR\",\"@id\":\"https:\\\/\\\/secure.gravatar.com\\\/avatar\\\/a545bbb6f84efdd5553dbbc2895e3ca8f1d12c5215e00a041c9670b54aa9b18a?s=96&d=mm&r=g\",\"url\":\"https:\\\/\\\/secure.gravatar.com\\\/avatar\\\/a545bbb6f84efdd5553dbbc2895e3ca8f1d12c5215e00a041c9670b54aa9b18a?s=96&d=mm&r=g\",\"contentUrl\":\"https:\\\/\\\/secure.gravatar.com\\\/avatar\\\/a545bbb6f84efdd5553dbbc2895e3ca8f1d12c5215e00a041c9670b54aa9b18a?s=96&d=mm&r=g\",\"caption\":\"MC\"},\"url\":\"https:\\\/\\\/www.webdo.tn\\\/fr\\\/actualite\\\/author\\\/mc\\\/\"}]}<\/script>\n<!-- \/ Yoast SEO Premium plugin. -->","yoast_head_json":{"title":"Tunisie : Mandats de d\u00e9p\u00f4t contre six personnes dont un ex-conseiller au minist\u00e8re de la Justice","description":"Le minist\u00e8re public du tribunal de premi\u00e8re instance de Tunis a autoris\u00e9 la brigade centrale de la Garde nationale de l'Aouina \u00e0 d\u00e9tenir six suspects, qui inclu...","canonical":"https:\/\/www.webdo.tn\/fr\/actualite\/national\/tunisie-mandats-de-depot-contre-six-personnes-dont-un-ex-conseiller-au-ministere-de-la-justice\/216742\/","og_locale":"fr_FR","og_type":"article","og_title":"Tunisie : Mandats de d\u00e9p\u00f4t contre six personnes dont un ex-conseiller au minist\u00e8re de la Justice","og_description":"Le minist\u00e8re public du tribunal de premi\u00e8re instance de Tunis a autoris\u00e9 la brigade centrale de la Garde nationale de l'Aouina \u00e0 d\u00e9tenir six suspects, qui inclu...","og_url":"https:\/\/www.webdo.tn\/fr\/actualite\/national\/tunisie-mandats-de-depot-contre-six-personnes-dont-un-ex-conseiller-au-ministere-de-la-justice\/216742\/","og_site_name":"webdo","article_publisher":"https:\/\/www.facebook.com\/webdotn","article_published_time":"2024-10-02T12:30:00+00:00","article_modified_time":"2025-05-20T22:14:24+00:00","og_image":[{"width":650,"height":347,"url":"https:\/\/www.webdo.tn\/fr\/wp-content\/uploads\/2024\/10\/c407d9a6588a227664785b0d82b64a1b.webp","type":"image\/webp"}],"author":"MC","twitter_card":"summary_large_image","twitter_creator":"@webdo_tn","twitter_site":"@webdo_tn","twitter_misc":{"\u00c9crit par":"MC"},"schema":{"@context":"https:\/\/schema.org","@graph":[{"@type":"NewsArticle","@id":"https:\/\/www.webdo.tn\/fr\/actualite\/national\/tunisie-mandats-de-depot-contre-six-personnes-dont-un-ex-conseiller-au-ministere-de-la-justice\/216742\/#article","isPartOf":{"@id":"https:\/\/www.webdo.tn\/fr\/actualite\/national\/tunisie-mandats-de-depot-contre-six-personnes-dont-un-ex-conseiller-au-ministere-de-la-justice\/216742\/"},"author":{"name":"MC","@id":"https:\/\/www.webdo.tn\/fr\/#\/schema\/person\/2c4929cbf5a809e3bd38617c6ce150f6"},"headline":"Tunisie : Mandats de d\u00e9p\u00f4t contre six personnes dont un ex-conseiller au minist\u00e8re de la Justice","datePublished":"2024-10-02T12:30:00+00:00","dateModified":"2025-05-20T22:14:24+00:00","mainEntityOfPage":{"@id":"https:\/\/www.webdo.tn\/fr\/actualite\/national\/tunisie-mandats-de-depot-contre-six-personnes-dont-un-ex-conseiller-au-ministere-de-la-justice\/216742\/"},"wordCount":115,"commentCount":0,"publisher":{"@id":"https:\/\/www.webdo.tn\/fr\/#organization"},"image":{"@id":"https:\/\/www.webdo.tn\/fr\/actualite\/national\/tunisie-mandats-de-depot-contre-six-personnes-dont-un-ex-conseiller-au-ministere-de-la-justice\/216742\/#primaryimage"},"thumbnailUrl":"https:\/\/www.webdo.tn\/fr\/wp-content\/uploads\/2024\/10\/c407d9a6588a227664785b0d82b64a1b.webp","keywords":["blanchiment d'argent","mandat de d\u00e9p\u00f4t","Tunisie"],"articleSection":["National"],"inLanguage":"fr-FR"},{"@type":"WebPage","@id":"https:\/\/www.webdo.tn\/fr\/actualite\/national\/tunisie-mandats-de-depot-contre-six-personnes-dont-un-ex-conseiller-au-ministere-de-la-justice\/216742\/","url":"https:\/\/www.webdo.tn\/fr\/actualite\/national\/tunisie-mandats-de-depot-contre-six-personnes-dont-un-ex-conseiller-au-ministere-de-la-justice\/216742\/","name":"Tunisie : Mandats de d\u00e9p\u00f4t contre six personnes dont un ex-conseiller au minist\u00e8re de la Justice","isPartOf":{"@id":"https:\/\/www.webdo.tn\/fr\/#website"},"primaryImageOfPage":{"@id":"https:\/\/www.webdo.tn\/fr\/actualite\/national\/tunisie-mandats-de-depot-contre-six-personnes-dont-un-ex-conseiller-au-ministere-de-la-justice\/216742\/#primaryimage"},"image":{"@id":"https:\/\/www.webdo.tn\/fr\/actualite\/national\/tunisie-mandats-de-depot-contre-six-personnes-dont-un-ex-conseiller-au-ministere-de-la-justice\/216742\/#primaryimage"},"thumbnailUrl":"https:\/\/www.webdo.tn\/fr\/wp-content\/uploads\/2024\/10\/c407d9a6588a227664785b0d82b64a1b.webp","datePublished":"2024-10-02T12:30:00+00:00","dateModified":"2025-05-20T22:14:24+00:00","description":"Le minist\u00e8re public du tribunal de premi\u00e8re instance de Tunis a autoris\u00e9 la brigade centrale de la Garde nationale de l'Aouina \u00e0 d\u00e9tenir six suspects, qui inclu...","breadcrumb":{"@id":"https:\/\/www.webdo.tn\/fr\/actualite\/national\/tunisie-mandats-de-depot-contre-six-personnes-dont-un-ex-conseiller-au-ministere-de-la-justice\/216742\/#breadcrumb"},"inLanguage":"fr-FR","potentialAction":[{"@type":"ReadAction","target":["https:\/\/www.webdo.tn\/fr\/actualite\/national\/tunisie-mandats-de-depot-contre-six-personnes-dont-un-ex-conseiller-au-ministere-de-la-justice\/216742\/"]}]},{"@type":"ImageObject","inLanguage":"fr-FR","@id":"https:\/\/www.webdo.tn\/fr\/actualite\/national\/tunisie-mandats-de-depot-contre-six-personnes-dont-un-ex-conseiller-au-ministere-de-la-justice\/216742\/#primaryimage","url":"https:\/\/www.webdo.tn\/fr\/wp-content\/uploads\/2024\/10\/c407d9a6588a227664785b0d82b64a1b.webp","contentUrl":"https:\/\/www.webdo.tn\/fr\/wp-content\/uploads\/2024\/10\/c407d9a6588a227664785b0d82b64a1b.webp","width":650,"height":347,"caption":"Tunisie : Mandats de d\u00e9p\u00f4t contre six personnes dont un ex-conseiller au minist\u00e8re de la Justice"},{"@type":"BreadcrumbList","@id":"https:\/\/www.webdo.tn\/fr\/actualite\/national\/tunisie-mandats-de-depot-contre-six-personnes-dont-un-ex-conseiller-au-ministere-de-la-justice\/216742\/#breadcrumb","itemListElement":[{"@type":"ListItem","position":1,"name":"Accueil","item":"https:\/\/www.webdo.tn\/fr\/"},{"@type":"ListItem","position":2,"name":"Tunisie : Mandats de d\u00e9p\u00f4t contre six personnes dont un ex-conseiller au minist\u00e8re de la Justice"}]},{"@type":"WebSite","@id":"https:\/\/www.webdo.tn\/fr\/#website","url":"https:\/\/www.webdo.tn\/fr\/","name":"webdo","description":"Tunisie - News en Tunisie et \u00e0 l&#039;international sur Webdo.tn","publisher":{"@id":"https:\/\/www.webdo.tn\/fr\/#organization"},"potentialAction":[{"@type":"SearchAction","target":{"@type":"EntryPoint","urlTemplate":"https:\/\/www.webdo.tn\/fr\/?s={search_term_string}"},"query-input":{"@type":"PropertyValueSpecification","valueRequired":true,"valueName":"search_term_string"}}],"inLanguage":"fr-FR"},{"@type":"Organization","@id":"https:\/\/www.webdo.tn\/fr\/#organization","name":"Webdo","alternateName":"Webdo.tn","url":"https:\/\/www.webdo.tn\/fr\/","logo":{"@type":"ImageObject","inLanguage":"fr-FR","@id":"https:\/\/www.webdo.tn\/fr\/#\/schema\/logo\/image\/","url":"https:\/\/www.webdo.tn\/fr\/wp-content\/uploads\/2025\/06\/Webdo-Tunisie_168377.jpg","contentUrl":"https:\/\/www.webdo.tn\/fr\/wp-content\/uploads\/2025\/06\/Webdo-Tunisie_168377.jpg","width":301,"height":301,"caption":"Webdo"},"image":{"@id":"https:\/\/www.webdo.tn\/fr\/#\/schema\/logo\/image\/"},"sameAs":["https:\/\/www.facebook.com\/webdotn","https:\/\/x.com\/webdo_tn"],"description":"Webdo est un m\u00e9dia num\u00e9rique tunisien fond\u00e9 en 2010, sp\u00e9cialis\u00e9 dans l\u2019actualit\u00e9 nationale et internationale, l\u2019\u00e9conomie, la soci\u00e9t\u00e9 et les analyses politiques. Le site s\u2019adresse \u00e0 un large public francophone et couvre l\u2019information tunisienne en temps r\u00e9el.","email":"redac@webdo.tn","legalName":"YNJ SARL","foundingDate":"2010-09-06","numberOfEmployees":{"@type":"QuantitativeValue","minValue":"11","maxValue":"50"}},{"@type":"Person","@id":"https:\/\/www.webdo.tn\/fr\/#\/schema\/person\/2c4929cbf5a809e3bd38617c6ce150f6","name":"MC","image":{"@type":"ImageObject","inLanguage":"fr-FR","@id":"https:\/\/secure.gravatar.com\/avatar\/a545bbb6f84efdd5553dbbc2895e3ca8f1d12c5215e00a041c9670b54aa9b18a?s=96&d=mm&r=g","url":"https:\/\/secure.gravatar.com\/avatar\/a545bbb6f84efdd5553dbbc2895e3ca8f1d12c5215e00a041c9670b54aa9b18a?s=96&d=mm&r=g","contentUrl":"https:\/\/secure.gravatar.com\/avatar\/a545bbb6f84efdd5553dbbc2895e3ca8f1d12c5215e00a041c9670b54aa9b18a?s=96&d=mm&r=g","caption":"MC"},"url":"https:\/\/www.webdo.tn\/fr\/actualite\/author\/mc\/"}]}},"_links":{"self":[{"href":"https:\/\/www.webdo.tn\/fr\/wp-json\/wp\/v2\/posts\/216742","targetHints":{"allow":["GET"]}}],"collection":[{"href":"https:\/\/www.webdo.tn\/fr\/wp-json\/wp\/v2\/posts"}],"about":[{"href":"https:\/\/www.webdo.tn\/fr\/wp-json\/wp\/v2\/types\/post"}],"author":[{"embeddable":true,"href":"https:\/\/www.webdo.tn\/fr\/wp-json\/wp\/v2\/users\/3162"}],"replies":[{"embeddable":true,"href":"https:\/\/www.webdo.tn\/fr\/wp-json\/wp\/v2\/comments?post=216742"}],"version-history":[{"count":0,"href":"https:\/\/www.webdo.tn\/fr\/wp-json\/wp\/v2\/posts\/216742\/revisions"}],"wp:featuredmedia":[{"embeddable":true,"href":"https:\/\/www.webdo.tn\/fr\/wp-json\/wp\/v2\/media\/291131"}],"wp:attachment":[{"href":"https:\/\/www.webdo.tn\/fr\/wp-json\/wp\/v2\/media?parent=216742"}],"wp:term":[{"taxonomy":"category","embeddable":true,"href":"https:\/\/www.webdo.tn\/fr\/wp-json\/wp\/v2\/categories?post=216742"},{"taxonomy":"post_tag","embeddable":true,"href":"https:\/\/www.webdo.tn\/fr\/wp-json\/wp\/v2\/tags?post=216742"}],"curies":[{"name":"wp","href":"https:\/\/api.w.org\/{rel}","templated":true}]}}