{"id":216737,"date":"2024-10-02T10:05:00","date_gmt":"2024-10-02T10:05:00","guid":{"rendered":"https:\/\/www.webdo.tn\/fr\/blog\/tunisie-22-migrants-tunisiens-secourus-au-large-de-kerkennah\/216737\/"},"modified":"2025-05-20T22:14:21","modified_gmt":"2025-05-20T22:14:21","slug":"tunisie-22-migrants-tunisiens-secourus-au-large-de-kerkennah","status":"publish","type":"post","link":"https:\/\/www.webdo.tn\/fr\/actualite\/national\/tunisie-22-migrants-tunisiens-secourus-au-large-de-kerkennah\/216737\/","title":{"rendered":"Tunisie : 22 migrants tunisiens secourus au large de Kerkennah"},"content":{"rendered":"<p>Apr\u00e8s le drame de Djerba o\u00f9 16 migrants ont perdu la vie lors du naufrage de leur embarcation au cours d\u2019une op\u00e9ration de migration irr\u00e9guli\u00e8re, un autre naufrage a eu lieu au large des c\u00f4tes de Kerkennah.<\/p>\n<p>\t\t\t\t\t\t\t\t\tSelon les premi\u00e8res informations communiqu\u00e9es par les unit\u00e9s de la Garde maritime, celles-ci ont secouru, hier, 22 migrants tunisiens, dont 7 femmes et 7 enfants, \u00e0 25 milles marins des c\u00f4tes de Kerkennah, d&rsquo;apr\u00e8s un communiqu\u00e9 publi\u00e9 par l&rsquo;Administration g\u00e9n\u00e9rale de la Garde nationale.<\/p>\n<p>La Garde Nationale a fait savoir que tous les personnes \u00e0 bord ont \u00e9t\u00e9 sauv\u00e9es et qu&rsquo;aucun mort ni bless\u00e9 n\u2019\u00e9tait \u00e0 d\u00e9plorer, tandis que les enqu\u00eates se poursuivent pour finaliser les proc\u00e9dures li\u00e9es \u00e0 leur tentative de migration irr\u00e9guli\u00e8re, lit-on de m\u00eame source.<\/p>\n","protected":false},"excerpt":{"rendered":"<p>Apr\u00e8s le drame de Djerba o\u00f9 16 migrants ont perdu la vie lors du naufrage de leur embarcation au cours d\u2019une op\u00e9ration de migration irr\u00e9guli\u00e8re, un autre naufra&#8230;<\/p>\n","protected":false},"author":3162,"featured_media":291125,"comment_status":"open","ping_status":"closed","sticky":false,"template":"","format":"standard","meta":{"footnotes":""},"categories":[44],"tags":[3947,2894,3594,2608],"class_list":["post-216737","post","type-post","status-publish","format-standard","has-post-thumbnail","hentry","category-national","tag-kerkennah","tag-migrants","tag-naufrage","tag-tunisie"],"yoast_head":"<!-- This site is optimized with the Yoast SEO Premium plugin v27.5 (Yoast SEO v27.5) - https:\/\/yoast.com\/product\/yoast-seo-premium-wordpress\/ -->\n<title>Tunisie : 22 migrants tunisiens secourus au large de Kerkennah<\/title>\n<meta name=\"description\" content=\"Apr\u00e8s le drame de Djerba o\u00f9 16 migrants ont perdu la vie lors du naufrage de leur embarcation au cours d\u2019une op\u00e9ration de migration irr\u00e9guli\u00e8re, un autre naufra...\" \/>\n<link rel=\"canonical\" href=\"https:\/\/www.webdo.tn\/fr\/actualite\/national\/tunisie-22-migrants-tunisiens-secourus-au-large-de-kerkennah\/216737\/\" \/>\n<meta property=\"og:locale\" content=\"fr_FR\" \/>\n<meta property=\"og:type\" content=\"article\" \/>\n<meta property=\"og:title\" content=\"Tunisie : 22 migrants tunisiens secourus au large de Kerkennah\" \/>\n<meta property=\"og:description\" content=\"Apr\u00e8s le drame de Djerba o\u00f9 16 migrants ont perdu la vie lors du naufrage de leur embarcation au cours d\u2019une op\u00e9ration de migration irr\u00e9guli\u00e8re, un autre naufra...\" \/>\n<meta property=\"og:url\" content=\"https:\/\/www.webdo.tn\/fr\/actualite\/national\/tunisie-22-migrants-tunisiens-secourus-au-large-de-kerkennah\/216737\/\" \/>\n<meta property=\"og:site_name\" content=\"webdo\" \/>\n<meta property=\"article:publisher\" content=\"https:\/\/www.facebook.com\/webdotn\" \/>\n<meta property=\"article:published_time\" content=\"2024-10-02T10:05:00+00:00\" \/>\n<meta property=\"article:modified_time\" content=\"2025-05-20T22:14:21+00:00\" \/>\n<meta property=\"og:image\" content=\"https:\/\/www.webdo.tn\/fr\/wp-content\/uploads\/2024\/10\/ad7894c2a6dbf6ddd5ea72064569c025.webp\" \/>\n\t<meta property=\"og:image:width\" content=\"750\" \/>\n\t<meta property=\"og:image:height\" content=\"400\" \/>\n\t<meta property=\"og:image:type\" content=\"image\/webp\" \/>\n<meta name=\"author\" content=\"MC\" \/>\n<meta name=\"twitter:card\" content=\"summary_large_image\" \/>\n<meta name=\"twitter:creator\" content=\"@webdo_tn\" \/>\n<meta name=\"twitter:site\" content=\"@webdo_tn\" \/>\n<meta name=\"twitter:label1\" content=\"\u00c9crit par\" \/>\n\t<meta name=\"twitter:data1\" content=\"MC\" \/>\n\t<meta name=\"twitter:label2\" content=\"Dur\u00e9e de lecture estim\u00e9e\" \/>\n\t<meta name=\"twitter:data2\" content=\"1 minute\" \/>\n<script type=\"application\/ld+json\" class=\"yoast-schema-graph\">{\"@context\":\"https:\\\/\\\/schema.org\",\"@graph\":[{\"@type\":\"NewsArticle\",\"@id\":\"https:\\\/\\\/www.webdo.tn\\\/fr\\\/actualite\\\/national\\\/tunisie-22-migrants-tunisiens-secourus-au-large-de-kerkennah\\\/216737\\\/#article\",\"isPartOf\":{\"@id\":\"https:\\\/\\\/www.webdo.tn\\\/fr\\\/actualite\\\/national\\\/tunisie-22-migrants-tunisiens-secourus-au-large-de-kerkennah\\\/216737\\\/\"},\"author\":{\"name\":\"MC\",\"@id\":\"https:\\\/\\\/www.webdo.tn\\\/fr\\\/#\\\/schema\\\/person\\\/2c4929cbf5a809e3bd38617c6ce150f6\"},\"headline\":\"Tunisie : 22 migrants tunisiens secourus au large de Kerkennah\",\"datePublished\":\"2024-10-02T10:05:00+00:00\",\"dateModified\":\"2025-05-20T22:14:21+00:00\",\"mainEntityOfPage\":{\"@id\":\"https:\\\/\\\/www.webdo.tn\\\/fr\\\/actualite\\\/national\\\/tunisie-22-migrants-tunisiens-secourus-au-large-de-kerkennah\\\/216737\\\/\"},\"wordCount\":149,\"commentCount\":0,\"publisher\":{\"@id\":\"https:\\\/\\\/www.webdo.tn\\\/fr\\\/#organization\"},\"image\":{\"@id\":\"https:\\\/\\\/www.webdo.tn\\\/fr\\\/actualite\\\/national\\\/tunisie-22-migrants-tunisiens-secourus-au-large-de-kerkennah\\\/216737\\\/#primaryimage\"},\"thumbnailUrl\":\"https:\\\/\\\/www.webdo.tn\\\/fr\\\/wp-content\\\/uploads\\\/2024\\\/10\\\/ad7894c2a6dbf6ddd5ea72064569c025.webp\",\"keywords\":[\"kerkennah\",\"migrants\",\"naufrage\",\"Tunisie\"],\"articleSection\":[\"National\"],\"inLanguage\":\"fr-FR\"},{\"@type\":\"WebPage\",\"@id\":\"https:\\\/\\\/www.webdo.tn\\\/fr\\\/actualite\\\/national\\\/tunisie-22-migrants-tunisiens-secourus-au-large-de-kerkennah\\\/216737\\\/\",\"url\":\"https:\\\/\\\/www.webdo.tn\\\/fr\\\/actualite\\\/national\\\/tunisie-22-migrants-tunisiens-secourus-au-large-de-kerkennah\\\/216737\\\/\",\"name\":\"Tunisie : 22 migrants tunisiens secourus au large de Kerkennah\",\"isPartOf\":{\"@id\":\"https:\\\/\\\/www.webdo.tn\\\/fr\\\/#website\"},\"primaryImageOfPage\":{\"@id\":\"https:\\\/\\\/www.webdo.tn\\\/fr\\\/actualite\\\/national\\\/tunisie-22-migrants-tunisiens-secourus-au-large-de-kerkennah\\\/216737\\\/#primaryimage\"},\"image\":{\"@id\":\"https:\\\/\\\/www.webdo.tn\\\/fr\\\/actualite\\\/national\\\/tunisie-22-migrants-tunisiens-secourus-au-large-de-kerkennah\\\/216737\\\/#primaryimage\"},\"thumbnailUrl\":\"https:\\\/\\\/www.webdo.tn\\\/fr\\\/wp-content\\\/uploads\\\/2024\\\/10\\\/ad7894c2a6dbf6ddd5ea72064569c025.webp\",\"datePublished\":\"2024-10-02T10:05:00+00:00\",\"dateModified\":\"2025-05-20T22:14:21+00:00\",\"description\":\"Apr\u00e8s le drame de Djerba o\u00f9 16 migrants ont perdu la vie lors du naufrage de leur embarcation au cours d\u2019une op\u00e9ration de migration irr\u00e9guli\u00e8re, un autre naufra...\",\"breadcrumb\":{\"@id\":\"https:\\\/\\\/www.webdo.tn\\\/fr\\\/actualite\\\/national\\\/tunisie-22-migrants-tunisiens-secourus-au-large-de-kerkennah\\\/216737\\\/#breadcrumb\"},\"inLanguage\":\"fr-FR\",\"potentialAction\":[{\"@type\":\"ReadAction\",\"target\":[\"https:\\\/\\\/www.webdo.tn\\\/fr\\\/actualite\\\/national\\\/tunisie-22-migrants-tunisiens-secourus-au-large-de-kerkennah\\\/216737\\\/\"]}]},{\"@type\":\"ImageObject\",\"inLanguage\":\"fr-FR\",\"@id\":\"https:\\\/\\\/www.webdo.tn\\\/fr\\\/actualite\\\/national\\\/tunisie-22-migrants-tunisiens-secourus-au-large-de-kerkennah\\\/216737\\\/#primaryimage\",\"url\":\"https:\\\/\\\/www.webdo.tn\\\/fr\\\/wp-content\\\/uploads\\\/2024\\\/10\\\/ad7894c2a6dbf6ddd5ea72064569c025.webp\",\"contentUrl\":\"https:\\\/\\\/www.webdo.tn\\\/fr\\\/wp-content\\\/uploads\\\/2024\\\/10\\\/ad7894c2a6dbf6ddd5ea72064569c025.webp\",\"width\":750,\"height\":400,\"caption\":\"Tunisie : 22 migrants tunisiens secourus au large de Kerkennah\"},{\"@type\":\"BreadcrumbList\",\"@id\":\"https:\\\/\\\/www.webdo.tn\\\/fr\\\/actualite\\\/national\\\/tunisie-22-migrants-tunisiens-secourus-au-large-de-kerkennah\\\/216737\\\/#breadcrumb\",\"itemListElement\":[{\"@type\":\"ListItem\",\"position\":1,\"name\":\"Accueil\",\"item\":\"https:\\\/\\\/www.webdo.tn\\\/fr\\\/\"},{\"@type\":\"ListItem\",\"position\":2,\"name\":\"Tunisie : 22 migrants tunisiens secourus au large de Kerkennah\"}]},{\"@type\":\"WebSite\",\"@id\":\"https:\\\/\\\/www.webdo.tn\\\/fr\\\/#website\",\"url\":\"https:\\\/\\\/www.webdo.tn\\\/fr\\\/\",\"name\":\"webdo\",\"description\":\"Tunisie - News en Tunisie et \u00e0 l&#039;international sur Webdo.tn\",\"publisher\":{\"@id\":\"https:\\\/\\\/www.webdo.tn\\\/fr\\\/#organization\"},\"potentialAction\":[{\"@type\":\"SearchAction\",\"target\":{\"@type\":\"EntryPoint\",\"urlTemplate\":\"https:\\\/\\\/www.webdo.tn\\\/fr\\\/?s={search_term_string}\"},\"query-input\":{\"@type\":\"PropertyValueSpecification\",\"valueRequired\":true,\"valueName\":\"search_term_string\"}}],\"inLanguage\":\"fr-FR\"},{\"@type\":\"Organization\",\"@id\":\"https:\\\/\\\/www.webdo.tn\\\/fr\\\/#organization\",\"name\":\"Webdo\",\"alternateName\":\"Webdo.tn\",\"url\":\"https:\\\/\\\/www.webdo.tn\\\/fr\\\/\",\"logo\":{\"@type\":\"ImageObject\",\"inLanguage\":\"fr-FR\",\"@id\":\"https:\\\/\\\/www.webdo.tn\\\/fr\\\/#\\\/schema\\\/logo\\\/image\\\/\",\"url\":\"https:\\\/\\\/www.webdo.tn\\\/fr\\\/wp-content\\\/uploads\\\/2025\\\/06\\\/Webdo-Tunisie_168377.jpg\",\"contentUrl\":\"https:\\\/\\\/www.webdo.tn\\\/fr\\\/wp-content\\\/uploads\\\/2025\\\/06\\\/Webdo-Tunisie_168377.jpg\",\"width\":301,\"height\":301,\"caption\":\"Webdo\"},\"image\":{\"@id\":\"https:\\\/\\\/www.webdo.tn\\\/fr\\\/#\\\/schema\\\/logo\\\/image\\\/\"},\"sameAs\":[\"https:\\\/\\\/www.facebook.com\\\/webdotn\",\"https:\\\/\\\/x.com\\\/webdo_tn\"],\"description\":\"Webdo est un m\u00e9dia num\u00e9rique tunisien fond\u00e9 en 2010, sp\u00e9cialis\u00e9 dans l\u2019actualit\u00e9 nationale et internationale, l\u2019\u00e9conomie, la soci\u00e9t\u00e9 et les analyses politiques. Le site s\u2019adresse \u00e0 un large public francophone et couvre l\u2019information tunisienne en temps r\u00e9el.\",\"email\":\"redac@webdo.tn\",\"legalName\":\"YNJ SARL\",\"foundingDate\":\"2010-09-06\",\"numberOfEmployees\":{\"@type\":\"QuantitativeValue\",\"minValue\":\"11\",\"maxValue\":\"50\"}},{\"@type\":\"Person\",\"@id\":\"https:\\\/\\\/www.webdo.tn\\\/fr\\\/#\\\/schema\\\/person\\\/2c4929cbf5a809e3bd38617c6ce150f6\",\"name\":\"MC\",\"image\":{\"@type\":\"ImageObject\",\"inLanguage\":\"fr-FR\",\"@id\":\"https:\\\/\\\/secure.gravatar.com\\\/avatar\\\/a545bbb6f84efdd5553dbbc2895e3ca8f1d12c5215e00a041c9670b54aa9b18a?s=96&d=mm&r=g\",\"url\":\"https:\\\/\\\/secure.gravatar.com\\\/avatar\\\/a545bbb6f84efdd5553dbbc2895e3ca8f1d12c5215e00a041c9670b54aa9b18a?s=96&d=mm&r=g\",\"contentUrl\":\"https:\\\/\\\/secure.gravatar.com\\\/avatar\\\/a545bbb6f84efdd5553dbbc2895e3ca8f1d12c5215e00a041c9670b54aa9b18a?s=96&d=mm&r=g\",\"caption\":\"MC\"},\"url\":\"https:\\\/\\\/www.webdo.tn\\\/fr\\\/actualite\\\/author\\\/mc\\\/\"}]}<\/script>\n<!-- \/ Yoast SEO Premium plugin. -->","yoast_head_json":{"title":"Tunisie : 22 migrants tunisiens secourus au large de Kerkennah","description":"Apr\u00e8s le drame de Djerba o\u00f9 16 migrants ont perdu la vie lors du naufrage de leur embarcation au cours d\u2019une op\u00e9ration de migration irr\u00e9guli\u00e8re, un autre naufra...","canonical":"https:\/\/www.webdo.tn\/fr\/actualite\/national\/tunisie-22-migrants-tunisiens-secourus-au-large-de-kerkennah\/216737\/","og_locale":"fr_FR","og_type":"article","og_title":"Tunisie : 22 migrants tunisiens secourus au large de Kerkennah","og_description":"Apr\u00e8s le drame de Djerba o\u00f9 16 migrants ont perdu la vie lors du naufrage de leur embarcation au cours d\u2019une op\u00e9ration de migration irr\u00e9guli\u00e8re, un autre naufra...","og_url":"https:\/\/www.webdo.tn\/fr\/actualite\/national\/tunisie-22-migrants-tunisiens-secourus-au-large-de-kerkennah\/216737\/","og_site_name":"webdo","article_publisher":"https:\/\/www.facebook.com\/webdotn","article_published_time":"2024-10-02T10:05:00+00:00","article_modified_time":"2025-05-20T22:14:21+00:00","og_image":[{"width":750,"height":400,"url":"https:\/\/www.webdo.tn\/fr\/wp-content\/uploads\/2024\/10\/ad7894c2a6dbf6ddd5ea72064569c025.webp","type":"image\/webp"}],"author":"MC","twitter_card":"summary_large_image","twitter_creator":"@webdo_tn","twitter_site":"@webdo_tn","twitter_misc":{"\u00c9crit par":"MC","Dur\u00e9e de lecture estim\u00e9e":"1 minute"},"schema":{"@context":"https:\/\/schema.org","@graph":[{"@type":"NewsArticle","@id":"https:\/\/www.webdo.tn\/fr\/actualite\/national\/tunisie-22-migrants-tunisiens-secourus-au-large-de-kerkennah\/216737\/#article","isPartOf":{"@id":"https:\/\/www.webdo.tn\/fr\/actualite\/national\/tunisie-22-migrants-tunisiens-secourus-au-large-de-kerkennah\/216737\/"},"author":{"name":"MC","@id":"https:\/\/www.webdo.tn\/fr\/#\/schema\/person\/2c4929cbf5a809e3bd38617c6ce150f6"},"headline":"Tunisie : 22 migrants tunisiens secourus au large de Kerkennah","datePublished":"2024-10-02T10:05:00+00:00","dateModified":"2025-05-20T22:14:21+00:00","mainEntityOfPage":{"@id":"https:\/\/www.webdo.tn\/fr\/actualite\/national\/tunisie-22-migrants-tunisiens-secourus-au-large-de-kerkennah\/216737\/"},"wordCount":149,"commentCount":0,"publisher":{"@id":"https:\/\/www.webdo.tn\/fr\/#organization"},"image":{"@id":"https:\/\/www.webdo.tn\/fr\/actualite\/national\/tunisie-22-migrants-tunisiens-secourus-au-large-de-kerkennah\/216737\/#primaryimage"},"thumbnailUrl":"https:\/\/www.webdo.tn\/fr\/wp-content\/uploads\/2024\/10\/ad7894c2a6dbf6ddd5ea72064569c025.webp","keywords":["kerkennah","migrants","naufrage","Tunisie"],"articleSection":["National"],"inLanguage":"fr-FR"},{"@type":"WebPage","@id":"https:\/\/www.webdo.tn\/fr\/actualite\/national\/tunisie-22-migrants-tunisiens-secourus-au-large-de-kerkennah\/216737\/","url":"https:\/\/www.webdo.tn\/fr\/actualite\/national\/tunisie-22-migrants-tunisiens-secourus-au-large-de-kerkennah\/216737\/","name":"Tunisie : 22 migrants tunisiens secourus au large de Kerkennah","isPartOf":{"@id":"https:\/\/www.webdo.tn\/fr\/#website"},"primaryImageOfPage":{"@id":"https:\/\/www.webdo.tn\/fr\/actualite\/national\/tunisie-22-migrants-tunisiens-secourus-au-large-de-kerkennah\/216737\/#primaryimage"},"image":{"@id":"https:\/\/www.webdo.tn\/fr\/actualite\/national\/tunisie-22-migrants-tunisiens-secourus-au-large-de-kerkennah\/216737\/#primaryimage"},"thumbnailUrl":"https:\/\/www.webdo.tn\/fr\/wp-content\/uploads\/2024\/10\/ad7894c2a6dbf6ddd5ea72064569c025.webp","datePublished":"2024-10-02T10:05:00+00:00","dateModified":"2025-05-20T22:14:21+00:00","description":"Apr\u00e8s le drame de Djerba o\u00f9 16 migrants ont perdu la vie lors du naufrage de leur embarcation au cours d\u2019une op\u00e9ration de migration irr\u00e9guli\u00e8re, un autre naufra...","breadcrumb":{"@id":"https:\/\/www.webdo.tn\/fr\/actualite\/national\/tunisie-22-migrants-tunisiens-secourus-au-large-de-kerkennah\/216737\/#breadcrumb"},"inLanguage":"fr-FR","potentialAction":[{"@type":"ReadAction","target":["https:\/\/www.webdo.tn\/fr\/actualite\/national\/tunisie-22-migrants-tunisiens-secourus-au-large-de-kerkennah\/216737\/"]}]},{"@type":"ImageObject","inLanguage":"fr-FR","@id":"https:\/\/www.webdo.tn\/fr\/actualite\/national\/tunisie-22-migrants-tunisiens-secourus-au-large-de-kerkennah\/216737\/#primaryimage","url":"https:\/\/www.webdo.tn\/fr\/wp-content\/uploads\/2024\/10\/ad7894c2a6dbf6ddd5ea72064569c025.webp","contentUrl":"https:\/\/www.webdo.tn\/fr\/wp-content\/uploads\/2024\/10\/ad7894c2a6dbf6ddd5ea72064569c025.webp","width":750,"height":400,"caption":"Tunisie : 22 migrants tunisiens secourus au large de Kerkennah"},{"@type":"BreadcrumbList","@id":"https:\/\/www.webdo.tn\/fr\/actualite\/national\/tunisie-22-migrants-tunisiens-secourus-au-large-de-kerkennah\/216737\/#breadcrumb","itemListElement":[{"@type":"ListItem","position":1,"name":"Accueil","item":"https:\/\/www.webdo.tn\/fr\/"},{"@type":"ListItem","position":2,"name":"Tunisie : 22 migrants tunisiens secourus au large de Kerkennah"}]},{"@type":"WebSite","@id":"https:\/\/www.webdo.tn\/fr\/#website","url":"https:\/\/www.webdo.tn\/fr\/","name":"webdo","description":"Tunisie - News en Tunisie et \u00e0 l&#039;international sur Webdo.tn","publisher":{"@id":"https:\/\/www.webdo.tn\/fr\/#organization"},"potentialAction":[{"@type":"SearchAction","target":{"@type":"EntryPoint","urlTemplate":"https:\/\/www.webdo.tn\/fr\/?s={search_term_string}"},"query-input":{"@type":"PropertyValueSpecification","valueRequired":true,"valueName":"search_term_string"}}],"inLanguage":"fr-FR"},{"@type":"Organization","@id":"https:\/\/www.webdo.tn\/fr\/#organization","name":"Webdo","alternateName":"Webdo.tn","url":"https:\/\/www.webdo.tn\/fr\/","logo":{"@type":"ImageObject","inLanguage":"fr-FR","@id":"https:\/\/www.webdo.tn\/fr\/#\/schema\/logo\/image\/","url":"https:\/\/www.webdo.tn\/fr\/wp-content\/uploads\/2025\/06\/Webdo-Tunisie_168377.jpg","contentUrl":"https:\/\/www.webdo.tn\/fr\/wp-content\/uploads\/2025\/06\/Webdo-Tunisie_168377.jpg","width":301,"height":301,"caption":"Webdo"},"image":{"@id":"https:\/\/www.webdo.tn\/fr\/#\/schema\/logo\/image\/"},"sameAs":["https:\/\/www.facebook.com\/webdotn","https:\/\/x.com\/webdo_tn"],"description":"Webdo est un m\u00e9dia num\u00e9rique tunisien fond\u00e9 en 2010, sp\u00e9cialis\u00e9 dans l\u2019actualit\u00e9 nationale et internationale, l\u2019\u00e9conomie, la soci\u00e9t\u00e9 et les analyses politiques. Le site s\u2019adresse \u00e0 un large public francophone et couvre l\u2019information tunisienne en temps r\u00e9el.","email":"redac@webdo.tn","legalName":"YNJ SARL","foundingDate":"2010-09-06","numberOfEmployees":{"@type":"QuantitativeValue","minValue":"11","maxValue":"50"}},{"@type":"Person","@id":"https:\/\/www.webdo.tn\/fr\/#\/schema\/person\/2c4929cbf5a809e3bd38617c6ce150f6","name":"MC","image":{"@type":"ImageObject","inLanguage":"fr-FR","@id":"https:\/\/secure.gravatar.com\/avatar\/a545bbb6f84efdd5553dbbc2895e3ca8f1d12c5215e00a041c9670b54aa9b18a?s=96&d=mm&r=g","url":"https:\/\/secure.gravatar.com\/avatar\/a545bbb6f84efdd5553dbbc2895e3ca8f1d12c5215e00a041c9670b54aa9b18a?s=96&d=mm&r=g","contentUrl":"https:\/\/secure.gravatar.com\/avatar\/a545bbb6f84efdd5553dbbc2895e3ca8f1d12c5215e00a041c9670b54aa9b18a?s=96&d=mm&r=g","caption":"MC"},"url":"https:\/\/www.webdo.tn\/fr\/actualite\/author\/mc\/"}]}},"_links":{"self":[{"href":"https:\/\/www.webdo.tn\/fr\/wp-json\/wp\/v2\/posts\/216737","targetHints":{"allow":["GET"]}}],"collection":[{"href":"https:\/\/www.webdo.tn\/fr\/wp-json\/wp\/v2\/posts"}],"about":[{"href":"https:\/\/www.webdo.tn\/fr\/wp-json\/wp\/v2\/types\/post"}],"author":[{"embeddable":true,"href":"https:\/\/www.webdo.tn\/fr\/wp-json\/wp\/v2\/users\/3162"}],"replies":[{"embeddable":true,"href":"https:\/\/www.webdo.tn\/fr\/wp-json\/wp\/v2\/comments?post=216737"}],"version-history":[{"count":0,"href":"https:\/\/www.webdo.tn\/fr\/wp-json\/wp\/v2\/posts\/216737\/revisions"}],"wp:featuredmedia":[{"embeddable":true,"href":"https:\/\/www.webdo.tn\/fr\/wp-json\/wp\/v2\/media\/291125"}],"wp:attachment":[{"href":"https:\/\/www.webdo.tn\/fr\/wp-json\/wp\/v2\/media?parent=216737"}],"wp:term":[{"taxonomy":"category","embeddable":true,"href":"https:\/\/www.webdo.tn\/fr\/wp-json\/wp\/v2\/categories?post=216737"},{"taxonomy":"post_tag","embeddable":true,"href":"https:\/\/www.webdo.tn\/fr\/wp-json\/wp\/v2\/tags?post=216737"}],"curies":[{"name":"wp","href":"https:\/\/api.w.org\/{rel}","templated":true}]}}