{"id":216725,"date":"2024-10-01T14:22:00","date_gmt":"2024-10-01T14:22:00","guid":{"rendered":"https:\/\/www.webdo.tn\/fr\/blog\/tunisie-la-niece-et-le-beau-frere-de-leila-ben-ali-condamnes-a-quatre-ans-de-prison\/216725\/"},"modified":"2025-05-20T21:48:15","modified_gmt":"2025-05-20T21:48:15","slug":"tunisie-la-niece-et-le-beau-frere-de-leila-ben-ali-condamnes-a-quatre-ans-de-prison","status":"publish","type":"post","link":"https:\/\/www.webdo.tn\/fr\/actualite\/national\/tunisie-la-niece-et-le-beau-frere-de-leila-ben-ali-condamnes-a-quatre-ans-de-prison\/216725\/","title":{"rendered":"Tunisie : La ni\u00e8ce et le beau-fr\u00e8re de Leila Ben Ali condamn\u00e9s \u00e0 quatre ans de prison"},"content":{"rendered":"<p>Deux membres du clan Ben Ali ont \u00e9t\u00e9 condamn\u00e9s \u00e0 quatre ans de prison.<\/p>\n<p>\t\t\t\t\t\t\t\t\tLa Chambre p\u00e9nale sp\u00e9cialis\u00e9e dans les affaires de corruption financi\u00e8re, pr\u00e8s le Tribunal de premi\u00e8re instance de Tunis, a condamn\u00e9 une ni\u00e8ce et un beau-fr\u00e8re de Leila Ben Ali Trabelsi, veuve de l&rsquo;ancien pr\u00e9sident Zine El Abidine Ben Ali, \u00e0 une peine de quatre ans de prison, assortie d&rsquo;une amende d&rsquo;un million de dinars.<\/p>\n<p>Ils ont \u00e9t\u00e9 reconnus coupables d\u2019avoir b\u00e9n\u00e9fici\u00e9 de cr\u00e9dits aupr\u00e8s d&rsquo;une banque publique entre 2004 et 2009 alors que Zine El Abidine Ben Ali dirigeait la Tunisie, en contournant les proc\u00e9dures en vigueur.<\/p>\n","protected":false},"excerpt":{"rendered":"<p>La Chambre p\u00e9nale sp\u00e9cialis\u00e9e dans les affaires de corruption financi\u00e8re, pr\u00e8s le Tribunal de premi\u00e8re instance de Tunis, a condamn\u00e9 une ni\u00e8ce et un beau-fr\u00e8re&#8230;<\/p>\n","protected":false},"author":3162,"featured_media":246424,"comment_status":"open","ping_status":"closed","sticky":false,"template":"","format":"standard","meta":{"footnotes":""},"categories":[44],"tags":[3137,4465,2835,5549,3884,2608],"class_list":["post-216725","post","type-post","status-publish","format-standard","has-post-thumbnail","hentry","category-national","tag-amende","tag-ben-ali","tag-condamnation","tag-credit-bancaire","tag-leila-trabelsi","tag-tunisie"],"yoast_head":"<!-- This site is optimized with the Yoast SEO Premium plugin v27.5 (Yoast SEO v27.5) - https:\/\/yoast.com\/product\/yoast-seo-premium-wordpress\/ -->\n<title>Tunisie : La ni\u00e8ce et le beau-fr\u00e8re de Leila Ben Ali condamn\u00e9s \u00e0 quatre ans de prison<\/title>\n<meta name=\"description\" content=\"La Chambre p\u00e9nale sp\u00e9cialis\u00e9e dans les affaires de corruption financi\u00e8re, pr\u00e8s le Tribunal de premi\u00e8re instance de Tunis, a condamn\u00e9 une ni\u00e8ce et un beau-fr\u00e8re...\" \/>\n<link rel=\"canonical\" href=\"https:\/\/www.webdo.tn\/fr\/actualite\/national\/tunisie-la-niece-et-le-beau-frere-de-leila-ben-ali-condamnes-a-quatre-ans-de-prison\/216725\/\" \/>\n<meta property=\"og:locale\" content=\"fr_FR\" \/>\n<meta property=\"og:type\" content=\"article\" \/>\n<meta property=\"og:title\" content=\"Tunisie : La ni\u00e8ce et le beau-fr\u00e8re de Leila Ben Ali condamn\u00e9s \u00e0 quatre ans de prison\" \/>\n<meta property=\"og:description\" content=\"La Chambre p\u00e9nale sp\u00e9cialis\u00e9e dans les affaires de corruption financi\u00e8re, pr\u00e8s le Tribunal de premi\u00e8re instance de Tunis, a condamn\u00e9 une ni\u00e8ce et un beau-fr\u00e8re...\" \/>\n<meta property=\"og:url\" content=\"https:\/\/www.webdo.tn\/fr\/actualite\/national\/tunisie-la-niece-et-le-beau-frere-de-leila-ben-ali-condamnes-a-quatre-ans-de-prison\/216725\/\" \/>\n<meta property=\"og:site_name\" content=\"webdo\" \/>\n<meta property=\"article:publisher\" content=\"https:\/\/www.facebook.com\/webdotn\" \/>\n<meta property=\"article:published_time\" content=\"2024-10-01T14:22:00+00:00\" \/>\n<meta property=\"article:modified_time\" content=\"2025-05-20T21:48:15+00:00\" \/>\n<meta property=\"og:image\" content=\"https:\/\/www.webdo.tn\/fr\/wp-content\/uploads\/2024\/10\/f73236c709915b39773baad28f9c87e5.webp\" \/>\n\t<meta property=\"og:image:width\" content=\"680\" \/>\n\t<meta property=\"og:image:height\" content=\"363\" \/>\n\t<meta property=\"og:image:type\" content=\"image\/webp\" \/>\n<meta name=\"author\" content=\"MC\" \/>\n<meta name=\"twitter:card\" content=\"summary_large_image\" \/>\n<meta name=\"twitter:creator\" content=\"@webdo_tn\" \/>\n<meta name=\"twitter:site\" content=\"@webdo_tn\" \/>\n<meta name=\"twitter:label1\" content=\"\u00c9crit par\" \/>\n\t<meta name=\"twitter:data1\" content=\"MC\" \/>\n\t<meta name=\"twitter:label2\" content=\"Dur\u00e9e de lecture estim\u00e9e\" \/>\n\t<meta name=\"twitter:data2\" content=\"1 minute\" \/>\n<script type=\"application\/ld+json\" class=\"yoast-schema-graph\">{\"@context\":\"https:\\\/\\\/schema.org\",\"@graph\":[{\"@type\":\"NewsArticle\",\"@id\":\"https:\\\/\\\/www.webdo.tn\\\/fr\\\/actualite\\\/national\\\/tunisie-la-niece-et-le-beau-frere-de-leila-ben-ali-condamnes-a-quatre-ans-de-prison\\\/216725\\\/#article\",\"isPartOf\":{\"@id\":\"https:\\\/\\\/www.webdo.tn\\\/fr\\\/actualite\\\/national\\\/tunisie-la-niece-et-le-beau-frere-de-leila-ben-ali-condamnes-a-quatre-ans-de-prison\\\/216725\\\/\"},\"author\":{\"name\":\"MC\",\"@id\":\"https:\\\/\\\/www.webdo.tn\\\/fr\\\/#\\\/schema\\\/person\\\/2c4929cbf5a809e3bd38617c6ce150f6\"},\"headline\":\"Tunisie : La ni\u00e8ce et le beau-fr\u00e8re de Leila Ben Ali condamn\u00e9s \u00e0 quatre ans de prison\",\"datePublished\":\"2024-10-01T14:22:00+00:00\",\"dateModified\":\"2025-05-20T21:48:15+00:00\",\"mainEntityOfPage\":{\"@id\":\"https:\\\/\\\/www.webdo.tn\\\/fr\\\/actualite\\\/national\\\/tunisie-la-niece-et-le-beau-frere-de-leila-ben-ali-condamnes-a-quatre-ans-de-prison\\\/216725\\\/\"},\"wordCount\":135,\"commentCount\":0,\"publisher\":{\"@id\":\"https:\\\/\\\/www.webdo.tn\\\/fr\\\/#organization\"},\"image\":{\"@id\":\"https:\\\/\\\/www.webdo.tn\\\/fr\\\/actualite\\\/national\\\/tunisie-la-niece-et-le-beau-frere-de-leila-ben-ali-condamnes-a-quatre-ans-de-prison\\\/216725\\\/#primaryimage\"},\"thumbnailUrl\":\"https:\\\/\\\/www.webdo.tn\\\/fr\\\/wp-content\\\/uploads\\\/2024\\\/10\\\/f73236c709915b39773baad28f9c87e5.webp\",\"keywords\":[\"amende\",\"ben ali\",\"condamnation\",\"cr\u00e9dit bancaire\",\"leila trabelsi\",\"Tunisie\"],\"articleSection\":[\"National\"],\"inLanguage\":\"fr-FR\"},{\"@type\":\"WebPage\",\"@id\":\"https:\\\/\\\/www.webdo.tn\\\/fr\\\/actualite\\\/national\\\/tunisie-la-niece-et-le-beau-frere-de-leila-ben-ali-condamnes-a-quatre-ans-de-prison\\\/216725\\\/\",\"url\":\"https:\\\/\\\/www.webdo.tn\\\/fr\\\/actualite\\\/national\\\/tunisie-la-niece-et-le-beau-frere-de-leila-ben-ali-condamnes-a-quatre-ans-de-prison\\\/216725\\\/\",\"name\":\"Tunisie : La ni\u00e8ce et le beau-fr\u00e8re de Leila Ben Ali condamn\u00e9s \u00e0 quatre ans de prison\",\"isPartOf\":{\"@id\":\"https:\\\/\\\/www.webdo.tn\\\/fr\\\/#website\"},\"primaryImageOfPage\":{\"@id\":\"https:\\\/\\\/www.webdo.tn\\\/fr\\\/actualite\\\/national\\\/tunisie-la-niece-et-le-beau-frere-de-leila-ben-ali-condamnes-a-quatre-ans-de-prison\\\/216725\\\/#primaryimage\"},\"image\":{\"@id\":\"https:\\\/\\\/www.webdo.tn\\\/fr\\\/actualite\\\/national\\\/tunisie-la-niece-et-le-beau-frere-de-leila-ben-ali-condamnes-a-quatre-ans-de-prison\\\/216725\\\/#primaryimage\"},\"thumbnailUrl\":\"https:\\\/\\\/www.webdo.tn\\\/fr\\\/wp-content\\\/uploads\\\/2024\\\/10\\\/f73236c709915b39773baad28f9c87e5.webp\",\"datePublished\":\"2024-10-01T14:22:00+00:00\",\"dateModified\":\"2025-05-20T21:48:15+00:00\",\"description\":\"La Chambre p\u00e9nale sp\u00e9cialis\u00e9e dans les affaires de corruption financi\u00e8re, pr\u00e8s le Tribunal de premi\u00e8re instance de Tunis, a condamn\u00e9 une ni\u00e8ce et un beau-fr\u00e8re...\",\"breadcrumb\":{\"@id\":\"https:\\\/\\\/www.webdo.tn\\\/fr\\\/actualite\\\/national\\\/tunisie-la-niece-et-le-beau-frere-de-leila-ben-ali-condamnes-a-quatre-ans-de-prison\\\/216725\\\/#breadcrumb\"},\"inLanguage\":\"fr-FR\",\"potentialAction\":[{\"@type\":\"ReadAction\",\"target\":[\"https:\\\/\\\/www.webdo.tn\\\/fr\\\/actualite\\\/national\\\/tunisie-la-niece-et-le-beau-frere-de-leila-ben-ali-condamnes-a-quatre-ans-de-prison\\\/216725\\\/\"]}]},{\"@type\":\"ImageObject\",\"inLanguage\":\"fr-FR\",\"@id\":\"https:\\\/\\\/www.webdo.tn\\\/fr\\\/actualite\\\/national\\\/tunisie-la-niece-et-le-beau-frere-de-leila-ben-ali-condamnes-a-quatre-ans-de-prison\\\/216725\\\/#primaryimage\",\"url\":\"https:\\\/\\\/www.webdo.tn\\\/fr\\\/wp-content\\\/uploads\\\/2024\\\/10\\\/f73236c709915b39773baad28f9c87e5.webp\",\"contentUrl\":\"https:\\\/\\\/www.webdo.tn\\\/fr\\\/wp-content\\\/uploads\\\/2024\\\/10\\\/f73236c709915b39773baad28f9c87e5.webp\",\"width\":680,\"height\":363,\"caption\":\"Tunisie : La ni\u00e8ce et le beau-fr\u00e8re de Leila Ben Ali condamn\u00e9s \u00e0 quatre ans de prison\"},{\"@type\":\"BreadcrumbList\",\"@id\":\"https:\\\/\\\/www.webdo.tn\\\/fr\\\/actualite\\\/national\\\/tunisie-la-niece-et-le-beau-frere-de-leila-ben-ali-condamnes-a-quatre-ans-de-prison\\\/216725\\\/#breadcrumb\",\"itemListElement\":[{\"@type\":\"ListItem\",\"position\":1,\"name\":\"Accueil\",\"item\":\"https:\\\/\\\/www.webdo.tn\\\/fr\\\/\"},{\"@type\":\"ListItem\",\"position\":2,\"name\":\"Tunisie : La ni\u00e8ce et le beau-fr\u00e8re de Leila Ben Ali condamn\u00e9s \u00e0 quatre ans de prison\"}]},{\"@type\":\"WebSite\",\"@id\":\"https:\\\/\\\/www.webdo.tn\\\/fr\\\/#website\",\"url\":\"https:\\\/\\\/www.webdo.tn\\\/fr\\\/\",\"name\":\"webdo\",\"description\":\"Tunisie - News en Tunisie et \u00e0 l&#039;international sur Webdo.tn\",\"publisher\":{\"@id\":\"https:\\\/\\\/www.webdo.tn\\\/fr\\\/#organization\"},\"potentialAction\":[{\"@type\":\"SearchAction\",\"target\":{\"@type\":\"EntryPoint\",\"urlTemplate\":\"https:\\\/\\\/www.webdo.tn\\\/fr\\\/?s={search_term_string}\"},\"query-input\":{\"@type\":\"PropertyValueSpecification\",\"valueRequired\":true,\"valueName\":\"search_term_string\"}}],\"inLanguage\":\"fr-FR\"},{\"@type\":\"Organization\",\"@id\":\"https:\\\/\\\/www.webdo.tn\\\/fr\\\/#organization\",\"name\":\"Webdo\",\"alternateName\":\"Webdo.tn\",\"url\":\"https:\\\/\\\/www.webdo.tn\\\/fr\\\/\",\"logo\":{\"@type\":\"ImageObject\",\"inLanguage\":\"fr-FR\",\"@id\":\"https:\\\/\\\/www.webdo.tn\\\/fr\\\/#\\\/schema\\\/logo\\\/image\\\/\",\"url\":\"https:\\\/\\\/www.webdo.tn\\\/fr\\\/wp-content\\\/uploads\\\/2025\\\/06\\\/Webdo-Tunisie_168377.jpg\",\"contentUrl\":\"https:\\\/\\\/www.webdo.tn\\\/fr\\\/wp-content\\\/uploads\\\/2025\\\/06\\\/Webdo-Tunisie_168377.jpg\",\"width\":301,\"height\":301,\"caption\":\"Webdo\"},\"image\":{\"@id\":\"https:\\\/\\\/www.webdo.tn\\\/fr\\\/#\\\/schema\\\/logo\\\/image\\\/\"},\"sameAs\":[\"https:\\\/\\\/www.facebook.com\\\/webdotn\",\"https:\\\/\\\/x.com\\\/webdo_tn\"],\"description\":\"Webdo est un m\u00e9dia num\u00e9rique tunisien fond\u00e9 en 2010, sp\u00e9cialis\u00e9 dans l\u2019actualit\u00e9 nationale et internationale, l\u2019\u00e9conomie, la soci\u00e9t\u00e9 et les analyses politiques. Le site s\u2019adresse \u00e0 un large public francophone et couvre l\u2019information tunisienne en temps r\u00e9el.\",\"email\":\"redac@webdo.tn\",\"legalName\":\"YNJ SARL\",\"foundingDate\":\"2010-09-06\",\"numberOfEmployees\":{\"@type\":\"QuantitativeValue\",\"minValue\":\"11\",\"maxValue\":\"50\"}},{\"@type\":\"Person\",\"@id\":\"https:\\\/\\\/www.webdo.tn\\\/fr\\\/#\\\/schema\\\/person\\\/2c4929cbf5a809e3bd38617c6ce150f6\",\"name\":\"MC\",\"image\":{\"@type\":\"ImageObject\",\"inLanguage\":\"fr-FR\",\"@id\":\"https:\\\/\\\/secure.gravatar.com\\\/avatar\\\/a545bbb6f84efdd5553dbbc2895e3ca8f1d12c5215e00a041c9670b54aa9b18a?s=96&d=mm&r=g\",\"url\":\"https:\\\/\\\/secure.gravatar.com\\\/avatar\\\/a545bbb6f84efdd5553dbbc2895e3ca8f1d12c5215e00a041c9670b54aa9b18a?s=96&d=mm&r=g\",\"contentUrl\":\"https:\\\/\\\/secure.gravatar.com\\\/avatar\\\/a545bbb6f84efdd5553dbbc2895e3ca8f1d12c5215e00a041c9670b54aa9b18a?s=96&d=mm&r=g\",\"caption\":\"MC\"},\"url\":\"https:\\\/\\\/www.webdo.tn\\\/fr\\\/actualite\\\/author\\\/mc\\\/\"}]}<\/script>\n<!-- \/ Yoast SEO Premium plugin. -->","yoast_head_json":{"title":"Tunisie : La ni\u00e8ce et le beau-fr\u00e8re de Leila Ben Ali condamn\u00e9s \u00e0 quatre ans de prison","description":"La Chambre p\u00e9nale sp\u00e9cialis\u00e9e dans les affaires de corruption financi\u00e8re, pr\u00e8s le Tribunal de premi\u00e8re instance de Tunis, a condamn\u00e9 une ni\u00e8ce et un beau-fr\u00e8re...","canonical":"https:\/\/www.webdo.tn\/fr\/actualite\/national\/tunisie-la-niece-et-le-beau-frere-de-leila-ben-ali-condamnes-a-quatre-ans-de-prison\/216725\/","og_locale":"fr_FR","og_type":"article","og_title":"Tunisie : La ni\u00e8ce et le beau-fr\u00e8re de Leila Ben Ali condamn\u00e9s \u00e0 quatre ans de prison","og_description":"La Chambre p\u00e9nale sp\u00e9cialis\u00e9e dans les affaires de corruption financi\u00e8re, pr\u00e8s le Tribunal de premi\u00e8re instance de Tunis, a condamn\u00e9 une ni\u00e8ce et un beau-fr\u00e8re...","og_url":"https:\/\/www.webdo.tn\/fr\/actualite\/national\/tunisie-la-niece-et-le-beau-frere-de-leila-ben-ali-condamnes-a-quatre-ans-de-prison\/216725\/","og_site_name":"webdo","article_publisher":"https:\/\/www.facebook.com\/webdotn","article_published_time":"2024-10-01T14:22:00+00:00","article_modified_time":"2025-05-20T21:48:15+00:00","og_image":[{"width":680,"height":363,"url":"https:\/\/www.webdo.tn\/fr\/wp-content\/uploads\/2024\/10\/f73236c709915b39773baad28f9c87e5.webp","type":"image\/webp"}],"author":"MC","twitter_card":"summary_large_image","twitter_creator":"@webdo_tn","twitter_site":"@webdo_tn","twitter_misc":{"\u00c9crit par":"MC","Dur\u00e9e de lecture estim\u00e9e":"1 minute"},"schema":{"@context":"https:\/\/schema.org","@graph":[{"@type":"NewsArticle","@id":"https:\/\/www.webdo.tn\/fr\/actualite\/national\/tunisie-la-niece-et-le-beau-frere-de-leila-ben-ali-condamnes-a-quatre-ans-de-prison\/216725\/#article","isPartOf":{"@id":"https:\/\/www.webdo.tn\/fr\/actualite\/national\/tunisie-la-niece-et-le-beau-frere-de-leila-ben-ali-condamnes-a-quatre-ans-de-prison\/216725\/"},"author":{"name":"MC","@id":"https:\/\/www.webdo.tn\/fr\/#\/schema\/person\/2c4929cbf5a809e3bd38617c6ce150f6"},"headline":"Tunisie : La ni\u00e8ce et le beau-fr\u00e8re de Leila Ben Ali condamn\u00e9s \u00e0 quatre ans de prison","datePublished":"2024-10-01T14:22:00+00:00","dateModified":"2025-05-20T21:48:15+00:00","mainEntityOfPage":{"@id":"https:\/\/www.webdo.tn\/fr\/actualite\/national\/tunisie-la-niece-et-le-beau-frere-de-leila-ben-ali-condamnes-a-quatre-ans-de-prison\/216725\/"},"wordCount":135,"commentCount":0,"publisher":{"@id":"https:\/\/www.webdo.tn\/fr\/#organization"},"image":{"@id":"https:\/\/www.webdo.tn\/fr\/actualite\/national\/tunisie-la-niece-et-le-beau-frere-de-leila-ben-ali-condamnes-a-quatre-ans-de-prison\/216725\/#primaryimage"},"thumbnailUrl":"https:\/\/www.webdo.tn\/fr\/wp-content\/uploads\/2024\/10\/f73236c709915b39773baad28f9c87e5.webp","keywords":["amende","ben ali","condamnation","cr\u00e9dit bancaire","leila trabelsi","Tunisie"],"articleSection":["National"],"inLanguage":"fr-FR"},{"@type":"WebPage","@id":"https:\/\/www.webdo.tn\/fr\/actualite\/national\/tunisie-la-niece-et-le-beau-frere-de-leila-ben-ali-condamnes-a-quatre-ans-de-prison\/216725\/","url":"https:\/\/www.webdo.tn\/fr\/actualite\/national\/tunisie-la-niece-et-le-beau-frere-de-leila-ben-ali-condamnes-a-quatre-ans-de-prison\/216725\/","name":"Tunisie : La ni\u00e8ce et le beau-fr\u00e8re de Leila Ben Ali condamn\u00e9s \u00e0 quatre ans de prison","isPartOf":{"@id":"https:\/\/www.webdo.tn\/fr\/#website"},"primaryImageOfPage":{"@id":"https:\/\/www.webdo.tn\/fr\/actualite\/national\/tunisie-la-niece-et-le-beau-frere-de-leila-ben-ali-condamnes-a-quatre-ans-de-prison\/216725\/#primaryimage"},"image":{"@id":"https:\/\/www.webdo.tn\/fr\/actualite\/national\/tunisie-la-niece-et-le-beau-frere-de-leila-ben-ali-condamnes-a-quatre-ans-de-prison\/216725\/#primaryimage"},"thumbnailUrl":"https:\/\/www.webdo.tn\/fr\/wp-content\/uploads\/2024\/10\/f73236c709915b39773baad28f9c87e5.webp","datePublished":"2024-10-01T14:22:00+00:00","dateModified":"2025-05-20T21:48:15+00:00","description":"La Chambre p\u00e9nale sp\u00e9cialis\u00e9e dans les affaires de corruption financi\u00e8re, pr\u00e8s le Tribunal de premi\u00e8re instance de Tunis, a condamn\u00e9 une ni\u00e8ce et un beau-fr\u00e8re...","breadcrumb":{"@id":"https:\/\/www.webdo.tn\/fr\/actualite\/national\/tunisie-la-niece-et-le-beau-frere-de-leila-ben-ali-condamnes-a-quatre-ans-de-prison\/216725\/#breadcrumb"},"inLanguage":"fr-FR","potentialAction":[{"@type":"ReadAction","target":["https:\/\/www.webdo.tn\/fr\/actualite\/national\/tunisie-la-niece-et-le-beau-frere-de-leila-ben-ali-condamnes-a-quatre-ans-de-prison\/216725\/"]}]},{"@type":"ImageObject","inLanguage":"fr-FR","@id":"https:\/\/www.webdo.tn\/fr\/actualite\/national\/tunisie-la-niece-et-le-beau-frere-de-leila-ben-ali-condamnes-a-quatre-ans-de-prison\/216725\/#primaryimage","url":"https:\/\/www.webdo.tn\/fr\/wp-content\/uploads\/2024\/10\/f73236c709915b39773baad28f9c87e5.webp","contentUrl":"https:\/\/www.webdo.tn\/fr\/wp-content\/uploads\/2024\/10\/f73236c709915b39773baad28f9c87e5.webp","width":680,"height":363,"caption":"Tunisie : La ni\u00e8ce et le beau-fr\u00e8re de Leila Ben Ali condamn\u00e9s \u00e0 quatre ans de prison"},{"@type":"BreadcrumbList","@id":"https:\/\/www.webdo.tn\/fr\/actualite\/national\/tunisie-la-niece-et-le-beau-frere-de-leila-ben-ali-condamnes-a-quatre-ans-de-prison\/216725\/#breadcrumb","itemListElement":[{"@type":"ListItem","position":1,"name":"Accueil","item":"https:\/\/www.webdo.tn\/fr\/"},{"@type":"ListItem","position":2,"name":"Tunisie : La ni\u00e8ce et le beau-fr\u00e8re de Leila Ben Ali condamn\u00e9s \u00e0 quatre ans de prison"}]},{"@type":"WebSite","@id":"https:\/\/www.webdo.tn\/fr\/#website","url":"https:\/\/www.webdo.tn\/fr\/","name":"webdo","description":"Tunisie - News en Tunisie et \u00e0 l&#039;international sur Webdo.tn","publisher":{"@id":"https:\/\/www.webdo.tn\/fr\/#organization"},"potentialAction":[{"@type":"SearchAction","target":{"@type":"EntryPoint","urlTemplate":"https:\/\/www.webdo.tn\/fr\/?s={search_term_string}"},"query-input":{"@type":"PropertyValueSpecification","valueRequired":true,"valueName":"search_term_string"}}],"inLanguage":"fr-FR"},{"@type":"Organization","@id":"https:\/\/www.webdo.tn\/fr\/#organization","name":"Webdo","alternateName":"Webdo.tn","url":"https:\/\/www.webdo.tn\/fr\/","logo":{"@type":"ImageObject","inLanguage":"fr-FR","@id":"https:\/\/www.webdo.tn\/fr\/#\/schema\/logo\/image\/","url":"https:\/\/www.webdo.tn\/fr\/wp-content\/uploads\/2025\/06\/Webdo-Tunisie_168377.jpg","contentUrl":"https:\/\/www.webdo.tn\/fr\/wp-content\/uploads\/2025\/06\/Webdo-Tunisie_168377.jpg","width":301,"height":301,"caption":"Webdo"},"image":{"@id":"https:\/\/www.webdo.tn\/fr\/#\/schema\/logo\/image\/"},"sameAs":["https:\/\/www.facebook.com\/webdotn","https:\/\/x.com\/webdo_tn"],"description":"Webdo est un m\u00e9dia num\u00e9rique tunisien fond\u00e9 en 2010, sp\u00e9cialis\u00e9 dans l\u2019actualit\u00e9 nationale et internationale, l\u2019\u00e9conomie, la soci\u00e9t\u00e9 et les analyses politiques. Le site s\u2019adresse \u00e0 un large public francophone et couvre l\u2019information tunisienne en temps r\u00e9el.","email":"redac@webdo.tn","legalName":"YNJ SARL","foundingDate":"2010-09-06","numberOfEmployees":{"@type":"QuantitativeValue","minValue":"11","maxValue":"50"}},{"@type":"Person","@id":"https:\/\/www.webdo.tn\/fr\/#\/schema\/person\/2c4929cbf5a809e3bd38617c6ce150f6","name":"MC","image":{"@type":"ImageObject","inLanguage":"fr-FR","@id":"https:\/\/secure.gravatar.com\/avatar\/a545bbb6f84efdd5553dbbc2895e3ca8f1d12c5215e00a041c9670b54aa9b18a?s=96&d=mm&r=g","url":"https:\/\/secure.gravatar.com\/avatar\/a545bbb6f84efdd5553dbbc2895e3ca8f1d12c5215e00a041c9670b54aa9b18a?s=96&d=mm&r=g","contentUrl":"https:\/\/secure.gravatar.com\/avatar\/a545bbb6f84efdd5553dbbc2895e3ca8f1d12c5215e00a041c9670b54aa9b18a?s=96&d=mm&r=g","caption":"MC"},"url":"https:\/\/www.webdo.tn\/fr\/actualite\/author\/mc\/"}]}},"_links":{"self":[{"href":"https:\/\/www.webdo.tn\/fr\/wp-json\/wp\/v2\/posts\/216725","targetHints":{"allow":["GET"]}}],"collection":[{"href":"https:\/\/www.webdo.tn\/fr\/wp-json\/wp\/v2\/posts"}],"about":[{"href":"https:\/\/www.webdo.tn\/fr\/wp-json\/wp\/v2\/types\/post"}],"author":[{"embeddable":true,"href":"https:\/\/www.webdo.tn\/fr\/wp-json\/wp\/v2\/users\/3162"}],"replies":[{"embeddable":true,"href":"https:\/\/www.webdo.tn\/fr\/wp-json\/wp\/v2\/comments?post=216725"}],"version-history":[{"count":0,"href":"https:\/\/www.webdo.tn\/fr\/wp-json\/wp\/v2\/posts\/216725\/revisions"}],"wp:featuredmedia":[{"embeddable":true,"href":"https:\/\/www.webdo.tn\/fr\/wp-json\/wp\/v2\/media\/246424"}],"wp:attachment":[{"href":"https:\/\/www.webdo.tn\/fr\/wp-json\/wp\/v2\/media?parent=216725"}],"wp:term":[{"taxonomy":"category","embeddable":true,"href":"https:\/\/www.webdo.tn\/fr\/wp-json\/wp\/v2\/categories?post=216725"},{"taxonomy":"post_tag","embeddable":true,"href":"https:\/\/www.webdo.tn\/fr\/wp-json\/wp\/v2\/tags?post=216725"}],"curies":[{"name":"wp","href":"https:\/\/api.w.org\/{rel}","templated":true}]}}