{"id":216722,"date":"2024-10-01T12:15:00","date_gmt":"2024-10-01T12:15:00","guid":{"rendered":"https:\/\/www.webdo.tn\/fr\/blog\/naufrage-de-djerba-quatre-arrestations-trois-mandats-de-depot\/216722\/"},"modified":"2025-05-20T21:48:14","modified_gmt":"2025-05-20T21:48:14","slug":"naufrage-de-djerba-quatre-arrestations-trois-mandats-de-depot","status":"publish","type":"post","link":"https:\/\/www.webdo.tn\/fr\/actualite\/national\/naufrage-de-djerba-quatre-arrestations-trois-mandats-de-depot\/216722\/","title":{"rendered":"Naufrage de Djerba : Quatre arrestations, trois mandats de d\u00e9p\u00f4t"},"content":{"rendered":"<p>Le parquet de M\u00e9denine a officiellement lanc\u00e9 une enqu\u00eate judiciaire suite au tragique naufrage d&rsquo;une embarcation de migrants survenu au large de Djerba, hier, lundi 30 septembre 2024. Suite au drame, qui a d\u00e9j\u00e0 caus\u00e9 la mort de 15 personnes, dont 3 nourrissons, quatre personnes ont \u00e9t\u00e9 arr\u00eat\u00e9es.<\/p>\n<p>\t\t\t\t\t\t\t\t\tLe procureur de la R\u00e9publique pr\u00e8s le tribunal de premi\u00e8re instance de M\u00e9denine, Fathi Baccouche, a indiqu\u00e9, ce mardi 1er octobre 2024, que l\u2019enqu\u00eate judiciaire ouverte suite au tragique naufrage d&rsquo;une embarcation de migrants survenu au large de Djerba a conduit \u00e0 l\u2019arrestation de quatre personnes.<\/p>\n<p>Il a soulign\u00e9 que ces quatre personnes sont soup\u00e7onn\u00e9es d&rsquo;\u00eatre des interm\u00e9diaires qui se trouvaient parmi les migrants irr\u00e9guliers \u00e0 bord de l&#8217;embarcation qui a fait naufrage, hier, au large des c\u00f4tes de Djerba et qui a caus\u00e9 la mort de 15 personnes dont trois nourrissons.<\/p>\n<p>Les premiers \u00e9l\u00e9ments de l&rsquo;enqu\u00eate r\u00e9v\u00e8lent en effet que l&#8217;embarcation a quitt\u00e9 la plage El Hachani, \u00e0 Houmt Souk, peu avant l&rsquo;aube, \u00e0 5h15 du matin, avec une soixantaine de personnes \u00e0 bord. Apr\u00e8s le naufrage, 31 personnes ont pu \u00eatre secourues par les \u00e9quipes de la Garde maritime, cependant, 15 corps sans vie ont \u00e9t\u00e9 rep\u00each\u00e9s, parmi lesquels trois nourrissons et quatre femmes. La majorit\u00e9 des passagers \u00e9taient des Tunisiens, accompagn\u00e9s de deux ressortissants \u00e9trangers.<\/p>\n<p>Le procureur de la R\u00e9publique pr\u00e8s le tribunal de premi\u00e8re instance de M\u00e9denine, Fathi Baccouche, a par ailleurs soulign\u00e9, sur les ondes de la Radio nationale, que trois mandats de recherche ont \u00e9t\u00e9 d\u00e9livr\u00e9s \u00e0 l\u2019encontre de personnes suspect\u00e9es d\u2019\u00eatre les organisateurs de l\u2019op\u00e9ration.<\/p>\n<p>L&rsquo;enqu\u00eate se poursuit pour identifier les responsables de cette tentative de migration ill\u00e9gale et tenter de retrouver les personnes disparues en mer d\u2019autant plus que le nombre exact de personnes qui se trouvaient sur l\u2019embarcation n\u2019a pas encore \u00e9t\u00e9 d\u00e9fini.<\/p>\n","protected":false},"excerpt":{"rendered":"<p>Le procureur de la R\u00e9publique pr\u00e8s le tribunal de premi\u00e8re instance de M\u00e9denine, Fathi Baccouche, a indiqu\u00e9, ce mardi 1er octobre 2024, que l\u2019enqu\u00eate judiciaire&#8230;<\/p>\n","protected":false},"author":3162,"featured_media":246423,"comment_status":"open","ping_status":"closed","sticky":false,"template":"","format":"standard","meta":{"footnotes":""},"categories":[44],"tags":[3696,3208,5547,5548,2608],"class_list":["post-216722","post","type-post","status-publish","format-standard","has-post-thumbnail","hentry","category-national","tag-djerba","tag-morts","tag-naufrage-migrants","tag-rescapes","tag-tunisie"],"yoast_head":"<!-- This site is optimized with the Yoast SEO Premium plugin v27.4 (Yoast SEO v27.5) - https:\/\/yoast.com\/product\/yoast-seo-premium-wordpress\/ -->\n<title>Naufrage de Djerba : Quatre arrestations, trois mandats de d\u00e9p\u00f4t<\/title>\n<meta name=\"description\" content=\"Le procureur de la R\u00e9publique pr\u00e8s le tribunal de premi\u00e8re instance de M\u00e9denine, Fathi Baccouche, a indiqu\u00e9, ce mardi 1er octobre 2024, que l\u2019enqu\u00eate judiciaire...\" \/>\n<link rel=\"canonical\" href=\"https:\/\/www.webdo.tn\/fr\/actualite\/national\/naufrage-de-djerba-quatre-arrestations-trois-mandats-de-depot\/216722\/\" \/>\n<meta property=\"og:locale\" content=\"fr_FR\" \/>\n<meta property=\"og:type\" content=\"article\" \/>\n<meta property=\"og:title\" content=\"Naufrage de Djerba : Quatre arrestations, trois mandats de d\u00e9p\u00f4t\" \/>\n<meta property=\"og:description\" content=\"Le procureur de la R\u00e9publique pr\u00e8s le tribunal de premi\u00e8re instance de M\u00e9denine, Fathi Baccouche, a indiqu\u00e9, ce mardi 1er octobre 2024, que l\u2019enqu\u00eate judiciaire...\" \/>\n<meta property=\"og:url\" content=\"https:\/\/www.webdo.tn\/fr\/actualite\/national\/naufrage-de-djerba-quatre-arrestations-trois-mandats-de-depot\/216722\/\" \/>\n<meta property=\"og:site_name\" content=\"webdo\" \/>\n<meta property=\"article:publisher\" content=\"https:\/\/www.facebook.com\/webdotn\" \/>\n<meta property=\"article:published_time\" content=\"2024-10-01T12:15:00+00:00\" \/>\n<meta property=\"article:modified_time\" content=\"2025-05-20T21:48:14+00:00\" \/>\n<meta property=\"og:image\" content=\"https:\/\/www.webdo.tn\/fr\/wp-content\/uploads\/2024\/10\/05ff58629a72c79dcc7f09415cb74b69.webp\" \/>\n\t<meta property=\"og:image:width\" content=\"750\" \/>\n\t<meta property=\"og:image:height\" content=\"400\" \/>\n\t<meta property=\"og:image:type\" content=\"image\/webp\" \/>\n<meta name=\"author\" content=\"MC\" \/>\n<meta name=\"twitter:card\" content=\"summary_large_image\" \/>\n<meta name=\"twitter:creator\" content=\"@webdo_tn\" \/>\n<meta name=\"twitter:site\" content=\"@webdo_tn\" \/>\n<meta name=\"twitter:label1\" content=\"\u00c9crit par\" \/>\n\t<meta name=\"twitter:data1\" content=\"MC\" \/>\n\t<meta name=\"twitter:label2\" content=\"Dur\u00e9e de lecture estim\u00e9e\" \/>\n\t<meta name=\"twitter:data2\" content=\"2 minutes\" \/>\n<script type=\"application\/ld+json\" class=\"yoast-schema-graph\">{\"@context\":\"https:\\\/\\\/schema.org\",\"@graph\":[{\"@type\":\"NewsArticle\",\"@id\":\"https:\\\/\\\/www.webdo.tn\\\/fr\\\/actualite\\\/national\\\/naufrage-de-djerba-quatre-arrestations-trois-mandats-de-depot\\\/216722\\\/#article\",\"isPartOf\":{\"@id\":\"https:\\\/\\\/www.webdo.tn\\\/fr\\\/actualite\\\/national\\\/naufrage-de-djerba-quatre-arrestations-trois-mandats-de-depot\\\/216722\\\/\"},\"author\":{\"name\":\"MC\",\"@id\":\"https:\\\/\\\/www.webdo.tn\\\/fr\\\/#\\\/schema\\\/person\\\/2c4929cbf5a809e3bd38617c6ce150f6\"},\"headline\":\"Naufrage de Djerba : Quatre arrestations, trois mandats de d\u00e9p\u00f4t\",\"datePublished\":\"2024-10-01T12:15:00+00:00\",\"dateModified\":\"2025-05-20T21:48:14+00:00\",\"mainEntityOfPage\":{\"@id\":\"https:\\\/\\\/www.webdo.tn\\\/fr\\\/actualite\\\/national\\\/naufrage-de-djerba-quatre-arrestations-trois-mandats-de-depot\\\/216722\\\/\"},\"wordCount\":347,\"commentCount\":0,\"publisher\":{\"@id\":\"https:\\\/\\\/www.webdo.tn\\\/fr\\\/#organization\"},\"image\":{\"@id\":\"https:\\\/\\\/www.webdo.tn\\\/fr\\\/actualite\\\/national\\\/naufrage-de-djerba-quatre-arrestations-trois-mandats-de-depot\\\/216722\\\/#primaryimage\"},\"thumbnailUrl\":\"https:\\\/\\\/www.webdo.tn\\\/fr\\\/wp-content\\\/uploads\\\/2024\\\/10\\\/05ff58629a72c79dcc7f09415cb74b69.webp\",\"keywords\":[\"djerba\",\"morts\",\"naufrage migrants\",\"rescap\u00e9s\",\"Tunisie\"],\"articleSection\":[\"National\"],\"inLanguage\":\"fr-FR\"},{\"@type\":\"WebPage\",\"@id\":\"https:\\\/\\\/www.webdo.tn\\\/fr\\\/actualite\\\/national\\\/naufrage-de-djerba-quatre-arrestations-trois-mandats-de-depot\\\/216722\\\/\",\"url\":\"https:\\\/\\\/www.webdo.tn\\\/fr\\\/actualite\\\/national\\\/naufrage-de-djerba-quatre-arrestations-trois-mandats-de-depot\\\/216722\\\/\",\"name\":\"Naufrage de Djerba : Quatre arrestations, trois mandats de d\u00e9p\u00f4t\",\"isPartOf\":{\"@id\":\"https:\\\/\\\/www.webdo.tn\\\/fr\\\/#website\"},\"primaryImageOfPage\":{\"@id\":\"https:\\\/\\\/www.webdo.tn\\\/fr\\\/actualite\\\/national\\\/naufrage-de-djerba-quatre-arrestations-trois-mandats-de-depot\\\/216722\\\/#primaryimage\"},\"image\":{\"@id\":\"https:\\\/\\\/www.webdo.tn\\\/fr\\\/actualite\\\/national\\\/naufrage-de-djerba-quatre-arrestations-trois-mandats-de-depot\\\/216722\\\/#primaryimage\"},\"thumbnailUrl\":\"https:\\\/\\\/www.webdo.tn\\\/fr\\\/wp-content\\\/uploads\\\/2024\\\/10\\\/05ff58629a72c79dcc7f09415cb74b69.webp\",\"datePublished\":\"2024-10-01T12:15:00+00:00\",\"dateModified\":\"2025-05-20T21:48:14+00:00\",\"description\":\"Le procureur de la R\u00e9publique pr\u00e8s le tribunal de premi\u00e8re instance de M\u00e9denine, Fathi Baccouche, a indiqu\u00e9, ce mardi 1er octobre 2024, que l\u2019enqu\u00eate judiciaire...\",\"breadcrumb\":{\"@id\":\"https:\\\/\\\/www.webdo.tn\\\/fr\\\/actualite\\\/national\\\/naufrage-de-djerba-quatre-arrestations-trois-mandats-de-depot\\\/216722\\\/#breadcrumb\"},\"inLanguage\":\"fr-FR\",\"potentialAction\":[{\"@type\":\"ReadAction\",\"target\":[\"https:\\\/\\\/www.webdo.tn\\\/fr\\\/actualite\\\/national\\\/naufrage-de-djerba-quatre-arrestations-trois-mandats-de-depot\\\/216722\\\/\"]}]},{\"@type\":\"ImageObject\",\"inLanguage\":\"fr-FR\",\"@id\":\"https:\\\/\\\/www.webdo.tn\\\/fr\\\/actualite\\\/national\\\/naufrage-de-djerba-quatre-arrestations-trois-mandats-de-depot\\\/216722\\\/#primaryimage\",\"url\":\"https:\\\/\\\/www.webdo.tn\\\/fr\\\/wp-content\\\/uploads\\\/2024\\\/10\\\/05ff58629a72c79dcc7f09415cb74b69.webp\",\"contentUrl\":\"https:\\\/\\\/www.webdo.tn\\\/fr\\\/wp-content\\\/uploads\\\/2024\\\/10\\\/05ff58629a72c79dcc7f09415cb74b69.webp\",\"width\":750,\"height\":400,\"caption\":\"Naufrage de Djerba : Quatre arrestations, trois mandats de d\u00e9p\u00f4t\"},{\"@type\":\"BreadcrumbList\",\"@id\":\"https:\\\/\\\/www.webdo.tn\\\/fr\\\/actualite\\\/national\\\/naufrage-de-djerba-quatre-arrestations-trois-mandats-de-depot\\\/216722\\\/#breadcrumb\",\"itemListElement\":[{\"@type\":\"ListItem\",\"position\":1,\"name\":\"Accueil\",\"item\":\"https:\\\/\\\/www.webdo.tn\\\/fr\\\/\"},{\"@type\":\"ListItem\",\"position\":2,\"name\":\"Naufrage de Djerba : Quatre arrestations, trois mandats de d\u00e9p\u00f4t\"}]},{\"@type\":\"WebSite\",\"@id\":\"https:\\\/\\\/www.webdo.tn\\\/fr\\\/#website\",\"url\":\"https:\\\/\\\/www.webdo.tn\\\/fr\\\/\",\"name\":\"webdo\",\"description\":\"Tunisie - News en Tunisie et \u00e0 l&#039;international sur Webdo.tn\",\"publisher\":{\"@id\":\"https:\\\/\\\/www.webdo.tn\\\/fr\\\/#organization\"},\"potentialAction\":[{\"@type\":\"SearchAction\",\"target\":{\"@type\":\"EntryPoint\",\"urlTemplate\":\"https:\\\/\\\/www.webdo.tn\\\/fr\\\/?s={search_term_string}\"},\"query-input\":{\"@type\":\"PropertyValueSpecification\",\"valueRequired\":true,\"valueName\":\"search_term_string\"}}],\"inLanguage\":\"fr-FR\"},{\"@type\":\"Organization\",\"@id\":\"https:\\\/\\\/www.webdo.tn\\\/fr\\\/#organization\",\"name\":\"Webdo\",\"alternateName\":\"Webdo.tn\",\"url\":\"https:\\\/\\\/www.webdo.tn\\\/fr\\\/\",\"logo\":{\"@type\":\"ImageObject\",\"inLanguage\":\"fr-FR\",\"@id\":\"https:\\\/\\\/www.webdo.tn\\\/fr\\\/#\\\/schema\\\/logo\\\/image\\\/\",\"url\":\"https:\\\/\\\/www.webdo.tn\\\/fr\\\/wp-content\\\/uploads\\\/2025\\\/06\\\/Webdo-Tunisie_168377.jpg\",\"contentUrl\":\"https:\\\/\\\/www.webdo.tn\\\/fr\\\/wp-content\\\/uploads\\\/2025\\\/06\\\/Webdo-Tunisie_168377.jpg\",\"width\":301,\"height\":301,\"caption\":\"Webdo\"},\"image\":{\"@id\":\"https:\\\/\\\/www.webdo.tn\\\/fr\\\/#\\\/schema\\\/logo\\\/image\\\/\"},\"sameAs\":[\"https:\\\/\\\/www.facebook.com\\\/webdotn\",\"https:\\\/\\\/x.com\\\/webdo_tn\"],\"description\":\"Webdo est un m\u00e9dia num\u00e9rique tunisien fond\u00e9 en 2010, sp\u00e9cialis\u00e9 dans l\u2019actualit\u00e9 nationale et internationale, l\u2019\u00e9conomie, la soci\u00e9t\u00e9 et les analyses politiques. Le site s\u2019adresse \u00e0 un large public francophone et couvre l\u2019information tunisienne en temps r\u00e9el.\",\"email\":\"redac@webdo.tn\",\"legalName\":\"YNJ SARL\",\"foundingDate\":\"2010-09-06\",\"numberOfEmployees\":{\"@type\":\"QuantitativeValue\",\"minValue\":\"11\",\"maxValue\":\"50\"}},{\"@type\":\"Person\",\"@id\":\"https:\\\/\\\/www.webdo.tn\\\/fr\\\/#\\\/schema\\\/person\\\/2c4929cbf5a809e3bd38617c6ce150f6\",\"name\":\"MC\",\"image\":{\"@type\":\"ImageObject\",\"inLanguage\":\"fr-FR\",\"@id\":\"https:\\\/\\\/secure.gravatar.com\\\/avatar\\\/a545bbb6f84efdd5553dbbc2895e3ca8f1d12c5215e00a041c9670b54aa9b18a?s=96&d=mm&r=g\",\"url\":\"https:\\\/\\\/secure.gravatar.com\\\/avatar\\\/a545bbb6f84efdd5553dbbc2895e3ca8f1d12c5215e00a041c9670b54aa9b18a?s=96&d=mm&r=g\",\"contentUrl\":\"https:\\\/\\\/secure.gravatar.com\\\/avatar\\\/a545bbb6f84efdd5553dbbc2895e3ca8f1d12c5215e00a041c9670b54aa9b18a?s=96&d=mm&r=g\",\"caption\":\"MC\"},\"url\":\"https:\\\/\\\/www.webdo.tn\\\/fr\\\/actualite\\\/author\\\/mc\\\/\"}]}<\/script>\n<!-- \/ Yoast SEO Premium plugin. -->","yoast_head_json":{"title":"Naufrage de Djerba : Quatre arrestations, trois mandats de d\u00e9p\u00f4t","description":"Le procureur de la R\u00e9publique pr\u00e8s le tribunal de premi\u00e8re instance de M\u00e9denine, Fathi Baccouche, a indiqu\u00e9, ce mardi 1er octobre 2024, que l\u2019enqu\u00eate judiciaire...","canonical":"https:\/\/www.webdo.tn\/fr\/actualite\/national\/naufrage-de-djerba-quatre-arrestations-trois-mandats-de-depot\/216722\/","og_locale":"fr_FR","og_type":"article","og_title":"Naufrage de Djerba : Quatre arrestations, trois mandats de d\u00e9p\u00f4t","og_description":"Le procureur de la R\u00e9publique pr\u00e8s le tribunal de premi\u00e8re instance de M\u00e9denine, Fathi Baccouche, a indiqu\u00e9, ce mardi 1er octobre 2024, que l\u2019enqu\u00eate judiciaire...","og_url":"https:\/\/www.webdo.tn\/fr\/actualite\/national\/naufrage-de-djerba-quatre-arrestations-trois-mandats-de-depot\/216722\/","og_site_name":"webdo","article_publisher":"https:\/\/www.facebook.com\/webdotn","article_published_time":"2024-10-01T12:15:00+00:00","article_modified_time":"2025-05-20T21:48:14+00:00","og_image":[{"width":750,"height":400,"url":"https:\/\/www.webdo.tn\/fr\/wp-content\/uploads\/2024\/10\/05ff58629a72c79dcc7f09415cb74b69.webp","type":"image\/webp"}],"author":"MC","twitter_card":"summary_large_image","twitter_creator":"@webdo_tn","twitter_site":"@webdo_tn","twitter_misc":{"\u00c9crit par":"MC","Dur\u00e9e de lecture estim\u00e9e":"2 minutes"},"schema":{"@context":"https:\/\/schema.org","@graph":[{"@type":"NewsArticle","@id":"https:\/\/www.webdo.tn\/fr\/actualite\/national\/naufrage-de-djerba-quatre-arrestations-trois-mandats-de-depot\/216722\/#article","isPartOf":{"@id":"https:\/\/www.webdo.tn\/fr\/actualite\/national\/naufrage-de-djerba-quatre-arrestations-trois-mandats-de-depot\/216722\/"},"author":{"name":"MC","@id":"https:\/\/www.webdo.tn\/fr\/#\/schema\/person\/2c4929cbf5a809e3bd38617c6ce150f6"},"headline":"Naufrage de Djerba : Quatre arrestations, trois mandats de d\u00e9p\u00f4t","datePublished":"2024-10-01T12:15:00+00:00","dateModified":"2025-05-20T21:48:14+00:00","mainEntityOfPage":{"@id":"https:\/\/www.webdo.tn\/fr\/actualite\/national\/naufrage-de-djerba-quatre-arrestations-trois-mandats-de-depot\/216722\/"},"wordCount":347,"commentCount":0,"publisher":{"@id":"https:\/\/www.webdo.tn\/fr\/#organization"},"image":{"@id":"https:\/\/www.webdo.tn\/fr\/actualite\/national\/naufrage-de-djerba-quatre-arrestations-trois-mandats-de-depot\/216722\/#primaryimage"},"thumbnailUrl":"https:\/\/www.webdo.tn\/fr\/wp-content\/uploads\/2024\/10\/05ff58629a72c79dcc7f09415cb74b69.webp","keywords":["djerba","morts","naufrage migrants","rescap\u00e9s","Tunisie"],"articleSection":["National"],"inLanguage":"fr-FR"},{"@type":"WebPage","@id":"https:\/\/www.webdo.tn\/fr\/actualite\/national\/naufrage-de-djerba-quatre-arrestations-trois-mandats-de-depot\/216722\/","url":"https:\/\/www.webdo.tn\/fr\/actualite\/national\/naufrage-de-djerba-quatre-arrestations-trois-mandats-de-depot\/216722\/","name":"Naufrage de Djerba : Quatre arrestations, trois mandats de d\u00e9p\u00f4t","isPartOf":{"@id":"https:\/\/www.webdo.tn\/fr\/#website"},"primaryImageOfPage":{"@id":"https:\/\/www.webdo.tn\/fr\/actualite\/national\/naufrage-de-djerba-quatre-arrestations-trois-mandats-de-depot\/216722\/#primaryimage"},"image":{"@id":"https:\/\/www.webdo.tn\/fr\/actualite\/national\/naufrage-de-djerba-quatre-arrestations-trois-mandats-de-depot\/216722\/#primaryimage"},"thumbnailUrl":"https:\/\/www.webdo.tn\/fr\/wp-content\/uploads\/2024\/10\/05ff58629a72c79dcc7f09415cb74b69.webp","datePublished":"2024-10-01T12:15:00+00:00","dateModified":"2025-05-20T21:48:14+00:00","description":"Le procureur de la R\u00e9publique pr\u00e8s le tribunal de premi\u00e8re instance de M\u00e9denine, Fathi Baccouche, a indiqu\u00e9, ce mardi 1er octobre 2024, que l\u2019enqu\u00eate judiciaire...","breadcrumb":{"@id":"https:\/\/www.webdo.tn\/fr\/actualite\/national\/naufrage-de-djerba-quatre-arrestations-trois-mandats-de-depot\/216722\/#breadcrumb"},"inLanguage":"fr-FR","potentialAction":[{"@type":"ReadAction","target":["https:\/\/www.webdo.tn\/fr\/actualite\/national\/naufrage-de-djerba-quatre-arrestations-trois-mandats-de-depot\/216722\/"]}]},{"@type":"ImageObject","inLanguage":"fr-FR","@id":"https:\/\/www.webdo.tn\/fr\/actualite\/national\/naufrage-de-djerba-quatre-arrestations-trois-mandats-de-depot\/216722\/#primaryimage","url":"https:\/\/www.webdo.tn\/fr\/wp-content\/uploads\/2024\/10\/05ff58629a72c79dcc7f09415cb74b69.webp","contentUrl":"https:\/\/www.webdo.tn\/fr\/wp-content\/uploads\/2024\/10\/05ff58629a72c79dcc7f09415cb74b69.webp","width":750,"height":400,"caption":"Naufrage de Djerba : Quatre arrestations, trois mandats de d\u00e9p\u00f4t"},{"@type":"BreadcrumbList","@id":"https:\/\/www.webdo.tn\/fr\/actualite\/national\/naufrage-de-djerba-quatre-arrestations-trois-mandats-de-depot\/216722\/#breadcrumb","itemListElement":[{"@type":"ListItem","position":1,"name":"Accueil","item":"https:\/\/www.webdo.tn\/fr\/"},{"@type":"ListItem","position":2,"name":"Naufrage de Djerba : Quatre arrestations, trois mandats de d\u00e9p\u00f4t"}]},{"@type":"WebSite","@id":"https:\/\/www.webdo.tn\/fr\/#website","url":"https:\/\/www.webdo.tn\/fr\/","name":"webdo","description":"Tunisie - News en Tunisie et \u00e0 l&#039;international sur Webdo.tn","publisher":{"@id":"https:\/\/www.webdo.tn\/fr\/#organization"},"potentialAction":[{"@type":"SearchAction","target":{"@type":"EntryPoint","urlTemplate":"https:\/\/www.webdo.tn\/fr\/?s={search_term_string}"},"query-input":{"@type":"PropertyValueSpecification","valueRequired":true,"valueName":"search_term_string"}}],"inLanguage":"fr-FR"},{"@type":"Organization","@id":"https:\/\/www.webdo.tn\/fr\/#organization","name":"Webdo","alternateName":"Webdo.tn","url":"https:\/\/www.webdo.tn\/fr\/","logo":{"@type":"ImageObject","inLanguage":"fr-FR","@id":"https:\/\/www.webdo.tn\/fr\/#\/schema\/logo\/image\/","url":"https:\/\/www.webdo.tn\/fr\/wp-content\/uploads\/2025\/06\/Webdo-Tunisie_168377.jpg","contentUrl":"https:\/\/www.webdo.tn\/fr\/wp-content\/uploads\/2025\/06\/Webdo-Tunisie_168377.jpg","width":301,"height":301,"caption":"Webdo"},"image":{"@id":"https:\/\/www.webdo.tn\/fr\/#\/schema\/logo\/image\/"},"sameAs":["https:\/\/www.facebook.com\/webdotn","https:\/\/x.com\/webdo_tn"],"description":"Webdo est un m\u00e9dia num\u00e9rique tunisien fond\u00e9 en 2010, sp\u00e9cialis\u00e9 dans l\u2019actualit\u00e9 nationale et internationale, l\u2019\u00e9conomie, la soci\u00e9t\u00e9 et les analyses politiques. Le site s\u2019adresse \u00e0 un large public francophone et couvre l\u2019information tunisienne en temps r\u00e9el.","email":"redac@webdo.tn","legalName":"YNJ SARL","foundingDate":"2010-09-06","numberOfEmployees":{"@type":"QuantitativeValue","minValue":"11","maxValue":"50"}},{"@type":"Person","@id":"https:\/\/www.webdo.tn\/fr\/#\/schema\/person\/2c4929cbf5a809e3bd38617c6ce150f6","name":"MC","image":{"@type":"ImageObject","inLanguage":"fr-FR","@id":"https:\/\/secure.gravatar.com\/avatar\/a545bbb6f84efdd5553dbbc2895e3ca8f1d12c5215e00a041c9670b54aa9b18a?s=96&d=mm&r=g","url":"https:\/\/secure.gravatar.com\/avatar\/a545bbb6f84efdd5553dbbc2895e3ca8f1d12c5215e00a041c9670b54aa9b18a?s=96&d=mm&r=g","contentUrl":"https:\/\/secure.gravatar.com\/avatar\/a545bbb6f84efdd5553dbbc2895e3ca8f1d12c5215e00a041c9670b54aa9b18a?s=96&d=mm&r=g","caption":"MC"},"url":"https:\/\/www.webdo.tn\/fr\/actualite\/author\/mc\/"}]}},"_links":{"self":[{"href":"https:\/\/www.webdo.tn\/fr\/wp-json\/wp\/v2\/posts\/216722","targetHints":{"allow":["GET"]}}],"collection":[{"href":"https:\/\/www.webdo.tn\/fr\/wp-json\/wp\/v2\/posts"}],"about":[{"href":"https:\/\/www.webdo.tn\/fr\/wp-json\/wp\/v2\/types\/post"}],"author":[{"embeddable":true,"href":"https:\/\/www.webdo.tn\/fr\/wp-json\/wp\/v2\/users\/3162"}],"replies":[{"embeddable":true,"href":"https:\/\/www.webdo.tn\/fr\/wp-json\/wp\/v2\/comments?post=216722"}],"version-history":[{"count":0,"href":"https:\/\/www.webdo.tn\/fr\/wp-json\/wp\/v2\/posts\/216722\/revisions"}],"wp:featuredmedia":[{"embeddable":true,"href":"https:\/\/www.webdo.tn\/fr\/wp-json\/wp\/v2\/media\/246423"}],"wp:attachment":[{"href":"https:\/\/www.webdo.tn\/fr\/wp-json\/wp\/v2\/media?parent=216722"}],"wp:term":[{"taxonomy":"category","embeddable":true,"href":"https:\/\/www.webdo.tn\/fr\/wp-json\/wp\/v2\/categories?post=216722"},{"taxonomy":"post_tag","embeddable":true,"href":"https:\/\/www.webdo.tn\/fr\/wp-json\/wp\/v2\/tags?post=216722"}],"curies":[{"name":"wp","href":"https:\/\/api.w.org\/{rel}","templated":true}]}}