{"id":216719,"date":"2024-10-01T10:54:00","date_gmt":"2024-10-01T10:54:00","guid":{"rendered":"https:\/\/www.webdo.tn\/fr\/blog\/chroniques-allemandes-a-la-decouverte-de-la-mosquee-de-francfort\/216719\/"},"modified":"2025-05-17T20:27:17","modified_gmt":"2025-05-17T20:27:17","slug":"chroniques-allemandes-a-la-decouverte-de-la-mosquee-de-francfort","status":"publish","type":"post","link":"https:\/\/www.webdo.tn\/fr\/actualite\/chroniques\/chroniques-allemandes-a-la-decouverte-de-la-mosquee-de-francfort\/216719\/","title":{"rendered":"Chroniques allemandes : A la d\u00e9couverte de la mosqu\u00e9e de Francfort"},"content":{"rendered":"<p>Cette semaine, la R\u00e9publique f\u00e9d\u00e9rale allemande c\u00e9l\u00e8bre le Jour de l&rsquo;unit\u00e9. Nous saisissons cette opportunit\u00e9 pour publier cette premi\u00e8re chronique allemande.<\/p>\n<p>\t\t\t\t\t\t\t\t\tFrancfort &#8211; La mosqu\u00e9e Abou Bakr de Francfort a \u00e9t\u00e9 fond\u00e9e en 1966. Initialement fr\u00e9quent\u00e9e par des Turcs et des Allemands convertis \u00e0 l&rsquo;islam, cette mosqu\u00e9e est devenu absolument cosmopolite et chaque vendredi, ce sont des musulmans de plusieurs nationalit\u00e9s qui convergent vers ce lieu de culte.<\/p>\n<p>S&rsquo;il existe une cinquantaine de mosqu\u00e9es \u00e0 Francfort, celle o\u00f9 je me trouve est la seule qui soit pourvue d&rsquo;un minaret et dot\u00e9e d&rsquo;une coupole.<br \/>\nLors de sa fondation, cette mosqu\u00e9e \u00e9tait install\u00e9e ailleurs, dans un \u00e9difice plus modeste. Ce n&rsquo;est que bien plus tard, en 2007, que la communaut\u00e9 s&rsquo;est install\u00e9e en ces lieux apr\u00e8s avoir fait l&rsquo;acquisition d&rsquo;anciens ateliers.<\/p>\n<p>La mosqu\u00e9e esy vaste, plut\u00f4t \u00e9l\u00e9gante et orn\u00e9e de fontaines qui en \u00e9gaient la cour. Outre la salle de pri\u00e8re, les locaux comprennent une medersa fr\u00e9quent\u00e9e par des jeunes femmes et hommes, pour l&rsquo;essentiel des Allemands d&rsquo;origine arabe et africaine. La mosqu\u00e9e abrite aussi un restaurant et m\u00eame une salle polyvalente o\u00f9 tr\u00f4ne un billard.<\/p>\n<p>Abdessamad Al Yazidi se pr\u00e9sente comme 100% Allemand et 100% Marocain. Il est pr\u00e9sident du Conseil sup\u00e9rieur des musulmans d&rsquo;Allemagne, une institution fond\u00e9e en 1987. N\u00e9 \u00e0 Rengen, il est citoyen allemand et fier de l&rsquo;\u00eatre. Al Yazidi a pass\u00e9 cinq ans au Maroc et y a parfait son maniement de la langue arabe.<\/p>\n<p>Il m&rsquo;apprend qu&rsquo;ils sont aujourd&rsquo;hui 5,6 millions de musulmans en Allemagne. Tels sont les chiffres officiels mais il conviendrait de les multiplier car, par exemple, en 2015, ils sont plus d&rsquo;un million de r\u00e9fugi\u00e9s essentiellement musulmans qui ont \u00e9t\u00e9 accueillis en Allemagne, un pays o\u00f9 pr\u00e8s de 3000 mosqu\u00e9es sont en activit\u00e9.<\/p>\n<p>Il n&rsquo;existe pas de minist\u00e8re des Affaires religieuses en RFA. La tradition ici est \u00e0 une la\u00efcit\u00e9 partag\u00e9e, collaborative. D&rsquo;ailleurs, la Constitution donne le droit \u00e0 chaque communaut\u00e9 d&rsquo;enseigner sa religion. L&rsquo;\u00c9tat prend en charge les b\u00e2timents et les enseignants alors que chacun s&rsquo;occupe de ses propres contenus p\u00e9dagogiques.<\/p>\n<p>Le Conseil sup\u00e9rieur des musulmans d&rsquo;Allemagne est dot\u00e9 d&rsquo;un comit\u00e9 scientifique et si\u00e8ge dans plusieurs universit\u00e9s comme par exemple \u00e0 Francfort, Berlin, Osnabr\u00fcck ou M\u00fcnster. Al Yazidi est un d\u00e9fenseur farouche du vivre-ensemble et du dialogue des civilisations. Il a particip\u00e9 au Maroc, \u00e0 un congr\u00e8s sur le droit des minorit\u00e9s dans les pays musulmans. Il a \u00e9galement traduit des documents sur cette th\u00e9matique.<\/p>\n<p>Abdessamad Al Yazidi raconte la gen\u00e8se de la mosqu\u00e9e, me parle du cheikh B\u00e9chir, un Allemand converti \u00e0 l&rsquo;islam dans les ann\u00e9es soixante, \u00e0 une \u00e9poque o\u00f9 les musulmans de Francfort devaient se d\u00e9placer jusqu&rsquo;\u00e0 Berlin, pour la pri\u00e8re collective du vendredi. En ces ann\u00e9es lointaines avait \u00e9t\u00e9 cr\u00e9\u00e9e la Deutsche Muslim League qui fut le noyau initial de la floraison associative actuelle.<\/p>\n<p>Nous sommes un vendredi et les fid\u00e8les commencent \u00e0 affluer. Tous se dirigent d&rsquo;abord vers la salle des ablutions puis se retrouvent dans la grande salle de pri\u00e8res, face au mihrab. L&rsquo;imam de la mosqu\u00e9e est lui aussi Allemand, d&rsquo;origine \u00e9gyptienne et install\u00e9 en Allemagne depuis des g\u00e9n\u00e9rations. Dans quelques instants, il va lire son sermon en langue allemande. L&rsquo;appel \u00e0 la pri\u00e8re signale qu&rsquo;il est presque l&rsquo;heure. La mosqu\u00e9e est pleine comme un \u0153uf en cette journ\u00e9e ensoleill\u00e9e.<\/p>\n<p>(A SUIVRE)<\/p>\n","protected":false},"excerpt":{"rendered":"<p>La mosqu\u00e9e Abou Bakr de Francfort a \u00e9t\u00e9 fond\u00e9e en 1966. Initialement fr\u00e9quent\u00e9e par des Turcs et des Allemands convertis \u00e0 l&rsquo;islam, cette mosqu\u00e9e est devenu abs&#8230;<\/p>\n","protected":false},"author":3229,"featured_media":246420,"comment_status":"open","ping_status":"closed","sticky":false,"template":"","format":"standard","meta":{"footnotes":""},"categories":[2596],"tags":[3445,5543,5544,5542],"class_list":["post-216719","post","type-post","status-publish","format-standard","has-post-thumbnail","hentry","category-chroniques","tag-allemagne","tag-francfort","tag-mosquee-abou-bakr","tag-musulmans"],"yoast_head":"<!-- This site is optimized with the Yoast SEO Premium plugin v27.5 (Yoast SEO v27.5) - https:\/\/yoast.com\/product\/yoast-seo-premium-wordpress\/ -->\n<title>Chroniques allemandes : A la d\u00e9couverte de la mosqu\u00e9e de Francfort<\/title>\n<meta name=\"description\" content=\"La mosqu\u00e9e Abou Bakr de Francfort a \u00e9t\u00e9 fond\u00e9e en 1966. Initialement fr\u00e9quent\u00e9e par des Turcs et des Allemands convertis \u00e0 l&#039;islam, cette mosqu\u00e9e est devenu abs...\" \/>\n<link rel=\"canonical\" href=\"https:\/\/www.webdo.tn\/fr\/actualite\/chroniques\/chroniques-allemandes-a-la-decouverte-de-la-mosquee-de-francfort\/216719\/\" \/>\n<meta property=\"og:locale\" content=\"fr_FR\" \/>\n<meta property=\"og:type\" content=\"article\" \/>\n<meta property=\"og:title\" content=\"Chroniques allemandes : A la d\u00e9couverte de la mosqu\u00e9e de Francfort\" \/>\n<meta property=\"og:description\" content=\"La mosqu\u00e9e Abou Bakr de Francfort a \u00e9t\u00e9 fond\u00e9e en 1966. Initialement fr\u00e9quent\u00e9e par des Turcs et des Allemands convertis \u00e0 l&#039;islam, cette mosqu\u00e9e est devenu abs...\" \/>\n<meta property=\"og:url\" content=\"https:\/\/www.webdo.tn\/fr\/actualite\/chroniques\/chroniques-allemandes-a-la-decouverte-de-la-mosquee-de-francfort\/216719\/\" \/>\n<meta property=\"og:site_name\" content=\"webdo\" \/>\n<meta property=\"article:publisher\" content=\"https:\/\/www.facebook.com\/webdotn\" \/>\n<meta property=\"article:author\" content=\"https:\/\/www.facebook.com\/hatem.bourial.2025\" \/>\n<meta property=\"article:published_time\" content=\"2024-10-01T10:54:00+00:00\" \/>\n<meta property=\"article:modified_time\" content=\"2025-05-17T20:27:17+00:00\" \/>\n<meta property=\"og:image\" content=\"https:\/\/www.webdo.tn\/fr\/wp-content\/uploads\/2024\/10\/1ab5da64b527b55918badcd8d3921be4.webp\" \/>\n\t<meta property=\"og:image:width\" content=\"750\" \/>\n\t<meta property=\"og:image:height\" content=\"400\" \/>\n\t<meta property=\"og:image:type\" content=\"image\/webp\" \/>\n<meta name=\"author\" content=\"Hatem Bourial\" \/>\n<meta name=\"twitter:card\" content=\"summary_large_image\" \/>\n<meta name=\"twitter:creator\" content=\"@webdo_tn\" \/>\n<meta name=\"twitter:site\" content=\"@webdo_tn\" \/>\n<meta name=\"twitter:label1\" content=\"\u00c9crit par\" \/>\n\t<meta name=\"twitter:data1\" content=\"Hatem Bourial\" \/>\n\t<meta name=\"twitter:label2\" content=\"Dur\u00e9e de lecture estim\u00e9e\" \/>\n\t<meta name=\"twitter:data2\" content=\"3 minutes\" \/>\n<script type=\"application\/ld+json\" class=\"yoast-schema-graph\">{\"@context\":\"https:\\\/\\\/schema.org\",\"@graph\":[{\"@type\":\"NewsArticle\",\"@id\":\"https:\\\/\\\/www.webdo.tn\\\/fr\\\/actualite\\\/chroniques\\\/chroniques-allemandes-a-la-decouverte-de-la-mosquee-de-francfort\\\/216719\\\/#article\",\"isPartOf\":{\"@id\":\"https:\\\/\\\/www.webdo.tn\\\/fr\\\/actualite\\\/chroniques\\\/chroniques-allemandes-a-la-decouverte-de-la-mosquee-de-francfort\\\/216719\\\/\"},\"author\":{\"name\":\"Hatem Bourial\",\"@id\":\"https:\\\/\\\/www.webdo.tn\\\/fr\\\/#\\\/schema\\\/person\\\/6bc0beba2cd23aec27cb5df85ca2554f\"},\"headline\":\"Chroniques allemandes : A la d\u00e9couverte de la mosqu\u00e9e de Francfort\",\"datePublished\":\"2024-10-01T10:54:00+00:00\",\"dateModified\":\"2025-05-17T20:27:17+00:00\",\"mainEntityOfPage\":{\"@id\":\"https:\\\/\\\/www.webdo.tn\\\/fr\\\/actualite\\\/chroniques\\\/chroniques-allemandes-a-la-decouverte-de-la-mosquee-de-francfort\\\/216719\\\/\"},\"wordCount\":638,\"commentCount\":0,\"publisher\":{\"@id\":\"https:\\\/\\\/www.webdo.tn\\\/fr\\\/#organization\"},\"image\":{\"@id\":\"https:\\\/\\\/www.webdo.tn\\\/fr\\\/actualite\\\/chroniques\\\/chroniques-allemandes-a-la-decouverte-de-la-mosquee-de-francfort\\\/216719\\\/#primaryimage\"},\"thumbnailUrl\":\"https:\\\/\\\/www.webdo.tn\\\/fr\\\/wp-content\\\/uploads\\\/2024\\\/10\\\/1ab5da64b527b55918badcd8d3921be4.webp\",\"keywords\":[\"Allemagne\",\"Francfort\",\"mosqu\u00e9e Abou Bakr\",\"Musulmans\"],\"articleSection\":[\"Chroniques\"],\"inLanguage\":\"fr-FR\"},{\"@type\":\"WebPage\",\"@id\":\"https:\\\/\\\/www.webdo.tn\\\/fr\\\/actualite\\\/chroniques\\\/chroniques-allemandes-a-la-decouverte-de-la-mosquee-de-francfort\\\/216719\\\/\",\"url\":\"https:\\\/\\\/www.webdo.tn\\\/fr\\\/actualite\\\/chroniques\\\/chroniques-allemandes-a-la-decouverte-de-la-mosquee-de-francfort\\\/216719\\\/\",\"name\":\"Chroniques allemandes : A la d\u00e9couverte de la mosqu\u00e9e de Francfort\",\"isPartOf\":{\"@id\":\"https:\\\/\\\/www.webdo.tn\\\/fr\\\/#website\"},\"primaryImageOfPage\":{\"@id\":\"https:\\\/\\\/www.webdo.tn\\\/fr\\\/actualite\\\/chroniques\\\/chroniques-allemandes-a-la-decouverte-de-la-mosquee-de-francfort\\\/216719\\\/#primaryimage\"},\"image\":{\"@id\":\"https:\\\/\\\/www.webdo.tn\\\/fr\\\/actualite\\\/chroniques\\\/chroniques-allemandes-a-la-decouverte-de-la-mosquee-de-francfort\\\/216719\\\/#primaryimage\"},\"thumbnailUrl\":\"https:\\\/\\\/www.webdo.tn\\\/fr\\\/wp-content\\\/uploads\\\/2024\\\/10\\\/1ab5da64b527b55918badcd8d3921be4.webp\",\"datePublished\":\"2024-10-01T10:54:00+00:00\",\"dateModified\":\"2025-05-17T20:27:17+00:00\",\"description\":\"La mosqu\u00e9e Abou Bakr de Francfort a \u00e9t\u00e9 fond\u00e9e en 1966. Initialement fr\u00e9quent\u00e9e par des Turcs et des Allemands convertis \u00e0 l'islam, cette mosqu\u00e9e est devenu abs...\",\"breadcrumb\":{\"@id\":\"https:\\\/\\\/www.webdo.tn\\\/fr\\\/actualite\\\/chroniques\\\/chroniques-allemandes-a-la-decouverte-de-la-mosquee-de-francfort\\\/216719\\\/#breadcrumb\"},\"inLanguage\":\"fr-FR\",\"potentialAction\":[{\"@type\":\"ReadAction\",\"target\":[\"https:\\\/\\\/www.webdo.tn\\\/fr\\\/actualite\\\/chroniques\\\/chroniques-allemandes-a-la-decouverte-de-la-mosquee-de-francfort\\\/216719\\\/\"]}]},{\"@type\":\"ImageObject\",\"inLanguage\":\"fr-FR\",\"@id\":\"https:\\\/\\\/www.webdo.tn\\\/fr\\\/actualite\\\/chroniques\\\/chroniques-allemandes-a-la-decouverte-de-la-mosquee-de-francfort\\\/216719\\\/#primaryimage\",\"url\":\"https:\\\/\\\/www.webdo.tn\\\/fr\\\/wp-content\\\/uploads\\\/2024\\\/10\\\/1ab5da64b527b55918badcd8d3921be4.webp\",\"contentUrl\":\"https:\\\/\\\/www.webdo.tn\\\/fr\\\/wp-content\\\/uploads\\\/2024\\\/10\\\/1ab5da64b527b55918badcd8d3921be4.webp\",\"width\":750,\"height\":400,\"caption\":\"Chroniques allemandes : A la d\u00e9couverte de la mosqu\u00e9e de Francfort\"},{\"@type\":\"BreadcrumbList\",\"@id\":\"https:\\\/\\\/www.webdo.tn\\\/fr\\\/actualite\\\/chroniques\\\/chroniques-allemandes-a-la-decouverte-de-la-mosquee-de-francfort\\\/216719\\\/#breadcrumb\",\"itemListElement\":[{\"@type\":\"ListItem\",\"position\":1,\"name\":\"Accueil\",\"item\":\"https:\\\/\\\/www.webdo.tn\\\/fr\\\/\"},{\"@type\":\"ListItem\",\"position\":2,\"name\":\"Chroniques allemandes : A la d\u00e9couverte de la mosqu\u00e9e de Francfort\"}]},{\"@type\":\"WebSite\",\"@id\":\"https:\\\/\\\/www.webdo.tn\\\/fr\\\/#website\",\"url\":\"https:\\\/\\\/www.webdo.tn\\\/fr\\\/\",\"name\":\"webdo\",\"description\":\"Tunisie - News en Tunisie et \u00e0 l&#039;international sur Webdo.tn\",\"publisher\":{\"@id\":\"https:\\\/\\\/www.webdo.tn\\\/fr\\\/#organization\"},\"potentialAction\":[{\"@type\":\"SearchAction\",\"target\":{\"@type\":\"EntryPoint\",\"urlTemplate\":\"https:\\\/\\\/www.webdo.tn\\\/fr\\\/?s={search_term_string}\"},\"query-input\":{\"@type\":\"PropertyValueSpecification\",\"valueRequired\":true,\"valueName\":\"search_term_string\"}}],\"inLanguage\":\"fr-FR\"},{\"@type\":\"Organization\",\"@id\":\"https:\\\/\\\/www.webdo.tn\\\/fr\\\/#organization\",\"name\":\"Webdo\",\"alternateName\":\"Webdo.tn\",\"url\":\"https:\\\/\\\/www.webdo.tn\\\/fr\\\/\",\"logo\":{\"@type\":\"ImageObject\",\"inLanguage\":\"fr-FR\",\"@id\":\"https:\\\/\\\/www.webdo.tn\\\/fr\\\/#\\\/schema\\\/logo\\\/image\\\/\",\"url\":\"https:\\\/\\\/www.webdo.tn\\\/fr\\\/wp-content\\\/uploads\\\/2025\\\/06\\\/Webdo-Tunisie_168377.jpg\",\"contentUrl\":\"https:\\\/\\\/www.webdo.tn\\\/fr\\\/wp-content\\\/uploads\\\/2025\\\/06\\\/Webdo-Tunisie_168377.jpg\",\"width\":301,\"height\":301,\"caption\":\"Webdo\"},\"image\":{\"@id\":\"https:\\\/\\\/www.webdo.tn\\\/fr\\\/#\\\/schema\\\/logo\\\/image\\\/\"},\"sameAs\":[\"https:\\\/\\\/www.facebook.com\\\/webdotn\",\"https:\\\/\\\/x.com\\\/webdo_tn\"],\"description\":\"Webdo est un m\u00e9dia num\u00e9rique tunisien fond\u00e9 en 2010, sp\u00e9cialis\u00e9 dans l\u2019actualit\u00e9 nationale et internationale, l\u2019\u00e9conomie, la soci\u00e9t\u00e9 et les analyses politiques. Le site s\u2019adresse \u00e0 un large public francophone et couvre l\u2019information tunisienne en temps r\u00e9el.\",\"email\":\"redac@webdo.tn\",\"legalName\":\"YNJ SARL\",\"foundingDate\":\"2010-09-06\",\"numberOfEmployees\":{\"@type\":\"QuantitativeValue\",\"minValue\":\"11\",\"maxValue\":\"50\"}},{\"@type\":\"Person\",\"@id\":\"https:\\\/\\\/www.webdo.tn\\\/fr\\\/#\\\/schema\\\/person\\\/6bc0beba2cd23aec27cb5df85ca2554f\",\"name\":\"Hatem Bourial\",\"image\":{\"@type\":\"ImageObject\",\"inLanguage\":\"fr-FR\",\"@id\":\"https:\\\/\\\/www.webdo.tn\\\/fr\\\/wp-content\\\/uploads\\\/2026\\\/04\\\/hatem-bourial_avatar-96x96.jpg\",\"url\":\"https:\\\/\\\/www.webdo.tn\\\/fr\\\/wp-content\\\/uploads\\\/2026\\\/04\\\/hatem-bourial_avatar-96x96.jpg\",\"contentUrl\":\"https:\\\/\\\/www.webdo.tn\\\/fr\\\/wp-content\\\/uploads\\\/2026\\\/04\\\/hatem-bourial_avatar-96x96.jpg\",\"caption\":\"Hatem Bourial\"},\"description\":\"Hatem Bourial est journaliste, \u00e9crivain et chroniqueur tunisien. Actif depuis plusieurs d\u00e9cennies, il s\u2019est impos\u00e9 comme un observateur attentif de la soci\u00e9t\u00e9 tunisienne, m\u00ealant dans ses \u00e9crits m\u00e9moire, culture et analyse du quotidien. Auteur de nombreux ouvrages, il d\u00e9veloppe une \u0153uvre \u00e0 la crois\u00e9e du r\u00e9cit, de la po\u00e9sie et de l\u2019observation sociologique. Parall\u00e8lement \u00e0 ses contributions dans la presse, il intervient r\u00e9guli\u00e8rement \u00e0 la radio et dans des espaces culturels, o\u00f9 il explore les enjeux li\u00e9s au patrimoine, \u00e0 l\u2019identit\u00e9 et aux transformations du monde contemporain. \u00c0 travers ses chroniques, Hatem Bourial propose une lecture sensible et approfondie de l\u2019actualit\u00e9, nourrie par une exp\u00e9rience journalistique et litt\u00e9raire reconnue. \ud83d\udd17 Facebook : https:\\\/\\\/www.facebook.com\\\/hatem.bourial.2025\",\"sameAs\":[\"https:\\\/\\\/www.facebook.com\\\/hatem.bourial.2025\",\"https:\\\/\\\/fr.wikipedia.org\\\/wiki\\\/Fichier:Hatem_Bourial.jpg\"],\"knowsAbout\":[\"Culture & patrimoine tunisien\",\"Chronique soci\u00e9tale\",\"Litt\u00e9rature & m\u00e9moire\",\"Cin\u00e9ma & critique culturelle\",\"Identit\u00e9 & mutations sociales\"],\"knowsLanguage\":[\"Arabe\",\"Fran\u00e7ais\",\"Anglais\",\"Italien\",\"Polonais\"],\"jobTitle\":\"Journaliste, \u00e9crivain et chroniqueur culturel\",\"worksFor\":\"Webdo\",\"url\":\"https:\\\/\\\/www.webdo.tn\\\/fr\\\/actualite\\\/author\\\/hatem-bourial-2\\\/\"}]}<\/script>\n<!-- \/ Yoast SEO Premium plugin. -->","yoast_head_json":{"title":"Chroniques allemandes : A la d\u00e9couverte de la mosqu\u00e9e de Francfort","description":"La mosqu\u00e9e Abou Bakr de Francfort a \u00e9t\u00e9 fond\u00e9e en 1966. Initialement fr\u00e9quent\u00e9e par des Turcs et des Allemands convertis \u00e0 l'islam, cette mosqu\u00e9e est devenu abs...","canonical":"https:\/\/www.webdo.tn\/fr\/actualite\/chroniques\/chroniques-allemandes-a-la-decouverte-de-la-mosquee-de-francfort\/216719\/","og_locale":"fr_FR","og_type":"article","og_title":"Chroniques allemandes : A la d\u00e9couverte de la mosqu\u00e9e de Francfort","og_description":"La mosqu\u00e9e Abou Bakr de Francfort a \u00e9t\u00e9 fond\u00e9e en 1966. Initialement fr\u00e9quent\u00e9e par des Turcs et des Allemands convertis \u00e0 l'islam, cette mosqu\u00e9e est devenu abs...","og_url":"https:\/\/www.webdo.tn\/fr\/actualite\/chroniques\/chroniques-allemandes-a-la-decouverte-de-la-mosquee-de-francfort\/216719\/","og_site_name":"webdo","article_publisher":"https:\/\/www.facebook.com\/webdotn","article_author":"https:\/\/www.facebook.com\/hatem.bourial.2025","article_published_time":"2024-10-01T10:54:00+00:00","article_modified_time":"2025-05-17T20:27:17+00:00","og_image":[{"width":750,"height":400,"url":"https:\/\/www.webdo.tn\/fr\/wp-content\/uploads\/2024\/10\/1ab5da64b527b55918badcd8d3921be4.webp","type":"image\/webp"}],"author":"Hatem Bourial","twitter_card":"summary_large_image","twitter_creator":"@webdo_tn","twitter_site":"@webdo_tn","twitter_misc":{"\u00c9crit par":"Hatem Bourial","Dur\u00e9e de lecture estim\u00e9e":"3 minutes"},"schema":{"@context":"https:\/\/schema.org","@graph":[{"@type":"NewsArticle","@id":"https:\/\/www.webdo.tn\/fr\/actualite\/chroniques\/chroniques-allemandes-a-la-decouverte-de-la-mosquee-de-francfort\/216719\/#article","isPartOf":{"@id":"https:\/\/www.webdo.tn\/fr\/actualite\/chroniques\/chroniques-allemandes-a-la-decouverte-de-la-mosquee-de-francfort\/216719\/"},"author":{"name":"Hatem Bourial","@id":"https:\/\/www.webdo.tn\/fr\/#\/schema\/person\/6bc0beba2cd23aec27cb5df85ca2554f"},"headline":"Chroniques allemandes : A la d\u00e9couverte de la mosqu\u00e9e de Francfort","datePublished":"2024-10-01T10:54:00+00:00","dateModified":"2025-05-17T20:27:17+00:00","mainEntityOfPage":{"@id":"https:\/\/www.webdo.tn\/fr\/actualite\/chroniques\/chroniques-allemandes-a-la-decouverte-de-la-mosquee-de-francfort\/216719\/"},"wordCount":638,"commentCount":0,"publisher":{"@id":"https:\/\/www.webdo.tn\/fr\/#organization"},"image":{"@id":"https:\/\/www.webdo.tn\/fr\/actualite\/chroniques\/chroniques-allemandes-a-la-decouverte-de-la-mosquee-de-francfort\/216719\/#primaryimage"},"thumbnailUrl":"https:\/\/www.webdo.tn\/fr\/wp-content\/uploads\/2024\/10\/1ab5da64b527b55918badcd8d3921be4.webp","keywords":["Allemagne","Francfort","mosqu\u00e9e Abou Bakr","Musulmans"],"articleSection":["Chroniques"],"inLanguage":"fr-FR"},{"@type":"WebPage","@id":"https:\/\/www.webdo.tn\/fr\/actualite\/chroniques\/chroniques-allemandes-a-la-decouverte-de-la-mosquee-de-francfort\/216719\/","url":"https:\/\/www.webdo.tn\/fr\/actualite\/chroniques\/chroniques-allemandes-a-la-decouverte-de-la-mosquee-de-francfort\/216719\/","name":"Chroniques allemandes : A la d\u00e9couverte de la mosqu\u00e9e de Francfort","isPartOf":{"@id":"https:\/\/www.webdo.tn\/fr\/#website"},"primaryImageOfPage":{"@id":"https:\/\/www.webdo.tn\/fr\/actualite\/chroniques\/chroniques-allemandes-a-la-decouverte-de-la-mosquee-de-francfort\/216719\/#primaryimage"},"image":{"@id":"https:\/\/www.webdo.tn\/fr\/actualite\/chroniques\/chroniques-allemandes-a-la-decouverte-de-la-mosquee-de-francfort\/216719\/#primaryimage"},"thumbnailUrl":"https:\/\/www.webdo.tn\/fr\/wp-content\/uploads\/2024\/10\/1ab5da64b527b55918badcd8d3921be4.webp","datePublished":"2024-10-01T10:54:00+00:00","dateModified":"2025-05-17T20:27:17+00:00","description":"La mosqu\u00e9e Abou Bakr de Francfort a \u00e9t\u00e9 fond\u00e9e en 1966. Initialement fr\u00e9quent\u00e9e par des Turcs et des Allemands convertis \u00e0 l'islam, cette mosqu\u00e9e est devenu abs...","breadcrumb":{"@id":"https:\/\/www.webdo.tn\/fr\/actualite\/chroniques\/chroniques-allemandes-a-la-decouverte-de-la-mosquee-de-francfort\/216719\/#breadcrumb"},"inLanguage":"fr-FR","potentialAction":[{"@type":"ReadAction","target":["https:\/\/www.webdo.tn\/fr\/actualite\/chroniques\/chroniques-allemandes-a-la-decouverte-de-la-mosquee-de-francfort\/216719\/"]}]},{"@type":"ImageObject","inLanguage":"fr-FR","@id":"https:\/\/www.webdo.tn\/fr\/actualite\/chroniques\/chroniques-allemandes-a-la-decouverte-de-la-mosquee-de-francfort\/216719\/#primaryimage","url":"https:\/\/www.webdo.tn\/fr\/wp-content\/uploads\/2024\/10\/1ab5da64b527b55918badcd8d3921be4.webp","contentUrl":"https:\/\/www.webdo.tn\/fr\/wp-content\/uploads\/2024\/10\/1ab5da64b527b55918badcd8d3921be4.webp","width":750,"height":400,"caption":"Chroniques allemandes : A la d\u00e9couverte de la mosqu\u00e9e de Francfort"},{"@type":"BreadcrumbList","@id":"https:\/\/www.webdo.tn\/fr\/actualite\/chroniques\/chroniques-allemandes-a-la-decouverte-de-la-mosquee-de-francfort\/216719\/#breadcrumb","itemListElement":[{"@type":"ListItem","position":1,"name":"Accueil","item":"https:\/\/www.webdo.tn\/fr\/"},{"@type":"ListItem","position":2,"name":"Chroniques allemandes : A la d\u00e9couverte de la mosqu\u00e9e de Francfort"}]},{"@type":"WebSite","@id":"https:\/\/www.webdo.tn\/fr\/#website","url":"https:\/\/www.webdo.tn\/fr\/","name":"webdo","description":"Tunisie - News en Tunisie et \u00e0 l&#039;international sur Webdo.tn","publisher":{"@id":"https:\/\/www.webdo.tn\/fr\/#organization"},"potentialAction":[{"@type":"SearchAction","target":{"@type":"EntryPoint","urlTemplate":"https:\/\/www.webdo.tn\/fr\/?s={search_term_string}"},"query-input":{"@type":"PropertyValueSpecification","valueRequired":true,"valueName":"search_term_string"}}],"inLanguage":"fr-FR"},{"@type":"Organization","@id":"https:\/\/www.webdo.tn\/fr\/#organization","name":"Webdo","alternateName":"Webdo.tn","url":"https:\/\/www.webdo.tn\/fr\/","logo":{"@type":"ImageObject","inLanguage":"fr-FR","@id":"https:\/\/www.webdo.tn\/fr\/#\/schema\/logo\/image\/","url":"https:\/\/www.webdo.tn\/fr\/wp-content\/uploads\/2025\/06\/Webdo-Tunisie_168377.jpg","contentUrl":"https:\/\/www.webdo.tn\/fr\/wp-content\/uploads\/2025\/06\/Webdo-Tunisie_168377.jpg","width":301,"height":301,"caption":"Webdo"},"image":{"@id":"https:\/\/www.webdo.tn\/fr\/#\/schema\/logo\/image\/"},"sameAs":["https:\/\/www.facebook.com\/webdotn","https:\/\/x.com\/webdo_tn"],"description":"Webdo est un m\u00e9dia num\u00e9rique tunisien fond\u00e9 en 2010, sp\u00e9cialis\u00e9 dans l\u2019actualit\u00e9 nationale et internationale, l\u2019\u00e9conomie, la soci\u00e9t\u00e9 et les analyses politiques. Le site s\u2019adresse \u00e0 un large public francophone et couvre l\u2019information tunisienne en temps r\u00e9el.","email":"redac@webdo.tn","legalName":"YNJ SARL","foundingDate":"2010-09-06","numberOfEmployees":{"@type":"QuantitativeValue","minValue":"11","maxValue":"50"}},{"@type":"Person","@id":"https:\/\/www.webdo.tn\/fr\/#\/schema\/person\/6bc0beba2cd23aec27cb5df85ca2554f","name":"Hatem Bourial","image":{"@type":"ImageObject","inLanguage":"fr-FR","@id":"https:\/\/www.webdo.tn\/fr\/wp-content\/uploads\/2026\/04\/hatem-bourial_avatar-96x96.jpg","url":"https:\/\/www.webdo.tn\/fr\/wp-content\/uploads\/2026\/04\/hatem-bourial_avatar-96x96.jpg","contentUrl":"https:\/\/www.webdo.tn\/fr\/wp-content\/uploads\/2026\/04\/hatem-bourial_avatar-96x96.jpg","caption":"Hatem Bourial"},"description":"Hatem Bourial est journaliste, \u00e9crivain et chroniqueur tunisien. Actif depuis plusieurs d\u00e9cennies, il s\u2019est impos\u00e9 comme un observateur attentif de la soci\u00e9t\u00e9 tunisienne, m\u00ealant dans ses \u00e9crits m\u00e9moire, culture et analyse du quotidien. Auteur de nombreux ouvrages, il d\u00e9veloppe une \u0153uvre \u00e0 la crois\u00e9e du r\u00e9cit, de la po\u00e9sie et de l\u2019observation sociologique. Parall\u00e8lement \u00e0 ses contributions dans la presse, il intervient r\u00e9guli\u00e8rement \u00e0 la radio et dans des espaces culturels, o\u00f9 il explore les enjeux li\u00e9s au patrimoine, \u00e0 l\u2019identit\u00e9 et aux transformations du monde contemporain. \u00c0 travers ses chroniques, Hatem Bourial propose une lecture sensible et approfondie de l\u2019actualit\u00e9, nourrie par une exp\u00e9rience journalistique et litt\u00e9raire reconnue. \ud83d\udd17 Facebook : https:\/\/www.facebook.com\/hatem.bourial.2025","sameAs":["https:\/\/www.facebook.com\/hatem.bourial.2025","https:\/\/fr.wikipedia.org\/wiki\/Fichier:Hatem_Bourial.jpg"],"knowsAbout":["Culture & patrimoine tunisien","Chronique soci\u00e9tale","Litt\u00e9rature & m\u00e9moire","Cin\u00e9ma & critique culturelle","Identit\u00e9 & mutations sociales"],"knowsLanguage":["Arabe","Fran\u00e7ais","Anglais","Italien","Polonais"],"jobTitle":"Journaliste, \u00e9crivain et chroniqueur culturel","worksFor":"Webdo","url":"https:\/\/www.webdo.tn\/fr\/actualite\/author\/hatem-bourial-2\/"}]}},"_links":{"self":[{"href":"https:\/\/www.webdo.tn\/fr\/wp-json\/wp\/v2\/posts\/216719","targetHints":{"allow":["GET"]}}],"collection":[{"href":"https:\/\/www.webdo.tn\/fr\/wp-json\/wp\/v2\/posts"}],"about":[{"href":"https:\/\/www.webdo.tn\/fr\/wp-json\/wp\/v2\/types\/post"}],"author":[{"embeddable":true,"href":"https:\/\/www.webdo.tn\/fr\/wp-json\/wp\/v2\/users\/3229"}],"replies":[{"embeddable":true,"href":"https:\/\/www.webdo.tn\/fr\/wp-json\/wp\/v2\/comments?post=216719"}],"version-history":[{"count":0,"href":"https:\/\/www.webdo.tn\/fr\/wp-json\/wp\/v2\/posts\/216719\/revisions"}],"wp:featuredmedia":[{"embeddable":true,"href":"https:\/\/www.webdo.tn\/fr\/wp-json\/wp\/v2\/media\/246420"}],"wp:attachment":[{"href":"https:\/\/www.webdo.tn\/fr\/wp-json\/wp\/v2\/media?parent=216719"}],"wp:term":[{"taxonomy":"category","embeddable":true,"href":"https:\/\/www.webdo.tn\/fr\/wp-json\/wp\/v2\/categories?post=216719"},{"taxonomy":"post_tag","embeddable":true,"href":"https:\/\/www.webdo.tn\/fr\/wp-json\/wp\/v2\/tags?post=216719"}],"curies":[{"name":"wp","href":"https:\/\/api.w.org\/{rel}","templated":true}]}}