{"id":216717,"date":"2024-10-01T10:32:00","date_gmt":"2024-10-01T10:32:00","guid":{"rendered":"https:\/\/www.webdo.tn\/fr\/blog\/tunisie-adoption-imminente-du-projet-de-loi-de-finances-2025\/216717\/"},"modified":"2025-05-20T21:48:13","modified_gmt":"2025-05-20T21:48:13","slug":"tunisie-adoption-imminente-du-projet-de-loi-de-finances-2025","status":"publish","type":"post","link":"https:\/\/www.webdo.tn\/fr\/actualite\/national\/tunisie-adoption-imminente-du-projet-de-loi-de-finances-2025\/216717\/","title":{"rendered":"Tunisie : Adoption imminente du projet de loi de finances 2025"},"content":{"rendered":"<p>A l\u2019issue d\u2019un conseil minist\u00e9riel pr\u00e9sid\u00e9 par le chef du gouvernement Kamel Maddouri, hier au palais du gouvernement \u00e0 la Kasbah, le projet de loi de finances pour l\u2019ann\u00e9e 2025 a atteint sa phase finale.<\/p>\n<p>\t\t\t\t\t\t\t\t\tLa version d\u00e9finitive du projet sera prochainement pr\u00e9sent\u00e9e au Conseil des ministres pour adoption, avant d&rsquo;\u00eatre soumise \u00e0 l\u2019Assembl\u00e9e des repr\u00e9sentants du peuple (ARP) dans les d\u00e9lais fix\u00e9s par la Constitution.<\/p>\n<p>Selon un communiqu\u00e9 de la pr\u00e9sidence du gouvernement, Kamel Maddouri a soulign\u00e9 la n\u00e9cessit\u00e9 d&rsquo;assurer une parfaite coh\u00e9rence entre les mesures financi\u00e8res et fiscales du projet de loi de finances 2025 et la vision de l\u2019\u00c9tat.<\/p>\n<p>Cette vision repose sur des piliers tels que l\u2019\u00e9quit\u00e9 fiscale, l\u2019am\u00e9lioration du pouvoir d\u2019achat, l\u2019incitation \u00e0 l\u2019investissement, tout en continuant \u00e0 soutenir les fondements de l\u2019\u00c9tat social.<\/p>\n<p>Lors de cette r\u00e9union, la ministre des Finances a pr\u00e9sent\u00e9 les mesures financi\u00e8res et fiscales qui seront incluses dans le projet de loi. Ces mesures visent \u00e0 renforcer le pouvoir d\u2019achat des citoyens, \u00e0 favoriser l\u2019inclusion financi\u00e8re et \u00e9conomique des personnes \u00e0 faible revenu et des personnes en situation de handicap.<\/p>\n<p>Elles ont \u00e9galement pour objectif de promouvoir la culture de l\u2019entrepreneuriat, en encourageant l\u2019initiative priv\u00e9e, en particulier chez les jeunes et les femmes. Le projet de loi de finances pour l\u2019ann\u00e9e 2025 comprend une s\u00e9rie de mesures visant \u00e0 booster la cr\u00e9ation de startups, faciliter l\u2019acc\u00e8s des petites et moyennes entreprises au financement, promouvoir la cr\u00e9ation de soci\u00e9t\u00e9s communautaires et encourager les investissements priv\u00e9s dans les domaines de la d\u00e9carbonation, de l\u2019\u00e9conomie verte et des \u00e9nergies renouvelables, selon le communiqu\u00e9.<\/p>\n<p>D\u2019apr\u00e8s la m\u00eame source, le projet inclut \u00e9galement plusieurs autres mesures pour int\u00e9grer l\u2019\u00e9conomie informelle et lutter contre l\u2019\u00e9vasion fiscale.<\/p>\n","protected":false},"excerpt":{"rendered":"<p>Le Conseil des ministres en Tunisie finalise le projet de loi de finances 2025, ax\u00e9 sur l&rsquo;\u00e9quit\u00e9 fiscale, le soutien au pouvoir d&rsquo;achat, et l&rsquo;inclusion financi\u00e8&#8230;<\/p>\n","protected":false},"author":3162,"featured_media":246421,"comment_status":"open","ping_status":"closed","sticky":false,"template":"","format":"standard","meta":{"footnotes":""},"categories":[44],"tags":[5449,5545,4773,4860,2608],"class_list":["post-216717","post","type-post","status-publish","format-standard","has-post-thumbnail","hentry","category-national","tag-conseil-des-ministres","tag-mesures-fiscales","tag-plf-2025","tag-projet-de-loi-de-finances","tag-tunisie"],"yoast_head":"<!-- This site is optimized with the Yoast SEO Premium plugin v27.5 (Yoast SEO v27.5) - https:\/\/yoast.com\/product\/yoast-seo-premium-wordpress\/ -->\n<title>Tunisie : Adoption imminente du projet de loi de finances 2025<\/title>\n<meta name=\"description\" content=\"Le Conseil des ministres en Tunisie finalise le projet de loi de finances 2025, ax\u00e9 sur l&#039;\u00e9quit\u00e9 fiscale, le soutien au pouvoir d&#039;achat, et l&#039;inclusion financi\u00e8...\" \/>\n<link rel=\"canonical\" href=\"https:\/\/www.webdo.tn\/fr\/actualite\/national\/tunisie-adoption-imminente-du-projet-de-loi-de-finances-2025\/216717\/\" \/>\n<meta property=\"og:locale\" content=\"fr_FR\" \/>\n<meta property=\"og:type\" content=\"article\" \/>\n<meta property=\"og:title\" content=\"Tunisie : Adoption imminente du projet de loi de finances 2025\" \/>\n<meta property=\"og:description\" content=\"Le Conseil des ministres en Tunisie finalise le projet de loi de finances 2025, ax\u00e9 sur l&#039;\u00e9quit\u00e9 fiscale, le soutien au pouvoir d&#039;achat, et l&#039;inclusion financi\u00e8...\" \/>\n<meta property=\"og:url\" content=\"https:\/\/www.webdo.tn\/fr\/actualite\/national\/tunisie-adoption-imminente-du-projet-de-loi-de-finances-2025\/216717\/\" \/>\n<meta property=\"og:site_name\" content=\"webdo\" \/>\n<meta property=\"article:publisher\" content=\"https:\/\/www.facebook.com\/webdotn\" \/>\n<meta property=\"article:published_time\" content=\"2024-10-01T10:32:00+00:00\" \/>\n<meta property=\"article:modified_time\" content=\"2025-05-20T21:48:13+00:00\" \/>\n<meta property=\"og:image\" content=\"https:\/\/www.webdo.tn\/fr\/wp-content\/uploads\/2024\/10\/011588dc6d374f25716ed6827884ddf2.webp\" \/>\n\t<meta property=\"og:image:width\" content=\"750\" \/>\n\t<meta property=\"og:image:height\" content=\"400\" \/>\n\t<meta property=\"og:image:type\" content=\"image\/webp\" \/>\n<meta name=\"author\" content=\"MC\" \/>\n<meta name=\"twitter:card\" content=\"summary_large_image\" \/>\n<meta name=\"twitter:creator\" content=\"@webdo_tn\" \/>\n<meta name=\"twitter:site\" content=\"@webdo_tn\" \/>\n<meta name=\"twitter:label1\" content=\"\u00c9crit par\" \/>\n\t<meta name=\"twitter:data1\" content=\"MC\" \/>\n\t<meta name=\"twitter:label2\" content=\"Dur\u00e9e de lecture estim\u00e9e\" \/>\n\t<meta name=\"twitter:data2\" content=\"2 minutes\" \/>\n<script type=\"application\/ld+json\" class=\"yoast-schema-graph\">{\"@context\":\"https:\\\/\\\/schema.org\",\"@graph\":[{\"@type\":\"NewsArticle\",\"@id\":\"https:\\\/\\\/www.webdo.tn\\\/fr\\\/actualite\\\/national\\\/tunisie-adoption-imminente-du-projet-de-loi-de-finances-2025\\\/216717\\\/#article\",\"isPartOf\":{\"@id\":\"https:\\\/\\\/www.webdo.tn\\\/fr\\\/actualite\\\/national\\\/tunisie-adoption-imminente-du-projet-de-loi-de-finances-2025\\\/216717\\\/\"},\"author\":{\"name\":\"MC\",\"@id\":\"https:\\\/\\\/www.webdo.tn\\\/fr\\\/#\\\/schema\\\/person\\\/2c4929cbf5a809e3bd38617c6ce150f6\"},\"headline\":\"Tunisie : Adoption imminente du projet de loi de finances 2025\",\"datePublished\":\"2024-10-01T10:32:00+00:00\",\"dateModified\":\"2025-05-20T21:48:13+00:00\",\"mainEntityOfPage\":{\"@id\":\"https:\\\/\\\/www.webdo.tn\\\/fr\\\/actualite\\\/national\\\/tunisie-adoption-imminente-du-projet-de-loi-de-finances-2025\\\/216717\\\/\"},\"wordCount\":333,\"commentCount\":0,\"publisher\":{\"@id\":\"https:\\\/\\\/www.webdo.tn\\\/fr\\\/#organization\"},\"image\":{\"@id\":\"https:\\\/\\\/www.webdo.tn\\\/fr\\\/actualite\\\/national\\\/tunisie-adoption-imminente-du-projet-de-loi-de-finances-2025\\\/216717\\\/#primaryimage\"},\"thumbnailUrl\":\"https:\\\/\\\/www.webdo.tn\\\/fr\\\/wp-content\\\/uploads\\\/2024\\\/10\\\/011588dc6d374f25716ed6827884ddf2.webp\",\"keywords\":[\"Conseil des ministres\",\"mesures fiscales\",\"PLF 2025\",\"projet de loi de finances\",\"Tunisie\"],\"articleSection\":[\"National\"],\"inLanguage\":\"fr-FR\"},{\"@type\":\"WebPage\",\"@id\":\"https:\\\/\\\/www.webdo.tn\\\/fr\\\/actualite\\\/national\\\/tunisie-adoption-imminente-du-projet-de-loi-de-finances-2025\\\/216717\\\/\",\"url\":\"https:\\\/\\\/www.webdo.tn\\\/fr\\\/actualite\\\/national\\\/tunisie-adoption-imminente-du-projet-de-loi-de-finances-2025\\\/216717\\\/\",\"name\":\"Tunisie : Adoption imminente du projet de loi de finances 2025\",\"isPartOf\":{\"@id\":\"https:\\\/\\\/www.webdo.tn\\\/fr\\\/#website\"},\"primaryImageOfPage\":{\"@id\":\"https:\\\/\\\/www.webdo.tn\\\/fr\\\/actualite\\\/national\\\/tunisie-adoption-imminente-du-projet-de-loi-de-finances-2025\\\/216717\\\/#primaryimage\"},\"image\":{\"@id\":\"https:\\\/\\\/www.webdo.tn\\\/fr\\\/actualite\\\/national\\\/tunisie-adoption-imminente-du-projet-de-loi-de-finances-2025\\\/216717\\\/#primaryimage\"},\"thumbnailUrl\":\"https:\\\/\\\/www.webdo.tn\\\/fr\\\/wp-content\\\/uploads\\\/2024\\\/10\\\/011588dc6d374f25716ed6827884ddf2.webp\",\"datePublished\":\"2024-10-01T10:32:00+00:00\",\"dateModified\":\"2025-05-20T21:48:13+00:00\",\"description\":\"Le Conseil des ministres en Tunisie finalise le projet de loi de finances 2025, ax\u00e9 sur l'\u00e9quit\u00e9 fiscale, le soutien au pouvoir d'achat, et l'inclusion financi\u00e8...\",\"breadcrumb\":{\"@id\":\"https:\\\/\\\/www.webdo.tn\\\/fr\\\/actualite\\\/national\\\/tunisie-adoption-imminente-du-projet-de-loi-de-finances-2025\\\/216717\\\/#breadcrumb\"},\"inLanguage\":\"fr-FR\",\"potentialAction\":[{\"@type\":\"ReadAction\",\"target\":[\"https:\\\/\\\/www.webdo.tn\\\/fr\\\/actualite\\\/national\\\/tunisie-adoption-imminente-du-projet-de-loi-de-finances-2025\\\/216717\\\/\"]}]},{\"@type\":\"ImageObject\",\"inLanguage\":\"fr-FR\",\"@id\":\"https:\\\/\\\/www.webdo.tn\\\/fr\\\/actualite\\\/national\\\/tunisie-adoption-imminente-du-projet-de-loi-de-finances-2025\\\/216717\\\/#primaryimage\",\"url\":\"https:\\\/\\\/www.webdo.tn\\\/fr\\\/wp-content\\\/uploads\\\/2024\\\/10\\\/011588dc6d374f25716ed6827884ddf2.webp\",\"contentUrl\":\"https:\\\/\\\/www.webdo.tn\\\/fr\\\/wp-content\\\/uploads\\\/2024\\\/10\\\/011588dc6d374f25716ed6827884ddf2.webp\",\"width\":750,\"height\":400,\"caption\":\"Tunisie : Adoption imminente du projet de loi de finances 2025\"},{\"@type\":\"BreadcrumbList\",\"@id\":\"https:\\\/\\\/www.webdo.tn\\\/fr\\\/actualite\\\/national\\\/tunisie-adoption-imminente-du-projet-de-loi-de-finances-2025\\\/216717\\\/#breadcrumb\",\"itemListElement\":[{\"@type\":\"ListItem\",\"position\":1,\"name\":\"Accueil\",\"item\":\"https:\\\/\\\/www.webdo.tn\\\/fr\\\/\"},{\"@type\":\"ListItem\",\"position\":2,\"name\":\"Tunisie : Adoption imminente du projet de loi de finances 2025\"}]},{\"@type\":\"WebSite\",\"@id\":\"https:\\\/\\\/www.webdo.tn\\\/fr\\\/#website\",\"url\":\"https:\\\/\\\/www.webdo.tn\\\/fr\\\/\",\"name\":\"webdo\",\"description\":\"Tunisie - News en Tunisie et \u00e0 l&#039;international sur Webdo.tn\",\"publisher\":{\"@id\":\"https:\\\/\\\/www.webdo.tn\\\/fr\\\/#organization\"},\"potentialAction\":[{\"@type\":\"SearchAction\",\"target\":{\"@type\":\"EntryPoint\",\"urlTemplate\":\"https:\\\/\\\/www.webdo.tn\\\/fr\\\/?s={search_term_string}\"},\"query-input\":{\"@type\":\"PropertyValueSpecification\",\"valueRequired\":true,\"valueName\":\"search_term_string\"}}],\"inLanguage\":\"fr-FR\"},{\"@type\":\"Organization\",\"@id\":\"https:\\\/\\\/www.webdo.tn\\\/fr\\\/#organization\",\"name\":\"Webdo\",\"alternateName\":\"Webdo.tn\",\"url\":\"https:\\\/\\\/www.webdo.tn\\\/fr\\\/\",\"logo\":{\"@type\":\"ImageObject\",\"inLanguage\":\"fr-FR\",\"@id\":\"https:\\\/\\\/www.webdo.tn\\\/fr\\\/#\\\/schema\\\/logo\\\/image\\\/\",\"url\":\"https:\\\/\\\/www.webdo.tn\\\/fr\\\/wp-content\\\/uploads\\\/2025\\\/06\\\/Webdo-Tunisie_168377.jpg\",\"contentUrl\":\"https:\\\/\\\/www.webdo.tn\\\/fr\\\/wp-content\\\/uploads\\\/2025\\\/06\\\/Webdo-Tunisie_168377.jpg\",\"width\":301,\"height\":301,\"caption\":\"Webdo\"},\"image\":{\"@id\":\"https:\\\/\\\/www.webdo.tn\\\/fr\\\/#\\\/schema\\\/logo\\\/image\\\/\"},\"sameAs\":[\"https:\\\/\\\/www.facebook.com\\\/webdotn\",\"https:\\\/\\\/x.com\\\/webdo_tn\"],\"description\":\"Webdo est un m\u00e9dia num\u00e9rique tunisien fond\u00e9 en 2010, sp\u00e9cialis\u00e9 dans l\u2019actualit\u00e9 nationale et internationale, l\u2019\u00e9conomie, la soci\u00e9t\u00e9 et les analyses politiques. Le site s\u2019adresse \u00e0 un large public francophone et couvre l\u2019information tunisienne en temps r\u00e9el.\",\"email\":\"redac@webdo.tn\",\"legalName\":\"YNJ SARL\",\"foundingDate\":\"2010-09-06\",\"numberOfEmployees\":{\"@type\":\"QuantitativeValue\",\"minValue\":\"11\",\"maxValue\":\"50\"}},{\"@type\":\"Person\",\"@id\":\"https:\\\/\\\/www.webdo.tn\\\/fr\\\/#\\\/schema\\\/person\\\/2c4929cbf5a809e3bd38617c6ce150f6\",\"name\":\"MC\",\"image\":{\"@type\":\"ImageObject\",\"inLanguage\":\"fr-FR\",\"@id\":\"https:\\\/\\\/secure.gravatar.com\\\/avatar\\\/a545bbb6f84efdd5553dbbc2895e3ca8f1d12c5215e00a041c9670b54aa9b18a?s=96&d=mm&r=g\",\"url\":\"https:\\\/\\\/secure.gravatar.com\\\/avatar\\\/a545bbb6f84efdd5553dbbc2895e3ca8f1d12c5215e00a041c9670b54aa9b18a?s=96&d=mm&r=g\",\"contentUrl\":\"https:\\\/\\\/secure.gravatar.com\\\/avatar\\\/a545bbb6f84efdd5553dbbc2895e3ca8f1d12c5215e00a041c9670b54aa9b18a?s=96&d=mm&r=g\",\"caption\":\"MC\"},\"url\":\"https:\\\/\\\/www.webdo.tn\\\/fr\\\/actualite\\\/author\\\/mc\\\/\"}]}<\/script>\n<!-- \/ Yoast SEO Premium plugin. -->","yoast_head_json":{"title":"Tunisie : Adoption imminente du projet de loi de finances 2025","description":"Le Conseil des ministres en Tunisie finalise le projet de loi de finances 2025, ax\u00e9 sur l'\u00e9quit\u00e9 fiscale, le soutien au pouvoir d'achat, et l'inclusion financi\u00e8...","canonical":"https:\/\/www.webdo.tn\/fr\/actualite\/national\/tunisie-adoption-imminente-du-projet-de-loi-de-finances-2025\/216717\/","og_locale":"fr_FR","og_type":"article","og_title":"Tunisie : Adoption imminente du projet de loi de finances 2025","og_description":"Le Conseil des ministres en Tunisie finalise le projet de loi de finances 2025, ax\u00e9 sur l'\u00e9quit\u00e9 fiscale, le soutien au pouvoir d'achat, et l'inclusion financi\u00e8...","og_url":"https:\/\/www.webdo.tn\/fr\/actualite\/national\/tunisie-adoption-imminente-du-projet-de-loi-de-finances-2025\/216717\/","og_site_name":"webdo","article_publisher":"https:\/\/www.facebook.com\/webdotn","article_published_time":"2024-10-01T10:32:00+00:00","article_modified_time":"2025-05-20T21:48:13+00:00","og_image":[{"width":750,"height":400,"url":"https:\/\/www.webdo.tn\/fr\/wp-content\/uploads\/2024\/10\/011588dc6d374f25716ed6827884ddf2.webp","type":"image\/webp"}],"author":"MC","twitter_card":"summary_large_image","twitter_creator":"@webdo_tn","twitter_site":"@webdo_tn","twitter_misc":{"\u00c9crit par":"MC","Dur\u00e9e de lecture estim\u00e9e":"2 minutes"},"schema":{"@context":"https:\/\/schema.org","@graph":[{"@type":"NewsArticle","@id":"https:\/\/www.webdo.tn\/fr\/actualite\/national\/tunisie-adoption-imminente-du-projet-de-loi-de-finances-2025\/216717\/#article","isPartOf":{"@id":"https:\/\/www.webdo.tn\/fr\/actualite\/national\/tunisie-adoption-imminente-du-projet-de-loi-de-finances-2025\/216717\/"},"author":{"name":"MC","@id":"https:\/\/www.webdo.tn\/fr\/#\/schema\/person\/2c4929cbf5a809e3bd38617c6ce150f6"},"headline":"Tunisie : Adoption imminente du projet de loi de finances 2025","datePublished":"2024-10-01T10:32:00+00:00","dateModified":"2025-05-20T21:48:13+00:00","mainEntityOfPage":{"@id":"https:\/\/www.webdo.tn\/fr\/actualite\/national\/tunisie-adoption-imminente-du-projet-de-loi-de-finances-2025\/216717\/"},"wordCount":333,"commentCount":0,"publisher":{"@id":"https:\/\/www.webdo.tn\/fr\/#organization"},"image":{"@id":"https:\/\/www.webdo.tn\/fr\/actualite\/national\/tunisie-adoption-imminente-du-projet-de-loi-de-finances-2025\/216717\/#primaryimage"},"thumbnailUrl":"https:\/\/www.webdo.tn\/fr\/wp-content\/uploads\/2024\/10\/011588dc6d374f25716ed6827884ddf2.webp","keywords":["Conseil des ministres","mesures fiscales","PLF 2025","projet de loi de finances","Tunisie"],"articleSection":["National"],"inLanguage":"fr-FR"},{"@type":"WebPage","@id":"https:\/\/www.webdo.tn\/fr\/actualite\/national\/tunisie-adoption-imminente-du-projet-de-loi-de-finances-2025\/216717\/","url":"https:\/\/www.webdo.tn\/fr\/actualite\/national\/tunisie-adoption-imminente-du-projet-de-loi-de-finances-2025\/216717\/","name":"Tunisie : Adoption imminente du projet de loi de finances 2025","isPartOf":{"@id":"https:\/\/www.webdo.tn\/fr\/#website"},"primaryImageOfPage":{"@id":"https:\/\/www.webdo.tn\/fr\/actualite\/national\/tunisie-adoption-imminente-du-projet-de-loi-de-finances-2025\/216717\/#primaryimage"},"image":{"@id":"https:\/\/www.webdo.tn\/fr\/actualite\/national\/tunisie-adoption-imminente-du-projet-de-loi-de-finances-2025\/216717\/#primaryimage"},"thumbnailUrl":"https:\/\/www.webdo.tn\/fr\/wp-content\/uploads\/2024\/10\/011588dc6d374f25716ed6827884ddf2.webp","datePublished":"2024-10-01T10:32:00+00:00","dateModified":"2025-05-20T21:48:13+00:00","description":"Le Conseil des ministres en Tunisie finalise le projet de loi de finances 2025, ax\u00e9 sur l'\u00e9quit\u00e9 fiscale, le soutien au pouvoir d'achat, et l'inclusion financi\u00e8...","breadcrumb":{"@id":"https:\/\/www.webdo.tn\/fr\/actualite\/national\/tunisie-adoption-imminente-du-projet-de-loi-de-finances-2025\/216717\/#breadcrumb"},"inLanguage":"fr-FR","potentialAction":[{"@type":"ReadAction","target":["https:\/\/www.webdo.tn\/fr\/actualite\/national\/tunisie-adoption-imminente-du-projet-de-loi-de-finances-2025\/216717\/"]}]},{"@type":"ImageObject","inLanguage":"fr-FR","@id":"https:\/\/www.webdo.tn\/fr\/actualite\/national\/tunisie-adoption-imminente-du-projet-de-loi-de-finances-2025\/216717\/#primaryimage","url":"https:\/\/www.webdo.tn\/fr\/wp-content\/uploads\/2024\/10\/011588dc6d374f25716ed6827884ddf2.webp","contentUrl":"https:\/\/www.webdo.tn\/fr\/wp-content\/uploads\/2024\/10\/011588dc6d374f25716ed6827884ddf2.webp","width":750,"height":400,"caption":"Tunisie : Adoption imminente du projet de loi de finances 2025"},{"@type":"BreadcrumbList","@id":"https:\/\/www.webdo.tn\/fr\/actualite\/national\/tunisie-adoption-imminente-du-projet-de-loi-de-finances-2025\/216717\/#breadcrumb","itemListElement":[{"@type":"ListItem","position":1,"name":"Accueil","item":"https:\/\/www.webdo.tn\/fr\/"},{"@type":"ListItem","position":2,"name":"Tunisie : Adoption imminente du projet de loi de finances 2025"}]},{"@type":"WebSite","@id":"https:\/\/www.webdo.tn\/fr\/#website","url":"https:\/\/www.webdo.tn\/fr\/","name":"webdo","description":"Tunisie - News en Tunisie et \u00e0 l&#039;international sur Webdo.tn","publisher":{"@id":"https:\/\/www.webdo.tn\/fr\/#organization"},"potentialAction":[{"@type":"SearchAction","target":{"@type":"EntryPoint","urlTemplate":"https:\/\/www.webdo.tn\/fr\/?s={search_term_string}"},"query-input":{"@type":"PropertyValueSpecification","valueRequired":true,"valueName":"search_term_string"}}],"inLanguage":"fr-FR"},{"@type":"Organization","@id":"https:\/\/www.webdo.tn\/fr\/#organization","name":"Webdo","alternateName":"Webdo.tn","url":"https:\/\/www.webdo.tn\/fr\/","logo":{"@type":"ImageObject","inLanguage":"fr-FR","@id":"https:\/\/www.webdo.tn\/fr\/#\/schema\/logo\/image\/","url":"https:\/\/www.webdo.tn\/fr\/wp-content\/uploads\/2025\/06\/Webdo-Tunisie_168377.jpg","contentUrl":"https:\/\/www.webdo.tn\/fr\/wp-content\/uploads\/2025\/06\/Webdo-Tunisie_168377.jpg","width":301,"height":301,"caption":"Webdo"},"image":{"@id":"https:\/\/www.webdo.tn\/fr\/#\/schema\/logo\/image\/"},"sameAs":["https:\/\/www.facebook.com\/webdotn","https:\/\/x.com\/webdo_tn"],"description":"Webdo est un m\u00e9dia num\u00e9rique tunisien fond\u00e9 en 2010, sp\u00e9cialis\u00e9 dans l\u2019actualit\u00e9 nationale et internationale, l\u2019\u00e9conomie, la soci\u00e9t\u00e9 et les analyses politiques. Le site s\u2019adresse \u00e0 un large public francophone et couvre l\u2019information tunisienne en temps r\u00e9el.","email":"redac@webdo.tn","legalName":"YNJ SARL","foundingDate":"2010-09-06","numberOfEmployees":{"@type":"QuantitativeValue","minValue":"11","maxValue":"50"}},{"@type":"Person","@id":"https:\/\/www.webdo.tn\/fr\/#\/schema\/person\/2c4929cbf5a809e3bd38617c6ce150f6","name":"MC","image":{"@type":"ImageObject","inLanguage":"fr-FR","@id":"https:\/\/secure.gravatar.com\/avatar\/a545bbb6f84efdd5553dbbc2895e3ca8f1d12c5215e00a041c9670b54aa9b18a?s=96&d=mm&r=g","url":"https:\/\/secure.gravatar.com\/avatar\/a545bbb6f84efdd5553dbbc2895e3ca8f1d12c5215e00a041c9670b54aa9b18a?s=96&d=mm&r=g","contentUrl":"https:\/\/secure.gravatar.com\/avatar\/a545bbb6f84efdd5553dbbc2895e3ca8f1d12c5215e00a041c9670b54aa9b18a?s=96&d=mm&r=g","caption":"MC"},"url":"https:\/\/www.webdo.tn\/fr\/actualite\/author\/mc\/"}]}},"_links":{"self":[{"href":"https:\/\/www.webdo.tn\/fr\/wp-json\/wp\/v2\/posts\/216717","targetHints":{"allow":["GET"]}}],"collection":[{"href":"https:\/\/www.webdo.tn\/fr\/wp-json\/wp\/v2\/posts"}],"about":[{"href":"https:\/\/www.webdo.tn\/fr\/wp-json\/wp\/v2\/types\/post"}],"author":[{"embeddable":true,"href":"https:\/\/www.webdo.tn\/fr\/wp-json\/wp\/v2\/users\/3162"}],"replies":[{"embeddable":true,"href":"https:\/\/www.webdo.tn\/fr\/wp-json\/wp\/v2\/comments?post=216717"}],"version-history":[{"count":0,"href":"https:\/\/www.webdo.tn\/fr\/wp-json\/wp\/v2\/posts\/216717\/revisions"}],"wp:featuredmedia":[{"embeddable":true,"href":"https:\/\/www.webdo.tn\/fr\/wp-json\/wp\/v2\/media\/246421"}],"wp:attachment":[{"href":"https:\/\/www.webdo.tn\/fr\/wp-json\/wp\/v2\/media?parent=216717"}],"wp:term":[{"taxonomy":"category","embeddable":true,"href":"https:\/\/www.webdo.tn\/fr\/wp-json\/wp\/v2\/categories?post=216717"},{"taxonomy":"post_tag","embeddable":true,"href":"https:\/\/www.webdo.tn\/fr\/wp-json\/wp\/v2\/tags?post=216717"}],"curies":[{"name":"wp","href":"https:\/\/api.w.org\/{rel}","templated":true}]}}