{"id":216714,"date":"2024-10-01T09:22:00","date_gmt":"2024-10-01T09:22:00","guid":{"rendered":"https:\/\/www.webdo.tn\/fr\/blog\/aujourd-hui-premier-vol-special-pour-rapatrier-260-tunisiens-du-liban\/216714\/"},"modified":"2025-05-20T22:14:22","modified_gmt":"2025-05-20T22:14:22","slug":"aujourd-hui-premier-vol-special-pour-rapatrier-260-tunisiens-du-liban","status":"publish","type":"post","link":"https:\/\/www.webdo.tn\/fr\/actualite\/national\/aujourd-hui-premier-vol-special-pour-rapatrier-260-tunisiens-du-liban\/216714\/","title":{"rendered":"Aujourd\u2019hui, premier vol sp\u00e9cial pour rapatrier 260 Tunisiens du Liban"},"content":{"rendered":"<p>Un vol sp\u00e9cial destin\u00e9 \u00e0 rapatrier les premiers ressortissants tunisiens souhaitant quitter le Liban en proie \u00e0 l\u2019agression sioniste, devrait d\u00e9coller, aujourd\u2019hui, mardi 1er octobre de ce pays, avec \u00e0 son bord 260 Tunisiens r\u00e9sidant au Liban.<\/p>\n<p>\t\t\t\t\t\t\t\t\tUn vol sp\u00e9cial de la compagnie Tunisair doit \u00eatre affr\u00e9t\u00e9 pour rapatrier 260 Tunisiens r\u00e9sidant au Liban. Ces 260 personnes concern\u00e9es par ce vol font partie d\u2019une liste \u00e9tablie par l\u2019ambassade de Tunisie au Liban. Liste qui comporte 404 demandes de r\u00e9servation, sachant que la s\u00e9lection a \u00e9t\u00e9 faite selon les priorit\u00e9s s\u00e9curitaires, sanitaires et humanitaires.<\/p>\n<p>Il s&rsquo;agit d\u2019\u00e9tudiants, de Tunisiens d\u00e9plac\u00e9s ou ceux qui se trouvent dans des zones dangereuses, en particulier dans le sud du Liban, la banlieue sud de Beyrouth et certaines r\u00e9gions de la Bekaa. Il s\u2019agit \u00e9galement des personnes sans soutien familial ou celles dont la sant\u00e9 n\u00e9cessite un soutien.<\/p>\n<p>L\u2019ambassade souligne, par ailleurs, qu\u2019elle m\u00e8ne actuellement un travail de coordination pour prendre en compte toutes les demandes soumises \u00e0 l&rsquo;ambassade.<\/p>\n<p>La communaut\u00e9 tunisienne au Liban est compos\u00e9e d&rsquo;environ 1970 personnes dont un quart sont des enfants mineurs.<\/p>\n","protected":false},"excerpt":{"rendered":"<p>Un vol sp\u00e9cial de la compagnie Tunisair doit \u00eatre affr\u00e9t\u00e9 pour rapatrier 260 Tunisiens r\u00e9sidant au Liban. Ces 260 personnes concern\u00e9es par ce vol font partie d\u2019&#8230;<\/p>\n","protected":false},"author":3162,"featured_media":291127,"comment_status":"open","ping_status":"closed","sticky":false,"template":"","format":"standard","meta":{"footnotes":""},"categories":[44],"tags":[5146,2636,3920,5538,3451,2608,3317],"class_list":["post-216714","post","type-post","status-publish","format-standard","has-post-thumbnail","hentry","category-national","tag-conflit","tag-israel","tag-liban","tag-rapatriement","tag-tunisair","tag-tunisie","tag-tunisiens"],"yoast_head":"<!-- This site is optimized with the Yoast SEO Premium plugin v27.4 (Yoast SEO v27.5) - https:\/\/yoast.com\/product\/yoast-seo-premium-wordpress\/ -->\n<title>Aujourd\u2019hui, premier vol sp\u00e9cial pour rapatrier 260 Tunisiens du Liban<\/title>\n<meta name=\"description\" content=\"Un vol sp\u00e9cial de la compagnie Tunisair doit \u00eatre affr\u00e9t\u00e9 pour rapatrier 260 Tunisiens r\u00e9sidant au Liban. Ces 260 personnes concern\u00e9es par ce vol font partie d\u2019...\" \/>\n<link rel=\"canonical\" href=\"https:\/\/www.webdo.tn\/fr\/actualite\/national\/aujourd-hui-premier-vol-special-pour-rapatrier-260-tunisiens-du-liban\/216714\/\" \/>\n<meta property=\"og:locale\" content=\"fr_FR\" \/>\n<meta property=\"og:type\" content=\"article\" \/>\n<meta property=\"og:title\" content=\"Aujourd\u2019hui, premier vol sp\u00e9cial pour rapatrier 260 Tunisiens du Liban\" \/>\n<meta property=\"og:description\" content=\"Un vol sp\u00e9cial de la compagnie Tunisair doit \u00eatre affr\u00e9t\u00e9 pour rapatrier 260 Tunisiens r\u00e9sidant au Liban. Ces 260 personnes concern\u00e9es par ce vol font partie d\u2019...\" \/>\n<meta property=\"og:url\" content=\"https:\/\/www.webdo.tn\/fr\/actualite\/national\/aujourd-hui-premier-vol-special-pour-rapatrier-260-tunisiens-du-liban\/216714\/\" \/>\n<meta property=\"og:site_name\" content=\"webdo\" \/>\n<meta property=\"article:publisher\" content=\"https:\/\/www.facebook.com\/webdotn\" \/>\n<meta property=\"article:published_time\" content=\"2024-10-01T09:22:00+00:00\" \/>\n<meta property=\"article:modified_time\" content=\"2025-05-20T22:14:22+00:00\" \/>\n<meta property=\"og:image\" content=\"https:\/\/www.webdo.tn\/fr\/wp-content\/uploads\/2024\/10\/ac23ace5a620f89d1bad41097fa668e9.webp\" \/>\n\t<meta property=\"og:image:width\" content=\"750\" \/>\n\t<meta property=\"og:image:height\" content=\"400\" \/>\n\t<meta property=\"og:image:type\" content=\"image\/webp\" \/>\n<meta name=\"author\" content=\"MC\" \/>\n<meta name=\"twitter:card\" content=\"summary_large_image\" \/>\n<meta name=\"twitter:creator\" content=\"@webdo_tn\" \/>\n<meta name=\"twitter:site\" content=\"@webdo_tn\" \/>\n<meta name=\"twitter:label1\" content=\"\u00c9crit par\" \/>\n\t<meta name=\"twitter:data1\" content=\"MC\" \/>\n\t<meta name=\"twitter:label2\" content=\"Dur\u00e9e de lecture estim\u00e9e\" \/>\n\t<meta name=\"twitter:data2\" content=\"1 minute\" \/>\n<script type=\"application\/ld+json\" class=\"yoast-schema-graph\">{\"@context\":\"https:\\\/\\\/schema.org\",\"@graph\":[{\"@type\":\"NewsArticle\",\"@id\":\"https:\\\/\\\/www.webdo.tn\\\/fr\\\/actualite\\\/national\\\/aujourd-hui-premier-vol-special-pour-rapatrier-260-tunisiens-du-liban\\\/216714\\\/#article\",\"isPartOf\":{\"@id\":\"https:\\\/\\\/www.webdo.tn\\\/fr\\\/actualite\\\/national\\\/aujourd-hui-premier-vol-special-pour-rapatrier-260-tunisiens-du-liban\\\/216714\\\/\"},\"author\":{\"name\":\"MC\",\"@id\":\"https:\\\/\\\/www.webdo.tn\\\/fr\\\/#\\\/schema\\\/person\\\/2c4929cbf5a809e3bd38617c6ce150f6\"},\"headline\":\"Aujourd\u2019hui, premier vol sp\u00e9cial pour rapatrier 260 Tunisiens du Liban\",\"datePublished\":\"2024-10-01T09:22:00+00:00\",\"dateModified\":\"2025-05-20T22:14:22+00:00\",\"mainEntityOfPage\":{\"@id\":\"https:\\\/\\\/www.webdo.tn\\\/fr\\\/actualite\\\/national\\\/aujourd-hui-premier-vol-special-pour-rapatrier-260-tunisiens-du-liban\\\/216714\\\/\"},\"wordCount\":210,\"commentCount\":0,\"publisher\":{\"@id\":\"https:\\\/\\\/www.webdo.tn\\\/fr\\\/#organization\"},\"image\":{\"@id\":\"https:\\\/\\\/www.webdo.tn\\\/fr\\\/actualite\\\/national\\\/aujourd-hui-premier-vol-special-pour-rapatrier-260-tunisiens-du-liban\\\/216714\\\/#primaryimage\"},\"thumbnailUrl\":\"https:\\\/\\\/www.webdo.tn\\\/fr\\\/wp-content\\\/uploads\\\/2024\\\/10\\\/ac23ace5a620f89d1bad41097fa668e9.webp\",\"keywords\":[\"conflit\",\"isra\u00ebl\",\"liban\",\"rapatriement\",\"Tunisair\",\"Tunisie\",\"Tunisiens\"],\"articleSection\":[\"National\"],\"inLanguage\":\"fr-FR\"},{\"@type\":\"WebPage\",\"@id\":\"https:\\\/\\\/www.webdo.tn\\\/fr\\\/actualite\\\/national\\\/aujourd-hui-premier-vol-special-pour-rapatrier-260-tunisiens-du-liban\\\/216714\\\/\",\"url\":\"https:\\\/\\\/www.webdo.tn\\\/fr\\\/actualite\\\/national\\\/aujourd-hui-premier-vol-special-pour-rapatrier-260-tunisiens-du-liban\\\/216714\\\/\",\"name\":\"Aujourd\u2019hui, premier vol sp\u00e9cial pour rapatrier 260 Tunisiens du Liban\",\"isPartOf\":{\"@id\":\"https:\\\/\\\/www.webdo.tn\\\/fr\\\/#website\"},\"primaryImageOfPage\":{\"@id\":\"https:\\\/\\\/www.webdo.tn\\\/fr\\\/actualite\\\/national\\\/aujourd-hui-premier-vol-special-pour-rapatrier-260-tunisiens-du-liban\\\/216714\\\/#primaryimage\"},\"image\":{\"@id\":\"https:\\\/\\\/www.webdo.tn\\\/fr\\\/actualite\\\/national\\\/aujourd-hui-premier-vol-special-pour-rapatrier-260-tunisiens-du-liban\\\/216714\\\/#primaryimage\"},\"thumbnailUrl\":\"https:\\\/\\\/www.webdo.tn\\\/fr\\\/wp-content\\\/uploads\\\/2024\\\/10\\\/ac23ace5a620f89d1bad41097fa668e9.webp\",\"datePublished\":\"2024-10-01T09:22:00+00:00\",\"dateModified\":\"2025-05-20T22:14:22+00:00\",\"description\":\"Un vol sp\u00e9cial de la compagnie Tunisair doit \u00eatre affr\u00e9t\u00e9 pour rapatrier 260 Tunisiens r\u00e9sidant au Liban. Ces 260 personnes concern\u00e9es par ce vol font partie d\u2019...\",\"breadcrumb\":{\"@id\":\"https:\\\/\\\/www.webdo.tn\\\/fr\\\/actualite\\\/national\\\/aujourd-hui-premier-vol-special-pour-rapatrier-260-tunisiens-du-liban\\\/216714\\\/#breadcrumb\"},\"inLanguage\":\"fr-FR\",\"potentialAction\":[{\"@type\":\"ReadAction\",\"target\":[\"https:\\\/\\\/www.webdo.tn\\\/fr\\\/actualite\\\/national\\\/aujourd-hui-premier-vol-special-pour-rapatrier-260-tunisiens-du-liban\\\/216714\\\/\"]}]},{\"@type\":\"ImageObject\",\"inLanguage\":\"fr-FR\",\"@id\":\"https:\\\/\\\/www.webdo.tn\\\/fr\\\/actualite\\\/national\\\/aujourd-hui-premier-vol-special-pour-rapatrier-260-tunisiens-du-liban\\\/216714\\\/#primaryimage\",\"url\":\"https:\\\/\\\/www.webdo.tn\\\/fr\\\/wp-content\\\/uploads\\\/2024\\\/10\\\/ac23ace5a620f89d1bad41097fa668e9.webp\",\"contentUrl\":\"https:\\\/\\\/www.webdo.tn\\\/fr\\\/wp-content\\\/uploads\\\/2024\\\/10\\\/ac23ace5a620f89d1bad41097fa668e9.webp\",\"width\":750,\"height\":400,\"caption\":\"Aujourd\u2019hui, premier vol sp\u00e9cial pour rapatrier 260 Tunisiens du Liban\"},{\"@type\":\"BreadcrumbList\",\"@id\":\"https:\\\/\\\/www.webdo.tn\\\/fr\\\/actualite\\\/national\\\/aujourd-hui-premier-vol-special-pour-rapatrier-260-tunisiens-du-liban\\\/216714\\\/#breadcrumb\",\"itemListElement\":[{\"@type\":\"ListItem\",\"position\":1,\"name\":\"Accueil\",\"item\":\"https:\\\/\\\/www.webdo.tn\\\/fr\\\/\"},{\"@type\":\"ListItem\",\"position\":2,\"name\":\"Aujourd\u2019hui, premier vol sp\u00e9cial pour rapatrier 260 Tunisiens du Liban\"}]},{\"@type\":\"WebSite\",\"@id\":\"https:\\\/\\\/www.webdo.tn\\\/fr\\\/#website\",\"url\":\"https:\\\/\\\/www.webdo.tn\\\/fr\\\/\",\"name\":\"webdo\",\"description\":\"Tunisie - News en Tunisie et \u00e0 l&#039;international sur Webdo.tn\",\"publisher\":{\"@id\":\"https:\\\/\\\/www.webdo.tn\\\/fr\\\/#organization\"},\"potentialAction\":[{\"@type\":\"SearchAction\",\"target\":{\"@type\":\"EntryPoint\",\"urlTemplate\":\"https:\\\/\\\/www.webdo.tn\\\/fr\\\/?s={search_term_string}\"},\"query-input\":{\"@type\":\"PropertyValueSpecification\",\"valueRequired\":true,\"valueName\":\"search_term_string\"}}],\"inLanguage\":\"fr-FR\"},{\"@type\":\"Organization\",\"@id\":\"https:\\\/\\\/www.webdo.tn\\\/fr\\\/#organization\",\"name\":\"Webdo\",\"alternateName\":\"Webdo.tn\",\"url\":\"https:\\\/\\\/www.webdo.tn\\\/fr\\\/\",\"logo\":{\"@type\":\"ImageObject\",\"inLanguage\":\"fr-FR\",\"@id\":\"https:\\\/\\\/www.webdo.tn\\\/fr\\\/#\\\/schema\\\/logo\\\/image\\\/\",\"url\":\"https:\\\/\\\/www.webdo.tn\\\/fr\\\/wp-content\\\/uploads\\\/2025\\\/06\\\/Webdo-Tunisie_168377.jpg\",\"contentUrl\":\"https:\\\/\\\/www.webdo.tn\\\/fr\\\/wp-content\\\/uploads\\\/2025\\\/06\\\/Webdo-Tunisie_168377.jpg\",\"width\":301,\"height\":301,\"caption\":\"Webdo\"},\"image\":{\"@id\":\"https:\\\/\\\/www.webdo.tn\\\/fr\\\/#\\\/schema\\\/logo\\\/image\\\/\"},\"sameAs\":[\"https:\\\/\\\/www.facebook.com\\\/webdotn\",\"https:\\\/\\\/x.com\\\/webdo_tn\"],\"description\":\"Webdo est un m\u00e9dia num\u00e9rique tunisien fond\u00e9 en 2010, sp\u00e9cialis\u00e9 dans l\u2019actualit\u00e9 nationale et internationale, l\u2019\u00e9conomie, la soci\u00e9t\u00e9 et les analyses politiques. Le site s\u2019adresse \u00e0 un large public francophone et couvre l\u2019information tunisienne en temps r\u00e9el.\",\"email\":\"redac@webdo.tn\",\"legalName\":\"YNJ SARL\",\"foundingDate\":\"2010-09-06\",\"numberOfEmployees\":{\"@type\":\"QuantitativeValue\",\"minValue\":\"11\",\"maxValue\":\"50\"}},{\"@type\":\"Person\",\"@id\":\"https:\\\/\\\/www.webdo.tn\\\/fr\\\/#\\\/schema\\\/person\\\/2c4929cbf5a809e3bd38617c6ce150f6\",\"name\":\"MC\",\"image\":{\"@type\":\"ImageObject\",\"inLanguage\":\"fr-FR\",\"@id\":\"https:\\\/\\\/secure.gravatar.com\\\/avatar\\\/a545bbb6f84efdd5553dbbc2895e3ca8f1d12c5215e00a041c9670b54aa9b18a?s=96&d=mm&r=g\",\"url\":\"https:\\\/\\\/secure.gravatar.com\\\/avatar\\\/a545bbb6f84efdd5553dbbc2895e3ca8f1d12c5215e00a041c9670b54aa9b18a?s=96&d=mm&r=g\",\"contentUrl\":\"https:\\\/\\\/secure.gravatar.com\\\/avatar\\\/a545bbb6f84efdd5553dbbc2895e3ca8f1d12c5215e00a041c9670b54aa9b18a?s=96&d=mm&r=g\",\"caption\":\"MC\"},\"url\":\"https:\\\/\\\/www.webdo.tn\\\/fr\\\/actualite\\\/author\\\/mc\\\/\"}]}<\/script>\n<!-- \/ Yoast SEO Premium plugin. -->","yoast_head_json":{"title":"Aujourd\u2019hui, premier vol sp\u00e9cial pour rapatrier 260 Tunisiens du Liban","description":"Un vol sp\u00e9cial de la compagnie Tunisair doit \u00eatre affr\u00e9t\u00e9 pour rapatrier 260 Tunisiens r\u00e9sidant au Liban. Ces 260 personnes concern\u00e9es par ce vol font partie d\u2019...","canonical":"https:\/\/www.webdo.tn\/fr\/actualite\/national\/aujourd-hui-premier-vol-special-pour-rapatrier-260-tunisiens-du-liban\/216714\/","og_locale":"fr_FR","og_type":"article","og_title":"Aujourd\u2019hui, premier vol sp\u00e9cial pour rapatrier 260 Tunisiens du Liban","og_description":"Un vol sp\u00e9cial de la compagnie Tunisair doit \u00eatre affr\u00e9t\u00e9 pour rapatrier 260 Tunisiens r\u00e9sidant au Liban. Ces 260 personnes concern\u00e9es par ce vol font partie d\u2019...","og_url":"https:\/\/www.webdo.tn\/fr\/actualite\/national\/aujourd-hui-premier-vol-special-pour-rapatrier-260-tunisiens-du-liban\/216714\/","og_site_name":"webdo","article_publisher":"https:\/\/www.facebook.com\/webdotn","article_published_time":"2024-10-01T09:22:00+00:00","article_modified_time":"2025-05-20T22:14:22+00:00","og_image":[{"width":750,"height":400,"url":"https:\/\/www.webdo.tn\/fr\/wp-content\/uploads\/2024\/10\/ac23ace5a620f89d1bad41097fa668e9.webp","type":"image\/webp"}],"author":"MC","twitter_card":"summary_large_image","twitter_creator":"@webdo_tn","twitter_site":"@webdo_tn","twitter_misc":{"\u00c9crit par":"MC","Dur\u00e9e de lecture estim\u00e9e":"1 minute"},"schema":{"@context":"https:\/\/schema.org","@graph":[{"@type":"NewsArticle","@id":"https:\/\/www.webdo.tn\/fr\/actualite\/national\/aujourd-hui-premier-vol-special-pour-rapatrier-260-tunisiens-du-liban\/216714\/#article","isPartOf":{"@id":"https:\/\/www.webdo.tn\/fr\/actualite\/national\/aujourd-hui-premier-vol-special-pour-rapatrier-260-tunisiens-du-liban\/216714\/"},"author":{"name":"MC","@id":"https:\/\/www.webdo.tn\/fr\/#\/schema\/person\/2c4929cbf5a809e3bd38617c6ce150f6"},"headline":"Aujourd\u2019hui, premier vol sp\u00e9cial pour rapatrier 260 Tunisiens du Liban","datePublished":"2024-10-01T09:22:00+00:00","dateModified":"2025-05-20T22:14:22+00:00","mainEntityOfPage":{"@id":"https:\/\/www.webdo.tn\/fr\/actualite\/national\/aujourd-hui-premier-vol-special-pour-rapatrier-260-tunisiens-du-liban\/216714\/"},"wordCount":210,"commentCount":0,"publisher":{"@id":"https:\/\/www.webdo.tn\/fr\/#organization"},"image":{"@id":"https:\/\/www.webdo.tn\/fr\/actualite\/national\/aujourd-hui-premier-vol-special-pour-rapatrier-260-tunisiens-du-liban\/216714\/#primaryimage"},"thumbnailUrl":"https:\/\/www.webdo.tn\/fr\/wp-content\/uploads\/2024\/10\/ac23ace5a620f89d1bad41097fa668e9.webp","keywords":["conflit","isra\u00ebl","liban","rapatriement","Tunisair","Tunisie","Tunisiens"],"articleSection":["National"],"inLanguage":"fr-FR"},{"@type":"WebPage","@id":"https:\/\/www.webdo.tn\/fr\/actualite\/national\/aujourd-hui-premier-vol-special-pour-rapatrier-260-tunisiens-du-liban\/216714\/","url":"https:\/\/www.webdo.tn\/fr\/actualite\/national\/aujourd-hui-premier-vol-special-pour-rapatrier-260-tunisiens-du-liban\/216714\/","name":"Aujourd\u2019hui, premier vol sp\u00e9cial pour rapatrier 260 Tunisiens du Liban","isPartOf":{"@id":"https:\/\/www.webdo.tn\/fr\/#website"},"primaryImageOfPage":{"@id":"https:\/\/www.webdo.tn\/fr\/actualite\/national\/aujourd-hui-premier-vol-special-pour-rapatrier-260-tunisiens-du-liban\/216714\/#primaryimage"},"image":{"@id":"https:\/\/www.webdo.tn\/fr\/actualite\/national\/aujourd-hui-premier-vol-special-pour-rapatrier-260-tunisiens-du-liban\/216714\/#primaryimage"},"thumbnailUrl":"https:\/\/www.webdo.tn\/fr\/wp-content\/uploads\/2024\/10\/ac23ace5a620f89d1bad41097fa668e9.webp","datePublished":"2024-10-01T09:22:00+00:00","dateModified":"2025-05-20T22:14:22+00:00","description":"Un vol sp\u00e9cial de la compagnie Tunisair doit \u00eatre affr\u00e9t\u00e9 pour rapatrier 260 Tunisiens r\u00e9sidant au Liban. Ces 260 personnes concern\u00e9es par ce vol font partie d\u2019...","breadcrumb":{"@id":"https:\/\/www.webdo.tn\/fr\/actualite\/national\/aujourd-hui-premier-vol-special-pour-rapatrier-260-tunisiens-du-liban\/216714\/#breadcrumb"},"inLanguage":"fr-FR","potentialAction":[{"@type":"ReadAction","target":["https:\/\/www.webdo.tn\/fr\/actualite\/national\/aujourd-hui-premier-vol-special-pour-rapatrier-260-tunisiens-du-liban\/216714\/"]}]},{"@type":"ImageObject","inLanguage":"fr-FR","@id":"https:\/\/www.webdo.tn\/fr\/actualite\/national\/aujourd-hui-premier-vol-special-pour-rapatrier-260-tunisiens-du-liban\/216714\/#primaryimage","url":"https:\/\/www.webdo.tn\/fr\/wp-content\/uploads\/2024\/10\/ac23ace5a620f89d1bad41097fa668e9.webp","contentUrl":"https:\/\/www.webdo.tn\/fr\/wp-content\/uploads\/2024\/10\/ac23ace5a620f89d1bad41097fa668e9.webp","width":750,"height":400,"caption":"Aujourd\u2019hui, premier vol sp\u00e9cial pour rapatrier 260 Tunisiens du Liban"},{"@type":"BreadcrumbList","@id":"https:\/\/www.webdo.tn\/fr\/actualite\/national\/aujourd-hui-premier-vol-special-pour-rapatrier-260-tunisiens-du-liban\/216714\/#breadcrumb","itemListElement":[{"@type":"ListItem","position":1,"name":"Accueil","item":"https:\/\/www.webdo.tn\/fr\/"},{"@type":"ListItem","position":2,"name":"Aujourd\u2019hui, premier vol sp\u00e9cial pour rapatrier 260 Tunisiens du Liban"}]},{"@type":"WebSite","@id":"https:\/\/www.webdo.tn\/fr\/#website","url":"https:\/\/www.webdo.tn\/fr\/","name":"webdo","description":"Tunisie - News en Tunisie et \u00e0 l&#039;international sur Webdo.tn","publisher":{"@id":"https:\/\/www.webdo.tn\/fr\/#organization"},"potentialAction":[{"@type":"SearchAction","target":{"@type":"EntryPoint","urlTemplate":"https:\/\/www.webdo.tn\/fr\/?s={search_term_string}"},"query-input":{"@type":"PropertyValueSpecification","valueRequired":true,"valueName":"search_term_string"}}],"inLanguage":"fr-FR"},{"@type":"Organization","@id":"https:\/\/www.webdo.tn\/fr\/#organization","name":"Webdo","alternateName":"Webdo.tn","url":"https:\/\/www.webdo.tn\/fr\/","logo":{"@type":"ImageObject","inLanguage":"fr-FR","@id":"https:\/\/www.webdo.tn\/fr\/#\/schema\/logo\/image\/","url":"https:\/\/www.webdo.tn\/fr\/wp-content\/uploads\/2025\/06\/Webdo-Tunisie_168377.jpg","contentUrl":"https:\/\/www.webdo.tn\/fr\/wp-content\/uploads\/2025\/06\/Webdo-Tunisie_168377.jpg","width":301,"height":301,"caption":"Webdo"},"image":{"@id":"https:\/\/www.webdo.tn\/fr\/#\/schema\/logo\/image\/"},"sameAs":["https:\/\/www.facebook.com\/webdotn","https:\/\/x.com\/webdo_tn"],"description":"Webdo est un m\u00e9dia num\u00e9rique tunisien fond\u00e9 en 2010, sp\u00e9cialis\u00e9 dans l\u2019actualit\u00e9 nationale et internationale, l\u2019\u00e9conomie, la soci\u00e9t\u00e9 et les analyses politiques. Le site s\u2019adresse \u00e0 un large public francophone et couvre l\u2019information tunisienne en temps r\u00e9el.","email":"redac@webdo.tn","legalName":"YNJ SARL","foundingDate":"2010-09-06","numberOfEmployees":{"@type":"QuantitativeValue","minValue":"11","maxValue":"50"}},{"@type":"Person","@id":"https:\/\/www.webdo.tn\/fr\/#\/schema\/person\/2c4929cbf5a809e3bd38617c6ce150f6","name":"MC","image":{"@type":"ImageObject","inLanguage":"fr-FR","@id":"https:\/\/secure.gravatar.com\/avatar\/a545bbb6f84efdd5553dbbc2895e3ca8f1d12c5215e00a041c9670b54aa9b18a?s=96&d=mm&r=g","url":"https:\/\/secure.gravatar.com\/avatar\/a545bbb6f84efdd5553dbbc2895e3ca8f1d12c5215e00a041c9670b54aa9b18a?s=96&d=mm&r=g","contentUrl":"https:\/\/secure.gravatar.com\/avatar\/a545bbb6f84efdd5553dbbc2895e3ca8f1d12c5215e00a041c9670b54aa9b18a?s=96&d=mm&r=g","caption":"MC"},"url":"https:\/\/www.webdo.tn\/fr\/actualite\/author\/mc\/"}]}},"_links":{"self":[{"href":"https:\/\/www.webdo.tn\/fr\/wp-json\/wp\/v2\/posts\/216714","targetHints":{"allow":["GET"]}}],"collection":[{"href":"https:\/\/www.webdo.tn\/fr\/wp-json\/wp\/v2\/posts"}],"about":[{"href":"https:\/\/www.webdo.tn\/fr\/wp-json\/wp\/v2\/types\/post"}],"author":[{"embeddable":true,"href":"https:\/\/www.webdo.tn\/fr\/wp-json\/wp\/v2\/users\/3162"}],"replies":[{"embeddable":true,"href":"https:\/\/www.webdo.tn\/fr\/wp-json\/wp\/v2\/comments?post=216714"}],"version-history":[{"count":0,"href":"https:\/\/www.webdo.tn\/fr\/wp-json\/wp\/v2\/posts\/216714\/revisions"}],"wp:featuredmedia":[{"embeddable":true,"href":"https:\/\/www.webdo.tn\/fr\/wp-json\/wp\/v2\/media\/291127"}],"wp:attachment":[{"href":"https:\/\/www.webdo.tn\/fr\/wp-json\/wp\/v2\/media?parent=216714"}],"wp:term":[{"taxonomy":"category","embeddable":true,"href":"https:\/\/www.webdo.tn\/fr\/wp-json\/wp\/v2\/categories?post=216714"},{"taxonomy":"post_tag","embeddable":true,"href":"https:\/\/www.webdo.tn\/fr\/wp-json\/wp\/v2\/tags?post=216714"}],"curies":[{"name":"wp","href":"https:\/\/api.w.org\/{rel}","templated":true}]}}