{"id":216708,"date":"2024-09-30T19:49:00","date_gmt":"2024-09-30T19:49:00","guid":{"rendered":"https:\/\/www.webdo.tn\/fr\/blog\/naufrage-a-djerba-le-parquet-ouvre-une-enquete-sur-un-drame-migratoire\/216708\/"},"modified":"2024-09-30T19:49:00","modified_gmt":"2024-09-30T19:49:00","slug":"naufrage-a-djerba-le-parquet-ouvre-une-enquete-sur-un-drame-migratoire","status":"publish","type":"post","link":"https:\/\/www.webdo.tn\/fr\/actualite\/national\/naufrage-a-djerba-le-parquet-ouvre-une-enquete-sur-un-drame-migratoire\/216708\/","title":{"rendered":"Naufrage \u00e0 Djerba : le parquet ouvre une enqu\u00eate sur un drame migratoire"},"content":{"rendered":"<p>Le parquet de M\u00e9denine a officiellement lanc\u00e9 une enqu\u00eate judiciaire suite au tragique naufrage d&rsquo;une embarcation de migrants survenu au large de Djerba, le lundi 30 septembre 2024. Le drame, qui a d\u00e9j\u00e0 caus\u00e9 la mort de 15 personnes, dont 3 nourrissons, suscite une vive \u00e9motion et met en lumi\u00e8re les dangers toujours pr\u00e9sents des travers\u00e9es clandestines.<\/p>\n<p>\t\t\t\t\t\t\t\t\tSelon le procureur de la R\u00e9publique pr\u00e8s le Tribunal de premi\u00e8re instance de M\u00e9denine, Fathi Baccouche, l&rsquo;enqu\u00eate portera sur deux axes principaux : l\u2019identification des responsables de cette tentative de migration ill\u00e9gale et la poursuite des recherches pour retrouver les disparus.<\/p>\n<p>Les premiers \u00e9l\u00e9ments de l&rsquo;enqu\u00eate r\u00e9v\u00e8lent que l&#8217;embarcation a quitt\u00e9 la plage El Hachani, \u00e0 Houmt Souk, peu avant l&rsquo;aube, \u00e0 5h15 du matin, avec une cinquantaine de personnes \u00e0 bord.<\/p>\n<p>Un bilan lourd et dramatique<\/p>\n<p>Parmi ces passagers, 31 ont pu \u00eatre secourus par les \u00e9quipes de la Garde maritime, dont la r\u00e9activit\u00e9 a permis d\u2019\u00e9viter un bilan encore plus lourd. Cependant, 15 corps sans vie ont \u00e9t\u00e9 rep\u00each\u00e9s, parmi lesquels 3 nourrissons et 4 femmes. La majorit\u00e9 des passagers \u00e9taient des Tunisiens, accompagn\u00e9s de deux ressortissants \u00e9trangers.<\/p>\n<p>Le g\u00e9n\u00e9ral Houssemeddine Jebabli, porte-parole de la Garde nationale, a pr\u00e9cis\u00e9 que l&rsquo;alerte a \u00e9t\u00e9 donn\u00e9e par un survivant, qui a r\u00e9ussi \u00e0 rejoindre la c\u00f4te et s&rsquo;est pr\u00e9sent\u00e9 \u00e0 un poste de contr\u00f4le de s\u00e9curit\u00e9 situ\u00e9 dans la zone touristique de Djerba. Gr\u00e2ce \u00e0 son t\u00e9moignage, les op\u00e9rations de secours ont pu \u00eatre rapidement mises en place.<\/p>\n","protected":false},"excerpt":{"rendered":"<p>Le parquet de M\u00e9denine ouvre une enqu\u00eate apr\u00e8s le naufrage d&rsquo;une embarcation de migrants au large de Djerba, causant 15 morts, dont 3 nourrissons. D\u00e9couvrez les&#8230;<\/p>\n","protected":false},"author":3203,"featured_media":291123,"comment_status":"open","ping_status":"closed","sticky":false,"template":"","format":"standard","meta":{"footnotes":""},"categories":[44],"tags":[10474,10475,10476,10473],"class_list":["post-216708","post","type-post","status-publish","format-standard","has-post-thumbnail","hentry","category-national","tag-drame-migratoire-tunisie","tag-medenine-enquete-judiciaire","tag-traversee-clandestine-djerba","tag-naufrage-djerba"],"yoast_head":"<!-- This site is optimized with the Yoast SEO Premium plugin v27.5 (Yoast SEO v27.5) - https:\/\/yoast.com\/product\/yoast-seo-premium-wordpress\/ -->\n<title>Naufrage \u00e0 Djerba : le parquet ouvre une enqu\u00eate sur un drame migratoire<\/title>\n<meta name=\"description\" content=\"Le parquet de M\u00e9denine ouvre une enqu\u00eate apr\u00e8s le naufrage d&#039;une embarcation de migrants au large de Djerba, causant 15 morts, dont 3 nourrissons. D\u00e9couvrez les...\" \/>\n<link rel=\"canonical\" href=\"https:\/\/www.webdo.tn\/fr\/actualite\/national\/naufrage-a-djerba-le-parquet-ouvre-une-enquete-sur-un-drame-migratoire\/216708\/\" \/>\n<meta property=\"og:locale\" content=\"fr_FR\" \/>\n<meta property=\"og:type\" content=\"article\" \/>\n<meta property=\"og:title\" content=\"Naufrage \u00e0 Djerba : le parquet ouvre une enqu\u00eate sur un drame migratoire\" \/>\n<meta property=\"og:description\" content=\"Le parquet de M\u00e9denine ouvre une enqu\u00eate apr\u00e8s le naufrage d&#039;une embarcation de migrants au large de Djerba, causant 15 morts, dont 3 nourrissons. D\u00e9couvrez les...\" \/>\n<meta property=\"og:url\" content=\"https:\/\/www.webdo.tn\/fr\/actualite\/national\/naufrage-a-djerba-le-parquet-ouvre-une-enquete-sur-un-drame-migratoire\/216708\/\" \/>\n<meta property=\"og:site_name\" content=\"webdo\" \/>\n<meta property=\"article:publisher\" content=\"https:\/\/www.facebook.com\/webdotn\" \/>\n<meta property=\"article:published_time\" content=\"2024-09-30T19:49:00+00:00\" \/>\n<meta property=\"og:image\" content=\"https:\/\/www.webdo.tn\/fr\/wp-content\/uploads\/2024\/09\/2f4e651ee8e879a3a3a8eaa145498054.webp\" \/>\n\t<meta property=\"og:image:width\" content=\"661\" \/>\n\t<meta property=\"og:image:height\" content=\"353\" \/>\n\t<meta property=\"og:image:type\" content=\"image\/webp\" \/>\n<meta name=\"author\" content=\"Ramzi Haddad\" \/>\n<meta name=\"twitter:card\" content=\"summary_large_image\" \/>\n<meta name=\"twitter:creator\" content=\"@webdo_tn\" \/>\n<meta name=\"twitter:site\" content=\"@webdo_tn\" \/>\n<meta name=\"twitter:label1\" content=\"\u00c9crit par\" \/>\n\t<meta name=\"twitter:data1\" content=\"Ramzi Haddad\" \/>\n\t<meta name=\"twitter:label2\" content=\"Dur\u00e9e de lecture estim\u00e9e\" \/>\n\t<meta name=\"twitter:data2\" content=\"1 minute\" \/>\n<script type=\"application\/ld+json\" class=\"yoast-schema-graph\">{\"@context\":\"https:\\\/\\\/schema.org\",\"@graph\":[{\"@type\":\"NewsArticle\",\"@id\":\"https:\\\/\\\/www.webdo.tn\\\/fr\\\/actualite\\\/national\\\/naufrage-a-djerba-le-parquet-ouvre-une-enquete-sur-un-drame-migratoire\\\/216708\\\/#article\",\"isPartOf\":{\"@id\":\"https:\\\/\\\/www.webdo.tn\\\/fr\\\/actualite\\\/national\\\/naufrage-a-djerba-le-parquet-ouvre-une-enquete-sur-un-drame-migratoire\\\/216708\\\/\"},\"author\":{\"name\":\"Ramzi Haddad\",\"@id\":\"https:\\\/\\\/www.webdo.tn\\\/fr\\\/#\\\/schema\\\/person\\\/5663044c25eb36d8f88ba5b653f12f8c\"},\"headline\":\"Naufrage \u00e0 Djerba : le parquet ouvre une enqu\u00eate sur un drame migratoire\",\"datePublished\":\"2024-09-30T19:49:00+00:00\",\"mainEntityOfPage\":{\"@id\":\"https:\\\/\\\/www.webdo.tn\\\/fr\\\/actualite\\\/national\\\/naufrage-a-djerba-le-parquet-ouvre-une-enquete-sur-un-drame-migratoire\\\/216708\\\/\"},\"wordCount\":283,\"commentCount\":0,\"publisher\":{\"@id\":\"https:\\\/\\\/www.webdo.tn\\\/fr\\\/#organization\"},\"image\":{\"@id\":\"https:\\\/\\\/www.webdo.tn\\\/fr\\\/actualite\\\/national\\\/naufrage-a-djerba-le-parquet-ouvre-une-enquete-sur-un-drame-migratoire\\\/216708\\\/#primaryimage\"},\"thumbnailUrl\":\"https:\\\/\\\/www.webdo.tn\\\/fr\\\/wp-content\\\/uploads\\\/2024\\\/09\\\/2f4e651ee8e879a3a3a8eaa145498054.webp\",\"keywords\":[\"'Drame migratoire Tunisie'\",\"'M\u00e9denine enqu\u00eate judiciaire'\",\"'Travers\u00e9e clandestine Djerba']\",\"['Naufrage Djerba'\"],\"articleSection\":[\"National\"],\"inLanguage\":\"fr-FR\"},{\"@type\":\"WebPage\",\"@id\":\"https:\\\/\\\/www.webdo.tn\\\/fr\\\/actualite\\\/national\\\/naufrage-a-djerba-le-parquet-ouvre-une-enquete-sur-un-drame-migratoire\\\/216708\\\/\",\"url\":\"https:\\\/\\\/www.webdo.tn\\\/fr\\\/actualite\\\/national\\\/naufrage-a-djerba-le-parquet-ouvre-une-enquete-sur-un-drame-migratoire\\\/216708\\\/\",\"name\":\"Naufrage \u00e0 Djerba : le parquet ouvre une enqu\u00eate sur un drame migratoire\",\"isPartOf\":{\"@id\":\"https:\\\/\\\/www.webdo.tn\\\/fr\\\/#website\"},\"primaryImageOfPage\":{\"@id\":\"https:\\\/\\\/www.webdo.tn\\\/fr\\\/actualite\\\/national\\\/naufrage-a-djerba-le-parquet-ouvre-une-enquete-sur-un-drame-migratoire\\\/216708\\\/#primaryimage\"},\"image\":{\"@id\":\"https:\\\/\\\/www.webdo.tn\\\/fr\\\/actualite\\\/national\\\/naufrage-a-djerba-le-parquet-ouvre-une-enquete-sur-un-drame-migratoire\\\/216708\\\/#primaryimage\"},\"thumbnailUrl\":\"https:\\\/\\\/www.webdo.tn\\\/fr\\\/wp-content\\\/uploads\\\/2024\\\/09\\\/2f4e651ee8e879a3a3a8eaa145498054.webp\",\"datePublished\":\"2024-09-30T19:49:00+00:00\",\"description\":\"Le parquet de M\u00e9denine ouvre une enqu\u00eate apr\u00e8s le naufrage d'une embarcation de migrants au large de Djerba, causant 15 morts, dont 3 nourrissons. D\u00e9couvrez les...\",\"breadcrumb\":{\"@id\":\"https:\\\/\\\/www.webdo.tn\\\/fr\\\/actualite\\\/national\\\/naufrage-a-djerba-le-parquet-ouvre-une-enquete-sur-un-drame-migratoire\\\/216708\\\/#breadcrumb\"},\"inLanguage\":\"fr-FR\",\"potentialAction\":[{\"@type\":\"ReadAction\",\"target\":[\"https:\\\/\\\/www.webdo.tn\\\/fr\\\/actualite\\\/national\\\/naufrage-a-djerba-le-parquet-ouvre-une-enquete-sur-un-drame-migratoire\\\/216708\\\/\"]}]},{\"@type\":\"ImageObject\",\"inLanguage\":\"fr-FR\",\"@id\":\"https:\\\/\\\/www.webdo.tn\\\/fr\\\/actualite\\\/national\\\/naufrage-a-djerba-le-parquet-ouvre-une-enquete-sur-un-drame-migratoire\\\/216708\\\/#primaryimage\",\"url\":\"https:\\\/\\\/www.webdo.tn\\\/fr\\\/wp-content\\\/uploads\\\/2024\\\/09\\\/2f4e651ee8e879a3a3a8eaa145498054.webp\",\"contentUrl\":\"https:\\\/\\\/www.webdo.tn\\\/fr\\\/wp-content\\\/uploads\\\/2024\\\/09\\\/2f4e651ee8e879a3a3a8eaa145498054.webp\",\"width\":661,\"height\":353,\"caption\":\"Naufrage \u00e0 Djerba : le parquet ouvre une enqu\u00eate sur un drame migratoire\"},{\"@type\":\"BreadcrumbList\",\"@id\":\"https:\\\/\\\/www.webdo.tn\\\/fr\\\/actualite\\\/national\\\/naufrage-a-djerba-le-parquet-ouvre-une-enquete-sur-un-drame-migratoire\\\/216708\\\/#breadcrumb\",\"itemListElement\":[{\"@type\":\"ListItem\",\"position\":1,\"name\":\"Accueil\",\"item\":\"https:\\\/\\\/www.webdo.tn\\\/fr\\\/\"},{\"@type\":\"ListItem\",\"position\":2,\"name\":\"Naufrage \u00e0 Djerba : le parquet ouvre une enqu\u00eate sur un drame migratoire\"}]},{\"@type\":\"WebSite\",\"@id\":\"https:\\\/\\\/www.webdo.tn\\\/fr\\\/#website\",\"url\":\"https:\\\/\\\/www.webdo.tn\\\/fr\\\/\",\"name\":\"webdo\",\"description\":\"Tunisie - News en Tunisie et \u00e0 l&#039;international sur Webdo.tn\",\"publisher\":{\"@id\":\"https:\\\/\\\/www.webdo.tn\\\/fr\\\/#organization\"},\"potentialAction\":[{\"@type\":\"SearchAction\",\"target\":{\"@type\":\"EntryPoint\",\"urlTemplate\":\"https:\\\/\\\/www.webdo.tn\\\/fr\\\/?s={search_term_string}\"},\"query-input\":{\"@type\":\"PropertyValueSpecification\",\"valueRequired\":true,\"valueName\":\"search_term_string\"}}],\"inLanguage\":\"fr-FR\"},{\"@type\":\"Organization\",\"@id\":\"https:\\\/\\\/www.webdo.tn\\\/fr\\\/#organization\",\"name\":\"Webdo\",\"alternateName\":\"Webdo.tn\",\"url\":\"https:\\\/\\\/www.webdo.tn\\\/fr\\\/\",\"logo\":{\"@type\":\"ImageObject\",\"inLanguage\":\"fr-FR\",\"@id\":\"https:\\\/\\\/www.webdo.tn\\\/fr\\\/#\\\/schema\\\/logo\\\/image\\\/\",\"url\":\"https:\\\/\\\/www.webdo.tn\\\/fr\\\/wp-content\\\/uploads\\\/2025\\\/06\\\/Webdo-Tunisie_168377.jpg\",\"contentUrl\":\"https:\\\/\\\/www.webdo.tn\\\/fr\\\/wp-content\\\/uploads\\\/2025\\\/06\\\/Webdo-Tunisie_168377.jpg\",\"width\":301,\"height\":301,\"caption\":\"Webdo\"},\"image\":{\"@id\":\"https:\\\/\\\/www.webdo.tn\\\/fr\\\/#\\\/schema\\\/logo\\\/image\\\/\"},\"sameAs\":[\"https:\\\/\\\/www.facebook.com\\\/webdotn\",\"https:\\\/\\\/x.com\\\/webdo_tn\"],\"description\":\"Webdo est un m\u00e9dia num\u00e9rique tunisien fond\u00e9 en 2010, sp\u00e9cialis\u00e9 dans l\u2019actualit\u00e9 nationale et internationale, l\u2019\u00e9conomie, la soci\u00e9t\u00e9 et les analyses politiques. Le site s\u2019adresse \u00e0 un large public francophone et couvre l\u2019information tunisienne en temps r\u00e9el.\",\"email\":\"redac@webdo.tn\",\"legalName\":\"YNJ SARL\",\"foundingDate\":\"2010-09-06\",\"numberOfEmployees\":{\"@type\":\"QuantitativeValue\",\"minValue\":\"11\",\"maxValue\":\"50\"}},{\"@type\":\"Person\",\"@id\":\"https:\\\/\\\/www.webdo.tn\\\/fr\\\/#\\\/schema\\\/person\\\/5663044c25eb36d8f88ba5b653f12f8c\",\"name\":\"Ramzi Haddad\",\"image\":{\"@type\":\"ImageObject\",\"inLanguage\":\"fr-FR\",\"@id\":\"https:\\\/\\\/www.webdo.tn\\\/fr\\\/wp-content\\\/uploads\\\/2026\\\/04\\\/ramzi-haddad_avatar-96x96.jpg\",\"url\":\"https:\\\/\\\/www.webdo.tn\\\/fr\\\/wp-content\\\/uploads\\\/2026\\\/04\\\/ramzi-haddad_avatar-96x96.jpg\",\"contentUrl\":\"https:\\\/\\\/www.webdo.tn\\\/fr\\\/wp-content\\\/uploads\\\/2026\\\/04\\\/ramzi-haddad_avatar-96x96.jpg\",\"caption\":\"Ramzi Haddad\"},\"description\":\"Signature \u00e9ditoriale de Walid Ben Youssef Ramzi Haddad est le pseudonyme \u00e9ditorial de Walid Ben Youssef, fondateur et g\u00e9rant de Webdo.tn. Cette signature est d\u00e9di\u00e9e \u00e0 la couverture de l'actualit\u00e9 nationale et internationale, ainsi qu'aux analyses des dynamiques num\u00e9riques. Ce profil b\u00e9n\u00e9ficie de l'expertise de Walid Ben Youssef, pionnier du web en Tunisie depuis 2000 et dipl\u00f4m\u00e9 en Math\u00e9matiques pures de l'Universit\u00e9 d'Oregon. \u00c0 travers cette signature, la r\u00e9daction de Webdo garantit une information structur\u00e9e et v\u00e9rifi\u00e9e, fid\u00e8le aux standards journalistiques du m\u00e9dia.\",\"url\":\"https:\\\/\\\/www.webdo.tn\\\/fr\\\/actualite\\\/author\\\/ramzi-haddad\\\/\"}]}<\/script>\n<!-- \/ Yoast SEO Premium plugin. -->","yoast_head_json":{"title":"Naufrage \u00e0 Djerba : le parquet ouvre une enqu\u00eate sur un drame migratoire","description":"Le parquet de M\u00e9denine ouvre une enqu\u00eate apr\u00e8s le naufrage d'une embarcation de migrants au large de Djerba, causant 15 morts, dont 3 nourrissons. D\u00e9couvrez les...","canonical":"https:\/\/www.webdo.tn\/fr\/actualite\/national\/naufrage-a-djerba-le-parquet-ouvre-une-enquete-sur-un-drame-migratoire\/216708\/","og_locale":"fr_FR","og_type":"article","og_title":"Naufrage \u00e0 Djerba : le parquet ouvre une enqu\u00eate sur un drame migratoire","og_description":"Le parquet de M\u00e9denine ouvre une enqu\u00eate apr\u00e8s le naufrage d'une embarcation de migrants au large de Djerba, causant 15 morts, dont 3 nourrissons. D\u00e9couvrez les...","og_url":"https:\/\/www.webdo.tn\/fr\/actualite\/national\/naufrage-a-djerba-le-parquet-ouvre-une-enquete-sur-un-drame-migratoire\/216708\/","og_site_name":"webdo","article_publisher":"https:\/\/www.facebook.com\/webdotn","article_published_time":"2024-09-30T19:49:00+00:00","og_image":[{"width":661,"height":353,"url":"https:\/\/www.webdo.tn\/fr\/wp-content\/uploads\/2024\/09\/2f4e651ee8e879a3a3a8eaa145498054.webp","type":"image\/webp"}],"author":"Ramzi Haddad","twitter_card":"summary_large_image","twitter_creator":"@webdo_tn","twitter_site":"@webdo_tn","twitter_misc":{"\u00c9crit par":"Ramzi Haddad","Dur\u00e9e de lecture estim\u00e9e":"1 minute"},"schema":{"@context":"https:\/\/schema.org","@graph":[{"@type":"NewsArticle","@id":"https:\/\/www.webdo.tn\/fr\/actualite\/national\/naufrage-a-djerba-le-parquet-ouvre-une-enquete-sur-un-drame-migratoire\/216708\/#article","isPartOf":{"@id":"https:\/\/www.webdo.tn\/fr\/actualite\/national\/naufrage-a-djerba-le-parquet-ouvre-une-enquete-sur-un-drame-migratoire\/216708\/"},"author":{"name":"Ramzi Haddad","@id":"https:\/\/www.webdo.tn\/fr\/#\/schema\/person\/5663044c25eb36d8f88ba5b653f12f8c"},"headline":"Naufrage \u00e0 Djerba : le parquet ouvre une enqu\u00eate sur un drame migratoire","datePublished":"2024-09-30T19:49:00+00:00","mainEntityOfPage":{"@id":"https:\/\/www.webdo.tn\/fr\/actualite\/national\/naufrage-a-djerba-le-parquet-ouvre-une-enquete-sur-un-drame-migratoire\/216708\/"},"wordCount":283,"commentCount":0,"publisher":{"@id":"https:\/\/www.webdo.tn\/fr\/#organization"},"image":{"@id":"https:\/\/www.webdo.tn\/fr\/actualite\/national\/naufrage-a-djerba-le-parquet-ouvre-une-enquete-sur-un-drame-migratoire\/216708\/#primaryimage"},"thumbnailUrl":"https:\/\/www.webdo.tn\/fr\/wp-content\/uploads\/2024\/09\/2f4e651ee8e879a3a3a8eaa145498054.webp","keywords":["'Drame migratoire Tunisie'","'M\u00e9denine enqu\u00eate judiciaire'","'Travers\u00e9e clandestine Djerba']","['Naufrage Djerba'"],"articleSection":["National"],"inLanguage":"fr-FR"},{"@type":"WebPage","@id":"https:\/\/www.webdo.tn\/fr\/actualite\/national\/naufrage-a-djerba-le-parquet-ouvre-une-enquete-sur-un-drame-migratoire\/216708\/","url":"https:\/\/www.webdo.tn\/fr\/actualite\/national\/naufrage-a-djerba-le-parquet-ouvre-une-enquete-sur-un-drame-migratoire\/216708\/","name":"Naufrage \u00e0 Djerba : le parquet ouvre une enqu\u00eate sur un drame migratoire","isPartOf":{"@id":"https:\/\/www.webdo.tn\/fr\/#website"},"primaryImageOfPage":{"@id":"https:\/\/www.webdo.tn\/fr\/actualite\/national\/naufrage-a-djerba-le-parquet-ouvre-une-enquete-sur-un-drame-migratoire\/216708\/#primaryimage"},"image":{"@id":"https:\/\/www.webdo.tn\/fr\/actualite\/national\/naufrage-a-djerba-le-parquet-ouvre-une-enquete-sur-un-drame-migratoire\/216708\/#primaryimage"},"thumbnailUrl":"https:\/\/www.webdo.tn\/fr\/wp-content\/uploads\/2024\/09\/2f4e651ee8e879a3a3a8eaa145498054.webp","datePublished":"2024-09-30T19:49:00+00:00","description":"Le parquet de M\u00e9denine ouvre une enqu\u00eate apr\u00e8s le naufrage d'une embarcation de migrants au large de Djerba, causant 15 morts, dont 3 nourrissons. D\u00e9couvrez les...","breadcrumb":{"@id":"https:\/\/www.webdo.tn\/fr\/actualite\/national\/naufrage-a-djerba-le-parquet-ouvre-une-enquete-sur-un-drame-migratoire\/216708\/#breadcrumb"},"inLanguage":"fr-FR","potentialAction":[{"@type":"ReadAction","target":["https:\/\/www.webdo.tn\/fr\/actualite\/national\/naufrage-a-djerba-le-parquet-ouvre-une-enquete-sur-un-drame-migratoire\/216708\/"]}]},{"@type":"ImageObject","inLanguage":"fr-FR","@id":"https:\/\/www.webdo.tn\/fr\/actualite\/national\/naufrage-a-djerba-le-parquet-ouvre-une-enquete-sur-un-drame-migratoire\/216708\/#primaryimage","url":"https:\/\/www.webdo.tn\/fr\/wp-content\/uploads\/2024\/09\/2f4e651ee8e879a3a3a8eaa145498054.webp","contentUrl":"https:\/\/www.webdo.tn\/fr\/wp-content\/uploads\/2024\/09\/2f4e651ee8e879a3a3a8eaa145498054.webp","width":661,"height":353,"caption":"Naufrage \u00e0 Djerba : le parquet ouvre une enqu\u00eate sur un drame migratoire"},{"@type":"BreadcrumbList","@id":"https:\/\/www.webdo.tn\/fr\/actualite\/national\/naufrage-a-djerba-le-parquet-ouvre-une-enquete-sur-un-drame-migratoire\/216708\/#breadcrumb","itemListElement":[{"@type":"ListItem","position":1,"name":"Accueil","item":"https:\/\/www.webdo.tn\/fr\/"},{"@type":"ListItem","position":2,"name":"Naufrage \u00e0 Djerba : le parquet ouvre une enqu\u00eate sur un drame migratoire"}]},{"@type":"WebSite","@id":"https:\/\/www.webdo.tn\/fr\/#website","url":"https:\/\/www.webdo.tn\/fr\/","name":"webdo","description":"Tunisie - News en Tunisie et \u00e0 l&#039;international sur Webdo.tn","publisher":{"@id":"https:\/\/www.webdo.tn\/fr\/#organization"},"potentialAction":[{"@type":"SearchAction","target":{"@type":"EntryPoint","urlTemplate":"https:\/\/www.webdo.tn\/fr\/?s={search_term_string}"},"query-input":{"@type":"PropertyValueSpecification","valueRequired":true,"valueName":"search_term_string"}}],"inLanguage":"fr-FR"},{"@type":"Organization","@id":"https:\/\/www.webdo.tn\/fr\/#organization","name":"Webdo","alternateName":"Webdo.tn","url":"https:\/\/www.webdo.tn\/fr\/","logo":{"@type":"ImageObject","inLanguage":"fr-FR","@id":"https:\/\/www.webdo.tn\/fr\/#\/schema\/logo\/image\/","url":"https:\/\/www.webdo.tn\/fr\/wp-content\/uploads\/2025\/06\/Webdo-Tunisie_168377.jpg","contentUrl":"https:\/\/www.webdo.tn\/fr\/wp-content\/uploads\/2025\/06\/Webdo-Tunisie_168377.jpg","width":301,"height":301,"caption":"Webdo"},"image":{"@id":"https:\/\/www.webdo.tn\/fr\/#\/schema\/logo\/image\/"},"sameAs":["https:\/\/www.facebook.com\/webdotn","https:\/\/x.com\/webdo_tn"],"description":"Webdo est un m\u00e9dia num\u00e9rique tunisien fond\u00e9 en 2010, sp\u00e9cialis\u00e9 dans l\u2019actualit\u00e9 nationale et internationale, l\u2019\u00e9conomie, la soci\u00e9t\u00e9 et les analyses politiques. Le site s\u2019adresse \u00e0 un large public francophone et couvre l\u2019information tunisienne en temps r\u00e9el.","email":"redac@webdo.tn","legalName":"YNJ SARL","foundingDate":"2010-09-06","numberOfEmployees":{"@type":"QuantitativeValue","minValue":"11","maxValue":"50"}},{"@type":"Person","@id":"https:\/\/www.webdo.tn\/fr\/#\/schema\/person\/5663044c25eb36d8f88ba5b653f12f8c","name":"Ramzi Haddad","image":{"@type":"ImageObject","inLanguage":"fr-FR","@id":"https:\/\/www.webdo.tn\/fr\/wp-content\/uploads\/2026\/04\/ramzi-haddad_avatar-96x96.jpg","url":"https:\/\/www.webdo.tn\/fr\/wp-content\/uploads\/2026\/04\/ramzi-haddad_avatar-96x96.jpg","contentUrl":"https:\/\/www.webdo.tn\/fr\/wp-content\/uploads\/2026\/04\/ramzi-haddad_avatar-96x96.jpg","caption":"Ramzi Haddad"},"description":"Signature \u00e9ditoriale de Walid Ben Youssef Ramzi Haddad est le pseudonyme \u00e9ditorial de Walid Ben Youssef, fondateur et g\u00e9rant de Webdo.tn. Cette signature est d\u00e9di\u00e9e \u00e0 la couverture de l'actualit\u00e9 nationale et internationale, ainsi qu'aux analyses des dynamiques num\u00e9riques. Ce profil b\u00e9n\u00e9ficie de l'expertise de Walid Ben Youssef, pionnier du web en Tunisie depuis 2000 et dipl\u00f4m\u00e9 en Math\u00e9matiques pures de l'Universit\u00e9 d'Oregon. \u00c0 travers cette signature, la r\u00e9daction de Webdo garantit une information structur\u00e9e et v\u00e9rifi\u00e9e, fid\u00e8le aux standards journalistiques du m\u00e9dia.","url":"https:\/\/www.webdo.tn\/fr\/actualite\/author\/ramzi-haddad\/"}]}},"_links":{"self":[{"href":"https:\/\/www.webdo.tn\/fr\/wp-json\/wp\/v2\/posts\/216708","targetHints":{"allow":["GET"]}}],"collection":[{"href":"https:\/\/www.webdo.tn\/fr\/wp-json\/wp\/v2\/posts"}],"about":[{"href":"https:\/\/www.webdo.tn\/fr\/wp-json\/wp\/v2\/types\/post"}],"author":[{"embeddable":true,"href":"https:\/\/www.webdo.tn\/fr\/wp-json\/wp\/v2\/users\/3203"}],"replies":[{"embeddable":true,"href":"https:\/\/www.webdo.tn\/fr\/wp-json\/wp\/v2\/comments?post=216708"}],"version-history":[{"count":0,"href":"https:\/\/www.webdo.tn\/fr\/wp-json\/wp\/v2\/posts\/216708\/revisions"}],"wp:featuredmedia":[{"embeddable":true,"href":"https:\/\/www.webdo.tn\/fr\/wp-json\/wp\/v2\/media\/291123"}],"wp:attachment":[{"href":"https:\/\/www.webdo.tn\/fr\/wp-json\/wp\/v2\/media?parent=216708"}],"wp:term":[{"taxonomy":"category","embeddable":true,"href":"https:\/\/www.webdo.tn\/fr\/wp-json\/wp\/v2\/categories?post=216708"},{"taxonomy":"post_tag","embeddable":true,"href":"https:\/\/www.webdo.tn\/fr\/wp-json\/wp\/v2\/tags?post=216708"}],"curies":[{"name":"wp","href":"https:\/\/api.w.org\/{rel}","templated":true}]}}