{"id":216689,"date":"2024-09-29T17:07:00","date_gmt":"2024-09-29T17:07:00","guid":{"rendered":"https:\/\/www.webdo.tn\/fr\/blog\/raids-israeliens-sur-des-ports-et-des-centrales-electriques-du-yemen\/216689\/"},"modified":"2025-05-20T21:48:20","modified_gmt":"2025-05-20T21:48:20","slug":"raids-israeliens-sur-des-ports-et-des-centrales-electriques-du-yemen","status":"publish","type":"post","link":"https:\/\/www.webdo.tn\/fr\/actualite\/international\/raids-israeliens-sur-des-ports-et-des-centrales-electriques-du-yemen\/216689\/","title":{"rendered":"Raids isra\u00e9liens sur des ports et des centrales \u00e9lectriques du Y\u00e9men"},"content":{"rendered":"<p>L&rsquo;arm\u00e9e isra\u00e9lienne a men\u00e9 des frappes aujourd\u2019hui contre des infrastructures \u00e0 Hodeida, r\u00e9gion sous contr\u00f4le des rebelles houthis dans l&rsquo;ouest du Y\u00e9men, selon la cha\u00eene Al-Arabiya.<\/p>\n<p>\t\t\t\t\t\t\t\t\tLes Houthis, alli\u00e9s de l&rsquo;Iran, du Hezbollah libanais et du Hamas palestinien, ont ouvert un front contre Isra\u00ebl en solidarit\u00e9 avec les Palestiniens de Gaza. Samedi, ils ont revendiqu\u00e9 le lancement d&rsquo;un missile vers l&rsquo;a\u00e9roport de Tel-Aviv.<\/p>\n<p>L&rsquo;arm\u00e9e isra\u00e9lienne a affirm\u00e9 que, \u00ab\u00a0dans le cadre d&rsquo;une op\u00e9ration a\u00e9rienne de grande envergure, des dizaines d&rsquo;appareils de l&rsquo;arm\u00e9e de l&rsquo;air (&#8230;) ont frapp\u00e9 des cibles \u00e0 usage militaire des Houthis dans les r\u00e9gions de Ras Issa et Hodeida\u00a0\u00bb.<\/p>\n<p>Selon un porte-parole de l&rsquo;arm\u00e9e isra\u00e9lienne, David Avraham, les cibles, y compris les centrales \u00e9lectriques et le port maritime, \u00e9taient utilis\u00e9es par les Houthis pour \u00ab\u00a0le transfert d&rsquo;armes iraniennes et de mat\u00e9riel militaire\u00a0\u00bb. La frappe visait \u00e0 r\u00e9pondre aux r\u00e9centes attaques des Houthis contre Isra\u00ebl.<\/p>\n<p>Les Houthis ont intensifi\u00e9 leurs attaques contre Isra\u00ebl depuis le d\u00e9but de l&rsquo;offensive isra\u00e9lienne sur la bande de Gaza, d\u00e9clench\u00e9e par l&rsquo;attaque du Hamas le 7 octobre 2023. En juillet dernier, ils avaient men\u00e9 une attaque de drone sur Tel-Aviv qui a caus\u00e9 la mort d&rsquo;un civil.<\/p>\n<p>En repr\u00e9sailles, Isra\u00ebl a frapp\u00e9 des infrastructures telles qu&rsquo;une centrale \u00e9lectrique et des d\u00e9p\u00f4ts de carburant dans le port de Hodeida.<\/p>\n","protected":false},"excerpt":{"rendered":"<p>L&rsquo;arm\u00e9e isra\u00e9lienne a affirm\u00e9 que,  dans le cadre d&rsquo;une op\u00e9ration a\u00e9rienne de grande envergure, des dizaines d&rsquo;appareils de l&rsquo;arm\u00e9e de l&rsquo;air (&#8230;) ont frapp\u00e9 de&#8230;<\/p>\n","protected":false},"author":3162,"featured_media":246437,"comment_status":"open","ping_status":"closed","sticky":false,"template":"","format":"standard","meta":{"footnotes":""},"categories":[2598],"tags":[5302,2638,2636,3920,5567,2637],"class_list":["post-216689","post","type-post","status-publish","format-standard","has-post-thumbnail","hentry","category-international","tag-hezbollah","tag-houthis","tag-israel","tag-liban","tag-raid-israelien","tag-yemen"],"yoast_head":"<!-- This site is optimized with the Yoast SEO Premium plugin v27.5 (Yoast SEO v27.5) - https:\/\/yoast.com\/product\/yoast-seo-premium-wordpress\/ -->\n<title>Raids isra\u00e9liens sur des ports et des centrales \u00e9lectriques du Y\u00e9men<\/title>\n<meta name=\"description\" content=\"L&#039;arm\u00e9e isra\u00e9lienne a affirm\u00e9 que, dans le cadre d&#039;une op\u00e9ration a\u00e9rienne de grande envergure, des dizaines d&#039;appareils de l&#039;arm\u00e9e de l&#039;air (...) ont frapp\u00e9 de...\" \/>\n<link rel=\"canonical\" href=\"https:\/\/www.webdo.tn\/fr\/actualite\/international\/raids-israeliens-sur-des-ports-et-des-centrales-electriques-du-yemen\/216689\/\" \/>\n<meta property=\"og:locale\" content=\"fr_FR\" \/>\n<meta property=\"og:type\" content=\"article\" \/>\n<meta property=\"og:title\" content=\"Raids isra\u00e9liens sur des ports et des centrales \u00e9lectriques du Y\u00e9men\" \/>\n<meta property=\"og:description\" content=\"L&#039;arm\u00e9e isra\u00e9lienne a affirm\u00e9 que, dans le cadre d&#039;une op\u00e9ration a\u00e9rienne de grande envergure, des dizaines d&#039;appareils de l&#039;arm\u00e9e de l&#039;air (...) ont frapp\u00e9 de...\" \/>\n<meta property=\"og:url\" content=\"https:\/\/www.webdo.tn\/fr\/actualite\/international\/raids-israeliens-sur-des-ports-et-des-centrales-electriques-du-yemen\/216689\/\" \/>\n<meta property=\"og:site_name\" content=\"webdo\" \/>\n<meta property=\"article:publisher\" content=\"https:\/\/www.facebook.com\/webdotn\" \/>\n<meta property=\"article:published_time\" content=\"2024-09-29T17:07:00+00:00\" \/>\n<meta property=\"article:modified_time\" content=\"2025-05-20T21:48:20+00:00\" \/>\n<meta property=\"og:image\" content=\"https:\/\/www.webdo.tn\/fr\/wp-content\/uploads\/2024\/09\/357bad8f18f22a8cdf44e50733556b81.webp\" \/>\n\t<meta property=\"og:image:width\" content=\"616\" \/>\n\t<meta property=\"og:image:height\" content=\"329\" \/>\n\t<meta property=\"og:image:type\" content=\"image\/webp\" \/>\n<meta name=\"author\" content=\"MC\" \/>\n<meta name=\"twitter:card\" content=\"summary_large_image\" \/>\n<meta name=\"twitter:creator\" content=\"@webdo_tn\" \/>\n<meta name=\"twitter:site\" content=\"@webdo_tn\" \/>\n<meta name=\"twitter:label1\" content=\"\u00c9crit par\" \/>\n\t<meta name=\"twitter:data1\" content=\"MC\" \/>\n\t<meta name=\"twitter:label2\" content=\"Dur\u00e9e de lecture estim\u00e9e\" \/>\n\t<meta name=\"twitter:data2\" content=\"1 minute\" \/>\n<script type=\"application\/ld+json\" class=\"yoast-schema-graph\">{\"@context\":\"https:\\\/\\\/schema.org\",\"@graph\":[{\"@type\":\"NewsArticle\",\"@id\":\"https:\\\/\\\/www.webdo.tn\\\/fr\\\/actualite\\\/international\\\/raids-israeliens-sur-des-ports-et-des-centrales-electriques-du-yemen\\\/216689\\\/#article\",\"isPartOf\":{\"@id\":\"https:\\\/\\\/www.webdo.tn\\\/fr\\\/actualite\\\/international\\\/raids-israeliens-sur-des-ports-et-des-centrales-electriques-du-yemen\\\/216689\\\/\"},\"author\":{\"name\":\"MC\",\"@id\":\"https:\\\/\\\/www.webdo.tn\\\/fr\\\/#\\\/schema\\\/person\\\/2c4929cbf5a809e3bd38617c6ce150f6\"},\"headline\":\"Raids isra\u00e9liens sur des ports et des centrales \u00e9lectriques du Y\u00e9men\",\"datePublished\":\"2024-09-29T17:07:00+00:00\",\"dateModified\":\"2025-05-20T21:48:20+00:00\",\"mainEntityOfPage\":{\"@id\":\"https:\\\/\\\/www.webdo.tn\\\/fr\\\/actualite\\\/international\\\/raids-israeliens-sur-des-ports-et-des-centrales-electriques-du-yemen\\\/216689\\\/\"},\"wordCount\":270,\"commentCount\":0,\"publisher\":{\"@id\":\"https:\\\/\\\/www.webdo.tn\\\/fr\\\/#organization\"},\"image\":{\"@id\":\"https:\\\/\\\/www.webdo.tn\\\/fr\\\/actualite\\\/international\\\/raids-israeliens-sur-des-ports-et-des-centrales-electriques-du-yemen\\\/216689\\\/#primaryimage\"},\"thumbnailUrl\":\"https:\\\/\\\/www.webdo.tn\\\/fr\\\/wp-content\\\/uploads\\\/2024\\\/09\\\/357bad8f18f22a8cdf44e50733556b81.webp\",\"keywords\":[\"Hezbollah\",\"houthis\",\"isra\u00ebl\",\"liban\",\"raid isra\u00e9lien\",\"y\u00e9men\"],\"articleSection\":[\"International\"],\"inLanguage\":\"fr-FR\"},{\"@type\":\"WebPage\",\"@id\":\"https:\\\/\\\/www.webdo.tn\\\/fr\\\/actualite\\\/international\\\/raids-israeliens-sur-des-ports-et-des-centrales-electriques-du-yemen\\\/216689\\\/\",\"url\":\"https:\\\/\\\/www.webdo.tn\\\/fr\\\/actualite\\\/international\\\/raids-israeliens-sur-des-ports-et-des-centrales-electriques-du-yemen\\\/216689\\\/\",\"name\":\"Raids isra\u00e9liens sur des ports et des centrales \u00e9lectriques du Y\u00e9men\",\"isPartOf\":{\"@id\":\"https:\\\/\\\/www.webdo.tn\\\/fr\\\/#website\"},\"primaryImageOfPage\":{\"@id\":\"https:\\\/\\\/www.webdo.tn\\\/fr\\\/actualite\\\/international\\\/raids-israeliens-sur-des-ports-et-des-centrales-electriques-du-yemen\\\/216689\\\/#primaryimage\"},\"image\":{\"@id\":\"https:\\\/\\\/www.webdo.tn\\\/fr\\\/actualite\\\/international\\\/raids-israeliens-sur-des-ports-et-des-centrales-electriques-du-yemen\\\/216689\\\/#primaryimage\"},\"thumbnailUrl\":\"https:\\\/\\\/www.webdo.tn\\\/fr\\\/wp-content\\\/uploads\\\/2024\\\/09\\\/357bad8f18f22a8cdf44e50733556b81.webp\",\"datePublished\":\"2024-09-29T17:07:00+00:00\",\"dateModified\":\"2025-05-20T21:48:20+00:00\",\"description\":\"L'arm\u00e9e isra\u00e9lienne a affirm\u00e9 que, dans le cadre d'une op\u00e9ration a\u00e9rienne de grande envergure, des dizaines d'appareils de l'arm\u00e9e de l'air (...) ont frapp\u00e9 de...\",\"breadcrumb\":{\"@id\":\"https:\\\/\\\/www.webdo.tn\\\/fr\\\/actualite\\\/international\\\/raids-israeliens-sur-des-ports-et-des-centrales-electriques-du-yemen\\\/216689\\\/#breadcrumb\"},\"inLanguage\":\"fr-FR\",\"potentialAction\":[{\"@type\":\"ReadAction\",\"target\":[\"https:\\\/\\\/www.webdo.tn\\\/fr\\\/actualite\\\/international\\\/raids-israeliens-sur-des-ports-et-des-centrales-electriques-du-yemen\\\/216689\\\/\"]}]},{\"@type\":\"ImageObject\",\"inLanguage\":\"fr-FR\",\"@id\":\"https:\\\/\\\/www.webdo.tn\\\/fr\\\/actualite\\\/international\\\/raids-israeliens-sur-des-ports-et-des-centrales-electriques-du-yemen\\\/216689\\\/#primaryimage\",\"url\":\"https:\\\/\\\/www.webdo.tn\\\/fr\\\/wp-content\\\/uploads\\\/2024\\\/09\\\/357bad8f18f22a8cdf44e50733556b81.webp\",\"contentUrl\":\"https:\\\/\\\/www.webdo.tn\\\/fr\\\/wp-content\\\/uploads\\\/2024\\\/09\\\/357bad8f18f22a8cdf44e50733556b81.webp\",\"width\":616,\"height\":329,\"caption\":\"Raids isra\u00e9liens sur des ports et des centrales \u00e9lectriques du Y\u00e9men\"},{\"@type\":\"BreadcrumbList\",\"@id\":\"https:\\\/\\\/www.webdo.tn\\\/fr\\\/actualite\\\/international\\\/raids-israeliens-sur-des-ports-et-des-centrales-electriques-du-yemen\\\/216689\\\/#breadcrumb\",\"itemListElement\":[{\"@type\":\"ListItem\",\"position\":1,\"name\":\"Accueil\",\"item\":\"https:\\\/\\\/www.webdo.tn\\\/fr\\\/\"},{\"@type\":\"ListItem\",\"position\":2,\"name\":\"Raids isra\u00e9liens sur des ports et des centrales \u00e9lectriques du Y\u00e9men\"}]},{\"@type\":\"WebSite\",\"@id\":\"https:\\\/\\\/www.webdo.tn\\\/fr\\\/#website\",\"url\":\"https:\\\/\\\/www.webdo.tn\\\/fr\\\/\",\"name\":\"webdo\",\"description\":\"Tunisie - News en Tunisie et \u00e0 l&#039;international sur Webdo.tn\",\"publisher\":{\"@id\":\"https:\\\/\\\/www.webdo.tn\\\/fr\\\/#organization\"},\"potentialAction\":[{\"@type\":\"SearchAction\",\"target\":{\"@type\":\"EntryPoint\",\"urlTemplate\":\"https:\\\/\\\/www.webdo.tn\\\/fr\\\/?s={search_term_string}\"},\"query-input\":{\"@type\":\"PropertyValueSpecification\",\"valueRequired\":true,\"valueName\":\"search_term_string\"}}],\"inLanguage\":\"fr-FR\"},{\"@type\":\"Organization\",\"@id\":\"https:\\\/\\\/www.webdo.tn\\\/fr\\\/#organization\",\"name\":\"Webdo\",\"alternateName\":\"Webdo.tn\",\"url\":\"https:\\\/\\\/www.webdo.tn\\\/fr\\\/\",\"logo\":{\"@type\":\"ImageObject\",\"inLanguage\":\"fr-FR\",\"@id\":\"https:\\\/\\\/www.webdo.tn\\\/fr\\\/#\\\/schema\\\/logo\\\/image\\\/\",\"url\":\"https:\\\/\\\/www.webdo.tn\\\/fr\\\/wp-content\\\/uploads\\\/2025\\\/06\\\/Webdo-Tunisie_168377.jpg\",\"contentUrl\":\"https:\\\/\\\/www.webdo.tn\\\/fr\\\/wp-content\\\/uploads\\\/2025\\\/06\\\/Webdo-Tunisie_168377.jpg\",\"width\":301,\"height\":301,\"caption\":\"Webdo\"},\"image\":{\"@id\":\"https:\\\/\\\/www.webdo.tn\\\/fr\\\/#\\\/schema\\\/logo\\\/image\\\/\"},\"sameAs\":[\"https:\\\/\\\/www.facebook.com\\\/webdotn\",\"https:\\\/\\\/x.com\\\/webdo_tn\"],\"description\":\"Webdo est un m\u00e9dia num\u00e9rique tunisien fond\u00e9 en 2010, sp\u00e9cialis\u00e9 dans l\u2019actualit\u00e9 nationale et internationale, l\u2019\u00e9conomie, la soci\u00e9t\u00e9 et les analyses politiques. Le site s\u2019adresse \u00e0 un large public francophone et couvre l\u2019information tunisienne en temps r\u00e9el.\",\"email\":\"redac@webdo.tn\",\"legalName\":\"YNJ SARL\",\"foundingDate\":\"2010-09-06\",\"numberOfEmployees\":{\"@type\":\"QuantitativeValue\",\"minValue\":\"11\",\"maxValue\":\"50\"}},{\"@type\":\"Person\",\"@id\":\"https:\\\/\\\/www.webdo.tn\\\/fr\\\/#\\\/schema\\\/person\\\/2c4929cbf5a809e3bd38617c6ce150f6\",\"name\":\"MC\",\"image\":{\"@type\":\"ImageObject\",\"inLanguage\":\"fr-FR\",\"@id\":\"https:\\\/\\\/secure.gravatar.com\\\/avatar\\\/a545bbb6f84efdd5553dbbc2895e3ca8f1d12c5215e00a041c9670b54aa9b18a?s=96&d=mm&r=g\",\"url\":\"https:\\\/\\\/secure.gravatar.com\\\/avatar\\\/a545bbb6f84efdd5553dbbc2895e3ca8f1d12c5215e00a041c9670b54aa9b18a?s=96&d=mm&r=g\",\"contentUrl\":\"https:\\\/\\\/secure.gravatar.com\\\/avatar\\\/a545bbb6f84efdd5553dbbc2895e3ca8f1d12c5215e00a041c9670b54aa9b18a?s=96&d=mm&r=g\",\"caption\":\"MC\"},\"url\":\"https:\\\/\\\/www.webdo.tn\\\/fr\\\/actualite\\\/author\\\/mc\\\/\"}]}<\/script>\n<!-- \/ Yoast SEO Premium plugin. -->","yoast_head_json":{"title":"Raids isra\u00e9liens sur des ports et des centrales \u00e9lectriques du Y\u00e9men","description":"L'arm\u00e9e isra\u00e9lienne a affirm\u00e9 que, dans le cadre d'une op\u00e9ration a\u00e9rienne de grande envergure, des dizaines d'appareils de l'arm\u00e9e de l'air (...) ont frapp\u00e9 de...","canonical":"https:\/\/www.webdo.tn\/fr\/actualite\/international\/raids-israeliens-sur-des-ports-et-des-centrales-electriques-du-yemen\/216689\/","og_locale":"fr_FR","og_type":"article","og_title":"Raids isra\u00e9liens sur des ports et des centrales \u00e9lectriques du Y\u00e9men","og_description":"L'arm\u00e9e isra\u00e9lienne a affirm\u00e9 que, dans le cadre d'une op\u00e9ration a\u00e9rienne de grande envergure, des dizaines d'appareils de l'arm\u00e9e de l'air (...) ont frapp\u00e9 de...","og_url":"https:\/\/www.webdo.tn\/fr\/actualite\/international\/raids-israeliens-sur-des-ports-et-des-centrales-electriques-du-yemen\/216689\/","og_site_name":"webdo","article_publisher":"https:\/\/www.facebook.com\/webdotn","article_published_time":"2024-09-29T17:07:00+00:00","article_modified_time":"2025-05-20T21:48:20+00:00","og_image":[{"width":616,"height":329,"url":"https:\/\/www.webdo.tn\/fr\/wp-content\/uploads\/2024\/09\/357bad8f18f22a8cdf44e50733556b81.webp","type":"image\/webp"}],"author":"MC","twitter_card":"summary_large_image","twitter_creator":"@webdo_tn","twitter_site":"@webdo_tn","twitter_misc":{"\u00c9crit par":"MC","Dur\u00e9e de lecture estim\u00e9e":"1 minute"},"schema":{"@context":"https:\/\/schema.org","@graph":[{"@type":"NewsArticle","@id":"https:\/\/www.webdo.tn\/fr\/actualite\/international\/raids-israeliens-sur-des-ports-et-des-centrales-electriques-du-yemen\/216689\/#article","isPartOf":{"@id":"https:\/\/www.webdo.tn\/fr\/actualite\/international\/raids-israeliens-sur-des-ports-et-des-centrales-electriques-du-yemen\/216689\/"},"author":{"name":"MC","@id":"https:\/\/www.webdo.tn\/fr\/#\/schema\/person\/2c4929cbf5a809e3bd38617c6ce150f6"},"headline":"Raids isra\u00e9liens sur des ports et des centrales \u00e9lectriques du Y\u00e9men","datePublished":"2024-09-29T17:07:00+00:00","dateModified":"2025-05-20T21:48:20+00:00","mainEntityOfPage":{"@id":"https:\/\/www.webdo.tn\/fr\/actualite\/international\/raids-israeliens-sur-des-ports-et-des-centrales-electriques-du-yemen\/216689\/"},"wordCount":270,"commentCount":0,"publisher":{"@id":"https:\/\/www.webdo.tn\/fr\/#organization"},"image":{"@id":"https:\/\/www.webdo.tn\/fr\/actualite\/international\/raids-israeliens-sur-des-ports-et-des-centrales-electriques-du-yemen\/216689\/#primaryimage"},"thumbnailUrl":"https:\/\/www.webdo.tn\/fr\/wp-content\/uploads\/2024\/09\/357bad8f18f22a8cdf44e50733556b81.webp","keywords":["Hezbollah","houthis","isra\u00ebl","liban","raid isra\u00e9lien","y\u00e9men"],"articleSection":["International"],"inLanguage":"fr-FR"},{"@type":"WebPage","@id":"https:\/\/www.webdo.tn\/fr\/actualite\/international\/raids-israeliens-sur-des-ports-et-des-centrales-electriques-du-yemen\/216689\/","url":"https:\/\/www.webdo.tn\/fr\/actualite\/international\/raids-israeliens-sur-des-ports-et-des-centrales-electriques-du-yemen\/216689\/","name":"Raids isra\u00e9liens sur des ports et des centrales \u00e9lectriques du Y\u00e9men","isPartOf":{"@id":"https:\/\/www.webdo.tn\/fr\/#website"},"primaryImageOfPage":{"@id":"https:\/\/www.webdo.tn\/fr\/actualite\/international\/raids-israeliens-sur-des-ports-et-des-centrales-electriques-du-yemen\/216689\/#primaryimage"},"image":{"@id":"https:\/\/www.webdo.tn\/fr\/actualite\/international\/raids-israeliens-sur-des-ports-et-des-centrales-electriques-du-yemen\/216689\/#primaryimage"},"thumbnailUrl":"https:\/\/www.webdo.tn\/fr\/wp-content\/uploads\/2024\/09\/357bad8f18f22a8cdf44e50733556b81.webp","datePublished":"2024-09-29T17:07:00+00:00","dateModified":"2025-05-20T21:48:20+00:00","description":"L'arm\u00e9e isra\u00e9lienne a affirm\u00e9 que, dans le cadre d'une op\u00e9ration a\u00e9rienne de grande envergure, des dizaines d'appareils de l'arm\u00e9e de l'air (...) ont frapp\u00e9 de...","breadcrumb":{"@id":"https:\/\/www.webdo.tn\/fr\/actualite\/international\/raids-israeliens-sur-des-ports-et-des-centrales-electriques-du-yemen\/216689\/#breadcrumb"},"inLanguage":"fr-FR","potentialAction":[{"@type":"ReadAction","target":["https:\/\/www.webdo.tn\/fr\/actualite\/international\/raids-israeliens-sur-des-ports-et-des-centrales-electriques-du-yemen\/216689\/"]}]},{"@type":"ImageObject","inLanguage":"fr-FR","@id":"https:\/\/www.webdo.tn\/fr\/actualite\/international\/raids-israeliens-sur-des-ports-et-des-centrales-electriques-du-yemen\/216689\/#primaryimage","url":"https:\/\/www.webdo.tn\/fr\/wp-content\/uploads\/2024\/09\/357bad8f18f22a8cdf44e50733556b81.webp","contentUrl":"https:\/\/www.webdo.tn\/fr\/wp-content\/uploads\/2024\/09\/357bad8f18f22a8cdf44e50733556b81.webp","width":616,"height":329,"caption":"Raids isra\u00e9liens sur des ports et des centrales \u00e9lectriques du Y\u00e9men"},{"@type":"BreadcrumbList","@id":"https:\/\/www.webdo.tn\/fr\/actualite\/international\/raids-israeliens-sur-des-ports-et-des-centrales-electriques-du-yemen\/216689\/#breadcrumb","itemListElement":[{"@type":"ListItem","position":1,"name":"Accueil","item":"https:\/\/www.webdo.tn\/fr\/"},{"@type":"ListItem","position":2,"name":"Raids isra\u00e9liens sur des ports et des centrales \u00e9lectriques du Y\u00e9men"}]},{"@type":"WebSite","@id":"https:\/\/www.webdo.tn\/fr\/#website","url":"https:\/\/www.webdo.tn\/fr\/","name":"webdo","description":"Tunisie - News en Tunisie et \u00e0 l&#039;international sur Webdo.tn","publisher":{"@id":"https:\/\/www.webdo.tn\/fr\/#organization"},"potentialAction":[{"@type":"SearchAction","target":{"@type":"EntryPoint","urlTemplate":"https:\/\/www.webdo.tn\/fr\/?s={search_term_string}"},"query-input":{"@type":"PropertyValueSpecification","valueRequired":true,"valueName":"search_term_string"}}],"inLanguage":"fr-FR"},{"@type":"Organization","@id":"https:\/\/www.webdo.tn\/fr\/#organization","name":"Webdo","alternateName":"Webdo.tn","url":"https:\/\/www.webdo.tn\/fr\/","logo":{"@type":"ImageObject","inLanguage":"fr-FR","@id":"https:\/\/www.webdo.tn\/fr\/#\/schema\/logo\/image\/","url":"https:\/\/www.webdo.tn\/fr\/wp-content\/uploads\/2025\/06\/Webdo-Tunisie_168377.jpg","contentUrl":"https:\/\/www.webdo.tn\/fr\/wp-content\/uploads\/2025\/06\/Webdo-Tunisie_168377.jpg","width":301,"height":301,"caption":"Webdo"},"image":{"@id":"https:\/\/www.webdo.tn\/fr\/#\/schema\/logo\/image\/"},"sameAs":["https:\/\/www.facebook.com\/webdotn","https:\/\/x.com\/webdo_tn"],"description":"Webdo est un m\u00e9dia num\u00e9rique tunisien fond\u00e9 en 2010, sp\u00e9cialis\u00e9 dans l\u2019actualit\u00e9 nationale et internationale, l\u2019\u00e9conomie, la soci\u00e9t\u00e9 et les analyses politiques. Le site s\u2019adresse \u00e0 un large public francophone et couvre l\u2019information tunisienne en temps r\u00e9el.","email":"redac@webdo.tn","legalName":"YNJ SARL","foundingDate":"2010-09-06","numberOfEmployees":{"@type":"QuantitativeValue","minValue":"11","maxValue":"50"}},{"@type":"Person","@id":"https:\/\/www.webdo.tn\/fr\/#\/schema\/person\/2c4929cbf5a809e3bd38617c6ce150f6","name":"MC","image":{"@type":"ImageObject","inLanguage":"fr-FR","@id":"https:\/\/secure.gravatar.com\/avatar\/a545bbb6f84efdd5553dbbc2895e3ca8f1d12c5215e00a041c9670b54aa9b18a?s=96&d=mm&r=g","url":"https:\/\/secure.gravatar.com\/avatar\/a545bbb6f84efdd5553dbbc2895e3ca8f1d12c5215e00a041c9670b54aa9b18a?s=96&d=mm&r=g","contentUrl":"https:\/\/secure.gravatar.com\/avatar\/a545bbb6f84efdd5553dbbc2895e3ca8f1d12c5215e00a041c9670b54aa9b18a?s=96&d=mm&r=g","caption":"MC"},"url":"https:\/\/www.webdo.tn\/fr\/actualite\/author\/mc\/"}]}},"_links":{"self":[{"href":"https:\/\/www.webdo.tn\/fr\/wp-json\/wp\/v2\/posts\/216689","targetHints":{"allow":["GET"]}}],"collection":[{"href":"https:\/\/www.webdo.tn\/fr\/wp-json\/wp\/v2\/posts"}],"about":[{"href":"https:\/\/www.webdo.tn\/fr\/wp-json\/wp\/v2\/types\/post"}],"author":[{"embeddable":true,"href":"https:\/\/www.webdo.tn\/fr\/wp-json\/wp\/v2\/users\/3162"}],"replies":[{"embeddable":true,"href":"https:\/\/www.webdo.tn\/fr\/wp-json\/wp\/v2\/comments?post=216689"}],"version-history":[{"count":0,"href":"https:\/\/www.webdo.tn\/fr\/wp-json\/wp\/v2\/posts\/216689\/revisions"}],"wp:featuredmedia":[{"embeddable":true,"href":"https:\/\/www.webdo.tn\/fr\/wp-json\/wp\/v2\/media\/246437"}],"wp:attachment":[{"href":"https:\/\/www.webdo.tn\/fr\/wp-json\/wp\/v2\/media?parent=216689"}],"wp:term":[{"taxonomy":"category","embeddable":true,"href":"https:\/\/www.webdo.tn\/fr\/wp-json\/wp\/v2\/categories?post=216689"},{"taxonomy":"post_tag","embeddable":true,"href":"https:\/\/www.webdo.tn\/fr\/wp-json\/wp\/v2\/tags?post=216689"}],"curies":[{"name":"wp","href":"https:\/\/api.w.org\/{rel}","templated":true}]}}