{"id":216683,"date":"2024-09-29T11:08:00","date_gmt":"2024-09-29T11:08:00","guid":{"rendered":"https:\/\/www.webdo.tn\/fr\/blog\/tunisie-plf-2025-conseil-des-ministres-axe-sur-les-equilibres-financiers\/216683\/"},"modified":"2025-05-14T09:21:00","modified_gmt":"2025-05-14T09:21:00","slug":"tunisie-plf-2025-conseil-des-ministres-axe-sur-les-equilibres-financiers","status":"publish","type":"post","link":"https:\/\/www.webdo.tn\/fr\/actualite\/national\/tunisie-plf-2025-conseil-des-ministres-axe-sur-les-equilibres-financiers\/216683\/","title":{"rendered":"Tunisie &#8211; PLF 2025 : Conseil des ministres ax\u00e9 sur les \u00e9quilibres financiers"},"content":{"rendered":"<p>Le chef du gouvernement, Kamel Maddouri, a pr\u00e9sid\u00e9 vendredi 27 septembre 2024 un Conseil des ministres d\u00e9di\u00e9 aux \u00e9quilibres financiers du projet de loi de finances (PLF) pour l&rsquo;ann\u00e9e 2025. Cette r\u00e9union s&rsquo;est tenue au Palais du Gouvernement \u00e0 la Kasbah.<\/p>\n<p>\t\t\t\t\t\t\t\t\tKamel Maddouri a soulign\u00e9 l&rsquo;importance capitale de ce projet de loi, le pr\u00e9sentant comme l&rsquo;incarnation de la vision et des choix strat\u00e9giques de l&rsquo;\u00c9tat tunisien. L&rsquo;objectif principal est double : consolider la reprise \u00e9conomique et stimuler l&rsquo;investissement, tout en renfor\u00e7ant les fondements de l&rsquo;\u00c9tat social.<\/p>\n<p>Le chef du gouvernement a insist\u00e9 sur la n\u00e9cessit\u00e9 d&rsquo;une \u00e9valuation rigoureuse des r\u00e9alisations ant\u00e9rieures et d&rsquo;une anticipation judicieuse des d\u00e9veloppements futurs. Le PLF 2025 vise \u00e0 contrer les impacts \u00e9conomiques, sociaux et climatiques, tout en am\u00e9liorant la durabilit\u00e9 des finances publiques.<\/p>\n<p>Des mesures sont pr\u00e9vues pour renforcer la justice fiscale, ma\u00eetriser l&rsquo;inflation et am\u00e9liorer le pouvoir d&rsquo;achat des citoyens. La ministre des Finances a pr\u00e9sent\u00e9 les principales orientations, incluant l&rsquo;\u00e9limination de l&#8217;emploi pr\u00e9caire, l&rsquo;augmentation des transferts sociaux et le maintien du syst\u00e8me de subventions.<\/p>\n<p>Le gouvernement s&rsquo;engage \u00e0 poursuivre les r\u00e9formes \u00e9conomiques tout en contr\u00f4lant le d\u00e9ficit budg\u00e9taire et la dette publique. L&rsquo;accent est mis sur le respect des engagements financiers de la Tunisie, tant au niveau national qu&rsquo;international, ainsi que sur la poursuite des investissements dans les infrastructures et les services publics, r\u00e9pondant ainsi aux attentes du peuple tunisien.<\/p>\n","protected":false},"excerpt":{"rendered":"<p>Le chef du gouvernement, Kamel Maddouri, a dirig\u00e9 un Conseil des ministres pour examiner les \u00e9quilibres financiers du projet de loi de finances 2025, soulignant&#8230;<\/p>\n","protected":false},"author":4779,"featured_media":246432,"comment_status":"open","ping_status":"closed","sticky":false,"template":"","format":"standard","meta":{"footnotes":""},"categories":[44],"tags":[5449,5559,4757,2608],"class_list":["post-216683","post","type-post","status-publish","format-standard","has-post-thumbnail","hentry","category-national","tag-conseil-des-ministres","tag-kamel-madouri","tag-loi-de-finances-2025","tag-tunisie"],"yoast_head":"<!-- This site is optimized with the Yoast SEO Premium plugin v27.5 (Yoast SEO v27.5) - https:\/\/yoast.com\/product\/yoast-seo-premium-wordpress\/ -->\n<title>Tunisie - PLF 2025 : Conseil des ministres ax\u00e9 sur les \u00e9quilibres financiers<\/title>\n<meta name=\"description\" content=\"Le chef du gouvernement, Kamel Maddouri, a dirig\u00e9 un Conseil des ministres pour examiner les \u00e9quilibres financiers du projet de loi de finances 2025, soulignant...\" \/>\n<link rel=\"canonical\" href=\"https:\/\/www.webdo.tn\/fr\/actualite\/national\/tunisie-plf-2025-conseil-des-ministres-axe-sur-les-equilibres-financiers\/216683\/\" \/>\n<meta property=\"og:locale\" content=\"fr_FR\" \/>\n<meta property=\"og:type\" content=\"article\" \/>\n<meta property=\"og:title\" content=\"Tunisie - PLF 2025 : Conseil des ministres ax\u00e9 sur les \u00e9quilibres financiers\" \/>\n<meta property=\"og:description\" content=\"Le chef du gouvernement, Kamel Maddouri, a dirig\u00e9 un Conseil des ministres pour examiner les \u00e9quilibres financiers du projet de loi de finances 2025, soulignant...\" \/>\n<meta property=\"og:url\" content=\"https:\/\/www.webdo.tn\/fr\/actualite\/national\/tunisie-plf-2025-conseil-des-ministres-axe-sur-les-equilibres-financiers\/216683\/\" \/>\n<meta property=\"og:site_name\" content=\"webdo\" \/>\n<meta property=\"article:publisher\" content=\"https:\/\/www.facebook.com\/webdotn\" \/>\n<meta property=\"article:published_time\" content=\"2024-09-29T11:08:00+00:00\" \/>\n<meta property=\"article:modified_time\" content=\"2025-05-14T09:21:00+00:00\" \/>\n<meta property=\"og:image\" content=\"https:\/\/www.webdo.tn\/fr\/wp-content\/uploads\/2024\/09\/3102dbeda61f062fe1d8375c1c16b943.webp\" \/>\n\t<meta property=\"og:image:width\" content=\"750\" \/>\n\t<meta property=\"og:image:height\" content=\"400\" \/>\n\t<meta property=\"og:image:type\" content=\"image\/webp\" \/>\n<meta name=\"author\" content=\"Firas Ben Abdeltif\" \/>\n<meta name=\"twitter:card\" content=\"summary_large_image\" \/>\n<meta name=\"twitter:creator\" content=\"@webdo_tn\" \/>\n<meta name=\"twitter:site\" content=\"@webdo_tn\" \/>\n<meta name=\"twitter:label1\" content=\"\u00c9crit par\" \/>\n\t<meta name=\"twitter:data1\" content=\"Firas Ben Abdeltif\" \/>\n\t<meta name=\"twitter:label2\" content=\"Dur\u00e9e de lecture estim\u00e9e\" \/>\n\t<meta name=\"twitter:data2\" content=\"1 minute\" \/>\n<script type=\"application\/ld+json\" class=\"yoast-schema-graph\">{\"@context\":\"https:\\\/\\\/schema.org\",\"@graph\":[{\"@type\":\"NewsArticle\",\"@id\":\"https:\\\/\\\/www.webdo.tn\\\/fr\\\/actualite\\\/national\\\/tunisie-plf-2025-conseil-des-ministres-axe-sur-les-equilibres-financiers\\\/216683\\\/#article\",\"isPartOf\":{\"@id\":\"https:\\\/\\\/www.webdo.tn\\\/fr\\\/actualite\\\/national\\\/tunisie-plf-2025-conseil-des-ministres-axe-sur-les-equilibres-financiers\\\/216683\\\/\"},\"author\":{\"name\":\"Firas Ben Abdeltif\",\"@id\":\"https:\\\/\\\/www.webdo.tn\\\/fr\\\/#\\\/schema\\\/person\\\/19664196c9bfdcda126f3c27709f7d11\"},\"headline\":\"Tunisie &#8211; PLF 2025 : Conseil des ministres ax\u00e9 sur les \u00e9quilibres financiers\",\"datePublished\":\"2024-09-29T11:08:00+00:00\",\"dateModified\":\"2025-05-14T09:21:00+00:00\",\"mainEntityOfPage\":{\"@id\":\"https:\\\/\\\/www.webdo.tn\\\/fr\\\/actualite\\\/national\\\/tunisie-plf-2025-conseil-des-ministres-axe-sur-les-equilibres-financiers\\\/216683\\\/\"},\"wordCount\":271,\"commentCount\":0,\"publisher\":{\"@id\":\"https:\\\/\\\/www.webdo.tn\\\/fr\\\/#organization\"},\"image\":{\"@id\":\"https:\\\/\\\/www.webdo.tn\\\/fr\\\/actualite\\\/national\\\/tunisie-plf-2025-conseil-des-ministres-axe-sur-les-equilibres-financiers\\\/216683\\\/#primaryimage\"},\"thumbnailUrl\":\"https:\\\/\\\/www.webdo.tn\\\/fr\\\/wp-content\\\/uploads\\\/2024\\\/09\\\/3102dbeda61f062fe1d8375c1c16b943.webp\",\"keywords\":[\"Conseil des ministres\",\"Kamel Madouri\",\"loi de finances 2025\",\"Tunisie\"],\"articleSection\":[\"National\"],\"inLanguage\":\"fr-FR\"},{\"@type\":\"WebPage\",\"@id\":\"https:\\\/\\\/www.webdo.tn\\\/fr\\\/actualite\\\/national\\\/tunisie-plf-2025-conseil-des-ministres-axe-sur-les-equilibres-financiers\\\/216683\\\/\",\"url\":\"https:\\\/\\\/www.webdo.tn\\\/fr\\\/actualite\\\/national\\\/tunisie-plf-2025-conseil-des-ministres-axe-sur-les-equilibres-financiers\\\/216683\\\/\",\"name\":\"Tunisie - PLF 2025 : Conseil des ministres ax\u00e9 sur les \u00e9quilibres financiers\",\"isPartOf\":{\"@id\":\"https:\\\/\\\/www.webdo.tn\\\/fr\\\/#website\"},\"primaryImageOfPage\":{\"@id\":\"https:\\\/\\\/www.webdo.tn\\\/fr\\\/actualite\\\/national\\\/tunisie-plf-2025-conseil-des-ministres-axe-sur-les-equilibres-financiers\\\/216683\\\/#primaryimage\"},\"image\":{\"@id\":\"https:\\\/\\\/www.webdo.tn\\\/fr\\\/actualite\\\/national\\\/tunisie-plf-2025-conseil-des-ministres-axe-sur-les-equilibres-financiers\\\/216683\\\/#primaryimage\"},\"thumbnailUrl\":\"https:\\\/\\\/www.webdo.tn\\\/fr\\\/wp-content\\\/uploads\\\/2024\\\/09\\\/3102dbeda61f062fe1d8375c1c16b943.webp\",\"datePublished\":\"2024-09-29T11:08:00+00:00\",\"dateModified\":\"2025-05-14T09:21:00+00:00\",\"description\":\"Le chef du gouvernement, Kamel Maddouri, a dirig\u00e9 un Conseil des ministres pour examiner les \u00e9quilibres financiers du projet de loi de finances 2025, soulignant...\",\"breadcrumb\":{\"@id\":\"https:\\\/\\\/www.webdo.tn\\\/fr\\\/actualite\\\/national\\\/tunisie-plf-2025-conseil-des-ministres-axe-sur-les-equilibres-financiers\\\/216683\\\/#breadcrumb\"},\"inLanguage\":\"fr-FR\",\"potentialAction\":[{\"@type\":\"ReadAction\",\"target\":[\"https:\\\/\\\/www.webdo.tn\\\/fr\\\/actualite\\\/national\\\/tunisie-plf-2025-conseil-des-ministres-axe-sur-les-equilibres-financiers\\\/216683\\\/\"]}]},{\"@type\":\"ImageObject\",\"inLanguage\":\"fr-FR\",\"@id\":\"https:\\\/\\\/www.webdo.tn\\\/fr\\\/actualite\\\/national\\\/tunisie-plf-2025-conseil-des-ministres-axe-sur-les-equilibres-financiers\\\/216683\\\/#primaryimage\",\"url\":\"https:\\\/\\\/www.webdo.tn\\\/fr\\\/wp-content\\\/uploads\\\/2024\\\/09\\\/3102dbeda61f062fe1d8375c1c16b943.webp\",\"contentUrl\":\"https:\\\/\\\/www.webdo.tn\\\/fr\\\/wp-content\\\/uploads\\\/2024\\\/09\\\/3102dbeda61f062fe1d8375c1c16b943.webp\",\"width\":750,\"height\":400,\"caption\":\"Tunisie - PLF 2025 : Conseil des ministres ax\u00e9 sur les \u00e9quilibres financiers\"},{\"@type\":\"BreadcrumbList\",\"@id\":\"https:\\\/\\\/www.webdo.tn\\\/fr\\\/actualite\\\/national\\\/tunisie-plf-2025-conseil-des-ministres-axe-sur-les-equilibres-financiers\\\/216683\\\/#breadcrumb\",\"itemListElement\":[{\"@type\":\"ListItem\",\"position\":1,\"name\":\"Accueil\",\"item\":\"https:\\\/\\\/www.webdo.tn\\\/fr\\\/\"},{\"@type\":\"ListItem\",\"position\":2,\"name\":\"Tunisie &#8211; PLF 2025 : Conseil des ministres ax\u00e9 sur les \u00e9quilibres financiers\"}]},{\"@type\":\"WebSite\",\"@id\":\"https:\\\/\\\/www.webdo.tn\\\/fr\\\/#website\",\"url\":\"https:\\\/\\\/www.webdo.tn\\\/fr\\\/\",\"name\":\"webdo\",\"description\":\"Tunisie - News en Tunisie et \u00e0 l&#039;international sur Webdo.tn\",\"publisher\":{\"@id\":\"https:\\\/\\\/www.webdo.tn\\\/fr\\\/#organization\"},\"potentialAction\":[{\"@type\":\"SearchAction\",\"target\":{\"@type\":\"EntryPoint\",\"urlTemplate\":\"https:\\\/\\\/www.webdo.tn\\\/fr\\\/?s={search_term_string}\"},\"query-input\":{\"@type\":\"PropertyValueSpecification\",\"valueRequired\":true,\"valueName\":\"search_term_string\"}}],\"inLanguage\":\"fr-FR\"},{\"@type\":\"Organization\",\"@id\":\"https:\\\/\\\/www.webdo.tn\\\/fr\\\/#organization\",\"name\":\"Webdo\",\"alternateName\":\"Webdo.tn\",\"url\":\"https:\\\/\\\/www.webdo.tn\\\/fr\\\/\",\"logo\":{\"@type\":\"ImageObject\",\"inLanguage\":\"fr-FR\",\"@id\":\"https:\\\/\\\/www.webdo.tn\\\/fr\\\/#\\\/schema\\\/logo\\\/image\\\/\",\"url\":\"https:\\\/\\\/www.webdo.tn\\\/fr\\\/wp-content\\\/uploads\\\/2025\\\/06\\\/Webdo-Tunisie_168377.jpg\",\"contentUrl\":\"https:\\\/\\\/www.webdo.tn\\\/fr\\\/wp-content\\\/uploads\\\/2025\\\/06\\\/Webdo-Tunisie_168377.jpg\",\"width\":301,\"height\":301,\"caption\":\"Webdo\"},\"image\":{\"@id\":\"https:\\\/\\\/www.webdo.tn\\\/fr\\\/#\\\/schema\\\/logo\\\/image\\\/\"},\"sameAs\":[\"https:\\\/\\\/www.facebook.com\\\/webdotn\",\"https:\\\/\\\/x.com\\\/webdo_tn\"],\"description\":\"Webdo est un m\u00e9dia num\u00e9rique tunisien fond\u00e9 en 2010, sp\u00e9cialis\u00e9 dans l\u2019actualit\u00e9 nationale et internationale, l\u2019\u00e9conomie, la soci\u00e9t\u00e9 et les analyses politiques. Le site s\u2019adresse \u00e0 un large public francophone et couvre l\u2019information tunisienne en temps r\u00e9el.\",\"email\":\"redac@webdo.tn\",\"legalName\":\"YNJ SARL\",\"foundingDate\":\"2010-09-06\",\"numberOfEmployees\":{\"@type\":\"QuantitativeValue\",\"minValue\":\"11\",\"maxValue\":\"50\"}},{\"@type\":\"Person\",\"@id\":\"https:\\\/\\\/www.webdo.tn\\\/fr\\\/#\\\/schema\\\/person\\\/19664196c9bfdcda126f3c27709f7d11\",\"name\":\"Firas Ben Abdeltif\",\"image\":{\"@type\":\"ImageObject\",\"inLanguage\":\"fr-FR\",\"@id\":\"https:\\\/\\\/secure.gravatar.com\\\/avatar\\\/161a347d40df098a084778c52ed133dbd85f14df003867067c5948081241ec55?s=96&d=mm&r=g\",\"url\":\"https:\\\/\\\/secure.gravatar.com\\\/avatar\\\/161a347d40df098a084778c52ed133dbd85f14df003867067c5948081241ec55?s=96&d=mm&r=g\",\"contentUrl\":\"https:\\\/\\\/secure.gravatar.com\\\/avatar\\\/161a347d40df098a084778c52ed133dbd85f14df003867067c5948081241ec55?s=96&d=mm&r=g\",\"caption\":\"Firas Ben Abdeltif\"},\"url\":\"https:\\\/\\\/www.webdo.tn\\\/fr\\\/actualite\\\/author\\\/firas-ben-abdeltif\\\/\"}]}<\/script>\n<!-- \/ Yoast SEO Premium plugin. -->","yoast_head_json":{"title":"Tunisie - PLF 2025 : Conseil des ministres ax\u00e9 sur les \u00e9quilibres financiers","description":"Le chef du gouvernement, Kamel Maddouri, a dirig\u00e9 un Conseil des ministres pour examiner les \u00e9quilibres financiers du projet de loi de finances 2025, soulignant...","canonical":"https:\/\/www.webdo.tn\/fr\/actualite\/national\/tunisie-plf-2025-conseil-des-ministres-axe-sur-les-equilibres-financiers\/216683\/","og_locale":"fr_FR","og_type":"article","og_title":"Tunisie - PLF 2025 : Conseil des ministres ax\u00e9 sur les \u00e9quilibres financiers","og_description":"Le chef du gouvernement, Kamel Maddouri, a dirig\u00e9 un Conseil des ministres pour examiner les \u00e9quilibres financiers du projet de loi de finances 2025, soulignant...","og_url":"https:\/\/www.webdo.tn\/fr\/actualite\/national\/tunisie-plf-2025-conseil-des-ministres-axe-sur-les-equilibres-financiers\/216683\/","og_site_name":"webdo","article_publisher":"https:\/\/www.facebook.com\/webdotn","article_published_time":"2024-09-29T11:08:00+00:00","article_modified_time":"2025-05-14T09:21:00+00:00","og_image":[{"width":750,"height":400,"url":"https:\/\/www.webdo.tn\/fr\/wp-content\/uploads\/2024\/09\/3102dbeda61f062fe1d8375c1c16b943.webp","type":"image\/webp"}],"author":"Firas Ben Abdeltif","twitter_card":"summary_large_image","twitter_creator":"@webdo_tn","twitter_site":"@webdo_tn","twitter_misc":{"\u00c9crit par":"Firas Ben Abdeltif","Dur\u00e9e de lecture estim\u00e9e":"1 minute"},"schema":{"@context":"https:\/\/schema.org","@graph":[{"@type":"NewsArticle","@id":"https:\/\/www.webdo.tn\/fr\/actualite\/national\/tunisie-plf-2025-conseil-des-ministres-axe-sur-les-equilibres-financiers\/216683\/#article","isPartOf":{"@id":"https:\/\/www.webdo.tn\/fr\/actualite\/national\/tunisie-plf-2025-conseil-des-ministres-axe-sur-les-equilibres-financiers\/216683\/"},"author":{"name":"Firas Ben Abdeltif","@id":"https:\/\/www.webdo.tn\/fr\/#\/schema\/person\/19664196c9bfdcda126f3c27709f7d11"},"headline":"Tunisie &#8211; PLF 2025 : Conseil des ministres ax\u00e9 sur les \u00e9quilibres financiers","datePublished":"2024-09-29T11:08:00+00:00","dateModified":"2025-05-14T09:21:00+00:00","mainEntityOfPage":{"@id":"https:\/\/www.webdo.tn\/fr\/actualite\/national\/tunisie-plf-2025-conseil-des-ministres-axe-sur-les-equilibres-financiers\/216683\/"},"wordCount":271,"commentCount":0,"publisher":{"@id":"https:\/\/www.webdo.tn\/fr\/#organization"},"image":{"@id":"https:\/\/www.webdo.tn\/fr\/actualite\/national\/tunisie-plf-2025-conseil-des-ministres-axe-sur-les-equilibres-financiers\/216683\/#primaryimage"},"thumbnailUrl":"https:\/\/www.webdo.tn\/fr\/wp-content\/uploads\/2024\/09\/3102dbeda61f062fe1d8375c1c16b943.webp","keywords":["Conseil des ministres","Kamel Madouri","loi de finances 2025","Tunisie"],"articleSection":["National"],"inLanguage":"fr-FR"},{"@type":"WebPage","@id":"https:\/\/www.webdo.tn\/fr\/actualite\/national\/tunisie-plf-2025-conseil-des-ministres-axe-sur-les-equilibres-financiers\/216683\/","url":"https:\/\/www.webdo.tn\/fr\/actualite\/national\/tunisie-plf-2025-conseil-des-ministres-axe-sur-les-equilibres-financiers\/216683\/","name":"Tunisie - PLF 2025 : Conseil des ministres ax\u00e9 sur les \u00e9quilibres financiers","isPartOf":{"@id":"https:\/\/www.webdo.tn\/fr\/#website"},"primaryImageOfPage":{"@id":"https:\/\/www.webdo.tn\/fr\/actualite\/national\/tunisie-plf-2025-conseil-des-ministres-axe-sur-les-equilibres-financiers\/216683\/#primaryimage"},"image":{"@id":"https:\/\/www.webdo.tn\/fr\/actualite\/national\/tunisie-plf-2025-conseil-des-ministres-axe-sur-les-equilibres-financiers\/216683\/#primaryimage"},"thumbnailUrl":"https:\/\/www.webdo.tn\/fr\/wp-content\/uploads\/2024\/09\/3102dbeda61f062fe1d8375c1c16b943.webp","datePublished":"2024-09-29T11:08:00+00:00","dateModified":"2025-05-14T09:21:00+00:00","description":"Le chef du gouvernement, Kamel Maddouri, a dirig\u00e9 un Conseil des ministres pour examiner les \u00e9quilibres financiers du projet de loi de finances 2025, soulignant...","breadcrumb":{"@id":"https:\/\/www.webdo.tn\/fr\/actualite\/national\/tunisie-plf-2025-conseil-des-ministres-axe-sur-les-equilibres-financiers\/216683\/#breadcrumb"},"inLanguage":"fr-FR","potentialAction":[{"@type":"ReadAction","target":["https:\/\/www.webdo.tn\/fr\/actualite\/national\/tunisie-plf-2025-conseil-des-ministres-axe-sur-les-equilibres-financiers\/216683\/"]}]},{"@type":"ImageObject","inLanguage":"fr-FR","@id":"https:\/\/www.webdo.tn\/fr\/actualite\/national\/tunisie-plf-2025-conseil-des-ministres-axe-sur-les-equilibres-financiers\/216683\/#primaryimage","url":"https:\/\/www.webdo.tn\/fr\/wp-content\/uploads\/2024\/09\/3102dbeda61f062fe1d8375c1c16b943.webp","contentUrl":"https:\/\/www.webdo.tn\/fr\/wp-content\/uploads\/2024\/09\/3102dbeda61f062fe1d8375c1c16b943.webp","width":750,"height":400,"caption":"Tunisie - PLF 2025 : Conseil des ministres ax\u00e9 sur les \u00e9quilibres financiers"},{"@type":"BreadcrumbList","@id":"https:\/\/www.webdo.tn\/fr\/actualite\/national\/tunisie-plf-2025-conseil-des-ministres-axe-sur-les-equilibres-financiers\/216683\/#breadcrumb","itemListElement":[{"@type":"ListItem","position":1,"name":"Accueil","item":"https:\/\/www.webdo.tn\/fr\/"},{"@type":"ListItem","position":2,"name":"Tunisie &#8211; PLF 2025 : Conseil des ministres ax\u00e9 sur les \u00e9quilibres financiers"}]},{"@type":"WebSite","@id":"https:\/\/www.webdo.tn\/fr\/#website","url":"https:\/\/www.webdo.tn\/fr\/","name":"webdo","description":"Tunisie - News en Tunisie et \u00e0 l&#039;international sur Webdo.tn","publisher":{"@id":"https:\/\/www.webdo.tn\/fr\/#organization"},"potentialAction":[{"@type":"SearchAction","target":{"@type":"EntryPoint","urlTemplate":"https:\/\/www.webdo.tn\/fr\/?s={search_term_string}"},"query-input":{"@type":"PropertyValueSpecification","valueRequired":true,"valueName":"search_term_string"}}],"inLanguage":"fr-FR"},{"@type":"Organization","@id":"https:\/\/www.webdo.tn\/fr\/#organization","name":"Webdo","alternateName":"Webdo.tn","url":"https:\/\/www.webdo.tn\/fr\/","logo":{"@type":"ImageObject","inLanguage":"fr-FR","@id":"https:\/\/www.webdo.tn\/fr\/#\/schema\/logo\/image\/","url":"https:\/\/www.webdo.tn\/fr\/wp-content\/uploads\/2025\/06\/Webdo-Tunisie_168377.jpg","contentUrl":"https:\/\/www.webdo.tn\/fr\/wp-content\/uploads\/2025\/06\/Webdo-Tunisie_168377.jpg","width":301,"height":301,"caption":"Webdo"},"image":{"@id":"https:\/\/www.webdo.tn\/fr\/#\/schema\/logo\/image\/"},"sameAs":["https:\/\/www.facebook.com\/webdotn","https:\/\/x.com\/webdo_tn"],"description":"Webdo est un m\u00e9dia num\u00e9rique tunisien fond\u00e9 en 2010, sp\u00e9cialis\u00e9 dans l\u2019actualit\u00e9 nationale et internationale, l\u2019\u00e9conomie, la soci\u00e9t\u00e9 et les analyses politiques. Le site s\u2019adresse \u00e0 un large public francophone et couvre l\u2019information tunisienne en temps r\u00e9el.","email":"redac@webdo.tn","legalName":"YNJ SARL","foundingDate":"2010-09-06","numberOfEmployees":{"@type":"QuantitativeValue","minValue":"11","maxValue":"50"}},{"@type":"Person","@id":"https:\/\/www.webdo.tn\/fr\/#\/schema\/person\/19664196c9bfdcda126f3c27709f7d11","name":"Firas Ben Abdeltif","image":{"@type":"ImageObject","inLanguage":"fr-FR","@id":"https:\/\/secure.gravatar.com\/avatar\/161a347d40df098a084778c52ed133dbd85f14df003867067c5948081241ec55?s=96&d=mm&r=g","url":"https:\/\/secure.gravatar.com\/avatar\/161a347d40df098a084778c52ed133dbd85f14df003867067c5948081241ec55?s=96&d=mm&r=g","contentUrl":"https:\/\/secure.gravatar.com\/avatar\/161a347d40df098a084778c52ed133dbd85f14df003867067c5948081241ec55?s=96&d=mm&r=g","caption":"Firas Ben Abdeltif"},"url":"https:\/\/www.webdo.tn\/fr\/actualite\/author\/firas-ben-abdeltif\/"}]}},"_links":{"self":[{"href":"https:\/\/www.webdo.tn\/fr\/wp-json\/wp\/v2\/posts\/216683","targetHints":{"allow":["GET"]}}],"collection":[{"href":"https:\/\/www.webdo.tn\/fr\/wp-json\/wp\/v2\/posts"}],"about":[{"href":"https:\/\/www.webdo.tn\/fr\/wp-json\/wp\/v2\/types\/post"}],"author":[{"embeddable":true,"href":"https:\/\/www.webdo.tn\/fr\/wp-json\/wp\/v2\/users\/4779"}],"replies":[{"embeddable":true,"href":"https:\/\/www.webdo.tn\/fr\/wp-json\/wp\/v2\/comments?post=216683"}],"version-history":[{"count":0,"href":"https:\/\/www.webdo.tn\/fr\/wp-json\/wp\/v2\/posts\/216683\/revisions"}],"wp:featuredmedia":[{"embeddable":true,"href":"https:\/\/www.webdo.tn\/fr\/wp-json\/wp\/v2\/media\/246432"}],"wp:attachment":[{"href":"https:\/\/www.webdo.tn\/fr\/wp-json\/wp\/v2\/media?parent=216683"}],"wp:term":[{"taxonomy":"category","embeddable":true,"href":"https:\/\/www.webdo.tn\/fr\/wp-json\/wp\/v2\/categories?post=216683"},{"taxonomy":"post_tag","embeddable":true,"href":"https:\/\/www.webdo.tn\/fr\/wp-json\/wp\/v2\/tags?post=216683"}],"curies":[{"name":"wp","href":"https:\/\/api.w.org\/{rel}","templated":true}]}}