{"id":216679,"date":"2024-09-29T09:13:00","date_gmt":"2024-09-29T09:13:00","guid":{"rendered":"https:\/\/www.webdo.tn\/fr\/blog\/crise-au-liban-la-tunisie-prepare-un-vol-special-d-evacuation\/216679\/"},"modified":"2024-09-29T09:13:00","modified_gmt":"2024-09-29T09:13:00","slug":"crise-au-liban-la-tunisie-prepare-un-vol-special-d-evacuation","status":"publish","type":"post","link":"https:\/\/www.webdo.tn\/fr\/actualite\/national\/crise-au-liban-la-tunisie-prepare-un-vol-special-d-evacuation\/216679\/","title":{"rendered":"Crise au Liban : La Tunisie pr\u00e9pare un vol sp\u00e9cial d&rsquo;\u00e9vacuation"},"content":{"rendered":"<p>Face \u00e0 l&rsquo;escalade des tensions au Liban, le minist\u00e8re des Affaires \u00e9trang\u00e8res tunisien a annonc\u00e9 la mise en place d&rsquo;un vol sp\u00e9cial pour rapatrier les ressortissants tunisiens souhaitant quitter le pays. Cette d\u00e9cision intervient dans un contexte de crise, alors que le bilan humain au Liban s&rsquo;\u00e9l\u00e8ve \u00e0 au moins 630 morts, dont 50 enfants et 94 femmes, et plus de 1 700 bless\u00e9s.<\/p>\n<p>La communaut\u00e9 tunisienne au Liban, compos\u00e9e d&rsquo;environ 1970 personnes dont un quart sont des enfants mineurs, se trouve au c\u0153ur de ces pr\u00e9occupations. Bien que l&rsquo;ambassadeur de Tunisie \u00e0 Beyrouth, Bouraoui Limam, ait affirm\u00e9 qu&rsquo;aucun ressortissant tunisien n&rsquo;a \u00e9t\u00e9 directement touch\u00e9 par les frappes, l&rsquo;inqui\u00e9tude au sein de cette communaut\u00e9 ne cesse de cro\u00eetre. De nombreux appels ont \u00e9t\u00e9 enregistr\u00e9s \u00e0 l&rsquo;ambassade, refl\u00e9tant le d\u00e9sir de nombreux Tunisiens de regagner leur pays d&rsquo;origine.<\/p>\n<p>Face \u00e0 cette urgence, le pr\u00e9sident Ka\u00efs Sa\u00efed a ordonn\u00e9 l&rsquo;organisation d&rsquo;un vol sp\u00e9cial pour rapatrier les Tunisiens d\u00e9sireux de quitter le Liban, informe le minist\u00e8re des Affaires \u00e9trang\u00e8res dans un communiqu\u00e9 publi\u00e9 sur sa page Facebook.<\/p>\n<p>Le pr\u00e9sident Sa\u00efed a donn\u00e9 des instructions urgentes \u00e0 toutes les structures tunisiennes concern\u00e9es pour mettre en \u0153uvre cette d\u00e9cision dans les prochains jours, en coordination \u00e9troite avec les autorit\u00e9s libanaises comp\u00e9tentes. Il a \u00e9galement charg\u00e9 le minist\u00e8re des Affaires \u00e9trang\u00e8res, de la Migration et des Tunisiens \u00e0 l&rsquo;\u00e9tranger de travailler en \u00e9troite collaboration avec l&rsquo;ambassade de Tunisie \u00e0 Beyrouth pour \u00e9tablir rapidement une liste des personnes souhaitant rentrer au pays, pr\u00e9cise le communiqu\u00e9.<\/p>\n<p>Par ailleurs, la Tunisie a r\u00e9affirm\u00e9 sa solidarit\u00e9 avec le Liban face aux d\u00e9fis s\u00e9curitaires actuels. Les autorit\u00e9s tunisiennes pr\u00e9voient de coordonner leurs efforts avec leurs homologues libanais pour identifier les besoins m\u00e9dicaux et humanitaires du pays et apporter l&rsquo;aide n\u00e9cessaire.<\/p>\n","protected":false},"excerpt":{"rendered":"<p>La Tunisie organise un vol sp\u00e9cial pour \u00e9vacuer ses ressortissants face \u00e0 la crise au Liban. Le pr\u00e9sident Ka\u00efs Sa\u00efed prend des mesures urgentes pour assurer le&#8230;<\/p>\n","protected":false},"author":4779,"featured_media":291116,"comment_status":"open","ping_status":"closed","sticky":false,"template":"","format":"standard","meta":{"footnotes":""},"categories":[44],"tags":[10467,10468,5616],"class_list":["post-216679","post","type-post","status-publish","format-standard","has-post-thumbnail","hentry","category-national","tag-tunisie-evacuation","tag-vol-special-rapatriement","tag-crise-au-liban"],"yoast_head":"<!-- This site is optimized with the Yoast SEO Premium plugin v27.4 (Yoast SEO v27.5) - https:\/\/yoast.com\/product\/yoast-seo-premium-wordpress\/ -->\n<title>Crise au Liban : La Tunisie pr\u00e9pare un vol sp\u00e9cial d&#039;\u00e9vacuation<\/title>\n<meta name=\"description\" content=\"La Tunisie organise un vol sp\u00e9cial pour \u00e9vacuer ses ressortissants face \u00e0 la crise au Liban. Le pr\u00e9sident Ka\u00efs Sa\u00efed prend des mesures urgentes pour assurer le...\" \/>\n<link rel=\"canonical\" href=\"https:\/\/www.webdo.tn\/fr\/actualite\/national\/crise-au-liban-la-tunisie-prepare-un-vol-special-d-evacuation\/216679\/\" \/>\n<meta property=\"og:locale\" content=\"fr_FR\" \/>\n<meta property=\"og:type\" content=\"article\" \/>\n<meta property=\"og:title\" content=\"Crise au Liban : La Tunisie pr\u00e9pare un vol sp\u00e9cial d&#039;\u00e9vacuation\" \/>\n<meta property=\"og:description\" content=\"La Tunisie organise un vol sp\u00e9cial pour \u00e9vacuer ses ressortissants face \u00e0 la crise au Liban. Le pr\u00e9sident Ka\u00efs Sa\u00efed prend des mesures urgentes pour assurer le...\" \/>\n<meta property=\"og:url\" content=\"https:\/\/www.webdo.tn\/fr\/actualite\/national\/crise-au-liban-la-tunisie-prepare-un-vol-special-d-evacuation\/216679\/\" \/>\n<meta property=\"og:site_name\" content=\"webdo\" \/>\n<meta property=\"article:publisher\" content=\"https:\/\/www.facebook.com\/webdotn\" \/>\n<meta property=\"article:published_time\" content=\"2024-09-29T09:13:00+00:00\" \/>\n<meta property=\"og:image\" content=\"https:\/\/www.webdo.tn\/fr\/wp-content\/uploads\/2024\/09\/7c90a676350846ce30e09df578f42397.webp\" \/>\n\t<meta property=\"og:image:width\" content=\"750\" \/>\n\t<meta property=\"og:image:height\" content=\"400\" \/>\n\t<meta property=\"og:image:type\" content=\"image\/webp\" \/>\n<meta name=\"author\" content=\"Firas Ben Abdeltif\" \/>\n<meta name=\"twitter:card\" content=\"summary_large_image\" \/>\n<meta name=\"twitter:creator\" content=\"@webdo_tn\" \/>\n<meta name=\"twitter:site\" content=\"@webdo_tn\" \/>\n<meta name=\"twitter:label1\" content=\"\u00c9crit par\" \/>\n\t<meta name=\"twitter:data1\" content=\"Firas Ben Abdeltif\" \/>\n\t<meta name=\"twitter:label2\" content=\"Dur\u00e9e de lecture estim\u00e9e\" \/>\n\t<meta name=\"twitter:data2\" content=\"2 minutes\" \/>\n<script type=\"application\/ld+json\" class=\"yoast-schema-graph\">{\"@context\":\"https:\\\/\\\/schema.org\",\"@graph\":[{\"@type\":\"NewsArticle\",\"@id\":\"https:\\\/\\\/www.webdo.tn\\\/fr\\\/actualite\\\/national\\\/crise-au-liban-la-tunisie-prepare-un-vol-special-d-evacuation\\\/216679\\\/#article\",\"isPartOf\":{\"@id\":\"https:\\\/\\\/www.webdo.tn\\\/fr\\\/actualite\\\/national\\\/crise-au-liban-la-tunisie-prepare-un-vol-special-d-evacuation\\\/216679\\\/\"},\"author\":{\"name\":\"Firas Ben Abdeltif\",\"@id\":\"https:\\\/\\\/www.webdo.tn\\\/fr\\\/#\\\/schema\\\/person\\\/19664196c9bfdcda126f3c27709f7d11\"},\"headline\":\"Crise au Liban : La Tunisie pr\u00e9pare un vol sp\u00e9cial d&rsquo;\u00e9vacuation\",\"datePublished\":\"2024-09-29T09:13:00+00:00\",\"mainEntityOfPage\":{\"@id\":\"https:\\\/\\\/www.webdo.tn\\\/fr\\\/actualite\\\/national\\\/crise-au-liban-la-tunisie-prepare-un-vol-special-d-evacuation\\\/216679\\\/\"},\"wordCount\":340,\"commentCount\":0,\"publisher\":{\"@id\":\"https:\\\/\\\/www.webdo.tn\\\/fr\\\/#organization\"},\"image\":{\"@id\":\"https:\\\/\\\/www.webdo.tn\\\/fr\\\/actualite\\\/national\\\/crise-au-liban-la-tunisie-prepare-un-vol-special-d-evacuation\\\/216679\\\/#primaryimage\"},\"thumbnailUrl\":\"https:\\\/\\\/www.webdo.tn\\\/fr\\\/wp-content\\\/uploads\\\/2024\\\/09\\\/7c90a676350846ce30e09df578f42397.webp\",\"keywords\":[\"'Tunisie \u00e9vacuation'\",\"'vol sp\u00e9cial rapatriement']\",\"crise au Liban\"],\"articleSection\":[\"National\"],\"inLanguage\":\"fr-FR\"},{\"@type\":\"WebPage\",\"@id\":\"https:\\\/\\\/www.webdo.tn\\\/fr\\\/actualite\\\/national\\\/crise-au-liban-la-tunisie-prepare-un-vol-special-d-evacuation\\\/216679\\\/\",\"url\":\"https:\\\/\\\/www.webdo.tn\\\/fr\\\/actualite\\\/national\\\/crise-au-liban-la-tunisie-prepare-un-vol-special-d-evacuation\\\/216679\\\/\",\"name\":\"Crise au Liban : La Tunisie pr\u00e9pare un vol sp\u00e9cial d'\u00e9vacuation\",\"isPartOf\":{\"@id\":\"https:\\\/\\\/www.webdo.tn\\\/fr\\\/#website\"},\"primaryImageOfPage\":{\"@id\":\"https:\\\/\\\/www.webdo.tn\\\/fr\\\/actualite\\\/national\\\/crise-au-liban-la-tunisie-prepare-un-vol-special-d-evacuation\\\/216679\\\/#primaryimage\"},\"image\":{\"@id\":\"https:\\\/\\\/www.webdo.tn\\\/fr\\\/actualite\\\/national\\\/crise-au-liban-la-tunisie-prepare-un-vol-special-d-evacuation\\\/216679\\\/#primaryimage\"},\"thumbnailUrl\":\"https:\\\/\\\/www.webdo.tn\\\/fr\\\/wp-content\\\/uploads\\\/2024\\\/09\\\/7c90a676350846ce30e09df578f42397.webp\",\"datePublished\":\"2024-09-29T09:13:00+00:00\",\"description\":\"La Tunisie organise un vol sp\u00e9cial pour \u00e9vacuer ses ressortissants face \u00e0 la crise au Liban. Le pr\u00e9sident Ka\u00efs Sa\u00efed prend des mesures urgentes pour assurer le...\",\"breadcrumb\":{\"@id\":\"https:\\\/\\\/www.webdo.tn\\\/fr\\\/actualite\\\/national\\\/crise-au-liban-la-tunisie-prepare-un-vol-special-d-evacuation\\\/216679\\\/#breadcrumb\"},\"inLanguage\":\"fr-FR\",\"potentialAction\":[{\"@type\":\"ReadAction\",\"target\":[\"https:\\\/\\\/www.webdo.tn\\\/fr\\\/actualite\\\/national\\\/crise-au-liban-la-tunisie-prepare-un-vol-special-d-evacuation\\\/216679\\\/\"]}]},{\"@type\":\"ImageObject\",\"inLanguage\":\"fr-FR\",\"@id\":\"https:\\\/\\\/www.webdo.tn\\\/fr\\\/actualite\\\/national\\\/crise-au-liban-la-tunisie-prepare-un-vol-special-d-evacuation\\\/216679\\\/#primaryimage\",\"url\":\"https:\\\/\\\/www.webdo.tn\\\/fr\\\/wp-content\\\/uploads\\\/2024\\\/09\\\/7c90a676350846ce30e09df578f42397.webp\",\"contentUrl\":\"https:\\\/\\\/www.webdo.tn\\\/fr\\\/wp-content\\\/uploads\\\/2024\\\/09\\\/7c90a676350846ce30e09df578f42397.webp\",\"width\":750,\"height\":400,\"caption\":\"Crise au Liban : La Tunisie pr\u00e9pare un vol sp\u00e9cial d'\u00e9vacuation\"},{\"@type\":\"BreadcrumbList\",\"@id\":\"https:\\\/\\\/www.webdo.tn\\\/fr\\\/actualite\\\/national\\\/crise-au-liban-la-tunisie-prepare-un-vol-special-d-evacuation\\\/216679\\\/#breadcrumb\",\"itemListElement\":[{\"@type\":\"ListItem\",\"position\":1,\"name\":\"Accueil\",\"item\":\"https:\\\/\\\/www.webdo.tn\\\/fr\\\/\"},{\"@type\":\"ListItem\",\"position\":2,\"name\":\"Crise au Liban : La Tunisie pr\u00e9pare un vol sp\u00e9cial d&rsquo;\u00e9vacuation\"}]},{\"@type\":\"WebSite\",\"@id\":\"https:\\\/\\\/www.webdo.tn\\\/fr\\\/#website\",\"url\":\"https:\\\/\\\/www.webdo.tn\\\/fr\\\/\",\"name\":\"webdo\",\"description\":\"Tunisie - News en Tunisie et \u00e0 l&#039;international sur Webdo.tn\",\"publisher\":{\"@id\":\"https:\\\/\\\/www.webdo.tn\\\/fr\\\/#organization\"},\"potentialAction\":[{\"@type\":\"SearchAction\",\"target\":{\"@type\":\"EntryPoint\",\"urlTemplate\":\"https:\\\/\\\/www.webdo.tn\\\/fr\\\/?s={search_term_string}\"},\"query-input\":{\"@type\":\"PropertyValueSpecification\",\"valueRequired\":true,\"valueName\":\"search_term_string\"}}],\"inLanguage\":\"fr-FR\"},{\"@type\":\"Organization\",\"@id\":\"https:\\\/\\\/www.webdo.tn\\\/fr\\\/#organization\",\"name\":\"Webdo\",\"alternateName\":\"Webdo.tn\",\"url\":\"https:\\\/\\\/www.webdo.tn\\\/fr\\\/\",\"logo\":{\"@type\":\"ImageObject\",\"inLanguage\":\"fr-FR\",\"@id\":\"https:\\\/\\\/www.webdo.tn\\\/fr\\\/#\\\/schema\\\/logo\\\/image\\\/\",\"url\":\"https:\\\/\\\/www.webdo.tn\\\/fr\\\/wp-content\\\/uploads\\\/2025\\\/06\\\/Webdo-Tunisie_168377.jpg\",\"contentUrl\":\"https:\\\/\\\/www.webdo.tn\\\/fr\\\/wp-content\\\/uploads\\\/2025\\\/06\\\/Webdo-Tunisie_168377.jpg\",\"width\":301,\"height\":301,\"caption\":\"Webdo\"},\"image\":{\"@id\":\"https:\\\/\\\/www.webdo.tn\\\/fr\\\/#\\\/schema\\\/logo\\\/image\\\/\"},\"sameAs\":[\"https:\\\/\\\/www.facebook.com\\\/webdotn\",\"https:\\\/\\\/x.com\\\/webdo_tn\"],\"description\":\"Webdo est un m\u00e9dia num\u00e9rique tunisien fond\u00e9 en 2010, sp\u00e9cialis\u00e9 dans l\u2019actualit\u00e9 nationale et internationale, l\u2019\u00e9conomie, la soci\u00e9t\u00e9 et les analyses politiques. Le site s\u2019adresse \u00e0 un large public francophone et couvre l\u2019information tunisienne en temps r\u00e9el.\",\"email\":\"redac@webdo.tn\",\"legalName\":\"YNJ SARL\",\"foundingDate\":\"2010-09-06\",\"numberOfEmployees\":{\"@type\":\"QuantitativeValue\",\"minValue\":\"11\",\"maxValue\":\"50\"}},{\"@type\":\"Person\",\"@id\":\"https:\\\/\\\/www.webdo.tn\\\/fr\\\/#\\\/schema\\\/person\\\/19664196c9bfdcda126f3c27709f7d11\",\"name\":\"Firas Ben Abdeltif\",\"image\":{\"@type\":\"ImageObject\",\"inLanguage\":\"fr-FR\",\"@id\":\"https:\\\/\\\/secure.gravatar.com\\\/avatar\\\/161a347d40df098a084778c52ed133dbd85f14df003867067c5948081241ec55?s=96&d=mm&r=g\",\"url\":\"https:\\\/\\\/secure.gravatar.com\\\/avatar\\\/161a347d40df098a084778c52ed133dbd85f14df003867067c5948081241ec55?s=96&d=mm&r=g\",\"contentUrl\":\"https:\\\/\\\/secure.gravatar.com\\\/avatar\\\/161a347d40df098a084778c52ed133dbd85f14df003867067c5948081241ec55?s=96&d=mm&r=g\",\"caption\":\"Firas Ben Abdeltif\"},\"url\":\"https:\\\/\\\/www.webdo.tn\\\/fr\\\/actualite\\\/author\\\/firas-ben-abdeltif\\\/\"}]}<\/script>\n<!-- \/ Yoast SEO Premium plugin. -->","yoast_head_json":{"title":"Crise au Liban : La Tunisie pr\u00e9pare un vol sp\u00e9cial d'\u00e9vacuation","description":"La Tunisie organise un vol sp\u00e9cial pour \u00e9vacuer ses ressortissants face \u00e0 la crise au Liban. Le pr\u00e9sident Ka\u00efs Sa\u00efed prend des mesures urgentes pour assurer le...","canonical":"https:\/\/www.webdo.tn\/fr\/actualite\/national\/crise-au-liban-la-tunisie-prepare-un-vol-special-d-evacuation\/216679\/","og_locale":"fr_FR","og_type":"article","og_title":"Crise au Liban : La Tunisie pr\u00e9pare un vol sp\u00e9cial d'\u00e9vacuation","og_description":"La Tunisie organise un vol sp\u00e9cial pour \u00e9vacuer ses ressortissants face \u00e0 la crise au Liban. Le pr\u00e9sident Ka\u00efs Sa\u00efed prend des mesures urgentes pour assurer le...","og_url":"https:\/\/www.webdo.tn\/fr\/actualite\/national\/crise-au-liban-la-tunisie-prepare-un-vol-special-d-evacuation\/216679\/","og_site_name":"webdo","article_publisher":"https:\/\/www.facebook.com\/webdotn","article_published_time":"2024-09-29T09:13:00+00:00","og_image":[{"width":750,"height":400,"url":"https:\/\/www.webdo.tn\/fr\/wp-content\/uploads\/2024\/09\/7c90a676350846ce30e09df578f42397.webp","type":"image\/webp"}],"author":"Firas Ben Abdeltif","twitter_card":"summary_large_image","twitter_creator":"@webdo_tn","twitter_site":"@webdo_tn","twitter_misc":{"\u00c9crit par":"Firas Ben Abdeltif","Dur\u00e9e de lecture estim\u00e9e":"2 minutes"},"schema":{"@context":"https:\/\/schema.org","@graph":[{"@type":"NewsArticle","@id":"https:\/\/www.webdo.tn\/fr\/actualite\/national\/crise-au-liban-la-tunisie-prepare-un-vol-special-d-evacuation\/216679\/#article","isPartOf":{"@id":"https:\/\/www.webdo.tn\/fr\/actualite\/national\/crise-au-liban-la-tunisie-prepare-un-vol-special-d-evacuation\/216679\/"},"author":{"name":"Firas Ben Abdeltif","@id":"https:\/\/www.webdo.tn\/fr\/#\/schema\/person\/19664196c9bfdcda126f3c27709f7d11"},"headline":"Crise au Liban : La Tunisie pr\u00e9pare un vol sp\u00e9cial d&rsquo;\u00e9vacuation","datePublished":"2024-09-29T09:13:00+00:00","mainEntityOfPage":{"@id":"https:\/\/www.webdo.tn\/fr\/actualite\/national\/crise-au-liban-la-tunisie-prepare-un-vol-special-d-evacuation\/216679\/"},"wordCount":340,"commentCount":0,"publisher":{"@id":"https:\/\/www.webdo.tn\/fr\/#organization"},"image":{"@id":"https:\/\/www.webdo.tn\/fr\/actualite\/national\/crise-au-liban-la-tunisie-prepare-un-vol-special-d-evacuation\/216679\/#primaryimage"},"thumbnailUrl":"https:\/\/www.webdo.tn\/fr\/wp-content\/uploads\/2024\/09\/7c90a676350846ce30e09df578f42397.webp","keywords":["'Tunisie \u00e9vacuation'","'vol sp\u00e9cial rapatriement']","crise au Liban"],"articleSection":["National"],"inLanguage":"fr-FR"},{"@type":"WebPage","@id":"https:\/\/www.webdo.tn\/fr\/actualite\/national\/crise-au-liban-la-tunisie-prepare-un-vol-special-d-evacuation\/216679\/","url":"https:\/\/www.webdo.tn\/fr\/actualite\/national\/crise-au-liban-la-tunisie-prepare-un-vol-special-d-evacuation\/216679\/","name":"Crise au Liban : La Tunisie pr\u00e9pare un vol sp\u00e9cial d'\u00e9vacuation","isPartOf":{"@id":"https:\/\/www.webdo.tn\/fr\/#website"},"primaryImageOfPage":{"@id":"https:\/\/www.webdo.tn\/fr\/actualite\/national\/crise-au-liban-la-tunisie-prepare-un-vol-special-d-evacuation\/216679\/#primaryimage"},"image":{"@id":"https:\/\/www.webdo.tn\/fr\/actualite\/national\/crise-au-liban-la-tunisie-prepare-un-vol-special-d-evacuation\/216679\/#primaryimage"},"thumbnailUrl":"https:\/\/www.webdo.tn\/fr\/wp-content\/uploads\/2024\/09\/7c90a676350846ce30e09df578f42397.webp","datePublished":"2024-09-29T09:13:00+00:00","description":"La Tunisie organise un vol sp\u00e9cial pour \u00e9vacuer ses ressortissants face \u00e0 la crise au Liban. Le pr\u00e9sident Ka\u00efs Sa\u00efed prend des mesures urgentes pour assurer le...","breadcrumb":{"@id":"https:\/\/www.webdo.tn\/fr\/actualite\/national\/crise-au-liban-la-tunisie-prepare-un-vol-special-d-evacuation\/216679\/#breadcrumb"},"inLanguage":"fr-FR","potentialAction":[{"@type":"ReadAction","target":["https:\/\/www.webdo.tn\/fr\/actualite\/national\/crise-au-liban-la-tunisie-prepare-un-vol-special-d-evacuation\/216679\/"]}]},{"@type":"ImageObject","inLanguage":"fr-FR","@id":"https:\/\/www.webdo.tn\/fr\/actualite\/national\/crise-au-liban-la-tunisie-prepare-un-vol-special-d-evacuation\/216679\/#primaryimage","url":"https:\/\/www.webdo.tn\/fr\/wp-content\/uploads\/2024\/09\/7c90a676350846ce30e09df578f42397.webp","contentUrl":"https:\/\/www.webdo.tn\/fr\/wp-content\/uploads\/2024\/09\/7c90a676350846ce30e09df578f42397.webp","width":750,"height":400,"caption":"Crise au Liban : La Tunisie pr\u00e9pare un vol sp\u00e9cial d'\u00e9vacuation"},{"@type":"BreadcrumbList","@id":"https:\/\/www.webdo.tn\/fr\/actualite\/national\/crise-au-liban-la-tunisie-prepare-un-vol-special-d-evacuation\/216679\/#breadcrumb","itemListElement":[{"@type":"ListItem","position":1,"name":"Accueil","item":"https:\/\/www.webdo.tn\/fr\/"},{"@type":"ListItem","position":2,"name":"Crise au Liban : La Tunisie pr\u00e9pare un vol sp\u00e9cial d&rsquo;\u00e9vacuation"}]},{"@type":"WebSite","@id":"https:\/\/www.webdo.tn\/fr\/#website","url":"https:\/\/www.webdo.tn\/fr\/","name":"webdo","description":"Tunisie - News en Tunisie et \u00e0 l&#039;international sur Webdo.tn","publisher":{"@id":"https:\/\/www.webdo.tn\/fr\/#organization"},"potentialAction":[{"@type":"SearchAction","target":{"@type":"EntryPoint","urlTemplate":"https:\/\/www.webdo.tn\/fr\/?s={search_term_string}"},"query-input":{"@type":"PropertyValueSpecification","valueRequired":true,"valueName":"search_term_string"}}],"inLanguage":"fr-FR"},{"@type":"Organization","@id":"https:\/\/www.webdo.tn\/fr\/#organization","name":"Webdo","alternateName":"Webdo.tn","url":"https:\/\/www.webdo.tn\/fr\/","logo":{"@type":"ImageObject","inLanguage":"fr-FR","@id":"https:\/\/www.webdo.tn\/fr\/#\/schema\/logo\/image\/","url":"https:\/\/www.webdo.tn\/fr\/wp-content\/uploads\/2025\/06\/Webdo-Tunisie_168377.jpg","contentUrl":"https:\/\/www.webdo.tn\/fr\/wp-content\/uploads\/2025\/06\/Webdo-Tunisie_168377.jpg","width":301,"height":301,"caption":"Webdo"},"image":{"@id":"https:\/\/www.webdo.tn\/fr\/#\/schema\/logo\/image\/"},"sameAs":["https:\/\/www.facebook.com\/webdotn","https:\/\/x.com\/webdo_tn"],"description":"Webdo est un m\u00e9dia num\u00e9rique tunisien fond\u00e9 en 2010, sp\u00e9cialis\u00e9 dans l\u2019actualit\u00e9 nationale et internationale, l\u2019\u00e9conomie, la soci\u00e9t\u00e9 et les analyses politiques. Le site s\u2019adresse \u00e0 un large public francophone et couvre l\u2019information tunisienne en temps r\u00e9el.","email":"redac@webdo.tn","legalName":"YNJ SARL","foundingDate":"2010-09-06","numberOfEmployees":{"@type":"QuantitativeValue","minValue":"11","maxValue":"50"}},{"@type":"Person","@id":"https:\/\/www.webdo.tn\/fr\/#\/schema\/person\/19664196c9bfdcda126f3c27709f7d11","name":"Firas Ben Abdeltif","image":{"@type":"ImageObject","inLanguage":"fr-FR","@id":"https:\/\/secure.gravatar.com\/avatar\/161a347d40df098a084778c52ed133dbd85f14df003867067c5948081241ec55?s=96&d=mm&r=g","url":"https:\/\/secure.gravatar.com\/avatar\/161a347d40df098a084778c52ed133dbd85f14df003867067c5948081241ec55?s=96&d=mm&r=g","contentUrl":"https:\/\/secure.gravatar.com\/avatar\/161a347d40df098a084778c52ed133dbd85f14df003867067c5948081241ec55?s=96&d=mm&r=g","caption":"Firas Ben Abdeltif"},"url":"https:\/\/www.webdo.tn\/fr\/actualite\/author\/firas-ben-abdeltif\/"}]}},"_links":{"self":[{"href":"https:\/\/www.webdo.tn\/fr\/wp-json\/wp\/v2\/posts\/216679","targetHints":{"allow":["GET"]}}],"collection":[{"href":"https:\/\/www.webdo.tn\/fr\/wp-json\/wp\/v2\/posts"}],"about":[{"href":"https:\/\/www.webdo.tn\/fr\/wp-json\/wp\/v2\/types\/post"}],"author":[{"embeddable":true,"href":"https:\/\/www.webdo.tn\/fr\/wp-json\/wp\/v2\/users\/4779"}],"replies":[{"embeddable":true,"href":"https:\/\/www.webdo.tn\/fr\/wp-json\/wp\/v2\/comments?post=216679"}],"version-history":[{"count":0,"href":"https:\/\/www.webdo.tn\/fr\/wp-json\/wp\/v2\/posts\/216679\/revisions"}],"wp:featuredmedia":[{"embeddable":true,"href":"https:\/\/www.webdo.tn\/fr\/wp-json\/wp\/v2\/media\/291116"}],"wp:attachment":[{"href":"https:\/\/www.webdo.tn\/fr\/wp-json\/wp\/v2\/media?parent=216679"}],"wp:term":[{"taxonomy":"category","embeddable":true,"href":"https:\/\/www.webdo.tn\/fr\/wp-json\/wp\/v2\/categories?post=216679"},{"taxonomy":"post_tag","embeddable":true,"href":"https:\/\/www.webdo.tn\/fr\/wp-json\/wp\/v2\/tags?post=216679"}],"curies":[{"name":"wp","href":"https:\/\/api.w.org\/{rel}","templated":true}]}}