{"id":216674,"date":"2024-09-28T12:28:00","date_gmt":"2024-09-28T12:28:00","guid":{"rendered":"https:\/\/www.webdo.tn\/fr\/blog\/des-tunisiens-bloques-au-liban-lancent-un-cri-d-alarme\/216674\/"},"modified":"2025-05-20T22:14:17","modified_gmt":"2025-05-20T22:14:17","slug":"des-tunisiens-bloques-au-liban-lancent-un-cri-d-alarme","status":"publish","type":"post","link":"https:\/\/www.webdo.tn\/fr\/actualite\/national\/des-tunisiens-bloques-au-liban-lancent-un-cri-d-alarme\/216674\/","title":{"rendered":"Des Tunisiens bloqu\u00e9s au Liban lancent un cri d\u2019alarme"},"content":{"rendered":"<p>Plong\u00e9 dans une crise humanitaire d&rsquo;une ampleur sans pr\u00e9c\u00e9dent, le Liban fait actuellement face \u00e0 une intensification des agressions par Isra\u00ebl, qui ont pouss\u00e9 un demi-million de Libanais \u00e0 aller se r\u00e9fugier dans d\u2019autres r\u00e9gions du pays. Les Tunisiens, quant \u00e0 eux, sont de plus en plus inquiets, appelant \u00e0 leur \u00e9vacuation\u2026<\/p>\n<p>\t\t\t\t\t\t\t\t\tComment vont les Tunisiens install\u00e9s au Liban o\u00f9 la guerre avec Isra\u00ebl est \u00e0 son comble ? La communaut\u00e9 tunisienne au Liban, compos\u00e9e d&rsquo;environ 1970 personnes dont un quart sont des enfants mineurs, est de plus en plus inqui\u00e8te face \u00e0 l&rsquo;escalade du conflit et les pousse de plus en plus \u00e0 envisager un retour en Tunisie.<\/p>\n<p>Une citoyenne tunisienne r\u00e9sidant au Liban est intervenue sur les ondes de Mosaique fm, aujourd\u2019hui pour t\u00e9moigner des bombardements isra\u00e9liens intensifs de la nuit derni\u00e8re.<\/p>\n<p>Elle a indiqu\u00e9 que \u00ab\u00a0cette nuit a \u00e9t\u00e9 extr\u00eamement difficile en raison des bombardements sur les banlieues de Beyrouth, appelant les autorit\u00e9s tunisiennes \u00e0 intervenir pour \u00e9vacuer les Tunisiens bloqu\u00e9s au Liban\u00a0\u00bb.<\/p>\n<p>Elle a soulign\u00e9 que des familles tunisiennes \u00e9taient contraintes de passer la nuit dans les rues par crainte des frappes de l&rsquo;occupant, notant que les prix des billets d&rsquo;avion sont devenus exorbitants, a-t-elle d\u00e9plor\u00e9.<\/p>\n<p>Et pourtant, l&rsquo;ambassadeur de Tunisie \u00e0 Beyrouth, Bouraoui Limam, avait tenu \u00e0 \u00eatre rassurant cette semaine en indiquant que tous les ressortissants tunisiens au Liban sont sains et saufs et qu&rsquo;aucun d\u00e9c\u00e8s ni bless\u00e9 n&rsquo;avait \u00e9t\u00e9 enregistr\u00e9 parmi eux, affirmant \u00eatre en contact constant avec eux depuis le d\u00e9clenchement des affrontements entre la r\u00e9sistance libanaise et les forces d&rsquo;occupation isra\u00e9liennes dans le sud du Liban.<\/p>\n<p>Dans ce contexte alarmant, l\u2019ambassade de Tunisie avait appel\u00e9 les ressortissants tunisiens pr\u00e9sents dans ces zones \u00e0 les quitter imm\u00e9diatement et \u00e0 se r\u00e9fugier dans des endroits plus s\u00fbrs et si n\u00e9cessaire, dans les centres d&rsquo;h\u00e9bergement install\u00e9s par les autorit\u00e9s libanaises aux personnes d\u00e9plac\u00e9es.<\/p>\n<p>L&rsquo;ambassade tunisienne \u00e0 Beyrouth aurait m\u00eame re\u00e7u plusieurs demandes de rapatriement de la part de membres de la communaut\u00e9. Comme l&rsquo;a d\u00e9clar\u00e9 l\u2019ambassadeur \u00e0 l&rsquo;agence TAP. \u00ab\u00a0L&rsquo;ambassade tunisienne \u00e0 Beyrouth a re\u00e7u de nombreux appels de membres de la communaut\u00e9 tunisienne r\u00e9sidant au Liban, exprimant leur d\u00e9sir de retourner dans leur pays d&rsquo;origine\u00a0\u00bb, pr\u00e9cisant que cette proc\u00e9dure est soumise aux d\u00e9veloppements sur le terrain et aux mesures administratives, logistiques et s\u00e9curitaires qui seront prises par le pays h\u00f4te (\u2026)\u00a0\u00bb.<\/p>\n<p>Face \u00e0 cette situation, les services diplomatiques se tiennent pr\u00eats \u00e0 intervenir pour assurer l&rsquo;h\u00e9bergement des Tunisiens ayant quitt\u00e9 leur domicile, en coordination avec les autorit\u00e9s libanaises. L&rsquo;ambassade a \u00e9galement mis en place des lignes d&rsquo;urgence et un formulaire en ligne pour faciliter les \u00e9ventuelles proc\u00e9dures de d\u00e9part.<\/p>\n","protected":false},"excerpt":{"rendered":"<p>Comment vont les Tunisiens install\u00e9s au Liban o\u00f9 la guerre avec Isra\u00ebl est \u00e0 son comble ? La communaut\u00e9 tunisienne au Liban, compos\u00e9e d&rsquo;environ 1970 personnes d&#8230;<\/p>\n","protected":false},"author":3162,"featured_media":291114,"comment_status":"open","ping_status":"closed","sticky":false,"template":"","format":"standard","meta":{"footnotes":""},"categories":[44],"tags":[10466,4635,2600,3920,3317],"class_list":["post-216674","post","type-post","status-publish","format-standard","has-post-thumbnail","hentry","category-national","tag-communaute-tunisienne","tag-evacuation","tag-guerre","tag-liban","tag-tunisiens"],"yoast_head":"<!-- This site is optimized with the Yoast SEO Premium plugin v27.4 (Yoast SEO v27.5) - https:\/\/yoast.com\/product\/yoast-seo-premium-wordpress\/ -->\n<title>Des Tunisiens bloqu\u00e9s au Liban lancent un cri d\u2019alarme<\/title>\n<meta name=\"description\" content=\"Comment vont les Tunisiens install\u00e9s au Liban o\u00f9 la guerre avec Isra\u00ebl est \u00e0 son comble ? La communaut\u00e9 tunisienne au Liban, compos\u00e9e d&#039;environ 1970 personnes d...\" \/>\n<link rel=\"canonical\" href=\"https:\/\/www.webdo.tn\/fr\/actualite\/national\/des-tunisiens-bloques-au-liban-lancent-un-cri-d-alarme\/216674\/\" \/>\n<meta property=\"og:locale\" content=\"fr_FR\" \/>\n<meta property=\"og:type\" content=\"article\" \/>\n<meta property=\"og:title\" content=\"Des Tunisiens bloqu\u00e9s au Liban lancent un cri d\u2019alarme\" \/>\n<meta property=\"og:description\" content=\"Comment vont les Tunisiens install\u00e9s au Liban o\u00f9 la guerre avec Isra\u00ebl est \u00e0 son comble ? La communaut\u00e9 tunisienne au Liban, compos\u00e9e d&#039;environ 1970 personnes d...\" \/>\n<meta property=\"og:url\" content=\"https:\/\/www.webdo.tn\/fr\/actualite\/national\/des-tunisiens-bloques-au-liban-lancent-un-cri-d-alarme\/216674\/\" \/>\n<meta property=\"og:site_name\" content=\"webdo\" \/>\n<meta property=\"article:publisher\" content=\"https:\/\/www.facebook.com\/webdotn\" \/>\n<meta property=\"article:published_time\" content=\"2024-09-28T12:28:00+00:00\" \/>\n<meta property=\"article:modified_time\" content=\"2025-05-20T22:14:17+00:00\" \/>\n<meta property=\"og:image\" content=\"https:\/\/www.webdo.tn\/fr\/wp-content\/uploads\/2024\/09\/1d3a8a445b3912eb622dd449aba718ec.webp\" \/>\n\t<meta property=\"og:image:width\" content=\"750\" \/>\n\t<meta property=\"og:image:height\" content=\"400\" \/>\n\t<meta property=\"og:image:type\" content=\"image\/webp\" \/>\n<meta name=\"author\" content=\"MC\" \/>\n<meta name=\"twitter:card\" content=\"summary_large_image\" \/>\n<meta name=\"twitter:creator\" content=\"@webdo_tn\" \/>\n<meta name=\"twitter:site\" content=\"@webdo_tn\" \/>\n<meta name=\"twitter:label1\" content=\"\u00c9crit par\" \/>\n\t<meta name=\"twitter:data1\" content=\"MC\" \/>\n\t<meta name=\"twitter:label2\" content=\"Dur\u00e9e de lecture estim\u00e9e\" \/>\n\t<meta name=\"twitter:data2\" content=\"2 minutes\" \/>\n<script type=\"application\/ld+json\" class=\"yoast-schema-graph\">{\"@context\":\"https:\\\/\\\/schema.org\",\"@graph\":[{\"@type\":\"NewsArticle\",\"@id\":\"https:\\\/\\\/www.webdo.tn\\\/fr\\\/actualite\\\/national\\\/des-tunisiens-bloques-au-liban-lancent-un-cri-d-alarme\\\/216674\\\/#article\",\"isPartOf\":{\"@id\":\"https:\\\/\\\/www.webdo.tn\\\/fr\\\/actualite\\\/national\\\/des-tunisiens-bloques-au-liban-lancent-un-cri-d-alarme\\\/216674\\\/\"},\"author\":{\"name\":\"MC\",\"@id\":\"https:\\\/\\\/www.webdo.tn\\\/fr\\\/#\\\/schema\\\/person\\\/2c4929cbf5a809e3bd38617c6ce150f6\"},\"headline\":\"Des Tunisiens bloqu\u00e9s au Liban lancent un cri d\u2019alarme\",\"datePublished\":\"2024-09-28T12:28:00+00:00\",\"dateModified\":\"2025-05-20T22:14:17+00:00\",\"mainEntityOfPage\":{\"@id\":\"https:\\\/\\\/www.webdo.tn\\\/fr\\\/actualite\\\/national\\\/des-tunisiens-bloques-au-liban-lancent-un-cri-d-alarme\\\/216674\\\/\"},\"wordCount\":497,\"commentCount\":0,\"publisher\":{\"@id\":\"https:\\\/\\\/www.webdo.tn\\\/fr\\\/#organization\"},\"image\":{\"@id\":\"https:\\\/\\\/www.webdo.tn\\\/fr\\\/actualite\\\/national\\\/des-tunisiens-bloques-au-liban-lancent-un-cri-d-alarme\\\/216674\\\/#primaryimage\"},\"thumbnailUrl\":\"https:\\\/\\\/www.webdo.tn\\\/fr\\\/wp-content\\\/uploads\\\/2024\\\/09\\\/1d3a8a445b3912eb622dd449aba718ec.webp\",\"keywords\":[\"'communaut\u00e9 tunisienne']\",\"\u00e9vacuation\",\"guerre\",\"liban\",\"Tunisiens\"],\"articleSection\":[\"National\"],\"inLanguage\":\"fr-FR\"},{\"@type\":\"WebPage\",\"@id\":\"https:\\\/\\\/www.webdo.tn\\\/fr\\\/actualite\\\/national\\\/des-tunisiens-bloques-au-liban-lancent-un-cri-d-alarme\\\/216674\\\/\",\"url\":\"https:\\\/\\\/www.webdo.tn\\\/fr\\\/actualite\\\/national\\\/des-tunisiens-bloques-au-liban-lancent-un-cri-d-alarme\\\/216674\\\/\",\"name\":\"Des Tunisiens bloqu\u00e9s au Liban lancent un cri d\u2019alarme\",\"isPartOf\":{\"@id\":\"https:\\\/\\\/www.webdo.tn\\\/fr\\\/#website\"},\"primaryImageOfPage\":{\"@id\":\"https:\\\/\\\/www.webdo.tn\\\/fr\\\/actualite\\\/national\\\/des-tunisiens-bloques-au-liban-lancent-un-cri-d-alarme\\\/216674\\\/#primaryimage\"},\"image\":{\"@id\":\"https:\\\/\\\/www.webdo.tn\\\/fr\\\/actualite\\\/national\\\/des-tunisiens-bloques-au-liban-lancent-un-cri-d-alarme\\\/216674\\\/#primaryimage\"},\"thumbnailUrl\":\"https:\\\/\\\/www.webdo.tn\\\/fr\\\/wp-content\\\/uploads\\\/2024\\\/09\\\/1d3a8a445b3912eb622dd449aba718ec.webp\",\"datePublished\":\"2024-09-28T12:28:00+00:00\",\"dateModified\":\"2025-05-20T22:14:17+00:00\",\"description\":\"Comment vont les Tunisiens install\u00e9s au Liban o\u00f9 la guerre avec Isra\u00ebl est \u00e0 son comble ? La communaut\u00e9 tunisienne au Liban, compos\u00e9e d'environ 1970 personnes d...\",\"breadcrumb\":{\"@id\":\"https:\\\/\\\/www.webdo.tn\\\/fr\\\/actualite\\\/national\\\/des-tunisiens-bloques-au-liban-lancent-un-cri-d-alarme\\\/216674\\\/#breadcrumb\"},\"inLanguage\":\"fr-FR\",\"potentialAction\":[{\"@type\":\"ReadAction\",\"target\":[\"https:\\\/\\\/www.webdo.tn\\\/fr\\\/actualite\\\/national\\\/des-tunisiens-bloques-au-liban-lancent-un-cri-d-alarme\\\/216674\\\/\"]}]},{\"@type\":\"ImageObject\",\"inLanguage\":\"fr-FR\",\"@id\":\"https:\\\/\\\/www.webdo.tn\\\/fr\\\/actualite\\\/national\\\/des-tunisiens-bloques-au-liban-lancent-un-cri-d-alarme\\\/216674\\\/#primaryimage\",\"url\":\"https:\\\/\\\/www.webdo.tn\\\/fr\\\/wp-content\\\/uploads\\\/2024\\\/09\\\/1d3a8a445b3912eb622dd449aba718ec.webp\",\"contentUrl\":\"https:\\\/\\\/www.webdo.tn\\\/fr\\\/wp-content\\\/uploads\\\/2024\\\/09\\\/1d3a8a445b3912eb622dd449aba718ec.webp\",\"width\":750,\"height\":400,\"caption\":\"Des Tunisiens bloqu\u00e9s au Liban lancent un cri d\u2019alarme\"},{\"@type\":\"BreadcrumbList\",\"@id\":\"https:\\\/\\\/www.webdo.tn\\\/fr\\\/actualite\\\/national\\\/des-tunisiens-bloques-au-liban-lancent-un-cri-d-alarme\\\/216674\\\/#breadcrumb\",\"itemListElement\":[{\"@type\":\"ListItem\",\"position\":1,\"name\":\"Accueil\",\"item\":\"https:\\\/\\\/www.webdo.tn\\\/fr\\\/\"},{\"@type\":\"ListItem\",\"position\":2,\"name\":\"Des Tunisiens bloqu\u00e9s au Liban lancent un cri d\u2019alarme\"}]},{\"@type\":\"WebSite\",\"@id\":\"https:\\\/\\\/www.webdo.tn\\\/fr\\\/#website\",\"url\":\"https:\\\/\\\/www.webdo.tn\\\/fr\\\/\",\"name\":\"webdo\",\"description\":\"Tunisie - News en Tunisie et \u00e0 l&#039;international sur Webdo.tn\",\"publisher\":{\"@id\":\"https:\\\/\\\/www.webdo.tn\\\/fr\\\/#organization\"},\"potentialAction\":[{\"@type\":\"SearchAction\",\"target\":{\"@type\":\"EntryPoint\",\"urlTemplate\":\"https:\\\/\\\/www.webdo.tn\\\/fr\\\/?s={search_term_string}\"},\"query-input\":{\"@type\":\"PropertyValueSpecification\",\"valueRequired\":true,\"valueName\":\"search_term_string\"}}],\"inLanguage\":\"fr-FR\"},{\"@type\":\"Organization\",\"@id\":\"https:\\\/\\\/www.webdo.tn\\\/fr\\\/#organization\",\"name\":\"Webdo\",\"alternateName\":\"Webdo.tn\",\"url\":\"https:\\\/\\\/www.webdo.tn\\\/fr\\\/\",\"logo\":{\"@type\":\"ImageObject\",\"inLanguage\":\"fr-FR\",\"@id\":\"https:\\\/\\\/www.webdo.tn\\\/fr\\\/#\\\/schema\\\/logo\\\/image\\\/\",\"url\":\"https:\\\/\\\/www.webdo.tn\\\/fr\\\/wp-content\\\/uploads\\\/2025\\\/06\\\/Webdo-Tunisie_168377.jpg\",\"contentUrl\":\"https:\\\/\\\/www.webdo.tn\\\/fr\\\/wp-content\\\/uploads\\\/2025\\\/06\\\/Webdo-Tunisie_168377.jpg\",\"width\":301,\"height\":301,\"caption\":\"Webdo\"},\"image\":{\"@id\":\"https:\\\/\\\/www.webdo.tn\\\/fr\\\/#\\\/schema\\\/logo\\\/image\\\/\"},\"sameAs\":[\"https:\\\/\\\/www.facebook.com\\\/webdotn\",\"https:\\\/\\\/x.com\\\/webdo_tn\"],\"description\":\"Webdo est un m\u00e9dia num\u00e9rique tunisien fond\u00e9 en 2010, sp\u00e9cialis\u00e9 dans l\u2019actualit\u00e9 nationale et internationale, l\u2019\u00e9conomie, la soci\u00e9t\u00e9 et les analyses politiques. Le site s\u2019adresse \u00e0 un large public francophone et couvre l\u2019information tunisienne en temps r\u00e9el.\",\"email\":\"redac@webdo.tn\",\"legalName\":\"YNJ SARL\",\"foundingDate\":\"2010-09-06\",\"numberOfEmployees\":{\"@type\":\"QuantitativeValue\",\"minValue\":\"11\",\"maxValue\":\"50\"}},{\"@type\":\"Person\",\"@id\":\"https:\\\/\\\/www.webdo.tn\\\/fr\\\/#\\\/schema\\\/person\\\/2c4929cbf5a809e3bd38617c6ce150f6\",\"name\":\"MC\",\"image\":{\"@type\":\"ImageObject\",\"inLanguage\":\"fr-FR\",\"@id\":\"https:\\\/\\\/secure.gravatar.com\\\/avatar\\\/a545bbb6f84efdd5553dbbc2895e3ca8f1d12c5215e00a041c9670b54aa9b18a?s=96&d=mm&r=g\",\"url\":\"https:\\\/\\\/secure.gravatar.com\\\/avatar\\\/a545bbb6f84efdd5553dbbc2895e3ca8f1d12c5215e00a041c9670b54aa9b18a?s=96&d=mm&r=g\",\"contentUrl\":\"https:\\\/\\\/secure.gravatar.com\\\/avatar\\\/a545bbb6f84efdd5553dbbc2895e3ca8f1d12c5215e00a041c9670b54aa9b18a?s=96&d=mm&r=g\",\"caption\":\"MC\"},\"url\":\"https:\\\/\\\/www.webdo.tn\\\/fr\\\/actualite\\\/author\\\/mc\\\/\"}]}<\/script>\n<!-- \/ Yoast SEO Premium plugin. -->","yoast_head_json":{"title":"Des Tunisiens bloqu\u00e9s au Liban lancent un cri d\u2019alarme","description":"Comment vont les Tunisiens install\u00e9s au Liban o\u00f9 la guerre avec Isra\u00ebl est \u00e0 son comble ? La communaut\u00e9 tunisienne au Liban, compos\u00e9e d'environ 1970 personnes d...","canonical":"https:\/\/www.webdo.tn\/fr\/actualite\/national\/des-tunisiens-bloques-au-liban-lancent-un-cri-d-alarme\/216674\/","og_locale":"fr_FR","og_type":"article","og_title":"Des Tunisiens bloqu\u00e9s au Liban lancent un cri d\u2019alarme","og_description":"Comment vont les Tunisiens install\u00e9s au Liban o\u00f9 la guerre avec Isra\u00ebl est \u00e0 son comble ? La communaut\u00e9 tunisienne au Liban, compos\u00e9e d'environ 1970 personnes d...","og_url":"https:\/\/www.webdo.tn\/fr\/actualite\/national\/des-tunisiens-bloques-au-liban-lancent-un-cri-d-alarme\/216674\/","og_site_name":"webdo","article_publisher":"https:\/\/www.facebook.com\/webdotn","article_published_time":"2024-09-28T12:28:00+00:00","article_modified_time":"2025-05-20T22:14:17+00:00","og_image":[{"width":750,"height":400,"url":"https:\/\/www.webdo.tn\/fr\/wp-content\/uploads\/2024\/09\/1d3a8a445b3912eb622dd449aba718ec.webp","type":"image\/webp"}],"author":"MC","twitter_card":"summary_large_image","twitter_creator":"@webdo_tn","twitter_site":"@webdo_tn","twitter_misc":{"\u00c9crit par":"MC","Dur\u00e9e de lecture estim\u00e9e":"2 minutes"},"schema":{"@context":"https:\/\/schema.org","@graph":[{"@type":"NewsArticle","@id":"https:\/\/www.webdo.tn\/fr\/actualite\/national\/des-tunisiens-bloques-au-liban-lancent-un-cri-d-alarme\/216674\/#article","isPartOf":{"@id":"https:\/\/www.webdo.tn\/fr\/actualite\/national\/des-tunisiens-bloques-au-liban-lancent-un-cri-d-alarme\/216674\/"},"author":{"name":"MC","@id":"https:\/\/www.webdo.tn\/fr\/#\/schema\/person\/2c4929cbf5a809e3bd38617c6ce150f6"},"headline":"Des Tunisiens bloqu\u00e9s au Liban lancent un cri d\u2019alarme","datePublished":"2024-09-28T12:28:00+00:00","dateModified":"2025-05-20T22:14:17+00:00","mainEntityOfPage":{"@id":"https:\/\/www.webdo.tn\/fr\/actualite\/national\/des-tunisiens-bloques-au-liban-lancent-un-cri-d-alarme\/216674\/"},"wordCount":497,"commentCount":0,"publisher":{"@id":"https:\/\/www.webdo.tn\/fr\/#organization"},"image":{"@id":"https:\/\/www.webdo.tn\/fr\/actualite\/national\/des-tunisiens-bloques-au-liban-lancent-un-cri-d-alarme\/216674\/#primaryimage"},"thumbnailUrl":"https:\/\/www.webdo.tn\/fr\/wp-content\/uploads\/2024\/09\/1d3a8a445b3912eb622dd449aba718ec.webp","keywords":["'communaut\u00e9 tunisienne']","\u00e9vacuation","guerre","liban","Tunisiens"],"articleSection":["National"],"inLanguage":"fr-FR"},{"@type":"WebPage","@id":"https:\/\/www.webdo.tn\/fr\/actualite\/national\/des-tunisiens-bloques-au-liban-lancent-un-cri-d-alarme\/216674\/","url":"https:\/\/www.webdo.tn\/fr\/actualite\/national\/des-tunisiens-bloques-au-liban-lancent-un-cri-d-alarme\/216674\/","name":"Des Tunisiens bloqu\u00e9s au Liban lancent un cri d\u2019alarme","isPartOf":{"@id":"https:\/\/www.webdo.tn\/fr\/#website"},"primaryImageOfPage":{"@id":"https:\/\/www.webdo.tn\/fr\/actualite\/national\/des-tunisiens-bloques-au-liban-lancent-un-cri-d-alarme\/216674\/#primaryimage"},"image":{"@id":"https:\/\/www.webdo.tn\/fr\/actualite\/national\/des-tunisiens-bloques-au-liban-lancent-un-cri-d-alarme\/216674\/#primaryimage"},"thumbnailUrl":"https:\/\/www.webdo.tn\/fr\/wp-content\/uploads\/2024\/09\/1d3a8a445b3912eb622dd449aba718ec.webp","datePublished":"2024-09-28T12:28:00+00:00","dateModified":"2025-05-20T22:14:17+00:00","description":"Comment vont les Tunisiens install\u00e9s au Liban o\u00f9 la guerre avec Isra\u00ebl est \u00e0 son comble ? La communaut\u00e9 tunisienne au Liban, compos\u00e9e d'environ 1970 personnes d...","breadcrumb":{"@id":"https:\/\/www.webdo.tn\/fr\/actualite\/national\/des-tunisiens-bloques-au-liban-lancent-un-cri-d-alarme\/216674\/#breadcrumb"},"inLanguage":"fr-FR","potentialAction":[{"@type":"ReadAction","target":["https:\/\/www.webdo.tn\/fr\/actualite\/national\/des-tunisiens-bloques-au-liban-lancent-un-cri-d-alarme\/216674\/"]}]},{"@type":"ImageObject","inLanguage":"fr-FR","@id":"https:\/\/www.webdo.tn\/fr\/actualite\/national\/des-tunisiens-bloques-au-liban-lancent-un-cri-d-alarme\/216674\/#primaryimage","url":"https:\/\/www.webdo.tn\/fr\/wp-content\/uploads\/2024\/09\/1d3a8a445b3912eb622dd449aba718ec.webp","contentUrl":"https:\/\/www.webdo.tn\/fr\/wp-content\/uploads\/2024\/09\/1d3a8a445b3912eb622dd449aba718ec.webp","width":750,"height":400,"caption":"Des Tunisiens bloqu\u00e9s au Liban lancent un cri d\u2019alarme"},{"@type":"BreadcrumbList","@id":"https:\/\/www.webdo.tn\/fr\/actualite\/national\/des-tunisiens-bloques-au-liban-lancent-un-cri-d-alarme\/216674\/#breadcrumb","itemListElement":[{"@type":"ListItem","position":1,"name":"Accueil","item":"https:\/\/www.webdo.tn\/fr\/"},{"@type":"ListItem","position":2,"name":"Des Tunisiens bloqu\u00e9s au Liban lancent un cri d\u2019alarme"}]},{"@type":"WebSite","@id":"https:\/\/www.webdo.tn\/fr\/#website","url":"https:\/\/www.webdo.tn\/fr\/","name":"webdo","description":"Tunisie - News en Tunisie et \u00e0 l&#039;international sur Webdo.tn","publisher":{"@id":"https:\/\/www.webdo.tn\/fr\/#organization"},"potentialAction":[{"@type":"SearchAction","target":{"@type":"EntryPoint","urlTemplate":"https:\/\/www.webdo.tn\/fr\/?s={search_term_string}"},"query-input":{"@type":"PropertyValueSpecification","valueRequired":true,"valueName":"search_term_string"}}],"inLanguage":"fr-FR"},{"@type":"Organization","@id":"https:\/\/www.webdo.tn\/fr\/#organization","name":"Webdo","alternateName":"Webdo.tn","url":"https:\/\/www.webdo.tn\/fr\/","logo":{"@type":"ImageObject","inLanguage":"fr-FR","@id":"https:\/\/www.webdo.tn\/fr\/#\/schema\/logo\/image\/","url":"https:\/\/www.webdo.tn\/fr\/wp-content\/uploads\/2025\/06\/Webdo-Tunisie_168377.jpg","contentUrl":"https:\/\/www.webdo.tn\/fr\/wp-content\/uploads\/2025\/06\/Webdo-Tunisie_168377.jpg","width":301,"height":301,"caption":"Webdo"},"image":{"@id":"https:\/\/www.webdo.tn\/fr\/#\/schema\/logo\/image\/"},"sameAs":["https:\/\/www.facebook.com\/webdotn","https:\/\/x.com\/webdo_tn"],"description":"Webdo est un m\u00e9dia num\u00e9rique tunisien fond\u00e9 en 2010, sp\u00e9cialis\u00e9 dans l\u2019actualit\u00e9 nationale et internationale, l\u2019\u00e9conomie, la soci\u00e9t\u00e9 et les analyses politiques. Le site s\u2019adresse \u00e0 un large public francophone et couvre l\u2019information tunisienne en temps r\u00e9el.","email":"redac@webdo.tn","legalName":"YNJ SARL","foundingDate":"2010-09-06","numberOfEmployees":{"@type":"QuantitativeValue","minValue":"11","maxValue":"50"}},{"@type":"Person","@id":"https:\/\/www.webdo.tn\/fr\/#\/schema\/person\/2c4929cbf5a809e3bd38617c6ce150f6","name":"MC","image":{"@type":"ImageObject","inLanguage":"fr-FR","@id":"https:\/\/secure.gravatar.com\/avatar\/a545bbb6f84efdd5553dbbc2895e3ca8f1d12c5215e00a041c9670b54aa9b18a?s=96&d=mm&r=g","url":"https:\/\/secure.gravatar.com\/avatar\/a545bbb6f84efdd5553dbbc2895e3ca8f1d12c5215e00a041c9670b54aa9b18a?s=96&d=mm&r=g","contentUrl":"https:\/\/secure.gravatar.com\/avatar\/a545bbb6f84efdd5553dbbc2895e3ca8f1d12c5215e00a041c9670b54aa9b18a?s=96&d=mm&r=g","caption":"MC"},"url":"https:\/\/www.webdo.tn\/fr\/actualite\/author\/mc\/"}]}},"_links":{"self":[{"href":"https:\/\/www.webdo.tn\/fr\/wp-json\/wp\/v2\/posts\/216674","targetHints":{"allow":["GET"]}}],"collection":[{"href":"https:\/\/www.webdo.tn\/fr\/wp-json\/wp\/v2\/posts"}],"about":[{"href":"https:\/\/www.webdo.tn\/fr\/wp-json\/wp\/v2\/types\/post"}],"author":[{"embeddable":true,"href":"https:\/\/www.webdo.tn\/fr\/wp-json\/wp\/v2\/users\/3162"}],"replies":[{"embeddable":true,"href":"https:\/\/www.webdo.tn\/fr\/wp-json\/wp\/v2\/comments?post=216674"}],"version-history":[{"count":0,"href":"https:\/\/www.webdo.tn\/fr\/wp-json\/wp\/v2\/posts\/216674\/revisions"}],"wp:featuredmedia":[{"embeddable":true,"href":"https:\/\/www.webdo.tn\/fr\/wp-json\/wp\/v2\/media\/291114"}],"wp:attachment":[{"href":"https:\/\/www.webdo.tn\/fr\/wp-json\/wp\/v2\/media?parent=216674"}],"wp:term":[{"taxonomy":"category","embeddable":true,"href":"https:\/\/www.webdo.tn\/fr\/wp-json\/wp\/v2\/categories?post=216674"},{"taxonomy":"post_tag","embeddable":true,"href":"https:\/\/www.webdo.tn\/fr\/wp-json\/wp\/v2\/tags?post=216674"}],"curies":[{"name":"wp","href":"https:\/\/api.w.org\/{rel}","templated":true}]}}