{"id":216662,"date":"2024-09-27T22:13:00","date_gmt":"2024-09-27T22:13:00","guid":{"rendered":"https:\/\/www.webdo.tn\/fr\/blog\/tunisie-jort-fin-des-fonctions-du-chef-de-cabinet-du-ministre-de-l-education\/216662\/"},"modified":"2025-05-21T09:03:01","modified_gmt":"2025-05-21T09:03:01","slug":"tunisie-jort-fin-des-fonctions-du-chef-de-cabinet-du-ministre-de-l-education","status":"publish","type":"post","link":"https:\/\/www.webdo.tn\/fr\/actualite\/national\/tunisie-jort-fin-des-fonctions-du-chef-de-cabinet-du-ministre-de-l-education\/216662\/","title":{"rendered":"Tunisie : Fin des fonctions du chef de cabinet du ministre de l&rsquo;\u00c9ducation"},"content":{"rendered":"<p>Dans le dernier num\u00e9ro du Journal Officiel de la R\u00e9publique Tunisienne datant de ce vendredi 27 septembre 2024, a \u00e9t\u00e9 publi\u00e9 un d\u00e9cret officialisant le d\u00e9chargement de Mohamed Nouira, professeur principal \u00e9m\u00e9rite , de ses responsabilit\u00e9s en tant que chef de cabinet du ministre de l&rsquo;\u00c9ducation. Cette d\u00e9cision prend effet \u00e0 partir du 30 ao\u00fbt 2024.<\/p>\n<p>\t\t\t\t\t\t\t\t\tEn outre, le m\u00eame d\u00e9cret met \u00e9galement fin aux fonctions de Nouira en tant que charg\u00e9 de mission au sein du minist\u00e8re. Enfin, une exception lui permettant de travailler dans le secteur public a \u00e9galement \u00e9t\u00e9 lev\u00e9e, avec effet \u00e0 la m\u00eame date.<\/p>\n","protected":false},"excerpt":{"rendered":"<p>Mohamed Nouira, professeur principal \u00e9m\u00e9rite, a \u00e9t\u00e9 d\u00e9charg\u00e9 de ses fonctions au minist\u00e8re de l&rsquo;\u00c9ducation \u00e0 partir du 30 ao\u00fbt 2024, selon le Journal officiel.<\/p>\n","protected":false},"author":3166,"featured_media":246451,"comment_status":"open","ping_status":"closed","sticky":false,"template":"","format":"standard","meta":{"footnotes":""},"categories":[44],"tags":[5583,3532,2608],"class_list":["post-216662","post","type-post","status-publish","format-standard","has-post-thumbnail","hentry","category-national","tag-fin-de-fonction","tag-ministere-de-leducation","tag-tunisie"],"yoast_head":"<!-- This site is optimized with the Yoast SEO Premium plugin v27.5 (Yoast SEO v27.5) - https:\/\/yoast.com\/product\/yoast-seo-premium-wordpress\/ -->\n<title>Tunisie : Fin des fonctions du chef de cabinet du ministre de l&#039;\u00c9ducation<\/title>\n<meta name=\"description\" content=\"Mohamed Nouira, professeur principal \u00e9m\u00e9rite, a \u00e9t\u00e9 d\u00e9charg\u00e9 de ses fonctions au minist\u00e8re de l&#039;\u00c9ducation \u00e0 partir du 30 ao\u00fbt 2024, selon le Journal officiel.\" \/>\n<link rel=\"canonical\" href=\"https:\/\/www.webdo.tn\/fr\/actualite\/national\/tunisie-jort-fin-des-fonctions-du-chef-de-cabinet-du-ministre-de-l-education\/216662\/\" \/>\n<meta property=\"og:locale\" content=\"fr_FR\" \/>\n<meta property=\"og:type\" content=\"article\" \/>\n<meta property=\"og:title\" content=\"Tunisie : Fin des fonctions du chef de cabinet du ministre de l&#039;\u00c9ducation\" \/>\n<meta property=\"og:description\" content=\"Mohamed Nouira, professeur principal \u00e9m\u00e9rite, a \u00e9t\u00e9 d\u00e9charg\u00e9 de ses fonctions au minist\u00e8re de l&#039;\u00c9ducation \u00e0 partir du 30 ao\u00fbt 2024, selon le Journal officiel.\" \/>\n<meta property=\"og:url\" content=\"https:\/\/www.webdo.tn\/fr\/actualite\/national\/tunisie-jort-fin-des-fonctions-du-chef-de-cabinet-du-ministre-de-l-education\/216662\/\" \/>\n<meta property=\"og:site_name\" content=\"webdo\" \/>\n<meta property=\"article:publisher\" content=\"https:\/\/www.facebook.com\/webdotn\" \/>\n<meta property=\"article:published_time\" content=\"2024-09-27T22:13:00+00:00\" \/>\n<meta property=\"article:modified_time\" content=\"2025-05-21T09:03:01+00:00\" \/>\n<meta property=\"og:image\" content=\"https:\/\/www.webdo.tn\/fr\/wp-content\/uploads\/2024\/09\/afe0b88c8e99f7b916a6a37b9cfa9495.webp\" \/>\n\t<meta property=\"og:image:width\" content=\"750\" \/>\n\t<meta property=\"og:image:height\" content=\"400\" \/>\n\t<meta property=\"og:image:type\" content=\"image\/webp\" \/>\n<meta name=\"author\" content=\"AZ\" \/>\n<meta name=\"twitter:card\" content=\"summary_large_image\" \/>\n<meta name=\"twitter:creator\" content=\"@webdo_tn\" \/>\n<meta name=\"twitter:site\" content=\"@webdo_tn\" \/>\n<meta name=\"twitter:label1\" content=\"\u00c9crit par\" \/>\n\t<meta name=\"twitter:data1\" content=\"AZ\" \/>\n\t<meta name=\"twitter:label2\" content=\"Dur\u00e9e de lecture estim\u00e9e\" \/>\n\t<meta name=\"twitter:data2\" content=\"1 minute\" \/>\n<script type=\"application\/ld+json\" class=\"yoast-schema-graph\">{\"@context\":\"https:\\\/\\\/schema.org\",\"@graph\":[{\"@type\":\"NewsArticle\",\"@id\":\"https:\\\/\\\/www.webdo.tn\\\/fr\\\/actualite\\\/national\\\/tunisie-jort-fin-des-fonctions-du-chef-de-cabinet-du-ministre-de-l-education\\\/216662\\\/#article\",\"isPartOf\":{\"@id\":\"https:\\\/\\\/www.webdo.tn\\\/fr\\\/actualite\\\/national\\\/tunisie-jort-fin-des-fonctions-du-chef-de-cabinet-du-ministre-de-l-education\\\/216662\\\/\"},\"author\":{\"name\":\"AZ\",\"@id\":\"https:\\\/\\\/www.webdo.tn\\\/fr\\\/#\\\/schema\\\/person\\\/b8a41c04d93287d375510db360906b34\"},\"headline\":\"Tunisie : Fin des fonctions du chef de cabinet du ministre de l&rsquo;\u00c9ducation\",\"datePublished\":\"2024-09-27T22:13:00+00:00\",\"dateModified\":\"2025-05-21T09:03:01+00:00\",\"mainEntityOfPage\":{\"@id\":\"https:\\\/\\\/www.webdo.tn\\\/fr\\\/actualite\\\/national\\\/tunisie-jort-fin-des-fonctions-du-chef-de-cabinet-du-ministre-de-l-education\\\/216662\\\/\"},\"wordCount\":119,\"commentCount\":0,\"publisher\":{\"@id\":\"https:\\\/\\\/www.webdo.tn\\\/fr\\\/#organization\"},\"image\":{\"@id\":\"https:\\\/\\\/www.webdo.tn\\\/fr\\\/actualite\\\/national\\\/tunisie-jort-fin-des-fonctions-du-chef-de-cabinet-du-ministre-de-l-education\\\/216662\\\/#primaryimage\"},\"thumbnailUrl\":\"https:\\\/\\\/www.webdo.tn\\\/fr\\\/wp-content\\\/uploads\\\/2024\\\/09\\\/afe0b88c8e99f7b916a6a37b9cfa9495.webp\",\"keywords\":[\"Fin de fonction\",\"minist\u00e8re de l'Education\",\"Tunisie\"],\"articleSection\":[\"National\"],\"inLanguage\":\"fr-FR\"},{\"@type\":\"WebPage\",\"@id\":\"https:\\\/\\\/www.webdo.tn\\\/fr\\\/actualite\\\/national\\\/tunisie-jort-fin-des-fonctions-du-chef-de-cabinet-du-ministre-de-l-education\\\/216662\\\/\",\"url\":\"https:\\\/\\\/www.webdo.tn\\\/fr\\\/actualite\\\/national\\\/tunisie-jort-fin-des-fonctions-du-chef-de-cabinet-du-ministre-de-l-education\\\/216662\\\/\",\"name\":\"Tunisie : Fin des fonctions du chef de cabinet du ministre de l'\u00c9ducation\",\"isPartOf\":{\"@id\":\"https:\\\/\\\/www.webdo.tn\\\/fr\\\/#website\"},\"primaryImageOfPage\":{\"@id\":\"https:\\\/\\\/www.webdo.tn\\\/fr\\\/actualite\\\/national\\\/tunisie-jort-fin-des-fonctions-du-chef-de-cabinet-du-ministre-de-l-education\\\/216662\\\/#primaryimage\"},\"image\":{\"@id\":\"https:\\\/\\\/www.webdo.tn\\\/fr\\\/actualite\\\/national\\\/tunisie-jort-fin-des-fonctions-du-chef-de-cabinet-du-ministre-de-l-education\\\/216662\\\/#primaryimage\"},\"thumbnailUrl\":\"https:\\\/\\\/www.webdo.tn\\\/fr\\\/wp-content\\\/uploads\\\/2024\\\/09\\\/afe0b88c8e99f7b916a6a37b9cfa9495.webp\",\"datePublished\":\"2024-09-27T22:13:00+00:00\",\"dateModified\":\"2025-05-21T09:03:01+00:00\",\"description\":\"Mohamed Nouira, professeur principal \u00e9m\u00e9rite, a \u00e9t\u00e9 d\u00e9charg\u00e9 de ses fonctions au minist\u00e8re de l'\u00c9ducation \u00e0 partir du 30 ao\u00fbt 2024, selon le Journal officiel.\",\"breadcrumb\":{\"@id\":\"https:\\\/\\\/www.webdo.tn\\\/fr\\\/actualite\\\/national\\\/tunisie-jort-fin-des-fonctions-du-chef-de-cabinet-du-ministre-de-l-education\\\/216662\\\/#breadcrumb\"},\"inLanguage\":\"fr-FR\",\"potentialAction\":[{\"@type\":\"ReadAction\",\"target\":[\"https:\\\/\\\/www.webdo.tn\\\/fr\\\/actualite\\\/national\\\/tunisie-jort-fin-des-fonctions-du-chef-de-cabinet-du-ministre-de-l-education\\\/216662\\\/\"]}]},{\"@type\":\"ImageObject\",\"inLanguage\":\"fr-FR\",\"@id\":\"https:\\\/\\\/www.webdo.tn\\\/fr\\\/actualite\\\/national\\\/tunisie-jort-fin-des-fonctions-du-chef-de-cabinet-du-ministre-de-l-education\\\/216662\\\/#primaryimage\",\"url\":\"https:\\\/\\\/www.webdo.tn\\\/fr\\\/wp-content\\\/uploads\\\/2024\\\/09\\\/afe0b88c8e99f7b916a6a37b9cfa9495.webp\",\"contentUrl\":\"https:\\\/\\\/www.webdo.tn\\\/fr\\\/wp-content\\\/uploads\\\/2024\\\/09\\\/afe0b88c8e99f7b916a6a37b9cfa9495.webp\",\"width\":750,\"height\":400,\"caption\":\"Tunisie : Fin des fonctions du chef de cabinet du ministre de l'\u00c9ducation\"},{\"@type\":\"BreadcrumbList\",\"@id\":\"https:\\\/\\\/www.webdo.tn\\\/fr\\\/actualite\\\/national\\\/tunisie-jort-fin-des-fonctions-du-chef-de-cabinet-du-ministre-de-l-education\\\/216662\\\/#breadcrumb\",\"itemListElement\":[{\"@type\":\"ListItem\",\"position\":1,\"name\":\"Accueil\",\"item\":\"https:\\\/\\\/www.webdo.tn\\\/fr\\\/\"},{\"@type\":\"ListItem\",\"position\":2,\"name\":\"Tunisie : Fin des fonctions du chef de cabinet du ministre de l&#8217;\u00c9ducation\"}]},{\"@type\":\"WebSite\",\"@id\":\"https:\\\/\\\/www.webdo.tn\\\/fr\\\/#website\",\"url\":\"https:\\\/\\\/www.webdo.tn\\\/fr\\\/\",\"name\":\"webdo\",\"description\":\"Tunisie - News en Tunisie et \u00e0 l&#039;international sur Webdo.tn\",\"publisher\":{\"@id\":\"https:\\\/\\\/www.webdo.tn\\\/fr\\\/#organization\"},\"potentialAction\":[{\"@type\":\"SearchAction\",\"target\":{\"@type\":\"EntryPoint\",\"urlTemplate\":\"https:\\\/\\\/www.webdo.tn\\\/fr\\\/?s={search_term_string}\"},\"query-input\":{\"@type\":\"PropertyValueSpecification\",\"valueRequired\":true,\"valueName\":\"search_term_string\"}}],\"inLanguage\":\"fr-FR\"},{\"@type\":\"Organization\",\"@id\":\"https:\\\/\\\/www.webdo.tn\\\/fr\\\/#organization\",\"name\":\"Webdo\",\"alternateName\":\"Webdo.tn\",\"url\":\"https:\\\/\\\/www.webdo.tn\\\/fr\\\/\",\"logo\":{\"@type\":\"ImageObject\",\"inLanguage\":\"fr-FR\",\"@id\":\"https:\\\/\\\/www.webdo.tn\\\/fr\\\/#\\\/schema\\\/logo\\\/image\\\/\",\"url\":\"https:\\\/\\\/www.webdo.tn\\\/fr\\\/wp-content\\\/uploads\\\/2025\\\/06\\\/Webdo-Tunisie_168377.jpg\",\"contentUrl\":\"https:\\\/\\\/www.webdo.tn\\\/fr\\\/wp-content\\\/uploads\\\/2025\\\/06\\\/Webdo-Tunisie_168377.jpg\",\"width\":301,\"height\":301,\"caption\":\"Webdo\"},\"image\":{\"@id\":\"https:\\\/\\\/www.webdo.tn\\\/fr\\\/#\\\/schema\\\/logo\\\/image\\\/\"},\"sameAs\":[\"https:\\\/\\\/www.facebook.com\\\/webdotn\",\"https:\\\/\\\/x.com\\\/webdo_tn\"],\"description\":\"Webdo est un m\u00e9dia num\u00e9rique tunisien fond\u00e9 en 2010, sp\u00e9cialis\u00e9 dans l\u2019actualit\u00e9 nationale et internationale, l\u2019\u00e9conomie, la soci\u00e9t\u00e9 et les analyses politiques. Le site s\u2019adresse \u00e0 un large public francophone et couvre l\u2019information tunisienne en temps r\u00e9el.\",\"email\":\"redac@webdo.tn\",\"legalName\":\"YNJ SARL\",\"foundingDate\":\"2010-09-06\",\"numberOfEmployees\":{\"@type\":\"QuantitativeValue\",\"minValue\":\"11\",\"maxValue\":\"50\"}},{\"@type\":\"Person\",\"@id\":\"https:\\\/\\\/www.webdo.tn\\\/fr\\\/#\\\/schema\\\/person\\\/b8a41c04d93287d375510db360906b34\",\"name\":\"AZ\",\"image\":{\"@type\":\"ImageObject\",\"inLanguage\":\"fr-FR\",\"@id\":\"https:\\\/\\\/secure.gravatar.com\\\/avatar\\\/492b80bada79439de4201dce15cd41eece6c277cfdf1b53382073c79105c1f89?s=96&d=mm&r=g\",\"url\":\"https:\\\/\\\/secure.gravatar.com\\\/avatar\\\/492b80bada79439de4201dce15cd41eece6c277cfdf1b53382073c79105c1f89?s=96&d=mm&r=g\",\"contentUrl\":\"https:\\\/\\\/secure.gravatar.com\\\/avatar\\\/492b80bada79439de4201dce15cd41eece6c277cfdf1b53382073c79105c1f89?s=96&d=mm&r=g\",\"caption\":\"AZ\"},\"url\":\"https:\\\/\\\/www.webdo.tn\\\/fr\\\/actualite\\\/author\\\/az\\\/\"}]}<\/script>\n<!-- \/ Yoast SEO Premium plugin. -->","yoast_head_json":{"title":"Tunisie : Fin des fonctions du chef de cabinet du ministre de l'\u00c9ducation","description":"Mohamed Nouira, professeur principal \u00e9m\u00e9rite, a \u00e9t\u00e9 d\u00e9charg\u00e9 de ses fonctions au minist\u00e8re de l'\u00c9ducation \u00e0 partir du 30 ao\u00fbt 2024, selon le Journal officiel.","canonical":"https:\/\/www.webdo.tn\/fr\/actualite\/national\/tunisie-jort-fin-des-fonctions-du-chef-de-cabinet-du-ministre-de-l-education\/216662\/","og_locale":"fr_FR","og_type":"article","og_title":"Tunisie : Fin des fonctions du chef de cabinet du ministre de l'\u00c9ducation","og_description":"Mohamed Nouira, professeur principal \u00e9m\u00e9rite, a \u00e9t\u00e9 d\u00e9charg\u00e9 de ses fonctions au minist\u00e8re de l'\u00c9ducation \u00e0 partir du 30 ao\u00fbt 2024, selon le Journal officiel.","og_url":"https:\/\/www.webdo.tn\/fr\/actualite\/national\/tunisie-jort-fin-des-fonctions-du-chef-de-cabinet-du-ministre-de-l-education\/216662\/","og_site_name":"webdo","article_publisher":"https:\/\/www.facebook.com\/webdotn","article_published_time":"2024-09-27T22:13:00+00:00","article_modified_time":"2025-05-21T09:03:01+00:00","og_image":[{"width":750,"height":400,"url":"https:\/\/www.webdo.tn\/fr\/wp-content\/uploads\/2024\/09\/afe0b88c8e99f7b916a6a37b9cfa9495.webp","type":"image\/webp"}],"author":"AZ","twitter_card":"summary_large_image","twitter_creator":"@webdo_tn","twitter_site":"@webdo_tn","twitter_misc":{"\u00c9crit par":"AZ","Dur\u00e9e de lecture estim\u00e9e":"1 minute"},"schema":{"@context":"https:\/\/schema.org","@graph":[{"@type":"NewsArticle","@id":"https:\/\/www.webdo.tn\/fr\/actualite\/national\/tunisie-jort-fin-des-fonctions-du-chef-de-cabinet-du-ministre-de-l-education\/216662\/#article","isPartOf":{"@id":"https:\/\/www.webdo.tn\/fr\/actualite\/national\/tunisie-jort-fin-des-fonctions-du-chef-de-cabinet-du-ministre-de-l-education\/216662\/"},"author":{"name":"AZ","@id":"https:\/\/www.webdo.tn\/fr\/#\/schema\/person\/b8a41c04d93287d375510db360906b34"},"headline":"Tunisie : Fin des fonctions du chef de cabinet du ministre de l&rsquo;\u00c9ducation","datePublished":"2024-09-27T22:13:00+00:00","dateModified":"2025-05-21T09:03:01+00:00","mainEntityOfPage":{"@id":"https:\/\/www.webdo.tn\/fr\/actualite\/national\/tunisie-jort-fin-des-fonctions-du-chef-de-cabinet-du-ministre-de-l-education\/216662\/"},"wordCount":119,"commentCount":0,"publisher":{"@id":"https:\/\/www.webdo.tn\/fr\/#organization"},"image":{"@id":"https:\/\/www.webdo.tn\/fr\/actualite\/national\/tunisie-jort-fin-des-fonctions-du-chef-de-cabinet-du-ministre-de-l-education\/216662\/#primaryimage"},"thumbnailUrl":"https:\/\/www.webdo.tn\/fr\/wp-content\/uploads\/2024\/09\/afe0b88c8e99f7b916a6a37b9cfa9495.webp","keywords":["Fin de fonction","minist\u00e8re de l'Education","Tunisie"],"articleSection":["National"],"inLanguage":"fr-FR"},{"@type":"WebPage","@id":"https:\/\/www.webdo.tn\/fr\/actualite\/national\/tunisie-jort-fin-des-fonctions-du-chef-de-cabinet-du-ministre-de-l-education\/216662\/","url":"https:\/\/www.webdo.tn\/fr\/actualite\/national\/tunisie-jort-fin-des-fonctions-du-chef-de-cabinet-du-ministre-de-l-education\/216662\/","name":"Tunisie : Fin des fonctions du chef de cabinet du ministre de l'\u00c9ducation","isPartOf":{"@id":"https:\/\/www.webdo.tn\/fr\/#website"},"primaryImageOfPage":{"@id":"https:\/\/www.webdo.tn\/fr\/actualite\/national\/tunisie-jort-fin-des-fonctions-du-chef-de-cabinet-du-ministre-de-l-education\/216662\/#primaryimage"},"image":{"@id":"https:\/\/www.webdo.tn\/fr\/actualite\/national\/tunisie-jort-fin-des-fonctions-du-chef-de-cabinet-du-ministre-de-l-education\/216662\/#primaryimage"},"thumbnailUrl":"https:\/\/www.webdo.tn\/fr\/wp-content\/uploads\/2024\/09\/afe0b88c8e99f7b916a6a37b9cfa9495.webp","datePublished":"2024-09-27T22:13:00+00:00","dateModified":"2025-05-21T09:03:01+00:00","description":"Mohamed Nouira, professeur principal \u00e9m\u00e9rite, a \u00e9t\u00e9 d\u00e9charg\u00e9 de ses fonctions au minist\u00e8re de l'\u00c9ducation \u00e0 partir du 30 ao\u00fbt 2024, selon le Journal officiel.","breadcrumb":{"@id":"https:\/\/www.webdo.tn\/fr\/actualite\/national\/tunisie-jort-fin-des-fonctions-du-chef-de-cabinet-du-ministre-de-l-education\/216662\/#breadcrumb"},"inLanguage":"fr-FR","potentialAction":[{"@type":"ReadAction","target":["https:\/\/www.webdo.tn\/fr\/actualite\/national\/tunisie-jort-fin-des-fonctions-du-chef-de-cabinet-du-ministre-de-l-education\/216662\/"]}]},{"@type":"ImageObject","inLanguage":"fr-FR","@id":"https:\/\/www.webdo.tn\/fr\/actualite\/national\/tunisie-jort-fin-des-fonctions-du-chef-de-cabinet-du-ministre-de-l-education\/216662\/#primaryimage","url":"https:\/\/www.webdo.tn\/fr\/wp-content\/uploads\/2024\/09\/afe0b88c8e99f7b916a6a37b9cfa9495.webp","contentUrl":"https:\/\/www.webdo.tn\/fr\/wp-content\/uploads\/2024\/09\/afe0b88c8e99f7b916a6a37b9cfa9495.webp","width":750,"height":400,"caption":"Tunisie : Fin des fonctions du chef de cabinet du ministre de l'\u00c9ducation"},{"@type":"BreadcrumbList","@id":"https:\/\/www.webdo.tn\/fr\/actualite\/national\/tunisie-jort-fin-des-fonctions-du-chef-de-cabinet-du-ministre-de-l-education\/216662\/#breadcrumb","itemListElement":[{"@type":"ListItem","position":1,"name":"Accueil","item":"https:\/\/www.webdo.tn\/fr\/"},{"@type":"ListItem","position":2,"name":"Tunisie : Fin des fonctions du chef de cabinet du ministre de l&#8217;\u00c9ducation"}]},{"@type":"WebSite","@id":"https:\/\/www.webdo.tn\/fr\/#website","url":"https:\/\/www.webdo.tn\/fr\/","name":"webdo","description":"Tunisie - News en Tunisie et \u00e0 l&#039;international sur Webdo.tn","publisher":{"@id":"https:\/\/www.webdo.tn\/fr\/#organization"},"potentialAction":[{"@type":"SearchAction","target":{"@type":"EntryPoint","urlTemplate":"https:\/\/www.webdo.tn\/fr\/?s={search_term_string}"},"query-input":{"@type":"PropertyValueSpecification","valueRequired":true,"valueName":"search_term_string"}}],"inLanguage":"fr-FR"},{"@type":"Organization","@id":"https:\/\/www.webdo.tn\/fr\/#organization","name":"Webdo","alternateName":"Webdo.tn","url":"https:\/\/www.webdo.tn\/fr\/","logo":{"@type":"ImageObject","inLanguage":"fr-FR","@id":"https:\/\/www.webdo.tn\/fr\/#\/schema\/logo\/image\/","url":"https:\/\/www.webdo.tn\/fr\/wp-content\/uploads\/2025\/06\/Webdo-Tunisie_168377.jpg","contentUrl":"https:\/\/www.webdo.tn\/fr\/wp-content\/uploads\/2025\/06\/Webdo-Tunisie_168377.jpg","width":301,"height":301,"caption":"Webdo"},"image":{"@id":"https:\/\/www.webdo.tn\/fr\/#\/schema\/logo\/image\/"},"sameAs":["https:\/\/www.facebook.com\/webdotn","https:\/\/x.com\/webdo_tn"],"description":"Webdo est un m\u00e9dia num\u00e9rique tunisien fond\u00e9 en 2010, sp\u00e9cialis\u00e9 dans l\u2019actualit\u00e9 nationale et internationale, l\u2019\u00e9conomie, la soci\u00e9t\u00e9 et les analyses politiques. Le site s\u2019adresse \u00e0 un large public francophone et couvre l\u2019information tunisienne en temps r\u00e9el.","email":"redac@webdo.tn","legalName":"YNJ SARL","foundingDate":"2010-09-06","numberOfEmployees":{"@type":"QuantitativeValue","minValue":"11","maxValue":"50"}},{"@type":"Person","@id":"https:\/\/www.webdo.tn\/fr\/#\/schema\/person\/b8a41c04d93287d375510db360906b34","name":"AZ","image":{"@type":"ImageObject","inLanguage":"fr-FR","@id":"https:\/\/secure.gravatar.com\/avatar\/492b80bada79439de4201dce15cd41eece6c277cfdf1b53382073c79105c1f89?s=96&d=mm&r=g","url":"https:\/\/secure.gravatar.com\/avatar\/492b80bada79439de4201dce15cd41eece6c277cfdf1b53382073c79105c1f89?s=96&d=mm&r=g","contentUrl":"https:\/\/secure.gravatar.com\/avatar\/492b80bada79439de4201dce15cd41eece6c277cfdf1b53382073c79105c1f89?s=96&d=mm&r=g","caption":"AZ"},"url":"https:\/\/www.webdo.tn\/fr\/actualite\/author\/az\/"}]}},"_links":{"self":[{"href":"https:\/\/www.webdo.tn\/fr\/wp-json\/wp\/v2\/posts\/216662","targetHints":{"allow":["GET"]}}],"collection":[{"href":"https:\/\/www.webdo.tn\/fr\/wp-json\/wp\/v2\/posts"}],"about":[{"href":"https:\/\/www.webdo.tn\/fr\/wp-json\/wp\/v2\/types\/post"}],"author":[{"embeddable":true,"href":"https:\/\/www.webdo.tn\/fr\/wp-json\/wp\/v2\/users\/3166"}],"replies":[{"embeddable":true,"href":"https:\/\/www.webdo.tn\/fr\/wp-json\/wp\/v2\/comments?post=216662"}],"version-history":[{"count":0,"href":"https:\/\/www.webdo.tn\/fr\/wp-json\/wp\/v2\/posts\/216662\/revisions"}],"wp:featuredmedia":[{"embeddable":true,"href":"https:\/\/www.webdo.tn\/fr\/wp-json\/wp\/v2\/media\/246451"}],"wp:attachment":[{"href":"https:\/\/www.webdo.tn\/fr\/wp-json\/wp\/v2\/media?parent=216662"}],"wp:term":[{"taxonomy":"category","embeddable":true,"href":"https:\/\/www.webdo.tn\/fr\/wp-json\/wp\/v2\/categories?post=216662"},{"taxonomy":"post_tag","embeddable":true,"href":"https:\/\/www.webdo.tn\/fr\/wp-json\/wp\/v2\/tags?post=216662"}],"curies":[{"name":"wp","href":"https:\/\/api.w.org\/{rel}","templated":true}]}}