{"id":216660,"date":"2024-09-27T21:08:00","date_gmt":"2024-09-27T21:08:00","guid":{"rendered":"https:\/\/www.webdo.tn\/fr\/blog\/l-inm-annonce-une-meteo-instable-pour-ce-samedi\/216660\/"},"modified":"2025-05-21T09:03:00","modified_gmt":"2025-05-21T09:03:00","slug":"l-inm-annonce-une-meteo-instable-pour-ce-samedi","status":"publish","type":"post","link":"https:\/\/www.webdo.tn\/fr\/actualite\/national\/l-inm-annonce-une-meteo-instable-pour-ce-samedi\/216660\/","title":{"rendered":"Tunisie : l&rsquo;INM annonce une m\u00e9t\u00e9o instable pour ce samedi"},"content":{"rendered":"<p>Ce vendredi 27 septembre 2024, l&rsquo;Institut national de la m\u00e9t\u00e9orologie a publi\u00e9 un communiqu\u00e9 annon\u00e7ant des conditions m\u00e9t\u00e9orologiques instables pour ce samedi.<\/p>\n<p>\t\t\t\t\t\t\t\t\tSelon les pr\u00e9visions, des orages et des pluies torrentielles sont attendus, avec un d\u00e9veloppement de nuages orageux commen\u00e7ant dans le nord-ouest du pays.<\/p>\n<p>Au fil de l&rsquo;apr\u00e8s-midi, ces conditions vont progressivement s&rsquo;\u00e9tendre \u00e0 d&rsquo;autres r\u00e9gions du nord et du centre, avec des averses localement intenses, particuli\u00e8rement dans les gouvernorats de Kasserine, du Kef, Siliana, Kairouan et Sousse.<\/p>\n<p>Les quantit\u00e9s de pluie attendues dans ces zones devraient varier entre 20 et 40 millim\u00e8tres. De plus, des averses de gr\u00eale pourraient se produire dans certaines localit\u00e9s. Par ailleurs, des rafales de vent pouvant d\u00e9passer temporairement 80 km\/h sont \u00e0 pr\u00e9voir lors des orages.<\/p>\n<p>Il est conseill\u00e9 aux citoyens de rester vigilants et de suivre les mises \u00e0 jour de l&rsquo;Institut national de la m\u00e9t\u00e9orologie.<\/p>\n","protected":false},"excerpt":{"rendered":"<p>Pr\u00e9visions m\u00e9t\u00e9orologiques pour le 28 septembre 2024 : temps orageux et fortes pluies attendus, avec des quantit\u00e9s de pluie variant entre 20 et 40 mm, notamment&#8230;<\/p>\n","protected":false},"author":3166,"featured_media":246450,"comment_status":"open","ping_status":"closed","sticky":false,"template":"","format":"standard","meta":{"footnotes":""},"categories":[44],"tags":[2670,3074,2671,2608],"class_list":["post-216660","post","type-post","status-publish","format-standard","has-post-thumbnail","hentry","category-national","tag-meteo","tag-orage","tag-pluie","tag-tunisie"],"yoast_head":"<!-- This site is optimized with the Yoast SEO Premium plugin v27.5 (Yoast SEO v27.5) - https:\/\/yoast.com\/product\/yoast-seo-premium-wordpress\/ -->\n<title>Tunisie : l&#039;INM annonce une m\u00e9t\u00e9o instable pour ce samedi<\/title>\n<meta name=\"description\" content=\"Pr\u00e9visions m\u00e9t\u00e9orologiques pour le 28 septembre 2024 : temps orageux et fortes pluies attendus, avec des quantit\u00e9s de pluie variant entre 20 et 40 mm, notamment...\" \/>\n<link rel=\"canonical\" href=\"https:\/\/www.webdo.tn\/fr\/actualite\/national\/l-inm-annonce-une-meteo-instable-pour-ce-samedi\/216660\/\" \/>\n<meta property=\"og:locale\" content=\"fr_FR\" \/>\n<meta property=\"og:type\" content=\"article\" \/>\n<meta property=\"og:title\" content=\"Tunisie : l&#039;INM annonce une m\u00e9t\u00e9o instable pour ce samedi\" \/>\n<meta property=\"og:description\" content=\"Pr\u00e9visions m\u00e9t\u00e9orologiques pour le 28 septembre 2024 : temps orageux et fortes pluies attendus, avec des quantit\u00e9s de pluie variant entre 20 et 40 mm, notamment...\" \/>\n<meta property=\"og:url\" content=\"https:\/\/www.webdo.tn\/fr\/actualite\/national\/l-inm-annonce-une-meteo-instable-pour-ce-samedi\/216660\/\" \/>\n<meta property=\"og:site_name\" content=\"webdo\" \/>\n<meta property=\"article:publisher\" content=\"https:\/\/www.facebook.com\/webdotn\" \/>\n<meta property=\"article:published_time\" content=\"2024-09-27T21:08:00+00:00\" \/>\n<meta property=\"article:modified_time\" content=\"2025-05-21T09:03:00+00:00\" \/>\n<meta property=\"og:image\" content=\"https:\/\/www.webdo.tn\/fr\/wp-content\/uploads\/2024\/09\/054dc05a6dbc96b9b81042e155da47db.webp\" \/>\n\t<meta property=\"og:image:width\" content=\"750\" \/>\n\t<meta property=\"og:image:height\" content=\"400\" \/>\n\t<meta property=\"og:image:type\" content=\"image\/webp\" \/>\n<meta name=\"author\" content=\"AZ\" \/>\n<meta name=\"twitter:card\" content=\"summary_large_image\" \/>\n<meta name=\"twitter:creator\" content=\"@webdo_tn\" \/>\n<meta name=\"twitter:site\" content=\"@webdo_tn\" \/>\n<meta name=\"twitter:label1\" content=\"\u00c9crit par\" \/>\n\t<meta name=\"twitter:data1\" content=\"AZ\" \/>\n\t<meta name=\"twitter:label2\" content=\"Dur\u00e9e de lecture estim\u00e9e\" \/>\n\t<meta name=\"twitter:data2\" content=\"1 minute\" \/>\n<script type=\"application\/ld+json\" class=\"yoast-schema-graph\">{\"@context\":\"https:\\\/\\\/schema.org\",\"@graph\":[{\"@type\":\"NewsArticle\",\"@id\":\"https:\\\/\\\/www.webdo.tn\\\/fr\\\/actualite\\\/national\\\/l-inm-annonce-une-meteo-instable-pour-ce-samedi\\\/216660\\\/#article\",\"isPartOf\":{\"@id\":\"https:\\\/\\\/www.webdo.tn\\\/fr\\\/actualite\\\/national\\\/l-inm-annonce-une-meteo-instable-pour-ce-samedi\\\/216660\\\/\"},\"author\":{\"name\":\"AZ\",\"@id\":\"https:\\\/\\\/www.webdo.tn\\\/fr\\\/#\\\/schema\\\/person\\\/b8a41c04d93287d375510db360906b34\"},\"headline\":\"Tunisie : l&rsquo;INM annonce une m\u00e9t\u00e9o instable pour ce samedi\",\"datePublished\":\"2024-09-27T21:08:00+00:00\",\"dateModified\":\"2025-05-21T09:03:00+00:00\",\"mainEntityOfPage\":{\"@id\":\"https:\\\/\\\/www.webdo.tn\\\/fr\\\/actualite\\\/national\\\/l-inm-annonce-une-meteo-instable-pour-ce-samedi\\\/216660\\\/\"},\"wordCount\":173,\"commentCount\":0,\"publisher\":{\"@id\":\"https:\\\/\\\/www.webdo.tn\\\/fr\\\/#organization\"},\"image\":{\"@id\":\"https:\\\/\\\/www.webdo.tn\\\/fr\\\/actualite\\\/national\\\/l-inm-annonce-une-meteo-instable-pour-ce-samedi\\\/216660\\\/#primaryimage\"},\"thumbnailUrl\":\"https:\\\/\\\/www.webdo.tn\\\/fr\\\/wp-content\\\/uploads\\\/2024\\\/09\\\/054dc05a6dbc96b9b81042e155da47db.webp\",\"keywords\":[\"m\u00e9t\u00e9o\",\"orage\",\"Pluie\",\"Tunisie\"],\"articleSection\":[\"National\"],\"inLanguage\":\"fr-FR\"},{\"@type\":\"WebPage\",\"@id\":\"https:\\\/\\\/www.webdo.tn\\\/fr\\\/actualite\\\/national\\\/l-inm-annonce-une-meteo-instable-pour-ce-samedi\\\/216660\\\/\",\"url\":\"https:\\\/\\\/www.webdo.tn\\\/fr\\\/actualite\\\/national\\\/l-inm-annonce-une-meteo-instable-pour-ce-samedi\\\/216660\\\/\",\"name\":\"Tunisie : l'INM annonce une m\u00e9t\u00e9o instable pour ce samedi\",\"isPartOf\":{\"@id\":\"https:\\\/\\\/www.webdo.tn\\\/fr\\\/#website\"},\"primaryImageOfPage\":{\"@id\":\"https:\\\/\\\/www.webdo.tn\\\/fr\\\/actualite\\\/national\\\/l-inm-annonce-une-meteo-instable-pour-ce-samedi\\\/216660\\\/#primaryimage\"},\"image\":{\"@id\":\"https:\\\/\\\/www.webdo.tn\\\/fr\\\/actualite\\\/national\\\/l-inm-annonce-une-meteo-instable-pour-ce-samedi\\\/216660\\\/#primaryimage\"},\"thumbnailUrl\":\"https:\\\/\\\/www.webdo.tn\\\/fr\\\/wp-content\\\/uploads\\\/2024\\\/09\\\/054dc05a6dbc96b9b81042e155da47db.webp\",\"datePublished\":\"2024-09-27T21:08:00+00:00\",\"dateModified\":\"2025-05-21T09:03:00+00:00\",\"description\":\"Pr\u00e9visions m\u00e9t\u00e9orologiques pour le 28 septembre 2024 : temps orageux et fortes pluies attendus, avec des quantit\u00e9s de pluie variant entre 20 et 40 mm, notamment...\",\"breadcrumb\":{\"@id\":\"https:\\\/\\\/www.webdo.tn\\\/fr\\\/actualite\\\/national\\\/l-inm-annonce-une-meteo-instable-pour-ce-samedi\\\/216660\\\/#breadcrumb\"},\"inLanguage\":\"fr-FR\",\"potentialAction\":[{\"@type\":\"ReadAction\",\"target\":[\"https:\\\/\\\/www.webdo.tn\\\/fr\\\/actualite\\\/national\\\/l-inm-annonce-une-meteo-instable-pour-ce-samedi\\\/216660\\\/\"]}]},{\"@type\":\"ImageObject\",\"inLanguage\":\"fr-FR\",\"@id\":\"https:\\\/\\\/www.webdo.tn\\\/fr\\\/actualite\\\/national\\\/l-inm-annonce-une-meteo-instable-pour-ce-samedi\\\/216660\\\/#primaryimage\",\"url\":\"https:\\\/\\\/www.webdo.tn\\\/fr\\\/wp-content\\\/uploads\\\/2024\\\/09\\\/054dc05a6dbc96b9b81042e155da47db.webp\",\"contentUrl\":\"https:\\\/\\\/www.webdo.tn\\\/fr\\\/wp-content\\\/uploads\\\/2024\\\/09\\\/054dc05a6dbc96b9b81042e155da47db.webp\",\"width\":750,\"height\":400,\"caption\":\"Tunisie : l'INM annonce une m\u00e9t\u00e9o instable pour ce samedi\"},{\"@type\":\"BreadcrumbList\",\"@id\":\"https:\\\/\\\/www.webdo.tn\\\/fr\\\/actualite\\\/national\\\/l-inm-annonce-une-meteo-instable-pour-ce-samedi\\\/216660\\\/#breadcrumb\",\"itemListElement\":[{\"@type\":\"ListItem\",\"position\":1,\"name\":\"Accueil\",\"item\":\"https:\\\/\\\/www.webdo.tn\\\/fr\\\/\"},{\"@type\":\"ListItem\",\"position\":2,\"name\":\"Tunisie : l&#8217;INM annonce une m\u00e9t\u00e9o instable pour ce samedi\"}]},{\"@type\":\"WebSite\",\"@id\":\"https:\\\/\\\/www.webdo.tn\\\/fr\\\/#website\",\"url\":\"https:\\\/\\\/www.webdo.tn\\\/fr\\\/\",\"name\":\"webdo\",\"description\":\"Tunisie - News en Tunisie et \u00e0 l&#039;international sur Webdo.tn\",\"publisher\":{\"@id\":\"https:\\\/\\\/www.webdo.tn\\\/fr\\\/#organization\"},\"potentialAction\":[{\"@type\":\"SearchAction\",\"target\":{\"@type\":\"EntryPoint\",\"urlTemplate\":\"https:\\\/\\\/www.webdo.tn\\\/fr\\\/?s={search_term_string}\"},\"query-input\":{\"@type\":\"PropertyValueSpecification\",\"valueRequired\":true,\"valueName\":\"search_term_string\"}}],\"inLanguage\":\"fr-FR\"},{\"@type\":\"Organization\",\"@id\":\"https:\\\/\\\/www.webdo.tn\\\/fr\\\/#organization\",\"name\":\"Webdo\",\"alternateName\":\"Webdo.tn\",\"url\":\"https:\\\/\\\/www.webdo.tn\\\/fr\\\/\",\"logo\":{\"@type\":\"ImageObject\",\"inLanguage\":\"fr-FR\",\"@id\":\"https:\\\/\\\/www.webdo.tn\\\/fr\\\/#\\\/schema\\\/logo\\\/image\\\/\",\"url\":\"https:\\\/\\\/www.webdo.tn\\\/fr\\\/wp-content\\\/uploads\\\/2025\\\/06\\\/Webdo-Tunisie_168377.jpg\",\"contentUrl\":\"https:\\\/\\\/www.webdo.tn\\\/fr\\\/wp-content\\\/uploads\\\/2025\\\/06\\\/Webdo-Tunisie_168377.jpg\",\"width\":301,\"height\":301,\"caption\":\"Webdo\"},\"image\":{\"@id\":\"https:\\\/\\\/www.webdo.tn\\\/fr\\\/#\\\/schema\\\/logo\\\/image\\\/\"},\"sameAs\":[\"https:\\\/\\\/www.facebook.com\\\/webdotn\",\"https:\\\/\\\/x.com\\\/webdo_tn\"],\"description\":\"Webdo est un m\u00e9dia num\u00e9rique tunisien fond\u00e9 en 2010, sp\u00e9cialis\u00e9 dans l\u2019actualit\u00e9 nationale et internationale, l\u2019\u00e9conomie, la soci\u00e9t\u00e9 et les analyses politiques. Le site s\u2019adresse \u00e0 un large public francophone et couvre l\u2019information tunisienne en temps r\u00e9el.\",\"email\":\"redac@webdo.tn\",\"legalName\":\"YNJ SARL\",\"foundingDate\":\"2010-09-06\",\"numberOfEmployees\":{\"@type\":\"QuantitativeValue\",\"minValue\":\"11\",\"maxValue\":\"50\"}},{\"@type\":\"Person\",\"@id\":\"https:\\\/\\\/www.webdo.tn\\\/fr\\\/#\\\/schema\\\/person\\\/b8a41c04d93287d375510db360906b34\",\"name\":\"AZ\",\"image\":{\"@type\":\"ImageObject\",\"inLanguage\":\"fr-FR\",\"@id\":\"https:\\\/\\\/secure.gravatar.com\\\/avatar\\\/492b80bada79439de4201dce15cd41eece6c277cfdf1b53382073c79105c1f89?s=96&d=mm&r=g\",\"url\":\"https:\\\/\\\/secure.gravatar.com\\\/avatar\\\/492b80bada79439de4201dce15cd41eece6c277cfdf1b53382073c79105c1f89?s=96&d=mm&r=g\",\"contentUrl\":\"https:\\\/\\\/secure.gravatar.com\\\/avatar\\\/492b80bada79439de4201dce15cd41eece6c277cfdf1b53382073c79105c1f89?s=96&d=mm&r=g\",\"caption\":\"AZ\"},\"url\":\"https:\\\/\\\/www.webdo.tn\\\/fr\\\/actualite\\\/author\\\/az\\\/\"}]}<\/script>\n<!-- \/ Yoast SEO Premium plugin. -->","yoast_head_json":{"title":"Tunisie : l'INM annonce une m\u00e9t\u00e9o instable pour ce samedi","description":"Pr\u00e9visions m\u00e9t\u00e9orologiques pour le 28 septembre 2024 : temps orageux et fortes pluies attendus, avec des quantit\u00e9s de pluie variant entre 20 et 40 mm, notamment...","canonical":"https:\/\/www.webdo.tn\/fr\/actualite\/national\/l-inm-annonce-une-meteo-instable-pour-ce-samedi\/216660\/","og_locale":"fr_FR","og_type":"article","og_title":"Tunisie : l'INM annonce une m\u00e9t\u00e9o instable pour ce samedi","og_description":"Pr\u00e9visions m\u00e9t\u00e9orologiques pour le 28 septembre 2024 : temps orageux et fortes pluies attendus, avec des quantit\u00e9s de pluie variant entre 20 et 40 mm, notamment...","og_url":"https:\/\/www.webdo.tn\/fr\/actualite\/national\/l-inm-annonce-une-meteo-instable-pour-ce-samedi\/216660\/","og_site_name":"webdo","article_publisher":"https:\/\/www.facebook.com\/webdotn","article_published_time":"2024-09-27T21:08:00+00:00","article_modified_time":"2025-05-21T09:03:00+00:00","og_image":[{"width":750,"height":400,"url":"https:\/\/www.webdo.tn\/fr\/wp-content\/uploads\/2024\/09\/054dc05a6dbc96b9b81042e155da47db.webp","type":"image\/webp"}],"author":"AZ","twitter_card":"summary_large_image","twitter_creator":"@webdo_tn","twitter_site":"@webdo_tn","twitter_misc":{"\u00c9crit par":"AZ","Dur\u00e9e de lecture estim\u00e9e":"1 minute"},"schema":{"@context":"https:\/\/schema.org","@graph":[{"@type":"NewsArticle","@id":"https:\/\/www.webdo.tn\/fr\/actualite\/national\/l-inm-annonce-une-meteo-instable-pour-ce-samedi\/216660\/#article","isPartOf":{"@id":"https:\/\/www.webdo.tn\/fr\/actualite\/national\/l-inm-annonce-une-meteo-instable-pour-ce-samedi\/216660\/"},"author":{"name":"AZ","@id":"https:\/\/www.webdo.tn\/fr\/#\/schema\/person\/b8a41c04d93287d375510db360906b34"},"headline":"Tunisie : l&rsquo;INM annonce une m\u00e9t\u00e9o instable pour ce samedi","datePublished":"2024-09-27T21:08:00+00:00","dateModified":"2025-05-21T09:03:00+00:00","mainEntityOfPage":{"@id":"https:\/\/www.webdo.tn\/fr\/actualite\/national\/l-inm-annonce-une-meteo-instable-pour-ce-samedi\/216660\/"},"wordCount":173,"commentCount":0,"publisher":{"@id":"https:\/\/www.webdo.tn\/fr\/#organization"},"image":{"@id":"https:\/\/www.webdo.tn\/fr\/actualite\/national\/l-inm-annonce-une-meteo-instable-pour-ce-samedi\/216660\/#primaryimage"},"thumbnailUrl":"https:\/\/www.webdo.tn\/fr\/wp-content\/uploads\/2024\/09\/054dc05a6dbc96b9b81042e155da47db.webp","keywords":["m\u00e9t\u00e9o","orage","Pluie","Tunisie"],"articleSection":["National"],"inLanguage":"fr-FR"},{"@type":"WebPage","@id":"https:\/\/www.webdo.tn\/fr\/actualite\/national\/l-inm-annonce-une-meteo-instable-pour-ce-samedi\/216660\/","url":"https:\/\/www.webdo.tn\/fr\/actualite\/national\/l-inm-annonce-une-meteo-instable-pour-ce-samedi\/216660\/","name":"Tunisie : l'INM annonce une m\u00e9t\u00e9o instable pour ce samedi","isPartOf":{"@id":"https:\/\/www.webdo.tn\/fr\/#website"},"primaryImageOfPage":{"@id":"https:\/\/www.webdo.tn\/fr\/actualite\/national\/l-inm-annonce-une-meteo-instable-pour-ce-samedi\/216660\/#primaryimage"},"image":{"@id":"https:\/\/www.webdo.tn\/fr\/actualite\/national\/l-inm-annonce-une-meteo-instable-pour-ce-samedi\/216660\/#primaryimage"},"thumbnailUrl":"https:\/\/www.webdo.tn\/fr\/wp-content\/uploads\/2024\/09\/054dc05a6dbc96b9b81042e155da47db.webp","datePublished":"2024-09-27T21:08:00+00:00","dateModified":"2025-05-21T09:03:00+00:00","description":"Pr\u00e9visions m\u00e9t\u00e9orologiques pour le 28 septembre 2024 : temps orageux et fortes pluies attendus, avec des quantit\u00e9s de pluie variant entre 20 et 40 mm, notamment...","breadcrumb":{"@id":"https:\/\/www.webdo.tn\/fr\/actualite\/national\/l-inm-annonce-une-meteo-instable-pour-ce-samedi\/216660\/#breadcrumb"},"inLanguage":"fr-FR","potentialAction":[{"@type":"ReadAction","target":["https:\/\/www.webdo.tn\/fr\/actualite\/national\/l-inm-annonce-une-meteo-instable-pour-ce-samedi\/216660\/"]}]},{"@type":"ImageObject","inLanguage":"fr-FR","@id":"https:\/\/www.webdo.tn\/fr\/actualite\/national\/l-inm-annonce-une-meteo-instable-pour-ce-samedi\/216660\/#primaryimage","url":"https:\/\/www.webdo.tn\/fr\/wp-content\/uploads\/2024\/09\/054dc05a6dbc96b9b81042e155da47db.webp","contentUrl":"https:\/\/www.webdo.tn\/fr\/wp-content\/uploads\/2024\/09\/054dc05a6dbc96b9b81042e155da47db.webp","width":750,"height":400,"caption":"Tunisie : l'INM annonce une m\u00e9t\u00e9o instable pour ce samedi"},{"@type":"BreadcrumbList","@id":"https:\/\/www.webdo.tn\/fr\/actualite\/national\/l-inm-annonce-une-meteo-instable-pour-ce-samedi\/216660\/#breadcrumb","itemListElement":[{"@type":"ListItem","position":1,"name":"Accueil","item":"https:\/\/www.webdo.tn\/fr\/"},{"@type":"ListItem","position":2,"name":"Tunisie : l&#8217;INM annonce une m\u00e9t\u00e9o instable pour ce samedi"}]},{"@type":"WebSite","@id":"https:\/\/www.webdo.tn\/fr\/#website","url":"https:\/\/www.webdo.tn\/fr\/","name":"webdo","description":"Tunisie - News en Tunisie et \u00e0 l&#039;international sur Webdo.tn","publisher":{"@id":"https:\/\/www.webdo.tn\/fr\/#organization"},"potentialAction":[{"@type":"SearchAction","target":{"@type":"EntryPoint","urlTemplate":"https:\/\/www.webdo.tn\/fr\/?s={search_term_string}"},"query-input":{"@type":"PropertyValueSpecification","valueRequired":true,"valueName":"search_term_string"}}],"inLanguage":"fr-FR"},{"@type":"Organization","@id":"https:\/\/www.webdo.tn\/fr\/#organization","name":"Webdo","alternateName":"Webdo.tn","url":"https:\/\/www.webdo.tn\/fr\/","logo":{"@type":"ImageObject","inLanguage":"fr-FR","@id":"https:\/\/www.webdo.tn\/fr\/#\/schema\/logo\/image\/","url":"https:\/\/www.webdo.tn\/fr\/wp-content\/uploads\/2025\/06\/Webdo-Tunisie_168377.jpg","contentUrl":"https:\/\/www.webdo.tn\/fr\/wp-content\/uploads\/2025\/06\/Webdo-Tunisie_168377.jpg","width":301,"height":301,"caption":"Webdo"},"image":{"@id":"https:\/\/www.webdo.tn\/fr\/#\/schema\/logo\/image\/"},"sameAs":["https:\/\/www.facebook.com\/webdotn","https:\/\/x.com\/webdo_tn"],"description":"Webdo est un m\u00e9dia num\u00e9rique tunisien fond\u00e9 en 2010, sp\u00e9cialis\u00e9 dans l\u2019actualit\u00e9 nationale et internationale, l\u2019\u00e9conomie, la soci\u00e9t\u00e9 et les analyses politiques. Le site s\u2019adresse \u00e0 un large public francophone et couvre l\u2019information tunisienne en temps r\u00e9el.","email":"redac@webdo.tn","legalName":"YNJ SARL","foundingDate":"2010-09-06","numberOfEmployees":{"@type":"QuantitativeValue","minValue":"11","maxValue":"50"}},{"@type":"Person","@id":"https:\/\/www.webdo.tn\/fr\/#\/schema\/person\/b8a41c04d93287d375510db360906b34","name":"AZ","image":{"@type":"ImageObject","inLanguage":"fr-FR","@id":"https:\/\/secure.gravatar.com\/avatar\/492b80bada79439de4201dce15cd41eece6c277cfdf1b53382073c79105c1f89?s=96&d=mm&r=g","url":"https:\/\/secure.gravatar.com\/avatar\/492b80bada79439de4201dce15cd41eece6c277cfdf1b53382073c79105c1f89?s=96&d=mm&r=g","contentUrl":"https:\/\/secure.gravatar.com\/avatar\/492b80bada79439de4201dce15cd41eece6c277cfdf1b53382073c79105c1f89?s=96&d=mm&r=g","caption":"AZ"},"url":"https:\/\/www.webdo.tn\/fr\/actualite\/author\/az\/"}]}},"_links":{"self":[{"href":"https:\/\/www.webdo.tn\/fr\/wp-json\/wp\/v2\/posts\/216660","targetHints":{"allow":["GET"]}}],"collection":[{"href":"https:\/\/www.webdo.tn\/fr\/wp-json\/wp\/v2\/posts"}],"about":[{"href":"https:\/\/www.webdo.tn\/fr\/wp-json\/wp\/v2\/types\/post"}],"author":[{"embeddable":true,"href":"https:\/\/www.webdo.tn\/fr\/wp-json\/wp\/v2\/users\/3166"}],"replies":[{"embeddable":true,"href":"https:\/\/www.webdo.tn\/fr\/wp-json\/wp\/v2\/comments?post=216660"}],"version-history":[{"count":0,"href":"https:\/\/www.webdo.tn\/fr\/wp-json\/wp\/v2\/posts\/216660\/revisions"}],"wp:featuredmedia":[{"embeddable":true,"href":"https:\/\/www.webdo.tn\/fr\/wp-json\/wp\/v2\/media\/246450"}],"wp:attachment":[{"href":"https:\/\/www.webdo.tn\/fr\/wp-json\/wp\/v2\/media?parent=216660"}],"wp:term":[{"taxonomy":"category","embeddable":true,"href":"https:\/\/www.webdo.tn\/fr\/wp-json\/wp\/v2\/categories?post=216660"},{"taxonomy":"post_tag","embeddable":true,"href":"https:\/\/www.webdo.tn\/fr\/wp-json\/wp\/v2\/tags?post=216660"}],"curies":[{"name":"wp","href":"https:\/\/api.w.org\/{rel}","templated":true}]}}