{"id":216636,"date":"2024-09-27T08:57:00","date_gmt":"2024-09-27T08:57:00","guid":{"rendered":"https:\/\/www.webdo.tn\/fr\/blog\/tunisie-cite-medicale-ouvrieres-agricoles-cnss-au-centre-d-un-cm\/216636\/"},"modified":"2025-05-20T22:14:16","modified_gmt":"2025-05-20T22:14:16","slug":"tunisie-cite-medicale-ouvrieres-agricoles-cnss-au-centre-d-un-cm","status":"publish","type":"post","link":"https:\/\/www.webdo.tn\/fr\/actualite\/national\/tunisie-cite-medicale-ouvrieres-agricoles-cnss-au-centre-d-un-cm\/216636\/","title":{"rendered":"Tunisie : Cit\u00e9 m\u00e9dicale, ouvri\u00e8res agricoles, CNSS\u2026 au centre d\u2019un CM"},"content":{"rendered":"<p>Un Conseil des ministres s\u2019est tenu hier sous la pr\u00e9sidence du chef du gouvernement, Kamel Maddouri, pour examiner et adopter une s\u00e9rie de projets de lois, de d\u00e9crets-lois et de d\u00e9crets parmi lesquels le projet de d\u00e9cret portant cr\u00e9ation de l&rsquo;\u00e9tablissement de la Cit\u00e9 m\u00e9dicale les Aghlabides \u00e0 Kairouan.<\/p>\n<p>\t\t\t\t\t\t\t\t\tLors du Conseil des ministres tenu jeudi 26 septembre plusieurs projets de lois, de d\u00e9crets-lois et de d\u00e9crets ont \u00e9t\u00e9 adopt\u00e9s.<\/p>\n<p>La Cit\u00e9 m\u00e9dicale les Aghlabides<\/p>\n<p>Le CM a adopt\u00e9 le projet de d\u00e9cret portant cr\u00e9ation de l&rsquo;\u00e9tablissement de la Cit\u00e9 m\u00e9dicale les Aghlabides \u00e0 Kairouan, fixant son organisation administrative et financi\u00e8re ainsi que ses modes de gestion, indique un communiqu\u00e9 de la pr\u00e9sidence du gouvernement.<\/p>\n<p>Ce projet de d\u00e9cret vise \u00e0 mettre en place un cadre r\u00e9glementaire pour la gestion du projet de la Cit\u00e9 m\u00e9dicale qui comprend des structures hospitali\u00e8res pluridisciplinaires ainsi que des \u00e9tablissements d&rsquo;enseignement sup\u00e9rieur, ajoute le communiqu\u00e9.<\/p>\n<p>La Fondation \u00ab\u00a0Fidaa\u00a0\u00bb<\/p>\n<p>Le Conseil a approuv\u00e9 le projet de d\u00e9cret-loi amendant et compl\u00e9tant le d\u00e9cret-loi n\u00b0 2022- 20 du 9 avril 2022, relatif \u00e0 la Fondation \u00ab\u00a0Fidaa\u00a0\u00bb pour la pr\u00e9voyance des victimes d&rsquo;actes de terrorisme parmi les militaires, les agents des forces de s\u00e9curit\u00e9 int\u00e9rieure et des douanes ainsi que les ayants droit des martyrs de la r\u00e9volution et ses bless\u00e9s.<\/p>\n<p>La r\u00e9vision de ce d\u00e9cret-loi s&rsquo;inscrit dans le cadre du renforcement de l&rsquo;assistance sociale des affili\u00e9s \u00e0 la Fondation \u00ab\u00a0Fidaa\u00a0\u00bb.<\/p>\n<p>S\u00e9curit\u00e9 sociale des ouvri\u00e8res agricoles<\/p>\n<p>Le projet de d\u00e9cret-loi relatif au syst\u00e8me de s\u00e9curit\u00e9 sociale des ouvri\u00e8res agricoles a \u00e9t\u00e9 adopt\u00e9 au cours de ce CM.<\/p>\n<p>La mise en \u0153uvre des grands projets publics<\/p>\n<p>Le CM a examin\u00e9 et adopt\u00e9 le projet de d\u00e9cret fixant les modes et les proc\u00e9dures relatives \u00e0 la mise en \u0153uvre des grands projets publics afin de lever les obstacles entravant la r\u00e9alisation et le suivi des grands projets publics, avec l\u2019objectif d\u2019acc\u00e9l\u00e9rer la mise en \u0153uvre des projets publics, reprendre les travaux des projets en suspens, attirer les investissements et garantir une meilleure comp\u00e9titivit\u00e9 des soci\u00e9t\u00e9s tunisiennes.<\/p>\n<p>Accord de pr\u00eat avec la BAD<\/p>\n<p>Le CM a approuv\u00e9 le projet de loi portant approbation de l&rsquo;accord de pr\u00eat conclu, le 13 juin 2024, entre la R\u00e9publique tunisienne et la Banque africaine de d\u00e9veloppement en sa qualit\u00e9 d&rsquo;administrateur du Fonds strat\u00e9gique pour le climat pour contribuer au financement du projet de renforcement de l&rsquo;agroforesterie et de r\u00e9habilitation des syst\u00e8mes forestiers et pastoraux d\u00e9grad\u00e9s.<\/p>\n<p>Accord de pr\u00eat avec le FIDA<\/p>\n<p>Le CM a approuv\u00e9 le projet de loi portant approbation de l&rsquo;accord de financement sign\u00e9 le 12 juillet 2024 entre la R\u00e9publique tunisienne et le Fonds international de d\u00e9veloppement agricole (FIDA) pour le cofinancement du projet int\u00e9gr\u00e9 \u00ab\u00a0Dinamo\u00a0\u00bb pour la petite agriculture de montagne dans le nord-ouest.<\/p>\n<p>Annulation des p\u00e9nalit\u00e9s de retard<\/p>\n<p>Le CM a approuv\u00e9 un projet de d\u00e9cret relatif \u00e0 l&rsquo;annulation des p\u00e9nalit\u00e9s de retard dans le paiement des cotisations aux syst\u00e8mes de s\u00e9curit\u00e9 sociale et au syst\u00e8me d&rsquo;indemnisation des dommages caus\u00e9s par les accidents du travail et les maladies professionnelles.<\/p>\n<p>Ce projet de d\u00e9cret s&rsquo;inscrit dans le cadre de l&rsquo;appui aux entreprises \u00e9conomiques pour surmonter leurs difficult\u00e9s. Il permet \u00e0 ces entreprises de payer leurs dettes aupr\u00e8s de la Caisse nationale de s\u00e9curit\u00e9 sociale (CNSS) et de pr\u00e9server les emplois qui y sont cr\u00e9\u00e9s, outre l&rsquo;appui aux efforts de la CNSS pour recouvrer les cotisations dues aux entreprises et aux personnes qui en sont redevables et les encourager \u00e0 r\u00e9gler leur situation \u00e0 l&rsquo;amiable.<\/p>\n","protected":false},"excerpt":{"rendered":"<p>Lors du Conseil des ministres tenu jeudi 26 septembre plusieurs projets de lois, de d\u00e9crets-lois et de d\u00e9crets ont \u00e9t\u00e9 adopt\u00e9s.<\/p>\n","protected":false},"author":3162,"featured_media":291103,"comment_status":"open","ping_status":"closed","sticky":false,"template":"","format":"standard","meta":{"footnotes":""},"categories":[44],"tags":[3912,3378,5449,4073,3991,2608],"class_list":["post-216636","post","type-post","status-publish","format-standard","has-post-thumbnail","hentry","category-national","tag-cite-medicale","tag-cnss","tag-conseil-des-ministres","tag-kamel-maddouri","tag-ouvrieres-agricoles","tag-tunisie"],"yoast_head":"<!-- This site is optimized with the Yoast SEO Premium plugin v27.5 (Yoast SEO v27.5) - https:\/\/yoast.com\/product\/yoast-seo-premium-wordpress\/ -->\n<title>Tunisie : Cit\u00e9 m\u00e9dicale, ouvri\u00e8res agricoles, CNSS\u2026 au centre d\u2019un CM<\/title>\n<meta name=\"description\" content=\"Lors du Conseil des ministres tenu jeudi 26 septembre plusieurs projets de lois, de d\u00e9crets-lois et de d\u00e9crets ont \u00e9t\u00e9 adopt\u00e9s.\" \/>\n<link rel=\"canonical\" href=\"https:\/\/www.webdo.tn\/fr\/actualite\/national\/tunisie-cite-medicale-ouvrieres-agricoles-cnss-au-centre-d-un-cm\/216636\/\" \/>\n<meta property=\"og:locale\" content=\"fr_FR\" \/>\n<meta property=\"og:type\" content=\"article\" \/>\n<meta property=\"og:title\" content=\"Tunisie : Cit\u00e9 m\u00e9dicale, ouvri\u00e8res agricoles, CNSS\u2026 au centre d\u2019un CM\" \/>\n<meta property=\"og:description\" content=\"Lors du Conseil des ministres tenu jeudi 26 septembre plusieurs projets de lois, de d\u00e9crets-lois et de d\u00e9crets ont \u00e9t\u00e9 adopt\u00e9s.\" \/>\n<meta property=\"og:url\" content=\"https:\/\/www.webdo.tn\/fr\/actualite\/national\/tunisie-cite-medicale-ouvrieres-agricoles-cnss-au-centre-d-un-cm\/216636\/\" \/>\n<meta property=\"og:site_name\" content=\"webdo\" \/>\n<meta property=\"article:publisher\" content=\"https:\/\/www.facebook.com\/webdotn\" \/>\n<meta property=\"article:published_time\" content=\"2024-09-27T08:57:00+00:00\" \/>\n<meta property=\"article:modified_time\" content=\"2025-05-20T22:14:16+00:00\" \/>\n<meta property=\"og:image\" content=\"https:\/\/www.webdo.tn\/fr\/wp-content\/uploads\/2024\/09\/be5b4506cf814ffb92d5c50fde2391d9.webp\" \/>\n\t<meta property=\"og:image:width\" content=\"750\" \/>\n\t<meta property=\"og:image:height\" content=\"400\" \/>\n\t<meta property=\"og:image:type\" content=\"image\/webp\" \/>\n<meta name=\"author\" content=\"MC\" \/>\n<meta name=\"twitter:card\" content=\"summary_large_image\" \/>\n<meta name=\"twitter:creator\" content=\"@webdo_tn\" \/>\n<meta name=\"twitter:site\" content=\"@webdo_tn\" \/>\n<meta name=\"twitter:label1\" content=\"\u00c9crit par\" \/>\n\t<meta name=\"twitter:data1\" content=\"MC\" \/>\n\t<meta name=\"twitter:label2\" content=\"Dur\u00e9e de lecture estim\u00e9e\" \/>\n\t<meta name=\"twitter:data2\" content=\"3 minutes\" \/>\n<script type=\"application\/ld+json\" class=\"yoast-schema-graph\">{\"@context\":\"https:\\\/\\\/schema.org\",\"@graph\":[{\"@type\":\"NewsArticle\",\"@id\":\"https:\\\/\\\/www.webdo.tn\\\/fr\\\/actualite\\\/national\\\/tunisie-cite-medicale-ouvrieres-agricoles-cnss-au-centre-d-un-cm\\\/216636\\\/#article\",\"isPartOf\":{\"@id\":\"https:\\\/\\\/www.webdo.tn\\\/fr\\\/actualite\\\/national\\\/tunisie-cite-medicale-ouvrieres-agricoles-cnss-au-centre-d-un-cm\\\/216636\\\/\"},\"author\":{\"name\":\"MC\",\"@id\":\"https:\\\/\\\/www.webdo.tn\\\/fr\\\/#\\\/schema\\\/person\\\/2c4929cbf5a809e3bd38617c6ce150f6\"},\"headline\":\"Tunisie : Cit\u00e9 m\u00e9dicale, ouvri\u00e8res agricoles, CNSS\u2026 au centre d\u2019un CM\",\"datePublished\":\"2024-09-27T08:57:00+00:00\",\"dateModified\":\"2025-05-20T22:14:16+00:00\",\"mainEntityOfPage\":{\"@id\":\"https:\\\/\\\/www.webdo.tn\\\/fr\\\/actualite\\\/national\\\/tunisie-cite-medicale-ouvrieres-agricoles-cnss-au-centre-d-un-cm\\\/216636\\\/\"},\"wordCount\":662,\"commentCount\":0,\"publisher\":{\"@id\":\"https:\\\/\\\/www.webdo.tn\\\/fr\\\/#organization\"},\"image\":{\"@id\":\"https:\\\/\\\/www.webdo.tn\\\/fr\\\/actualite\\\/national\\\/tunisie-cite-medicale-ouvrieres-agricoles-cnss-au-centre-d-un-cm\\\/216636\\\/#primaryimage\"},\"thumbnailUrl\":\"https:\\\/\\\/www.webdo.tn\\\/fr\\\/wp-content\\\/uploads\\\/2024\\\/09\\\/be5b4506cf814ffb92d5c50fde2391d9.webp\",\"keywords\":[\"Cit\u00e9 m\u00e9dicale\",\"CNSS\",\"Conseil des ministres\",\"Kamel Maddouri\",\"ouvri\u00e8res agricoles\",\"Tunisie\"],\"articleSection\":[\"National\"],\"inLanguage\":\"fr-FR\"},{\"@type\":\"WebPage\",\"@id\":\"https:\\\/\\\/www.webdo.tn\\\/fr\\\/actualite\\\/national\\\/tunisie-cite-medicale-ouvrieres-agricoles-cnss-au-centre-d-un-cm\\\/216636\\\/\",\"url\":\"https:\\\/\\\/www.webdo.tn\\\/fr\\\/actualite\\\/national\\\/tunisie-cite-medicale-ouvrieres-agricoles-cnss-au-centre-d-un-cm\\\/216636\\\/\",\"name\":\"Tunisie : Cit\u00e9 m\u00e9dicale, ouvri\u00e8res agricoles, CNSS\u2026 au centre d\u2019un CM\",\"isPartOf\":{\"@id\":\"https:\\\/\\\/www.webdo.tn\\\/fr\\\/#website\"},\"primaryImageOfPage\":{\"@id\":\"https:\\\/\\\/www.webdo.tn\\\/fr\\\/actualite\\\/national\\\/tunisie-cite-medicale-ouvrieres-agricoles-cnss-au-centre-d-un-cm\\\/216636\\\/#primaryimage\"},\"image\":{\"@id\":\"https:\\\/\\\/www.webdo.tn\\\/fr\\\/actualite\\\/national\\\/tunisie-cite-medicale-ouvrieres-agricoles-cnss-au-centre-d-un-cm\\\/216636\\\/#primaryimage\"},\"thumbnailUrl\":\"https:\\\/\\\/www.webdo.tn\\\/fr\\\/wp-content\\\/uploads\\\/2024\\\/09\\\/be5b4506cf814ffb92d5c50fde2391d9.webp\",\"datePublished\":\"2024-09-27T08:57:00+00:00\",\"dateModified\":\"2025-05-20T22:14:16+00:00\",\"description\":\"Lors du Conseil des ministres tenu jeudi 26 septembre plusieurs projets de lois, de d\u00e9crets-lois et de d\u00e9crets ont \u00e9t\u00e9 adopt\u00e9s.\",\"breadcrumb\":{\"@id\":\"https:\\\/\\\/www.webdo.tn\\\/fr\\\/actualite\\\/national\\\/tunisie-cite-medicale-ouvrieres-agricoles-cnss-au-centre-d-un-cm\\\/216636\\\/#breadcrumb\"},\"inLanguage\":\"fr-FR\",\"potentialAction\":[{\"@type\":\"ReadAction\",\"target\":[\"https:\\\/\\\/www.webdo.tn\\\/fr\\\/actualite\\\/national\\\/tunisie-cite-medicale-ouvrieres-agricoles-cnss-au-centre-d-un-cm\\\/216636\\\/\"]}]},{\"@type\":\"ImageObject\",\"inLanguage\":\"fr-FR\",\"@id\":\"https:\\\/\\\/www.webdo.tn\\\/fr\\\/actualite\\\/national\\\/tunisie-cite-medicale-ouvrieres-agricoles-cnss-au-centre-d-un-cm\\\/216636\\\/#primaryimage\",\"url\":\"https:\\\/\\\/www.webdo.tn\\\/fr\\\/wp-content\\\/uploads\\\/2024\\\/09\\\/be5b4506cf814ffb92d5c50fde2391d9.webp\",\"contentUrl\":\"https:\\\/\\\/www.webdo.tn\\\/fr\\\/wp-content\\\/uploads\\\/2024\\\/09\\\/be5b4506cf814ffb92d5c50fde2391d9.webp\",\"width\":750,\"height\":400,\"caption\":\"Tunisie : Cit\u00e9 m\u00e9dicale, ouvri\u00e8res agricoles, CNSS\u2026 au centre d\u2019un CM\"},{\"@type\":\"BreadcrumbList\",\"@id\":\"https:\\\/\\\/www.webdo.tn\\\/fr\\\/actualite\\\/national\\\/tunisie-cite-medicale-ouvrieres-agricoles-cnss-au-centre-d-un-cm\\\/216636\\\/#breadcrumb\",\"itemListElement\":[{\"@type\":\"ListItem\",\"position\":1,\"name\":\"Accueil\",\"item\":\"https:\\\/\\\/www.webdo.tn\\\/fr\\\/\"},{\"@type\":\"ListItem\",\"position\":2,\"name\":\"Tunisie : Cit\u00e9 m\u00e9dicale, ouvri\u00e8res agricoles, CNSS\u2026 au centre d\u2019un CM\"}]},{\"@type\":\"WebSite\",\"@id\":\"https:\\\/\\\/www.webdo.tn\\\/fr\\\/#website\",\"url\":\"https:\\\/\\\/www.webdo.tn\\\/fr\\\/\",\"name\":\"webdo\",\"description\":\"Tunisie - News en Tunisie et \u00e0 l&#039;international sur Webdo.tn\",\"publisher\":{\"@id\":\"https:\\\/\\\/www.webdo.tn\\\/fr\\\/#organization\"},\"potentialAction\":[{\"@type\":\"SearchAction\",\"target\":{\"@type\":\"EntryPoint\",\"urlTemplate\":\"https:\\\/\\\/www.webdo.tn\\\/fr\\\/?s={search_term_string}\"},\"query-input\":{\"@type\":\"PropertyValueSpecification\",\"valueRequired\":true,\"valueName\":\"search_term_string\"}}],\"inLanguage\":\"fr-FR\"},{\"@type\":\"Organization\",\"@id\":\"https:\\\/\\\/www.webdo.tn\\\/fr\\\/#organization\",\"name\":\"Webdo\",\"alternateName\":\"Webdo.tn\",\"url\":\"https:\\\/\\\/www.webdo.tn\\\/fr\\\/\",\"logo\":{\"@type\":\"ImageObject\",\"inLanguage\":\"fr-FR\",\"@id\":\"https:\\\/\\\/www.webdo.tn\\\/fr\\\/#\\\/schema\\\/logo\\\/image\\\/\",\"url\":\"https:\\\/\\\/www.webdo.tn\\\/fr\\\/wp-content\\\/uploads\\\/2025\\\/06\\\/Webdo-Tunisie_168377.jpg\",\"contentUrl\":\"https:\\\/\\\/www.webdo.tn\\\/fr\\\/wp-content\\\/uploads\\\/2025\\\/06\\\/Webdo-Tunisie_168377.jpg\",\"width\":301,\"height\":301,\"caption\":\"Webdo\"},\"image\":{\"@id\":\"https:\\\/\\\/www.webdo.tn\\\/fr\\\/#\\\/schema\\\/logo\\\/image\\\/\"},\"sameAs\":[\"https:\\\/\\\/www.facebook.com\\\/webdotn\",\"https:\\\/\\\/x.com\\\/webdo_tn\"],\"description\":\"Webdo est un m\u00e9dia num\u00e9rique tunisien fond\u00e9 en 2010, sp\u00e9cialis\u00e9 dans l\u2019actualit\u00e9 nationale et internationale, l\u2019\u00e9conomie, la soci\u00e9t\u00e9 et les analyses politiques. Le site s\u2019adresse \u00e0 un large public francophone et couvre l\u2019information tunisienne en temps r\u00e9el.\",\"email\":\"redac@webdo.tn\",\"legalName\":\"YNJ SARL\",\"foundingDate\":\"2010-09-06\",\"numberOfEmployees\":{\"@type\":\"QuantitativeValue\",\"minValue\":\"11\",\"maxValue\":\"50\"}},{\"@type\":\"Person\",\"@id\":\"https:\\\/\\\/www.webdo.tn\\\/fr\\\/#\\\/schema\\\/person\\\/2c4929cbf5a809e3bd38617c6ce150f6\",\"name\":\"MC\",\"image\":{\"@type\":\"ImageObject\",\"inLanguage\":\"fr-FR\",\"@id\":\"https:\\\/\\\/secure.gravatar.com\\\/avatar\\\/a545bbb6f84efdd5553dbbc2895e3ca8f1d12c5215e00a041c9670b54aa9b18a?s=96&d=mm&r=g\",\"url\":\"https:\\\/\\\/secure.gravatar.com\\\/avatar\\\/a545bbb6f84efdd5553dbbc2895e3ca8f1d12c5215e00a041c9670b54aa9b18a?s=96&d=mm&r=g\",\"contentUrl\":\"https:\\\/\\\/secure.gravatar.com\\\/avatar\\\/a545bbb6f84efdd5553dbbc2895e3ca8f1d12c5215e00a041c9670b54aa9b18a?s=96&d=mm&r=g\",\"caption\":\"MC\"},\"url\":\"https:\\\/\\\/www.webdo.tn\\\/fr\\\/actualite\\\/author\\\/mc\\\/\"}]}<\/script>\n<!-- \/ Yoast SEO Premium plugin. -->","yoast_head_json":{"title":"Tunisie : Cit\u00e9 m\u00e9dicale, ouvri\u00e8res agricoles, CNSS\u2026 au centre d\u2019un CM","description":"Lors du Conseil des ministres tenu jeudi 26 septembre plusieurs projets de lois, de d\u00e9crets-lois et de d\u00e9crets ont \u00e9t\u00e9 adopt\u00e9s.","canonical":"https:\/\/www.webdo.tn\/fr\/actualite\/national\/tunisie-cite-medicale-ouvrieres-agricoles-cnss-au-centre-d-un-cm\/216636\/","og_locale":"fr_FR","og_type":"article","og_title":"Tunisie : Cit\u00e9 m\u00e9dicale, ouvri\u00e8res agricoles, CNSS\u2026 au centre d\u2019un CM","og_description":"Lors du Conseil des ministres tenu jeudi 26 septembre plusieurs projets de lois, de d\u00e9crets-lois et de d\u00e9crets ont \u00e9t\u00e9 adopt\u00e9s.","og_url":"https:\/\/www.webdo.tn\/fr\/actualite\/national\/tunisie-cite-medicale-ouvrieres-agricoles-cnss-au-centre-d-un-cm\/216636\/","og_site_name":"webdo","article_publisher":"https:\/\/www.facebook.com\/webdotn","article_published_time":"2024-09-27T08:57:00+00:00","article_modified_time":"2025-05-20T22:14:16+00:00","og_image":[{"width":750,"height":400,"url":"https:\/\/www.webdo.tn\/fr\/wp-content\/uploads\/2024\/09\/be5b4506cf814ffb92d5c50fde2391d9.webp","type":"image\/webp"}],"author":"MC","twitter_card":"summary_large_image","twitter_creator":"@webdo_tn","twitter_site":"@webdo_tn","twitter_misc":{"\u00c9crit par":"MC","Dur\u00e9e de lecture estim\u00e9e":"3 minutes"},"schema":{"@context":"https:\/\/schema.org","@graph":[{"@type":"NewsArticle","@id":"https:\/\/www.webdo.tn\/fr\/actualite\/national\/tunisie-cite-medicale-ouvrieres-agricoles-cnss-au-centre-d-un-cm\/216636\/#article","isPartOf":{"@id":"https:\/\/www.webdo.tn\/fr\/actualite\/national\/tunisie-cite-medicale-ouvrieres-agricoles-cnss-au-centre-d-un-cm\/216636\/"},"author":{"name":"MC","@id":"https:\/\/www.webdo.tn\/fr\/#\/schema\/person\/2c4929cbf5a809e3bd38617c6ce150f6"},"headline":"Tunisie : Cit\u00e9 m\u00e9dicale, ouvri\u00e8res agricoles, CNSS\u2026 au centre d\u2019un CM","datePublished":"2024-09-27T08:57:00+00:00","dateModified":"2025-05-20T22:14:16+00:00","mainEntityOfPage":{"@id":"https:\/\/www.webdo.tn\/fr\/actualite\/national\/tunisie-cite-medicale-ouvrieres-agricoles-cnss-au-centre-d-un-cm\/216636\/"},"wordCount":662,"commentCount":0,"publisher":{"@id":"https:\/\/www.webdo.tn\/fr\/#organization"},"image":{"@id":"https:\/\/www.webdo.tn\/fr\/actualite\/national\/tunisie-cite-medicale-ouvrieres-agricoles-cnss-au-centre-d-un-cm\/216636\/#primaryimage"},"thumbnailUrl":"https:\/\/www.webdo.tn\/fr\/wp-content\/uploads\/2024\/09\/be5b4506cf814ffb92d5c50fde2391d9.webp","keywords":["Cit\u00e9 m\u00e9dicale","CNSS","Conseil des ministres","Kamel Maddouri","ouvri\u00e8res agricoles","Tunisie"],"articleSection":["National"],"inLanguage":"fr-FR"},{"@type":"WebPage","@id":"https:\/\/www.webdo.tn\/fr\/actualite\/national\/tunisie-cite-medicale-ouvrieres-agricoles-cnss-au-centre-d-un-cm\/216636\/","url":"https:\/\/www.webdo.tn\/fr\/actualite\/national\/tunisie-cite-medicale-ouvrieres-agricoles-cnss-au-centre-d-un-cm\/216636\/","name":"Tunisie : Cit\u00e9 m\u00e9dicale, ouvri\u00e8res agricoles, CNSS\u2026 au centre d\u2019un CM","isPartOf":{"@id":"https:\/\/www.webdo.tn\/fr\/#website"},"primaryImageOfPage":{"@id":"https:\/\/www.webdo.tn\/fr\/actualite\/national\/tunisie-cite-medicale-ouvrieres-agricoles-cnss-au-centre-d-un-cm\/216636\/#primaryimage"},"image":{"@id":"https:\/\/www.webdo.tn\/fr\/actualite\/national\/tunisie-cite-medicale-ouvrieres-agricoles-cnss-au-centre-d-un-cm\/216636\/#primaryimage"},"thumbnailUrl":"https:\/\/www.webdo.tn\/fr\/wp-content\/uploads\/2024\/09\/be5b4506cf814ffb92d5c50fde2391d9.webp","datePublished":"2024-09-27T08:57:00+00:00","dateModified":"2025-05-20T22:14:16+00:00","description":"Lors du Conseil des ministres tenu jeudi 26 septembre plusieurs projets de lois, de d\u00e9crets-lois et de d\u00e9crets ont \u00e9t\u00e9 adopt\u00e9s.","breadcrumb":{"@id":"https:\/\/www.webdo.tn\/fr\/actualite\/national\/tunisie-cite-medicale-ouvrieres-agricoles-cnss-au-centre-d-un-cm\/216636\/#breadcrumb"},"inLanguage":"fr-FR","potentialAction":[{"@type":"ReadAction","target":["https:\/\/www.webdo.tn\/fr\/actualite\/national\/tunisie-cite-medicale-ouvrieres-agricoles-cnss-au-centre-d-un-cm\/216636\/"]}]},{"@type":"ImageObject","inLanguage":"fr-FR","@id":"https:\/\/www.webdo.tn\/fr\/actualite\/national\/tunisie-cite-medicale-ouvrieres-agricoles-cnss-au-centre-d-un-cm\/216636\/#primaryimage","url":"https:\/\/www.webdo.tn\/fr\/wp-content\/uploads\/2024\/09\/be5b4506cf814ffb92d5c50fde2391d9.webp","contentUrl":"https:\/\/www.webdo.tn\/fr\/wp-content\/uploads\/2024\/09\/be5b4506cf814ffb92d5c50fde2391d9.webp","width":750,"height":400,"caption":"Tunisie : Cit\u00e9 m\u00e9dicale, ouvri\u00e8res agricoles, CNSS\u2026 au centre d\u2019un CM"},{"@type":"BreadcrumbList","@id":"https:\/\/www.webdo.tn\/fr\/actualite\/national\/tunisie-cite-medicale-ouvrieres-agricoles-cnss-au-centre-d-un-cm\/216636\/#breadcrumb","itemListElement":[{"@type":"ListItem","position":1,"name":"Accueil","item":"https:\/\/www.webdo.tn\/fr\/"},{"@type":"ListItem","position":2,"name":"Tunisie : Cit\u00e9 m\u00e9dicale, ouvri\u00e8res agricoles, CNSS\u2026 au centre d\u2019un CM"}]},{"@type":"WebSite","@id":"https:\/\/www.webdo.tn\/fr\/#website","url":"https:\/\/www.webdo.tn\/fr\/","name":"webdo","description":"Tunisie - News en Tunisie et \u00e0 l&#039;international sur Webdo.tn","publisher":{"@id":"https:\/\/www.webdo.tn\/fr\/#organization"},"potentialAction":[{"@type":"SearchAction","target":{"@type":"EntryPoint","urlTemplate":"https:\/\/www.webdo.tn\/fr\/?s={search_term_string}"},"query-input":{"@type":"PropertyValueSpecification","valueRequired":true,"valueName":"search_term_string"}}],"inLanguage":"fr-FR"},{"@type":"Organization","@id":"https:\/\/www.webdo.tn\/fr\/#organization","name":"Webdo","alternateName":"Webdo.tn","url":"https:\/\/www.webdo.tn\/fr\/","logo":{"@type":"ImageObject","inLanguage":"fr-FR","@id":"https:\/\/www.webdo.tn\/fr\/#\/schema\/logo\/image\/","url":"https:\/\/www.webdo.tn\/fr\/wp-content\/uploads\/2025\/06\/Webdo-Tunisie_168377.jpg","contentUrl":"https:\/\/www.webdo.tn\/fr\/wp-content\/uploads\/2025\/06\/Webdo-Tunisie_168377.jpg","width":301,"height":301,"caption":"Webdo"},"image":{"@id":"https:\/\/www.webdo.tn\/fr\/#\/schema\/logo\/image\/"},"sameAs":["https:\/\/www.facebook.com\/webdotn","https:\/\/x.com\/webdo_tn"],"description":"Webdo est un m\u00e9dia num\u00e9rique tunisien fond\u00e9 en 2010, sp\u00e9cialis\u00e9 dans l\u2019actualit\u00e9 nationale et internationale, l\u2019\u00e9conomie, la soci\u00e9t\u00e9 et les analyses politiques. Le site s\u2019adresse \u00e0 un large public francophone et couvre l\u2019information tunisienne en temps r\u00e9el.","email":"redac@webdo.tn","legalName":"YNJ SARL","foundingDate":"2010-09-06","numberOfEmployees":{"@type":"QuantitativeValue","minValue":"11","maxValue":"50"}},{"@type":"Person","@id":"https:\/\/www.webdo.tn\/fr\/#\/schema\/person\/2c4929cbf5a809e3bd38617c6ce150f6","name":"MC","image":{"@type":"ImageObject","inLanguage":"fr-FR","@id":"https:\/\/secure.gravatar.com\/avatar\/a545bbb6f84efdd5553dbbc2895e3ca8f1d12c5215e00a041c9670b54aa9b18a?s=96&d=mm&r=g","url":"https:\/\/secure.gravatar.com\/avatar\/a545bbb6f84efdd5553dbbc2895e3ca8f1d12c5215e00a041c9670b54aa9b18a?s=96&d=mm&r=g","contentUrl":"https:\/\/secure.gravatar.com\/avatar\/a545bbb6f84efdd5553dbbc2895e3ca8f1d12c5215e00a041c9670b54aa9b18a?s=96&d=mm&r=g","caption":"MC"},"url":"https:\/\/www.webdo.tn\/fr\/actualite\/author\/mc\/"}]}},"_links":{"self":[{"href":"https:\/\/www.webdo.tn\/fr\/wp-json\/wp\/v2\/posts\/216636","targetHints":{"allow":["GET"]}}],"collection":[{"href":"https:\/\/www.webdo.tn\/fr\/wp-json\/wp\/v2\/posts"}],"about":[{"href":"https:\/\/www.webdo.tn\/fr\/wp-json\/wp\/v2\/types\/post"}],"author":[{"embeddable":true,"href":"https:\/\/www.webdo.tn\/fr\/wp-json\/wp\/v2\/users\/3162"}],"replies":[{"embeddable":true,"href":"https:\/\/www.webdo.tn\/fr\/wp-json\/wp\/v2\/comments?post=216636"}],"version-history":[{"count":0,"href":"https:\/\/www.webdo.tn\/fr\/wp-json\/wp\/v2\/posts\/216636\/revisions"}],"wp:featuredmedia":[{"embeddable":true,"href":"https:\/\/www.webdo.tn\/fr\/wp-json\/wp\/v2\/media\/291103"}],"wp:attachment":[{"href":"https:\/\/www.webdo.tn\/fr\/wp-json\/wp\/v2\/media?parent=216636"}],"wp:term":[{"taxonomy":"category","embeddable":true,"href":"https:\/\/www.webdo.tn\/fr\/wp-json\/wp\/v2\/categories?post=216636"},{"taxonomy":"post_tag","embeddable":true,"href":"https:\/\/www.webdo.tn\/fr\/wp-json\/wp\/v2\/tags?post=216636"}],"curies":[{"name":"wp","href":"https:\/\/api.w.org\/{rel}","templated":true}]}}