{"id":216631,"date":"2024-09-26T20:00:00","date_gmt":"2024-09-26T20:00:00","guid":{"rendered":"https:\/\/www.webdo.tn\/fr\/blog\/tunisie-fin-de-mandat-de-l-ambassadeur-d-egypte\/216631\/"},"modified":"2025-05-21T09:03:08","modified_gmt":"2025-05-21T09:03:08","slug":"tunisie-fin-de-mandat-de-l-ambassadeur-d-egypte","status":"publish","type":"post","link":"https:\/\/www.webdo.tn\/fr\/actualite\/national\/tunisie-fin-de-mandat-de-l-ambassadeur-d-egypte\/216631\/","title":{"rendered":"Fin de mandat de l&rsquo;ambassadeur d&rsquo;\u00c9gypte en Tunisie"},"content":{"rendered":"<p>Ce jeudi 26 septembre 2024, le pr\u00e9sident de la R\u00e9publique, Ka\u00efs Sa\u00efed, a accueilli au Palais de Carthage Ihab Fahmy, ambassadeur de la R\u00e9publique arabe d&rsquo;\u00c9gypte en Tunisie, \u00e0 l&rsquo;occasion de la fin de son mandat.<\/p>\n<p>\t\t\t\t\t\t\t\t\tLors de cette rencontre, le pr\u00e9sident Sa\u00efed a exprim\u00e9 sa satisfaction quant \u00e0 la qualit\u00e9 des relations entre la Tunisie et l&rsquo;\u00c9gypte, mettant en avant l&rsquo;importance de la coop\u00e9ration bilat\u00e9rale. Il a soulign\u00e9 le besoin de continuer \u00e0 renforcer les liens historiques entre les deux pays dans divers domaines, afin d&rsquo;am\u00e9liorer le bien-\u00eatre des deux peuples.<\/p>\n<p>De son c\u00f4t\u00e9, l&rsquo;ambassadeur Fahmy a remerci\u00e9 le pr\u00e9sident pour le soutien re\u00e7u durant son mandat, affirmant que l&rsquo;\u00c9gypte tient en haute estime le pr\u00e9sident Sa\u00efed et est d\u00e9termin\u00e9e \u00e0 poursuivre le d\u00e9veloppement des relations exceptionnelles entre les deux nations. Cette rencontre illustre l&rsquo;engagement des deux pays \u00e0 approfondir leur collaboration pour le b\u00e9n\u00e9fice mutuel de leurs citoyens.<\/p>\n","protected":false},"excerpt":{"rendered":"<p>Rencontre entre le pr\u00e9sident Ka\u00efs Sa\u00efed et l&rsquo;ambassadeur \u00e9gyptien Ihab Fahmy, marquant la fin de son mandat en Tunisie.<\/p>\n","protected":false},"author":3166,"featured_media":246468,"comment_status":"open","ping_status":"closed","sticky":false,"template":"","format":"standard","meta":{"footnotes":""},"categories":[44],"tags":[3999,3183,5604,2608],"class_list":["post-216631","post","type-post","status-publish","format-standard","has-post-thumbnail","hentry","category-national","tag-ambassadeur","tag-egypte","tag-fin-de-mandat","tag-tunisie"],"yoast_head":"<!-- This site is optimized with the Yoast SEO Premium plugin v27.5 (Yoast SEO v27.5) - https:\/\/yoast.com\/product\/yoast-seo-premium-wordpress\/ -->\n<title>Fin de mandat de l&#039;ambassadeur d&#039;\u00c9gypte en Tunisie<\/title>\n<meta name=\"description\" content=\"Rencontre entre le pr\u00e9sident Ka\u00efs Sa\u00efed et l&#039;ambassadeur \u00e9gyptien Ihab Fahmy, marquant la fin de son mandat en Tunisie.\" \/>\n<link rel=\"canonical\" href=\"https:\/\/www.webdo.tn\/fr\/actualite\/national\/tunisie-fin-de-mandat-de-l-ambassadeur-d-egypte\/216631\/\" \/>\n<meta property=\"og:locale\" content=\"fr_FR\" \/>\n<meta property=\"og:type\" content=\"article\" \/>\n<meta property=\"og:title\" content=\"Fin de mandat de l&#039;ambassadeur d&#039;\u00c9gypte en Tunisie\" \/>\n<meta property=\"og:description\" content=\"Rencontre entre le pr\u00e9sident Ka\u00efs Sa\u00efed et l&#039;ambassadeur \u00e9gyptien Ihab Fahmy, marquant la fin de son mandat en Tunisie.\" \/>\n<meta property=\"og:url\" content=\"https:\/\/www.webdo.tn\/fr\/actualite\/national\/tunisie-fin-de-mandat-de-l-ambassadeur-d-egypte\/216631\/\" \/>\n<meta property=\"og:site_name\" content=\"webdo\" \/>\n<meta property=\"article:publisher\" content=\"https:\/\/www.facebook.com\/webdotn\" \/>\n<meta property=\"article:published_time\" content=\"2024-09-26T20:00:00+00:00\" \/>\n<meta property=\"article:modified_time\" content=\"2025-05-21T09:03:08+00:00\" \/>\n<meta property=\"og:image\" content=\"https:\/\/www.webdo.tn\/fr\/wp-content\/uploads\/2024\/09\/8324310f048807bb815a69d8aae266e5.webp\" \/>\n\t<meta property=\"og:image:width\" content=\"750\" \/>\n\t<meta property=\"og:image:height\" content=\"400\" \/>\n\t<meta property=\"og:image:type\" content=\"image\/webp\" \/>\n<meta name=\"author\" content=\"AZ\" \/>\n<meta name=\"twitter:card\" content=\"summary_large_image\" \/>\n<meta name=\"twitter:creator\" content=\"@webdo_tn\" \/>\n<meta name=\"twitter:site\" content=\"@webdo_tn\" \/>\n<meta name=\"twitter:label1\" content=\"\u00c9crit par\" \/>\n\t<meta name=\"twitter:data1\" content=\"AZ\" \/>\n\t<meta name=\"twitter:label2\" content=\"Dur\u00e9e de lecture estim\u00e9e\" \/>\n\t<meta name=\"twitter:data2\" content=\"1 minute\" \/>\n<script type=\"application\/ld+json\" class=\"yoast-schema-graph\">{\"@context\":\"https:\\\/\\\/schema.org\",\"@graph\":[{\"@type\":\"NewsArticle\",\"@id\":\"https:\\\/\\\/www.webdo.tn\\\/fr\\\/actualite\\\/national\\\/tunisie-fin-de-mandat-de-l-ambassadeur-d-egypte\\\/216631\\\/#article\",\"isPartOf\":{\"@id\":\"https:\\\/\\\/www.webdo.tn\\\/fr\\\/actualite\\\/national\\\/tunisie-fin-de-mandat-de-l-ambassadeur-d-egypte\\\/216631\\\/\"},\"author\":{\"name\":\"AZ\",\"@id\":\"https:\\\/\\\/www.webdo.tn\\\/fr\\\/#\\\/schema\\\/person\\\/b8a41c04d93287d375510db360906b34\"},\"headline\":\"Fin de mandat de l&rsquo;ambassadeur d&rsquo;\u00c9gypte en Tunisie\",\"datePublished\":\"2024-09-26T20:00:00+00:00\",\"dateModified\":\"2025-05-21T09:03:08+00:00\",\"mainEntityOfPage\":{\"@id\":\"https:\\\/\\\/www.webdo.tn\\\/fr\\\/actualite\\\/national\\\/tunisie-fin-de-mandat-de-l-ambassadeur-d-egypte\\\/216631\\\/\"},\"wordCount\":182,\"commentCount\":0,\"publisher\":{\"@id\":\"https:\\\/\\\/www.webdo.tn\\\/fr\\\/#organization\"},\"image\":{\"@id\":\"https:\\\/\\\/www.webdo.tn\\\/fr\\\/actualite\\\/national\\\/tunisie-fin-de-mandat-de-l-ambassadeur-d-egypte\\\/216631\\\/#primaryimage\"},\"thumbnailUrl\":\"https:\\\/\\\/www.webdo.tn\\\/fr\\\/wp-content\\\/uploads\\\/2024\\\/09\\\/8324310f048807bb815a69d8aae266e5.webp\",\"keywords\":[\"Ambassadeur\",\"Egypte\",\"Fin de Mandat\",\"Tunisie\"],\"articleSection\":[\"National\"],\"inLanguage\":\"fr-FR\"},{\"@type\":\"WebPage\",\"@id\":\"https:\\\/\\\/www.webdo.tn\\\/fr\\\/actualite\\\/national\\\/tunisie-fin-de-mandat-de-l-ambassadeur-d-egypte\\\/216631\\\/\",\"url\":\"https:\\\/\\\/www.webdo.tn\\\/fr\\\/actualite\\\/national\\\/tunisie-fin-de-mandat-de-l-ambassadeur-d-egypte\\\/216631\\\/\",\"name\":\"Fin de mandat de l'ambassadeur d'\u00c9gypte en Tunisie\",\"isPartOf\":{\"@id\":\"https:\\\/\\\/www.webdo.tn\\\/fr\\\/#website\"},\"primaryImageOfPage\":{\"@id\":\"https:\\\/\\\/www.webdo.tn\\\/fr\\\/actualite\\\/national\\\/tunisie-fin-de-mandat-de-l-ambassadeur-d-egypte\\\/216631\\\/#primaryimage\"},\"image\":{\"@id\":\"https:\\\/\\\/www.webdo.tn\\\/fr\\\/actualite\\\/national\\\/tunisie-fin-de-mandat-de-l-ambassadeur-d-egypte\\\/216631\\\/#primaryimage\"},\"thumbnailUrl\":\"https:\\\/\\\/www.webdo.tn\\\/fr\\\/wp-content\\\/uploads\\\/2024\\\/09\\\/8324310f048807bb815a69d8aae266e5.webp\",\"datePublished\":\"2024-09-26T20:00:00+00:00\",\"dateModified\":\"2025-05-21T09:03:08+00:00\",\"description\":\"Rencontre entre le pr\u00e9sident Ka\u00efs Sa\u00efed et l'ambassadeur \u00e9gyptien Ihab Fahmy, marquant la fin de son mandat en Tunisie.\",\"breadcrumb\":{\"@id\":\"https:\\\/\\\/www.webdo.tn\\\/fr\\\/actualite\\\/national\\\/tunisie-fin-de-mandat-de-l-ambassadeur-d-egypte\\\/216631\\\/#breadcrumb\"},\"inLanguage\":\"fr-FR\",\"potentialAction\":[{\"@type\":\"ReadAction\",\"target\":[\"https:\\\/\\\/www.webdo.tn\\\/fr\\\/actualite\\\/national\\\/tunisie-fin-de-mandat-de-l-ambassadeur-d-egypte\\\/216631\\\/\"]}]},{\"@type\":\"ImageObject\",\"inLanguage\":\"fr-FR\",\"@id\":\"https:\\\/\\\/www.webdo.tn\\\/fr\\\/actualite\\\/national\\\/tunisie-fin-de-mandat-de-l-ambassadeur-d-egypte\\\/216631\\\/#primaryimage\",\"url\":\"https:\\\/\\\/www.webdo.tn\\\/fr\\\/wp-content\\\/uploads\\\/2024\\\/09\\\/8324310f048807bb815a69d8aae266e5.webp\",\"contentUrl\":\"https:\\\/\\\/www.webdo.tn\\\/fr\\\/wp-content\\\/uploads\\\/2024\\\/09\\\/8324310f048807bb815a69d8aae266e5.webp\",\"width\":750,\"height\":400,\"caption\":\"Fin de mandat de l'ambassadeur d'\u00c9gypte en Tunisie\"},{\"@type\":\"BreadcrumbList\",\"@id\":\"https:\\\/\\\/www.webdo.tn\\\/fr\\\/actualite\\\/national\\\/tunisie-fin-de-mandat-de-l-ambassadeur-d-egypte\\\/216631\\\/#breadcrumb\",\"itemListElement\":[{\"@type\":\"ListItem\",\"position\":1,\"name\":\"Accueil\",\"item\":\"https:\\\/\\\/www.webdo.tn\\\/fr\\\/\"},{\"@type\":\"ListItem\",\"position\":2,\"name\":\"Fin de mandat de l&#8217;ambassadeur d&#8217;\u00c9gypte en Tunisie\"}]},{\"@type\":\"WebSite\",\"@id\":\"https:\\\/\\\/www.webdo.tn\\\/fr\\\/#website\",\"url\":\"https:\\\/\\\/www.webdo.tn\\\/fr\\\/\",\"name\":\"webdo\",\"description\":\"Tunisie - News en Tunisie et \u00e0 l&#039;international sur Webdo.tn\",\"publisher\":{\"@id\":\"https:\\\/\\\/www.webdo.tn\\\/fr\\\/#organization\"},\"potentialAction\":[{\"@type\":\"SearchAction\",\"target\":{\"@type\":\"EntryPoint\",\"urlTemplate\":\"https:\\\/\\\/www.webdo.tn\\\/fr\\\/?s={search_term_string}\"},\"query-input\":{\"@type\":\"PropertyValueSpecification\",\"valueRequired\":true,\"valueName\":\"search_term_string\"}}],\"inLanguage\":\"fr-FR\"},{\"@type\":\"Organization\",\"@id\":\"https:\\\/\\\/www.webdo.tn\\\/fr\\\/#organization\",\"name\":\"Webdo\",\"alternateName\":\"Webdo.tn\",\"url\":\"https:\\\/\\\/www.webdo.tn\\\/fr\\\/\",\"logo\":{\"@type\":\"ImageObject\",\"inLanguage\":\"fr-FR\",\"@id\":\"https:\\\/\\\/www.webdo.tn\\\/fr\\\/#\\\/schema\\\/logo\\\/image\\\/\",\"url\":\"https:\\\/\\\/www.webdo.tn\\\/fr\\\/wp-content\\\/uploads\\\/2025\\\/06\\\/Webdo-Tunisie_168377.jpg\",\"contentUrl\":\"https:\\\/\\\/www.webdo.tn\\\/fr\\\/wp-content\\\/uploads\\\/2025\\\/06\\\/Webdo-Tunisie_168377.jpg\",\"width\":301,\"height\":301,\"caption\":\"Webdo\"},\"image\":{\"@id\":\"https:\\\/\\\/www.webdo.tn\\\/fr\\\/#\\\/schema\\\/logo\\\/image\\\/\"},\"sameAs\":[\"https:\\\/\\\/www.facebook.com\\\/webdotn\",\"https:\\\/\\\/x.com\\\/webdo_tn\"],\"description\":\"Webdo est un m\u00e9dia num\u00e9rique tunisien fond\u00e9 en 2010, sp\u00e9cialis\u00e9 dans l\u2019actualit\u00e9 nationale et internationale, l\u2019\u00e9conomie, la soci\u00e9t\u00e9 et les analyses politiques. Le site s\u2019adresse \u00e0 un large public francophone et couvre l\u2019information tunisienne en temps r\u00e9el.\",\"email\":\"redac@webdo.tn\",\"legalName\":\"YNJ SARL\",\"foundingDate\":\"2010-09-06\",\"numberOfEmployees\":{\"@type\":\"QuantitativeValue\",\"minValue\":\"11\",\"maxValue\":\"50\"}},{\"@type\":\"Person\",\"@id\":\"https:\\\/\\\/www.webdo.tn\\\/fr\\\/#\\\/schema\\\/person\\\/b8a41c04d93287d375510db360906b34\",\"name\":\"AZ\",\"image\":{\"@type\":\"ImageObject\",\"inLanguage\":\"fr-FR\",\"@id\":\"https:\\\/\\\/secure.gravatar.com\\\/avatar\\\/492b80bada79439de4201dce15cd41eece6c277cfdf1b53382073c79105c1f89?s=96&d=mm&r=g\",\"url\":\"https:\\\/\\\/secure.gravatar.com\\\/avatar\\\/492b80bada79439de4201dce15cd41eece6c277cfdf1b53382073c79105c1f89?s=96&d=mm&r=g\",\"contentUrl\":\"https:\\\/\\\/secure.gravatar.com\\\/avatar\\\/492b80bada79439de4201dce15cd41eece6c277cfdf1b53382073c79105c1f89?s=96&d=mm&r=g\",\"caption\":\"AZ\"},\"url\":\"https:\\\/\\\/www.webdo.tn\\\/fr\\\/actualite\\\/author\\\/az\\\/\"}]}<\/script>\n<!-- \/ Yoast SEO Premium plugin. -->","yoast_head_json":{"title":"Fin de mandat de l'ambassadeur d'\u00c9gypte en Tunisie","description":"Rencontre entre le pr\u00e9sident Ka\u00efs Sa\u00efed et l'ambassadeur \u00e9gyptien Ihab Fahmy, marquant la fin de son mandat en Tunisie.","canonical":"https:\/\/www.webdo.tn\/fr\/actualite\/national\/tunisie-fin-de-mandat-de-l-ambassadeur-d-egypte\/216631\/","og_locale":"fr_FR","og_type":"article","og_title":"Fin de mandat de l'ambassadeur d'\u00c9gypte en Tunisie","og_description":"Rencontre entre le pr\u00e9sident Ka\u00efs Sa\u00efed et l'ambassadeur \u00e9gyptien Ihab Fahmy, marquant la fin de son mandat en Tunisie.","og_url":"https:\/\/www.webdo.tn\/fr\/actualite\/national\/tunisie-fin-de-mandat-de-l-ambassadeur-d-egypte\/216631\/","og_site_name":"webdo","article_publisher":"https:\/\/www.facebook.com\/webdotn","article_published_time":"2024-09-26T20:00:00+00:00","article_modified_time":"2025-05-21T09:03:08+00:00","og_image":[{"width":750,"height":400,"url":"https:\/\/www.webdo.tn\/fr\/wp-content\/uploads\/2024\/09\/8324310f048807bb815a69d8aae266e5.webp","type":"image\/webp"}],"author":"AZ","twitter_card":"summary_large_image","twitter_creator":"@webdo_tn","twitter_site":"@webdo_tn","twitter_misc":{"\u00c9crit par":"AZ","Dur\u00e9e de lecture estim\u00e9e":"1 minute"},"schema":{"@context":"https:\/\/schema.org","@graph":[{"@type":"NewsArticle","@id":"https:\/\/www.webdo.tn\/fr\/actualite\/national\/tunisie-fin-de-mandat-de-l-ambassadeur-d-egypte\/216631\/#article","isPartOf":{"@id":"https:\/\/www.webdo.tn\/fr\/actualite\/national\/tunisie-fin-de-mandat-de-l-ambassadeur-d-egypte\/216631\/"},"author":{"name":"AZ","@id":"https:\/\/www.webdo.tn\/fr\/#\/schema\/person\/b8a41c04d93287d375510db360906b34"},"headline":"Fin de mandat de l&rsquo;ambassadeur d&rsquo;\u00c9gypte en Tunisie","datePublished":"2024-09-26T20:00:00+00:00","dateModified":"2025-05-21T09:03:08+00:00","mainEntityOfPage":{"@id":"https:\/\/www.webdo.tn\/fr\/actualite\/national\/tunisie-fin-de-mandat-de-l-ambassadeur-d-egypte\/216631\/"},"wordCount":182,"commentCount":0,"publisher":{"@id":"https:\/\/www.webdo.tn\/fr\/#organization"},"image":{"@id":"https:\/\/www.webdo.tn\/fr\/actualite\/national\/tunisie-fin-de-mandat-de-l-ambassadeur-d-egypte\/216631\/#primaryimage"},"thumbnailUrl":"https:\/\/www.webdo.tn\/fr\/wp-content\/uploads\/2024\/09\/8324310f048807bb815a69d8aae266e5.webp","keywords":["Ambassadeur","Egypte","Fin de Mandat","Tunisie"],"articleSection":["National"],"inLanguage":"fr-FR"},{"@type":"WebPage","@id":"https:\/\/www.webdo.tn\/fr\/actualite\/national\/tunisie-fin-de-mandat-de-l-ambassadeur-d-egypte\/216631\/","url":"https:\/\/www.webdo.tn\/fr\/actualite\/national\/tunisie-fin-de-mandat-de-l-ambassadeur-d-egypte\/216631\/","name":"Fin de mandat de l'ambassadeur d'\u00c9gypte en Tunisie","isPartOf":{"@id":"https:\/\/www.webdo.tn\/fr\/#website"},"primaryImageOfPage":{"@id":"https:\/\/www.webdo.tn\/fr\/actualite\/national\/tunisie-fin-de-mandat-de-l-ambassadeur-d-egypte\/216631\/#primaryimage"},"image":{"@id":"https:\/\/www.webdo.tn\/fr\/actualite\/national\/tunisie-fin-de-mandat-de-l-ambassadeur-d-egypte\/216631\/#primaryimage"},"thumbnailUrl":"https:\/\/www.webdo.tn\/fr\/wp-content\/uploads\/2024\/09\/8324310f048807bb815a69d8aae266e5.webp","datePublished":"2024-09-26T20:00:00+00:00","dateModified":"2025-05-21T09:03:08+00:00","description":"Rencontre entre le pr\u00e9sident Ka\u00efs Sa\u00efed et l'ambassadeur \u00e9gyptien Ihab Fahmy, marquant la fin de son mandat en Tunisie.","breadcrumb":{"@id":"https:\/\/www.webdo.tn\/fr\/actualite\/national\/tunisie-fin-de-mandat-de-l-ambassadeur-d-egypte\/216631\/#breadcrumb"},"inLanguage":"fr-FR","potentialAction":[{"@type":"ReadAction","target":["https:\/\/www.webdo.tn\/fr\/actualite\/national\/tunisie-fin-de-mandat-de-l-ambassadeur-d-egypte\/216631\/"]}]},{"@type":"ImageObject","inLanguage":"fr-FR","@id":"https:\/\/www.webdo.tn\/fr\/actualite\/national\/tunisie-fin-de-mandat-de-l-ambassadeur-d-egypte\/216631\/#primaryimage","url":"https:\/\/www.webdo.tn\/fr\/wp-content\/uploads\/2024\/09\/8324310f048807bb815a69d8aae266e5.webp","contentUrl":"https:\/\/www.webdo.tn\/fr\/wp-content\/uploads\/2024\/09\/8324310f048807bb815a69d8aae266e5.webp","width":750,"height":400,"caption":"Fin de mandat de l'ambassadeur d'\u00c9gypte en Tunisie"},{"@type":"BreadcrumbList","@id":"https:\/\/www.webdo.tn\/fr\/actualite\/national\/tunisie-fin-de-mandat-de-l-ambassadeur-d-egypte\/216631\/#breadcrumb","itemListElement":[{"@type":"ListItem","position":1,"name":"Accueil","item":"https:\/\/www.webdo.tn\/fr\/"},{"@type":"ListItem","position":2,"name":"Fin de mandat de l&#8217;ambassadeur d&#8217;\u00c9gypte en Tunisie"}]},{"@type":"WebSite","@id":"https:\/\/www.webdo.tn\/fr\/#website","url":"https:\/\/www.webdo.tn\/fr\/","name":"webdo","description":"Tunisie - News en Tunisie et \u00e0 l&#039;international sur Webdo.tn","publisher":{"@id":"https:\/\/www.webdo.tn\/fr\/#organization"},"potentialAction":[{"@type":"SearchAction","target":{"@type":"EntryPoint","urlTemplate":"https:\/\/www.webdo.tn\/fr\/?s={search_term_string}"},"query-input":{"@type":"PropertyValueSpecification","valueRequired":true,"valueName":"search_term_string"}}],"inLanguage":"fr-FR"},{"@type":"Organization","@id":"https:\/\/www.webdo.tn\/fr\/#organization","name":"Webdo","alternateName":"Webdo.tn","url":"https:\/\/www.webdo.tn\/fr\/","logo":{"@type":"ImageObject","inLanguage":"fr-FR","@id":"https:\/\/www.webdo.tn\/fr\/#\/schema\/logo\/image\/","url":"https:\/\/www.webdo.tn\/fr\/wp-content\/uploads\/2025\/06\/Webdo-Tunisie_168377.jpg","contentUrl":"https:\/\/www.webdo.tn\/fr\/wp-content\/uploads\/2025\/06\/Webdo-Tunisie_168377.jpg","width":301,"height":301,"caption":"Webdo"},"image":{"@id":"https:\/\/www.webdo.tn\/fr\/#\/schema\/logo\/image\/"},"sameAs":["https:\/\/www.facebook.com\/webdotn","https:\/\/x.com\/webdo_tn"],"description":"Webdo est un m\u00e9dia num\u00e9rique tunisien fond\u00e9 en 2010, sp\u00e9cialis\u00e9 dans l\u2019actualit\u00e9 nationale et internationale, l\u2019\u00e9conomie, la soci\u00e9t\u00e9 et les analyses politiques. Le site s\u2019adresse \u00e0 un large public francophone et couvre l\u2019information tunisienne en temps r\u00e9el.","email":"redac@webdo.tn","legalName":"YNJ SARL","foundingDate":"2010-09-06","numberOfEmployees":{"@type":"QuantitativeValue","minValue":"11","maxValue":"50"}},{"@type":"Person","@id":"https:\/\/www.webdo.tn\/fr\/#\/schema\/person\/b8a41c04d93287d375510db360906b34","name":"AZ","image":{"@type":"ImageObject","inLanguage":"fr-FR","@id":"https:\/\/secure.gravatar.com\/avatar\/492b80bada79439de4201dce15cd41eece6c277cfdf1b53382073c79105c1f89?s=96&d=mm&r=g","url":"https:\/\/secure.gravatar.com\/avatar\/492b80bada79439de4201dce15cd41eece6c277cfdf1b53382073c79105c1f89?s=96&d=mm&r=g","contentUrl":"https:\/\/secure.gravatar.com\/avatar\/492b80bada79439de4201dce15cd41eece6c277cfdf1b53382073c79105c1f89?s=96&d=mm&r=g","caption":"AZ"},"url":"https:\/\/www.webdo.tn\/fr\/actualite\/author\/az\/"}]}},"_links":{"self":[{"href":"https:\/\/www.webdo.tn\/fr\/wp-json\/wp\/v2\/posts\/216631","targetHints":{"allow":["GET"]}}],"collection":[{"href":"https:\/\/www.webdo.tn\/fr\/wp-json\/wp\/v2\/posts"}],"about":[{"href":"https:\/\/www.webdo.tn\/fr\/wp-json\/wp\/v2\/types\/post"}],"author":[{"embeddable":true,"href":"https:\/\/www.webdo.tn\/fr\/wp-json\/wp\/v2\/users\/3166"}],"replies":[{"embeddable":true,"href":"https:\/\/www.webdo.tn\/fr\/wp-json\/wp\/v2\/comments?post=216631"}],"version-history":[{"count":0,"href":"https:\/\/www.webdo.tn\/fr\/wp-json\/wp\/v2\/posts\/216631\/revisions"}],"wp:featuredmedia":[{"embeddable":true,"href":"https:\/\/www.webdo.tn\/fr\/wp-json\/wp\/v2\/media\/246468"}],"wp:attachment":[{"href":"https:\/\/www.webdo.tn\/fr\/wp-json\/wp\/v2\/media?parent=216631"}],"wp:term":[{"taxonomy":"category","embeddable":true,"href":"https:\/\/www.webdo.tn\/fr\/wp-json\/wp\/v2\/categories?post=216631"},{"taxonomy":"post_tag","embeddable":true,"href":"https:\/\/www.webdo.tn\/fr\/wp-json\/wp\/v2\/tags?post=216631"}],"curies":[{"name":"wp","href":"https:\/\/api.w.org\/{rel}","templated":true}]}}