{"id":216605,"date":"2024-09-25T21:07:00","date_gmt":"2024-09-25T21:07:00","guid":{"rendered":"https:\/\/www.webdo.tn\/fr\/blog\/assemblee-generale-de-l-onu-mohamed-ali-nafti-multiplie-les-rencontres-bilaterales\/216605\/"},"modified":"2025-05-21T09:06:59","modified_gmt":"2025-05-21T09:06:59","slug":"assemblee-generale-de-l-onu-mohamed-ali-nafti-multiplie-les-rencontres-bilaterales","status":"publish","type":"post","link":"https:\/\/www.webdo.tn\/fr\/actualite\/national\/assemblee-generale-de-l-onu-mohamed-ali-nafti-multiplie-les-rencontres-bilaterales\/216605\/","title":{"rendered":"Assembl\u00e9e g\u00e9n\u00e9rale de l&rsquo;ONU :  Mohamed Ali Nafti multiplie les rencontres bilat\u00e9rales"},"content":{"rendered":"<p>\u00c0 l&rsquo;occasion de la 79e session de l&rsquo;Assembl\u00e9e g\u00e9n\u00e9rale des Nations Unies, qui se tient actuellement \u00e0 New York, le ministre des Affaires \u00e9trang\u00e8res, de la Migration et des Tunisiens \u00e0 l&rsquo;\u00e9tranger, Mohamed Ali Nafti, a multipli\u00e9 les rencontres bilat\u00e9rales avec plusieurs de ses homologues. Parmi eux, le ministre hongrois des Affaires \u00e9trang\u00e8res et du Commerce, P\u00e9ter Szijj\u00e1rt\u00f3.<\/p>\n<p>\t\t\t\t\t\t\t\t\tLors de leur entretien, les deux ministres ont salu\u00e9 le d\u00e9veloppement croissant des relations entre la Tunisie et la Hongrie, soulignant notamment l&rsquo;augmentation des \u00e9changes commerciaux et les opportunit\u00e9s d&rsquo;investissement. La mise en \u0153uvre des conclusions de la 5e session de la commission \u00e9conomique mixte tuniso-hongroise a \u00e9galement \u00e9t\u00e9 \u00e9voqu\u00e9e. En outre, la Hongrie a exprim\u00e9 sa reconnaissance envers les efforts tunisiens en mati\u00e8re de gestion de l&rsquo;immigration irr\u00e9guli\u00e8re, dans le cadre de sa pr\u00e9sidence du Conseil de l&rsquo;Union europ\u00e9enne.<\/p>\n<p>Mohamed Ali Nafti a \u00e9galement rencontr\u00e9 ses homologues du S\u00e9n\u00e9gal, de la C\u00f4te d&rsquo;Ivoire et du Burkina Faso. Ces \u00e9changes ont permis d&rsquo;examiner les moyens de renforcer la coop\u00e9ration bilat\u00e9rale dans des secteurs cl\u00e9s comme le commerce, l&rsquo;investissement, la sant\u00e9 et la coop\u00e9ration universitaire. Les ministres ont r\u00e9affirm\u00e9 l&rsquo;importance de mettre en \u0153uvre des m\u00e9canismes de coop\u00e9ration, tout en poursuivant les consultations sur des questions d&rsquo;int\u00e9r\u00eat commun, notamment africaines et internationales.<\/p>\n","protected":false},"excerpt":{"rendered":"<p>la Tunisie renforce ses relations bilat\u00e9rales avec plusieurs pays lors de la 79e session de l&rsquo;Assembl\u00e9e g\u00e9n\u00e9rale des Nations Unies \u00e0 New York, avec des rencontr&#8230;<\/p>\n","protected":false},"author":3166,"featured_media":291102,"comment_status":"open","ping_status":"closed","sticky":false,"template":"","format":"standard","meta":{"footnotes":""},"categories":[44],"tags":[3296,2608],"class_list":["post-216605","post","type-post","status-publish","format-standard","has-post-thumbnail","hentry","category-national","tag-onu","tag-tunisie"],"yoast_head":"<!-- This site is optimized with the Yoast SEO Premium plugin v27.5 (Yoast SEO v27.5) - https:\/\/yoast.com\/product\/yoast-seo-premium-wordpress\/ -->\n<title>Assembl\u00e9e g\u00e9n\u00e9rale de l&#039;ONU : Mohamed Ali Nafti multiplie les rencontres bilat\u00e9rales<\/title>\n<meta name=\"description\" content=\"la Tunisie renforce ses relations bilat\u00e9rales avec plusieurs pays lors de la 79e session de l&#039;Assembl\u00e9e g\u00e9n\u00e9rale des Nations Unies \u00e0 New York, avec des rencontr...\" \/>\n<link rel=\"canonical\" href=\"https:\/\/www.webdo.tn\/fr\/actualite\/national\/assemblee-generale-de-l-onu-mohamed-ali-nafti-multiplie-les-rencontres-bilaterales\/216605\/\" \/>\n<meta property=\"og:locale\" content=\"fr_FR\" \/>\n<meta property=\"og:type\" content=\"article\" \/>\n<meta property=\"og:title\" content=\"Assembl\u00e9e g\u00e9n\u00e9rale de l&#039;ONU : Mohamed Ali Nafti multiplie les rencontres bilat\u00e9rales\" \/>\n<meta property=\"og:description\" content=\"la Tunisie renforce ses relations bilat\u00e9rales avec plusieurs pays lors de la 79e session de l&#039;Assembl\u00e9e g\u00e9n\u00e9rale des Nations Unies \u00e0 New York, avec des rencontr...\" \/>\n<meta property=\"og:url\" content=\"https:\/\/www.webdo.tn\/fr\/actualite\/national\/assemblee-generale-de-l-onu-mohamed-ali-nafti-multiplie-les-rencontres-bilaterales\/216605\/\" \/>\n<meta property=\"og:site_name\" content=\"webdo\" \/>\n<meta property=\"article:publisher\" content=\"https:\/\/www.facebook.com\/webdotn\" \/>\n<meta property=\"article:published_time\" content=\"2024-09-25T21:07:00+00:00\" \/>\n<meta property=\"article:modified_time\" content=\"2025-05-21T09:06:59+00:00\" \/>\n<meta property=\"og:image\" content=\"https:\/\/www.webdo.tn\/fr\/wp-content\/uploads\/2024\/09\/ed4e56bc5409f1d1f14765dc9f50370c.webp\" \/>\n\t<meta property=\"og:image:width\" content=\"750\" \/>\n\t<meta property=\"og:image:height\" content=\"400\" \/>\n\t<meta property=\"og:image:type\" content=\"image\/webp\" \/>\n<meta name=\"author\" content=\"AZ\" \/>\n<meta name=\"twitter:card\" content=\"summary_large_image\" \/>\n<meta name=\"twitter:creator\" content=\"@webdo_tn\" \/>\n<meta name=\"twitter:site\" content=\"@webdo_tn\" \/>\n<meta name=\"twitter:label1\" content=\"\u00c9crit par\" \/>\n\t<meta name=\"twitter:data1\" content=\"AZ\" \/>\n\t<meta name=\"twitter:label2\" content=\"Dur\u00e9e de lecture estim\u00e9e\" \/>\n\t<meta name=\"twitter:data2\" content=\"1 minute\" \/>\n<script type=\"application\/ld+json\" class=\"yoast-schema-graph\">{\"@context\":\"https:\\\/\\\/schema.org\",\"@graph\":[{\"@type\":\"NewsArticle\",\"@id\":\"https:\\\/\\\/www.webdo.tn\\\/fr\\\/actualite\\\/national\\\/assemblee-generale-de-l-onu-mohamed-ali-nafti-multiplie-les-rencontres-bilaterales\\\/216605\\\/#article\",\"isPartOf\":{\"@id\":\"https:\\\/\\\/www.webdo.tn\\\/fr\\\/actualite\\\/national\\\/assemblee-generale-de-l-onu-mohamed-ali-nafti-multiplie-les-rencontres-bilaterales\\\/216605\\\/\"},\"author\":{\"name\":\"AZ\",\"@id\":\"https:\\\/\\\/www.webdo.tn\\\/fr\\\/#\\\/schema\\\/person\\\/b8a41c04d93287d375510db360906b34\"},\"headline\":\"Assembl\u00e9e g\u00e9n\u00e9rale de l&rsquo;ONU : Mohamed Ali Nafti multiplie les rencontres bilat\u00e9rales\",\"datePublished\":\"2024-09-25T21:07:00+00:00\",\"dateModified\":\"2025-05-21T09:06:59+00:00\",\"mainEntityOfPage\":{\"@id\":\"https:\\\/\\\/www.webdo.tn\\\/fr\\\/actualite\\\/national\\\/assemblee-generale-de-l-onu-mohamed-ali-nafti-multiplie-les-rencontres-bilaterales\\\/216605\\\/\"},\"wordCount\":262,\"commentCount\":0,\"publisher\":{\"@id\":\"https:\\\/\\\/www.webdo.tn\\\/fr\\\/#organization\"},\"image\":{\"@id\":\"https:\\\/\\\/www.webdo.tn\\\/fr\\\/actualite\\\/national\\\/assemblee-generale-de-l-onu-mohamed-ali-nafti-multiplie-les-rencontres-bilaterales\\\/216605\\\/#primaryimage\"},\"thumbnailUrl\":\"https:\\\/\\\/www.webdo.tn\\\/fr\\\/wp-content\\\/uploads\\\/2024\\\/09\\\/ed4e56bc5409f1d1f14765dc9f50370c.webp\",\"keywords\":[\"ONU\",\"Tunisie\"],\"articleSection\":[\"National\"],\"inLanguage\":\"fr-FR\"},{\"@type\":\"WebPage\",\"@id\":\"https:\\\/\\\/www.webdo.tn\\\/fr\\\/actualite\\\/national\\\/assemblee-generale-de-l-onu-mohamed-ali-nafti-multiplie-les-rencontres-bilaterales\\\/216605\\\/\",\"url\":\"https:\\\/\\\/www.webdo.tn\\\/fr\\\/actualite\\\/national\\\/assemblee-generale-de-l-onu-mohamed-ali-nafti-multiplie-les-rencontres-bilaterales\\\/216605\\\/\",\"name\":\"Assembl\u00e9e g\u00e9n\u00e9rale de l'ONU : Mohamed Ali Nafti multiplie les rencontres bilat\u00e9rales\",\"isPartOf\":{\"@id\":\"https:\\\/\\\/www.webdo.tn\\\/fr\\\/#website\"},\"primaryImageOfPage\":{\"@id\":\"https:\\\/\\\/www.webdo.tn\\\/fr\\\/actualite\\\/national\\\/assemblee-generale-de-l-onu-mohamed-ali-nafti-multiplie-les-rencontres-bilaterales\\\/216605\\\/#primaryimage\"},\"image\":{\"@id\":\"https:\\\/\\\/www.webdo.tn\\\/fr\\\/actualite\\\/national\\\/assemblee-generale-de-l-onu-mohamed-ali-nafti-multiplie-les-rencontres-bilaterales\\\/216605\\\/#primaryimage\"},\"thumbnailUrl\":\"https:\\\/\\\/www.webdo.tn\\\/fr\\\/wp-content\\\/uploads\\\/2024\\\/09\\\/ed4e56bc5409f1d1f14765dc9f50370c.webp\",\"datePublished\":\"2024-09-25T21:07:00+00:00\",\"dateModified\":\"2025-05-21T09:06:59+00:00\",\"description\":\"la Tunisie renforce ses relations bilat\u00e9rales avec plusieurs pays lors de la 79e session de l'Assembl\u00e9e g\u00e9n\u00e9rale des Nations Unies \u00e0 New York, avec des rencontr...\",\"breadcrumb\":{\"@id\":\"https:\\\/\\\/www.webdo.tn\\\/fr\\\/actualite\\\/national\\\/assemblee-generale-de-l-onu-mohamed-ali-nafti-multiplie-les-rencontres-bilaterales\\\/216605\\\/#breadcrumb\"},\"inLanguage\":\"fr-FR\",\"potentialAction\":[{\"@type\":\"ReadAction\",\"target\":[\"https:\\\/\\\/www.webdo.tn\\\/fr\\\/actualite\\\/national\\\/assemblee-generale-de-l-onu-mohamed-ali-nafti-multiplie-les-rencontres-bilaterales\\\/216605\\\/\"]}]},{\"@type\":\"ImageObject\",\"inLanguage\":\"fr-FR\",\"@id\":\"https:\\\/\\\/www.webdo.tn\\\/fr\\\/actualite\\\/national\\\/assemblee-generale-de-l-onu-mohamed-ali-nafti-multiplie-les-rencontres-bilaterales\\\/216605\\\/#primaryimage\",\"url\":\"https:\\\/\\\/www.webdo.tn\\\/fr\\\/wp-content\\\/uploads\\\/2024\\\/09\\\/ed4e56bc5409f1d1f14765dc9f50370c.webp\",\"contentUrl\":\"https:\\\/\\\/www.webdo.tn\\\/fr\\\/wp-content\\\/uploads\\\/2024\\\/09\\\/ed4e56bc5409f1d1f14765dc9f50370c.webp\",\"width\":750,\"height\":400,\"caption\":\"Assembl\u00e9e g\u00e9n\u00e9rale de l'ONU : Mohamed Ali Nafti multiplie les rencontres bilat\u00e9rales\"},{\"@type\":\"BreadcrumbList\",\"@id\":\"https:\\\/\\\/www.webdo.tn\\\/fr\\\/actualite\\\/national\\\/assemblee-generale-de-l-onu-mohamed-ali-nafti-multiplie-les-rencontres-bilaterales\\\/216605\\\/#breadcrumb\",\"itemListElement\":[{\"@type\":\"ListItem\",\"position\":1,\"name\":\"Accueil\",\"item\":\"https:\\\/\\\/www.webdo.tn\\\/fr\\\/\"},{\"@type\":\"ListItem\",\"position\":2,\"name\":\"Assembl\u00e9e g\u00e9n\u00e9rale de l&rsquo;ONU : Mohamed Ali Nafti multiplie les rencontres bilat\u00e9rales\"}]},{\"@type\":\"WebSite\",\"@id\":\"https:\\\/\\\/www.webdo.tn\\\/fr\\\/#website\",\"url\":\"https:\\\/\\\/www.webdo.tn\\\/fr\\\/\",\"name\":\"webdo\",\"description\":\"Tunisie - News en Tunisie et \u00e0 l&#039;international sur Webdo.tn\",\"publisher\":{\"@id\":\"https:\\\/\\\/www.webdo.tn\\\/fr\\\/#organization\"},\"potentialAction\":[{\"@type\":\"SearchAction\",\"target\":{\"@type\":\"EntryPoint\",\"urlTemplate\":\"https:\\\/\\\/www.webdo.tn\\\/fr\\\/?s={search_term_string}\"},\"query-input\":{\"@type\":\"PropertyValueSpecification\",\"valueRequired\":true,\"valueName\":\"search_term_string\"}}],\"inLanguage\":\"fr-FR\"},{\"@type\":\"Organization\",\"@id\":\"https:\\\/\\\/www.webdo.tn\\\/fr\\\/#organization\",\"name\":\"Webdo\",\"alternateName\":\"Webdo.tn\",\"url\":\"https:\\\/\\\/www.webdo.tn\\\/fr\\\/\",\"logo\":{\"@type\":\"ImageObject\",\"inLanguage\":\"fr-FR\",\"@id\":\"https:\\\/\\\/www.webdo.tn\\\/fr\\\/#\\\/schema\\\/logo\\\/image\\\/\",\"url\":\"https:\\\/\\\/www.webdo.tn\\\/fr\\\/wp-content\\\/uploads\\\/2025\\\/06\\\/Webdo-Tunisie_168377.jpg\",\"contentUrl\":\"https:\\\/\\\/www.webdo.tn\\\/fr\\\/wp-content\\\/uploads\\\/2025\\\/06\\\/Webdo-Tunisie_168377.jpg\",\"width\":301,\"height\":301,\"caption\":\"Webdo\"},\"image\":{\"@id\":\"https:\\\/\\\/www.webdo.tn\\\/fr\\\/#\\\/schema\\\/logo\\\/image\\\/\"},\"sameAs\":[\"https:\\\/\\\/www.facebook.com\\\/webdotn\",\"https:\\\/\\\/x.com\\\/webdo_tn\"],\"description\":\"Webdo est un m\u00e9dia num\u00e9rique tunisien fond\u00e9 en 2010, sp\u00e9cialis\u00e9 dans l\u2019actualit\u00e9 nationale et internationale, l\u2019\u00e9conomie, la soci\u00e9t\u00e9 et les analyses politiques. Le site s\u2019adresse \u00e0 un large public francophone et couvre l\u2019information tunisienne en temps r\u00e9el.\",\"email\":\"redac@webdo.tn\",\"legalName\":\"YNJ SARL\",\"foundingDate\":\"2010-09-06\",\"numberOfEmployees\":{\"@type\":\"QuantitativeValue\",\"minValue\":\"11\",\"maxValue\":\"50\"}},{\"@type\":\"Person\",\"@id\":\"https:\\\/\\\/www.webdo.tn\\\/fr\\\/#\\\/schema\\\/person\\\/b8a41c04d93287d375510db360906b34\",\"name\":\"AZ\",\"image\":{\"@type\":\"ImageObject\",\"inLanguage\":\"fr-FR\",\"@id\":\"https:\\\/\\\/secure.gravatar.com\\\/avatar\\\/492b80bada79439de4201dce15cd41eece6c277cfdf1b53382073c79105c1f89?s=96&d=mm&r=g\",\"url\":\"https:\\\/\\\/secure.gravatar.com\\\/avatar\\\/492b80bada79439de4201dce15cd41eece6c277cfdf1b53382073c79105c1f89?s=96&d=mm&r=g\",\"contentUrl\":\"https:\\\/\\\/secure.gravatar.com\\\/avatar\\\/492b80bada79439de4201dce15cd41eece6c277cfdf1b53382073c79105c1f89?s=96&d=mm&r=g\",\"caption\":\"AZ\"},\"url\":\"https:\\\/\\\/www.webdo.tn\\\/fr\\\/actualite\\\/author\\\/az\\\/\"}]}<\/script>\n<!-- \/ Yoast SEO Premium plugin. -->","yoast_head_json":{"title":"Assembl\u00e9e g\u00e9n\u00e9rale de l'ONU : Mohamed Ali Nafti multiplie les rencontres bilat\u00e9rales","description":"la Tunisie renforce ses relations bilat\u00e9rales avec plusieurs pays lors de la 79e session de l'Assembl\u00e9e g\u00e9n\u00e9rale des Nations Unies \u00e0 New York, avec des rencontr...","canonical":"https:\/\/www.webdo.tn\/fr\/actualite\/national\/assemblee-generale-de-l-onu-mohamed-ali-nafti-multiplie-les-rencontres-bilaterales\/216605\/","og_locale":"fr_FR","og_type":"article","og_title":"Assembl\u00e9e g\u00e9n\u00e9rale de l'ONU : Mohamed Ali Nafti multiplie les rencontres bilat\u00e9rales","og_description":"la Tunisie renforce ses relations bilat\u00e9rales avec plusieurs pays lors de la 79e session de l'Assembl\u00e9e g\u00e9n\u00e9rale des Nations Unies \u00e0 New York, avec des rencontr...","og_url":"https:\/\/www.webdo.tn\/fr\/actualite\/national\/assemblee-generale-de-l-onu-mohamed-ali-nafti-multiplie-les-rencontres-bilaterales\/216605\/","og_site_name":"webdo","article_publisher":"https:\/\/www.facebook.com\/webdotn","article_published_time":"2024-09-25T21:07:00+00:00","article_modified_time":"2025-05-21T09:06:59+00:00","og_image":[{"width":750,"height":400,"url":"https:\/\/www.webdo.tn\/fr\/wp-content\/uploads\/2024\/09\/ed4e56bc5409f1d1f14765dc9f50370c.webp","type":"image\/webp"}],"author":"AZ","twitter_card":"summary_large_image","twitter_creator":"@webdo_tn","twitter_site":"@webdo_tn","twitter_misc":{"\u00c9crit par":"AZ","Dur\u00e9e de lecture estim\u00e9e":"1 minute"},"schema":{"@context":"https:\/\/schema.org","@graph":[{"@type":"NewsArticle","@id":"https:\/\/www.webdo.tn\/fr\/actualite\/national\/assemblee-generale-de-l-onu-mohamed-ali-nafti-multiplie-les-rencontres-bilaterales\/216605\/#article","isPartOf":{"@id":"https:\/\/www.webdo.tn\/fr\/actualite\/national\/assemblee-generale-de-l-onu-mohamed-ali-nafti-multiplie-les-rencontres-bilaterales\/216605\/"},"author":{"name":"AZ","@id":"https:\/\/www.webdo.tn\/fr\/#\/schema\/person\/b8a41c04d93287d375510db360906b34"},"headline":"Assembl\u00e9e g\u00e9n\u00e9rale de l&rsquo;ONU : Mohamed Ali Nafti multiplie les rencontres bilat\u00e9rales","datePublished":"2024-09-25T21:07:00+00:00","dateModified":"2025-05-21T09:06:59+00:00","mainEntityOfPage":{"@id":"https:\/\/www.webdo.tn\/fr\/actualite\/national\/assemblee-generale-de-l-onu-mohamed-ali-nafti-multiplie-les-rencontres-bilaterales\/216605\/"},"wordCount":262,"commentCount":0,"publisher":{"@id":"https:\/\/www.webdo.tn\/fr\/#organization"},"image":{"@id":"https:\/\/www.webdo.tn\/fr\/actualite\/national\/assemblee-generale-de-l-onu-mohamed-ali-nafti-multiplie-les-rencontres-bilaterales\/216605\/#primaryimage"},"thumbnailUrl":"https:\/\/www.webdo.tn\/fr\/wp-content\/uploads\/2024\/09\/ed4e56bc5409f1d1f14765dc9f50370c.webp","keywords":["ONU","Tunisie"],"articleSection":["National"],"inLanguage":"fr-FR"},{"@type":"WebPage","@id":"https:\/\/www.webdo.tn\/fr\/actualite\/national\/assemblee-generale-de-l-onu-mohamed-ali-nafti-multiplie-les-rencontres-bilaterales\/216605\/","url":"https:\/\/www.webdo.tn\/fr\/actualite\/national\/assemblee-generale-de-l-onu-mohamed-ali-nafti-multiplie-les-rencontres-bilaterales\/216605\/","name":"Assembl\u00e9e g\u00e9n\u00e9rale de l'ONU : Mohamed Ali Nafti multiplie les rencontres bilat\u00e9rales","isPartOf":{"@id":"https:\/\/www.webdo.tn\/fr\/#website"},"primaryImageOfPage":{"@id":"https:\/\/www.webdo.tn\/fr\/actualite\/national\/assemblee-generale-de-l-onu-mohamed-ali-nafti-multiplie-les-rencontres-bilaterales\/216605\/#primaryimage"},"image":{"@id":"https:\/\/www.webdo.tn\/fr\/actualite\/national\/assemblee-generale-de-l-onu-mohamed-ali-nafti-multiplie-les-rencontres-bilaterales\/216605\/#primaryimage"},"thumbnailUrl":"https:\/\/www.webdo.tn\/fr\/wp-content\/uploads\/2024\/09\/ed4e56bc5409f1d1f14765dc9f50370c.webp","datePublished":"2024-09-25T21:07:00+00:00","dateModified":"2025-05-21T09:06:59+00:00","description":"la Tunisie renforce ses relations bilat\u00e9rales avec plusieurs pays lors de la 79e session de l'Assembl\u00e9e g\u00e9n\u00e9rale des Nations Unies \u00e0 New York, avec des rencontr...","breadcrumb":{"@id":"https:\/\/www.webdo.tn\/fr\/actualite\/national\/assemblee-generale-de-l-onu-mohamed-ali-nafti-multiplie-les-rencontres-bilaterales\/216605\/#breadcrumb"},"inLanguage":"fr-FR","potentialAction":[{"@type":"ReadAction","target":["https:\/\/www.webdo.tn\/fr\/actualite\/national\/assemblee-generale-de-l-onu-mohamed-ali-nafti-multiplie-les-rencontres-bilaterales\/216605\/"]}]},{"@type":"ImageObject","inLanguage":"fr-FR","@id":"https:\/\/www.webdo.tn\/fr\/actualite\/national\/assemblee-generale-de-l-onu-mohamed-ali-nafti-multiplie-les-rencontres-bilaterales\/216605\/#primaryimage","url":"https:\/\/www.webdo.tn\/fr\/wp-content\/uploads\/2024\/09\/ed4e56bc5409f1d1f14765dc9f50370c.webp","contentUrl":"https:\/\/www.webdo.tn\/fr\/wp-content\/uploads\/2024\/09\/ed4e56bc5409f1d1f14765dc9f50370c.webp","width":750,"height":400,"caption":"Assembl\u00e9e g\u00e9n\u00e9rale de l'ONU : Mohamed Ali Nafti multiplie les rencontres bilat\u00e9rales"},{"@type":"BreadcrumbList","@id":"https:\/\/www.webdo.tn\/fr\/actualite\/national\/assemblee-generale-de-l-onu-mohamed-ali-nafti-multiplie-les-rencontres-bilaterales\/216605\/#breadcrumb","itemListElement":[{"@type":"ListItem","position":1,"name":"Accueil","item":"https:\/\/www.webdo.tn\/fr\/"},{"@type":"ListItem","position":2,"name":"Assembl\u00e9e g\u00e9n\u00e9rale de l&rsquo;ONU : Mohamed Ali Nafti multiplie les rencontres bilat\u00e9rales"}]},{"@type":"WebSite","@id":"https:\/\/www.webdo.tn\/fr\/#website","url":"https:\/\/www.webdo.tn\/fr\/","name":"webdo","description":"Tunisie - News en Tunisie et \u00e0 l&#039;international sur Webdo.tn","publisher":{"@id":"https:\/\/www.webdo.tn\/fr\/#organization"},"potentialAction":[{"@type":"SearchAction","target":{"@type":"EntryPoint","urlTemplate":"https:\/\/www.webdo.tn\/fr\/?s={search_term_string}"},"query-input":{"@type":"PropertyValueSpecification","valueRequired":true,"valueName":"search_term_string"}}],"inLanguage":"fr-FR"},{"@type":"Organization","@id":"https:\/\/www.webdo.tn\/fr\/#organization","name":"Webdo","alternateName":"Webdo.tn","url":"https:\/\/www.webdo.tn\/fr\/","logo":{"@type":"ImageObject","inLanguage":"fr-FR","@id":"https:\/\/www.webdo.tn\/fr\/#\/schema\/logo\/image\/","url":"https:\/\/www.webdo.tn\/fr\/wp-content\/uploads\/2025\/06\/Webdo-Tunisie_168377.jpg","contentUrl":"https:\/\/www.webdo.tn\/fr\/wp-content\/uploads\/2025\/06\/Webdo-Tunisie_168377.jpg","width":301,"height":301,"caption":"Webdo"},"image":{"@id":"https:\/\/www.webdo.tn\/fr\/#\/schema\/logo\/image\/"},"sameAs":["https:\/\/www.facebook.com\/webdotn","https:\/\/x.com\/webdo_tn"],"description":"Webdo est un m\u00e9dia num\u00e9rique tunisien fond\u00e9 en 2010, sp\u00e9cialis\u00e9 dans l\u2019actualit\u00e9 nationale et internationale, l\u2019\u00e9conomie, la soci\u00e9t\u00e9 et les analyses politiques. Le site s\u2019adresse \u00e0 un large public francophone et couvre l\u2019information tunisienne en temps r\u00e9el.","email":"redac@webdo.tn","legalName":"YNJ SARL","foundingDate":"2010-09-06","numberOfEmployees":{"@type":"QuantitativeValue","minValue":"11","maxValue":"50"}},{"@type":"Person","@id":"https:\/\/www.webdo.tn\/fr\/#\/schema\/person\/b8a41c04d93287d375510db360906b34","name":"AZ","image":{"@type":"ImageObject","inLanguage":"fr-FR","@id":"https:\/\/secure.gravatar.com\/avatar\/492b80bada79439de4201dce15cd41eece6c277cfdf1b53382073c79105c1f89?s=96&d=mm&r=g","url":"https:\/\/secure.gravatar.com\/avatar\/492b80bada79439de4201dce15cd41eece6c277cfdf1b53382073c79105c1f89?s=96&d=mm&r=g","contentUrl":"https:\/\/secure.gravatar.com\/avatar\/492b80bada79439de4201dce15cd41eece6c277cfdf1b53382073c79105c1f89?s=96&d=mm&r=g","caption":"AZ"},"url":"https:\/\/www.webdo.tn\/fr\/actualite\/author\/az\/"}]}},"_links":{"self":[{"href":"https:\/\/www.webdo.tn\/fr\/wp-json\/wp\/v2\/posts\/216605","targetHints":{"allow":["GET"]}}],"collection":[{"href":"https:\/\/www.webdo.tn\/fr\/wp-json\/wp\/v2\/posts"}],"about":[{"href":"https:\/\/www.webdo.tn\/fr\/wp-json\/wp\/v2\/types\/post"}],"author":[{"embeddable":true,"href":"https:\/\/www.webdo.tn\/fr\/wp-json\/wp\/v2\/users\/3166"}],"replies":[{"embeddable":true,"href":"https:\/\/www.webdo.tn\/fr\/wp-json\/wp\/v2\/comments?post=216605"}],"version-history":[{"count":0,"href":"https:\/\/www.webdo.tn\/fr\/wp-json\/wp\/v2\/posts\/216605\/revisions"}],"wp:featuredmedia":[{"embeddable":true,"href":"https:\/\/www.webdo.tn\/fr\/wp-json\/wp\/v2\/media\/291102"}],"wp:attachment":[{"href":"https:\/\/www.webdo.tn\/fr\/wp-json\/wp\/v2\/media?parent=216605"}],"wp:term":[{"taxonomy":"category","embeddable":true,"href":"https:\/\/www.webdo.tn\/fr\/wp-json\/wp\/v2\/categories?post=216605"},{"taxonomy":"post_tag","embeddable":true,"href":"https:\/\/www.webdo.tn\/fr\/wp-json\/wp\/v2\/tags?post=216605"}],"curies":[{"name":"wp","href":"https:\/\/api.w.org\/{rel}","templated":true}]}}