{"id":216594,"date":"2024-09-25T12:47:00","date_gmt":"2024-09-25T12:47:00","guid":{"rendered":"https:\/\/www.webdo.tn\/fr\/blog\/tunisie-13-corps-rejetes-par-la-mer-a-salakta-et-chebba\/216594\/"},"modified":"2025-05-20T22:54:55","modified_gmt":"2025-05-20T22:54:55","slug":"tunisie-13-corps-rejetes-par-la-mer-a-salakta-et-chebba","status":"publish","type":"post","link":"https:\/\/www.webdo.tn\/fr\/actualite\/regions\/tunisie-13-corps-rejetes-par-la-mer-a-salakta-et-chebba\/216594\/","title":{"rendered":"Tunisie : 13 corps rejet\u00e9s par la mer \u00e0 Salakta et Chebba"},"content":{"rendered":"<p>Treize cadavres ont \u00e9t\u00e9 d\u00e9couverts sur les plages de Salakta et Chebba (gouvernorat de Mahdia).<\/p>\n<p>\t\t\t\t\t\t\t\t\tTreize corps, probablement des personnes d\u2019origine subsaharienne, ont \u00e9t\u00e9 retrouv\u00e9s sur les plages de Salakta et Chebba, deux d\u00e9l\u00e9gations du gouvernorat de Mahdia et distantes de 23 km.<\/p>\n<p>Farid Ben Jha, porte-parole des tribunaux de Monastir et Mahdia, a indiqu\u00e9, aujourd\u2019hui, qu\u2019apr\u00e8s la d\u00e9couverte de ces treize cadavres sur les plages de Salakta et Chebba le minist\u00e8re public a autoris\u00e9 l&rsquo;ouverture d&rsquo;une enqu\u00eate pour d\u00e9terminer les causes et les circonstances de leur d\u00e9c\u00e8s.<\/p>\n<p>Les corps ont \u00e9t\u00e9 transf\u00e9r\u00e9s aux services hospitaliers l\u00e9gistes, pour analyses et autopsies, a-t-il ajout\u00e9 dans une d\u00e9claration accord\u00e9e \u00e0 Mosaique fm.<\/p>\n","protected":false},"excerpt":{"rendered":"<p>Treize corps, probablement des personnes d\u2019origine subsaharienne, ont \u00e9t\u00e9 retrouv\u00e9s sur les plages de Salakta et Chebba, deux d\u00e9l\u00e9gations du gouvernorat de Mahd&#8230;<\/p>\n","protected":false},"author":3175,"featured_media":291096,"comment_status":"open","ping_status":"closed","sticky":false,"template":"","format":"standard","meta":{"footnotes":""},"categories":[2595],"tags":[10452,4688,8163,4687,7238,2608],"class_list":["post-216594","post","type-post","status-publish","format-standard","has-post-thumbnail","hentry","category-regions","tag-salakta","tag-cadavres","tag-chebba","tag-corps","tag-migrant","tag-tunisie"],"yoast_head":"<!-- This site is optimized with the Yoast SEO Premium plugin v27.5 (Yoast SEO v27.5) - https:\/\/yoast.com\/product\/yoast-seo-premium-wordpress\/ -->\n<title>Tunisie : 13 corps rejet\u00e9s par la mer \u00e0 Salakta et Chebba<\/title>\n<meta name=\"description\" content=\"Treize corps, probablement des personnes d\u2019origine subsaharienne, ont \u00e9t\u00e9 retrouv\u00e9s sur les plages de Salakta et Chebba, deux d\u00e9l\u00e9gations du gouvernorat de Mahd...\" \/>\n<link rel=\"canonical\" href=\"https:\/\/www.webdo.tn\/fr\/actualite\/regions\/tunisie-13-corps-rejetes-par-la-mer-a-salakta-et-chebba\/216594\/\" \/>\n<meta property=\"og:locale\" content=\"fr_FR\" \/>\n<meta property=\"og:type\" content=\"article\" \/>\n<meta property=\"og:title\" content=\"Tunisie : 13 corps rejet\u00e9s par la mer \u00e0 Salakta et Chebba\" \/>\n<meta property=\"og:description\" content=\"Treize corps, probablement des personnes d\u2019origine subsaharienne, ont \u00e9t\u00e9 retrouv\u00e9s sur les plages de Salakta et Chebba, deux d\u00e9l\u00e9gations du gouvernorat de Mahd...\" \/>\n<meta property=\"og:url\" content=\"https:\/\/www.webdo.tn\/fr\/actualite\/regions\/tunisie-13-corps-rejetes-par-la-mer-a-salakta-et-chebba\/216594\/\" \/>\n<meta property=\"og:site_name\" content=\"webdo\" \/>\n<meta property=\"article:publisher\" content=\"https:\/\/www.facebook.com\/webdotn\" \/>\n<meta property=\"article:published_time\" content=\"2024-09-25T12:47:00+00:00\" \/>\n<meta property=\"article:modified_time\" content=\"2025-05-20T22:54:55+00:00\" \/>\n<meta property=\"og:image\" content=\"https:\/\/www.webdo.tn\/fr\/wp-content\/uploads\/2024\/09\/3c5f9b12265ae7017dd0b0d06278abe0.webp\" \/>\n\t<meta property=\"og:image:width\" content=\"600\" \/>\n\t<meta property=\"og:image:height\" content=\"320\" \/>\n\t<meta property=\"og:image:type\" content=\"image\/webp\" \/>\n<meta name=\"author\" content=\"CL\" \/>\n<meta name=\"twitter:card\" content=\"summary_large_image\" \/>\n<meta name=\"twitter:creator\" content=\"@webdo_tn\" \/>\n<meta name=\"twitter:site\" content=\"@webdo_tn\" \/>\n<meta name=\"twitter:label1\" content=\"\u00c9crit par\" \/>\n\t<meta name=\"twitter:data1\" content=\"CL\" \/>\n\t<meta name=\"twitter:label2\" content=\"Dur\u00e9e de lecture estim\u00e9e\" \/>\n\t<meta name=\"twitter:data2\" content=\"1 minute\" \/>\n<script type=\"application\/ld+json\" class=\"yoast-schema-graph\">{\"@context\":\"https:\\\/\\\/schema.org\",\"@graph\":[{\"@type\":\"NewsArticle\",\"@id\":\"https:\\\/\\\/www.webdo.tn\\\/fr\\\/actualite\\\/regions\\\/tunisie-13-corps-rejetes-par-la-mer-a-salakta-et-chebba\\\/216594\\\/#article\",\"isPartOf\":{\"@id\":\"https:\\\/\\\/www.webdo.tn\\\/fr\\\/actualite\\\/regions\\\/tunisie-13-corps-rejetes-par-la-mer-a-salakta-et-chebba\\\/216594\\\/\"},\"author\":{\"name\":\"CL\",\"@id\":\"https:\\\/\\\/www.webdo.tn\\\/fr\\\/#\\\/schema\\\/person\\\/f35b42a42c5e2511bbd282959d6385cc\"},\"headline\":\"Tunisie : 13 corps rejet\u00e9s par la mer \u00e0 Salakta et Chebba\",\"datePublished\":\"2024-09-25T12:47:00+00:00\",\"dateModified\":\"2025-05-20T22:54:55+00:00\",\"mainEntityOfPage\":{\"@id\":\"https:\\\/\\\/www.webdo.tn\\\/fr\\\/actualite\\\/regions\\\/tunisie-13-corps-rejetes-par-la-mer-a-salakta-et-chebba\\\/216594\\\/\"},\"wordCount\":139,\"commentCount\":0,\"publisher\":{\"@id\":\"https:\\\/\\\/www.webdo.tn\\\/fr\\\/#organization\"},\"image\":{\"@id\":\"https:\\\/\\\/www.webdo.tn\\\/fr\\\/actualite\\\/regions\\\/tunisie-13-corps-rejetes-par-la-mer-a-salakta-et-chebba\\\/216594\\\/#primaryimage\"},\"thumbnailUrl\":\"https:\\\/\\\/www.webdo.tn\\\/fr\\\/wp-content\\\/uploads\\\/2024\\\/09\\\/3c5f9b12265ae7017dd0b0d06278abe0.webp\",\"keywords\":[\"'salakta']\",\"cadavres\",\"chebba\",\"corps\",\"migrant\",\"Tunisie\"],\"articleSection\":[\"regions\"],\"inLanguage\":\"fr-FR\"},{\"@type\":\"WebPage\",\"@id\":\"https:\\\/\\\/www.webdo.tn\\\/fr\\\/actualite\\\/regions\\\/tunisie-13-corps-rejetes-par-la-mer-a-salakta-et-chebba\\\/216594\\\/\",\"url\":\"https:\\\/\\\/www.webdo.tn\\\/fr\\\/actualite\\\/regions\\\/tunisie-13-corps-rejetes-par-la-mer-a-salakta-et-chebba\\\/216594\\\/\",\"name\":\"Tunisie : 13 corps rejet\u00e9s par la mer \u00e0 Salakta et Chebba\",\"isPartOf\":{\"@id\":\"https:\\\/\\\/www.webdo.tn\\\/fr\\\/#website\"},\"primaryImageOfPage\":{\"@id\":\"https:\\\/\\\/www.webdo.tn\\\/fr\\\/actualite\\\/regions\\\/tunisie-13-corps-rejetes-par-la-mer-a-salakta-et-chebba\\\/216594\\\/#primaryimage\"},\"image\":{\"@id\":\"https:\\\/\\\/www.webdo.tn\\\/fr\\\/actualite\\\/regions\\\/tunisie-13-corps-rejetes-par-la-mer-a-salakta-et-chebba\\\/216594\\\/#primaryimage\"},\"thumbnailUrl\":\"https:\\\/\\\/www.webdo.tn\\\/fr\\\/wp-content\\\/uploads\\\/2024\\\/09\\\/3c5f9b12265ae7017dd0b0d06278abe0.webp\",\"datePublished\":\"2024-09-25T12:47:00+00:00\",\"dateModified\":\"2025-05-20T22:54:55+00:00\",\"description\":\"Treize corps, probablement des personnes d\u2019origine subsaharienne, ont \u00e9t\u00e9 retrouv\u00e9s sur les plages de Salakta et Chebba, deux d\u00e9l\u00e9gations du gouvernorat de Mahd...\",\"breadcrumb\":{\"@id\":\"https:\\\/\\\/www.webdo.tn\\\/fr\\\/actualite\\\/regions\\\/tunisie-13-corps-rejetes-par-la-mer-a-salakta-et-chebba\\\/216594\\\/#breadcrumb\"},\"inLanguage\":\"fr-FR\",\"potentialAction\":[{\"@type\":\"ReadAction\",\"target\":[\"https:\\\/\\\/www.webdo.tn\\\/fr\\\/actualite\\\/regions\\\/tunisie-13-corps-rejetes-par-la-mer-a-salakta-et-chebba\\\/216594\\\/\"]}]},{\"@type\":\"ImageObject\",\"inLanguage\":\"fr-FR\",\"@id\":\"https:\\\/\\\/www.webdo.tn\\\/fr\\\/actualite\\\/regions\\\/tunisie-13-corps-rejetes-par-la-mer-a-salakta-et-chebba\\\/216594\\\/#primaryimage\",\"url\":\"https:\\\/\\\/www.webdo.tn\\\/fr\\\/wp-content\\\/uploads\\\/2024\\\/09\\\/3c5f9b12265ae7017dd0b0d06278abe0.webp\",\"contentUrl\":\"https:\\\/\\\/www.webdo.tn\\\/fr\\\/wp-content\\\/uploads\\\/2024\\\/09\\\/3c5f9b12265ae7017dd0b0d06278abe0.webp\",\"width\":600,\"height\":320,\"caption\":\"Tunisie : 13 corps rejet\u00e9s par la mer \u00e0 Salakta et Chebba\"},{\"@type\":\"BreadcrumbList\",\"@id\":\"https:\\\/\\\/www.webdo.tn\\\/fr\\\/actualite\\\/regions\\\/tunisie-13-corps-rejetes-par-la-mer-a-salakta-et-chebba\\\/216594\\\/#breadcrumb\",\"itemListElement\":[{\"@type\":\"ListItem\",\"position\":1,\"name\":\"Accueil\",\"item\":\"https:\\\/\\\/www.webdo.tn\\\/fr\\\/\"},{\"@type\":\"ListItem\",\"position\":2,\"name\":\"Tunisie : 13 corps rejet\u00e9s par la mer \u00e0 Salakta et Chebba\"}]},{\"@type\":\"WebSite\",\"@id\":\"https:\\\/\\\/www.webdo.tn\\\/fr\\\/#website\",\"url\":\"https:\\\/\\\/www.webdo.tn\\\/fr\\\/\",\"name\":\"webdo\",\"description\":\"Tunisie - News en Tunisie et \u00e0 l&#039;international sur Webdo.tn\",\"publisher\":{\"@id\":\"https:\\\/\\\/www.webdo.tn\\\/fr\\\/#organization\"},\"potentialAction\":[{\"@type\":\"SearchAction\",\"target\":{\"@type\":\"EntryPoint\",\"urlTemplate\":\"https:\\\/\\\/www.webdo.tn\\\/fr\\\/?s={search_term_string}\"},\"query-input\":{\"@type\":\"PropertyValueSpecification\",\"valueRequired\":true,\"valueName\":\"search_term_string\"}}],\"inLanguage\":\"fr-FR\"},{\"@type\":\"Organization\",\"@id\":\"https:\\\/\\\/www.webdo.tn\\\/fr\\\/#organization\",\"name\":\"Webdo\",\"alternateName\":\"Webdo.tn\",\"url\":\"https:\\\/\\\/www.webdo.tn\\\/fr\\\/\",\"logo\":{\"@type\":\"ImageObject\",\"inLanguage\":\"fr-FR\",\"@id\":\"https:\\\/\\\/www.webdo.tn\\\/fr\\\/#\\\/schema\\\/logo\\\/image\\\/\",\"url\":\"https:\\\/\\\/www.webdo.tn\\\/fr\\\/wp-content\\\/uploads\\\/2025\\\/06\\\/Webdo-Tunisie_168377.jpg\",\"contentUrl\":\"https:\\\/\\\/www.webdo.tn\\\/fr\\\/wp-content\\\/uploads\\\/2025\\\/06\\\/Webdo-Tunisie_168377.jpg\",\"width\":301,\"height\":301,\"caption\":\"Webdo\"},\"image\":{\"@id\":\"https:\\\/\\\/www.webdo.tn\\\/fr\\\/#\\\/schema\\\/logo\\\/image\\\/\"},\"sameAs\":[\"https:\\\/\\\/www.facebook.com\\\/webdotn\",\"https:\\\/\\\/x.com\\\/webdo_tn\"],\"description\":\"Webdo est un m\u00e9dia num\u00e9rique tunisien fond\u00e9 en 2010, sp\u00e9cialis\u00e9 dans l\u2019actualit\u00e9 nationale et internationale, l\u2019\u00e9conomie, la soci\u00e9t\u00e9 et les analyses politiques. Le site s\u2019adresse \u00e0 un large public francophone et couvre l\u2019information tunisienne en temps r\u00e9el.\",\"email\":\"redac@webdo.tn\",\"legalName\":\"YNJ SARL\",\"foundingDate\":\"2010-09-06\",\"numberOfEmployees\":{\"@type\":\"QuantitativeValue\",\"minValue\":\"11\",\"maxValue\":\"50\"}},{\"@type\":\"Person\",\"@id\":\"https:\\\/\\\/www.webdo.tn\\\/fr\\\/#\\\/schema\\\/person\\\/f35b42a42c5e2511bbd282959d6385cc\",\"name\":\"CL\",\"image\":{\"@type\":\"ImageObject\",\"inLanguage\":\"fr-FR\",\"@id\":\"https:\\\/\\\/secure.gravatar.com\\\/avatar\\\/1447a49909b67aa657c488aec6512e1dd6143a480c1ecfee9b5b5cd74eb3b59e?s=96&d=mm&r=g\",\"url\":\"https:\\\/\\\/secure.gravatar.com\\\/avatar\\\/1447a49909b67aa657c488aec6512e1dd6143a480c1ecfee9b5b5cd74eb3b59e?s=96&d=mm&r=g\",\"contentUrl\":\"https:\\\/\\\/secure.gravatar.com\\\/avatar\\\/1447a49909b67aa657c488aec6512e1dd6143a480c1ecfee9b5b5cd74eb3b59e?s=96&d=mm&r=g\",\"caption\":\"CL\"},\"url\":\"https:\\\/\\\/www.webdo.tn\\\/fr\\\/actualite\\\/author\\\/cl\\\/\"}]}<\/script>\n<!-- \/ Yoast SEO Premium plugin. -->","yoast_head_json":{"title":"Tunisie : 13 corps rejet\u00e9s par la mer \u00e0 Salakta et Chebba","description":"Treize corps, probablement des personnes d\u2019origine subsaharienne, ont \u00e9t\u00e9 retrouv\u00e9s sur les plages de Salakta et Chebba, deux d\u00e9l\u00e9gations du gouvernorat de Mahd...","canonical":"https:\/\/www.webdo.tn\/fr\/actualite\/regions\/tunisie-13-corps-rejetes-par-la-mer-a-salakta-et-chebba\/216594\/","og_locale":"fr_FR","og_type":"article","og_title":"Tunisie : 13 corps rejet\u00e9s par la mer \u00e0 Salakta et Chebba","og_description":"Treize corps, probablement des personnes d\u2019origine subsaharienne, ont \u00e9t\u00e9 retrouv\u00e9s sur les plages de Salakta et Chebba, deux d\u00e9l\u00e9gations du gouvernorat de Mahd...","og_url":"https:\/\/www.webdo.tn\/fr\/actualite\/regions\/tunisie-13-corps-rejetes-par-la-mer-a-salakta-et-chebba\/216594\/","og_site_name":"webdo","article_publisher":"https:\/\/www.facebook.com\/webdotn","article_published_time":"2024-09-25T12:47:00+00:00","article_modified_time":"2025-05-20T22:54:55+00:00","og_image":[{"width":600,"height":320,"url":"https:\/\/www.webdo.tn\/fr\/wp-content\/uploads\/2024\/09\/3c5f9b12265ae7017dd0b0d06278abe0.webp","type":"image\/webp"}],"author":"CL","twitter_card":"summary_large_image","twitter_creator":"@webdo_tn","twitter_site":"@webdo_tn","twitter_misc":{"\u00c9crit par":"CL","Dur\u00e9e de lecture estim\u00e9e":"1 minute"},"schema":{"@context":"https:\/\/schema.org","@graph":[{"@type":"NewsArticle","@id":"https:\/\/www.webdo.tn\/fr\/actualite\/regions\/tunisie-13-corps-rejetes-par-la-mer-a-salakta-et-chebba\/216594\/#article","isPartOf":{"@id":"https:\/\/www.webdo.tn\/fr\/actualite\/regions\/tunisie-13-corps-rejetes-par-la-mer-a-salakta-et-chebba\/216594\/"},"author":{"name":"CL","@id":"https:\/\/www.webdo.tn\/fr\/#\/schema\/person\/f35b42a42c5e2511bbd282959d6385cc"},"headline":"Tunisie : 13 corps rejet\u00e9s par la mer \u00e0 Salakta et Chebba","datePublished":"2024-09-25T12:47:00+00:00","dateModified":"2025-05-20T22:54:55+00:00","mainEntityOfPage":{"@id":"https:\/\/www.webdo.tn\/fr\/actualite\/regions\/tunisie-13-corps-rejetes-par-la-mer-a-salakta-et-chebba\/216594\/"},"wordCount":139,"commentCount":0,"publisher":{"@id":"https:\/\/www.webdo.tn\/fr\/#organization"},"image":{"@id":"https:\/\/www.webdo.tn\/fr\/actualite\/regions\/tunisie-13-corps-rejetes-par-la-mer-a-salakta-et-chebba\/216594\/#primaryimage"},"thumbnailUrl":"https:\/\/www.webdo.tn\/fr\/wp-content\/uploads\/2024\/09\/3c5f9b12265ae7017dd0b0d06278abe0.webp","keywords":["'salakta']","cadavres","chebba","corps","migrant","Tunisie"],"articleSection":["regions"],"inLanguage":"fr-FR"},{"@type":"WebPage","@id":"https:\/\/www.webdo.tn\/fr\/actualite\/regions\/tunisie-13-corps-rejetes-par-la-mer-a-salakta-et-chebba\/216594\/","url":"https:\/\/www.webdo.tn\/fr\/actualite\/regions\/tunisie-13-corps-rejetes-par-la-mer-a-salakta-et-chebba\/216594\/","name":"Tunisie : 13 corps rejet\u00e9s par la mer \u00e0 Salakta et Chebba","isPartOf":{"@id":"https:\/\/www.webdo.tn\/fr\/#website"},"primaryImageOfPage":{"@id":"https:\/\/www.webdo.tn\/fr\/actualite\/regions\/tunisie-13-corps-rejetes-par-la-mer-a-salakta-et-chebba\/216594\/#primaryimage"},"image":{"@id":"https:\/\/www.webdo.tn\/fr\/actualite\/regions\/tunisie-13-corps-rejetes-par-la-mer-a-salakta-et-chebba\/216594\/#primaryimage"},"thumbnailUrl":"https:\/\/www.webdo.tn\/fr\/wp-content\/uploads\/2024\/09\/3c5f9b12265ae7017dd0b0d06278abe0.webp","datePublished":"2024-09-25T12:47:00+00:00","dateModified":"2025-05-20T22:54:55+00:00","description":"Treize corps, probablement des personnes d\u2019origine subsaharienne, ont \u00e9t\u00e9 retrouv\u00e9s sur les plages de Salakta et Chebba, deux d\u00e9l\u00e9gations du gouvernorat de Mahd...","breadcrumb":{"@id":"https:\/\/www.webdo.tn\/fr\/actualite\/regions\/tunisie-13-corps-rejetes-par-la-mer-a-salakta-et-chebba\/216594\/#breadcrumb"},"inLanguage":"fr-FR","potentialAction":[{"@type":"ReadAction","target":["https:\/\/www.webdo.tn\/fr\/actualite\/regions\/tunisie-13-corps-rejetes-par-la-mer-a-salakta-et-chebba\/216594\/"]}]},{"@type":"ImageObject","inLanguage":"fr-FR","@id":"https:\/\/www.webdo.tn\/fr\/actualite\/regions\/tunisie-13-corps-rejetes-par-la-mer-a-salakta-et-chebba\/216594\/#primaryimage","url":"https:\/\/www.webdo.tn\/fr\/wp-content\/uploads\/2024\/09\/3c5f9b12265ae7017dd0b0d06278abe0.webp","contentUrl":"https:\/\/www.webdo.tn\/fr\/wp-content\/uploads\/2024\/09\/3c5f9b12265ae7017dd0b0d06278abe0.webp","width":600,"height":320,"caption":"Tunisie : 13 corps rejet\u00e9s par la mer \u00e0 Salakta et Chebba"},{"@type":"BreadcrumbList","@id":"https:\/\/www.webdo.tn\/fr\/actualite\/regions\/tunisie-13-corps-rejetes-par-la-mer-a-salakta-et-chebba\/216594\/#breadcrumb","itemListElement":[{"@type":"ListItem","position":1,"name":"Accueil","item":"https:\/\/www.webdo.tn\/fr\/"},{"@type":"ListItem","position":2,"name":"Tunisie : 13 corps rejet\u00e9s par la mer \u00e0 Salakta et Chebba"}]},{"@type":"WebSite","@id":"https:\/\/www.webdo.tn\/fr\/#website","url":"https:\/\/www.webdo.tn\/fr\/","name":"webdo","description":"Tunisie - News en Tunisie et \u00e0 l&#039;international sur Webdo.tn","publisher":{"@id":"https:\/\/www.webdo.tn\/fr\/#organization"},"potentialAction":[{"@type":"SearchAction","target":{"@type":"EntryPoint","urlTemplate":"https:\/\/www.webdo.tn\/fr\/?s={search_term_string}"},"query-input":{"@type":"PropertyValueSpecification","valueRequired":true,"valueName":"search_term_string"}}],"inLanguage":"fr-FR"},{"@type":"Organization","@id":"https:\/\/www.webdo.tn\/fr\/#organization","name":"Webdo","alternateName":"Webdo.tn","url":"https:\/\/www.webdo.tn\/fr\/","logo":{"@type":"ImageObject","inLanguage":"fr-FR","@id":"https:\/\/www.webdo.tn\/fr\/#\/schema\/logo\/image\/","url":"https:\/\/www.webdo.tn\/fr\/wp-content\/uploads\/2025\/06\/Webdo-Tunisie_168377.jpg","contentUrl":"https:\/\/www.webdo.tn\/fr\/wp-content\/uploads\/2025\/06\/Webdo-Tunisie_168377.jpg","width":301,"height":301,"caption":"Webdo"},"image":{"@id":"https:\/\/www.webdo.tn\/fr\/#\/schema\/logo\/image\/"},"sameAs":["https:\/\/www.facebook.com\/webdotn","https:\/\/x.com\/webdo_tn"],"description":"Webdo est un m\u00e9dia num\u00e9rique tunisien fond\u00e9 en 2010, sp\u00e9cialis\u00e9 dans l\u2019actualit\u00e9 nationale et internationale, l\u2019\u00e9conomie, la soci\u00e9t\u00e9 et les analyses politiques. Le site s\u2019adresse \u00e0 un large public francophone et couvre l\u2019information tunisienne en temps r\u00e9el.","email":"redac@webdo.tn","legalName":"YNJ SARL","foundingDate":"2010-09-06","numberOfEmployees":{"@type":"QuantitativeValue","minValue":"11","maxValue":"50"}},{"@type":"Person","@id":"https:\/\/www.webdo.tn\/fr\/#\/schema\/person\/f35b42a42c5e2511bbd282959d6385cc","name":"CL","image":{"@type":"ImageObject","inLanguage":"fr-FR","@id":"https:\/\/secure.gravatar.com\/avatar\/1447a49909b67aa657c488aec6512e1dd6143a480c1ecfee9b5b5cd74eb3b59e?s=96&d=mm&r=g","url":"https:\/\/secure.gravatar.com\/avatar\/1447a49909b67aa657c488aec6512e1dd6143a480c1ecfee9b5b5cd74eb3b59e?s=96&d=mm&r=g","contentUrl":"https:\/\/secure.gravatar.com\/avatar\/1447a49909b67aa657c488aec6512e1dd6143a480c1ecfee9b5b5cd74eb3b59e?s=96&d=mm&r=g","caption":"CL"},"url":"https:\/\/www.webdo.tn\/fr\/actualite\/author\/cl\/"}]}},"_links":{"self":[{"href":"https:\/\/www.webdo.tn\/fr\/wp-json\/wp\/v2\/posts\/216594","targetHints":{"allow":["GET"]}}],"collection":[{"href":"https:\/\/www.webdo.tn\/fr\/wp-json\/wp\/v2\/posts"}],"about":[{"href":"https:\/\/www.webdo.tn\/fr\/wp-json\/wp\/v2\/types\/post"}],"author":[{"embeddable":true,"href":"https:\/\/www.webdo.tn\/fr\/wp-json\/wp\/v2\/users\/3175"}],"replies":[{"embeddable":true,"href":"https:\/\/www.webdo.tn\/fr\/wp-json\/wp\/v2\/comments?post=216594"}],"version-history":[{"count":0,"href":"https:\/\/www.webdo.tn\/fr\/wp-json\/wp\/v2\/posts\/216594\/revisions"}],"wp:featuredmedia":[{"embeddable":true,"href":"https:\/\/www.webdo.tn\/fr\/wp-json\/wp\/v2\/media\/291096"}],"wp:attachment":[{"href":"https:\/\/www.webdo.tn\/fr\/wp-json\/wp\/v2\/media?parent=216594"}],"wp:term":[{"taxonomy":"category","embeddable":true,"href":"https:\/\/www.webdo.tn\/fr\/wp-json\/wp\/v2\/categories?post=216594"},{"taxonomy":"post_tag","embeddable":true,"href":"https:\/\/www.webdo.tn\/fr\/wp-json\/wp\/v2\/tags?post=216594"}],"curies":[{"name":"wp","href":"https:\/\/api.w.org\/{rel}","templated":true}]}}