{"id":216589,"date":"2024-09-25T11:25:00","date_gmt":"2024-09-25T11:25:00","guid":{"rendered":"https:\/\/www.webdo.tn\/fr\/blog\/liban-500-000-deplaces-les-tunisiens-s-inquietent-de-plus-en-plus\/216589\/"},"modified":"2025-05-14T09:21:30","modified_gmt":"2025-05-14T09:21:30","slug":"liban-500-000-deplaces-les-tunisiens-s-inquietent-de-plus-en-plus","status":"publish","type":"post","link":"https:\/\/www.webdo.tn\/fr\/actualite\/international\/liban-500-000-deplaces-les-tunisiens-s-inquietent-de-plus-en-plus\/216589\/","title":{"rendered":"Liban : 500 000 d\u00e9plac\u00e9s, les Tunisiens s\u2019inqui\u00e8tent de plus en plus"},"content":{"rendered":"<p>Le Liban est plong\u00e9 dans une crise humanitaire d&rsquo;une ampleur sans pr\u00e9c\u00e9dent, exacerb\u00e9e par l&rsquo;intensification du conflit avec Isra\u00ebl. Le ministre libanais des Affaires \u00e9trang\u00e8res, Abdallah Bou Habib, a r\u00e9v\u00e9l\u00e9 que le nombre de d\u00e9plac\u00e9s internes avoisine d\u00e9sormais le demi-million, une hausse dramatique compar\u00e9e aux 110 000 recens\u00e9s avant les derni\u00e8res frappes isra\u00e9liennes.<\/p>\n<p>\t\t\t\t\t\t\t\t\tLa situation est d&rsquo;autant plus critique que, selon le ministre de la Sant\u00e9, Firas Abiad, les violences ont d\u00e9j\u00e0 fait 558 morts, dont 94 femmes et 50 enfants, ainsi que 1 835 bless\u00e9s.<\/p>\n<p>Dans ce contexte troubl\u00e9, la communaut\u00e9 tunisienne au Liban manifeste une inqui\u00e9tude croissante. Si l&rsquo;ambassadeur de Tunisie \u00e0 Beyrouth, Bouraoui Limam, a rassur\u00e9 en indiquant qu&rsquo;aucun ressortissant tunisien n&rsquo;a \u00e9t\u00e9 touch\u00e9 par les frappes, un nombre croissant de membres de cette communaut\u00e9 cherchent \u00e0 regagner leur pays d&rsquo;origine. Les appels \u00e0 l\u2019ambassade se multiplient, refl\u00e9tant la crainte d&rsquo;une aggravation de la situation s\u00e9curitaire.<\/p>\n<p>Face \u00e0 cette urgence, l&rsquo;ambassade tunisienne est sur le pied de guerre, fonctionnant sans interruption pour r\u00e9pondre aux demandes d&rsquo;assistance. N\u00e9anmoins, le processus de rapatriement s&rsquo;annonce complexe. Il d\u00e9pend de l&rsquo;\u00e9volution des combats, des contraintes administratives libanaises, ainsi que des imp\u00e9ratifs logistiques et s\u00e9curitaires. Malgr\u00e9 ces obstacles, les autorit\u00e9s tunisiennes affichent leur d\u00e9termination \u00e0 soutenir leurs concitoyens, soulignant l&rsquo;importance de la solidarit\u00e9 nationale dans une r\u00e9gion en proie \u00e0 une crise profonde et durable.<\/p>\n","protected":false},"excerpt":{"rendered":"<p>La crise humanitaire au Liban s&rsquo;aggrave avec pr\u00e8s de 500 000 d\u00e9plac\u00e9s en raison de l&rsquo;escalade du conflit avec Isra\u00ebl. Face \u00e0 cette situation, l&rsquo;inqui\u00e9tude grand&#8230;<\/p>\n","protected":false},"author":4779,"featured_media":246474,"comment_status":"open","ping_status":"closed","sticky":false,"template":"","format":"standard","meta":{"footnotes":""},"categories":[2598],"tags":[5614,4840,5613,3920,5612],"class_list":["post-216589","post","type-post","status-publish","format-standard","has-post-thumbnail","hentry","category-international","tag-conflit-israel","tag-crise-humanitaire","tag-deplaces","tag-liban","tag-tunisiens-au-liban"],"yoast_head":"<!-- This site is optimized with the Yoast SEO Premium plugin v27.4 (Yoast SEO v27.5) - https:\/\/yoast.com\/product\/yoast-seo-premium-wordpress\/ -->\n<title>Liban : 500 000 d\u00e9plac\u00e9s, les Tunisiens s\u2019inqui\u00e8tent de plus en plus<\/title>\n<meta name=\"description\" content=\"La crise humanitaire au Liban s&#039;aggrave avec pr\u00e8s de 500 000 d\u00e9plac\u00e9s en raison de l&#039;escalade du conflit avec Isra\u00ebl. Face \u00e0 cette situation, l&#039;inqui\u00e9tude grand...\" \/>\n<link rel=\"canonical\" href=\"https:\/\/www.webdo.tn\/fr\/actualite\/international\/liban-500-000-deplaces-les-tunisiens-s-inquietent-de-plus-en-plus\/216589\/\" \/>\n<meta property=\"og:locale\" content=\"fr_FR\" \/>\n<meta property=\"og:type\" content=\"article\" \/>\n<meta property=\"og:title\" content=\"Liban : 500 000 d\u00e9plac\u00e9s, les Tunisiens s\u2019inqui\u00e8tent de plus en plus\" \/>\n<meta property=\"og:description\" content=\"La crise humanitaire au Liban s&#039;aggrave avec pr\u00e8s de 500 000 d\u00e9plac\u00e9s en raison de l&#039;escalade du conflit avec Isra\u00ebl. Face \u00e0 cette situation, l&#039;inqui\u00e9tude grand...\" \/>\n<meta property=\"og:url\" content=\"https:\/\/www.webdo.tn\/fr\/actualite\/international\/liban-500-000-deplaces-les-tunisiens-s-inquietent-de-plus-en-plus\/216589\/\" \/>\n<meta property=\"og:site_name\" content=\"webdo\" \/>\n<meta property=\"article:publisher\" content=\"https:\/\/www.facebook.com\/webdotn\" \/>\n<meta property=\"article:published_time\" content=\"2024-09-25T11:25:00+00:00\" \/>\n<meta property=\"article:modified_time\" content=\"2025-05-14T09:21:30+00:00\" \/>\n<meta property=\"og:image\" content=\"https:\/\/www.webdo.tn\/fr\/wp-content\/uploads\/2024\/09\/27f41cacf95299507b432b1cf307b357.webp\" \/>\n\t<meta property=\"og:image:width\" content=\"750\" \/>\n\t<meta property=\"og:image:height\" content=\"400\" \/>\n\t<meta property=\"og:image:type\" content=\"image\/webp\" \/>\n<meta name=\"author\" content=\"Firas Ben Abdeltif\" \/>\n<meta name=\"twitter:card\" content=\"summary_large_image\" \/>\n<meta name=\"twitter:creator\" content=\"@webdo_tn\" \/>\n<meta name=\"twitter:site\" content=\"@webdo_tn\" \/>\n<meta name=\"twitter:label1\" content=\"\u00c9crit par\" \/>\n\t<meta name=\"twitter:data1\" content=\"Firas Ben Abdeltif\" \/>\n\t<meta name=\"twitter:label2\" content=\"Dur\u00e9e de lecture estim\u00e9e\" \/>\n\t<meta name=\"twitter:data2\" content=\"1 minute\" \/>\n<script type=\"application\/ld+json\" class=\"yoast-schema-graph\">{\"@context\":\"https:\\\/\\\/schema.org\",\"@graph\":[{\"@type\":\"NewsArticle\",\"@id\":\"https:\\\/\\\/www.webdo.tn\\\/fr\\\/actualite\\\/international\\\/liban-500-000-deplaces-les-tunisiens-s-inquietent-de-plus-en-plus\\\/216589\\\/#article\",\"isPartOf\":{\"@id\":\"https:\\\/\\\/www.webdo.tn\\\/fr\\\/actualite\\\/international\\\/liban-500-000-deplaces-les-tunisiens-s-inquietent-de-plus-en-plus\\\/216589\\\/\"},\"author\":{\"name\":\"Firas Ben Abdeltif\",\"@id\":\"https:\\\/\\\/www.webdo.tn\\\/fr\\\/#\\\/schema\\\/person\\\/19664196c9bfdcda126f3c27709f7d11\"},\"headline\":\"Liban : 500 000 d\u00e9plac\u00e9s, les Tunisiens s\u2019inqui\u00e8tent de plus en plus\",\"datePublished\":\"2024-09-25T11:25:00+00:00\",\"dateModified\":\"2025-05-14T09:21:30+00:00\",\"mainEntityOfPage\":{\"@id\":\"https:\\\/\\\/www.webdo.tn\\\/fr\\\/actualite\\\/international\\\/liban-500-000-deplaces-les-tunisiens-s-inquietent-de-plus-en-plus\\\/216589\\\/\"},\"wordCount\":264,\"commentCount\":0,\"publisher\":{\"@id\":\"https:\\\/\\\/www.webdo.tn\\\/fr\\\/#organization\"},\"image\":{\"@id\":\"https:\\\/\\\/www.webdo.tn\\\/fr\\\/actualite\\\/international\\\/liban-500-000-deplaces-les-tunisiens-s-inquietent-de-plus-en-plus\\\/216589\\\/#primaryimage\"},\"thumbnailUrl\":\"https:\\\/\\\/www.webdo.tn\\\/fr\\\/wp-content\\\/uploads\\\/2024\\\/09\\\/27f41cacf95299507b432b1cf307b357.webp\",\"keywords\":[\"conflit Isra\u00ebl\",\"crise humanitaire\",\"d\u00e9plac\u00e9s\",\"liban\",\"Tunisiens au Liban\"],\"articleSection\":[\"International\"],\"inLanguage\":\"fr-FR\"},{\"@type\":\"WebPage\",\"@id\":\"https:\\\/\\\/www.webdo.tn\\\/fr\\\/actualite\\\/international\\\/liban-500-000-deplaces-les-tunisiens-s-inquietent-de-plus-en-plus\\\/216589\\\/\",\"url\":\"https:\\\/\\\/www.webdo.tn\\\/fr\\\/actualite\\\/international\\\/liban-500-000-deplaces-les-tunisiens-s-inquietent-de-plus-en-plus\\\/216589\\\/\",\"name\":\"Liban : 500 000 d\u00e9plac\u00e9s, les Tunisiens s\u2019inqui\u00e8tent de plus en plus\",\"isPartOf\":{\"@id\":\"https:\\\/\\\/www.webdo.tn\\\/fr\\\/#website\"},\"primaryImageOfPage\":{\"@id\":\"https:\\\/\\\/www.webdo.tn\\\/fr\\\/actualite\\\/international\\\/liban-500-000-deplaces-les-tunisiens-s-inquietent-de-plus-en-plus\\\/216589\\\/#primaryimage\"},\"image\":{\"@id\":\"https:\\\/\\\/www.webdo.tn\\\/fr\\\/actualite\\\/international\\\/liban-500-000-deplaces-les-tunisiens-s-inquietent-de-plus-en-plus\\\/216589\\\/#primaryimage\"},\"thumbnailUrl\":\"https:\\\/\\\/www.webdo.tn\\\/fr\\\/wp-content\\\/uploads\\\/2024\\\/09\\\/27f41cacf95299507b432b1cf307b357.webp\",\"datePublished\":\"2024-09-25T11:25:00+00:00\",\"dateModified\":\"2025-05-14T09:21:30+00:00\",\"description\":\"La crise humanitaire au Liban s'aggrave avec pr\u00e8s de 500 000 d\u00e9plac\u00e9s en raison de l'escalade du conflit avec Isra\u00ebl. Face \u00e0 cette situation, l'inqui\u00e9tude grand...\",\"breadcrumb\":{\"@id\":\"https:\\\/\\\/www.webdo.tn\\\/fr\\\/actualite\\\/international\\\/liban-500-000-deplaces-les-tunisiens-s-inquietent-de-plus-en-plus\\\/216589\\\/#breadcrumb\"},\"inLanguage\":\"fr-FR\",\"potentialAction\":[{\"@type\":\"ReadAction\",\"target\":[\"https:\\\/\\\/www.webdo.tn\\\/fr\\\/actualite\\\/international\\\/liban-500-000-deplaces-les-tunisiens-s-inquietent-de-plus-en-plus\\\/216589\\\/\"]}]},{\"@type\":\"ImageObject\",\"inLanguage\":\"fr-FR\",\"@id\":\"https:\\\/\\\/www.webdo.tn\\\/fr\\\/actualite\\\/international\\\/liban-500-000-deplaces-les-tunisiens-s-inquietent-de-plus-en-plus\\\/216589\\\/#primaryimage\",\"url\":\"https:\\\/\\\/www.webdo.tn\\\/fr\\\/wp-content\\\/uploads\\\/2024\\\/09\\\/27f41cacf95299507b432b1cf307b357.webp\",\"contentUrl\":\"https:\\\/\\\/www.webdo.tn\\\/fr\\\/wp-content\\\/uploads\\\/2024\\\/09\\\/27f41cacf95299507b432b1cf307b357.webp\",\"width\":750,\"height\":400,\"caption\":\"Liban : 500 000 d\u00e9plac\u00e9s, les Tunisiens s\u2019inqui\u00e8tent de plus en plus\"},{\"@type\":\"BreadcrumbList\",\"@id\":\"https:\\\/\\\/www.webdo.tn\\\/fr\\\/actualite\\\/international\\\/liban-500-000-deplaces-les-tunisiens-s-inquietent-de-plus-en-plus\\\/216589\\\/#breadcrumb\",\"itemListElement\":[{\"@type\":\"ListItem\",\"position\":1,\"name\":\"Accueil\",\"item\":\"https:\\\/\\\/www.webdo.tn\\\/fr\\\/\"},{\"@type\":\"ListItem\",\"position\":2,\"name\":\"Liban : 500 000 d\u00e9plac\u00e9s, les Tunisiens s\u2019inqui\u00e8tent de plus en plus\"}]},{\"@type\":\"WebSite\",\"@id\":\"https:\\\/\\\/www.webdo.tn\\\/fr\\\/#website\",\"url\":\"https:\\\/\\\/www.webdo.tn\\\/fr\\\/\",\"name\":\"webdo\",\"description\":\"Tunisie - News en Tunisie et \u00e0 l&#039;international sur Webdo.tn\",\"publisher\":{\"@id\":\"https:\\\/\\\/www.webdo.tn\\\/fr\\\/#organization\"},\"potentialAction\":[{\"@type\":\"SearchAction\",\"target\":{\"@type\":\"EntryPoint\",\"urlTemplate\":\"https:\\\/\\\/www.webdo.tn\\\/fr\\\/?s={search_term_string}\"},\"query-input\":{\"@type\":\"PropertyValueSpecification\",\"valueRequired\":true,\"valueName\":\"search_term_string\"}}],\"inLanguage\":\"fr-FR\"},{\"@type\":\"Organization\",\"@id\":\"https:\\\/\\\/www.webdo.tn\\\/fr\\\/#organization\",\"name\":\"Webdo\",\"alternateName\":\"Webdo.tn\",\"url\":\"https:\\\/\\\/www.webdo.tn\\\/fr\\\/\",\"logo\":{\"@type\":\"ImageObject\",\"inLanguage\":\"fr-FR\",\"@id\":\"https:\\\/\\\/www.webdo.tn\\\/fr\\\/#\\\/schema\\\/logo\\\/image\\\/\",\"url\":\"https:\\\/\\\/www.webdo.tn\\\/fr\\\/wp-content\\\/uploads\\\/2025\\\/06\\\/Webdo-Tunisie_168377.jpg\",\"contentUrl\":\"https:\\\/\\\/www.webdo.tn\\\/fr\\\/wp-content\\\/uploads\\\/2025\\\/06\\\/Webdo-Tunisie_168377.jpg\",\"width\":301,\"height\":301,\"caption\":\"Webdo\"},\"image\":{\"@id\":\"https:\\\/\\\/www.webdo.tn\\\/fr\\\/#\\\/schema\\\/logo\\\/image\\\/\"},\"sameAs\":[\"https:\\\/\\\/www.facebook.com\\\/webdotn\",\"https:\\\/\\\/x.com\\\/webdo_tn\"],\"description\":\"Webdo est un m\u00e9dia num\u00e9rique tunisien fond\u00e9 en 2010, sp\u00e9cialis\u00e9 dans l\u2019actualit\u00e9 nationale et internationale, l\u2019\u00e9conomie, la soci\u00e9t\u00e9 et les analyses politiques. Le site s\u2019adresse \u00e0 un large public francophone et couvre l\u2019information tunisienne en temps r\u00e9el.\",\"email\":\"redac@webdo.tn\",\"legalName\":\"YNJ SARL\",\"foundingDate\":\"2010-09-06\",\"numberOfEmployees\":{\"@type\":\"QuantitativeValue\",\"minValue\":\"11\",\"maxValue\":\"50\"}},{\"@type\":\"Person\",\"@id\":\"https:\\\/\\\/www.webdo.tn\\\/fr\\\/#\\\/schema\\\/person\\\/19664196c9bfdcda126f3c27709f7d11\",\"name\":\"Firas Ben Abdeltif\",\"image\":{\"@type\":\"ImageObject\",\"inLanguage\":\"fr-FR\",\"@id\":\"https:\\\/\\\/secure.gravatar.com\\\/avatar\\\/161a347d40df098a084778c52ed133dbd85f14df003867067c5948081241ec55?s=96&d=mm&r=g\",\"url\":\"https:\\\/\\\/secure.gravatar.com\\\/avatar\\\/161a347d40df098a084778c52ed133dbd85f14df003867067c5948081241ec55?s=96&d=mm&r=g\",\"contentUrl\":\"https:\\\/\\\/secure.gravatar.com\\\/avatar\\\/161a347d40df098a084778c52ed133dbd85f14df003867067c5948081241ec55?s=96&d=mm&r=g\",\"caption\":\"Firas Ben Abdeltif\"},\"url\":\"https:\\\/\\\/www.webdo.tn\\\/fr\\\/actualite\\\/author\\\/firas-ben-abdeltif\\\/\"}]}<\/script>\n<!-- \/ Yoast SEO Premium plugin. -->","yoast_head_json":{"title":"Liban : 500 000 d\u00e9plac\u00e9s, les Tunisiens s\u2019inqui\u00e8tent de plus en plus","description":"La crise humanitaire au Liban s'aggrave avec pr\u00e8s de 500 000 d\u00e9plac\u00e9s en raison de l'escalade du conflit avec Isra\u00ebl. Face \u00e0 cette situation, l'inqui\u00e9tude grand...","canonical":"https:\/\/www.webdo.tn\/fr\/actualite\/international\/liban-500-000-deplaces-les-tunisiens-s-inquietent-de-plus-en-plus\/216589\/","og_locale":"fr_FR","og_type":"article","og_title":"Liban : 500 000 d\u00e9plac\u00e9s, les Tunisiens s\u2019inqui\u00e8tent de plus en plus","og_description":"La crise humanitaire au Liban s'aggrave avec pr\u00e8s de 500 000 d\u00e9plac\u00e9s en raison de l'escalade du conflit avec Isra\u00ebl. Face \u00e0 cette situation, l'inqui\u00e9tude grand...","og_url":"https:\/\/www.webdo.tn\/fr\/actualite\/international\/liban-500-000-deplaces-les-tunisiens-s-inquietent-de-plus-en-plus\/216589\/","og_site_name":"webdo","article_publisher":"https:\/\/www.facebook.com\/webdotn","article_published_time":"2024-09-25T11:25:00+00:00","article_modified_time":"2025-05-14T09:21:30+00:00","og_image":[{"width":750,"height":400,"url":"https:\/\/www.webdo.tn\/fr\/wp-content\/uploads\/2024\/09\/27f41cacf95299507b432b1cf307b357.webp","type":"image\/webp"}],"author":"Firas Ben Abdeltif","twitter_card":"summary_large_image","twitter_creator":"@webdo_tn","twitter_site":"@webdo_tn","twitter_misc":{"\u00c9crit par":"Firas Ben Abdeltif","Dur\u00e9e de lecture estim\u00e9e":"1 minute"},"schema":{"@context":"https:\/\/schema.org","@graph":[{"@type":"NewsArticle","@id":"https:\/\/www.webdo.tn\/fr\/actualite\/international\/liban-500-000-deplaces-les-tunisiens-s-inquietent-de-plus-en-plus\/216589\/#article","isPartOf":{"@id":"https:\/\/www.webdo.tn\/fr\/actualite\/international\/liban-500-000-deplaces-les-tunisiens-s-inquietent-de-plus-en-plus\/216589\/"},"author":{"name":"Firas Ben Abdeltif","@id":"https:\/\/www.webdo.tn\/fr\/#\/schema\/person\/19664196c9bfdcda126f3c27709f7d11"},"headline":"Liban : 500 000 d\u00e9plac\u00e9s, les Tunisiens s\u2019inqui\u00e8tent de plus en plus","datePublished":"2024-09-25T11:25:00+00:00","dateModified":"2025-05-14T09:21:30+00:00","mainEntityOfPage":{"@id":"https:\/\/www.webdo.tn\/fr\/actualite\/international\/liban-500-000-deplaces-les-tunisiens-s-inquietent-de-plus-en-plus\/216589\/"},"wordCount":264,"commentCount":0,"publisher":{"@id":"https:\/\/www.webdo.tn\/fr\/#organization"},"image":{"@id":"https:\/\/www.webdo.tn\/fr\/actualite\/international\/liban-500-000-deplaces-les-tunisiens-s-inquietent-de-plus-en-plus\/216589\/#primaryimage"},"thumbnailUrl":"https:\/\/www.webdo.tn\/fr\/wp-content\/uploads\/2024\/09\/27f41cacf95299507b432b1cf307b357.webp","keywords":["conflit Isra\u00ebl","crise humanitaire","d\u00e9plac\u00e9s","liban","Tunisiens au Liban"],"articleSection":["International"],"inLanguage":"fr-FR"},{"@type":"WebPage","@id":"https:\/\/www.webdo.tn\/fr\/actualite\/international\/liban-500-000-deplaces-les-tunisiens-s-inquietent-de-plus-en-plus\/216589\/","url":"https:\/\/www.webdo.tn\/fr\/actualite\/international\/liban-500-000-deplaces-les-tunisiens-s-inquietent-de-plus-en-plus\/216589\/","name":"Liban : 500 000 d\u00e9plac\u00e9s, les Tunisiens s\u2019inqui\u00e8tent de plus en plus","isPartOf":{"@id":"https:\/\/www.webdo.tn\/fr\/#website"},"primaryImageOfPage":{"@id":"https:\/\/www.webdo.tn\/fr\/actualite\/international\/liban-500-000-deplaces-les-tunisiens-s-inquietent-de-plus-en-plus\/216589\/#primaryimage"},"image":{"@id":"https:\/\/www.webdo.tn\/fr\/actualite\/international\/liban-500-000-deplaces-les-tunisiens-s-inquietent-de-plus-en-plus\/216589\/#primaryimage"},"thumbnailUrl":"https:\/\/www.webdo.tn\/fr\/wp-content\/uploads\/2024\/09\/27f41cacf95299507b432b1cf307b357.webp","datePublished":"2024-09-25T11:25:00+00:00","dateModified":"2025-05-14T09:21:30+00:00","description":"La crise humanitaire au Liban s'aggrave avec pr\u00e8s de 500 000 d\u00e9plac\u00e9s en raison de l'escalade du conflit avec Isra\u00ebl. Face \u00e0 cette situation, l'inqui\u00e9tude grand...","breadcrumb":{"@id":"https:\/\/www.webdo.tn\/fr\/actualite\/international\/liban-500-000-deplaces-les-tunisiens-s-inquietent-de-plus-en-plus\/216589\/#breadcrumb"},"inLanguage":"fr-FR","potentialAction":[{"@type":"ReadAction","target":["https:\/\/www.webdo.tn\/fr\/actualite\/international\/liban-500-000-deplaces-les-tunisiens-s-inquietent-de-plus-en-plus\/216589\/"]}]},{"@type":"ImageObject","inLanguage":"fr-FR","@id":"https:\/\/www.webdo.tn\/fr\/actualite\/international\/liban-500-000-deplaces-les-tunisiens-s-inquietent-de-plus-en-plus\/216589\/#primaryimage","url":"https:\/\/www.webdo.tn\/fr\/wp-content\/uploads\/2024\/09\/27f41cacf95299507b432b1cf307b357.webp","contentUrl":"https:\/\/www.webdo.tn\/fr\/wp-content\/uploads\/2024\/09\/27f41cacf95299507b432b1cf307b357.webp","width":750,"height":400,"caption":"Liban : 500 000 d\u00e9plac\u00e9s, les Tunisiens s\u2019inqui\u00e8tent de plus en plus"},{"@type":"BreadcrumbList","@id":"https:\/\/www.webdo.tn\/fr\/actualite\/international\/liban-500-000-deplaces-les-tunisiens-s-inquietent-de-plus-en-plus\/216589\/#breadcrumb","itemListElement":[{"@type":"ListItem","position":1,"name":"Accueil","item":"https:\/\/www.webdo.tn\/fr\/"},{"@type":"ListItem","position":2,"name":"Liban : 500 000 d\u00e9plac\u00e9s, les Tunisiens s\u2019inqui\u00e8tent de plus en plus"}]},{"@type":"WebSite","@id":"https:\/\/www.webdo.tn\/fr\/#website","url":"https:\/\/www.webdo.tn\/fr\/","name":"webdo","description":"Tunisie - News en Tunisie et \u00e0 l&#039;international sur Webdo.tn","publisher":{"@id":"https:\/\/www.webdo.tn\/fr\/#organization"},"potentialAction":[{"@type":"SearchAction","target":{"@type":"EntryPoint","urlTemplate":"https:\/\/www.webdo.tn\/fr\/?s={search_term_string}"},"query-input":{"@type":"PropertyValueSpecification","valueRequired":true,"valueName":"search_term_string"}}],"inLanguage":"fr-FR"},{"@type":"Organization","@id":"https:\/\/www.webdo.tn\/fr\/#organization","name":"Webdo","alternateName":"Webdo.tn","url":"https:\/\/www.webdo.tn\/fr\/","logo":{"@type":"ImageObject","inLanguage":"fr-FR","@id":"https:\/\/www.webdo.tn\/fr\/#\/schema\/logo\/image\/","url":"https:\/\/www.webdo.tn\/fr\/wp-content\/uploads\/2025\/06\/Webdo-Tunisie_168377.jpg","contentUrl":"https:\/\/www.webdo.tn\/fr\/wp-content\/uploads\/2025\/06\/Webdo-Tunisie_168377.jpg","width":301,"height":301,"caption":"Webdo"},"image":{"@id":"https:\/\/www.webdo.tn\/fr\/#\/schema\/logo\/image\/"},"sameAs":["https:\/\/www.facebook.com\/webdotn","https:\/\/x.com\/webdo_tn"],"description":"Webdo est un m\u00e9dia num\u00e9rique tunisien fond\u00e9 en 2010, sp\u00e9cialis\u00e9 dans l\u2019actualit\u00e9 nationale et internationale, l\u2019\u00e9conomie, la soci\u00e9t\u00e9 et les analyses politiques. Le site s\u2019adresse \u00e0 un large public francophone et couvre l\u2019information tunisienne en temps r\u00e9el.","email":"redac@webdo.tn","legalName":"YNJ SARL","foundingDate":"2010-09-06","numberOfEmployees":{"@type":"QuantitativeValue","minValue":"11","maxValue":"50"}},{"@type":"Person","@id":"https:\/\/www.webdo.tn\/fr\/#\/schema\/person\/19664196c9bfdcda126f3c27709f7d11","name":"Firas Ben Abdeltif","image":{"@type":"ImageObject","inLanguage":"fr-FR","@id":"https:\/\/secure.gravatar.com\/avatar\/161a347d40df098a084778c52ed133dbd85f14df003867067c5948081241ec55?s=96&d=mm&r=g","url":"https:\/\/secure.gravatar.com\/avatar\/161a347d40df098a084778c52ed133dbd85f14df003867067c5948081241ec55?s=96&d=mm&r=g","contentUrl":"https:\/\/secure.gravatar.com\/avatar\/161a347d40df098a084778c52ed133dbd85f14df003867067c5948081241ec55?s=96&d=mm&r=g","caption":"Firas Ben Abdeltif"},"url":"https:\/\/www.webdo.tn\/fr\/actualite\/author\/firas-ben-abdeltif\/"}]}},"_links":{"self":[{"href":"https:\/\/www.webdo.tn\/fr\/wp-json\/wp\/v2\/posts\/216589","targetHints":{"allow":["GET"]}}],"collection":[{"href":"https:\/\/www.webdo.tn\/fr\/wp-json\/wp\/v2\/posts"}],"about":[{"href":"https:\/\/www.webdo.tn\/fr\/wp-json\/wp\/v2\/types\/post"}],"author":[{"embeddable":true,"href":"https:\/\/www.webdo.tn\/fr\/wp-json\/wp\/v2\/users\/4779"}],"replies":[{"embeddable":true,"href":"https:\/\/www.webdo.tn\/fr\/wp-json\/wp\/v2\/comments?post=216589"}],"version-history":[{"count":0,"href":"https:\/\/www.webdo.tn\/fr\/wp-json\/wp\/v2\/posts\/216589\/revisions"}],"wp:featuredmedia":[{"embeddable":true,"href":"https:\/\/www.webdo.tn\/fr\/wp-json\/wp\/v2\/media\/246474"}],"wp:attachment":[{"href":"https:\/\/www.webdo.tn\/fr\/wp-json\/wp\/v2\/media?parent=216589"}],"wp:term":[{"taxonomy":"category","embeddable":true,"href":"https:\/\/www.webdo.tn\/fr\/wp-json\/wp\/v2\/categories?post=216589"},{"taxonomy":"post_tag","embeddable":true,"href":"https:\/\/www.webdo.tn\/fr\/wp-json\/wp\/v2\/tags?post=216589"}],"curies":[{"name":"wp","href":"https:\/\/api.w.org\/{rel}","templated":true}]}}