{"id":216585,"date":"2024-09-25T10:16:00","date_gmt":"2024-09-25T10:16:00","guid":{"rendered":"https:\/\/www.webdo.tn\/fr\/blog\/crise-au-liban-les-tunisiens-veulent-rentrer-mais-le-processus-s-annonce-complexe\/216585\/"},"modified":"2025-05-14T09:21:31","modified_gmt":"2025-05-14T09:21:31","slug":"crise-au-liban-les-tunisiens-veulent-rentrer-mais-le-processus-s-annonce-complexe","status":"publish","type":"post","link":"https:\/\/www.webdo.tn\/fr\/actualite\/national\/crise-au-liban-les-tunisiens-veulent-rentrer-mais-le-processus-s-annonce-complexe\/216585\/","title":{"rendered":"Crise au Liban : Les Tunisiens veulent rentrer, mais le processus s&rsquo;annonce complexe"},"content":{"rendered":"<p>Le conflit qui fait rage au Liban suscite une vive inqui\u00e9tude au sein de la communaut\u00e9 tunisienne. Bien que l&rsquo;ambassadeur de Tunisie au Liban, Bouraoui Limam, ait assur\u00e9 qu&rsquo;aucun ressortissant tunisien n&rsquo;a \u00e9t\u00e9 bless\u00e9 ou tu\u00e9, la situation s\u00e9curitaire reste pr\u00e9occupante.<\/p>\n<p>\t\t\t\t\t\t\t\t\tLes bombardements intensifs dans plusieurs r\u00e9gions, notamment le sud du Liban et la banlieue sud de Beyrouth, poussent de nombreux Tunisiens \u00e0 envisager un retour au pays.<\/p>\n<p>L&rsquo;ambassade tunisienne \u00e0 Beyrouth a re\u00e7u plusieurs demandes de rapatriement de la part de membres de la communaut\u00e9. Comme l&rsquo;a d\u00e9clar\u00e9 Limam \u00e0 l&rsquo;agence Afrique presse TAP :<\/p>\n<p>\u00a0\u00ab\u00a0L&rsquo;ambassade tunisienne \u00e0 Beyrouth a re\u00e7u de nombreux appels de membres de la communaut\u00e9 tunisienne r\u00e9sidant au Liban, exprimant leur d\u00e9sir de retourner dans leur pays d&rsquo;origine. Il a pr\u00e9cis\u00e9 que cette proc\u00e9dure est soumise aux d\u00e9veloppements sur le terrain et aux mesures administratives, logistiques et s\u00e9curitaires qui seront prises par le pays h\u00f4te (Liban), et que les services de la mission sont pleinement pr\u00e9par\u00e9s 24 heures sur 24 et 7 jours sur 7 pour fournir le soutien n\u00e9cessaire aux membres de la communaut\u00e9 dans ces circonstances difficiles\u00a0\u00bb.<\/p>\n<p>Face \u00e0 cette situation, les services diplomatiques se tiennent pr\u00eats \u00e0 intervenir pour assurer l&rsquo;h\u00e9bergement des Tunisiens ayant quitt\u00e9 leur domicile, en coordination avec les autorit\u00e9s libanaises. L&rsquo;ambassade a \u00e9galement mis en place des lignes d&rsquo;urgence et un formulaire en ligne pour faciliter les \u00e9ventuelles proc\u00e9dures de d\u00e9part.<\/p>\n<p>La communaut\u00e9 tunisienne au Liban, compos\u00e9e d&rsquo;environ 1970 personnes, est principalement constitu\u00e9e de familles install\u00e9es, dont un quart sont des enfants mineurs. Malgr\u00e9 leur int\u00e9gration, la crainte grandissante face \u00e0 l&rsquo;escalade du conflit pousse de plus en plus de Tunisiens \u00e0 envisager un retour dans leur pays d&rsquo;origine, dans l&rsquo;espoir de retrouver la s\u00e9curit\u00e9 et la stabilit\u00e9.<\/p>\n<p>Hier, le ministre libanais de la Sant\u00e9, Firas Abiad, a annonc\u00e9 que les frappes isra\u00e9liennes au Liban ont caus\u00e9 la mort de 558 personnes, dont 94 femmes et 50 enfants, et fait 1835 bless\u00e9s. Ce bilan, encore provisoire, est le plus lourd enregistr\u00e9 en pr\u00e8s d\u2019un an.<\/p>\n","protected":false},"excerpt":{"rendered":"<p>La communaut\u00e9 tunisienne au Liban, inqui\u00e8te face aux frappes isra\u00e9liennes, demande un rapatriement. L&rsquo;ambassade tunisienne \u00e0 Beyrouth se pr\u00e9pare \u00e0 g\u00e9rer ces ret&#8230;<\/p>\n","protected":false},"author":3203,"featured_media":246476,"comment_status":"open","ping_status":"closed","sticky":false,"template":"","format":"standard","meta":{"footnotes":""},"categories":[44],"tags":[5617,5616,5615,5538,5612],"class_list":["post-216585","post","type-post","status-publish","format-standard","has-post-thumbnail","hentry","category-national","tag-ambassade-tunisienne","tag-crise-au-liban","tag-frappes-israeliennes","tag-rapatriement","tag-tunisiens-au-liban"],"yoast_head":"<!-- This site is optimized with the Yoast SEO Premium plugin v27.4 (Yoast SEO v27.5) - https:\/\/yoast.com\/product\/yoast-seo-premium-wordpress\/ -->\n<title>Crise au Liban : Les Tunisiens veulent rentrer, mais le processus s&#039;annonce complexe<\/title>\n<meta name=\"description\" content=\"La communaut\u00e9 tunisienne au Liban, inqui\u00e8te face aux frappes isra\u00e9liennes, demande un rapatriement. L&#039;ambassade tunisienne \u00e0 Beyrouth se pr\u00e9pare \u00e0 g\u00e9rer ces ret...\" \/>\n<link rel=\"canonical\" href=\"https:\/\/www.webdo.tn\/fr\/actualite\/national\/crise-au-liban-les-tunisiens-veulent-rentrer-mais-le-processus-s-annonce-complexe\/216585\/\" \/>\n<meta property=\"og:locale\" content=\"fr_FR\" \/>\n<meta property=\"og:type\" content=\"article\" \/>\n<meta property=\"og:title\" content=\"Crise au Liban : Les Tunisiens veulent rentrer, mais le processus s&#039;annonce complexe\" \/>\n<meta property=\"og:description\" content=\"La communaut\u00e9 tunisienne au Liban, inqui\u00e8te face aux frappes isra\u00e9liennes, demande un rapatriement. L&#039;ambassade tunisienne \u00e0 Beyrouth se pr\u00e9pare \u00e0 g\u00e9rer ces ret...\" \/>\n<meta property=\"og:url\" content=\"https:\/\/www.webdo.tn\/fr\/actualite\/national\/crise-au-liban-les-tunisiens-veulent-rentrer-mais-le-processus-s-annonce-complexe\/216585\/\" \/>\n<meta property=\"og:site_name\" content=\"webdo\" \/>\n<meta property=\"article:publisher\" content=\"https:\/\/www.facebook.com\/webdotn\" \/>\n<meta property=\"article:published_time\" content=\"2024-09-25T10:16:00+00:00\" \/>\n<meta property=\"article:modified_time\" content=\"2025-05-14T09:21:31+00:00\" \/>\n<meta property=\"og:image\" content=\"https:\/\/www.webdo.tn\/fr\/wp-content\/uploads\/2024\/09\/757d7eabed2dc189b6cefeb221baa07f.webp\" \/>\n\t<meta property=\"og:image:width\" content=\"750\" \/>\n\t<meta property=\"og:image:height\" content=\"400\" \/>\n\t<meta property=\"og:image:type\" content=\"image\/webp\" \/>\n<meta name=\"author\" content=\"Ramzi Haddad\" \/>\n<meta name=\"twitter:card\" content=\"summary_large_image\" \/>\n<meta name=\"twitter:creator\" content=\"@webdo_tn\" \/>\n<meta name=\"twitter:site\" content=\"@webdo_tn\" \/>\n<meta name=\"twitter:label1\" content=\"\u00c9crit par\" \/>\n\t<meta name=\"twitter:data1\" content=\"Ramzi Haddad\" \/>\n\t<meta name=\"twitter:label2\" content=\"Dur\u00e9e de lecture estim\u00e9e\" \/>\n\t<meta name=\"twitter:data2\" content=\"2 minutes\" \/>\n<script type=\"application\/ld+json\" class=\"yoast-schema-graph\">{\"@context\":\"https:\\\/\\\/schema.org\",\"@graph\":[{\"@type\":\"NewsArticle\",\"@id\":\"https:\\\/\\\/www.webdo.tn\\\/fr\\\/actualite\\\/national\\\/crise-au-liban-les-tunisiens-veulent-rentrer-mais-le-processus-s-annonce-complexe\\\/216585\\\/#article\",\"isPartOf\":{\"@id\":\"https:\\\/\\\/www.webdo.tn\\\/fr\\\/actualite\\\/national\\\/crise-au-liban-les-tunisiens-veulent-rentrer-mais-le-processus-s-annonce-complexe\\\/216585\\\/\"},\"author\":{\"name\":\"Ramzi Haddad\",\"@id\":\"https:\\\/\\\/www.webdo.tn\\\/fr\\\/#\\\/schema\\\/person\\\/5663044c25eb36d8f88ba5b653f12f8c\"},\"headline\":\"Crise au Liban : Les Tunisiens veulent rentrer, mais le processus s&rsquo;annonce complexe\",\"datePublished\":\"2024-09-25T10:16:00+00:00\",\"dateModified\":\"2025-05-14T09:21:31+00:00\",\"mainEntityOfPage\":{\"@id\":\"https:\\\/\\\/www.webdo.tn\\\/fr\\\/actualite\\\/national\\\/crise-au-liban-les-tunisiens-veulent-rentrer-mais-le-processus-s-annonce-complexe\\\/216585\\\/\"},\"wordCount\":377,\"commentCount\":0,\"publisher\":{\"@id\":\"https:\\\/\\\/www.webdo.tn\\\/fr\\\/#organization\"},\"image\":{\"@id\":\"https:\\\/\\\/www.webdo.tn\\\/fr\\\/actualite\\\/national\\\/crise-au-liban-les-tunisiens-veulent-rentrer-mais-le-processus-s-annonce-complexe\\\/216585\\\/#primaryimage\"},\"thumbnailUrl\":\"https:\\\/\\\/www.webdo.tn\\\/fr\\\/wp-content\\\/uploads\\\/2024\\\/09\\\/757d7eabed2dc189b6cefeb221baa07f.webp\",\"keywords\":[\"ambassade tunisienne\",\"crise au Liban\",\"frappes isra\u00e9liennes\",\"rapatriement\",\"Tunisiens au Liban\"],\"articleSection\":[\"National\"],\"inLanguage\":\"fr-FR\"},{\"@type\":\"WebPage\",\"@id\":\"https:\\\/\\\/www.webdo.tn\\\/fr\\\/actualite\\\/national\\\/crise-au-liban-les-tunisiens-veulent-rentrer-mais-le-processus-s-annonce-complexe\\\/216585\\\/\",\"url\":\"https:\\\/\\\/www.webdo.tn\\\/fr\\\/actualite\\\/national\\\/crise-au-liban-les-tunisiens-veulent-rentrer-mais-le-processus-s-annonce-complexe\\\/216585\\\/\",\"name\":\"Crise au Liban : Les Tunisiens veulent rentrer, mais le processus s'annonce complexe\",\"isPartOf\":{\"@id\":\"https:\\\/\\\/www.webdo.tn\\\/fr\\\/#website\"},\"primaryImageOfPage\":{\"@id\":\"https:\\\/\\\/www.webdo.tn\\\/fr\\\/actualite\\\/national\\\/crise-au-liban-les-tunisiens-veulent-rentrer-mais-le-processus-s-annonce-complexe\\\/216585\\\/#primaryimage\"},\"image\":{\"@id\":\"https:\\\/\\\/www.webdo.tn\\\/fr\\\/actualite\\\/national\\\/crise-au-liban-les-tunisiens-veulent-rentrer-mais-le-processus-s-annonce-complexe\\\/216585\\\/#primaryimage\"},\"thumbnailUrl\":\"https:\\\/\\\/www.webdo.tn\\\/fr\\\/wp-content\\\/uploads\\\/2024\\\/09\\\/757d7eabed2dc189b6cefeb221baa07f.webp\",\"datePublished\":\"2024-09-25T10:16:00+00:00\",\"dateModified\":\"2025-05-14T09:21:31+00:00\",\"description\":\"La communaut\u00e9 tunisienne au Liban, inqui\u00e8te face aux frappes isra\u00e9liennes, demande un rapatriement. L'ambassade tunisienne \u00e0 Beyrouth se pr\u00e9pare \u00e0 g\u00e9rer ces ret...\",\"breadcrumb\":{\"@id\":\"https:\\\/\\\/www.webdo.tn\\\/fr\\\/actualite\\\/national\\\/crise-au-liban-les-tunisiens-veulent-rentrer-mais-le-processus-s-annonce-complexe\\\/216585\\\/#breadcrumb\"},\"inLanguage\":\"fr-FR\",\"potentialAction\":[{\"@type\":\"ReadAction\",\"target\":[\"https:\\\/\\\/www.webdo.tn\\\/fr\\\/actualite\\\/national\\\/crise-au-liban-les-tunisiens-veulent-rentrer-mais-le-processus-s-annonce-complexe\\\/216585\\\/\"]}]},{\"@type\":\"ImageObject\",\"inLanguage\":\"fr-FR\",\"@id\":\"https:\\\/\\\/www.webdo.tn\\\/fr\\\/actualite\\\/national\\\/crise-au-liban-les-tunisiens-veulent-rentrer-mais-le-processus-s-annonce-complexe\\\/216585\\\/#primaryimage\",\"url\":\"https:\\\/\\\/www.webdo.tn\\\/fr\\\/wp-content\\\/uploads\\\/2024\\\/09\\\/757d7eabed2dc189b6cefeb221baa07f.webp\",\"contentUrl\":\"https:\\\/\\\/www.webdo.tn\\\/fr\\\/wp-content\\\/uploads\\\/2024\\\/09\\\/757d7eabed2dc189b6cefeb221baa07f.webp\",\"width\":750,\"height\":400,\"caption\":\"Crise au Liban : Les Tunisiens veulent rentrer, mais le processus s'annonce complexe\"},{\"@type\":\"BreadcrumbList\",\"@id\":\"https:\\\/\\\/www.webdo.tn\\\/fr\\\/actualite\\\/national\\\/crise-au-liban-les-tunisiens-veulent-rentrer-mais-le-processus-s-annonce-complexe\\\/216585\\\/#breadcrumb\",\"itemListElement\":[{\"@type\":\"ListItem\",\"position\":1,\"name\":\"Accueil\",\"item\":\"https:\\\/\\\/www.webdo.tn\\\/fr\\\/\"},{\"@type\":\"ListItem\",\"position\":2,\"name\":\"Crise au Liban : Les Tunisiens veulent rentrer, mais le processus s&#8217;annonce complexe\"}]},{\"@type\":\"WebSite\",\"@id\":\"https:\\\/\\\/www.webdo.tn\\\/fr\\\/#website\",\"url\":\"https:\\\/\\\/www.webdo.tn\\\/fr\\\/\",\"name\":\"webdo\",\"description\":\"Tunisie - News en Tunisie et \u00e0 l&#039;international sur Webdo.tn\",\"publisher\":{\"@id\":\"https:\\\/\\\/www.webdo.tn\\\/fr\\\/#organization\"},\"potentialAction\":[{\"@type\":\"SearchAction\",\"target\":{\"@type\":\"EntryPoint\",\"urlTemplate\":\"https:\\\/\\\/www.webdo.tn\\\/fr\\\/?s={search_term_string}\"},\"query-input\":{\"@type\":\"PropertyValueSpecification\",\"valueRequired\":true,\"valueName\":\"search_term_string\"}}],\"inLanguage\":\"fr-FR\"},{\"@type\":\"Organization\",\"@id\":\"https:\\\/\\\/www.webdo.tn\\\/fr\\\/#organization\",\"name\":\"Webdo\",\"alternateName\":\"Webdo.tn\",\"url\":\"https:\\\/\\\/www.webdo.tn\\\/fr\\\/\",\"logo\":{\"@type\":\"ImageObject\",\"inLanguage\":\"fr-FR\",\"@id\":\"https:\\\/\\\/www.webdo.tn\\\/fr\\\/#\\\/schema\\\/logo\\\/image\\\/\",\"url\":\"https:\\\/\\\/www.webdo.tn\\\/fr\\\/wp-content\\\/uploads\\\/2025\\\/06\\\/Webdo-Tunisie_168377.jpg\",\"contentUrl\":\"https:\\\/\\\/www.webdo.tn\\\/fr\\\/wp-content\\\/uploads\\\/2025\\\/06\\\/Webdo-Tunisie_168377.jpg\",\"width\":301,\"height\":301,\"caption\":\"Webdo\"},\"image\":{\"@id\":\"https:\\\/\\\/www.webdo.tn\\\/fr\\\/#\\\/schema\\\/logo\\\/image\\\/\"},\"sameAs\":[\"https:\\\/\\\/www.facebook.com\\\/webdotn\",\"https:\\\/\\\/x.com\\\/webdo_tn\"],\"description\":\"Webdo est un m\u00e9dia num\u00e9rique tunisien fond\u00e9 en 2010, sp\u00e9cialis\u00e9 dans l\u2019actualit\u00e9 nationale et internationale, l\u2019\u00e9conomie, la soci\u00e9t\u00e9 et les analyses politiques. Le site s\u2019adresse \u00e0 un large public francophone et couvre l\u2019information tunisienne en temps r\u00e9el.\",\"email\":\"redac@webdo.tn\",\"legalName\":\"YNJ SARL\",\"foundingDate\":\"2010-09-06\",\"numberOfEmployees\":{\"@type\":\"QuantitativeValue\",\"minValue\":\"11\",\"maxValue\":\"50\"}},{\"@type\":\"Person\",\"@id\":\"https:\\\/\\\/www.webdo.tn\\\/fr\\\/#\\\/schema\\\/person\\\/5663044c25eb36d8f88ba5b653f12f8c\",\"name\":\"Ramzi Haddad\",\"image\":{\"@type\":\"ImageObject\",\"inLanguage\":\"fr-FR\",\"@id\":\"https:\\\/\\\/www.webdo.tn\\\/fr\\\/wp-content\\\/uploads\\\/2026\\\/04\\\/ramzi-haddad_avatar-96x96.jpg\",\"url\":\"https:\\\/\\\/www.webdo.tn\\\/fr\\\/wp-content\\\/uploads\\\/2026\\\/04\\\/ramzi-haddad_avatar-96x96.jpg\",\"contentUrl\":\"https:\\\/\\\/www.webdo.tn\\\/fr\\\/wp-content\\\/uploads\\\/2026\\\/04\\\/ramzi-haddad_avatar-96x96.jpg\",\"caption\":\"Ramzi Haddad\"},\"description\":\"Signature \u00e9ditoriale de Walid Ben Youssef Ramzi Haddad est le pseudonyme \u00e9ditorial de Walid Ben Youssef, fondateur et g\u00e9rant de Webdo.tn. Cette signature est d\u00e9di\u00e9e \u00e0 la couverture de l'actualit\u00e9 nationale et internationale, ainsi qu'aux analyses des dynamiques num\u00e9riques. Ce profil b\u00e9n\u00e9ficie de l'expertise de Walid Ben Youssef, pionnier du web en Tunisie depuis 2000 et dipl\u00f4m\u00e9 en Math\u00e9matiques pures de l'Universit\u00e9 d'Oregon. \u00c0 travers cette signature, la r\u00e9daction de Webdo garantit une information structur\u00e9e et v\u00e9rifi\u00e9e, fid\u00e8le aux standards journalistiques du m\u00e9dia.\",\"url\":\"https:\\\/\\\/www.webdo.tn\\\/fr\\\/actualite\\\/author\\\/ramzi-haddad\\\/\"}]}<\/script>\n<!-- \/ Yoast SEO Premium plugin. -->","yoast_head_json":{"title":"Crise au Liban : Les Tunisiens veulent rentrer, mais le processus s'annonce complexe","description":"La communaut\u00e9 tunisienne au Liban, inqui\u00e8te face aux frappes isra\u00e9liennes, demande un rapatriement. L'ambassade tunisienne \u00e0 Beyrouth se pr\u00e9pare \u00e0 g\u00e9rer ces ret...","canonical":"https:\/\/www.webdo.tn\/fr\/actualite\/national\/crise-au-liban-les-tunisiens-veulent-rentrer-mais-le-processus-s-annonce-complexe\/216585\/","og_locale":"fr_FR","og_type":"article","og_title":"Crise au Liban : Les Tunisiens veulent rentrer, mais le processus s'annonce complexe","og_description":"La communaut\u00e9 tunisienne au Liban, inqui\u00e8te face aux frappes isra\u00e9liennes, demande un rapatriement. L'ambassade tunisienne \u00e0 Beyrouth se pr\u00e9pare \u00e0 g\u00e9rer ces ret...","og_url":"https:\/\/www.webdo.tn\/fr\/actualite\/national\/crise-au-liban-les-tunisiens-veulent-rentrer-mais-le-processus-s-annonce-complexe\/216585\/","og_site_name":"webdo","article_publisher":"https:\/\/www.facebook.com\/webdotn","article_published_time":"2024-09-25T10:16:00+00:00","article_modified_time":"2025-05-14T09:21:31+00:00","og_image":[{"width":750,"height":400,"url":"https:\/\/www.webdo.tn\/fr\/wp-content\/uploads\/2024\/09\/757d7eabed2dc189b6cefeb221baa07f.webp","type":"image\/webp"}],"author":"Ramzi Haddad","twitter_card":"summary_large_image","twitter_creator":"@webdo_tn","twitter_site":"@webdo_tn","twitter_misc":{"\u00c9crit par":"Ramzi Haddad","Dur\u00e9e de lecture estim\u00e9e":"2 minutes"},"schema":{"@context":"https:\/\/schema.org","@graph":[{"@type":"NewsArticle","@id":"https:\/\/www.webdo.tn\/fr\/actualite\/national\/crise-au-liban-les-tunisiens-veulent-rentrer-mais-le-processus-s-annonce-complexe\/216585\/#article","isPartOf":{"@id":"https:\/\/www.webdo.tn\/fr\/actualite\/national\/crise-au-liban-les-tunisiens-veulent-rentrer-mais-le-processus-s-annonce-complexe\/216585\/"},"author":{"name":"Ramzi Haddad","@id":"https:\/\/www.webdo.tn\/fr\/#\/schema\/person\/5663044c25eb36d8f88ba5b653f12f8c"},"headline":"Crise au Liban : Les Tunisiens veulent rentrer, mais le processus s&rsquo;annonce complexe","datePublished":"2024-09-25T10:16:00+00:00","dateModified":"2025-05-14T09:21:31+00:00","mainEntityOfPage":{"@id":"https:\/\/www.webdo.tn\/fr\/actualite\/national\/crise-au-liban-les-tunisiens-veulent-rentrer-mais-le-processus-s-annonce-complexe\/216585\/"},"wordCount":377,"commentCount":0,"publisher":{"@id":"https:\/\/www.webdo.tn\/fr\/#organization"},"image":{"@id":"https:\/\/www.webdo.tn\/fr\/actualite\/national\/crise-au-liban-les-tunisiens-veulent-rentrer-mais-le-processus-s-annonce-complexe\/216585\/#primaryimage"},"thumbnailUrl":"https:\/\/www.webdo.tn\/fr\/wp-content\/uploads\/2024\/09\/757d7eabed2dc189b6cefeb221baa07f.webp","keywords":["ambassade tunisienne","crise au Liban","frappes isra\u00e9liennes","rapatriement","Tunisiens au Liban"],"articleSection":["National"],"inLanguage":"fr-FR"},{"@type":"WebPage","@id":"https:\/\/www.webdo.tn\/fr\/actualite\/national\/crise-au-liban-les-tunisiens-veulent-rentrer-mais-le-processus-s-annonce-complexe\/216585\/","url":"https:\/\/www.webdo.tn\/fr\/actualite\/national\/crise-au-liban-les-tunisiens-veulent-rentrer-mais-le-processus-s-annonce-complexe\/216585\/","name":"Crise au Liban : Les Tunisiens veulent rentrer, mais le processus s'annonce complexe","isPartOf":{"@id":"https:\/\/www.webdo.tn\/fr\/#website"},"primaryImageOfPage":{"@id":"https:\/\/www.webdo.tn\/fr\/actualite\/national\/crise-au-liban-les-tunisiens-veulent-rentrer-mais-le-processus-s-annonce-complexe\/216585\/#primaryimage"},"image":{"@id":"https:\/\/www.webdo.tn\/fr\/actualite\/national\/crise-au-liban-les-tunisiens-veulent-rentrer-mais-le-processus-s-annonce-complexe\/216585\/#primaryimage"},"thumbnailUrl":"https:\/\/www.webdo.tn\/fr\/wp-content\/uploads\/2024\/09\/757d7eabed2dc189b6cefeb221baa07f.webp","datePublished":"2024-09-25T10:16:00+00:00","dateModified":"2025-05-14T09:21:31+00:00","description":"La communaut\u00e9 tunisienne au Liban, inqui\u00e8te face aux frappes isra\u00e9liennes, demande un rapatriement. L'ambassade tunisienne \u00e0 Beyrouth se pr\u00e9pare \u00e0 g\u00e9rer ces ret...","breadcrumb":{"@id":"https:\/\/www.webdo.tn\/fr\/actualite\/national\/crise-au-liban-les-tunisiens-veulent-rentrer-mais-le-processus-s-annonce-complexe\/216585\/#breadcrumb"},"inLanguage":"fr-FR","potentialAction":[{"@type":"ReadAction","target":["https:\/\/www.webdo.tn\/fr\/actualite\/national\/crise-au-liban-les-tunisiens-veulent-rentrer-mais-le-processus-s-annonce-complexe\/216585\/"]}]},{"@type":"ImageObject","inLanguage":"fr-FR","@id":"https:\/\/www.webdo.tn\/fr\/actualite\/national\/crise-au-liban-les-tunisiens-veulent-rentrer-mais-le-processus-s-annonce-complexe\/216585\/#primaryimage","url":"https:\/\/www.webdo.tn\/fr\/wp-content\/uploads\/2024\/09\/757d7eabed2dc189b6cefeb221baa07f.webp","contentUrl":"https:\/\/www.webdo.tn\/fr\/wp-content\/uploads\/2024\/09\/757d7eabed2dc189b6cefeb221baa07f.webp","width":750,"height":400,"caption":"Crise au Liban : Les Tunisiens veulent rentrer, mais le processus s'annonce complexe"},{"@type":"BreadcrumbList","@id":"https:\/\/www.webdo.tn\/fr\/actualite\/national\/crise-au-liban-les-tunisiens-veulent-rentrer-mais-le-processus-s-annonce-complexe\/216585\/#breadcrumb","itemListElement":[{"@type":"ListItem","position":1,"name":"Accueil","item":"https:\/\/www.webdo.tn\/fr\/"},{"@type":"ListItem","position":2,"name":"Crise au Liban : Les Tunisiens veulent rentrer, mais le processus s&#8217;annonce complexe"}]},{"@type":"WebSite","@id":"https:\/\/www.webdo.tn\/fr\/#website","url":"https:\/\/www.webdo.tn\/fr\/","name":"webdo","description":"Tunisie - News en Tunisie et \u00e0 l&#039;international sur Webdo.tn","publisher":{"@id":"https:\/\/www.webdo.tn\/fr\/#organization"},"potentialAction":[{"@type":"SearchAction","target":{"@type":"EntryPoint","urlTemplate":"https:\/\/www.webdo.tn\/fr\/?s={search_term_string}"},"query-input":{"@type":"PropertyValueSpecification","valueRequired":true,"valueName":"search_term_string"}}],"inLanguage":"fr-FR"},{"@type":"Organization","@id":"https:\/\/www.webdo.tn\/fr\/#organization","name":"Webdo","alternateName":"Webdo.tn","url":"https:\/\/www.webdo.tn\/fr\/","logo":{"@type":"ImageObject","inLanguage":"fr-FR","@id":"https:\/\/www.webdo.tn\/fr\/#\/schema\/logo\/image\/","url":"https:\/\/www.webdo.tn\/fr\/wp-content\/uploads\/2025\/06\/Webdo-Tunisie_168377.jpg","contentUrl":"https:\/\/www.webdo.tn\/fr\/wp-content\/uploads\/2025\/06\/Webdo-Tunisie_168377.jpg","width":301,"height":301,"caption":"Webdo"},"image":{"@id":"https:\/\/www.webdo.tn\/fr\/#\/schema\/logo\/image\/"},"sameAs":["https:\/\/www.facebook.com\/webdotn","https:\/\/x.com\/webdo_tn"],"description":"Webdo est un m\u00e9dia num\u00e9rique tunisien fond\u00e9 en 2010, sp\u00e9cialis\u00e9 dans l\u2019actualit\u00e9 nationale et internationale, l\u2019\u00e9conomie, la soci\u00e9t\u00e9 et les analyses politiques. Le site s\u2019adresse \u00e0 un large public francophone et couvre l\u2019information tunisienne en temps r\u00e9el.","email":"redac@webdo.tn","legalName":"YNJ SARL","foundingDate":"2010-09-06","numberOfEmployees":{"@type":"QuantitativeValue","minValue":"11","maxValue":"50"}},{"@type":"Person","@id":"https:\/\/www.webdo.tn\/fr\/#\/schema\/person\/5663044c25eb36d8f88ba5b653f12f8c","name":"Ramzi Haddad","image":{"@type":"ImageObject","inLanguage":"fr-FR","@id":"https:\/\/www.webdo.tn\/fr\/wp-content\/uploads\/2026\/04\/ramzi-haddad_avatar-96x96.jpg","url":"https:\/\/www.webdo.tn\/fr\/wp-content\/uploads\/2026\/04\/ramzi-haddad_avatar-96x96.jpg","contentUrl":"https:\/\/www.webdo.tn\/fr\/wp-content\/uploads\/2026\/04\/ramzi-haddad_avatar-96x96.jpg","caption":"Ramzi Haddad"},"description":"Signature \u00e9ditoriale de Walid Ben Youssef Ramzi Haddad est le pseudonyme \u00e9ditorial de Walid Ben Youssef, fondateur et g\u00e9rant de Webdo.tn. Cette signature est d\u00e9di\u00e9e \u00e0 la couverture de l'actualit\u00e9 nationale et internationale, ainsi qu'aux analyses des dynamiques num\u00e9riques. Ce profil b\u00e9n\u00e9ficie de l'expertise de Walid Ben Youssef, pionnier du web en Tunisie depuis 2000 et dipl\u00f4m\u00e9 en Math\u00e9matiques pures de l'Universit\u00e9 d'Oregon. \u00c0 travers cette signature, la r\u00e9daction de Webdo garantit une information structur\u00e9e et v\u00e9rifi\u00e9e, fid\u00e8le aux standards journalistiques du m\u00e9dia.","url":"https:\/\/www.webdo.tn\/fr\/actualite\/author\/ramzi-haddad\/"}]}},"_links":{"self":[{"href":"https:\/\/www.webdo.tn\/fr\/wp-json\/wp\/v2\/posts\/216585","targetHints":{"allow":["GET"]}}],"collection":[{"href":"https:\/\/www.webdo.tn\/fr\/wp-json\/wp\/v2\/posts"}],"about":[{"href":"https:\/\/www.webdo.tn\/fr\/wp-json\/wp\/v2\/types\/post"}],"author":[{"embeddable":true,"href":"https:\/\/www.webdo.tn\/fr\/wp-json\/wp\/v2\/users\/3203"}],"replies":[{"embeddable":true,"href":"https:\/\/www.webdo.tn\/fr\/wp-json\/wp\/v2\/comments?post=216585"}],"version-history":[{"count":0,"href":"https:\/\/www.webdo.tn\/fr\/wp-json\/wp\/v2\/posts\/216585\/revisions"}],"wp:featuredmedia":[{"embeddable":true,"href":"https:\/\/www.webdo.tn\/fr\/wp-json\/wp\/v2\/media\/246476"}],"wp:attachment":[{"href":"https:\/\/www.webdo.tn\/fr\/wp-json\/wp\/v2\/media?parent=216585"}],"wp:term":[{"taxonomy":"category","embeddable":true,"href":"https:\/\/www.webdo.tn\/fr\/wp-json\/wp\/v2\/categories?post=216585"},{"taxonomy":"post_tag","embeddable":true,"href":"https:\/\/www.webdo.tn\/fr\/wp-json\/wp\/v2\/tags?post=216585"}],"curies":[{"name":"wp","href":"https:\/\/api.w.org\/{rel}","templated":true}]}}