{"id":216584,"date":"2024-09-25T09:58:00","date_gmt":"2024-09-25T09:58:00","guid":{"rendered":"https:\/\/www.webdo.tn\/fr\/blog\/le-qg-du-mossad-cible-par-un-missile-du-hezbollah\/216584\/"},"modified":"2025-05-20T21:48:29","modified_gmt":"2025-05-20T21:48:29","slug":"le-qg-du-mossad-cible-par-un-missile-du-hezbollah","status":"publish","type":"post","link":"https:\/\/www.webdo.tn\/fr\/actualite\/international\/le-qg-du-mossad-cible-par-un-missile-du-hezbollah\/216584\/","title":{"rendered":"Le QG du Mossad cibl\u00e9 par un missile du Hezbollah"},"content":{"rendered":"<p>Le Hezbollah annonce avoir cibl\u00e9 le quartier g\u00e9n\u00e9ral du Mossad, \u00e0 Tel-Aviv, avec un missile balistique Qader-1.<\/p>\n<p>\t\t\t\t\t\t\t\t\tAu troisi\u00e8me jour de l\u2019attaque isra\u00e9lienne contre le Liban, le Hezbollah a r\u00e9agi. Il a revendiqu\u00e9, ce mercredi matin un tir de missile qui a cibl\u00e9 le quartier g\u00e9n\u00e9ral du Mossad, \u00e0 Tel-Aviv, avec un missile balistique Qader-1.<\/p>\n<p>Dans un communiqu\u00e9 diffus\u00e9 sur Telegram, le Hezbollah pr\u00e9cise avoir frapp\u00e9 \u00ab\u00a0le QG du Mossad, responsable des assassinats de nos commandants et des r\u00e9centes explosions de dispositifs au Liban.\u00a0\u00bb<\/p>\n<p>Le mouvement chiite affirme que cette attaque vise \u00e0 soutenir \u00ab\u00a0la r\u00e9sistance courageuse du peuple palestinien \u00e0 Gaza\u00a0\u00bb et \u00e0 d\u00e9fendre le Liban.<\/p>\n<p>Les factions libanaises et palestiniennes au Liban, notamment le Hezbollah, se livrent depuis le 8 octobre 2023 \u00e0 des \u00e9changes quotidiens de tirs d&rsquo;obus avec l&rsquo;arm\u00e9e isra\u00e9lienne, de part et d&rsquo;autre de la \u00ab\u00a0Ligne bleue\u00a0\u00bb.<\/p>\n<p>Hier, le ministre libanais de la Sant\u00e9, Firas Abiad, a fait savoir que les frappes isra\u00e9liennes au Liban avaient fait 558 morts, dont 94 femmes et 50 enfants, et 1835 bless\u00e9s. Il s\u2019agit du plus lourd bilan &#8211; toujours provisoire &#8211; en pr\u00e8s d\u2019un an.<\/p>\n","protected":false},"excerpt":{"rendered":"<p>Au troisi\u00e8me jour de l\u2019attaque isra\u00e9lienne contre le Liban, le Hezbollah a r\u00e9agi. Il a revendiqu\u00e9, ce mercredi matin un tir de missile qui a cibl\u00e9 le quartier g&#8230;<\/p>\n","protected":false},"author":3162,"featured_media":246473,"comment_status":"open","ping_status":"closed","sticky":false,"template":"","format":"standard","meta":{"footnotes":""},"categories":[2598],"tags":[5302,2636,3920,5610,5611],"class_list":["post-216584","post","type-post","status-publish","format-standard","has-post-thumbnail","hentry","category-international","tag-hezbollah","tag-israel","tag-liban","tag-missile","tag-mossad"],"yoast_head":"<!-- This site is optimized with the Yoast SEO Premium plugin v27.5 (Yoast SEO v27.5) - https:\/\/yoast.com\/product\/yoast-seo-premium-wordpress\/ -->\n<title>Le QG du Mossad cibl\u00e9 par un missile du Hezbollah<\/title>\n<meta name=\"description\" content=\"Au troisi\u00e8me jour de l\u2019attaque isra\u00e9lienne contre le Liban, le Hezbollah a r\u00e9agi. Il a revendiqu\u00e9, ce mercredi matin un tir de missile qui a cibl\u00e9 le quartier g...\" \/>\n<link rel=\"canonical\" href=\"https:\/\/www.webdo.tn\/fr\/actualite\/international\/le-qg-du-mossad-cible-par-un-missile-du-hezbollah\/216584\/\" \/>\n<meta property=\"og:locale\" content=\"fr_FR\" \/>\n<meta property=\"og:type\" content=\"article\" \/>\n<meta property=\"og:title\" content=\"Le QG du Mossad cibl\u00e9 par un missile du Hezbollah\" \/>\n<meta property=\"og:description\" content=\"Au troisi\u00e8me jour de l\u2019attaque isra\u00e9lienne contre le Liban, le Hezbollah a r\u00e9agi. Il a revendiqu\u00e9, ce mercredi matin un tir de missile qui a cibl\u00e9 le quartier g...\" \/>\n<meta property=\"og:url\" content=\"https:\/\/www.webdo.tn\/fr\/actualite\/international\/le-qg-du-mossad-cible-par-un-missile-du-hezbollah\/216584\/\" \/>\n<meta property=\"og:site_name\" content=\"webdo\" \/>\n<meta property=\"article:publisher\" content=\"https:\/\/www.facebook.com\/webdotn\" \/>\n<meta property=\"article:published_time\" content=\"2024-09-25T09:58:00+00:00\" \/>\n<meta property=\"article:modified_time\" content=\"2025-05-20T21:48:29+00:00\" \/>\n<meta property=\"og:image\" content=\"https:\/\/www.webdo.tn\/fr\/wp-content\/uploads\/2024\/09\/070b5e1019ceefe36bcf21db87b4c3eb.webp\" \/>\n\t<meta property=\"og:image:width\" content=\"750\" \/>\n\t<meta property=\"og:image:height\" content=\"400\" \/>\n\t<meta property=\"og:image:type\" content=\"image\/webp\" \/>\n<meta name=\"author\" content=\"MC\" \/>\n<meta name=\"twitter:card\" content=\"summary_large_image\" \/>\n<meta name=\"twitter:creator\" content=\"@webdo_tn\" \/>\n<meta name=\"twitter:site\" content=\"@webdo_tn\" \/>\n<meta name=\"twitter:label1\" content=\"\u00c9crit par\" \/>\n\t<meta name=\"twitter:data1\" content=\"MC\" \/>\n\t<meta name=\"twitter:label2\" content=\"Dur\u00e9e de lecture estim\u00e9e\" \/>\n\t<meta name=\"twitter:data2\" content=\"1 minute\" \/>\n<script type=\"application\/ld+json\" class=\"yoast-schema-graph\">{\"@context\":\"https:\\\/\\\/schema.org\",\"@graph\":[{\"@type\":\"NewsArticle\",\"@id\":\"https:\\\/\\\/www.webdo.tn\\\/fr\\\/actualite\\\/international\\\/le-qg-du-mossad-cible-par-un-missile-du-hezbollah\\\/216584\\\/#article\",\"isPartOf\":{\"@id\":\"https:\\\/\\\/www.webdo.tn\\\/fr\\\/actualite\\\/international\\\/le-qg-du-mossad-cible-par-un-missile-du-hezbollah\\\/216584\\\/\"},\"author\":{\"name\":\"MC\",\"@id\":\"https:\\\/\\\/www.webdo.tn\\\/fr\\\/#\\\/schema\\\/person\\\/2c4929cbf5a809e3bd38617c6ce150f6\"},\"headline\":\"Le QG du Mossad cibl\u00e9 par un missile du Hezbollah\",\"datePublished\":\"2024-09-25T09:58:00+00:00\",\"dateModified\":\"2025-05-20T21:48:29+00:00\",\"mainEntityOfPage\":{\"@id\":\"https:\\\/\\\/www.webdo.tn\\\/fr\\\/actualite\\\/international\\\/le-qg-du-mossad-cible-par-un-missile-du-hezbollah\\\/216584\\\/\"},\"wordCount\":207,\"commentCount\":0,\"publisher\":{\"@id\":\"https:\\\/\\\/www.webdo.tn\\\/fr\\\/#organization\"},\"image\":{\"@id\":\"https:\\\/\\\/www.webdo.tn\\\/fr\\\/actualite\\\/international\\\/le-qg-du-mossad-cible-par-un-missile-du-hezbollah\\\/216584\\\/#primaryimage\"},\"thumbnailUrl\":\"https:\\\/\\\/www.webdo.tn\\\/fr\\\/wp-content\\\/uploads\\\/2024\\\/09\\\/070b5e1019ceefe36bcf21db87b4c3eb.webp\",\"keywords\":[\"Hezbollah\",\"isra\u00ebl\",\"liban\",\"missile\",\"mossad\"],\"articleSection\":[\"International\"],\"inLanguage\":\"fr-FR\"},{\"@type\":\"WebPage\",\"@id\":\"https:\\\/\\\/www.webdo.tn\\\/fr\\\/actualite\\\/international\\\/le-qg-du-mossad-cible-par-un-missile-du-hezbollah\\\/216584\\\/\",\"url\":\"https:\\\/\\\/www.webdo.tn\\\/fr\\\/actualite\\\/international\\\/le-qg-du-mossad-cible-par-un-missile-du-hezbollah\\\/216584\\\/\",\"name\":\"Le QG du Mossad cibl\u00e9 par un missile du Hezbollah\",\"isPartOf\":{\"@id\":\"https:\\\/\\\/www.webdo.tn\\\/fr\\\/#website\"},\"primaryImageOfPage\":{\"@id\":\"https:\\\/\\\/www.webdo.tn\\\/fr\\\/actualite\\\/international\\\/le-qg-du-mossad-cible-par-un-missile-du-hezbollah\\\/216584\\\/#primaryimage\"},\"image\":{\"@id\":\"https:\\\/\\\/www.webdo.tn\\\/fr\\\/actualite\\\/international\\\/le-qg-du-mossad-cible-par-un-missile-du-hezbollah\\\/216584\\\/#primaryimage\"},\"thumbnailUrl\":\"https:\\\/\\\/www.webdo.tn\\\/fr\\\/wp-content\\\/uploads\\\/2024\\\/09\\\/070b5e1019ceefe36bcf21db87b4c3eb.webp\",\"datePublished\":\"2024-09-25T09:58:00+00:00\",\"dateModified\":\"2025-05-20T21:48:29+00:00\",\"description\":\"Au troisi\u00e8me jour de l\u2019attaque isra\u00e9lienne contre le Liban, le Hezbollah a r\u00e9agi. Il a revendiqu\u00e9, ce mercredi matin un tir de missile qui a cibl\u00e9 le quartier g...\",\"breadcrumb\":{\"@id\":\"https:\\\/\\\/www.webdo.tn\\\/fr\\\/actualite\\\/international\\\/le-qg-du-mossad-cible-par-un-missile-du-hezbollah\\\/216584\\\/#breadcrumb\"},\"inLanguage\":\"fr-FR\",\"potentialAction\":[{\"@type\":\"ReadAction\",\"target\":[\"https:\\\/\\\/www.webdo.tn\\\/fr\\\/actualite\\\/international\\\/le-qg-du-mossad-cible-par-un-missile-du-hezbollah\\\/216584\\\/\"]}]},{\"@type\":\"ImageObject\",\"inLanguage\":\"fr-FR\",\"@id\":\"https:\\\/\\\/www.webdo.tn\\\/fr\\\/actualite\\\/international\\\/le-qg-du-mossad-cible-par-un-missile-du-hezbollah\\\/216584\\\/#primaryimage\",\"url\":\"https:\\\/\\\/www.webdo.tn\\\/fr\\\/wp-content\\\/uploads\\\/2024\\\/09\\\/070b5e1019ceefe36bcf21db87b4c3eb.webp\",\"contentUrl\":\"https:\\\/\\\/www.webdo.tn\\\/fr\\\/wp-content\\\/uploads\\\/2024\\\/09\\\/070b5e1019ceefe36bcf21db87b4c3eb.webp\",\"width\":750,\"height\":400,\"caption\":\"Le QG du Mossad cibl\u00e9 par un missile du Hezbollah\"},{\"@type\":\"BreadcrumbList\",\"@id\":\"https:\\\/\\\/www.webdo.tn\\\/fr\\\/actualite\\\/international\\\/le-qg-du-mossad-cible-par-un-missile-du-hezbollah\\\/216584\\\/#breadcrumb\",\"itemListElement\":[{\"@type\":\"ListItem\",\"position\":1,\"name\":\"Accueil\",\"item\":\"https:\\\/\\\/www.webdo.tn\\\/fr\\\/\"},{\"@type\":\"ListItem\",\"position\":2,\"name\":\"Le QG du Mossad cibl\u00e9 par un missile du Hezbollah\"}]},{\"@type\":\"WebSite\",\"@id\":\"https:\\\/\\\/www.webdo.tn\\\/fr\\\/#website\",\"url\":\"https:\\\/\\\/www.webdo.tn\\\/fr\\\/\",\"name\":\"webdo\",\"description\":\"Tunisie - News en Tunisie et \u00e0 l&#039;international sur Webdo.tn\",\"publisher\":{\"@id\":\"https:\\\/\\\/www.webdo.tn\\\/fr\\\/#organization\"},\"potentialAction\":[{\"@type\":\"SearchAction\",\"target\":{\"@type\":\"EntryPoint\",\"urlTemplate\":\"https:\\\/\\\/www.webdo.tn\\\/fr\\\/?s={search_term_string}\"},\"query-input\":{\"@type\":\"PropertyValueSpecification\",\"valueRequired\":true,\"valueName\":\"search_term_string\"}}],\"inLanguage\":\"fr-FR\"},{\"@type\":\"Organization\",\"@id\":\"https:\\\/\\\/www.webdo.tn\\\/fr\\\/#organization\",\"name\":\"Webdo\",\"alternateName\":\"Webdo.tn\",\"url\":\"https:\\\/\\\/www.webdo.tn\\\/fr\\\/\",\"logo\":{\"@type\":\"ImageObject\",\"inLanguage\":\"fr-FR\",\"@id\":\"https:\\\/\\\/www.webdo.tn\\\/fr\\\/#\\\/schema\\\/logo\\\/image\\\/\",\"url\":\"https:\\\/\\\/www.webdo.tn\\\/fr\\\/wp-content\\\/uploads\\\/2025\\\/06\\\/Webdo-Tunisie_168377.jpg\",\"contentUrl\":\"https:\\\/\\\/www.webdo.tn\\\/fr\\\/wp-content\\\/uploads\\\/2025\\\/06\\\/Webdo-Tunisie_168377.jpg\",\"width\":301,\"height\":301,\"caption\":\"Webdo\"},\"image\":{\"@id\":\"https:\\\/\\\/www.webdo.tn\\\/fr\\\/#\\\/schema\\\/logo\\\/image\\\/\"},\"sameAs\":[\"https:\\\/\\\/www.facebook.com\\\/webdotn\",\"https:\\\/\\\/x.com\\\/webdo_tn\"],\"description\":\"Webdo est un m\u00e9dia num\u00e9rique tunisien fond\u00e9 en 2010, sp\u00e9cialis\u00e9 dans l\u2019actualit\u00e9 nationale et internationale, l\u2019\u00e9conomie, la soci\u00e9t\u00e9 et les analyses politiques. Le site s\u2019adresse \u00e0 un large public francophone et couvre l\u2019information tunisienne en temps r\u00e9el.\",\"email\":\"redac@webdo.tn\",\"legalName\":\"YNJ SARL\",\"foundingDate\":\"2010-09-06\",\"numberOfEmployees\":{\"@type\":\"QuantitativeValue\",\"minValue\":\"11\",\"maxValue\":\"50\"}},{\"@type\":\"Person\",\"@id\":\"https:\\\/\\\/www.webdo.tn\\\/fr\\\/#\\\/schema\\\/person\\\/2c4929cbf5a809e3bd38617c6ce150f6\",\"name\":\"MC\",\"image\":{\"@type\":\"ImageObject\",\"inLanguage\":\"fr-FR\",\"@id\":\"https:\\\/\\\/secure.gravatar.com\\\/avatar\\\/a545bbb6f84efdd5553dbbc2895e3ca8f1d12c5215e00a041c9670b54aa9b18a?s=96&d=mm&r=g\",\"url\":\"https:\\\/\\\/secure.gravatar.com\\\/avatar\\\/a545bbb6f84efdd5553dbbc2895e3ca8f1d12c5215e00a041c9670b54aa9b18a?s=96&d=mm&r=g\",\"contentUrl\":\"https:\\\/\\\/secure.gravatar.com\\\/avatar\\\/a545bbb6f84efdd5553dbbc2895e3ca8f1d12c5215e00a041c9670b54aa9b18a?s=96&d=mm&r=g\",\"caption\":\"MC\"},\"url\":\"https:\\\/\\\/www.webdo.tn\\\/fr\\\/actualite\\\/author\\\/mc\\\/\"}]}<\/script>\n<!-- \/ Yoast SEO Premium plugin. -->","yoast_head_json":{"title":"Le QG du Mossad cibl\u00e9 par un missile du Hezbollah","description":"Au troisi\u00e8me jour de l\u2019attaque isra\u00e9lienne contre le Liban, le Hezbollah a r\u00e9agi. Il a revendiqu\u00e9, ce mercredi matin un tir de missile qui a cibl\u00e9 le quartier g...","canonical":"https:\/\/www.webdo.tn\/fr\/actualite\/international\/le-qg-du-mossad-cible-par-un-missile-du-hezbollah\/216584\/","og_locale":"fr_FR","og_type":"article","og_title":"Le QG du Mossad cibl\u00e9 par un missile du Hezbollah","og_description":"Au troisi\u00e8me jour de l\u2019attaque isra\u00e9lienne contre le Liban, le Hezbollah a r\u00e9agi. Il a revendiqu\u00e9, ce mercredi matin un tir de missile qui a cibl\u00e9 le quartier g...","og_url":"https:\/\/www.webdo.tn\/fr\/actualite\/international\/le-qg-du-mossad-cible-par-un-missile-du-hezbollah\/216584\/","og_site_name":"webdo","article_publisher":"https:\/\/www.facebook.com\/webdotn","article_published_time":"2024-09-25T09:58:00+00:00","article_modified_time":"2025-05-20T21:48:29+00:00","og_image":[{"width":750,"height":400,"url":"https:\/\/www.webdo.tn\/fr\/wp-content\/uploads\/2024\/09\/070b5e1019ceefe36bcf21db87b4c3eb.webp","type":"image\/webp"}],"author":"MC","twitter_card":"summary_large_image","twitter_creator":"@webdo_tn","twitter_site":"@webdo_tn","twitter_misc":{"\u00c9crit par":"MC","Dur\u00e9e de lecture estim\u00e9e":"1 minute"},"schema":{"@context":"https:\/\/schema.org","@graph":[{"@type":"NewsArticle","@id":"https:\/\/www.webdo.tn\/fr\/actualite\/international\/le-qg-du-mossad-cible-par-un-missile-du-hezbollah\/216584\/#article","isPartOf":{"@id":"https:\/\/www.webdo.tn\/fr\/actualite\/international\/le-qg-du-mossad-cible-par-un-missile-du-hezbollah\/216584\/"},"author":{"name":"MC","@id":"https:\/\/www.webdo.tn\/fr\/#\/schema\/person\/2c4929cbf5a809e3bd38617c6ce150f6"},"headline":"Le QG du Mossad cibl\u00e9 par un missile du Hezbollah","datePublished":"2024-09-25T09:58:00+00:00","dateModified":"2025-05-20T21:48:29+00:00","mainEntityOfPage":{"@id":"https:\/\/www.webdo.tn\/fr\/actualite\/international\/le-qg-du-mossad-cible-par-un-missile-du-hezbollah\/216584\/"},"wordCount":207,"commentCount":0,"publisher":{"@id":"https:\/\/www.webdo.tn\/fr\/#organization"},"image":{"@id":"https:\/\/www.webdo.tn\/fr\/actualite\/international\/le-qg-du-mossad-cible-par-un-missile-du-hezbollah\/216584\/#primaryimage"},"thumbnailUrl":"https:\/\/www.webdo.tn\/fr\/wp-content\/uploads\/2024\/09\/070b5e1019ceefe36bcf21db87b4c3eb.webp","keywords":["Hezbollah","isra\u00ebl","liban","missile","mossad"],"articleSection":["International"],"inLanguage":"fr-FR"},{"@type":"WebPage","@id":"https:\/\/www.webdo.tn\/fr\/actualite\/international\/le-qg-du-mossad-cible-par-un-missile-du-hezbollah\/216584\/","url":"https:\/\/www.webdo.tn\/fr\/actualite\/international\/le-qg-du-mossad-cible-par-un-missile-du-hezbollah\/216584\/","name":"Le QG du Mossad cibl\u00e9 par un missile du Hezbollah","isPartOf":{"@id":"https:\/\/www.webdo.tn\/fr\/#website"},"primaryImageOfPage":{"@id":"https:\/\/www.webdo.tn\/fr\/actualite\/international\/le-qg-du-mossad-cible-par-un-missile-du-hezbollah\/216584\/#primaryimage"},"image":{"@id":"https:\/\/www.webdo.tn\/fr\/actualite\/international\/le-qg-du-mossad-cible-par-un-missile-du-hezbollah\/216584\/#primaryimage"},"thumbnailUrl":"https:\/\/www.webdo.tn\/fr\/wp-content\/uploads\/2024\/09\/070b5e1019ceefe36bcf21db87b4c3eb.webp","datePublished":"2024-09-25T09:58:00+00:00","dateModified":"2025-05-20T21:48:29+00:00","description":"Au troisi\u00e8me jour de l\u2019attaque isra\u00e9lienne contre le Liban, le Hezbollah a r\u00e9agi. Il a revendiqu\u00e9, ce mercredi matin un tir de missile qui a cibl\u00e9 le quartier g...","breadcrumb":{"@id":"https:\/\/www.webdo.tn\/fr\/actualite\/international\/le-qg-du-mossad-cible-par-un-missile-du-hezbollah\/216584\/#breadcrumb"},"inLanguage":"fr-FR","potentialAction":[{"@type":"ReadAction","target":["https:\/\/www.webdo.tn\/fr\/actualite\/international\/le-qg-du-mossad-cible-par-un-missile-du-hezbollah\/216584\/"]}]},{"@type":"ImageObject","inLanguage":"fr-FR","@id":"https:\/\/www.webdo.tn\/fr\/actualite\/international\/le-qg-du-mossad-cible-par-un-missile-du-hezbollah\/216584\/#primaryimage","url":"https:\/\/www.webdo.tn\/fr\/wp-content\/uploads\/2024\/09\/070b5e1019ceefe36bcf21db87b4c3eb.webp","contentUrl":"https:\/\/www.webdo.tn\/fr\/wp-content\/uploads\/2024\/09\/070b5e1019ceefe36bcf21db87b4c3eb.webp","width":750,"height":400,"caption":"Le QG du Mossad cibl\u00e9 par un missile du Hezbollah"},{"@type":"BreadcrumbList","@id":"https:\/\/www.webdo.tn\/fr\/actualite\/international\/le-qg-du-mossad-cible-par-un-missile-du-hezbollah\/216584\/#breadcrumb","itemListElement":[{"@type":"ListItem","position":1,"name":"Accueil","item":"https:\/\/www.webdo.tn\/fr\/"},{"@type":"ListItem","position":2,"name":"Le QG du Mossad cibl\u00e9 par un missile du Hezbollah"}]},{"@type":"WebSite","@id":"https:\/\/www.webdo.tn\/fr\/#website","url":"https:\/\/www.webdo.tn\/fr\/","name":"webdo","description":"Tunisie - News en Tunisie et \u00e0 l&#039;international sur Webdo.tn","publisher":{"@id":"https:\/\/www.webdo.tn\/fr\/#organization"},"potentialAction":[{"@type":"SearchAction","target":{"@type":"EntryPoint","urlTemplate":"https:\/\/www.webdo.tn\/fr\/?s={search_term_string}"},"query-input":{"@type":"PropertyValueSpecification","valueRequired":true,"valueName":"search_term_string"}}],"inLanguage":"fr-FR"},{"@type":"Organization","@id":"https:\/\/www.webdo.tn\/fr\/#organization","name":"Webdo","alternateName":"Webdo.tn","url":"https:\/\/www.webdo.tn\/fr\/","logo":{"@type":"ImageObject","inLanguage":"fr-FR","@id":"https:\/\/www.webdo.tn\/fr\/#\/schema\/logo\/image\/","url":"https:\/\/www.webdo.tn\/fr\/wp-content\/uploads\/2025\/06\/Webdo-Tunisie_168377.jpg","contentUrl":"https:\/\/www.webdo.tn\/fr\/wp-content\/uploads\/2025\/06\/Webdo-Tunisie_168377.jpg","width":301,"height":301,"caption":"Webdo"},"image":{"@id":"https:\/\/www.webdo.tn\/fr\/#\/schema\/logo\/image\/"},"sameAs":["https:\/\/www.facebook.com\/webdotn","https:\/\/x.com\/webdo_tn"],"description":"Webdo est un m\u00e9dia num\u00e9rique tunisien fond\u00e9 en 2010, sp\u00e9cialis\u00e9 dans l\u2019actualit\u00e9 nationale et internationale, l\u2019\u00e9conomie, la soci\u00e9t\u00e9 et les analyses politiques. Le site s\u2019adresse \u00e0 un large public francophone et couvre l\u2019information tunisienne en temps r\u00e9el.","email":"redac@webdo.tn","legalName":"YNJ SARL","foundingDate":"2010-09-06","numberOfEmployees":{"@type":"QuantitativeValue","minValue":"11","maxValue":"50"}},{"@type":"Person","@id":"https:\/\/www.webdo.tn\/fr\/#\/schema\/person\/2c4929cbf5a809e3bd38617c6ce150f6","name":"MC","image":{"@type":"ImageObject","inLanguage":"fr-FR","@id":"https:\/\/secure.gravatar.com\/avatar\/a545bbb6f84efdd5553dbbc2895e3ca8f1d12c5215e00a041c9670b54aa9b18a?s=96&d=mm&r=g","url":"https:\/\/secure.gravatar.com\/avatar\/a545bbb6f84efdd5553dbbc2895e3ca8f1d12c5215e00a041c9670b54aa9b18a?s=96&d=mm&r=g","contentUrl":"https:\/\/secure.gravatar.com\/avatar\/a545bbb6f84efdd5553dbbc2895e3ca8f1d12c5215e00a041c9670b54aa9b18a?s=96&d=mm&r=g","caption":"MC"},"url":"https:\/\/www.webdo.tn\/fr\/actualite\/author\/mc\/"}]}},"_links":{"self":[{"href":"https:\/\/www.webdo.tn\/fr\/wp-json\/wp\/v2\/posts\/216584","targetHints":{"allow":["GET"]}}],"collection":[{"href":"https:\/\/www.webdo.tn\/fr\/wp-json\/wp\/v2\/posts"}],"about":[{"href":"https:\/\/www.webdo.tn\/fr\/wp-json\/wp\/v2\/types\/post"}],"author":[{"embeddable":true,"href":"https:\/\/www.webdo.tn\/fr\/wp-json\/wp\/v2\/users\/3162"}],"replies":[{"embeddable":true,"href":"https:\/\/www.webdo.tn\/fr\/wp-json\/wp\/v2\/comments?post=216584"}],"version-history":[{"count":0,"href":"https:\/\/www.webdo.tn\/fr\/wp-json\/wp\/v2\/posts\/216584\/revisions"}],"wp:featuredmedia":[{"embeddable":true,"href":"https:\/\/www.webdo.tn\/fr\/wp-json\/wp\/v2\/media\/246473"}],"wp:attachment":[{"href":"https:\/\/www.webdo.tn\/fr\/wp-json\/wp\/v2\/media?parent=216584"}],"wp:term":[{"taxonomy":"category","embeddable":true,"href":"https:\/\/www.webdo.tn\/fr\/wp-json\/wp\/v2\/categories?post=216584"},{"taxonomy":"post_tag","embeddable":true,"href":"https:\/\/www.webdo.tn\/fr\/wp-json\/wp\/v2\/tags?post=216584"}],"curies":[{"name":"wp","href":"https:\/\/api.w.org\/{rel}","templated":true}]}}