{"id":216583,"date":"2024-09-25T09:43:00","date_gmt":"2024-09-25T09:43:00","guid":{"rendered":"https:\/\/www.webdo.tn\/fr\/blog\/les-tunisiens-au-liban-se-portent-bien-rassure-l-ambassade-de-tunisie-a-beyrouth\/216583\/"},"modified":"2025-05-20T21:48:29","modified_gmt":"2025-05-20T21:48:29","slug":"les-tunisiens-au-liban-se-portent-bien-rassure-l-ambassade-de-tunisie-a-beyrouth","status":"publish","type":"post","link":"https:\/\/www.webdo.tn\/fr\/actualite\/national\/les-tunisiens-au-liban-se-portent-bien-rassure-l-ambassade-de-tunisie-a-beyrouth\/216583\/","title":{"rendered":"Les Tunisiens au Liban se portent bien, rassure l\u2019ambassade de Tunisie \u00e0 Beyrouth"},"content":{"rendered":"<p>Tous les ressortissants tunisiens au Liban se portent bien, a rassur\u00e9 l\u2019ambassade de Tunisie \u00e0 Beyrouth indiquant qu\u2019il n\u2019y avait aucun d\u00e9c\u00e8s ou bless\u00e9 enregistr\u00e9 parmi eux.<\/p>\n<p>\t\t\t\t\t\t\t\t\tL&rsquo;ambassade de Tunisie \u00e0 Beyrouth a fait savoir, hier, que tous les ressortissants tunisiens au Liban sont sains et saufs et qu&rsquo;aucun d\u00e9c\u00e8s ni bless\u00e9 n&rsquo;a \u00e9t\u00e9 enregistr\u00e9 parmi eux, affirmant \u00eatre en contact constant avec eux depuis le d\u00e9clenchement des affrontements entre la r\u00e9sistance libanaise et les forces d&rsquo;occupation isra\u00e9liennes dans le sud du Liban.<\/p>\n<p>L&rsquo;ambassade a \u00e9galement not\u00e9 que la situation s\u00e9curitaire est consid\u00e9r\u00e9e comme \u00ab\u00a0dangereuse\u00a0\u00bb dans nombre de zones o\u00f9 les bombardements isra\u00e9liens se poursuivent, notamment dans le sud du Liban, le long de la bande frontali\u00e8re, la banlieue sud de Beyrouth et la r\u00e9gion frontali\u00e8re avec la Syrie.<\/p>\n<p>Dans ce contexte alarmant, l\u2019ambassade de Tunisie appelle les ressortissants tunisiens pr\u00e9sents dans ces zones \u00e0 les quitter imm\u00e9diatement et \u00e0 se r\u00e9fugier dans des endroits plus s\u00fbrs et si n\u00e9cessaire, dans les centres d&rsquo;h\u00e9bergement install\u00e9s par les autorit\u00e9s libanaises aux personnes d\u00e9plac\u00e9es.<\/p>\n<p>Les factions libanaises et palestiniennes au Liban, notamment le Hezbollah, se livrent depuis le 8 octobre 2023 \u00e0 des \u00e9changes quotidiens de tirs d&rsquo;obus avec l&rsquo;arm\u00e9e isra\u00e9lienne, de part et d&rsquo;autre de la \u00ab\u00a0Ligne bleue\u00a0\u00bb, ce qui a entra\u00een\u00e9 des centaines de morts et de bless\u00e9s, pour la plupart du c\u00f4t\u00e9 libanais. Ces factions exigent la fin de la guerre que l&rsquo;entit\u00e9 sioniste m\u00e8ne contre la bande Gaza depuis le 7 octobre 2023.<\/p>\n<p>Hier, le ministre libanais de la Sant\u00e9, Firas Abiad, a fait savoir que les frappes isra\u00e9liennes au Liban avaient fait 558 morts, dont 94 femmes et 50 enfants, et 1835 bless\u00e9s. Il s\u2019agit du plus lourd bilan &#8211; toujours provisoire &#8211; en pr\u00e8s d\u2019un an.<\/p>\n","protected":false},"excerpt":{"rendered":"<p>L&rsquo;ambassade de Tunisie \u00e0 Beyrouth a fait savoir, hier, que tous les ressortissants tunisiens au Liban sont sains et saufs et qu&rsquo;aucun d\u00e9c\u00e8s ni bless\u00e9 n&rsquo;a \u00e9t\u00e9 en&#8230;<\/p>\n","protected":false},"author":3162,"featured_media":246472,"comment_status":"open","ping_status":"closed","sticky":false,"template":"","format":"standard","meta":{"footnotes":""},"categories":[44],"tags":[2600,3920,2608,3317],"class_list":["post-216583","post","type-post","status-publish","format-standard","has-post-thumbnail","hentry","category-national","tag-guerre","tag-liban","tag-tunisie","tag-tunisiens"],"yoast_head":"<!-- This site is optimized with the Yoast SEO Premium plugin v27.4 (Yoast SEO v27.5) - https:\/\/yoast.com\/product\/yoast-seo-premium-wordpress\/ -->\n<title>Les Tunisiens au Liban se portent bien, rassure l\u2019ambassade de Tunisie \u00e0 Beyrouth<\/title>\n<meta name=\"description\" content=\"L&#039;ambassade de Tunisie \u00e0 Beyrouth a fait savoir, hier, que tous les ressortissants tunisiens au Liban sont sains et saufs et qu&#039;aucun d\u00e9c\u00e8s ni bless\u00e9 n&#039;a \u00e9t\u00e9 en...\" \/>\n<link rel=\"canonical\" href=\"https:\/\/www.webdo.tn\/fr\/actualite\/national\/les-tunisiens-au-liban-se-portent-bien-rassure-l-ambassade-de-tunisie-a-beyrouth\/216583\/\" \/>\n<meta property=\"og:locale\" content=\"fr_FR\" \/>\n<meta property=\"og:type\" content=\"article\" \/>\n<meta property=\"og:title\" content=\"Les Tunisiens au Liban se portent bien, rassure l\u2019ambassade de Tunisie \u00e0 Beyrouth\" \/>\n<meta property=\"og:description\" content=\"L&#039;ambassade de Tunisie \u00e0 Beyrouth a fait savoir, hier, que tous les ressortissants tunisiens au Liban sont sains et saufs et qu&#039;aucun d\u00e9c\u00e8s ni bless\u00e9 n&#039;a \u00e9t\u00e9 en...\" \/>\n<meta property=\"og:url\" content=\"https:\/\/www.webdo.tn\/fr\/actualite\/national\/les-tunisiens-au-liban-se-portent-bien-rassure-l-ambassade-de-tunisie-a-beyrouth\/216583\/\" \/>\n<meta property=\"og:site_name\" content=\"webdo\" \/>\n<meta property=\"article:publisher\" content=\"https:\/\/www.facebook.com\/webdotn\" \/>\n<meta property=\"article:published_time\" content=\"2024-09-25T09:43:00+00:00\" \/>\n<meta property=\"article:modified_time\" content=\"2025-05-20T21:48:29+00:00\" \/>\n<meta property=\"og:image\" content=\"https:\/\/www.webdo.tn\/fr\/wp-content\/uploads\/2024\/09\/96d9235c22b49cf4c3936dddb469ad94.webp\" \/>\n\t<meta property=\"og:image:width\" content=\"750\" \/>\n\t<meta property=\"og:image:height\" content=\"400\" \/>\n\t<meta property=\"og:image:type\" content=\"image\/webp\" \/>\n<meta name=\"author\" content=\"MC\" \/>\n<meta name=\"twitter:card\" content=\"summary_large_image\" \/>\n<meta name=\"twitter:creator\" content=\"@webdo_tn\" \/>\n<meta name=\"twitter:site\" content=\"@webdo_tn\" \/>\n<meta name=\"twitter:label1\" content=\"\u00c9crit par\" \/>\n\t<meta name=\"twitter:data1\" content=\"MC\" \/>\n\t<meta name=\"twitter:label2\" content=\"Dur\u00e9e de lecture estim\u00e9e\" \/>\n\t<meta name=\"twitter:data2\" content=\"2 minutes\" \/>\n<script type=\"application\/ld+json\" class=\"yoast-schema-graph\">{\"@context\":\"https:\\\/\\\/schema.org\",\"@graph\":[{\"@type\":\"NewsArticle\",\"@id\":\"https:\\\/\\\/www.webdo.tn\\\/fr\\\/actualite\\\/national\\\/les-tunisiens-au-liban-se-portent-bien-rassure-l-ambassade-de-tunisie-a-beyrouth\\\/216583\\\/#article\",\"isPartOf\":{\"@id\":\"https:\\\/\\\/www.webdo.tn\\\/fr\\\/actualite\\\/national\\\/les-tunisiens-au-liban-se-portent-bien-rassure-l-ambassade-de-tunisie-a-beyrouth\\\/216583\\\/\"},\"author\":{\"name\":\"MC\",\"@id\":\"https:\\\/\\\/www.webdo.tn\\\/fr\\\/#\\\/schema\\\/person\\\/2c4929cbf5a809e3bd38617c6ce150f6\"},\"headline\":\"Les Tunisiens au Liban se portent bien, rassure l\u2019ambassade de Tunisie \u00e0 Beyrouth\",\"datePublished\":\"2024-09-25T09:43:00+00:00\",\"dateModified\":\"2025-05-20T21:48:29+00:00\",\"mainEntityOfPage\":{\"@id\":\"https:\\\/\\\/www.webdo.tn\\\/fr\\\/actualite\\\/national\\\/les-tunisiens-au-liban-se-portent-bien-rassure-l-ambassade-de-tunisie-a-beyrouth\\\/216583\\\/\"},\"wordCount\":339,\"commentCount\":0,\"publisher\":{\"@id\":\"https:\\\/\\\/www.webdo.tn\\\/fr\\\/#organization\"},\"image\":{\"@id\":\"https:\\\/\\\/www.webdo.tn\\\/fr\\\/actualite\\\/national\\\/les-tunisiens-au-liban-se-portent-bien-rassure-l-ambassade-de-tunisie-a-beyrouth\\\/216583\\\/#primaryimage\"},\"thumbnailUrl\":\"https:\\\/\\\/www.webdo.tn\\\/fr\\\/wp-content\\\/uploads\\\/2024\\\/09\\\/96d9235c22b49cf4c3936dddb469ad94.webp\",\"keywords\":[\"guerre\",\"liban\",\"Tunisie\",\"Tunisiens\"],\"articleSection\":[\"National\"],\"inLanguage\":\"fr-FR\"},{\"@type\":\"WebPage\",\"@id\":\"https:\\\/\\\/www.webdo.tn\\\/fr\\\/actualite\\\/national\\\/les-tunisiens-au-liban-se-portent-bien-rassure-l-ambassade-de-tunisie-a-beyrouth\\\/216583\\\/\",\"url\":\"https:\\\/\\\/www.webdo.tn\\\/fr\\\/actualite\\\/national\\\/les-tunisiens-au-liban-se-portent-bien-rassure-l-ambassade-de-tunisie-a-beyrouth\\\/216583\\\/\",\"name\":\"Les Tunisiens au Liban se portent bien, rassure l\u2019ambassade de Tunisie \u00e0 Beyrouth\",\"isPartOf\":{\"@id\":\"https:\\\/\\\/www.webdo.tn\\\/fr\\\/#website\"},\"primaryImageOfPage\":{\"@id\":\"https:\\\/\\\/www.webdo.tn\\\/fr\\\/actualite\\\/national\\\/les-tunisiens-au-liban-se-portent-bien-rassure-l-ambassade-de-tunisie-a-beyrouth\\\/216583\\\/#primaryimage\"},\"image\":{\"@id\":\"https:\\\/\\\/www.webdo.tn\\\/fr\\\/actualite\\\/national\\\/les-tunisiens-au-liban-se-portent-bien-rassure-l-ambassade-de-tunisie-a-beyrouth\\\/216583\\\/#primaryimage\"},\"thumbnailUrl\":\"https:\\\/\\\/www.webdo.tn\\\/fr\\\/wp-content\\\/uploads\\\/2024\\\/09\\\/96d9235c22b49cf4c3936dddb469ad94.webp\",\"datePublished\":\"2024-09-25T09:43:00+00:00\",\"dateModified\":\"2025-05-20T21:48:29+00:00\",\"description\":\"L'ambassade de Tunisie \u00e0 Beyrouth a fait savoir, hier, que tous les ressortissants tunisiens au Liban sont sains et saufs et qu'aucun d\u00e9c\u00e8s ni bless\u00e9 n'a \u00e9t\u00e9 en...\",\"breadcrumb\":{\"@id\":\"https:\\\/\\\/www.webdo.tn\\\/fr\\\/actualite\\\/national\\\/les-tunisiens-au-liban-se-portent-bien-rassure-l-ambassade-de-tunisie-a-beyrouth\\\/216583\\\/#breadcrumb\"},\"inLanguage\":\"fr-FR\",\"potentialAction\":[{\"@type\":\"ReadAction\",\"target\":[\"https:\\\/\\\/www.webdo.tn\\\/fr\\\/actualite\\\/national\\\/les-tunisiens-au-liban-se-portent-bien-rassure-l-ambassade-de-tunisie-a-beyrouth\\\/216583\\\/\"]}]},{\"@type\":\"ImageObject\",\"inLanguage\":\"fr-FR\",\"@id\":\"https:\\\/\\\/www.webdo.tn\\\/fr\\\/actualite\\\/national\\\/les-tunisiens-au-liban-se-portent-bien-rassure-l-ambassade-de-tunisie-a-beyrouth\\\/216583\\\/#primaryimage\",\"url\":\"https:\\\/\\\/www.webdo.tn\\\/fr\\\/wp-content\\\/uploads\\\/2024\\\/09\\\/96d9235c22b49cf4c3936dddb469ad94.webp\",\"contentUrl\":\"https:\\\/\\\/www.webdo.tn\\\/fr\\\/wp-content\\\/uploads\\\/2024\\\/09\\\/96d9235c22b49cf4c3936dddb469ad94.webp\",\"width\":750,\"height\":400,\"caption\":\"Les Tunisiens au Liban se portent bien, rassure l\u2019ambassade de Tunisie \u00e0 Beyrouth\"},{\"@type\":\"BreadcrumbList\",\"@id\":\"https:\\\/\\\/www.webdo.tn\\\/fr\\\/actualite\\\/national\\\/les-tunisiens-au-liban-se-portent-bien-rassure-l-ambassade-de-tunisie-a-beyrouth\\\/216583\\\/#breadcrumb\",\"itemListElement\":[{\"@type\":\"ListItem\",\"position\":1,\"name\":\"Accueil\",\"item\":\"https:\\\/\\\/www.webdo.tn\\\/fr\\\/\"},{\"@type\":\"ListItem\",\"position\":2,\"name\":\"Les Tunisiens au Liban se portent bien, rassure l\u2019ambassade de Tunisie \u00e0 Beyrouth\"}]},{\"@type\":\"WebSite\",\"@id\":\"https:\\\/\\\/www.webdo.tn\\\/fr\\\/#website\",\"url\":\"https:\\\/\\\/www.webdo.tn\\\/fr\\\/\",\"name\":\"webdo\",\"description\":\"Tunisie - News en Tunisie et \u00e0 l&#039;international sur Webdo.tn\",\"publisher\":{\"@id\":\"https:\\\/\\\/www.webdo.tn\\\/fr\\\/#organization\"},\"potentialAction\":[{\"@type\":\"SearchAction\",\"target\":{\"@type\":\"EntryPoint\",\"urlTemplate\":\"https:\\\/\\\/www.webdo.tn\\\/fr\\\/?s={search_term_string}\"},\"query-input\":{\"@type\":\"PropertyValueSpecification\",\"valueRequired\":true,\"valueName\":\"search_term_string\"}}],\"inLanguage\":\"fr-FR\"},{\"@type\":\"Organization\",\"@id\":\"https:\\\/\\\/www.webdo.tn\\\/fr\\\/#organization\",\"name\":\"Webdo\",\"alternateName\":\"Webdo.tn\",\"url\":\"https:\\\/\\\/www.webdo.tn\\\/fr\\\/\",\"logo\":{\"@type\":\"ImageObject\",\"inLanguage\":\"fr-FR\",\"@id\":\"https:\\\/\\\/www.webdo.tn\\\/fr\\\/#\\\/schema\\\/logo\\\/image\\\/\",\"url\":\"https:\\\/\\\/www.webdo.tn\\\/fr\\\/wp-content\\\/uploads\\\/2025\\\/06\\\/Webdo-Tunisie_168377.jpg\",\"contentUrl\":\"https:\\\/\\\/www.webdo.tn\\\/fr\\\/wp-content\\\/uploads\\\/2025\\\/06\\\/Webdo-Tunisie_168377.jpg\",\"width\":301,\"height\":301,\"caption\":\"Webdo\"},\"image\":{\"@id\":\"https:\\\/\\\/www.webdo.tn\\\/fr\\\/#\\\/schema\\\/logo\\\/image\\\/\"},\"sameAs\":[\"https:\\\/\\\/www.facebook.com\\\/webdotn\",\"https:\\\/\\\/x.com\\\/webdo_tn\"],\"description\":\"Webdo est un m\u00e9dia num\u00e9rique tunisien fond\u00e9 en 2010, sp\u00e9cialis\u00e9 dans l\u2019actualit\u00e9 nationale et internationale, l\u2019\u00e9conomie, la soci\u00e9t\u00e9 et les analyses politiques. Le site s\u2019adresse \u00e0 un large public francophone et couvre l\u2019information tunisienne en temps r\u00e9el.\",\"email\":\"redac@webdo.tn\",\"legalName\":\"YNJ SARL\",\"foundingDate\":\"2010-09-06\",\"numberOfEmployees\":{\"@type\":\"QuantitativeValue\",\"minValue\":\"11\",\"maxValue\":\"50\"}},{\"@type\":\"Person\",\"@id\":\"https:\\\/\\\/www.webdo.tn\\\/fr\\\/#\\\/schema\\\/person\\\/2c4929cbf5a809e3bd38617c6ce150f6\",\"name\":\"MC\",\"image\":{\"@type\":\"ImageObject\",\"inLanguage\":\"fr-FR\",\"@id\":\"https:\\\/\\\/secure.gravatar.com\\\/avatar\\\/a545bbb6f84efdd5553dbbc2895e3ca8f1d12c5215e00a041c9670b54aa9b18a?s=96&d=mm&r=g\",\"url\":\"https:\\\/\\\/secure.gravatar.com\\\/avatar\\\/a545bbb6f84efdd5553dbbc2895e3ca8f1d12c5215e00a041c9670b54aa9b18a?s=96&d=mm&r=g\",\"contentUrl\":\"https:\\\/\\\/secure.gravatar.com\\\/avatar\\\/a545bbb6f84efdd5553dbbc2895e3ca8f1d12c5215e00a041c9670b54aa9b18a?s=96&d=mm&r=g\",\"caption\":\"MC\"},\"url\":\"https:\\\/\\\/www.webdo.tn\\\/fr\\\/actualite\\\/author\\\/mc\\\/\"}]}<\/script>\n<!-- \/ Yoast SEO Premium plugin. -->","yoast_head_json":{"title":"Les Tunisiens au Liban se portent bien, rassure l\u2019ambassade de Tunisie \u00e0 Beyrouth","description":"L'ambassade de Tunisie \u00e0 Beyrouth a fait savoir, hier, que tous les ressortissants tunisiens au Liban sont sains et saufs et qu'aucun d\u00e9c\u00e8s ni bless\u00e9 n'a \u00e9t\u00e9 en...","canonical":"https:\/\/www.webdo.tn\/fr\/actualite\/national\/les-tunisiens-au-liban-se-portent-bien-rassure-l-ambassade-de-tunisie-a-beyrouth\/216583\/","og_locale":"fr_FR","og_type":"article","og_title":"Les Tunisiens au Liban se portent bien, rassure l\u2019ambassade de Tunisie \u00e0 Beyrouth","og_description":"L'ambassade de Tunisie \u00e0 Beyrouth a fait savoir, hier, que tous les ressortissants tunisiens au Liban sont sains et saufs et qu'aucun d\u00e9c\u00e8s ni bless\u00e9 n'a \u00e9t\u00e9 en...","og_url":"https:\/\/www.webdo.tn\/fr\/actualite\/national\/les-tunisiens-au-liban-se-portent-bien-rassure-l-ambassade-de-tunisie-a-beyrouth\/216583\/","og_site_name":"webdo","article_publisher":"https:\/\/www.facebook.com\/webdotn","article_published_time":"2024-09-25T09:43:00+00:00","article_modified_time":"2025-05-20T21:48:29+00:00","og_image":[{"width":750,"height":400,"url":"https:\/\/www.webdo.tn\/fr\/wp-content\/uploads\/2024\/09\/96d9235c22b49cf4c3936dddb469ad94.webp","type":"image\/webp"}],"author":"MC","twitter_card":"summary_large_image","twitter_creator":"@webdo_tn","twitter_site":"@webdo_tn","twitter_misc":{"\u00c9crit par":"MC","Dur\u00e9e de lecture estim\u00e9e":"2 minutes"},"schema":{"@context":"https:\/\/schema.org","@graph":[{"@type":"NewsArticle","@id":"https:\/\/www.webdo.tn\/fr\/actualite\/national\/les-tunisiens-au-liban-se-portent-bien-rassure-l-ambassade-de-tunisie-a-beyrouth\/216583\/#article","isPartOf":{"@id":"https:\/\/www.webdo.tn\/fr\/actualite\/national\/les-tunisiens-au-liban-se-portent-bien-rassure-l-ambassade-de-tunisie-a-beyrouth\/216583\/"},"author":{"name":"MC","@id":"https:\/\/www.webdo.tn\/fr\/#\/schema\/person\/2c4929cbf5a809e3bd38617c6ce150f6"},"headline":"Les Tunisiens au Liban se portent bien, rassure l\u2019ambassade de Tunisie \u00e0 Beyrouth","datePublished":"2024-09-25T09:43:00+00:00","dateModified":"2025-05-20T21:48:29+00:00","mainEntityOfPage":{"@id":"https:\/\/www.webdo.tn\/fr\/actualite\/national\/les-tunisiens-au-liban-se-portent-bien-rassure-l-ambassade-de-tunisie-a-beyrouth\/216583\/"},"wordCount":339,"commentCount":0,"publisher":{"@id":"https:\/\/www.webdo.tn\/fr\/#organization"},"image":{"@id":"https:\/\/www.webdo.tn\/fr\/actualite\/national\/les-tunisiens-au-liban-se-portent-bien-rassure-l-ambassade-de-tunisie-a-beyrouth\/216583\/#primaryimage"},"thumbnailUrl":"https:\/\/www.webdo.tn\/fr\/wp-content\/uploads\/2024\/09\/96d9235c22b49cf4c3936dddb469ad94.webp","keywords":["guerre","liban","Tunisie","Tunisiens"],"articleSection":["National"],"inLanguage":"fr-FR"},{"@type":"WebPage","@id":"https:\/\/www.webdo.tn\/fr\/actualite\/national\/les-tunisiens-au-liban-se-portent-bien-rassure-l-ambassade-de-tunisie-a-beyrouth\/216583\/","url":"https:\/\/www.webdo.tn\/fr\/actualite\/national\/les-tunisiens-au-liban-se-portent-bien-rassure-l-ambassade-de-tunisie-a-beyrouth\/216583\/","name":"Les Tunisiens au Liban se portent bien, rassure l\u2019ambassade de Tunisie \u00e0 Beyrouth","isPartOf":{"@id":"https:\/\/www.webdo.tn\/fr\/#website"},"primaryImageOfPage":{"@id":"https:\/\/www.webdo.tn\/fr\/actualite\/national\/les-tunisiens-au-liban-se-portent-bien-rassure-l-ambassade-de-tunisie-a-beyrouth\/216583\/#primaryimage"},"image":{"@id":"https:\/\/www.webdo.tn\/fr\/actualite\/national\/les-tunisiens-au-liban-se-portent-bien-rassure-l-ambassade-de-tunisie-a-beyrouth\/216583\/#primaryimage"},"thumbnailUrl":"https:\/\/www.webdo.tn\/fr\/wp-content\/uploads\/2024\/09\/96d9235c22b49cf4c3936dddb469ad94.webp","datePublished":"2024-09-25T09:43:00+00:00","dateModified":"2025-05-20T21:48:29+00:00","description":"L'ambassade de Tunisie \u00e0 Beyrouth a fait savoir, hier, que tous les ressortissants tunisiens au Liban sont sains et saufs et qu'aucun d\u00e9c\u00e8s ni bless\u00e9 n'a \u00e9t\u00e9 en...","breadcrumb":{"@id":"https:\/\/www.webdo.tn\/fr\/actualite\/national\/les-tunisiens-au-liban-se-portent-bien-rassure-l-ambassade-de-tunisie-a-beyrouth\/216583\/#breadcrumb"},"inLanguage":"fr-FR","potentialAction":[{"@type":"ReadAction","target":["https:\/\/www.webdo.tn\/fr\/actualite\/national\/les-tunisiens-au-liban-se-portent-bien-rassure-l-ambassade-de-tunisie-a-beyrouth\/216583\/"]}]},{"@type":"ImageObject","inLanguage":"fr-FR","@id":"https:\/\/www.webdo.tn\/fr\/actualite\/national\/les-tunisiens-au-liban-se-portent-bien-rassure-l-ambassade-de-tunisie-a-beyrouth\/216583\/#primaryimage","url":"https:\/\/www.webdo.tn\/fr\/wp-content\/uploads\/2024\/09\/96d9235c22b49cf4c3936dddb469ad94.webp","contentUrl":"https:\/\/www.webdo.tn\/fr\/wp-content\/uploads\/2024\/09\/96d9235c22b49cf4c3936dddb469ad94.webp","width":750,"height":400,"caption":"Les Tunisiens au Liban se portent bien, rassure l\u2019ambassade de Tunisie \u00e0 Beyrouth"},{"@type":"BreadcrumbList","@id":"https:\/\/www.webdo.tn\/fr\/actualite\/national\/les-tunisiens-au-liban-se-portent-bien-rassure-l-ambassade-de-tunisie-a-beyrouth\/216583\/#breadcrumb","itemListElement":[{"@type":"ListItem","position":1,"name":"Accueil","item":"https:\/\/www.webdo.tn\/fr\/"},{"@type":"ListItem","position":2,"name":"Les Tunisiens au Liban se portent bien, rassure l\u2019ambassade de Tunisie \u00e0 Beyrouth"}]},{"@type":"WebSite","@id":"https:\/\/www.webdo.tn\/fr\/#website","url":"https:\/\/www.webdo.tn\/fr\/","name":"webdo","description":"Tunisie - News en Tunisie et \u00e0 l&#039;international sur Webdo.tn","publisher":{"@id":"https:\/\/www.webdo.tn\/fr\/#organization"},"potentialAction":[{"@type":"SearchAction","target":{"@type":"EntryPoint","urlTemplate":"https:\/\/www.webdo.tn\/fr\/?s={search_term_string}"},"query-input":{"@type":"PropertyValueSpecification","valueRequired":true,"valueName":"search_term_string"}}],"inLanguage":"fr-FR"},{"@type":"Organization","@id":"https:\/\/www.webdo.tn\/fr\/#organization","name":"Webdo","alternateName":"Webdo.tn","url":"https:\/\/www.webdo.tn\/fr\/","logo":{"@type":"ImageObject","inLanguage":"fr-FR","@id":"https:\/\/www.webdo.tn\/fr\/#\/schema\/logo\/image\/","url":"https:\/\/www.webdo.tn\/fr\/wp-content\/uploads\/2025\/06\/Webdo-Tunisie_168377.jpg","contentUrl":"https:\/\/www.webdo.tn\/fr\/wp-content\/uploads\/2025\/06\/Webdo-Tunisie_168377.jpg","width":301,"height":301,"caption":"Webdo"},"image":{"@id":"https:\/\/www.webdo.tn\/fr\/#\/schema\/logo\/image\/"},"sameAs":["https:\/\/www.facebook.com\/webdotn","https:\/\/x.com\/webdo_tn"],"description":"Webdo est un m\u00e9dia num\u00e9rique tunisien fond\u00e9 en 2010, sp\u00e9cialis\u00e9 dans l\u2019actualit\u00e9 nationale et internationale, l\u2019\u00e9conomie, la soci\u00e9t\u00e9 et les analyses politiques. Le site s\u2019adresse \u00e0 un large public francophone et couvre l\u2019information tunisienne en temps r\u00e9el.","email":"redac@webdo.tn","legalName":"YNJ SARL","foundingDate":"2010-09-06","numberOfEmployees":{"@type":"QuantitativeValue","minValue":"11","maxValue":"50"}},{"@type":"Person","@id":"https:\/\/www.webdo.tn\/fr\/#\/schema\/person\/2c4929cbf5a809e3bd38617c6ce150f6","name":"MC","image":{"@type":"ImageObject","inLanguage":"fr-FR","@id":"https:\/\/secure.gravatar.com\/avatar\/a545bbb6f84efdd5553dbbc2895e3ca8f1d12c5215e00a041c9670b54aa9b18a?s=96&d=mm&r=g","url":"https:\/\/secure.gravatar.com\/avatar\/a545bbb6f84efdd5553dbbc2895e3ca8f1d12c5215e00a041c9670b54aa9b18a?s=96&d=mm&r=g","contentUrl":"https:\/\/secure.gravatar.com\/avatar\/a545bbb6f84efdd5553dbbc2895e3ca8f1d12c5215e00a041c9670b54aa9b18a?s=96&d=mm&r=g","caption":"MC"},"url":"https:\/\/www.webdo.tn\/fr\/actualite\/author\/mc\/"}]}},"_links":{"self":[{"href":"https:\/\/www.webdo.tn\/fr\/wp-json\/wp\/v2\/posts\/216583","targetHints":{"allow":["GET"]}}],"collection":[{"href":"https:\/\/www.webdo.tn\/fr\/wp-json\/wp\/v2\/posts"}],"about":[{"href":"https:\/\/www.webdo.tn\/fr\/wp-json\/wp\/v2\/types\/post"}],"author":[{"embeddable":true,"href":"https:\/\/www.webdo.tn\/fr\/wp-json\/wp\/v2\/users\/3162"}],"replies":[{"embeddable":true,"href":"https:\/\/www.webdo.tn\/fr\/wp-json\/wp\/v2\/comments?post=216583"}],"version-history":[{"count":0,"href":"https:\/\/www.webdo.tn\/fr\/wp-json\/wp\/v2\/posts\/216583\/revisions"}],"wp:featuredmedia":[{"embeddable":true,"href":"https:\/\/www.webdo.tn\/fr\/wp-json\/wp\/v2\/media\/246472"}],"wp:attachment":[{"href":"https:\/\/www.webdo.tn\/fr\/wp-json\/wp\/v2\/media?parent=216583"}],"wp:term":[{"taxonomy":"category","embeddable":true,"href":"https:\/\/www.webdo.tn\/fr\/wp-json\/wp\/v2\/categories?post=216583"},{"taxonomy":"post_tag","embeddable":true,"href":"https:\/\/www.webdo.tn\/fr\/wp-json\/wp\/v2\/tags?post=216583"}],"curies":[{"name":"wp","href":"https:\/\/api.w.org\/{rel}","templated":true}]}}