{"id":216580,"date":"2024-09-25T08:47:00","date_gmt":"2024-09-25T08:47:00","guid":{"rendered":"https:\/\/www.webdo.tn\/fr\/blog\/randonneur-sur-les-pas-de-saint-augustin-dominique-martinet-n-est-plus\/216580\/"},"modified":"2025-05-14T09:21:29","modified_gmt":"2025-05-14T09:21:29","slug":"randonneur-sur-les-pas-de-saint-augustin-dominique-martinet-n-est-plus","status":"publish","type":"post","link":"https:\/\/www.webdo.tn\/fr\/actualite\/chroniques\/randonneur-sur-les-pas-de-saint-augustin-dominique-martinet-n-est-plus\/216580\/","title":{"rendered":"Randonneur sur les pas de Saint-Augustin, Dominique Martinet n&rsquo;est plus"},"content":{"rendered":"<p>Fran\u00e7ais, balisant les routes de Saint-Augustin entre la Tunisie, l&rsquo;Alg\u00e9rie et l&rsquo;Italie, Dominique Martinet est d\u00e9c\u00e9d\u00e9 la semaine derni\u00e8re en Sicile.<\/p>\n<p>\t\t\t\t\t\t\t\t\tPr\u00e9sident de l\u2019association Via Augustina, Dominique Martinet n&rsquo;est plus. D\u00e9c\u00e9d\u00e9 il y a une dizaine de jours en Italie, ses fun\u00e9railles auront lieu jeudi 26 septembre \u00e0 10h, en l\u2019\u00e9glise du village de Sumbuca en Sicile.<\/p>\n<p>Mieux que tout autre, Dominique Martinet conna\u00eet chaque arpent des chemins de randonn\u00e9e du nord de la Tunisie. Depuis plus d&rsquo;une d\u00e9cennie, ce marcheur convaincu a r\u00e9alis\u00e9 un lumineux cadastre de la Via Augustina, cette route multiple qui mena Saint-Augustin de Thagaste et Hippone \u00e0 Carthage.<\/p>\n<p>Dans les pas du penseur afro-latin, Dominique Martinet fait revivre pays, paysans et paysages, remonte jusqu&rsquo;au sources lointaines d&rsquo;une topographie effac\u00e9e et, une bribe apr\u00e8s l&rsquo;autre, reconstruit des chemins de lumi\u00e8re.<\/p>\n<p>Randonneur depuis des lustres, il a connu tant de parcours, balis\u00e9 tant de pistes et, chemin faisant, f\u00e9cond\u00e9 tant de r\u00eaves. Retra\u00e7ant les p\u00e9r\u00e9grinations de Saint-Augustin, Dominique Martinet a longtemps v\u00e9cu parmi nous et m\u00e9rite amplement de la Tunisie.<\/p>\n<p>Paix \u00e0 son \u00e2me et condol\u00e9ances attrist\u00e9es \u00e0 sa famille, ses amis et aux membres de l&rsquo;association Via Augustina.<\/p>\n","protected":false},"excerpt":{"rendered":"<p>Pr\u00e9sident de l\u2019association Via Augustina, Dominique Martinet n&rsquo;est plus. D\u00e9c\u00e9d\u00e9 il y a une dizaine de jours en Italie, ses fun\u00e9railles auront lieu jeudi 26 sept&#8230;<\/p>\n","protected":false},"author":3229,"featured_media":246471,"comment_status":"open","ping_status":"closed","sticky":false,"template":"","format":"standard","meta":{"footnotes":""},"categories":[2596],"tags":[2830,5608,5609,5606,5607],"class_list":["post-216580","post","type-post","status-publish","format-standard","has-post-thumbnail","hentry","category-chroniques","tag-deces","tag-dominique-martinet","tag-randonnee","tag-sicile","tag-via-augustina"],"yoast_head":"<!-- This site is optimized with the Yoast SEO Premium plugin v27.4 (Yoast SEO v27.5) - https:\/\/yoast.com\/product\/yoast-seo-premium-wordpress\/ -->\n<title>Randonneur sur les pas de Saint-Augustin, Dominique Martinet n&#039;est plus<\/title>\n<meta name=\"description\" content=\"Pr\u00e9sident de l\u2019association Via Augustina, Dominique Martinet n&#039;est plus. D\u00e9c\u00e9d\u00e9 il y a une dizaine de jours en Italie, ses fun\u00e9railles auront lieu jeudi 26 sept...\" \/>\n<link rel=\"canonical\" href=\"https:\/\/www.webdo.tn\/fr\/actualite\/chroniques\/randonneur-sur-les-pas-de-saint-augustin-dominique-martinet-n-est-plus\/216580\/\" \/>\n<meta property=\"og:locale\" content=\"fr_FR\" \/>\n<meta property=\"og:type\" content=\"article\" \/>\n<meta property=\"og:title\" content=\"Randonneur sur les pas de Saint-Augustin, Dominique Martinet n&#039;est plus\" \/>\n<meta property=\"og:description\" content=\"Pr\u00e9sident de l\u2019association Via Augustina, Dominique Martinet n&#039;est plus. D\u00e9c\u00e9d\u00e9 il y a une dizaine de jours en Italie, ses fun\u00e9railles auront lieu jeudi 26 sept...\" \/>\n<meta property=\"og:url\" content=\"https:\/\/www.webdo.tn\/fr\/actualite\/chroniques\/randonneur-sur-les-pas-de-saint-augustin-dominique-martinet-n-est-plus\/216580\/\" \/>\n<meta property=\"og:site_name\" content=\"webdo\" \/>\n<meta property=\"article:publisher\" content=\"https:\/\/www.facebook.com\/webdotn\" \/>\n<meta property=\"article:author\" content=\"https:\/\/www.facebook.com\/hatem.bourial.2025\" \/>\n<meta property=\"article:published_time\" content=\"2024-09-25T08:47:00+00:00\" \/>\n<meta property=\"article:modified_time\" content=\"2025-05-14T09:21:29+00:00\" \/>\n<meta property=\"og:image\" content=\"https:\/\/www.webdo.tn\/fr\/wp-content\/uploads\/2024\/09\/e53f4f2b8020a0603e8d7ebc8b9676f4.webp\" \/>\n\t<meta property=\"og:image:width\" content=\"750\" \/>\n\t<meta property=\"og:image:height\" content=\"400\" \/>\n\t<meta property=\"og:image:type\" content=\"image\/webp\" \/>\n<meta name=\"author\" content=\"Hatem Bourial\" \/>\n<meta name=\"twitter:card\" content=\"summary_large_image\" \/>\n<meta name=\"twitter:creator\" content=\"@webdo_tn\" \/>\n<meta name=\"twitter:site\" content=\"@webdo_tn\" \/>\n<meta name=\"twitter:label1\" content=\"\u00c9crit par\" \/>\n\t<meta name=\"twitter:data1\" content=\"Hatem Bourial\" \/>\n\t<meta name=\"twitter:label2\" content=\"Dur\u00e9e de lecture estim\u00e9e\" \/>\n\t<meta name=\"twitter:data2\" content=\"1 minute\" \/>\n<script type=\"application\/ld+json\" class=\"yoast-schema-graph\">{\"@context\":\"https:\\\/\\\/schema.org\",\"@graph\":[{\"@type\":\"NewsArticle\",\"@id\":\"https:\\\/\\\/www.webdo.tn\\\/fr\\\/actualite\\\/chroniques\\\/randonneur-sur-les-pas-de-saint-augustin-dominique-martinet-n-est-plus\\\/216580\\\/#article\",\"isPartOf\":{\"@id\":\"https:\\\/\\\/www.webdo.tn\\\/fr\\\/actualite\\\/chroniques\\\/randonneur-sur-les-pas-de-saint-augustin-dominique-martinet-n-est-plus\\\/216580\\\/\"},\"author\":{\"name\":\"Hatem Bourial\",\"@id\":\"https:\\\/\\\/www.webdo.tn\\\/fr\\\/#\\\/schema\\\/person\\\/6bc0beba2cd23aec27cb5df85ca2554f\"},\"headline\":\"Randonneur sur les pas de Saint-Augustin, Dominique Martinet n&rsquo;est plus\",\"datePublished\":\"2024-09-25T08:47:00+00:00\",\"dateModified\":\"2025-05-14T09:21:29+00:00\",\"mainEntityOfPage\":{\"@id\":\"https:\\\/\\\/www.webdo.tn\\\/fr\\\/actualite\\\/chroniques\\\/randonneur-sur-les-pas-de-saint-augustin-dominique-martinet-n-est-plus\\\/216580\\\/\"},\"wordCount\":233,\"commentCount\":0,\"publisher\":{\"@id\":\"https:\\\/\\\/www.webdo.tn\\\/fr\\\/#organization\"},\"image\":{\"@id\":\"https:\\\/\\\/www.webdo.tn\\\/fr\\\/actualite\\\/chroniques\\\/randonneur-sur-les-pas-de-saint-augustin-dominique-martinet-n-est-plus\\\/216580\\\/#primaryimage\"},\"thumbnailUrl\":\"https:\\\/\\\/www.webdo.tn\\\/fr\\\/wp-content\\\/uploads\\\/2024\\\/09\\\/e53f4f2b8020a0603e8d7ebc8b9676f4.webp\",\"keywords\":[\"D\u00e9c\u00e8s\",\"dominique martinet\",\"randonn\u00e9e\",\"sicile\",\"Via Augustina\"],\"articleSection\":[\"Chroniques\"],\"inLanguage\":\"fr-FR\"},{\"@type\":\"WebPage\",\"@id\":\"https:\\\/\\\/www.webdo.tn\\\/fr\\\/actualite\\\/chroniques\\\/randonneur-sur-les-pas-de-saint-augustin-dominique-martinet-n-est-plus\\\/216580\\\/\",\"url\":\"https:\\\/\\\/www.webdo.tn\\\/fr\\\/actualite\\\/chroniques\\\/randonneur-sur-les-pas-de-saint-augustin-dominique-martinet-n-est-plus\\\/216580\\\/\",\"name\":\"Randonneur sur les pas de Saint-Augustin, Dominique Martinet n'est plus\",\"isPartOf\":{\"@id\":\"https:\\\/\\\/www.webdo.tn\\\/fr\\\/#website\"},\"primaryImageOfPage\":{\"@id\":\"https:\\\/\\\/www.webdo.tn\\\/fr\\\/actualite\\\/chroniques\\\/randonneur-sur-les-pas-de-saint-augustin-dominique-martinet-n-est-plus\\\/216580\\\/#primaryimage\"},\"image\":{\"@id\":\"https:\\\/\\\/www.webdo.tn\\\/fr\\\/actualite\\\/chroniques\\\/randonneur-sur-les-pas-de-saint-augustin-dominique-martinet-n-est-plus\\\/216580\\\/#primaryimage\"},\"thumbnailUrl\":\"https:\\\/\\\/www.webdo.tn\\\/fr\\\/wp-content\\\/uploads\\\/2024\\\/09\\\/e53f4f2b8020a0603e8d7ebc8b9676f4.webp\",\"datePublished\":\"2024-09-25T08:47:00+00:00\",\"dateModified\":\"2025-05-14T09:21:29+00:00\",\"description\":\"Pr\u00e9sident de l\u2019association Via Augustina, Dominique Martinet n'est plus. D\u00e9c\u00e9d\u00e9 il y a une dizaine de jours en Italie, ses fun\u00e9railles auront lieu jeudi 26 sept...\",\"breadcrumb\":{\"@id\":\"https:\\\/\\\/www.webdo.tn\\\/fr\\\/actualite\\\/chroniques\\\/randonneur-sur-les-pas-de-saint-augustin-dominique-martinet-n-est-plus\\\/216580\\\/#breadcrumb\"},\"inLanguage\":\"fr-FR\",\"potentialAction\":[{\"@type\":\"ReadAction\",\"target\":[\"https:\\\/\\\/www.webdo.tn\\\/fr\\\/actualite\\\/chroniques\\\/randonneur-sur-les-pas-de-saint-augustin-dominique-martinet-n-est-plus\\\/216580\\\/\"]}]},{\"@type\":\"ImageObject\",\"inLanguage\":\"fr-FR\",\"@id\":\"https:\\\/\\\/www.webdo.tn\\\/fr\\\/actualite\\\/chroniques\\\/randonneur-sur-les-pas-de-saint-augustin-dominique-martinet-n-est-plus\\\/216580\\\/#primaryimage\",\"url\":\"https:\\\/\\\/www.webdo.tn\\\/fr\\\/wp-content\\\/uploads\\\/2024\\\/09\\\/e53f4f2b8020a0603e8d7ebc8b9676f4.webp\",\"contentUrl\":\"https:\\\/\\\/www.webdo.tn\\\/fr\\\/wp-content\\\/uploads\\\/2024\\\/09\\\/e53f4f2b8020a0603e8d7ebc8b9676f4.webp\",\"width\":750,\"height\":400,\"caption\":\"Randonneur sur les pas de Saint-Augustin, Dominique Martinet n'est plus\"},{\"@type\":\"BreadcrumbList\",\"@id\":\"https:\\\/\\\/www.webdo.tn\\\/fr\\\/actualite\\\/chroniques\\\/randonneur-sur-les-pas-de-saint-augustin-dominique-martinet-n-est-plus\\\/216580\\\/#breadcrumb\",\"itemListElement\":[{\"@type\":\"ListItem\",\"position\":1,\"name\":\"Accueil\",\"item\":\"https:\\\/\\\/www.webdo.tn\\\/fr\\\/\"},{\"@type\":\"ListItem\",\"position\":2,\"name\":\"Randonneur sur les pas de Saint-Augustin, Dominique Martinet n&#8217;est plus\"}]},{\"@type\":\"WebSite\",\"@id\":\"https:\\\/\\\/www.webdo.tn\\\/fr\\\/#website\",\"url\":\"https:\\\/\\\/www.webdo.tn\\\/fr\\\/\",\"name\":\"webdo\",\"description\":\"Tunisie - News en Tunisie et \u00e0 l&#039;international sur Webdo.tn\",\"publisher\":{\"@id\":\"https:\\\/\\\/www.webdo.tn\\\/fr\\\/#organization\"},\"potentialAction\":[{\"@type\":\"SearchAction\",\"target\":{\"@type\":\"EntryPoint\",\"urlTemplate\":\"https:\\\/\\\/www.webdo.tn\\\/fr\\\/?s={search_term_string}\"},\"query-input\":{\"@type\":\"PropertyValueSpecification\",\"valueRequired\":true,\"valueName\":\"search_term_string\"}}],\"inLanguage\":\"fr-FR\"},{\"@type\":\"Organization\",\"@id\":\"https:\\\/\\\/www.webdo.tn\\\/fr\\\/#organization\",\"name\":\"Webdo\",\"alternateName\":\"Webdo.tn\",\"url\":\"https:\\\/\\\/www.webdo.tn\\\/fr\\\/\",\"logo\":{\"@type\":\"ImageObject\",\"inLanguage\":\"fr-FR\",\"@id\":\"https:\\\/\\\/www.webdo.tn\\\/fr\\\/#\\\/schema\\\/logo\\\/image\\\/\",\"url\":\"https:\\\/\\\/www.webdo.tn\\\/fr\\\/wp-content\\\/uploads\\\/2025\\\/06\\\/Webdo-Tunisie_168377.jpg\",\"contentUrl\":\"https:\\\/\\\/www.webdo.tn\\\/fr\\\/wp-content\\\/uploads\\\/2025\\\/06\\\/Webdo-Tunisie_168377.jpg\",\"width\":301,\"height\":301,\"caption\":\"Webdo\"},\"image\":{\"@id\":\"https:\\\/\\\/www.webdo.tn\\\/fr\\\/#\\\/schema\\\/logo\\\/image\\\/\"},\"sameAs\":[\"https:\\\/\\\/www.facebook.com\\\/webdotn\",\"https:\\\/\\\/x.com\\\/webdo_tn\"],\"description\":\"Webdo est un m\u00e9dia num\u00e9rique tunisien fond\u00e9 en 2010, sp\u00e9cialis\u00e9 dans l\u2019actualit\u00e9 nationale et internationale, l\u2019\u00e9conomie, la soci\u00e9t\u00e9 et les analyses politiques. Le site s\u2019adresse \u00e0 un large public francophone et couvre l\u2019information tunisienne en temps r\u00e9el.\",\"email\":\"redac@webdo.tn\",\"legalName\":\"YNJ SARL\",\"foundingDate\":\"2010-09-06\",\"numberOfEmployees\":{\"@type\":\"QuantitativeValue\",\"minValue\":\"11\",\"maxValue\":\"50\"}},{\"@type\":\"Person\",\"@id\":\"https:\\\/\\\/www.webdo.tn\\\/fr\\\/#\\\/schema\\\/person\\\/6bc0beba2cd23aec27cb5df85ca2554f\",\"name\":\"Hatem Bourial\",\"image\":{\"@type\":\"ImageObject\",\"inLanguage\":\"fr-FR\",\"@id\":\"https:\\\/\\\/www.webdo.tn\\\/fr\\\/wp-content\\\/uploads\\\/2026\\\/04\\\/hatem-bourial_avatar-96x96.jpg\",\"url\":\"https:\\\/\\\/www.webdo.tn\\\/fr\\\/wp-content\\\/uploads\\\/2026\\\/04\\\/hatem-bourial_avatar-96x96.jpg\",\"contentUrl\":\"https:\\\/\\\/www.webdo.tn\\\/fr\\\/wp-content\\\/uploads\\\/2026\\\/04\\\/hatem-bourial_avatar-96x96.jpg\",\"caption\":\"Hatem Bourial\"},\"description\":\"Hatem Bourial est journaliste, \u00e9crivain et chroniqueur tunisien. Actif depuis plusieurs d\u00e9cennies, il s\u2019est impos\u00e9 comme un observateur attentif de la soci\u00e9t\u00e9 tunisienne, m\u00ealant dans ses \u00e9crits m\u00e9moire, culture et analyse du quotidien. Auteur de nombreux ouvrages, il d\u00e9veloppe une \u0153uvre \u00e0 la crois\u00e9e du r\u00e9cit, de la po\u00e9sie et de l\u2019observation sociologique. Parall\u00e8lement \u00e0 ses contributions dans la presse, il intervient r\u00e9guli\u00e8rement \u00e0 la radio et dans des espaces culturels, o\u00f9 il explore les enjeux li\u00e9s au patrimoine, \u00e0 l\u2019identit\u00e9 et aux transformations du monde contemporain. \u00c0 travers ses chroniques, Hatem Bourial propose une lecture sensible et approfondie de l\u2019actualit\u00e9, nourrie par une exp\u00e9rience journalistique et litt\u00e9raire reconnue. \ud83d\udd17 Facebook : https:\\\/\\\/www.facebook.com\\\/hatem.bourial.2025\",\"sameAs\":[\"https:\\\/\\\/www.facebook.com\\\/hatem.bourial.2025\",\"https:\\\/\\\/fr.wikipedia.org\\\/wiki\\\/Fichier:Hatem_Bourial.jpg\"],\"knowsAbout\":[\"Culture & patrimoine tunisien\",\"Chronique soci\u00e9tale\",\"Litt\u00e9rature & m\u00e9moire\",\"Cin\u00e9ma & critique culturelle\",\"Identit\u00e9 & mutations sociales\"],\"knowsLanguage\":[\"Arabe\",\"Fran\u00e7ais\",\"Anglais\",\"Italien\",\"Polonais\"],\"jobTitle\":\"Journaliste, \u00e9crivain et chroniqueur culturel\",\"worksFor\":\"Webdo\",\"url\":\"https:\\\/\\\/www.webdo.tn\\\/fr\\\/actualite\\\/author\\\/hatem-bourial-2\\\/\"}]}<\/script>\n<!-- \/ Yoast SEO Premium plugin. -->","yoast_head_json":{"title":"Randonneur sur les pas de Saint-Augustin, Dominique Martinet n'est plus","description":"Pr\u00e9sident de l\u2019association Via Augustina, Dominique Martinet n'est plus. D\u00e9c\u00e9d\u00e9 il y a une dizaine de jours en Italie, ses fun\u00e9railles auront lieu jeudi 26 sept...","canonical":"https:\/\/www.webdo.tn\/fr\/actualite\/chroniques\/randonneur-sur-les-pas-de-saint-augustin-dominique-martinet-n-est-plus\/216580\/","og_locale":"fr_FR","og_type":"article","og_title":"Randonneur sur les pas de Saint-Augustin, Dominique Martinet n'est plus","og_description":"Pr\u00e9sident de l\u2019association Via Augustina, Dominique Martinet n'est plus. D\u00e9c\u00e9d\u00e9 il y a une dizaine de jours en Italie, ses fun\u00e9railles auront lieu jeudi 26 sept...","og_url":"https:\/\/www.webdo.tn\/fr\/actualite\/chroniques\/randonneur-sur-les-pas-de-saint-augustin-dominique-martinet-n-est-plus\/216580\/","og_site_name":"webdo","article_publisher":"https:\/\/www.facebook.com\/webdotn","article_author":"https:\/\/www.facebook.com\/hatem.bourial.2025","article_published_time":"2024-09-25T08:47:00+00:00","article_modified_time":"2025-05-14T09:21:29+00:00","og_image":[{"width":750,"height":400,"url":"https:\/\/www.webdo.tn\/fr\/wp-content\/uploads\/2024\/09\/e53f4f2b8020a0603e8d7ebc8b9676f4.webp","type":"image\/webp"}],"author":"Hatem Bourial","twitter_card":"summary_large_image","twitter_creator":"@webdo_tn","twitter_site":"@webdo_tn","twitter_misc":{"\u00c9crit par":"Hatem Bourial","Dur\u00e9e de lecture estim\u00e9e":"1 minute"},"schema":{"@context":"https:\/\/schema.org","@graph":[{"@type":"NewsArticle","@id":"https:\/\/www.webdo.tn\/fr\/actualite\/chroniques\/randonneur-sur-les-pas-de-saint-augustin-dominique-martinet-n-est-plus\/216580\/#article","isPartOf":{"@id":"https:\/\/www.webdo.tn\/fr\/actualite\/chroniques\/randonneur-sur-les-pas-de-saint-augustin-dominique-martinet-n-est-plus\/216580\/"},"author":{"name":"Hatem Bourial","@id":"https:\/\/www.webdo.tn\/fr\/#\/schema\/person\/6bc0beba2cd23aec27cb5df85ca2554f"},"headline":"Randonneur sur les pas de Saint-Augustin, Dominique Martinet n&rsquo;est plus","datePublished":"2024-09-25T08:47:00+00:00","dateModified":"2025-05-14T09:21:29+00:00","mainEntityOfPage":{"@id":"https:\/\/www.webdo.tn\/fr\/actualite\/chroniques\/randonneur-sur-les-pas-de-saint-augustin-dominique-martinet-n-est-plus\/216580\/"},"wordCount":233,"commentCount":0,"publisher":{"@id":"https:\/\/www.webdo.tn\/fr\/#organization"},"image":{"@id":"https:\/\/www.webdo.tn\/fr\/actualite\/chroniques\/randonneur-sur-les-pas-de-saint-augustin-dominique-martinet-n-est-plus\/216580\/#primaryimage"},"thumbnailUrl":"https:\/\/www.webdo.tn\/fr\/wp-content\/uploads\/2024\/09\/e53f4f2b8020a0603e8d7ebc8b9676f4.webp","keywords":["D\u00e9c\u00e8s","dominique martinet","randonn\u00e9e","sicile","Via Augustina"],"articleSection":["Chroniques"],"inLanguage":"fr-FR"},{"@type":"WebPage","@id":"https:\/\/www.webdo.tn\/fr\/actualite\/chroniques\/randonneur-sur-les-pas-de-saint-augustin-dominique-martinet-n-est-plus\/216580\/","url":"https:\/\/www.webdo.tn\/fr\/actualite\/chroniques\/randonneur-sur-les-pas-de-saint-augustin-dominique-martinet-n-est-plus\/216580\/","name":"Randonneur sur les pas de Saint-Augustin, Dominique Martinet n'est plus","isPartOf":{"@id":"https:\/\/www.webdo.tn\/fr\/#website"},"primaryImageOfPage":{"@id":"https:\/\/www.webdo.tn\/fr\/actualite\/chroniques\/randonneur-sur-les-pas-de-saint-augustin-dominique-martinet-n-est-plus\/216580\/#primaryimage"},"image":{"@id":"https:\/\/www.webdo.tn\/fr\/actualite\/chroniques\/randonneur-sur-les-pas-de-saint-augustin-dominique-martinet-n-est-plus\/216580\/#primaryimage"},"thumbnailUrl":"https:\/\/www.webdo.tn\/fr\/wp-content\/uploads\/2024\/09\/e53f4f2b8020a0603e8d7ebc8b9676f4.webp","datePublished":"2024-09-25T08:47:00+00:00","dateModified":"2025-05-14T09:21:29+00:00","description":"Pr\u00e9sident de l\u2019association Via Augustina, Dominique Martinet n'est plus. D\u00e9c\u00e9d\u00e9 il y a une dizaine de jours en Italie, ses fun\u00e9railles auront lieu jeudi 26 sept...","breadcrumb":{"@id":"https:\/\/www.webdo.tn\/fr\/actualite\/chroniques\/randonneur-sur-les-pas-de-saint-augustin-dominique-martinet-n-est-plus\/216580\/#breadcrumb"},"inLanguage":"fr-FR","potentialAction":[{"@type":"ReadAction","target":["https:\/\/www.webdo.tn\/fr\/actualite\/chroniques\/randonneur-sur-les-pas-de-saint-augustin-dominique-martinet-n-est-plus\/216580\/"]}]},{"@type":"ImageObject","inLanguage":"fr-FR","@id":"https:\/\/www.webdo.tn\/fr\/actualite\/chroniques\/randonneur-sur-les-pas-de-saint-augustin-dominique-martinet-n-est-plus\/216580\/#primaryimage","url":"https:\/\/www.webdo.tn\/fr\/wp-content\/uploads\/2024\/09\/e53f4f2b8020a0603e8d7ebc8b9676f4.webp","contentUrl":"https:\/\/www.webdo.tn\/fr\/wp-content\/uploads\/2024\/09\/e53f4f2b8020a0603e8d7ebc8b9676f4.webp","width":750,"height":400,"caption":"Randonneur sur les pas de Saint-Augustin, Dominique Martinet n'est plus"},{"@type":"BreadcrumbList","@id":"https:\/\/www.webdo.tn\/fr\/actualite\/chroniques\/randonneur-sur-les-pas-de-saint-augustin-dominique-martinet-n-est-plus\/216580\/#breadcrumb","itemListElement":[{"@type":"ListItem","position":1,"name":"Accueil","item":"https:\/\/www.webdo.tn\/fr\/"},{"@type":"ListItem","position":2,"name":"Randonneur sur les pas de Saint-Augustin, Dominique Martinet n&#8217;est plus"}]},{"@type":"WebSite","@id":"https:\/\/www.webdo.tn\/fr\/#website","url":"https:\/\/www.webdo.tn\/fr\/","name":"webdo","description":"Tunisie - News en Tunisie et \u00e0 l&#039;international sur Webdo.tn","publisher":{"@id":"https:\/\/www.webdo.tn\/fr\/#organization"},"potentialAction":[{"@type":"SearchAction","target":{"@type":"EntryPoint","urlTemplate":"https:\/\/www.webdo.tn\/fr\/?s={search_term_string}"},"query-input":{"@type":"PropertyValueSpecification","valueRequired":true,"valueName":"search_term_string"}}],"inLanguage":"fr-FR"},{"@type":"Organization","@id":"https:\/\/www.webdo.tn\/fr\/#organization","name":"Webdo","alternateName":"Webdo.tn","url":"https:\/\/www.webdo.tn\/fr\/","logo":{"@type":"ImageObject","inLanguage":"fr-FR","@id":"https:\/\/www.webdo.tn\/fr\/#\/schema\/logo\/image\/","url":"https:\/\/www.webdo.tn\/fr\/wp-content\/uploads\/2025\/06\/Webdo-Tunisie_168377.jpg","contentUrl":"https:\/\/www.webdo.tn\/fr\/wp-content\/uploads\/2025\/06\/Webdo-Tunisie_168377.jpg","width":301,"height":301,"caption":"Webdo"},"image":{"@id":"https:\/\/www.webdo.tn\/fr\/#\/schema\/logo\/image\/"},"sameAs":["https:\/\/www.facebook.com\/webdotn","https:\/\/x.com\/webdo_tn"],"description":"Webdo est un m\u00e9dia num\u00e9rique tunisien fond\u00e9 en 2010, sp\u00e9cialis\u00e9 dans l\u2019actualit\u00e9 nationale et internationale, l\u2019\u00e9conomie, la soci\u00e9t\u00e9 et les analyses politiques. Le site s\u2019adresse \u00e0 un large public francophone et couvre l\u2019information tunisienne en temps r\u00e9el.","email":"redac@webdo.tn","legalName":"YNJ SARL","foundingDate":"2010-09-06","numberOfEmployees":{"@type":"QuantitativeValue","minValue":"11","maxValue":"50"}},{"@type":"Person","@id":"https:\/\/www.webdo.tn\/fr\/#\/schema\/person\/6bc0beba2cd23aec27cb5df85ca2554f","name":"Hatem Bourial","image":{"@type":"ImageObject","inLanguage":"fr-FR","@id":"https:\/\/www.webdo.tn\/fr\/wp-content\/uploads\/2026\/04\/hatem-bourial_avatar-96x96.jpg","url":"https:\/\/www.webdo.tn\/fr\/wp-content\/uploads\/2026\/04\/hatem-bourial_avatar-96x96.jpg","contentUrl":"https:\/\/www.webdo.tn\/fr\/wp-content\/uploads\/2026\/04\/hatem-bourial_avatar-96x96.jpg","caption":"Hatem Bourial"},"description":"Hatem Bourial est journaliste, \u00e9crivain et chroniqueur tunisien. Actif depuis plusieurs d\u00e9cennies, il s\u2019est impos\u00e9 comme un observateur attentif de la soci\u00e9t\u00e9 tunisienne, m\u00ealant dans ses \u00e9crits m\u00e9moire, culture et analyse du quotidien. Auteur de nombreux ouvrages, il d\u00e9veloppe une \u0153uvre \u00e0 la crois\u00e9e du r\u00e9cit, de la po\u00e9sie et de l\u2019observation sociologique. Parall\u00e8lement \u00e0 ses contributions dans la presse, il intervient r\u00e9guli\u00e8rement \u00e0 la radio et dans des espaces culturels, o\u00f9 il explore les enjeux li\u00e9s au patrimoine, \u00e0 l\u2019identit\u00e9 et aux transformations du monde contemporain. \u00c0 travers ses chroniques, Hatem Bourial propose une lecture sensible et approfondie de l\u2019actualit\u00e9, nourrie par une exp\u00e9rience journalistique et litt\u00e9raire reconnue. \ud83d\udd17 Facebook : https:\/\/www.facebook.com\/hatem.bourial.2025","sameAs":["https:\/\/www.facebook.com\/hatem.bourial.2025","https:\/\/fr.wikipedia.org\/wiki\/Fichier:Hatem_Bourial.jpg"],"knowsAbout":["Culture & patrimoine tunisien","Chronique soci\u00e9tale","Litt\u00e9rature & m\u00e9moire","Cin\u00e9ma & critique culturelle","Identit\u00e9 & mutations sociales"],"knowsLanguage":["Arabe","Fran\u00e7ais","Anglais","Italien","Polonais"],"jobTitle":"Journaliste, \u00e9crivain et chroniqueur culturel","worksFor":"Webdo","url":"https:\/\/www.webdo.tn\/fr\/actualite\/author\/hatem-bourial-2\/"}]}},"_links":{"self":[{"href":"https:\/\/www.webdo.tn\/fr\/wp-json\/wp\/v2\/posts\/216580","targetHints":{"allow":["GET"]}}],"collection":[{"href":"https:\/\/www.webdo.tn\/fr\/wp-json\/wp\/v2\/posts"}],"about":[{"href":"https:\/\/www.webdo.tn\/fr\/wp-json\/wp\/v2\/types\/post"}],"author":[{"embeddable":true,"href":"https:\/\/www.webdo.tn\/fr\/wp-json\/wp\/v2\/users\/3229"}],"replies":[{"embeddable":true,"href":"https:\/\/www.webdo.tn\/fr\/wp-json\/wp\/v2\/comments?post=216580"}],"version-history":[{"count":0,"href":"https:\/\/www.webdo.tn\/fr\/wp-json\/wp\/v2\/posts\/216580\/revisions"}],"wp:featuredmedia":[{"embeddable":true,"href":"https:\/\/www.webdo.tn\/fr\/wp-json\/wp\/v2\/media\/246471"}],"wp:attachment":[{"href":"https:\/\/www.webdo.tn\/fr\/wp-json\/wp\/v2\/media?parent=216580"}],"wp:term":[{"taxonomy":"category","embeddable":true,"href":"https:\/\/www.webdo.tn\/fr\/wp-json\/wp\/v2\/categories?post=216580"},{"taxonomy":"post_tag","embeddable":true,"href":"https:\/\/www.webdo.tn\/fr\/wp-json\/wp\/v2\/tags?post=216580"}],"curies":[{"name":"wp","href":"https:\/\/api.w.org\/{rel}","templated":true}]}}