{"id":216577,"date":"2024-09-24T19:42:00","date_gmt":"2024-09-24T19:42:00","guid":{"rendered":"https:\/\/www.webdo.tn\/fr\/blog\/tunisie-manifestation-contre-l-agression-israelienne-au-liban\/216577\/"},"modified":"2025-05-21T09:03:10","modified_gmt":"2025-05-21T09:03:10","slug":"tunisie-manifestation-contre-l-agression-israelienne-au-liban","status":"publish","type":"post","link":"https:\/\/www.webdo.tn\/fr\/actualite\/national\/tunisie-manifestation-contre-l-agression-israelienne-au-liban\/216577\/","title":{"rendered":"Tunisie : Manifestation contre l&rsquo;agression isra\u00e9lienne au Liban"},"content":{"rendered":"<p>Ce mardi soir, plusieurs centaines de Tunisiens se sont rassembl\u00e9s dans l&rsquo;avenue Habib Bourguiba, au c\u0153ur de Tunis, pour exprimer leur solidarit\u00e9 avec le Liban, frapp\u00e9 par des bombardements isra\u00e9liens depuis deux jours. Selon les rapports, ces attaques ont caus\u00e9 la mort d&rsquo;environ 600 personnes.<\/p>\n<p>\t\t\t\t\t\t\t\t\tLes manifestants ont brandi des pancartes et scand\u00e9 des slogans appelant \u00e0 un cessez-le-feu imm\u00e9diat sur le sud du Liban et sur la capitale, Beyrouth. Ils ont \u00e9galement demand\u00e9 la fin de la guerre \u00e0 Gaza, qui entre dans sa premi\u00e8re ann\u00e9e de conflit.<\/p>\n<p>La marche a rassembl\u00e9 des personnalit\u00e9s du monde associatif et politique, ainsi que des membres de l&rsquo;Union g\u00e9n\u00e9rale tunisienne du travail (UGTT), soulignant le soutien populaire en faveur du Liban et l&rsquo;urgente n\u00e9cessit\u00e9 de mettre un terme aux violences.<\/p>\n","protected":false},"excerpt":{"rendered":"<p>Manifestation \u00e0 Tunis du 24 septembre 2024, o\u00f9 des centaines de Tunisiens ont exprim\u00e9 leur solidarit\u00e9 avec le Liban face aux bombardements isra\u00e9liens, appelant&#8230;<\/p>\n","protected":false},"author":3166,"featured_media":246470,"comment_status":"open","ping_status":"closed","sticky":false,"template":"","format":"standard","meta":{"footnotes":""},"categories":[44],"tags":[5605,3920,2817,2608],"class_list":["post-216577","post","type-post","status-publish","format-standard","has-post-thumbnail","hentry","category-national","tag-cessezlefeu","tag-liban","tag-manifestation","tag-tunisie"],"yoast_head":"<!-- This site is optimized with the Yoast SEO Premium plugin v27.4 (Yoast SEO v27.5) - https:\/\/yoast.com\/product\/yoast-seo-premium-wordpress\/ -->\n<title>Tunisie : Manifestation contre l&#039;agression isra\u00e9lienne au Liban<\/title>\n<meta name=\"description\" content=\"Manifestation \u00e0 Tunis du 24 septembre 2024, o\u00f9 des centaines de Tunisiens ont exprim\u00e9 leur solidarit\u00e9 avec le Liban face aux bombardements isra\u00e9liens, appelant...\" \/>\n<link rel=\"canonical\" href=\"https:\/\/www.webdo.tn\/fr\/actualite\/national\/tunisie-manifestation-contre-l-agression-israelienne-au-liban\/216577\/\" \/>\n<meta property=\"og:locale\" content=\"fr_FR\" \/>\n<meta property=\"og:type\" content=\"article\" \/>\n<meta property=\"og:title\" content=\"Tunisie : Manifestation contre l&#039;agression isra\u00e9lienne au Liban\" \/>\n<meta property=\"og:description\" content=\"Manifestation \u00e0 Tunis du 24 septembre 2024, o\u00f9 des centaines de Tunisiens ont exprim\u00e9 leur solidarit\u00e9 avec le Liban face aux bombardements isra\u00e9liens, appelant...\" \/>\n<meta property=\"og:url\" content=\"https:\/\/www.webdo.tn\/fr\/actualite\/national\/tunisie-manifestation-contre-l-agression-israelienne-au-liban\/216577\/\" \/>\n<meta property=\"og:site_name\" content=\"webdo\" \/>\n<meta property=\"article:publisher\" content=\"https:\/\/www.facebook.com\/webdotn\" \/>\n<meta property=\"article:published_time\" content=\"2024-09-24T19:42:00+00:00\" \/>\n<meta property=\"article:modified_time\" content=\"2025-05-21T09:03:10+00:00\" \/>\n<meta property=\"og:image\" content=\"https:\/\/www.webdo.tn\/fr\/wp-content\/uploads\/2024\/09\/740c7d44090ead1f3c50540b5cf95aa8.webp\" \/>\n\t<meta property=\"og:image:width\" content=\"750\" \/>\n\t<meta property=\"og:image:height\" content=\"400\" \/>\n\t<meta property=\"og:image:type\" content=\"image\/webp\" \/>\n<meta name=\"author\" content=\"AZ\" \/>\n<meta name=\"twitter:card\" content=\"summary_large_image\" \/>\n<meta name=\"twitter:creator\" content=\"@webdo_tn\" \/>\n<meta name=\"twitter:site\" content=\"@webdo_tn\" \/>\n<meta name=\"twitter:label1\" content=\"\u00c9crit par\" \/>\n\t<meta name=\"twitter:data1\" content=\"AZ\" \/>\n\t<meta name=\"twitter:label2\" content=\"Dur\u00e9e de lecture estim\u00e9e\" \/>\n\t<meta name=\"twitter:data2\" content=\"1 minute\" \/>\n<script type=\"application\/ld+json\" class=\"yoast-schema-graph\">{\"@context\":\"https:\\\/\\\/schema.org\",\"@graph\":[{\"@type\":\"NewsArticle\",\"@id\":\"https:\\\/\\\/www.webdo.tn\\\/fr\\\/actualite\\\/national\\\/tunisie-manifestation-contre-l-agression-israelienne-au-liban\\\/216577\\\/#article\",\"isPartOf\":{\"@id\":\"https:\\\/\\\/www.webdo.tn\\\/fr\\\/actualite\\\/national\\\/tunisie-manifestation-contre-l-agression-israelienne-au-liban\\\/216577\\\/\"},\"author\":{\"name\":\"AZ\",\"@id\":\"https:\\\/\\\/www.webdo.tn\\\/fr\\\/#\\\/schema\\\/person\\\/b8a41c04d93287d375510db360906b34\"},\"headline\":\"Tunisie : Manifestation contre l&rsquo;agression isra\u00e9lienne au Liban\",\"datePublished\":\"2024-09-24T19:42:00+00:00\",\"dateModified\":\"2025-05-21T09:03:10+00:00\",\"mainEntityOfPage\":{\"@id\":\"https:\\\/\\\/www.webdo.tn\\\/fr\\\/actualite\\\/national\\\/tunisie-manifestation-contre-l-agression-israelienne-au-liban\\\/216577\\\/\"},\"wordCount\":148,\"commentCount\":0,\"publisher\":{\"@id\":\"https:\\\/\\\/www.webdo.tn\\\/fr\\\/#organization\"},\"image\":{\"@id\":\"https:\\\/\\\/www.webdo.tn\\\/fr\\\/actualite\\\/national\\\/tunisie-manifestation-contre-l-agression-israelienne-au-liban\\\/216577\\\/#primaryimage\"},\"thumbnailUrl\":\"https:\\\/\\\/www.webdo.tn\\\/fr\\\/wp-content\\\/uploads\\\/2024\\\/09\\\/740c7d44090ead1f3c50540b5cf95aa8.webp\",\"keywords\":[\"CessezLeFeu\",\"liban\",\"Manifestation\",\"Tunisie\"],\"articleSection\":[\"National\"],\"inLanguage\":\"fr-FR\"},{\"@type\":\"WebPage\",\"@id\":\"https:\\\/\\\/www.webdo.tn\\\/fr\\\/actualite\\\/national\\\/tunisie-manifestation-contre-l-agression-israelienne-au-liban\\\/216577\\\/\",\"url\":\"https:\\\/\\\/www.webdo.tn\\\/fr\\\/actualite\\\/national\\\/tunisie-manifestation-contre-l-agression-israelienne-au-liban\\\/216577\\\/\",\"name\":\"Tunisie : Manifestation contre l'agression isra\u00e9lienne au Liban\",\"isPartOf\":{\"@id\":\"https:\\\/\\\/www.webdo.tn\\\/fr\\\/#website\"},\"primaryImageOfPage\":{\"@id\":\"https:\\\/\\\/www.webdo.tn\\\/fr\\\/actualite\\\/national\\\/tunisie-manifestation-contre-l-agression-israelienne-au-liban\\\/216577\\\/#primaryimage\"},\"image\":{\"@id\":\"https:\\\/\\\/www.webdo.tn\\\/fr\\\/actualite\\\/national\\\/tunisie-manifestation-contre-l-agression-israelienne-au-liban\\\/216577\\\/#primaryimage\"},\"thumbnailUrl\":\"https:\\\/\\\/www.webdo.tn\\\/fr\\\/wp-content\\\/uploads\\\/2024\\\/09\\\/740c7d44090ead1f3c50540b5cf95aa8.webp\",\"datePublished\":\"2024-09-24T19:42:00+00:00\",\"dateModified\":\"2025-05-21T09:03:10+00:00\",\"description\":\"Manifestation \u00e0 Tunis du 24 septembre 2024, o\u00f9 des centaines de Tunisiens ont exprim\u00e9 leur solidarit\u00e9 avec le Liban face aux bombardements isra\u00e9liens, appelant...\",\"breadcrumb\":{\"@id\":\"https:\\\/\\\/www.webdo.tn\\\/fr\\\/actualite\\\/national\\\/tunisie-manifestation-contre-l-agression-israelienne-au-liban\\\/216577\\\/#breadcrumb\"},\"inLanguage\":\"fr-FR\",\"potentialAction\":[{\"@type\":\"ReadAction\",\"target\":[\"https:\\\/\\\/www.webdo.tn\\\/fr\\\/actualite\\\/national\\\/tunisie-manifestation-contre-l-agression-israelienne-au-liban\\\/216577\\\/\"]}]},{\"@type\":\"ImageObject\",\"inLanguage\":\"fr-FR\",\"@id\":\"https:\\\/\\\/www.webdo.tn\\\/fr\\\/actualite\\\/national\\\/tunisie-manifestation-contre-l-agression-israelienne-au-liban\\\/216577\\\/#primaryimage\",\"url\":\"https:\\\/\\\/www.webdo.tn\\\/fr\\\/wp-content\\\/uploads\\\/2024\\\/09\\\/740c7d44090ead1f3c50540b5cf95aa8.webp\",\"contentUrl\":\"https:\\\/\\\/www.webdo.tn\\\/fr\\\/wp-content\\\/uploads\\\/2024\\\/09\\\/740c7d44090ead1f3c50540b5cf95aa8.webp\",\"width\":750,\"height\":400,\"caption\":\"Tunisie : Manifestation contre l'agression isra\u00e9lienne au Liban\"},{\"@type\":\"BreadcrumbList\",\"@id\":\"https:\\\/\\\/www.webdo.tn\\\/fr\\\/actualite\\\/national\\\/tunisie-manifestation-contre-l-agression-israelienne-au-liban\\\/216577\\\/#breadcrumb\",\"itemListElement\":[{\"@type\":\"ListItem\",\"position\":1,\"name\":\"Accueil\",\"item\":\"https:\\\/\\\/www.webdo.tn\\\/fr\\\/\"},{\"@type\":\"ListItem\",\"position\":2,\"name\":\"Tunisie : Manifestation contre l&#8217;agression isra\u00e9lienne au Liban\"}]},{\"@type\":\"WebSite\",\"@id\":\"https:\\\/\\\/www.webdo.tn\\\/fr\\\/#website\",\"url\":\"https:\\\/\\\/www.webdo.tn\\\/fr\\\/\",\"name\":\"webdo\",\"description\":\"Tunisie - News en Tunisie et \u00e0 l&#039;international sur Webdo.tn\",\"publisher\":{\"@id\":\"https:\\\/\\\/www.webdo.tn\\\/fr\\\/#organization\"},\"potentialAction\":[{\"@type\":\"SearchAction\",\"target\":{\"@type\":\"EntryPoint\",\"urlTemplate\":\"https:\\\/\\\/www.webdo.tn\\\/fr\\\/?s={search_term_string}\"},\"query-input\":{\"@type\":\"PropertyValueSpecification\",\"valueRequired\":true,\"valueName\":\"search_term_string\"}}],\"inLanguage\":\"fr-FR\"},{\"@type\":\"Organization\",\"@id\":\"https:\\\/\\\/www.webdo.tn\\\/fr\\\/#organization\",\"name\":\"Webdo\",\"alternateName\":\"Webdo.tn\",\"url\":\"https:\\\/\\\/www.webdo.tn\\\/fr\\\/\",\"logo\":{\"@type\":\"ImageObject\",\"inLanguage\":\"fr-FR\",\"@id\":\"https:\\\/\\\/www.webdo.tn\\\/fr\\\/#\\\/schema\\\/logo\\\/image\\\/\",\"url\":\"https:\\\/\\\/www.webdo.tn\\\/fr\\\/wp-content\\\/uploads\\\/2025\\\/06\\\/Webdo-Tunisie_168377.jpg\",\"contentUrl\":\"https:\\\/\\\/www.webdo.tn\\\/fr\\\/wp-content\\\/uploads\\\/2025\\\/06\\\/Webdo-Tunisie_168377.jpg\",\"width\":301,\"height\":301,\"caption\":\"Webdo\"},\"image\":{\"@id\":\"https:\\\/\\\/www.webdo.tn\\\/fr\\\/#\\\/schema\\\/logo\\\/image\\\/\"},\"sameAs\":[\"https:\\\/\\\/www.facebook.com\\\/webdotn\",\"https:\\\/\\\/x.com\\\/webdo_tn\"],\"description\":\"Webdo est un m\u00e9dia num\u00e9rique tunisien fond\u00e9 en 2010, sp\u00e9cialis\u00e9 dans l\u2019actualit\u00e9 nationale et internationale, l\u2019\u00e9conomie, la soci\u00e9t\u00e9 et les analyses politiques. Le site s\u2019adresse \u00e0 un large public francophone et couvre l\u2019information tunisienne en temps r\u00e9el.\",\"email\":\"redac@webdo.tn\",\"legalName\":\"YNJ SARL\",\"foundingDate\":\"2010-09-06\",\"numberOfEmployees\":{\"@type\":\"QuantitativeValue\",\"minValue\":\"11\",\"maxValue\":\"50\"}},{\"@type\":\"Person\",\"@id\":\"https:\\\/\\\/www.webdo.tn\\\/fr\\\/#\\\/schema\\\/person\\\/b8a41c04d93287d375510db360906b34\",\"name\":\"AZ\",\"image\":{\"@type\":\"ImageObject\",\"inLanguage\":\"fr-FR\",\"@id\":\"https:\\\/\\\/secure.gravatar.com\\\/avatar\\\/492b80bada79439de4201dce15cd41eece6c277cfdf1b53382073c79105c1f89?s=96&d=mm&r=g\",\"url\":\"https:\\\/\\\/secure.gravatar.com\\\/avatar\\\/492b80bada79439de4201dce15cd41eece6c277cfdf1b53382073c79105c1f89?s=96&d=mm&r=g\",\"contentUrl\":\"https:\\\/\\\/secure.gravatar.com\\\/avatar\\\/492b80bada79439de4201dce15cd41eece6c277cfdf1b53382073c79105c1f89?s=96&d=mm&r=g\",\"caption\":\"AZ\"},\"url\":\"https:\\\/\\\/www.webdo.tn\\\/fr\\\/actualite\\\/author\\\/az\\\/\"}]}<\/script>\n<!-- \/ Yoast SEO Premium plugin. -->","yoast_head_json":{"title":"Tunisie : Manifestation contre l'agression isra\u00e9lienne au Liban","description":"Manifestation \u00e0 Tunis du 24 septembre 2024, o\u00f9 des centaines de Tunisiens ont exprim\u00e9 leur solidarit\u00e9 avec le Liban face aux bombardements isra\u00e9liens, appelant...","canonical":"https:\/\/www.webdo.tn\/fr\/actualite\/national\/tunisie-manifestation-contre-l-agression-israelienne-au-liban\/216577\/","og_locale":"fr_FR","og_type":"article","og_title":"Tunisie : Manifestation contre l'agression isra\u00e9lienne au Liban","og_description":"Manifestation \u00e0 Tunis du 24 septembre 2024, o\u00f9 des centaines de Tunisiens ont exprim\u00e9 leur solidarit\u00e9 avec le Liban face aux bombardements isra\u00e9liens, appelant...","og_url":"https:\/\/www.webdo.tn\/fr\/actualite\/national\/tunisie-manifestation-contre-l-agression-israelienne-au-liban\/216577\/","og_site_name":"webdo","article_publisher":"https:\/\/www.facebook.com\/webdotn","article_published_time":"2024-09-24T19:42:00+00:00","article_modified_time":"2025-05-21T09:03:10+00:00","og_image":[{"width":750,"height":400,"url":"https:\/\/www.webdo.tn\/fr\/wp-content\/uploads\/2024\/09\/740c7d44090ead1f3c50540b5cf95aa8.webp","type":"image\/webp"}],"author":"AZ","twitter_card":"summary_large_image","twitter_creator":"@webdo_tn","twitter_site":"@webdo_tn","twitter_misc":{"\u00c9crit par":"AZ","Dur\u00e9e de lecture estim\u00e9e":"1 minute"},"schema":{"@context":"https:\/\/schema.org","@graph":[{"@type":"NewsArticle","@id":"https:\/\/www.webdo.tn\/fr\/actualite\/national\/tunisie-manifestation-contre-l-agression-israelienne-au-liban\/216577\/#article","isPartOf":{"@id":"https:\/\/www.webdo.tn\/fr\/actualite\/national\/tunisie-manifestation-contre-l-agression-israelienne-au-liban\/216577\/"},"author":{"name":"AZ","@id":"https:\/\/www.webdo.tn\/fr\/#\/schema\/person\/b8a41c04d93287d375510db360906b34"},"headline":"Tunisie : Manifestation contre l&rsquo;agression isra\u00e9lienne au Liban","datePublished":"2024-09-24T19:42:00+00:00","dateModified":"2025-05-21T09:03:10+00:00","mainEntityOfPage":{"@id":"https:\/\/www.webdo.tn\/fr\/actualite\/national\/tunisie-manifestation-contre-l-agression-israelienne-au-liban\/216577\/"},"wordCount":148,"commentCount":0,"publisher":{"@id":"https:\/\/www.webdo.tn\/fr\/#organization"},"image":{"@id":"https:\/\/www.webdo.tn\/fr\/actualite\/national\/tunisie-manifestation-contre-l-agression-israelienne-au-liban\/216577\/#primaryimage"},"thumbnailUrl":"https:\/\/www.webdo.tn\/fr\/wp-content\/uploads\/2024\/09\/740c7d44090ead1f3c50540b5cf95aa8.webp","keywords":["CessezLeFeu","liban","Manifestation","Tunisie"],"articleSection":["National"],"inLanguage":"fr-FR"},{"@type":"WebPage","@id":"https:\/\/www.webdo.tn\/fr\/actualite\/national\/tunisie-manifestation-contre-l-agression-israelienne-au-liban\/216577\/","url":"https:\/\/www.webdo.tn\/fr\/actualite\/national\/tunisie-manifestation-contre-l-agression-israelienne-au-liban\/216577\/","name":"Tunisie : Manifestation contre l'agression isra\u00e9lienne au Liban","isPartOf":{"@id":"https:\/\/www.webdo.tn\/fr\/#website"},"primaryImageOfPage":{"@id":"https:\/\/www.webdo.tn\/fr\/actualite\/national\/tunisie-manifestation-contre-l-agression-israelienne-au-liban\/216577\/#primaryimage"},"image":{"@id":"https:\/\/www.webdo.tn\/fr\/actualite\/national\/tunisie-manifestation-contre-l-agression-israelienne-au-liban\/216577\/#primaryimage"},"thumbnailUrl":"https:\/\/www.webdo.tn\/fr\/wp-content\/uploads\/2024\/09\/740c7d44090ead1f3c50540b5cf95aa8.webp","datePublished":"2024-09-24T19:42:00+00:00","dateModified":"2025-05-21T09:03:10+00:00","description":"Manifestation \u00e0 Tunis du 24 septembre 2024, o\u00f9 des centaines de Tunisiens ont exprim\u00e9 leur solidarit\u00e9 avec le Liban face aux bombardements isra\u00e9liens, appelant...","breadcrumb":{"@id":"https:\/\/www.webdo.tn\/fr\/actualite\/national\/tunisie-manifestation-contre-l-agression-israelienne-au-liban\/216577\/#breadcrumb"},"inLanguage":"fr-FR","potentialAction":[{"@type":"ReadAction","target":["https:\/\/www.webdo.tn\/fr\/actualite\/national\/tunisie-manifestation-contre-l-agression-israelienne-au-liban\/216577\/"]}]},{"@type":"ImageObject","inLanguage":"fr-FR","@id":"https:\/\/www.webdo.tn\/fr\/actualite\/national\/tunisie-manifestation-contre-l-agression-israelienne-au-liban\/216577\/#primaryimage","url":"https:\/\/www.webdo.tn\/fr\/wp-content\/uploads\/2024\/09\/740c7d44090ead1f3c50540b5cf95aa8.webp","contentUrl":"https:\/\/www.webdo.tn\/fr\/wp-content\/uploads\/2024\/09\/740c7d44090ead1f3c50540b5cf95aa8.webp","width":750,"height":400,"caption":"Tunisie : Manifestation contre l'agression isra\u00e9lienne au Liban"},{"@type":"BreadcrumbList","@id":"https:\/\/www.webdo.tn\/fr\/actualite\/national\/tunisie-manifestation-contre-l-agression-israelienne-au-liban\/216577\/#breadcrumb","itemListElement":[{"@type":"ListItem","position":1,"name":"Accueil","item":"https:\/\/www.webdo.tn\/fr\/"},{"@type":"ListItem","position":2,"name":"Tunisie : Manifestation contre l&#8217;agression isra\u00e9lienne au Liban"}]},{"@type":"WebSite","@id":"https:\/\/www.webdo.tn\/fr\/#website","url":"https:\/\/www.webdo.tn\/fr\/","name":"webdo","description":"Tunisie - News en Tunisie et \u00e0 l&#039;international sur Webdo.tn","publisher":{"@id":"https:\/\/www.webdo.tn\/fr\/#organization"},"potentialAction":[{"@type":"SearchAction","target":{"@type":"EntryPoint","urlTemplate":"https:\/\/www.webdo.tn\/fr\/?s={search_term_string}"},"query-input":{"@type":"PropertyValueSpecification","valueRequired":true,"valueName":"search_term_string"}}],"inLanguage":"fr-FR"},{"@type":"Organization","@id":"https:\/\/www.webdo.tn\/fr\/#organization","name":"Webdo","alternateName":"Webdo.tn","url":"https:\/\/www.webdo.tn\/fr\/","logo":{"@type":"ImageObject","inLanguage":"fr-FR","@id":"https:\/\/www.webdo.tn\/fr\/#\/schema\/logo\/image\/","url":"https:\/\/www.webdo.tn\/fr\/wp-content\/uploads\/2025\/06\/Webdo-Tunisie_168377.jpg","contentUrl":"https:\/\/www.webdo.tn\/fr\/wp-content\/uploads\/2025\/06\/Webdo-Tunisie_168377.jpg","width":301,"height":301,"caption":"Webdo"},"image":{"@id":"https:\/\/www.webdo.tn\/fr\/#\/schema\/logo\/image\/"},"sameAs":["https:\/\/www.facebook.com\/webdotn","https:\/\/x.com\/webdo_tn"],"description":"Webdo est un m\u00e9dia num\u00e9rique tunisien fond\u00e9 en 2010, sp\u00e9cialis\u00e9 dans l\u2019actualit\u00e9 nationale et internationale, l\u2019\u00e9conomie, la soci\u00e9t\u00e9 et les analyses politiques. Le site s\u2019adresse \u00e0 un large public francophone et couvre l\u2019information tunisienne en temps r\u00e9el.","email":"redac@webdo.tn","legalName":"YNJ SARL","foundingDate":"2010-09-06","numberOfEmployees":{"@type":"QuantitativeValue","minValue":"11","maxValue":"50"}},{"@type":"Person","@id":"https:\/\/www.webdo.tn\/fr\/#\/schema\/person\/b8a41c04d93287d375510db360906b34","name":"AZ","image":{"@type":"ImageObject","inLanguage":"fr-FR","@id":"https:\/\/secure.gravatar.com\/avatar\/492b80bada79439de4201dce15cd41eece6c277cfdf1b53382073c79105c1f89?s=96&d=mm&r=g","url":"https:\/\/secure.gravatar.com\/avatar\/492b80bada79439de4201dce15cd41eece6c277cfdf1b53382073c79105c1f89?s=96&d=mm&r=g","contentUrl":"https:\/\/secure.gravatar.com\/avatar\/492b80bada79439de4201dce15cd41eece6c277cfdf1b53382073c79105c1f89?s=96&d=mm&r=g","caption":"AZ"},"url":"https:\/\/www.webdo.tn\/fr\/actualite\/author\/az\/"}]}},"_links":{"self":[{"href":"https:\/\/www.webdo.tn\/fr\/wp-json\/wp\/v2\/posts\/216577","targetHints":{"allow":["GET"]}}],"collection":[{"href":"https:\/\/www.webdo.tn\/fr\/wp-json\/wp\/v2\/posts"}],"about":[{"href":"https:\/\/www.webdo.tn\/fr\/wp-json\/wp\/v2\/types\/post"}],"author":[{"embeddable":true,"href":"https:\/\/www.webdo.tn\/fr\/wp-json\/wp\/v2\/users\/3166"}],"replies":[{"embeddable":true,"href":"https:\/\/www.webdo.tn\/fr\/wp-json\/wp\/v2\/comments?post=216577"}],"version-history":[{"count":0,"href":"https:\/\/www.webdo.tn\/fr\/wp-json\/wp\/v2\/posts\/216577\/revisions"}],"wp:featuredmedia":[{"embeddable":true,"href":"https:\/\/www.webdo.tn\/fr\/wp-json\/wp\/v2\/media\/246470"}],"wp:attachment":[{"href":"https:\/\/www.webdo.tn\/fr\/wp-json\/wp\/v2\/media?parent=216577"}],"wp:term":[{"taxonomy":"category","embeddable":true,"href":"https:\/\/www.webdo.tn\/fr\/wp-json\/wp\/v2\/categories?post=216577"},{"taxonomy":"post_tag","embeddable":true,"href":"https:\/\/www.webdo.tn\/fr\/wp-json\/wp\/v2\/tags?post=216577"}],"curies":[{"name":"wp","href":"https:\/\/api.w.org\/{rel}","templated":true}]}}