{"id":216575,"date":"2024-09-24T19:05:00","date_gmt":"2024-09-24T19:05:00","guid":{"rendered":"https:\/\/www.webdo.tn\/fr\/blog\/inauguration-du-forum-mediterraneen-sur-la-decarbonation-a-tunis\/216575\/"},"modified":"2025-05-21T09:03:09","modified_gmt":"2025-05-21T09:03:09","slug":"inauguration-du-forum-mediterraneen-sur-la-decarbonation-a-tunis","status":"publish","type":"post","link":"https:\/\/www.webdo.tn\/fr\/actualite\/national\/inauguration-du-forum-mediterraneen-sur-la-decarbonation-a-tunis\/216575\/","title":{"rendered":"Inauguration du forum m\u00e9diterran\u00e9en sur la d\u00e9carbonation \u00e0 Tunis"},"content":{"rendered":"<p>Ce mardi, le Chef du Gouvernement, Kamel Maddouri, a inaugur\u00e9 le premier Forum M\u00e9diterran\u00e9en sur la D\u00e9carbonation \u00e0 Tunis qui se d\u00e9roule les 24 et 25 septembre 2024<\/p>\n<p>\t\t\t\t\t\t\t\t\tOrganis\u00e9 par l\u2019Agence Nationale de la Ma\u00eetrise de l\u2019\u00c9nergie, ce forum se tient sous le th\u00e8me \u00ab\u00a0Vers un M\u00e9diterran\u00e9e neutre en carbone\u00a0\u00bb.<\/p>\n<p>Maddouri a soulign\u00e9 l&rsquo;importance de ce forum pour renforcer la coop\u00e9ration entre les pays de la r\u00e9gion face aux d\u00e9fis environnementaux. Il a \u00e9voqu\u00e9 l&rsquo;utilisation excessive des ressources naturelles et les changements climatiques, appelant \u00e0 des actions responsables pour les g\u00e9n\u00e9rations futures.<\/p>\n<p>Le Chef du Gouvernement a \u00e9galement insist\u00e9 sur la n\u00e9cessit\u00e9 d&rsquo;adopter des politiques \u00e9nerg\u00e9tiques qui r\u00e9duisent les \u00e9missions de carbone, repr\u00e9sentant 73 % des gaz du secteur \u00e9nerg\u00e9tique. Il a propos\u00e9 de d\u00e9velopper des programmes pratiques en mati\u00e8re de d\u00e9carbonation et d\u2019encourager les investissements dans les \u00e9nergies alternatives.<\/p>\n<p>Enfin, Maddouri a eu l&rsquo;occasion de d\u00e9couvrir diverses initiatives d&rsquo;entrepreneurs dans les domaines de la d\u00e9carbonation et des \u00e9nergies renouvelables, pr\u00e9sent\u00e9es dans un espace d\u00e9di\u00e9 au forum. Il a encourag\u00e9 un int\u00e9r\u00eat accru pour ces secteurs prometteurs et a appel\u00e9 \u00e0 la cr\u00e9ation d&rsquo;entreprises innovantes dans le domaine de la transition \u00e9nerg\u00e9tique.<\/p>\n","protected":false},"excerpt":{"rendered":"<p>Inauguration du premier Forum M\u00e9diterran\u00e9en sur la D\u00e9carbonation \u00e0 Tunis par Kamel Maddouri. L&rsquo;\u00e9v\u00e9nement vise \u00e0 promouvoir la coop\u00e9ration r\u00e9gionale pour atteind&#8230;<\/p>\n","protected":false},"author":3166,"featured_media":246469,"comment_status":"open","ping_status":"closed","sticky":false,"template":"","format":"standard","meta":{"footnotes":""},"categories":[44],"tags":[4743,3653,2608],"class_list":["post-216575","post","type-post","status-publish","format-standard","has-post-thumbnail","hentry","category-national","tag-decarbonisation","tag-forum","tag-tunisie"],"yoast_head":"<!-- This site is optimized with the Yoast SEO Premium plugin v27.5 (Yoast SEO v27.5) - https:\/\/yoast.com\/product\/yoast-seo-premium-wordpress\/ -->\n<title>Inauguration du forum m\u00e9diterran\u00e9en sur la d\u00e9carbonation \u00e0 Tunis<\/title>\n<meta name=\"description\" content=\"Inauguration du premier Forum M\u00e9diterran\u00e9en sur la D\u00e9carbonation \u00e0 Tunis par Kamel Maddouri. L&#039;\u00e9v\u00e9nement vise \u00e0 promouvoir la coop\u00e9ration r\u00e9gionale pour atteind...\" \/>\n<link rel=\"canonical\" href=\"https:\/\/www.webdo.tn\/fr\/actualite\/national\/inauguration-du-forum-mediterraneen-sur-la-decarbonation-a-tunis\/216575\/\" \/>\n<meta property=\"og:locale\" content=\"fr_FR\" \/>\n<meta property=\"og:type\" content=\"article\" \/>\n<meta property=\"og:title\" content=\"Inauguration du forum m\u00e9diterran\u00e9en sur la d\u00e9carbonation \u00e0 Tunis\" \/>\n<meta property=\"og:description\" content=\"Inauguration du premier Forum M\u00e9diterran\u00e9en sur la D\u00e9carbonation \u00e0 Tunis par Kamel Maddouri. L&#039;\u00e9v\u00e9nement vise \u00e0 promouvoir la coop\u00e9ration r\u00e9gionale pour atteind...\" \/>\n<meta property=\"og:url\" content=\"https:\/\/www.webdo.tn\/fr\/actualite\/national\/inauguration-du-forum-mediterraneen-sur-la-decarbonation-a-tunis\/216575\/\" \/>\n<meta property=\"og:site_name\" content=\"webdo\" \/>\n<meta property=\"article:publisher\" content=\"https:\/\/www.facebook.com\/webdotn\" \/>\n<meta property=\"article:published_time\" content=\"2024-09-24T19:05:00+00:00\" \/>\n<meta property=\"article:modified_time\" content=\"2025-05-21T09:03:09+00:00\" \/>\n<meta property=\"og:image\" content=\"https:\/\/www.webdo.tn\/fr\/wp-content\/uploads\/2024\/09\/c9d5476485bba7a60e8e7648d6e21301.webp\" \/>\n\t<meta property=\"og:image:width\" content=\"750\" \/>\n\t<meta property=\"og:image:height\" content=\"400\" \/>\n\t<meta property=\"og:image:type\" content=\"image\/webp\" \/>\n<meta name=\"author\" content=\"AZ\" \/>\n<meta name=\"twitter:card\" content=\"summary_large_image\" \/>\n<meta name=\"twitter:creator\" content=\"@webdo_tn\" \/>\n<meta name=\"twitter:site\" content=\"@webdo_tn\" \/>\n<meta name=\"twitter:label1\" content=\"\u00c9crit par\" \/>\n\t<meta name=\"twitter:data1\" content=\"AZ\" \/>\n\t<meta name=\"twitter:label2\" content=\"Dur\u00e9e de lecture estim\u00e9e\" \/>\n\t<meta name=\"twitter:data2\" content=\"1 minute\" \/>\n<script type=\"application\/ld+json\" class=\"yoast-schema-graph\">{\"@context\":\"https:\\\/\\\/schema.org\",\"@graph\":[{\"@type\":\"NewsArticle\",\"@id\":\"https:\\\/\\\/www.webdo.tn\\\/fr\\\/actualite\\\/national\\\/inauguration-du-forum-mediterraneen-sur-la-decarbonation-a-tunis\\\/216575\\\/#article\",\"isPartOf\":{\"@id\":\"https:\\\/\\\/www.webdo.tn\\\/fr\\\/actualite\\\/national\\\/inauguration-du-forum-mediterraneen-sur-la-decarbonation-a-tunis\\\/216575\\\/\"},\"author\":{\"name\":\"AZ\",\"@id\":\"https:\\\/\\\/www.webdo.tn\\\/fr\\\/#\\\/schema\\\/person\\\/b8a41c04d93287d375510db360906b34\"},\"headline\":\"Inauguration du forum m\u00e9diterran\u00e9en sur la d\u00e9carbonation \u00e0 Tunis\",\"datePublished\":\"2024-09-24T19:05:00+00:00\",\"dateModified\":\"2025-05-21T09:03:09+00:00\",\"mainEntityOfPage\":{\"@id\":\"https:\\\/\\\/www.webdo.tn\\\/fr\\\/actualite\\\/national\\\/inauguration-du-forum-mediterraneen-sur-la-decarbonation-a-tunis\\\/216575\\\/\"},\"wordCount\":234,\"commentCount\":0,\"publisher\":{\"@id\":\"https:\\\/\\\/www.webdo.tn\\\/fr\\\/#organization\"},\"image\":{\"@id\":\"https:\\\/\\\/www.webdo.tn\\\/fr\\\/actualite\\\/national\\\/inauguration-du-forum-mediterraneen-sur-la-decarbonation-a-tunis\\\/216575\\\/#primaryimage\"},\"thumbnailUrl\":\"https:\\\/\\\/www.webdo.tn\\\/fr\\\/wp-content\\\/uploads\\\/2024\\\/09\\\/c9d5476485bba7a60e8e7648d6e21301.webp\",\"keywords\":[\"D\u00e9carbonisation\",\"forum\",\"Tunisie\"],\"articleSection\":[\"National\"],\"inLanguage\":\"fr-FR\"},{\"@type\":\"WebPage\",\"@id\":\"https:\\\/\\\/www.webdo.tn\\\/fr\\\/actualite\\\/national\\\/inauguration-du-forum-mediterraneen-sur-la-decarbonation-a-tunis\\\/216575\\\/\",\"url\":\"https:\\\/\\\/www.webdo.tn\\\/fr\\\/actualite\\\/national\\\/inauguration-du-forum-mediterraneen-sur-la-decarbonation-a-tunis\\\/216575\\\/\",\"name\":\"Inauguration du forum m\u00e9diterran\u00e9en sur la d\u00e9carbonation \u00e0 Tunis\",\"isPartOf\":{\"@id\":\"https:\\\/\\\/www.webdo.tn\\\/fr\\\/#website\"},\"primaryImageOfPage\":{\"@id\":\"https:\\\/\\\/www.webdo.tn\\\/fr\\\/actualite\\\/national\\\/inauguration-du-forum-mediterraneen-sur-la-decarbonation-a-tunis\\\/216575\\\/#primaryimage\"},\"image\":{\"@id\":\"https:\\\/\\\/www.webdo.tn\\\/fr\\\/actualite\\\/national\\\/inauguration-du-forum-mediterraneen-sur-la-decarbonation-a-tunis\\\/216575\\\/#primaryimage\"},\"thumbnailUrl\":\"https:\\\/\\\/www.webdo.tn\\\/fr\\\/wp-content\\\/uploads\\\/2024\\\/09\\\/c9d5476485bba7a60e8e7648d6e21301.webp\",\"datePublished\":\"2024-09-24T19:05:00+00:00\",\"dateModified\":\"2025-05-21T09:03:09+00:00\",\"description\":\"Inauguration du premier Forum M\u00e9diterran\u00e9en sur la D\u00e9carbonation \u00e0 Tunis par Kamel Maddouri. L'\u00e9v\u00e9nement vise \u00e0 promouvoir la coop\u00e9ration r\u00e9gionale pour atteind...\",\"breadcrumb\":{\"@id\":\"https:\\\/\\\/www.webdo.tn\\\/fr\\\/actualite\\\/national\\\/inauguration-du-forum-mediterraneen-sur-la-decarbonation-a-tunis\\\/216575\\\/#breadcrumb\"},\"inLanguage\":\"fr-FR\",\"potentialAction\":[{\"@type\":\"ReadAction\",\"target\":[\"https:\\\/\\\/www.webdo.tn\\\/fr\\\/actualite\\\/national\\\/inauguration-du-forum-mediterraneen-sur-la-decarbonation-a-tunis\\\/216575\\\/\"]}]},{\"@type\":\"ImageObject\",\"inLanguage\":\"fr-FR\",\"@id\":\"https:\\\/\\\/www.webdo.tn\\\/fr\\\/actualite\\\/national\\\/inauguration-du-forum-mediterraneen-sur-la-decarbonation-a-tunis\\\/216575\\\/#primaryimage\",\"url\":\"https:\\\/\\\/www.webdo.tn\\\/fr\\\/wp-content\\\/uploads\\\/2024\\\/09\\\/c9d5476485bba7a60e8e7648d6e21301.webp\",\"contentUrl\":\"https:\\\/\\\/www.webdo.tn\\\/fr\\\/wp-content\\\/uploads\\\/2024\\\/09\\\/c9d5476485bba7a60e8e7648d6e21301.webp\",\"width\":750,\"height\":400,\"caption\":\"Inauguration du forum m\u00e9diterran\u00e9en sur la d\u00e9carbonation \u00e0 Tunis\"},{\"@type\":\"BreadcrumbList\",\"@id\":\"https:\\\/\\\/www.webdo.tn\\\/fr\\\/actualite\\\/national\\\/inauguration-du-forum-mediterraneen-sur-la-decarbonation-a-tunis\\\/216575\\\/#breadcrumb\",\"itemListElement\":[{\"@type\":\"ListItem\",\"position\":1,\"name\":\"Accueil\",\"item\":\"https:\\\/\\\/www.webdo.tn\\\/fr\\\/\"},{\"@type\":\"ListItem\",\"position\":2,\"name\":\"Inauguration du forum m\u00e9diterran\u00e9en sur la d\u00e9carbonation \u00e0 Tunis\"}]},{\"@type\":\"WebSite\",\"@id\":\"https:\\\/\\\/www.webdo.tn\\\/fr\\\/#website\",\"url\":\"https:\\\/\\\/www.webdo.tn\\\/fr\\\/\",\"name\":\"webdo\",\"description\":\"Tunisie - News en Tunisie et \u00e0 l&#039;international sur Webdo.tn\",\"publisher\":{\"@id\":\"https:\\\/\\\/www.webdo.tn\\\/fr\\\/#organization\"},\"potentialAction\":[{\"@type\":\"SearchAction\",\"target\":{\"@type\":\"EntryPoint\",\"urlTemplate\":\"https:\\\/\\\/www.webdo.tn\\\/fr\\\/?s={search_term_string}\"},\"query-input\":{\"@type\":\"PropertyValueSpecification\",\"valueRequired\":true,\"valueName\":\"search_term_string\"}}],\"inLanguage\":\"fr-FR\"},{\"@type\":\"Organization\",\"@id\":\"https:\\\/\\\/www.webdo.tn\\\/fr\\\/#organization\",\"name\":\"Webdo\",\"alternateName\":\"Webdo.tn\",\"url\":\"https:\\\/\\\/www.webdo.tn\\\/fr\\\/\",\"logo\":{\"@type\":\"ImageObject\",\"inLanguage\":\"fr-FR\",\"@id\":\"https:\\\/\\\/www.webdo.tn\\\/fr\\\/#\\\/schema\\\/logo\\\/image\\\/\",\"url\":\"https:\\\/\\\/www.webdo.tn\\\/fr\\\/wp-content\\\/uploads\\\/2025\\\/06\\\/Webdo-Tunisie_168377.jpg\",\"contentUrl\":\"https:\\\/\\\/www.webdo.tn\\\/fr\\\/wp-content\\\/uploads\\\/2025\\\/06\\\/Webdo-Tunisie_168377.jpg\",\"width\":301,\"height\":301,\"caption\":\"Webdo\"},\"image\":{\"@id\":\"https:\\\/\\\/www.webdo.tn\\\/fr\\\/#\\\/schema\\\/logo\\\/image\\\/\"},\"sameAs\":[\"https:\\\/\\\/www.facebook.com\\\/webdotn\",\"https:\\\/\\\/x.com\\\/webdo_tn\"],\"description\":\"Webdo est un m\u00e9dia num\u00e9rique tunisien fond\u00e9 en 2010, sp\u00e9cialis\u00e9 dans l\u2019actualit\u00e9 nationale et internationale, l\u2019\u00e9conomie, la soci\u00e9t\u00e9 et les analyses politiques. Le site s\u2019adresse \u00e0 un large public francophone et couvre l\u2019information tunisienne en temps r\u00e9el.\",\"email\":\"redac@webdo.tn\",\"legalName\":\"YNJ SARL\",\"foundingDate\":\"2010-09-06\",\"numberOfEmployees\":{\"@type\":\"QuantitativeValue\",\"minValue\":\"11\",\"maxValue\":\"50\"}},{\"@type\":\"Person\",\"@id\":\"https:\\\/\\\/www.webdo.tn\\\/fr\\\/#\\\/schema\\\/person\\\/b8a41c04d93287d375510db360906b34\",\"name\":\"AZ\",\"image\":{\"@type\":\"ImageObject\",\"inLanguage\":\"fr-FR\",\"@id\":\"https:\\\/\\\/secure.gravatar.com\\\/avatar\\\/492b80bada79439de4201dce15cd41eece6c277cfdf1b53382073c79105c1f89?s=96&d=mm&r=g\",\"url\":\"https:\\\/\\\/secure.gravatar.com\\\/avatar\\\/492b80bada79439de4201dce15cd41eece6c277cfdf1b53382073c79105c1f89?s=96&d=mm&r=g\",\"contentUrl\":\"https:\\\/\\\/secure.gravatar.com\\\/avatar\\\/492b80bada79439de4201dce15cd41eece6c277cfdf1b53382073c79105c1f89?s=96&d=mm&r=g\",\"caption\":\"AZ\"},\"url\":\"https:\\\/\\\/www.webdo.tn\\\/fr\\\/actualite\\\/author\\\/az\\\/\"}]}<\/script>\n<!-- \/ Yoast SEO Premium plugin. -->","yoast_head_json":{"title":"Inauguration du forum m\u00e9diterran\u00e9en sur la d\u00e9carbonation \u00e0 Tunis","description":"Inauguration du premier Forum M\u00e9diterran\u00e9en sur la D\u00e9carbonation \u00e0 Tunis par Kamel Maddouri. L'\u00e9v\u00e9nement vise \u00e0 promouvoir la coop\u00e9ration r\u00e9gionale pour atteind...","canonical":"https:\/\/www.webdo.tn\/fr\/actualite\/national\/inauguration-du-forum-mediterraneen-sur-la-decarbonation-a-tunis\/216575\/","og_locale":"fr_FR","og_type":"article","og_title":"Inauguration du forum m\u00e9diterran\u00e9en sur la d\u00e9carbonation \u00e0 Tunis","og_description":"Inauguration du premier Forum M\u00e9diterran\u00e9en sur la D\u00e9carbonation \u00e0 Tunis par Kamel Maddouri. L'\u00e9v\u00e9nement vise \u00e0 promouvoir la coop\u00e9ration r\u00e9gionale pour atteind...","og_url":"https:\/\/www.webdo.tn\/fr\/actualite\/national\/inauguration-du-forum-mediterraneen-sur-la-decarbonation-a-tunis\/216575\/","og_site_name":"webdo","article_publisher":"https:\/\/www.facebook.com\/webdotn","article_published_time":"2024-09-24T19:05:00+00:00","article_modified_time":"2025-05-21T09:03:09+00:00","og_image":[{"width":750,"height":400,"url":"https:\/\/www.webdo.tn\/fr\/wp-content\/uploads\/2024\/09\/c9d5476485bba7a60e8e7648d6e21301.webp","type":"image\/webp"}],"author":"AZ","twitter_card":"summary_large_image","twitter_creator":"@webdo_tn","twitter_site":"@webdo_tn","twitter_misc":{"\u00c9crit par":"AZ","Dur\u00e9e de lecture estim\u00e9e":"1 minute"},"schema":{"@context":"https:\/\/schema.org","@graph":[{"@type":"NewsArticle","@id":"https:\/\/www.webdo.tn\/fr\/actualite\/national\/inauguration-du-forum-mediterraneen-sur-la-decarbonation-a-tunis\/216575\/#article","isPartOf":{"@id":"https:\/\/www.webdo.tn\/fr\/actualite\/national\/inauguration-du-forum-mediterraneen-sur-la-decarbonation-a-tunis\/216575\/"},"author":{"name":"AZ","@id":"https:\/\/www.webdo.tn\/fr\/#\/schema\/person\/b8a41c04d93287d375510db360906b34"},"headline":"Inauguration du forum m\u00e9diterran\u00e9en sur la d\u00e9carbonation \u00e0 Tunis","datePublished":"2024-09-24T19:05:00+00:00","dateModified":"2025-05-21T09:03:09+00:00","mainEntityOfPage":{"@id":"https:\/\/www.webdo.tn\/fr\/actualite\/national\/inauguration-du-forum-mediterraneen-sur-la-decarbonation-a-tunis\/216575\/"},"wordCount":234,"commentCount":0,"publisher":{"@id":"https:\/\/www.webdo.tn\/fr\/#organization"},"image":{"@id":"https:\/\/www.webdo.tn\/fr\/actualite\/national\/inauguration-du-forum-mediterraneen-sur-la-decarbonation-a-tunis\/216575\/#primaryimage"},"thumbnailUrl":"https:\/\/www.webdo.tn\/fr\/wp-content\/uploads\/2024\/09\/c9d5476485bba7a60e8e7648d6e21301.webp","keywords":["D\u00e9carbonisation","forum","Tunisie"],"articleSection":["National"],"inLanguage":"fr-FR"},{"@type":"WebPage","@id":"https:\/\/www.webdo.tn\/fr\/actualite\/national\/inauguration-du-forum-mediterraneen-sur-la-decarbonation-a-tunis\/216575\/","url":"https:\/\/www.webdo.tn\/fr\/actualite\/national\/inauguration-du-forum-mediterraneen-sur-la-decarbonation-a-tunis\/216575\/","name":"Inauguration du forum m\u00e9diterran\u00e9en sur la d\u00e9carbonation \u00e0 Tunis","isPartOf":{"@id":"https:\/\/www.webdo.tn\/fr\/#website"},"primaryImageOfPage":{"@id":"https:\/\/www.webdo.tn\/fr\/actualite\/national\/inauguration-du-forum-mediterraneen-sur-la-decarbonation-a-tunis\/216575\/#primaryimage"},"image":{"@id":"https:\/\/www.webdo.tn\/fr\/actualite\/national\/inauguration-du-forum-mediterraneen-sur-la-decarbonation-a-tunis\/216575\/#primaryimage"},"thumbnailUrl":"https:\/\/www.webdo.tn\/fr\/wp-content\/uploads\/2024\/09\/c9d5476485bba7a60e8e7648d6e21301.webp","datePublished":"2024-09-24T19:05:00+00:00","dateModified":"2025-05-21T09:03:09+00:00","description":"Inauguration du premier Forum M\u00e9diterran\u00e9en sur la D\u00e9carbonation \u00e0 Tunis par Kamel Maddouri. L'\u00e9v\u00e9nement vise \u00e0 promouvoir la coop\u00e9ration r\u00e9gionale pour atteind...","breadcrumb":{"@id":"https:\/\/www.webdo.tn\/fr\/actualite\/national\/inauguration-du-forum-mediterraneen-sur-la-decarbonation-a-tunis\/216575\/#breadcrumb"},"inLanguage":"fr-FR","potentialAction":[{"@type":"ReadAction","target":["https:\/\/www.webdo.tn\/fr\/actualite\/national\/inauguration-du-forum-mediterraneen-sur-la-decarbonation-a-tunis\/216575\/"]}]},{"@type":"ImageObject","inLanguage":"fr-FR","@id":"https:\/\/www.webdo.tn\/fr\/actualite\/national\/inauguration-du-forum-mediterraneen-sur-la-decarbonation-a-tunis\/216575\/#primaryimage","url":"https:\/\/www.webdo.tn\/fr\/wp-content\/uploads\/2024\/09\/c9d5476485bba7a60e8e7648d6e21301.webp","contentUrl":"https:\/\/www.webdo.tn\/fr\/wp-content\/uploads\/2024\/09\/c9d5476485bba7a60e8e7648d6e21301.webp","width":750,"height":400,"caption":"Inauguration du forum m\u00e9diterran\u00e9en sur la d\u00e9carbonation \u00e0 Tunis"},{"@type":"BreadcrumbList","@id":"https:\/\/www.webdo.tn\/fr\/actualite\/national\/inauguration-du-forum-mediterraneen-sur-la-decarbonation-a-tunis\/216575\/#breadcrumb","itemListElement":[{"@type":"ListItem","position":1,"name":"Accueil","item":"https:\/\/www.webdo.tn\/fr\/"},{"@type":"ListItem","position":2,"name":"Inauguration du forum m\u00e9diterran\u00e9en sur la d\u00e9carbonation \u00e0 Tunis"}]},{"@type":"WebSite","@id":"https:\/\/www.webdo.tn\/fr\/#website","url":"https:\/\/www.webdo.tn\/fr\/","name":"webdo","description":"Tunisie - News en Tunisie et \u00e0 l&#039;international sur Webdo.tn","publisher":{"@id":"https:\/\/www.webdo.tn\/fr\/#organization"},"potentialAction":[{"@type":"SearchAction","target":{"@type":"EntryPoint","urlTemplate":"https:\/\/www.webdo.tn\/fr\/?s={search_term_string}"},"query-input":{"@type":"PropertyValueSpecification","valueRequired":true,"valueName":"search_term_string"}}],"inLanguage":"fr-FR"},{"@type":"Organization","@id":"https:\/\/www.webdo.tn\/fr\/#organization","name":"Webdo","alternateName":"Webdo.tn","url":"https:\/\/www.webdo.tn\/fr\/","logo":{"@type":"ImageObject","inLanguage":"fr-FR","@id":"https:\/\/www.webdo.tn\/fr\/#\/schema\/logo\/image\/","url":"https:\/\/www.webdo.tn\/fr\/wp-content\/uploads\/2025\/06\/Webdo-Tunisie_168377.jpg","contentUrl":"https:\/\/www.webdo.tn\/fr\/wp-content\/uploads\/2025\/06\/Webdo-Tunisie_168377.jpg","width":301,"height":301,"caption":"Webdo"},"image":{"@id":"https:\/\/www.webdo.tn\/fr\/#\/schema\/logo\/image\/"},"sameAs":["https:\/\/www.facebook.com\/webdotn","https:\/\/x.com\/webdo_tn"],"description":"Webdo est un m\u00e9dia num\u00e9rique tunisien fond\u00e9 en 2010, sp\u00e9cialis\u00e9 dans l\u2019actualit\u00e9 nationale et internationale, l\u2019\u00e9conomie, la soci\u00e9t\u00e9 et les analyses politiques. Le site s\u2019adresse \u00e0 un large public francophone et couvre l\u2019information tunisienne en temps r\u00e9el.","email":"redac@webdo.tn","legalName":"YNJ SARL","foundingDate":"2010-09-06","numberOfEmployees":{"@type":"QuantitativeValue","minValue":"11","maxValue":"50"}},{"@type":"Person","@id":"https:\/\/www.webdo.tn\/fr\/#\/schema\/person\/b8a41c04d93287d375510db360906b34","name":"AZ","image":{"@type":"ImageObject","inLanguage":"fr-FR","@id":"https:\/\/secure.gravatar.com\/avatar\/492b80bada79439de4201dce15cd41eece6c277cfdf1b53382073c79105c1f89?s=96&d=mm&r=g","url":"https:\/\/secure.gravatar.com\/avatar\/492b80bada79439de4201dce15cd41eece6c277cfdf1b53382073c79105c1f89?s=96&d=mm&r=g","contentUrl":"https:\/\/secure.gravatar.com\/avatar\/492b80bada79439de4201dce15cd41eece6c277cfdf1b53382073c79105c1f89?s=96&d=mm&r=g","caption":"AZ"},"url":"https:\/\/www.webdo.tn\/fr\/actualite\/author\/az\/"}]}},"_links":{"self":[{"href":"https:\/\/www.webdo.tn\/fr\/wp-json\/wp\/v2\/posts\/216575","targetHints":{"allow":["GET"]}}],"collection":[{"href":"https:\/\/www.webdo.tn\/fr\/wp-json\/wp\/v2\/posts"}],"about":[{"href":"https:\/\/www.webdo.tn\/fr\/wp-json\/wp\/v2\/types\/post"}],"author":[{"embeddable":true,"href":"https:\/\/www.webdo.tn\/fr\/wp-json\/wp\/v2\/users\/3166"}],"replies":[{"embeddable":true,"href":"https:\/\/www.webdo.tn\/fr\/wp-json\/wp\/v2\/comments?post=216575"}],"version-history":[{"count":0,"href":"https:\/\/www.webdo.tn\/fr\/wp-json\/wp\/v2\/posts\/216575\/revisions"}],"wp:featuredmedia":[{"embeddable":true,"href":"https:\/\/www.webdo.tn\/fr\/wp-json\/wp\/v2\/media\/246469"}],"wp:attachment":[{"href":"https:\/\/www.webdo.tn\/fr\/wp-json\/wp\/v2\/media?parent=216575"}],"wp:term":[{"taxonomy":"category","embeddable":true,"href":"https:\/\/www.webdo.tn\/fr\/wp-json\/wp\/v2\/categories?post=216575"},{"taxonomy":"post_tag","embeddable":true,"href":"https:\/\/www.webdo.tn\/fr\/wp-json\/wp\/v2\/tags?post=216575"}],"curies":[{"name":"wp","href":"https:\/\/api.w.org\/{rel}","templated":true}]}}