{"id":216568,"date":"2024-09-24T14:22:00","date_gmt":"2024-09-24T14:22:00","guid":{"rendered":"https:\/\/www.webdo.tn\/fr\/blog\/les-reserves-de-cereales-en-tunisie-couvrent-deux-mois-de-consommation\/216568\/"},"modified":"2025-05-20T22:54:54","modified_gmt":"2025-05-20T22:54:54","slug":"les-reserves-de-cereales-en-tunisie-couvrent-deux-mois-de-consommation","status":"publish","type":"post","link":"https:\/\/www.webdo.tn\/fr\/actualite\/national\/les-reserves-de-cereales-en-tunisie-couvrent-deux-mois-de-consommation\/216568\/","title":{"rendered":"Les r\u00e9serves de c\u00e9r\u00e9ales en Tunisie couvrent deux mois de consommation"},"content":{"rendered":"<p>Les r\u00e9serves nationales de c\u00e9r\u00e9ales de la Tunisie couvrent d\u00e9sormais l&rsquo;\u00e9quivalent de deux mois de consommation, selon les r\u00e9centes d\u00e9clarations de Salwa Ben Hadid, PDG de l\u2019Office des c\u00e9r\u00e9ales, lors d&rsquo;une interview accord\u00e9e \u00e0 Mosa\u00efque FM.<\/p>\n<p>\t\t\t\t\t\t\t\t\tCette am\u00e9lioration des stocks est le r\u00e9sultat des importations massives de bl\u00e9 dur effectu\u00e9es au cours des trois derniers mois, associ\u00e9es \u00e0 une augmentation des capacit\u00e9s de stockage. Ces mesures ont permis de renforcer la s\u00e9curit\u00e9 alimentaire et de garantir un approvisionnement continu en c\u00e9r\u00e9ales pour les besoins de la population.<\/p>\n<p>Ben Hadid a \u00e9galement pr\u00e9cis\u00e9 que le minist\u00e8re de l&rsquo;Agriculture a distribu\u00e9 un total de 560.000 quintaux de graines, soit 210.000 quintaux de plus que la moyenne habituelle. Cette action vise \u00e0 combler le d\u00e9ficit enregistr\u00e9 au cours de l&rsquo;ann\u00e9e 2023, ann\u00e9e qui a \u00e9t\u00e9 marqu\u00e9e par des d\u00e9fis majeurs pour le secteur agricole.<\/p>\n<p>L\u2019augmentation des r\u00e9serves de c\u00e9r\u00e9ales et des semences repr\u00e9sente un effort important du gouvernement tunisien pour assurer la stabilit\u00e9 alimentaire du pays. Ces mesures contribueront \u00e0 soutenir les agriculteurs et \u00e0 renforcer la production locale de c\u00e9r\u00e9ales, garantissant ainsi un approvisionnement stable pour les mois \u00e0 venir.<\/p>\n","protected":false},"excerpt":{"rendered":"<p>es r\u00e9serves de c\u00e9r\u00e9ales en Tunisie couvrent d\u00e9sormais deux mois de consommation gr\u00e2ce aux r\u00e9centes importations de bl\u00e9 dur et \u00e0 une meilleure capacit\u00e9 de stocka&#8230;<\/p>\n","protected":false},"author":3175,"featured_media":291095,"comment_status":"open","ping_status":"closed","sticky":false,"template":"","format":"standard","meta":{"footnotes":""},"categories":[44],"tags":[10450,10451,10449,2608],"class_list":["post-216568","post","type-post","status-publish","format-standard","has-post-thumbnail","hentry","category-national","tag-importation-de-ble-dur","tag-office-des-cereales","tag-reserves-de-cereales","tag-tunisie"],"yoast_head":"<!-- This site is optimized with the Yoast SEO Premium plugin v27.5 (Yoast SEO v27.5) - https:\/\/yoast.com\/product\/yoast-seo-premium-wordpress\/ -->\n<title>Les r\u00e9serves de c\u00e9r\u00e9ales en Tunisie couvrent deux mois de consommation<\/title>\n<meta name=\"description\" content=\"es r\u00e9serves de c\u00e9r\u00e9ales en Tunisie couvrent d\u00e9sormais deux mois de consommation gr\u00e2ce aux r\u00e9centes importations de bl\u00e9 dur et \u00e0 une meilleure capacit\u00e9 de stocka...\" \/>\n<link rel=\"canonical\" href=\"https:\/\/www.webdo.tn\/fr\/actualite\/national\/les-reserves-de-cereales-en-tunisie-couvrent-deux-mois-de-consommation\/216568\/\" \/>\n<meta property=\"og:locale\" content=\"fr_FR\" \/>\n<meta property=\"og:type\" content=\"article\" \/>\n<meta property=\"og:title\" content=\"Les r\u00e9serves de c\u00e9r\u00e9ales en Tunisie couvrent deux mois de consommation\" \/>\n<meta property=\"og:description\" content=\"es r\u00e9serves de c\u00e9r\u00e9ales en Tunisie couvrent d\u00e9sormais deux mois de consommation gr\u00e2ce aux r\u00e9centes importations de bl\u00e9 dur et \u00e0 une meilleure capacit\u00e9 de stocka...\" \/>\n<meta property=\"og:url\" content=\"https:\/\/www.webdo.tn\/fr\/actualite\/national\/les-reserves-de-cereales-en-tunisie-couvrent-deux-mois-de-consommation\/216568\/\" \/>\n<meta property=\"og:site_name\" content=\"webdo\" \/>\n<meta property=\"article:publisher\" content=\"https:\/\/www.facebook.com\/webdotn\" \/>\n<meta property=\"article:published_time\" content=\"2024-09-24T14:22:00+00:00\" \/>\n<meta property=\"article:modified_time\" content=\"2025-05-20T22:54:54+00:00\" \/>\n<meta property=\"og:image\" content=\"https:\/\/www.webdo.tn\/fr\/wp-content\/uploads\/2024\/09\/a0004420dd1381e60f4281fd51557527.webp\" \/>\n\t<meta property=\"og:image:width\" content=\"750\" \/>\n\t<meta property=\"og:image:height\" content=\"400\" \/>\n\t<meta property=\"og:image:type\" content=\"image\/webp\" \/>\n<meta name=\"author\" content=\"CL\" \/>\n<meta name=\"twitter:card\" content=\"summary_large_image\" \/>\n<meta name=\"twitter:creator\" content=\"@webdo_tn\" \/>\n<meta name=\"twitter:site\" content=\"@webdo_tn\" \/>\n<meta name=\"twitter:label1\" content=\"\u00c9crit par\" \/>\n\t<meta name=\"twitter:data1\" content=\"CL\" \/>\n\t<meta name=\"twitter:label2\" content=\"Dur\u00e9e de lecture estim\u00e9e\" \/>\n\t<meta name=\"twitter:data2\" content=\"1 minute\" \/>\n<script type=\"application\/ld+json\" class=\"yoast-schema-graph\">{\"@context\":\"https:\\\/\\\/schema.org\",\"@graph\":[{\"@type\":\"NewsArticle\",\"@id\":\"https:\\\/\\\/www.webdo.tn\\\/fr\\\/actualite\\\/national\\\/les-reserves-de-cereales-en-tunisie-couvrent-deux-mois-de-consommation\\\/216568\\\/#article\",\"isPartOf\":{\"@id\":\"https:\\\/\\\/www.webdo.tn\\\/fr\\\/actualite\\\/national\\\/les-reserves-de-cereales-en-tunisie-couvrent-deux-mois-de-consommation\\\/216568\\\/\"},\"author\":{\"name\":\"CL\",\"@id\":\"https:\\\/\\\/www.webdo.tn\\\/fr\\\/#\\\/schema\\\/person\\\/f35b42a42c5e2511bbd282959d6385cc\"},\"headline\":\"Les r\u00e9serves de c\u00e9r\u00e9ales en Tunisie couvrent deux mois de consommation\",\"datePublished\":\"2024-09-24T14:22:00+00:00\",\"dateModified\":\"2025-05-20T22:54:54+00:00\",\"mainEntityOfPage\":{\"@id\":\"https:\\\/\\\/www.webdo.tn\\\/fr\\\/actualite\\\/national\\\/les-reserves-de-cereales-en-tunisie-couvrent-deux-mois-de-consommation\\\/216568\\\/\"},\"wordCount\":230,\"commentCount\":0,\"publisher\":{\"@id\":\"https:\\\/\\\/www.webdo.tn\\\/fr\\\/#organization\"},\"image\":{\"@id\":\"https:\\\/\\\/www.webdo.tn\\\/fr\\\/actualite\\\/national\\\/les-reserves-de-cereales-en-tunisie-couvrent-deux-mois-de-consommation\\\/216568\\\/#primaryimage\"},\"thumbnailUrl\":\"https:\\\/\\\/www.webdo.tn\\\/fr\\\/wp-content\\\/uploads\\\/2024\\\/09\\\/a0004420dd1381e60f4281fd51557527.webp\",\"keywords\":[\"'importation de bl\u00e9 dur'\",\"'Office des c\u00e9r\u00e9ales']\",\"'R\u00e9serves de c\u00e9r\u00e9ales'\",\"Tunisie\"],\"articleSection\":[\"National\"],\"inLanguage\":\"fr-FR\"},{\"@type\":\"WebPage\",\"@id\":\"https:\\\/\\\/www.webdo.tn\\\/fr\\\/actualite\\\/national\\\/les-reserves-de-cereales-en-tunisie-couvrent-deux-mois-de-consommation\\\/216568\\\/\",\"url\":\"https:\\\/\\\/www.webdo.tn\\\/fr\\\/actualite\\\/national\\\/les-reserves-de-cereales-en-tunisie-couvrent-deux-mois-de-consommation\\\/216568\\\/\",\"name\":\"Les r\u00e9serves de c\u00e9r\u00e9ales en Tunisie couvrent deux mois de consommation\",\"isPartOf\":{\"@id\":\"https:\\\/\\\/www.webdo.tn\\\/fr\\\/#website\"},\"primaryImageOfPage\":{\"@id\":\"https:\\\/\\\/www.webdo.tn\\\/fr\\\/actualite\\\/national\\\/les-reserves-de-cereales-en-tunisie-couvrent-deux-mois-de-consommation\\\/216568\\\/#primaryimage\"},\"image\":{\"@id\":\"https:\\\/\\\/www.webdo.tn\\\/fr\\\/actualite\\\/national\\\/les-reserves-de-cereales-en-tunisie-couvrent-deux-mois-de-consommation\\\/216568\\\/#primaryimage\"},\"thumbnailUrl\":\"https:\\\/\\\/www.webdo.tn\\\/fr\\\/wp-content\\\/uploads\\\/2024\\\/09\\\/a0004420dd1381e60f4281fd51557527.webp\",\"datePublished\":\"2024-09-24T14:22:00+00:00\",\"dateModified\":\"2025-05-20T22:54:54+00:00\",\"description\":\"es r\u00e9serves de c\u00e9r\u00e9ales en Tunisie couvrent d\u00e9sormais deux mois de consommation gr\u00e2ce aux r\u00e9centes importations de bl\u00e9 dur et \u00e0 une meilleure capacit\u00e9 de stocka...\",\"breadcrumb\":{\"@id\":\"https:\\\/\\\/www.webdo.tn\\\/fr\\\/actualite\\\/national\\\/les-reserves-de-cereales-en-tunisie-couvrent-deux-mois-de-consommation\\\/216568\\\/#breadcrumb\"},\"inLanguage\":\"fr-FR\",\"potentialAction\":[{\"@type\":\"ReadAction\",\"target\":[\"https:\\\/\\\/www.webdo.tn\\\/fr\\\/actualite\\\/national\\\/les-reserves-de-cereales-en-tunisie-couvrent-deux-mois-de-consommation\\\/216568\\\/\"]}]},{\"@type\":\"ImageObject\",\"inLanguage\":\"fr-FR\",\"@id\":\"https:\\\/\\\/www.webdo.tn\\\/fr\\\/actualite\\\/national\\\/les-reserves-de-cereales-en-tunisie-couvrent-deux-mois-de-consommation\\\/216568\\\/#primaryimage\",\"url\":\"https:\\\/\\\/www.webdo.tn\\\/fr\\\/wp-content\\\/uploads\\\/2024\\\/09\\\/a0004420dd1381e60f4281fd51557527.webp\",\"contentUrl\":\"https:\\\/\\\/www.webdo.tn\\\/fr\\\/wp-content\\\/uploads\\\/2024\\\/09\\\/a0004420dd1381e60f4281fd51557527.webp\",\"width\":750,\"height\":400,\"caption\":\"Les r\u00e9serves de c\u00e9r\u00e9ales en Tunisie couvrent deux mois de consommation\"},{\"@type\":\"BreadcrumbList\",\"@id\":\"https:\\\/\\\/www.webdo.tn\\\/fr\\\/actualite\\\/national\\\/les-reserves-de-cereales-en-tunisie-couvrent-deux-mois-de-consommation\\\/216568\\\/#breadcrumb\",\"itemListElement\":[{\"@type\":\"ListItem\",\"position\":1,\"name\":\"Accueil\",\"item\":\"https:\\\/\\\/www.webdo.tn\\\/fr\\\/\"},{\"@type\":\"ListItem\",\"position\":2,\"name\":\"Les r\u00e9serves de c\u00e9r\u00e9ales en Tunisie couvrent deux mois de consommation\"}]},{\"@type\":\"WebSite\",\"@id\":\"https:\\\/\\\/www.webdo.tn\\\/fr\\\/#website\",\"url\":\"https:\\\/\\\/www.webdo.tn\\\/fr\\\/\",\"name\":\"webdo\",\"description\":\"Tunisie - News en Tunisie et \u00e0 l&#039;international sur Webdo.tn\",\"publisher\":{\"@id\":\"https:\\\/\\\/www.webdo.tn\\\/fr\\\/#organization\"},\"potentialAction\":[{\"@type\":\"SearchAction\",\"target\":{\"@type\":\"EntryPoint\",\"urlTemplate\":\"https:\\\/\\\/www.webdo.tn\\\/fr\\\/?s={search_term_string}\"},\"query-input\":{\"@type\":\"PropertyValueSpecification\",\"valueRequired\":true,\"valueName\":\"search_term_string\"}}],\"inLanguage\":\"fr-FR\"},{\"@type\":\"Organization\",\"@id\":\"https:\\\/\\\/www.webdo.tn\\\/fr\\\/#organization\",\"name\":\"Webdo\",\"alternateName\":\"Webdo.tn\",\"url\":\"https:\\\/\\\/www.webdo.tn\\\/fr\\\/\",\"logo\":{\"@type\":\"ImageObject\",\"inLanguage\":\"fr-FR\",\"@id\":\"https:\\\/\\\/www.webdo.tn\\\/fr\\\/#\\\/schema\\\/logo\\\/image\\\/\",\"url\":\"https:\\\/\\\/www.webdo.tn\\\/fr\\\/wp-content\\\/uploads\\\/2025\\\/06\\\/Webdo-Tunisie_168377.jpg\",\"contentUrl\":\"https:\\\/\\\/www.webdo.tn\\\/fr\\\/wp-content\\\/uploads\\\/2025\\\/06\\\/Webdo-Tunisie_168377.jpg\",\"width\":301,\"height\":301,\"caption\":\"Webdo\"},\"image\":{\"@id\":\"https:\\\/\\\/www.webdo.tn\\\/fr\\\/#\\\/schema\\\/logo\\\/image\\\/\"},\"sameAs\":[\"https:\\\/\\\/www.facebook.com\\\/webdotn\",\"https:\\\/\\\/x.com\\\/webdo_tn\"],\"description\":\"Webdo est un m\u00e9dia num\u00e9rique tunisien fond\u00e9 en 2010, sp\u00e9cialis\u00e9 dans l\u2019actualit\u00e9 nationale et internationale, l\u2019\u00e9conomie, la soci\u00e9t\u00e9 et les analyses politiques. Le site s\u2019adresse \u00e0 un large public francophone et couvre l\u2019information tunisienne en temps r\u00e9el.\",\"email\":\"redac@webdo.tn\",\"legalName\":\"YNJ SARL\",\"foundingDate\":\"2010-09-06\",\"numberOfEmployees\":{\"@type\":\"QuantitativeValue\",\"minValue\":\"11\",\"maxValue\":\"50\"}},{\"@type\":\"Person\",\"@id\":\"https:\\\/\\\/www.webdo.tn\\\/fr\\\/#\\\/schema\\\/person\\\/f35b42a42c5e2511bbd282959d6385cc\",\"name\":\"CL\",\"image\":{\"@type\":\"ImageObject\",\"inLanguage\":\"fr-FR\",\"@id\":\"https:\\\/\\\/secure.gravatar.com\\\/avatar\\\/1447a49909b67aa657c488aec6512e1dd6143a480c1ecfee9b5b5cd74eb3b59e?s=96&d=mm&r=g\",\"url\":\"https:\\\/\\\/secure.gravatar.com\\\/avatar\\\/1447a49909b67aa657c488aec6512e1dd6143a480c1ecfee9b5b5cd74eb3b59e?s=96&d=mm&r=g\",\"contentUrl\":\"https:\\\/\\\/secure.gravatar.com\\\/avatar\\\/1447a49909b67aa657c488aec6512e1dd6143a480c1ecfee9b5b5cd74eb3b59e?s=96&d=mm&r=g\",\"caption\":\"CL\"},\"url\":\"https:\\\/\\\/www.webdo.tn\\\/fr\\\/actualite\\\/author\\\/cl\\\/\"}]}<\/script>\n<!-- \/ Yoast SEO Premium plugin. -->","yoast_head_json":{"title":"Les r\u00e9serves de c\u00e9r\u00e9ales en Tunisie couvrent deux mois de consommation","description":"es r\u00e9serves de c\u00e9r\u00e9ales en Tunisie couvrent d\u00e9sormais deux mois de consommation gr\u00e2ce aux r\u00e9centes importations de bl\u00e9 dur et \u00e0 une meilleure capacit\u00e9 de stocka...","canonical":"https:\/\/www.webdo.tn\/fr\/actualite\/national\/les-reserves-de-cereales-en-tunisie-couvrent-deux-mois-de-consommation\/216568\/","og_locale":"fr_FR","og_type":"article","og_title":"Les r\u00e9serves de c\u00e9r\u00e9ales en Tunisie couvrent deux mois de consommation","og_description":"es r\u00e9serves de c\u00e9r\u00e9ales en Tunisie couvrent d\u00e9sormais deux mois de consommation gr\u00e2ce aux r\u00e9centes importations de bl\u00e9 dur et \u00e0 une meilleure capacit\u00e9 de stocka...","og_url":"https:\/\/www.webdo.tn\/fr\/actualite\/national\/les-reserves-de-cereales-en-tunisie-couvrent-deux-mois-de-consommation\/216568\/","og_site_name":"webdo","article_publisher":"https:\/\/www.facebook.com\/webdotn","article_published_time":"2024-09-24T14:22:00+00:00","article_modified_time":"2025-05-20T22:54:54+00:00","og_image":[{"width":750,"height":400,"url":"https:\/\/www.webdo.tn\/fr\/wp-content\/uploads\/2024\/09\/a0004420dd1381e60f4281fd51557527.webp","type":"image\/webp"}],"author":"CL","twitter_card":"summary_large_image","twitter_creator":"@webdo_tn","twitter_site":"@webdo_tn","twitter_misc":{"\u00c9crit par":"CL","Dur\u00e9e de lecture estim\u00e9e":"1 minute"},"schema":{"@context":"https:\/\/schema.org","@graph":[{"@type":"NewsArticle","@id":"https:\/\/www.webdo.tn\/fr\/actualite\/national\/les-reserves-de-cereales-en-tunisie-couvrent-deux-mois-de-consommation\/216568\/#article","isPartOf":{"@id":"https:\/\/www.webdo.tn\/fr\/actualite\/national\/les-reserves-de-cereales-en-tunisie-couvrent-deux-mois-de-consommation\/216568\/"},"author":{"name":"CL","@id":"https:\/\/www.webdo.tn\/fr\/#\/schema\/person\/f35b42a42c5e2511bbd282959d6385cc"},"headline":"Les r\u00e9serves de c\u00e9r\u00e9ales en Tunisie couvrent deux mois de consommation","datePublished":"2024-09-24T14:22:00+00:00","dateModified":"2025-05-20T22:54:54+00:00","mainEntityOfPage":{"@id":"https:\/\/www.webdo.tn\/fr\/actualite\/national\/les-reserves-de-cereales-en-tunisie-couvrent-deux-mois-de-consommation\/216568\/"},"wordCount":230,"commentCount":0,"publisher":{"@id":"https:\/\/www.webdo.tn\/fr\/#organization"},"image":{"@id":"https:\/\/www.webdo.tn\/fr\/actualite\/national\/les-reserves-de-cereales-en-tunisie-couvrent-deux-mois-de-consommation\/216568\/#primaryimage"},"thumbnailUrl":"https:\/\/www.webdo.tn\/fr\/wp-content\/uploads\/2024\/09\/a0004420dd1381e60f4281fd51557527.webp","keywords":["'importation de bl\u00e9 dur'","'Office des c\u00e9r\u00e9ales']","'R\u00e9serves de c\u00e9r\u00e9ales'","Tunisie"],"articleSection":["National"],"inLanguage":"fr-FR"},{"@type":"WebPage","@id":"https:\/\/www.webdo.tn\/fr\/actualite\/national\/les-reserves-de-cereales-en-tunisie-couvrent-deux-mois-de-consommation\/216568\/","url":"https:\/\/www.webdo.tn\/fr\/actualite\/national\/les-reserves-de-cereales-en-tunisie-couvrent-deux-mois-de-consommation\/216568\/","name":"Les r\u00e9serves de c\u00e9r\u00e9ales en Tunisie couvrent deux mois de consommation","isPartOf":{"@id":"https:\/\/www.webdo.tn\/fr\/#website"},"primaryImageOfPage":{"@id":"https:\/\/www.webdo.tn\/fr\/actualite\/national\/les-reserves-de-cereales-en-tunisie-couvrent-deux-mois-de-consommation\/216568\/#primaryimage"},"image":{"@id":"https:\/\/www.webdo.tn\/fr\/actualite\/national\/les-reserves-de-cereales-en-tunisie-couvrent-deux-mois-de-consommation\/216568\/#primaryimage"},"thumbnailUrl":"https:\/\/www.webdo.tn\/fr\/wp-content\/uploads\/2024\/09\/a0004420dd1381e60f4281fd51557527.webp","datePublished":"2024-09-24T14:22:00+00:00","dateModified":"2025-05-20T22:54:54+00:00","description":"es r\u00e9serves de c\u00e9r\u00e9ales en Tunisie couvrent d\u00e9sormais deux mois de consommation gr\u00e2ce aux r\u00e9centes importations de bl\u00e9 dur et \u00e0 une meilleure capacit\u00e9 de stocka...","breadcrumb":{"@id":"https:\/\/www.webdo.tn\/fr\/actualite\/national\/les-reserves-de-cereales-en-tunisie-couvrent-deux-mois-de-consommation\/216568\/#breadcrumb"},"inLanguage":"fr-FR","potentialAction":[{"@type":"ReadAction","target":["https:\/\/www.webdo.tn\/fr\/actualite\/national\/les-reserves-de-cereales-en-tunisie-couvrent-deux-mois-de-consommation\/216568\/"]}]},{"@type":"ImageObject","inLanguage":"fr-FR","@id":"https:\/\/www.webdo.tn\/fr\/actualite\/national\/les-reserves-de-cereales-en-tunisie-couvrent-deux-mois-de-consommation\/216568\/#primaryimage","url":"https:\/\/www.webdo.tn\/fr\/wp-content\/uploads\/2024\/09\/a0004420dd1381e60f4281fd51557527.webp","contentUrl":"https:\/\/www.webdo.tn\/fr\/wp-content\/uploads\/2024\/09\/a0004420dd1381e60f4281fd51557527.webp","width":750,"height":400,"caption":"Les r\u00e9serves de c\u00e9r\u00e9ales en Tunisie couvrent deux mois de consommation"},{"@type":"BreadcrumbList","@id":"https:\/\/www.webdo.tn\/fr\/actualite\/national\/les-reserves-de-cereales-en-tunisie-couvrent-deux-mois-de-consommation\/216568\/#breadcrumb","itemListElement":[{"@type":"ListItem","position":1,"name":"Accueil","item":"https:\/\/www.webdo.tn\/fr\/"},{"@type":"ListItem","position":2,"name":"Les r\u00e9serves de c\u00e9r\u00e9ales en Tunisie couvrent deux mois de consommation"}]},{"@type":"WebSite","@id":"https:\/\/www.webdo.tn\/fr\/#website","url":"https:\/\/www.webdo.tn\/fr\/","name":"webdo","description":"Tunisie - News en Tunisie et \u00e0 l&#039;international sur Webdo.tn","publisher":{"@id":"https:\/\/www.webdo.tn\/fr\/#organization"},"potentialAction":[{"@type":"SearchAction","target":{"@type":"EntryPoint","urlTemplate":"https:\/\/www.webdo.tn\/fr\/?s={search_term_string}"},"query-input":{"@type":"PropertyValueSpecification","valueRequired":true,"valueName":"search_term_string"}}],"inLanguage":"fr-FR"},{"@type":"Organization","@id":"https:\/\/www.webdo.tn\/fr\/#organization","name":"Webdo","alternateName":"Webdo.tn","url":"https:\/\/www.webdo.tn\/fr\/","logo":{"@type":"ImageObject","inLanguage":"fr-FR","@id":"https:\/\/www.webdo.tn\/fr\/#\/schema\/logo\/image\/","url":"https:\/\/www.webdo.tn\/fr\/wp-content\/uploads\/2025\/06\/Webdo-Tunisie_168377.jpg","contentUrl":"https:\/\/www.webdo.tn\/fr\/wp-content\/uploads\/2025\/06\/Webdo-Tunisie_168377.jpg","width":301,"height":301,"caption":"Webdo"},"image":{"@id":"https:\/\/www.webdo.tn\/fr\/#\/schema\/logo\/image\/"},"sameAs":["https:\/\/www.facebook.com\/webdotn","https:\/\/x.com\/webdo_tn"],"description":"Webdo est un m\u00e9dia num\u00e9rique tunisien fond\u00e9 en 2010, sp\u00e9cialis\u00e9 dans l\u2019actualit\u00e9 nationale et internationale, l\u2019\u00e9conomie, la soci\u00e9t\u00e9 et les analyses politiques. Le site s\u2019adresse \u00e0 un large public francophone et couvre l\u2019information tunisienne en temps r\u00e9el.","email":"redac@webdo.tn","legalName":"YNJ SARL","foundingDate":"2010-09-06","numberOfEmployees":{"@type":"QuantitativeValue","minValue":"11","maxValue":"50"}},{"@type":"Person","@id":"https:\/\/www.webdo.tn\/fr\/#\/schema\/person\/f35b42a42c5e2511bbd282959d6385cc","name":"CL","image":{"@type":"ImageObject","inLanguage":"fr-FR","@id":"https:\/\/secure.gravatar.com\/avatar\/1447a49909b67aa657c488aec6512e1dd6143a480c1ecfee9b5b5cd74eb3b59e?s=96&d=mm&r=g","url":"https:\/\/secure.gravatar.com\/avatar\/1447a49909b67aa657c488aec6512e1dd6143a480c1ecfee9b5b5cd74eb3b59e?s=96&d=mm&r=g","contentUrl":"https:\/\/secure.gravatar.com\/avatar\/1447a49909b67aa657c488aec6512e1dd6143a480c1ecfee9b5b5cd74eb3b59e?s=96&d=mm&r=g","caption":"CL"},"url":"https:\/\/www.webdo.tn\/fr\/actualite\/author\/cl\/"}]}},"_links":{"self":[{"href":"https:\/\/www.webdo.tn\/fr\/wp-json\/wp\/v2\/posts\/216568","targetHints":{"allow":["GET"]}}],"collection":[{"href":"https:\/\/www.webdo.tn\/fr\/wp-json\/wp\/v2\/posts"}],"about":[{"href":"https:\/\/www.webdo.tn\/fr\/wp-json\/wp\/v2\/types\/post"}],"author":[{"embeddable":true,"href":"https:\/\/www.webdo.tn\/fr\/wp-json\/wp\/v2\/users\/3175"}],"replies":[{"embeddable":true,"href":"https:\/\/www.webdo.tn\/fr\/wp-json\/wp\/v2\/comments?post=216568"}],"version-history":[{"count":0,"href":"https:\/\/www.webdo.tn\/fr\/wp-json\/wp\/v2\/posts\/216568\/revisions"}],"wp:featuredmedia":[{"embeddable":true,"href":"https:\/\/www.webdo.tn\/fr\/wp-json\/wp\/v2\/media\/291095"}],"wp:attachment":[{"href":"https:\/\/www.webdo.tn\/fr\/wp-json\/wp\/v2\/media?parent=216568"}],"wp:term":[{"taxonomy":"category","embeddable":true,"href":"https:\/\/www.webdo.tn\/fr\/wp-json\/wp\/v2\/categories?post=216568"},{"taxonomy":"post_tag","embeddable":true,"href":"https:\/\/www.webdo.tn\/fr\/wp-json\/wp\/v2\/tags?post=216568"}],"curies":[{"name":"wp","href":"https:\/\/api.w.org\/{rel}","templated":true}]}}