{"id":216566,"date":"2024-09-24T13:32:00","date_gmt":"2024-09-24T13:32:00","guid":{"rendered":"https:\/\/www.webdo.tn\/fr\/blog\/tunisie-5g-tunisie-telecom-pilier-de-la-strategie-de-l-etat\/216566\/"},"modified":"2024-09-24T13:32:00","modified_gmt":"2024-09-24T13:32:00","slug":"tunisie-5g-tunisie-telecom-pilier-de-la-strategie-de-l-etat","status":"publish","type":"post","link":"https:\/\/www.webdo.tn\/fr\/actualite\/national\/tunisie-5g-tunisie-telecom-pilier-de-la-strategie-de-l-etat\/216566\/","title":{"rendered":"Tunisie &#8211; 5G : Tunisie Telecom, pilier de la strat\u00e9gie de l\u2019Etat"},"content":{"rendered":"<p>Tunisie Telecom qui a \u00e9t\u00e9 le premier op\u00e9rateur des t\u00e9l\u00e9communications \u00e0 tester la 5G en 2020 sur son   r\u00e9seau live en Tunisie, a d\u00e9pos\u00e9 hier lundi 23 septembre 2024, au si\u00e8ge du minist\u00e8re des Technologies de la communication son dossier de candidature pour l\u2019obtention de la  licence 5G.<\/p>\n<p>\t\t\t\t\t\t\t\t\tLe Minist\u00e8re des Technologies de la Communication a lanc\u00e9 cet appel d\u2019offres en\u00a0 juillet dernier pour l\u2019attribution de licences d\u2019installation et d\u2019exploitation d\u2019un r\u00e9seau public des t\u00e9l\u00e9communications en Tunisie pour la fourniture des services des T\u00e9l\u00e9communications Mobiles de Cinqui\u00e8me G\u00e9n\u00e9ration (5G).<\/p>\n<p>Tunisie Telecom a toujours \u00e9t\u00e9 un pilier de la strat\u00e9gie de l\u2019Etat tunisien relative \u00e0 l\u2019am\u00e9nagement num\u00e9rique du territoire national, au\u00a0 d\u00e9veloppement de l\u2019infrastructure num\u00e9rique, et \u00e0 la g\u00e9n\u00e9ralisation de la couverture tr\u00e8s haut d\u00e9bit sur l\u2019ensemble du territoire national.<\/p>\n<p>TT ayant contribu\u00e9 activement \u00e0 plusieurs grands projets nationaux structurants, assurant les connectivites des administrations publiques, des \u00e9tablissements de sant\u00e9 publique, des \u00e9tablissements d\u2019\u00e9ducation ou d\u2019enseignement sup\u00e9rieur et m\u00eame dans les zones blanches les plus \u00e9loign\u00e9es, va poursuivre sa d\u00e9marche pour r\u00e9ussir son lancement de la 5G, qui offrira des opportunit\u00e9s multiples au march\u00e9 tunisien et au d\u00e9veloppement de la Tunisie.<\/p>\n","protected":false},"excerpt":{"rendered":"<p>Le Minist\u00e8re des Technologies de la Communication a lanc\u00e9 cet appel d\u2019offres en  juillet dernier pour l\u2019attribution de licences d\u2019installation et d\u2019exploitation&#8230;<\/p>\n","protected":false},"author":4780,"featured_media":291091,"comment_status":"open","ping_status":"closed","sticky":false,"template":"","format":"standard","meta":{"footnotes":""},"categories":[44],"tags":[3834,4892,2931],"class_list":["post-216566","post","type-post","status-publish","format-standard","has-post-thumbnail","hentry","category-national","tag-5g","tag-licence","tag-tunisie-telecom"],"yoast_head":"<!-- This site is optimized with the Yoast SEO Premium plugin v27.5 (Yoast SEO v27.5) - https:\/\/yoast.com\/product\/yoast-seo-premium-wordpress\/ -->\n<title>Tunisie - 5G : Tunisie Telecom, pilier de la strat\u00e9gie de l\u2019Etat<\/title>\n<meta name=\"description\" content=\"Le Minist\u00e8re des Technologies de la Communication a lanc\u00e9 cet appel d\u2019offres en juillet dernier pour l\u2019attribution de licences d\u2019installation et d\u2019exploitation...\" \/>\n<link rel=\"canonical\" href=\"https:\/\/www.webdo.tn\/fr\/actualite\/national\/tunisie-5g-tunisie-telecom-pilier-de-la-strategie-de-l-etat\/216566\/\" \/>\n<meta property=\"og:locale\" content=\"fr_FR\" \/>\n<meta property=\"og:type\" content=\"article\" \/>\n<meta property=\"og:title\" content=\"Tunisie - 5G : Tunisie Telecom, pilier de la strat\u00e9gie de l\u2019Etat\" \/>\n<meta property=\"og:description\" content=\"Le Minist\u00e8re des Technologies de la Communication a lanc\u00e9 cet appel d\u2019offres en juillet dernier pour l\u2019attribution de licences d\u2019installation et d\u2019exploitation...\" \/>\n<meta property=\"og:url\" content=\"https:\/\/www.webdo.tn\/fr\/actualite\/national\/tunisie-5g-tunisie-telecom-pilier-de-la-strategie-de-l-etat\/216566\/\" \/>\n<meta property=\"og:site_name\" content=\"webdo\" \/>\n<meta property=\"article:publisher\" content=\"https:\/\/www.facebook.com\/webdotn\" \/>\n<meta property=\"article:published_time\" content=\"2024-09-24T13:32:00+00:00\" \/>\n<meta property=\"og:image\" content=\"https:\/\/www.webdo.tn\/fr\/wp-content\/uploads\/2024\/09\/d12f04d5b61a69e10e9343347ab4ee6e.webp\" \/>\n\t<meta property=\"og:image:width\" content=\"696\" \/>\n\t<meta property=\"og:image:height\" content=\"371\" \/>\n\t<meta property=\"og:image:type\" content=\"image\/webp\" \/>\n<meta name=\"author\" content=\"Monia Bamri\" \/>\n<meta name=\"twitter:card\" content=\"summary_large_image\" \/>\n<meta name=\"twitter:creator\" content=\"@webdo_tn\" \/>\n<meta name=\"twitter:site\" content=\"@webdo_tn\" \/>\n<meta name=\"twitter:label1\" content=\"\u00c9crit par\" \/>\n\t<meta name=\"twitter:data1\" content=\"Monia Bamri\" \/>\n\t<meta name=\"twitter:label2\" content=\"Dur\u00e9e de lecture estim\u00e9e\" \/>\n\t<meta name=\"twitter:data2\" content=\"1 minute\" \/>\n<script type=\"application\/ld+json\" class=\"yoast-schema-graph\">{\"@context\":\"https:\\\/\\\/schema.org\",\"@graph\":[{\"@type\":\"NewsArticle\",\"@id\":\"https:\\\/\\\/www.webdo.tn\\\/fr\\\/actualite\\\/national\\\/tunisie-5g-tunisie-telecom-pilier-de-la-strategie-de-l-etat\\\/216566\\\/#article\",\"isPartOf\":{\"@id\":\"https:\\\/\\\/www.webdo.tn\\\/fr\\\/actualite\\\/national\\\/tunisie-5g-tunisie-telecom-pilier-de-la-strategie-de-l-etat\\\/216566\\\/\"},\"author\":{\"name\":\"Monia Bamri\",\"@id\":\"https:\\\/\\\/www.webdo.tn\\\/fr\\\/#\\\/schema\\\/person\\\/d1da0176a9d8f1249ef4e693c4b29d76\"},\"headline\":\"Tunisie &#8211; 5G : Tunisie Telecom, pilier de la strat\u00e9gie de l\u2019Etat\",\"datePublished\":\"2024-09-24T13:32:00+00:00\",\"mainEntityOfPage\":{\"@id\":\"https:\\\/\\\/www.webdo.tn\\\/fr\\\/actualite\\\/national\\\/tunisie-5g-tunisie-telecom-pilier-de-la-strategie-de-l-etat\\\/216566\\\/\"},\"wordCount\":240,\"commentCount\":0,\"publisher\":{\"@id\":\"https:\\\/\\\/www.webdo.tn\\\/fr\\\/#organization\"},\"image\":{\"@id\":\"https:\\\/\\\/www.webdo.tn\\\/fr\\\/actualite\\\/national\\\/tunisie-5g-tunisie-telecom-pilier-de-la-strategie-de-l-etat\\\/216566\\\/#primaryimage\"},\"thumbnailUrl\":\"https:\\\/\\\/www.webdo.tn\\\/fr\\\/wp-content\\\/uploads\\\/2024\\\/09\\\/d12f04d5b61a69e10e9343347ab4ee6e.webp\",\"keywords\":[\"5G\",\"licence\",\"Tunisie Telecom\"],\"articleSection\":[\"National\"],\"inLanguage\":\"fr-FR\"},{\"@type\":\"WebPage\",\"@id\":\"https:\\\/\\\/www.webdo.tn\\\/fr\\\/actualite\\\/national\\\/tunisie-5g-tunisie-telecom-pilier-de-la-strategie-de-l-etat\\\/216566\\\/\",\"url\":\"https:\\\/\\\/www.webdo.tn\\\/fr\\\/actualite\\\/national\\\/tunisie-5g-tunisie-telecom-pilier-de-la-strategie-de-l-etat\\\/216566\\\/\",\"name\":\"Tunisie - 5G : Tunisie Telecom, pilier de la strat\u00e9gie de l\u2019Etat\",\"isPartOf\":{\"@id\":\"https:\\\/\\\/www.webdo.tn\\\/fr\\\/#website\"},\"primaryImageOfPage\":{\"@id\":\"https:\\\/\\\/www.webdo.tn\\\/fr\\\/actualite\\\/national\\\/tunisie-5g-tunisie-telecom-pilier-de-la-strategie-de-l-etat\\\/216566\\\/#primaryimage\"},\"image\":{\"@id\":\"https:\\\/\\\/www.webdo.tn\\\/fr\\\/actualite\\\/national\\\/tunisie-5g-tunisie-telecom-pilier-de-la-strategie-de-l-etat\\\/216566\\\/#primaryimage\"},\"thumbnailUrl\":\"https:\\\/\\\/www.webdo.tn\\\/fr\\\/wp-content\\\/uploads\\\/2024\\\/09\\\/d12f04d5b61a69e10e9343347ab4ee6e.webp\",\"datePublished\":\"2024-09-24T13:32:00+00:00\",\"description\":\"Le Minist\u00e8re des Technologies de la Communication a lanc\u00e9 cet appel d\u2019offres en juillet dernier pour l\u2019attribution de licences d\u2019installation et d\u2019exploitation...\",\"breadcrumb\":{\"@id\":\"https:\\\/\\\/www.webdo.tn\\\/fr\\\/actualite\\\/national\\\/tunisie-5g-tunisie-telecom-pilier-de-la-strategie-de-l-etat\\\/216566\\\/#breadcrumb\"},\"inLanguage\":\"fr-FR\",\"potentialAction\":[{\"@type\":\"ReadAction\",\"target\":[\"https:\\\/\\\/www.webdo.tn\\\/fr\\\/actualite\\\/national\\\/tunisie-5g-tunisie-telecom-pilier-de-la-strategie-de-l-etat\\\/216566\\\/\"]}]},{\"@type\":\"ImageObject\",\"inLanguage\":\"fr-FR\",\"@id\":\"https:\\\/\\\/www.webdo.tn\\\/fr\\\/actualite\\\/national\\\/tunisie-5g-tunisie-telecom-pilier-de-la-strategie-de-l-etat\\\/216566\\\/#primaryimage\",\"url\":\"https:\\\/\\\/www.webdo.tn\\\/fr\\\/wp-content\\\/uploads\\\/2024\\\/09\\\/d12f04d5b61a69e10e9343347ab4ee6e.webp\",\"contentUrl\":\"https:\\\/\\\/www.webdo.tn\\\/fr\\\/wp-content\\\/uploads\\\/2024\\\/09\\\/d12f04d5b61a69e10e9343347ab4ee6e.webp\",\"width\":696,\"height\":371,\"caption\":\"Tunisie - 5G : Tunisie Telecom, pilier de la strat\u00e9gie de l\u2019Etat\"},{\"@type\":\"BreadcrumbList\",\"@id\":\"https:\\\/\\\/www.webdo.tn\\\/fr\\\/actualite\\\/national\\\/tunisie-5g-tunisie-telecom-pilier-de-la-strategie-de-l-etat\\\/216566\\\/#breadcrumb\",\"itemListElement\":[{\"@type\":\"ListItem\",\"position\":1,\"name\":\"Accueil\",\"item\":\"https:\\\/\\\/www.webdo.tn\\\/fr\\\/\"},{\"@type\":\"ListItem\",\"position\":2,\"name\":\"Tunisie &#8211; 5G : Tunisie Telecom, pilier de la strat\u00e9gie de l\u2019Etat\"}]},{\"@type\":\"WebSite\",\"@id\":\"https:\\\/\\\/www.webdo.tn\\\/fr\\\/#website\",\"url\":\"https:\\\/\\\/www.webdo.tn\\\/fr\\\/\",\"name\":\"webdo\",\"description\":\"Tunisie - News en Tunisie et \u00e0 l&#039;international sur Webdo.tn\",\"publisher\":{\"@id\":\"https:\\\/\\\/www.webdo.tn\\\/fr\\\/#organization\"},\"potentialAction\":[{\"@type\":\"SearchAction\",\"target\":{\"@type\":\"EntryPoint\",\"urlTemplate\":\"https:\\\/\\\/www.webdo.tn\\\/fr\\\/?s={search_term_string}\"},\"query-input\":{\"@type\":\"PropertyValueSpecification\",\"valueRequired\":true,\"valueName\":\"search_term_string\"}}],\"inLanguage\":\"fr-FR\"},{\"@type\":\"Organization\",\"@id\":\"https:\\\/\\\/www.webdo.tn\\\/fr\\\/#organization\",\"name\":\"Webdo\",\"alternateName\":\"Webdo.tn\",\"url\":\"https:\\\/\\\/www.webdo.tn\\\/fr\\\/\",\"logo\":{\"@type\":\"ImageObject\",\"inLanguage\":\"fr-FR\",\"@id\":\"https:\\\/\\\/www.webdo.tn\\\/fr\\\/#\\\/schema\\\/logo\\\/image\\\/\",\"url\":\"https:\\\/\\\/www.webdo.tn\\\/fr\\\/wp-content\\\/uploads\\\/2025\\\/06\\\/Webdo-Tunisie_168377.jpg\",\"contentUrl\":\"https:\\\/\\\/www.webdo.tn\\\/fr\\\/wp-content\\\/uploads\\\/2025\\\/06\\\/Webdo-Tunisie_168377.jpg\",\"width\":301,\"height\":301,\"caption\":\"Webdo\"},\"image\":{\"@id\":\"https:\\\/\\\/www.webdo.tn\\\/fr\\\/#\\\/schema\\\/logo\\\/image\\\/\"},\"sameAs\":[\"https:\\\/\\\/www.facebook.com\\\/webdotn\",\"https:\\\/\\\/x.com\\\/webdo_tn\"],\"description\":\"Webdo est un m\u00e9dia num\u00e9rique tunisien fond\u00e9 en 2010, sp\u00e9cialis\u00e9 dans l\u2019actualit\u00e9 nationale et internationale, l\u2019\u00e9conomie, la soci\u00e9t\u00e9 et les analyses politiques. Le site s\u2019adresse \u00e0 un large public francophone et couvre l\u2019information tunisienne en temps r\u00e9el.\",\"email\":\"redac@webdo.tn\",\"legalName\":\"YNJ SARL\",\"foundingDate\":\"2010-09-06\",\"numberOfEmployees\":{\"@type\":\"QuantitativeValue\",\"minValue\":\"11\",\"maxValue\":\"50\"}},{\"@type\":\"Person\",\"@id\":\"https:\\\/\\\/www.webdo.tn\\\/fr\\\/#\\\/schema\\\/person\\\/d1da0176a9d8f1249ef4e693c4b29d76\",\"name\":\"Monia Bamri\",\"image\":{\"@type\":\"ImageObject\",\"inLanguage\":\"fr-FR\",\"@id\":\"https:\\\/\\\/secure.gravatar.com\\\/avatar\\\/c58780455a919732b490d5fecdfd7a031f652d4d8fc4a988ed16599fe2e07b0c?s=96&d=mm&r=g\",\"url\":\"https:\\\/\\\/secure.gravatar.com\\\/avatar\\\/c58780455a919732b490d5fecdfd7a031f652d4d8fc4a988ed16599fe2e07b0c?s=96&d=mm&r=g\",\"contentUrl\":\"https:\\\/\\\/secure.gravatar.com\\\/avatar\\\/c58780455a919732b490d5fecdfd7a031f652d4d8fc4a988ed16599fe2e07b0c?s=96&d=mm&r=g\",\"caption\":\"Monia Bamri\"},\"url\":\"https:\\\/\\\/www.webdo.tn\\\/fr\\\/actualite\\\/author\\\/monia-bamri\\\/\"}]}<\/script>\n<!-- \/ Yoast SEO Premium plugin. -->","yoast_head_json":{"title":"Tunisie - 5G : Tunisie Telecom, pilier de la strat\u00e9gie de l\u2019Etat","description":"Le Minist\u00e8re des Technologies de la Communication a lanc\u00e9 cet appel d\u2019offres en juillet dernier pour l\u2019attribution de licences d\u2019installation et d\u2019exploitation...","canonical":"https:\/\/www.webdo.tn\/fr\/actualite\/national\/tunisie-5g-tunisie-telecom-pilier-de-la-strategie-de-l-etat\/216566\/","og_locale":"fr_FR","og_type":"article","og_title":"Tunisie - 5G : Tunisie Telecom, pilier de la strat\u00e9gie de l\u2019Etat","og_description":"Le Minist\u00e8re des Technologies de la Communication a lanc\u00e9 cet appel d\u2019offres en juillet dernier pour l\u2019attribution de licences d\u2019installation et d\u2019exploitation...","og_url":"https:\/\/www.webdo.tn\/fr\/actualite\/national\/tunisie-5g-tunisie-telecom-pilier-de-la-strategie-de-l-etat\/216566\/","og_site_name":"webdo","article_publisher":"https:\/\/www.facebook.com\/webdotn","article_published_time":"2024-09-24T13:32:00+00:00","og_image":[{"width":696,"height":371,"url":"https:\/\/www.webdo.tn\/fr\/wp-content\/uploads\/2024\/09\/d12f04d5b61a69e10e9343347ab4ee6e.webp","type":"image\/webp"}],"author":"Monia Bamri","twitter_card":"summary_large_image","twitter_creator":"@webdo_tn","twitter_site":"@webdo_tn","twitter_misc":{"\u00c9crit par":"Monia Bamri","Dur\u00e9e de lecture estim\u00e9e":"1 minute"},"schema":{"@context":"https:\/\/schema.org","@graph":[{"@type":"NewsArticle","@id":"https:\/\/www.webdo.tn\/fr\/actualite\/national\/tunisie-5g-tunisie-telecom-pilier-de-la-strategie-de-l-etat\/216566\/#article","isPartOf":{"@id":"https:\/\/www.webdo.tn\/fr\/actualite\/national\/tunisie-5g-tunisie-telecom-pilier-de-la-strategie-de-l-etat\/216566\/"},"author":{"name":"Monia Bamri","@id":"https:\/\/www.webdo.tn\/fr\/#\/schema\/person\/d1da0176a9d8f1249ef4e693c4b29d76"},"headline":"Tunisie &#8211; 5G : Tunisie Telecom, pilier de la strat\u00e9gie de l\u2019Etat","datePublished":"2024-09-24T13:32:00+00:00","mainEntityOfPage":{"@id":"https:\/\/www.webdo.tn\/fr\/actualite\/national\/tunisie-5g-tunisie-telecom-pilier-de-la-strategie-de-l-etat\/216566\/"},"wordCount":240,"commentCount":0,"publisher":{"@id":"https:\/\/www.webdo.tn\/fr\/#organization"},"image":{"@id":"https:\/\/www.webdo.tn\/fr\/actualite\/national\/tunisie-5g-tunisie-telecom-pilier-de-la-strategie-de-l-etat\/216566\/#primaryimage"},"thumbnailUrl":"https:\/\/www.webdo.tn\/fr\/wp-content\/uploads\/2024\/09\/d12f04d5b61a69e10e9343347ab4ee6e.webp","keywords":["5G","licence","Tunisie Telecom"],"articleSection":["National"],"inLanguage":"fr-FR"},{"@type":"WebPage","@id":"https:\/\/www.webdo.tn\/fr\/actualite\/national\/tunisie-5g-tunisie-telecom-pilier-de-la-strategie-de-l-etat\/216566\/","url":"https:\/\/www.webdo.tn\/fr\/actualite\/national\/tunisie-5g-tunisie-telecom-pilier-de-la-strategie-de-l-etat\/216566\/","name":"Tunisie - 5G : Tunisie Telecom, pilier de la strat\u00e9gie de l\u2019Etat","isPartOf":{"@id":"https:\/\/www.webdo.tn\/fr\/#website"},"primaryImageOfPage":{"@id":"https:\/\/www.webdo.tn\/fr\/actualite\/national\/tunisie-5g-tunisie-telecom-pilier-de-la-strategie-de-l-etat\/216566\/#primaryimage"},"image":{"@id":"https:\/\/www.webdo.tn\/fr\/actualite\/national\/tunisie-5g-tunisie-telecom-pilier-de-la-strategie-de-l-etat\/216566\/#primaryimage"},"thumbnailUrl":"https:\/\/www.webdo.tn\/fr\/wp-content\/uploads\/2024\/09\/d12f04d5b61a69e10e9343347ab4ee6e.webp","datePublished":"2024-09-24T13:32:00+00:00","description":"Le Minist\u00e8re des Technologies de la Communication a lanc\u00e9 cet appel d\u2019offres en juillet dernier pour l\u2019attribution de licences d\u2019installation et d\u2019exploitation...","breadcrumb":{"@id":"https:\/\/www.webdo.tn\/fr\/actualite\/national\/tunisie-5g-tunisie-telecom-pilier-de-la-strategie-de-l-etat\/216566\/#breadcrumb"},"inLanguage":"fr-FR","potentialAction":[{"@type":"ReadAction","target":["https:\/\/www.webdo.tn\/fr\/actualite\/national\/tunisie-5g-tunisie-telecom-pilier-de-la-strategie-de-l-etat\/216566\/"]}]},{"@type":"ImageObject","inLanguage":"fr-FR","@id":"https:\/\/www.webdo.tn\/fr\/actualite\/national\/tunisie-5g-tunisie-telecom-pilier-de-la-strategie-de-l-etat\/216566\/#primaryimage","url":"https:\/\/www.webdo.tn\/fr\/wp-content\/uploads\/2024\/09\/d12f04d5b61a69e10e9343347ab4ee6e.webp","contentUrl":"https:\/\/www.webdo.tn\/fr\/wp-content\/uploads\/2024\/09\/d12f04d5b61a69e10e9343347ab4ee6e.webp","width":696,"height":371,"caption":"Tunisie - 5G : Tunisie Telecom, pilier de la strat\u00e9gie de l\u2019Etat"},{"@type":"BreadcrumbList","@id":"https:\/\/www.webdo.tn\/fr\/actualite\/national\/tunisie-5g-tunisie-telecom-pilier-de-la-strategie-de-l-etat\/216566\/#breadcrumb","itemListElement":[{"@type":"ListItem","position":1,"name":"Accueil","item":"https:\/\/www.webdo.tn\/fr\/"},{"@type":"ListItem","position":2,"name":"Tunisie &#8211; 5G : Tunisie Telecom, pilier de la strat\u00e9gie de l\u2019Etat"}]},{"@type":"WebSite","@id":"https:\/\/www.webdo.tn\/fr\/#website","url":"https:\/\/www.webdo.tn\/fr\/","name":"webdo","description":"Tunisie - News en Tunisie et \u00e0 l&#039;international sur Webdo.tn","publisher":{"@id":"https:\/\/www.webdo.tn\/fr\/#organization"},"potentialAction":[{"@type":"SearchAction","target":{"@type":"EntryPoint","urlTemplate":"https:\/\/www.webdo.tn\/fr\/?s={search_term_string}"},"query-input":{"@type":"PropertyValueSpecification","valueRequired":true,"valueName":"search_term_string"}}],"inLanguage":"fr-FR"},{"@type":"Organization","@id":"https:\/\/www.webdo.tn\/fr\/#organization","name":"Webdo","alternateName":"Webdo.tn","url":"https:\/\/www.webdo.tn\/fr\/","logo":{"@type":"ImageObject","inLanguage":"fr-FR","@id":"https:\/\/www.webdo.tn\/fr\/#\/schema\/logo\/image\/","url":"https:\/\/www.webdo.tn\/fr\/wp-content\/uploads\/2025\/06\/Webdo-Tunisie_168377.jpg","contentUrl":"https:\/\/www.webdo.tn\/fr\/wp-content\/uploads\/2025\/06\/Webdo-Tunisie_168377.jpg","width":301,"height":301,"caption":"Webdo"},"image":{"@id":"https:\/\/www.webdo.tn\/fr\/#\/schema\/logo\/image\/"},"sameAs":["https:\/\/www.facebook.com\/webdotn","https:\/\/x.com\/webdo_tn"],"description":"Webdo est un m\u00e9dia num\u00e9rique tunisien fond\u00e9 en 2010, sp\u00e9cialis\u00e9 dans l\u2019actualit\u00e9 nationale et internationale, l\u2019\u00e9conomie, la soci\u00e9t\u00e9 et les analyses politiques. Le site s\u2019adresse \u00e0 un large public francophone et couvre l\u2019information tunisienne en temps r\u00e9el.","email":"redac@webdo.tn","legalName":"YNJ SARL","foundingDate":"2010-09-06","numberOfEmployees":{"@type":"QuantitativeValue","minValue":"11","maxValue":"50"}},{"@type":"Person","@id":"https:\/\/www.webdo.tn\/fr\/#\/schema\/person\/d1da0176a9d8f1249ef4e693c4b29d76","name":"Monia Bamri","image":{"@type":"ImageObject","inLanguage":"fr-FR","@id":"https:\/\/secure.gravatar.com\/avatar\/c58780455a919732b490d5fecdfd7a031f652d4d8fc4a988ed16599fe2e07b0c?s=96&d=mm&r=g","url":"https:\/\/secure.gravatar.com\/avatar\/c58780455a919732b490d5fecdfd7a031f652d4d8fc4a988ed16599fe2e07b0c?s=96&d=mm&r=g","contentUrl":"https:\/\/secure.gravatar.com\/avatar\/c58780455a919732b490d5fecdfd7a031f652d4d8fc4a988ed16599fe2e07b0c?s=96&d=mm&r=g","caption":"Monia Bamri"},"url":"https:\/\/www.webdo.tn\/fr\/actualite\/author\/monia-bamri\/"}]}},"_links":{"self":[{"href":"https:\/\/www.webdo.tn\/fr\/wp-json\/wp\/v2\/posts\/216566","targetHints":{"allow":["GET"]}}],"collection":[{"href":"https:\/\/www.webdo.tn\/fr\/wp-json\/wp\/v2\/posts"}],"about":[{"href":"https:\/\/www.webdo.tn\/fr\/wp-json\/wp\/v2\/types\/post"}],"author":[{"embeddable":true,"href":"https:\/\/www.webdo.tn\/fr\/wp-json\/wp\/v2\/users\/4780"}],"replies":[{"embeddable":true,"href":"https:\/\/www.webdo.tn\/fr\/wp-json\/wp\/v2\/comments?post=216566"}],"version-history":[{"count":0,"href":"https:\/\/www.webdo.tn\/fr\/wp-json\/wp\/v2\/posts\/216566\/revisions"}],"wp:featuredmedia":[{"embeddable":true,"href":"https:\/\/www.webdo.tn\/fr\/wp-json\/wp\/v2\/media\/291091"}],"wp:attachment":[{"href":"https:\/\/www.webdo.tn\/fr\/wp-json\/wp\/v2\/media?parent=216566"}],"wp:term":[{"taxonomy":"category","embeddable":true,"href":"https:\/\/www.webdo.tn\/fr\/wp-json\/wp\/v2\/categories?post=216566"},{"taxonomy":"post_tag","embeddable":true,"href":"https:\/\/www.webdo.tn\/fr\/wp-json\/wp\/v2\/tags?post=216566"}],"curies":[{"name":"wp","href":"https:\/\/api.w.org\/{rel}","templated":true}]}}