{"id":216558,"date":"2024-09-24T09:00:00","date_gmt":"2024-09-24T09:00:00","guid":{"rendered":"https:\/\/www.webdo.tn\/fr\/blog\/tunisie-la-detention-de-riadh-ben-fadhl-prolongee\/216558\/"},"modified":"2025-05-20T21:48:34","modified_gmt":"2025-05-20T21:48:34","slug":"tunisie-la-detention-de-riadh-ben-fadhl-prolongee","status":"publish","type":"post","link":"https:\/\/www.webdo.tn\/fr\/actualite\/national\/tunisie-la-detention-de-riadh-ben-fadhl-prolongee\/216558\/","title":{"rendered":"Tunisie : La d\u00e9tention de Riadh Ben Fadhl prolong\u00e9e"},"content":{"rendered":"<p>Arr\u00eat\u00e9 le 14 novembre 2023 \u00e0 l&rsquo;a\u00e9roport de Tunis-Carthage et ayant fait l\u2019objet d\u2019un mandat de d\u00e9p\u00f4t, condamn\u00e9 \u00e0 quatre ans et demi de prison pour des crimes douaniers et financiers le coordinateur g\u00e9n\u00e9ral du parti Al Qotb, Riadh Ben Fadhl, a vu sa d\u00e9tention prolong\u00e9e de quatre mois suppl\u00e9mentaires.<\/p>\n<p>\t\t\t\t\t\t\t\t\tLe 14 novembre 2023, Riadh Ben Fadhl avait \u00e9t\u00e9 arr\u00eat\u00e9 dans le cadre d\u2019une affaire d\u2019acquisition de biens confisqu\u00e9s. Le juge d&rsquo;instruction du P\u00f4le judiciaire financier avait d\u00e9livr\u00e9, le 24 novembre 2023, un mandat de d\u00e9p\u00f4t \u00e0 son encontre.<\/p>\n<p>Hier, le juge d&rsquo;instruction au P\u00f4le financier a prolong\u00e9 sa d\u00e9tention pr\u00e9ventive de quatre mois suppl\u00e9mentaires sur la base du mandat de d\u00e9p\u00f4t d\u00e9livr\u00e9 contre lui pour des soup\u00e7ons de blanchiment d&rsquo;argent et d&rsquo;acquisition litigieuse de biens confisqu\u00e9s.<\/p>\n<p>Par ailleurs, le 30 mai dernier, la chambre sp\u00e9cialis\u00e9e dans les affaires de corruption financi\u00e8re pr\u00e8s le Tribunal de premi\u00e8re instance de Tunis avait condamn\u00e9 Riadh Ben Fadhl dans une autre affaire \u00e0 une peine de 4 ans et 6 mois de prison, assortie d&rsquo;une amende de deux millions de dinars pour des crimes douaniers et financiers.<\/p>\n<p>Selon la justice Riadh Ben Fadhl est impliqu\u00e9 dans des crimes financiers li\u00e9s \u00e0 des op\u00e9rations d&rsquo;exportation ill\u00e9gales, \u00e0 l&rsquo;ouverture d&rsquo;un compte bancaire \u00e0 l&rsquo;\u00e9tranger en violation des lois en vigueur, \u00e0 des transactions financi\u00e8res \u00e0 l&rsquo;\u00e9tranger et \u00e0 la non-r\u00e9int\u00e9gration des produits des exportations.<\/p>\n","protected":false},"excerpt":{"rendered":"<p>Le coordinateur g\u00e9n\u00e9ral du parti Al Qotb, Riadh Ben Fadhl, a vu sa d\u00e9tention prolong\u00e9e de quatre mois suppl\u00e9mentaires.<\/p>\n","protected":false},"author":3162,"featured_media":246489,"comment_status":"open","ping_status":"closed","sticky":false,"template":"","format":"standard","meta":{"footnotes":""},"categories":[44],"tags":[3495,3286,5626,2608],"class_list":["post-216558","post","type-post","status-publish","format-standard","has-post-thumbnail","hentry","category-national","tag-biens-confisques","tag-detention","tag-riadh-ben-fadhl","tag-tunisie"],"yoast_head":"<!-- This site is optimized with the Yoast SEO Premium plugin v27.4 (Yoast SEO v27.5) - https:\/\/yoast.com\/product\/yoast-seo-premium-wordpress\/ -->\n<title>Tunisie : La d\u00e9tention de Riadh Ben Fadhl prolong\u00e9e<\/title>\n<meta name=\"description\" content=\"Le coordinateur g\u00e9n\u00e9ral du parti Al Qotb, Riadh Ben Fadhl, a vu sa d\u00e9tention prolong\u00e9e de quatre mois suppl\u00e9mentaires.\" \/>\n<link rel=\"canonical\" href=\"https:\/\/www.webdo.tn\/fr\/actualite\/national\/tunisie-la-detention-de-riadh-ben-fadhl-prolongee\/216558\/\" \/>\n<meta property=\"og:locale\" content=\"fr_FR\" \/>\n<meta property=\"og:type\" content=\"article\" \/>\n<meta property=\"og:title\" content=\"Tunisie : La d\u00e9tention de Riadh Ben Fadhl prolong\u00e9e\" \/>\n<meta property=\"og:description\" content=\"Le coordinateur g\u00e9n\u00e9ral du parti Al Qotb, Riadh Ben Fadhl, a vu sa d\u00e9tention prolong\u00e9e de quatre mois suppl\u00e9mentaires.\" \/>\n<meta property=\"og:url\" content=\"https:\/\/www.webdo.tn\/fr\/actualite\/national\/tunisie-la-detention-de-riadh-ben-fadhl-prolongee\/216558\/\" \/>\n<meta property=\"og:site_name\" content=\"webdo\" \/>\n<meta property=\"article:publisher\" content=\"https:\/\/www.facebook.com\/webdotn\" \/>\n<meta property=\"article:published_time\" content=\"2024-09-24T09:00:00+00:00\" \/>\n<meta property=\"article:modified_time\" content=\"2025-05-20T21:48:34+00:00\" \/>\n<meta property=\"og:image\" content=\"https:\/\/www.webdo.tn\/fr\/wp-content\/uploads\/2024\/09\/4c2a6c38e45d7180484cc4640a87b22a.webp\" \/>\n\t<meta property=\"og:image:width\" content=\"750\" \/>\n\t<meta property=\"og:image:height\" content=\"400\" \/>\n\t<meta property=\"og:image:type\" content=\"image\/webp\" \/>\n<meta name=\"author\" content=\"MC\" \/>\n<meta name=\"twitter:card\" content=\"summary_large_image\" \/>\n<meta name=\"twitter:creator\" content=\"@webdo_tn\" \/>\n<meta name=\"twitter:site\" content=\"@webdo_tn\" \/>\n<meta name=\"twitter:label1\" content=\"\u00c9crit par\" \/>\n\t<meta name=\"twitter:data1\" content=\"MC\" \/>\n\t<meta name=\"twitter:label2\" content=\"Dur\u00e9e de lecture estim\u00e9e\" \/>\n\t<meta name=\"twitter:data2\" content=\"1 minute\" \/>\n<script type=\"application\/ld+json\" class=\"yoast-schema-graph\">{\"@context\":\"https:\\\/\\\/schema.org\",\"@graph\":[{\"@type\":\"NewsArticle\",\"@id\":\"https:\\\/\\\/www.webdo.tn\\\/fr\\\/actualite\\\/national\\\/tunisie-la-detention-de-riadh-ben-fadhl-prolongee\\\/216558\\\/#article\",\"isPartOf\":{\"@id\":\"https:\\\/\\\/www.webdo.tn\\\/fr\\\/actualite\\\/national\\\/tunisie-la-detention-de-riadh-ben-fadhl-prolongee\\\/216558\\\/\"},\"author\":{\"name\":\"MC\",\"@id\":\"https:\\\/\\\/www.webdo.tn\\\/fr\\\/#\\\/schema\\\/person\\\/2c4929cbf5a809e3bd38617c6ce150f6\"},\"headline\":\"Tunisie : La d\u00e9tention de Riadh Ben Fadhl prolong\u00e9e\",\"datePublished\":\"2024-09-24T09:00:00+00:00\",\"dateModified\":\"2025-05-20T21:48:34+00:00\",\"mainEntityOfPage\":{\"@id\":\"https:\\\/\\\/www.webdo.tn\\\/fr\\\/actualite\\\/national\\\/tunisie-la-detention-de-riadh-ben-fadhl-prolongee\\\/216558\\\/\"},\"wordCount\":270,\"commentCount\":0,\"publisher\":{\"@id\":\"https:\\\/\\\/www.webdo.tn\\\/fr\\\/#organization\"},\"image\":{\"@id\":\"https:\\\/\\\/www.webdo.tn\\\/fr\\\/actualite\\\/national\\\/tunisie-la-detention-de-riadh-ben-fadhl-prolongee\\\/216558\\\/#primaryimage\"},\"thumbnailUrl\":\"https:\\\/\\\/www.webdo.tn\\\/fr\\\/wp-content\\\/uploads\\\/2024\\\/09\\\/4c2a6c38e45d7180484cc4640a87b22a.webp\",\"keywords\":[\"biens confisqu\u00e9s\",\"d\u00e9tention\",\"riadh ben fadhl\",\"Tunisie\"],\"articleSection\":[\"National\"],\"inLanguage\":\"fr-FR\"},{\"@type\":\"WebPage\",\"@id\":\"https:\\\/\\\/www.webdo.tn\\\/fr\\\/actualite\\\/national\\\/tunisie-la-detention-de-riadh-ben-fadhl-prolongee\\\/216558\\\/\",\"url\":\"https:\\\/\\\/www.webdo.tn\\\/fr\\\/actualite\\\/national\\\/tunisie-la-detention-de-riadh-ben-fadhl-prolongee\\\/216558\\\/\",\"name\":\"Tunisie : La d\u00e9tention de Riadh Ben Fadhl prolong\u00e9e\",\"isPartOf\":{\"@id\":\"https:\\\/\\\/www.webdo.tn\\\/fr\\\/#website\"},\"primaryImageOfPage\":{\"@id\":\"https:\\\/\\\/www.webdo.tn\\\/fr\\\/actualite\\\/national\\\/tunisie-la-detention-de-riadh-ben-fadhl-prolongee\\\/216558\\\/#primaryimage\"},\"image\":{\"@id\":\"https:\\\/\\\/www.webdo.tn\\\/fr\\\/actualite\\\/national\\\/tunisie-la-detention-de-riadh-ben-fadhl-prolongee\\\/216558\\\/#primaryimage\"},\"thumbnailUrl\":\"https:\\\/\\\/www.webdo.tn\\\/fr\\\/wp-content\\\/uploads\\\/2024\\\/09\\\/4c2a6c38e45d7180484cc4640a87b22a.webp\",\"datePublished\":\"2024-09-24T09:00:00+00:00\",\"dateModified\":\"2025-05-20T21:48:34+00:00\",\"description\":\"Le coordinateur g\u00e9n\u00e9ral du parti Al Qotb, Riadh Ben Fadhl, a vu sa d\u00e9tention prolong\u00e9e de quatre mois suppl\u00e9mentaires.\",\"breadcrumb\":{\"@id\":\"https:\\\/\\\/www.webdo.tn\\\/fr\\\/actualite\\\/national\\\/tunisie-la-detention-de-riadh-ben-fadhl-prolongee\\\/216558\\\/#breadcrumb\"},\"inLanguage\":\"fr-FR\",\"potentialAction\":[{\"@type\":\"ReadAction\",\"target\":[\"https:\\\/\\\/www.webdo.tn\\\/fr\\\/actualite\\\/national\\\/tunisie-la-detention-de-riadh-ben-fadhl-prolongee\\\/216558\\\/\"]}]},{\"@type\":\"ImageObject\",\"inLanguage\":\"fr-FR\",\"@id\":\"https:\\\/\\\/www.webdo.tn\\\/fr\\\/actualite\\\/national\\\/tunisie-la-detention-de-riadh-ben-fadhl-prolongee\\\/216558\\\/#primaryimage\",\"url\":\"https:\\\/\\\/www.webdo.tn\\\/fr\\\/wp-content\\\/uploads\\\/2024\\\/09\\\/4c2a6c38e45d7180484cc4640a87b22a.webp\",\"contentUrl\":\"https:\\\/\\\/www.webdo.tn\\\/fr\\\/wp-content\\\/uploads\\\/2024\\\/09\\\/4c2a6c38e45d7180484cc4640a87b22a.webp\",\"width\":750,\"height\":400,\"caption\":\"Tunisie : La d\u00e9tention de Riadh Ben Fadhl prolong\u00e9e\"},{\"@type\":\"BreadcrumbList\",\"@id\":\"https:\\\/\\\/www.webdo.tn\\\/fr\\\/actualite\\\/national\\\/tunisie-la-detention-de-riadh-ben-fadhl-prolongee\\\/216558\\\/#breadcrumb\",\"itemListElement\":[{\"@type\":\"ListItem\",\"position\":1,\"name\":\"Accueil\",\"item\":\"https:\\\/\\\/www.webdo.tn\\\/fr\\\/\"},{\"@type\":\"ListItem\",\"position\":2,\"name\":\"Tunisie : La d\u00e9tention de Riadh Ben Fadhl prolong\u00e9e\"}]},{\"@type\":\"WebSite\",\"@id\":\"https:\\\/\\\/www.webdo.tn\\\/fr\\\/#website\",\"url\":\"https:\\\/\\\/www.webdo.tn\\\/fr\\\/\",\"name\":\"webdo\",\"description\":\"Tunisie - News en Tunisie et \u00e0 l&#039;international sur Webdo.tn\",\"publisher\":{\"@id\":\"https:\\\/\\\/www.webdo.tn\\\/fr\\\/#organization\"},\"potentialAction\":[{\"@type\":\"SearchAction\",\"target\":{\"@type\":\"EntryPoint\",\"urlTemplate\":\"https:\\\/\\\/www.webdo.tn\\\/fr\\\/?s={search_term_string}\"},\"query-input\":{\"@type\":\"PropertyValueSpecification\",\"valueRequired\":true,\"valueName\":\"search_term_string\"}}],\"inLanguage\":\"fr-FR\"},{\"@type\":\"Organization\",\"@id\":\"https:\\\/\\\/www.webdo.tn\\\/fr\\\/#organization\",\"name\":\"Webdo\",\"alternateName\":\"Webdo.tn\",\"url\":\"https:\\\/\\\/www.webdo.tn\\\/fr\\\/\",\"logo\":{\"@type\":\"ImageObject\",\"inLanguage\":\"fr-FR\",\"@id\":\"https:\\\/\\\/www.webdo.tn\\\/fr\\\/#\\\/schema\\\/logo\\\/image\\\/\",\"url\":\"https:\\\/\\\/www.webdo.tn\\\/fr\\\/wp-content\\\/uploads\\\/2025\\\/06\\\/Webdo-Tunisie_168377.jpg\",\"contentUrl\":\"https:\\\/\\\/www.webdo.tn\\\/fr\\\/wp-content\\\/uploads\\\/2025\\\/06\\\/Webdo-Tunisie_168377.jpg\",\"width\":301,\"height\":301,\"caption\":\"Webdo\"},\"image\":{\"@id\":\"https:\\\/\\\/www.webdo.tn\\\/fr\\\/#\\\/schema\\\/logo\\\/image\\\/\"},\"sameAs\":[\"https:\\\/\\\/www.facebook.com\\\/webdotn\",\"https:\\\/\\\/x.com\\\/webdo_tn\"],\"description\":\"Webdo est un m\u00e9dia num\u00e9rique tunisien fond\u00e9 en 2010, sp\u00e9cialis\u00e9 dans l\u2019actualit\u00e9 nationale et internationale, l\u2019\u00e9conomie, la soci\u00e9t\u00e9 et les analyses politiques. Le site s\u2019adresse \u00e0 un large public francophone et couvre l\u2019information tunisienne en temps r\u00e9el.\",\"email\":\"redac@webdo.tn\",\"legalName\":\"YNJ SARL\",\"foundingDate\":\"2010-09-06\",\"numberOfEmployees\":{\"@type\":\"QuantitativeValue\",\"minValue\":\"11\",\"maxValue\":\"50\"}},{\"@type\":\"Person\",\"@id\":\"https:\\\/\\\/www.webdo.tn\\\/fr\\\/#\\\/schema\\\/person\\\/2c4929cbf5a809e3bd38617c6ce150f6\",\"name\":\"MC\",\"image\":{\"@type\":\"ImageObject\",\"inLanguage\":\"fr-FR\",\"@id\":\"https:\\\/\\\/secure.gravatar.com\\\/avatar\\\/a545bbb6f84efdd5553dbbc2895e3ca8f1d12c5215e00a041c9670b54aa9b18a?s=96&d=mm&r=g\",\"url\":\"https:\\\/\\\/secure.gravatar.com\\\/avatar\\\/a545bbb6f84efdd5553dbbc2895e3ca8f1d12c5215e00a041c9670b54aa9b18a?s=96&d=mm&r=g\",\"contentUrl\":\"https:\\\/\\\/secure.gravatar.com\\\/avatar\\\/a545bbb6f84efdd5553dbbc2895e3ca8f1d12c5215e00a041c9670b54aa9b18a?s=96&d=mm&r=g\",\"caption\":\"MC\"},\"url\":\"https:\\\/\\\/www.webdo.tn\\\/fr\\\/actualite\\\/author\\\/mc\\\/\"}]}<\/script>\n<!-- \/ Yoast SEO Premium plugin. -->","yoast_head_json":{"title":"Tunisie : La d\u00e9tention de Riadh Ben Fadhl prolong\u00e9e","description":"Le coordinateur g\u00e9n\u00e9ral du parti Al Qotb, Riadh Ben Fadhl, a vu sa d\u00e9tention prolong\u00e9e de quatre mois suppl\u00e9mentaires.","canonical":"https:\/\/www.webdo.tn\/fr\/actualite\/national\/tunisie-la-detention-de-riadh-ben-fadhl-prolongee\/216558\/","og_locale":"fr_FR","og_type":"article","og_title":"Tunisie : La d\u00e9tention de Riadh Ben Fadhl prolong\u00e9e","og_description":"Le coordinateur g\u00e9n\u00e9ral du parti Al Qotb, Riadh Ben Fadhl, a vu sa d\u00e9tention prolong\u00e9e de quatre mois suppl\u00e9mentaires.","og_url":"https:\/\/www.webdo.tn\/fr\/actualite\/national\/tunisie-la-detention-de-riadh-ben-fadhl-prolongee\/216558\/","og_site_name":"webdo","article_publisher":"https:\/\/www.facebook.com\/webdotn","article_published_time":"2024-09-24T09:00:00+00:00","article_modified_time":"2025-05-20T21:48:34+00:00","og_image":[{"width":750,"height":400,"url":"https:\/\/www.webdo.tn\/fr\/wp-content\/uploads\/2024\/09\/4c2a6c38e45d7180484cc4640a87b22a.webp","type":"image\/webp"}],"author":"MC","twitter_card":"summary_large_image","twitter_creator":"@webdo_tn","twitter_site":"@webdo_tn","twitter_misc":{"\u00c9crit par":"MC","Dur\u00e9e de lecture estim\u00e9e":"1 minute"},"schema":{"@context":"https:\/\/schema.org","@graph":[{"@type":"NewsArticle","@id":"https:\/\/www.webdo.tn\/fr\/actualite\/national\/tunisie-la-detention-de-riadh-ben-fadhl-prolongee\/216558\/#article","isPartOf":{"@id":"https:\/\/www.webdo.tn\/fr\/actualite\/national\/tunisie-la-detention-de-riadh-ben-fadhl-prolongee\/216558\/"},"author":{"name":"MC","@id":"https:\/\/www.webdo.tn\/fr\/#\/schema\/person\/2c4929cbf5a809e3bd38617c6ce150f6"},"headline":"Tunisie : La d\u00e9tention de Riadh Ben Fadhl prolong\u00e9e","datePublished":"2024-09-24T09:00:00+00:00","dateModified":"2025-05-20T21:48:34+00:00","mainEntityOfPage":{"@id":"https:\/\/www.webdo.tn\/fr\/actualite\/national\/tunisie-la-detention-de-riadh-ben-fadhl-prolongee\/216558\/"},"wordCount":270,"commentCount":0,"publisher":{"@id":"https:\/\/www.webdo.tn\/fr\/#organization"},"image":{"@id":"https:\/\/www.webdo.tn\/fr\/actualite\/national\/tunisie-la-detention-de-riadh-ben-fadhl-prolongee\/216558\/#primaryimage"},"thumbnailUrl":"https:\/\/www.webdo.tn\/fr\/wp-content\/uploads\/2024\/09\/4c2a6c38e45d7180484cc4640a87b22a.webp","keywords":["biens confisqu\u00e9s","d\u00e9tention","riadh ben fadhl","Tunisie"],"articleSection":["National"],"inLanguage":"fr-FR"},{"@type":"WebPage","@id":"https:\/\/www.webdo.tn\/fr\/actualite\/national\/tunisie-la-detention-de-riadh-ben-fadhl-prolongee\/216558\/","url":"https:\/\/www.webdo.tn\/fr\/actualite\/national\/tunisie-la-detention-de-riadh-ben-fadhl-prolongee\/216558\/","name":"Tunisie : La d\u00e9tention de Riadh Ben Fadhl prolong\u00e9e","isPartOf":{"@id":"https:\/\/www.webdo.tn\/fr\/#website"},"primaryImageOfPage":{"@id":"https:\/\/www.webdo.tn\/fr\/actualite\/national\/tunisie-la-detention-de-riadh-ben-fadhl-prolongee\/216558\/#primaryimage"},"image":{"@id":"https:\/\/www.webdo.tn\/fr\/actualite\/national\/tunisie-la-detention-de-riadh-ben-fadhl-prolongee\/216558\/#primaryimage"},"thumbnailUrl":"https:\/\/www.webdo.tn\/fr\/wp-content\/uploads\/2024\/09\/4c2a6c38e45d7180484cc4640a87b22a.webp","datePublished":"2024-09-24T09:00:00+00:00","dateModified":"2025-05-20T21:48:34+00:00","description":"Le coordinateur g\u00e9n\u00e9ral du parti Al Qotb, Riadh Ben Fadhl, a vu sa d\u00e9tention prolong\u00e9e de quatre mois suppl\u00e9mentaires.","breadcrumb":{"@id":"https:\/\/www.webdo.tn\/fr\/actualite\/national\/tunisie-la-detention-de-riadh-ben-fadhl-prolongee\/216558\/#breadcrumb"},"inLanguage":"fr-FR","potentialAction":[{"@type":"ReadAction","target":["https:\/\/www.webdo.tn\/fr\/actualite\/national\/tunisie-la-detention-de-riadh-ben-fadhl-prolongee\/216558\/"]}]},{"@type":"ImageObject","inLanguage":"fr-FR","@id":"https:\/\/www.webdo.tn\/fr\/actualite\/national\/tunisie-la-detention-de-riadh-ben-fadhl-prolongee\/216558\/#primaryimage","url":"https:\/\/www.webdo.tn\/fr\/wp-content\/uploads\/2024\/09\/4c2a6c38e45d7180484cc4640a87b22a.webp","contentUrl":"https:\/\/www.webdo.tn\/fr\/wp-content\/uploads\/2024\/09\/4c2a6c38e45d7180484cc4640a87b22a.webp","width":750,"height":400,"caption":"Tunisie : La d\u00e9tention de Riadh Ben Fadhl prolong\u00e9e"},{"@type":"BreadcrumbList","@id":"https:\/\/www.webdo.tn\/fr\/actualite\/national\/tunisie-la-detention-de-riadh-ben-fadhl-prolongee\/216558\/#breadcrumb","itemListElement":[{"@type":"ListItem","position":1,"name":"Accueil","item":"https:\/\/www.webdo.tn\/fr\/"},{"@type":"ListItem","position":2,"name":"Tunisie : La d\u00e9tention de Riadh Ben Fadhl prolong\u00e9e"}]},{"@type":"WebSite","@id":"https:\/\/www.webdo.tn\/fr\/#website","url":"https:\/\/www.webdo.tn\/fr\/","name":"webdo","description":"Tunisie - News en Tunisie et \u00e0 l&#039;international sur Webdo.tn","publisher":{"@id":"https:\/\/www.webdo.tn\/fr\/#organization"},"potentialAction":[{"@type":"SearchAction","target":{"@type":"EntryPoint","urlTemplate":"https:\/\/www.webdo.tn\/fr\/?s={search_term_string}"},"query-input":{"@type":"PropertyValueSpecification","valueRequired":true,"valueName":"search_term_string"}}],"inLanguage":"fr-FR"},{"@type":"Organization","@id":"https:\/\/www.webdo.tn\/fr\/#organization","name":"Webdo","alternateName":"Webdo.tn","url":"https:\/\/www.webdo.tn\/fr\/","logo":{"@type":"ImageObject","inLanguage":"fr-FR","@id":"https:\/\/www.webdo.tn\/fr\/#\/schema\/logo\/image\/","url":"https:\/\/www.webdo.tn\/fr\/wp-content\/uploads\/2025\/06\/Webdo-Tunisie_168377.jpg","contentUrl":"https:\/\/www.webdo.tn\/fr\/wp-content\/uploads\/2025\/06\/Webdo-Tunisie_168377.jpg","width":301,"height":301,"caption":"Webdo"},"image":{"@id":"https:\/\/www.webdo.tn\/fr\/#\/schema\/logo\/image\/"},"sameAs":["https:\/\/www.facebook.com\/webdotn","https:\/\/x.com\/webdo_tn"],"description":"Webdo est un m\u00e9dia num\u00e9rique tunisien fond\u00e9 en 2010, sp\u00e9cialis\u00e9 dans l\u2019actualit\u00e9 nationale et internationale, l\u2019\u00e9conomie, la soci\u00e9t\u00e9 et les analyses politiques. Le site s\u2019adresse \u00e0 un large public francophone et couvre l\u2019information tunisienne en temps r\u00e9el.","email":"redac@webdo.tn","legalName":"YNJ SARL","foundingDate":"2010-09-06","numberOfEmployees":{"@type":"QuantitativeValue","minValue":"11","maxValue":"50"}},{"@type":"Person","@id":"https:\/\/www.webdo.tn\/fr\/#\/schema\/person\/2c4929cbf5a809e3bd38617c6ce150f6","name":"MC","image":{"@type":"ImageObject","inLanguage":"fr-FR","@id":"https:\/\/secure.gravatar.com\/avatar\/a545bbb6f84efdd5553dbbc2895e3ca8f1d12c5215e00a041c9670b54aa9b18a?s=96&d=mm&r=g","url":"https:\/\/secure.gravatar.com\/avatar\/a545bbb6f84efdd5553dbbc2895e3ca8f1d12c5215e00a041c9670b54aa9b18a?s=96&d=mm&r=g","contentUrl":"https:\/\/secure.gravatar.com\/avatar\/a545bbb6f84efdd5553dbbc2895e3ca8f1d12c5215e00a041c9670b54aa9b18a?s=96&d=mm&r=g","caption":"MC"},"url":"https:\/\/www.webdo.tn\/fr\/actualite\/author\/mc\/"}]}},"_links":{"self":[{"href":"https:\/\/www.webdo.tn\/fr\/wp-json\/wp\/v2\/posts\/216558","targetHints":{"allow":["GET"]}}],"collection":[{"href":"https:\/\/www.webdo.tn\/fr\/wp-json\/wp\/v2\/posts"}],"about":[{"href":"https:\/\/www.webdo.tn\/fr\/wp-json\/wp\/v2\/types\/post"}],"author":[{"embeddable":true,"href":"https:\/\/www.webdo.tn\/fr\/wp-json\/wp\/v2\/users\/3162"}],"replies":[{"embeddable":true,"href":"https:\/\/www.webdo.tn\/fr\/wp-json\/wp\/v2\/comments?post=216558"}],"version-history":[{"count":0,"href":"https:\/\/www.webdo.tn\/fr\/wp-json\/wp\/v2\/posts\/216558\/revisions"}],"wp:featuredmedia":[{"embeddable":true,"href":"https:\/\/www.webdo.tn\/fr\/wp-json\/wp\/v2\/media\/246489"}],"wp:attachment":[{"href":"https:\/\/www.webdo.tn\/fr\/wp-json\/wp\/v2\/media?parent=216558"}],"wp:term":[{"taxonomy":"category","embeddable":true,"href":"https:\/\/www.webdo.tn\/fr\/wp-json\/wp\/v2\/categories?post=216558"},{"taxonomy":"post_tag","embeddable":true,"href":"https:\/\/www.webdo.tn\/fr\/wp-json\/wp\/v2\/tags?post=216558"}],"curies":[{"name":"wp","href":"https:\/\/api.w.org\/{rel}","templated":true}]}}