{"id":216522,"date":"2024-09-21T10:17:00","date_gmt":"2024-09-21T10:17:00","guid":{"rendered":"https:\/\/www.webdo.tn\/fr\/blog\/tunisie-la-tv-nationale-refuse-d-enregistrer-le-message-libre-du-candidat-ayachi-zammel\/216522\/"},"modified":"2025-05-20T22:34:46","modified_gmt":"2025-05-20T22:34:46","slug":"tunisie-la-tv-nationale-refuse-d-enregistrer-le-message-libre-du-candidat-ayachi-zammel","status":"publish","type":"post","link":"https:\/\/www.webdo.tn\/fr\/actualite\/national\/tunisie-la-tv-nationale-refuse-d-enregistrer-le-message-libre-du-candidat-ayachi-zammel\/216522\/","title":{"rendered":"Tunisie : La TV nationale refuse d&rsquo;enregistrer le message du candidat Ayachi Zammel"},"content":{"rendered":"<p>Le bureau de campagne du candidat \u00e0 l\u2019\u00e9lection pr\u00e9sidentielle Ayachi Zammel a publi\u00e9 un communiqu\u00e9, exprimant sa \u00ab\u00a0profonde indignation\u00a0\u00bb face au refus de la T\u00e9l\u00e9vision nationale, le 20 septembre 2024, d\u2019enregistrer le message libre de son candidat par le biais de son repr\u00e9sentant.<\/p>\n<p>\t\t\t\t\t\t\t\t\tL\u2019\u00e9quipe de campagne d&rsquo;Ayachi Zammel a pr\u00e9cis\u00e9 que ce refus intervient malgr\u00e9 l&rsquo;accord pr\u00e9alable d&rsquo;autoriser la pr\u00e9sence d&rsquo;un repr\u00e9sentant, lors du tirage au sort effectu\u00e9 en pr\u00e9sence d&rsquo;un huissier. Elle consid\u00e8re cette action comme une \u00ab\u00a0autre forme d&rsquo;exclusion\u00a0\u00bb du candidat, l&#8217;emp\u00eachant de faire conna\u00eetre son programme \u00e9lectoral via la t\u00e9l\u00e9vision publique, \u00e0 l&rsquo;instar des autres candidats. Cela serait \u00e9galement une pr\u00e9paration \u00e0 son exclusion du d\u00e9bat direct pr\u00e9vu le 26 septembre et une tentative d&rsquo;\u00e9viter le d\u00e9bat \u00e9lectoral attendu, indique le communiqu\u00e9.<\/p>\n<p>Le bureau de campagne a r\u00e9affirm\u00e9 le droit du candidat \u00e0 une communication directe avec les \u00e9lecteurs \u00e0 travers des rencontres t\u00e9l\u00e9vis\u00e9es et des d\u00e9bats \u00e9lectoraux. Il a appel\u00e9 \u00e0 l&rsquo;organisation d&rsquo;un d\u00e9bat r\u00e9unissant les trois candidats et a demand\u00e9 \u00e0 l&rsquo;Instance sup\u00e9rieure ind\u00e9pendante des \u00e9lections de prot\u00e9ger le droit du candidat \u00e0 s&rsquo;exprimer et \u00e0 mener sa campagne \u00e9lectorale, garantissant ainsi son interaction avec les \u00e9lecteurs tant en Tunisie qu&rsquo;\u00e0 l&rsquo;\u00e9tranger.<\/p>\n<p>Le bureau a d\u00e9nonc\u00e9 les injustices subies par le candidat, qualifiant ces tentatives de \u00ab\u00a0pressions\u00a0\u00bb sur sa campagne \u00e9lectorale, en affirmant que ces politiques visaient \u00e0 le priver de son droit de communiquer avec les \u00e9lecteurs et d&rsquo;informer ceux-ci sur les programmes \u00e9lectoraux.<\/p>\n<p>Il a \u00e9galement condamn\u00e9 ce qu&rsquo;il a qualifi\u00e9 de \u00ab\u00a0partialit\u00e9\u00a0\u00bb de la t\u00e9l\u00e9vision nationale, qui devrait \u00eatre un service public ind\u00e9pendant.<\/p>\n<p>Rappelons qu\u2019Ayachi Zammel est actuellement en d\u00e9tention dans le cadre de plusieurs affaires li\u00e9es \u00e0 des falsifications de parrainages. Il sera d\u00e9f\u00e9r\u00e9, lundi 23 septembre, devant le Tribunal de premi\u00e8re instance de Kairouan dans le cadre de trois affaires relatives \u00e0 des falsifications de parrainages.<\/p>\n<p>Il est poursuivi dans 35 affaires au total concernant des soup\u00e7ons de falsification de parrainages, et a \u00e9t\u00e9 condamn\u00e9 \u00e0 20 mois de prison dans l\u2019une d\u2019elles.<\/p>\n<p>Rappelons enfin que le pr\u00e9sident Ka\u00efs Sa\u00efed a mis un terme, jeudi aux fonctions de Awatef Dali, qui assurait la direction g\u00e9n\u00e9rale de la T\u00e9l\u00e9vision nationale depuis juillet 2021. Elle a \u00e9t\u00e9 remplac\u00e9e par Chokri Ben Nessir, nomm\u00e9 pr\u00e9sident-directeur g\u00e9n\u00e9ral.<\/p>\n","protected":false},"excerpt":{"rendered":"<p>L\u2019\u00e9quipe de campagne d&rsquo;Ayachi Zammel a pr\u00e9cis\u00e9 que ce refus intervient malgr\u00e9 l&rsquo;accord pr\u00e9alable d&rsquo;autoriser la pr\u00e9sence d&rsquo;un repr\u00e9sentant, lors du tirage au so&#8230;<\/p>\n","protected":false},"author":3175,"featured_media":246508,"comment_status":"open","ping_status":"closed","sticky":false,"template":"","format":"standard","meta":{"footnotes":""},"categories":[44],"tags":[4430,5572,4428,4515,2608],"class_list":["post-216522","post","type-post","status-publish","format-standard","has-post-thumbnail","hentry","category-national","tag-ayachi-zammel","tag-campagne-electorale","tag-election-presidentielle","tag-television-nationale","tag-tunisie"],"yoast_head":"<!-- This site is optimized with the Yoast SEO Premium plugin v27.5 (Yoast SEO v27.5) - https:\/\/yoast.com\/product\/yoast-seo-premium-wordpress\/ -->\n<title>Tunisie : La TV nationale refuse d&#039;enregistrer le message du candidat Ayachi Zammel<\/title>\n<meta name=\"description\" content=\"L\u2019\u00e9quipe de campagne d&#039;Ayachi Zammel a pr\u00e9cis\u00e9 que ce refus intervient malgr\u00e9 l&#039;accord pr\u00e9alable d&#039;autoriser la pr\u00e9sence d&#039;un repr\u00e9sentant, lors du tirage au so...\" \/>\n<link rel=\"canonical\" href=\"https:\/\/www.webdo.tn\/fr\/actualite\/national\/tunisie-la-tv-nationale-refuse-d-enregistrer-le-message-libre-du-candidat-ayachi-zammel\/216522\/\" \/>\n<meta property=\"og:locale\" content=\"fr_FR\" \/>\n<meta property=\"og:type\" content=\"article\" \/>\n<meta property=\"og:title\" content=\"Tunisie : La TV nationale refuse d&#039;enregistrer le message du candidat Ayachi Zammel\" \/>\n<meta property=\"og:description\" content=\"L\u2019\u00e9quipe de campagne d&#039;Ayachi Zammel a pr\u00e9cis\u00e9 que ce refus intervient malgr\u00e9 l&#039;accord pr\u00e9alable d&#039;autoriser la pr\u00e9sence d&#039;un repr\u00e9sentant, lors du tirage au so...\" \/>\n<meta property=\"og:url\" content=\"https:\/\/www.webdo.tn\/fr\/actualite\/national\/tunisie-la-tv-nationale-refuse-d-enregistrer-le-message-libre-du-candidat-ayachi-zammel\/216522\/\" \/>\n<meta property=\"og:site_name\" content=\"webdo\" \/>\n<meta property=\"article:publisher\" content=\"https:\/\/www.facebook.com\/webdotn\" \/>\n<meta property=\"article:published_time\" content=\"2024-09-21T10:17:00+00:00\" \/>\n<meta property=\"article:modified_time\" content=\"2025-05-20T22:34:46+00:00\" \/>\n<meta property=\"og:image\" content=\"https:\/\/www.webdo.tn\/fr\/wp-content\/uploads\/2024\/09\/49c842ca59ce096fc92d576018d2a9ac.webp\" \/>\n\t<meta property=\"og:image:width\" content=\"664\" \/>\n\t<meta property=\"og:image:height\" content=\"354\" \/>\n\t<meta property=\"og:image:type\" content=\"image\/webp\" \/>\n<meta name=\"author\" content=\"CL\" \/>\n<meta name=\"twitter:card\" content=\"summary_large_image\" \/>\n<meta name=\"twitter:creator\" content=\"@webdo_tn\" \/>\n<meta name=\"twitter:site\" content=\"@webdo_tn\" \/>\n<meta name=\"twitter:label1\" content=\"\u00c9crit par\" \/>\n\t<meta name=\"twitter:data1\" content=\"CL\" \/>\n\t<meta name=\"twitter:label2\" content=\"Dur\u00e9e de lecture estim\u00e9e\" \/>\n\t<meta name=\"twitter:data2\" content=\"2 minutes\" \/>\n<script type=\"application\/ld+json\" class=\"yoast-schema-graph\">{\"@context\":\"https:\\\/\\\/schema.org\",\"@graph\":[{\"@type\":\"NewsArticle\",\"@id\":\"https:\\\/\\\/www.webdo.tn\\\/fr\\\/actualite\\\/national\\\/tunisie-la-tv-nationale-refuse-d-enregistrer-le-message-libre-du-candidat-ayachi-zammel\\\/216522\\\/#article\",\"isPartOf\":{\"@id\":\"https:\\\/\\\/www.webdo.tn\\\/fr\\\/actualite\\\/national\\\/tunisie-la-tv-nationale-refuse-d-enregistrer-le-message-libre-du-candidat-ayachi-zammel\\\/216522\\\/\"},\"author\":{\"name\":\"CL\",\"@id\":\"https:\\\/\\\/www.webdo.tn\\\/fr\\\/#\\\/schema\\\/person\\\/f35b42a42c5e2511bbd282959d6385cc\"},\"headline\":\"Tunisie : La TV nationale refuse d&rsquo;enregistrer le message du candidat Ayachi Zammel\",\"datePublished\":\"2024-09-21T10:17:00+00:00\",\"dateModified\":\"2025-05-20T22:34:46+00:00\",\"mainEntityOfPage\":{\"@id\":\"https:\\\/\\\/www.webdo.tn\\\/fr\\\/actualite\\\/national\\\/tunisie-la-tv-nationale-refuse-d-enregistrer-le-message-libre-du-candidat-ayachi-zammel\\\/216522\\\/\"},\"wordCount\":437,\"commentCount\":0,\"publisher\":{\"@id\":\"https:\\\/\\\/www.webdo.tn\\\/fr\\\/#organization\"},\"image\":{\"@id\":\"https:\\\/\\\/www.webdo.tn\\\/fr\\\/actualite\\\/national\\\/tunisie-la-tv-nationale-refuse-d-enregistrer-le-message-libre-du-candidat-ayachi-zammel\\\/216522\\\/#primaryimage\"},\"thumbnailUrl\":\"https:\\\/\\\/www.webdo.tn\\\/fr\\\/wp-content\\\/uploads\\\/2024\\\/09\\\/49c842ca59ce096fc92d576018d2a9ac.webp\",\"keywords\":[\"ayachi zammel\",\"campagne \u00e9lectorale\",\"\u00e9lection pr\u00e9sidentielle\",\"t\u00e9l\u00e9vision nationale\",\"Tunisie\"],\"articleSection\":[\"National\"],\"inLanguage\":\"fr-FR\"},{\"@type\":\"WebPage\",\"@id\":\"https:\\\/\\\/www.webdo.tn\\\/fr\\\/actualite\\\/national\\\/tunisie-la-tv-nationale-refuse-d-enregistrer-le-message-libre-du-candidat-ayachi-zammel\\\/216522\\\/\",\"url\":\"https:\\\/\\\/www.webdo.tn\\\/fr\\\/actualite\\\/national\\\/tunisie-la-tv-nationale-refuse-d-enregistrer-le-message-libre-du-candidat-ayachi-zammel\\\/216522\\\/\",\"name\":\"Tunisie : La TV nationale refuse d'enregistrer le message du candidat Ayachi Zammel\",\"isPartOf\":{\"@id\":\"https:\\\/\\\/www.webdo.tn\\\/fr\\\/#website\"},\"primaryImageOfPage\":{\"@id\":\"https:\\\/\\\/www.webdo.tn\\\/fr\\\/actualite\\\/national\\\/tunisie-la-tv-nationale-refuse-d-enregistrer-le-message-libre-du-candidat-ayachi-zammel\\\/216522\\\/#primaryimage\"},\"image\":{\"@id\":\"https:\\\/\\\/www.webdo.tn\\\/fr\\\/actualite\\\/national\\\/tunisie-la-tv-nationale-refuse-d-enregistrer-le-message-libre-du-candidat-ayachi-zammel\\\/216522\\\/#primaryimage\"},\"thumbnailUrl\":\"https:\\\/\\\/www.webdo.tn\\\/fr\\\/wp-content\\\/uploads\\\/2024\\\/09\\\/49c842ca59ce096fc92d576018d2a9ac.webp\",\"datePublished\":\"2024-09-21T10:17:00+00:00\",\"dateModified\":\"2025-05-20T22:34:46+00:00\",\"description\":\"L\u2019\u00e9quipe de campagne d'Ayachi Zammel a pr\u00e9cis\u00e9 que ce refus intervient malgr\u00e9 l'accord pr\u00e9alable d'autoriser la pr\u00e9sence d'un repr\u00e9sentant, lors du tirage au so...\",\"breadcrumb\":{\"@id\":\"https:\\\/\\\/www.webdo.tn\\\/fr\\\/actualite\\\/national\\\/tunisie-la-tv-nationale-refuse-d-enregistrer-le-message-libre-du-candidat-ayachi-zammel\\\/216522\\\/#breadcrumb\"},\"inLanguage\":\"fr-FR\",\"potentialAction\":[{\"@type\":\"ReadAction\",\"target\":[\"https:\\\/\\\/www.webdo.tn\\\/fr\\\/actualite\\\/national\\\/tunisie-la-tv-nationale-refuse-d-enregistrer-le-message-libre-du-candidat-ayachi-zammel\\\/216522\\\/\"]}]},{\"@type\":\"ImageObject\",\"inLanguage\":\"fr-FR\",\"@id\":\"https:\\\/\\\/www.webdo.tn\\\/fr\\\/actualite\\\/national\\\/tunisie-la-tv-nationale-refuse-d-enregistrer-le-message-libre-du-candidat-ayachi-zammel\\\/216522\\\/#primaryimage\",\"url\":\"https:\\\/\\\/www.webdo.tn\\\/fr\\\/wp-content\\\/uploads\\\/2024\\\/09\\\/49c842ca59ce096fc92d576018d2a9ac.webp\",\"contentUrl\":\"https:\\\/\\\/www.webdo.tn\\\/fr\\\/wp-content\\\/uploads\\\/2024\\\/09\\\/49c842ca59ce096fc92d576018d2a9ac.webp\",\"width\":664,\"height\":354,\"caption\":\"Tunisie : La TV nationale refuse d'enregistrer le message du candidat Ayachi Zammel\"},{\"@type\":\"BreadcrumbList\",\"@id\":\"https:\\\/\\\/www.webdo.tn\\\/fr\\\/actualite\\\/national\\\/tunisie-la-tv-nationale-refuse-d-enregistrer-le-message-libre-du-candidat-ayachi-zammel\\\/216522\\\/#breadcrumb\",\"itemListElement\":[{\"@type\":\"ListItem\",\"position\":1,\"name\":\"Accueil\",\"item\":\"https:\\\/\\\/www.webdo.tn\\\/fr\\\/\"},{\"@type\":\"ListItem\",\"position\":2,\"name\":\"Tunisie : La TV nationale refuse d&#8217;enregistrer le message du candidat Ayachi Zammel\"}]},{\"@type\":\"WebSite\",\"@id\":\"https:\\\/\\\/www.webdo.tn\\\/fr\\\/#website\",\"url\":\"https:\\\/\\\/www.webdo.tn\\\/fr\\\/\",\"name\":\"webdo\",\"description\":\"Tunisie - News en Tunisie et \u00e0 l&#039;international sur Webdo.tn\",\"publisher\":{\"@id\":\"https:\\\/\\\/www.webdo.tn\\\/fr\\\/#organization\"},\"potentialAction\":[{\"@type\":\"SearchAction\",\"target\":{\"@type\":\"EntryPoint\",\"urlTemplate\":\"https:\\\/\\\/www.webdo.tn\\\/fr\\\/?s={search_term_string}\"},\"query-input\":{\"@type\":\"PropertyValueSpecification\",\"valueRequired\":true,\"valueName\":\"search_term_string\"}}],\"inLanguage\":\"fr-FR\"},{\"@type\":\"Organization\",\"@id\":\"https:\\\/\\\/www.webdo.tn\\\/fr\\\/#organization\",\"name\":\"Webdo\",\"alternateName\":\"Webdo.tn\",\"url\":\"https:\\\/\\\/www.webdo.tn\\\/fr\\\/\",\"logo\":{\"@type\":\"ImageObject\",\"inLanguage\":\"fr-FR\",\"@id\":\"https:\\\/\\\/www.webdo.tn\\\/fr\\\/#\\\/schema\\\/logo\\\/image\\\/\",\"url\":\"https:\\\/\\\/www.webdo.tn\\\/fr\\\/wp-content\\\/uploads\\\/2025\\\/06\\\/Webdo-Tunisie_168377.jpg\",\"contentUrl\":\"https:\\\/\\\/www.webdo.tn\\\/fr\\\/wp-content\\\/uploads\\\/2025\\\/06\\\/Webdo-Tunisie_168377.jpg\",\"width\":301,\"height\":301,\"caption\":\"Webdo\"},\"image\":{\"@id\":\"https:\\\/\\\/www.webdo.tn\\\/fr\\\/#\\\/schema\\\/logo\\\/image\\\/\"},\"sameAs\":[\"https:\\\/\\\/www.facebook.com\\\/webdotn\",\"https:\\\/\\\/x.com\\\/webdo_tn\"],\"description\":\"Webdo est un m\u00e9dia num\u00e9rique tunisien fond\u00e9 en 2010, sp\u00e9cialis\u00e9 dans l\u2019actualit\u00e9 nationale et internationale, l\u2019\u00e9conomie, la soci\u00e9t\u00e9 et les analyses politiques. Le site s\u2019adresse \u00e0 un large public francophone et couvre l\u2019information tunisienne en temps r\u00e9el.\",\"email\":\"redac@webdo.tn\",\"legalName\":\"YNJ SARL\",\"foundingDate\":\"2010-09-06\",\"numberOfEmployees\":{\"@type\":\"QuantitativeValue\",\"minValue\":\"11\",\"maxValue\":\"50\"}},{\"@type\":\"Person\",\"@id\":\"https:\\\/\\\/www.webdo.tn\\\/fr\\\/#\\\/schema\\\/person\\\/f35b42a42c5e2511bbd282959d6385cc\",\"name\":\"CL\",\"image\":{\"@type\":\"ImageObject\",\"inLanguage\":\"fr-FR\",\"@id\":\"https:\\\/\\\/secure.gravatar.com\\\/avatar\\\/1447a49909b67aa657c488aec6512e1dd6143a480c1ecfee9b5b5cd74eb3b59e?s=96&d=mm&r=g\",\"url\":\"https:\\\/\\\/secure.gravatar.com\\\/avatar\\\/1447a49909b67aa657c488aec6512e1dd6143a480c1ecfee9b5b5cd74eb3b59e?s=96&d=mm&r=g\",\"contentUrl\":\"https:\\\/\\\/secure.gravatar.com\\\/avatar\\\/1447a49909b67aa657c488aec6512e1dd6143a480c1ecfee9b5b5cd74eb3b59e?s=96&d=mm&r=g\",\"caption\":\"CL\"},\"url\":\"https:\\\/\\\/www.webdo.tn\\\/fr\\\/actualite\\\/author\\\/cl\\\/\"}]}<\/script>\n<!-- \/ Yoast SEO Premium plugin. -->","yoast_head_json":{"title":"Tunisie : La TV nationale refuse d'enregistrer le message du candidat Ayachi Zammel","description":"L\u2019\u00e9quipe de campagne d'Ayachi Zammel a pr\u00e9cis\u00e9 que ce refus intervient malgr\u00e9 l'accord pr\u00e9alable d'autoriser la pr\u00e9sence d'un repr\u00e9sentant, lors du tirage au so...","canonical":"https:\/\/www.webdo.tn\/fr\/actualite\/national\/tunisie-la-tv-nationale-refuse-d-enregistrer-le-message-libre-du-candidat-ayachi-zammel\/216522\/","og_locale":"fr_FR","og_type":"article","og_title":"Tunisie : La TV nationale refuse d'enregistrer le message du candidat Ayachi Zammel","og_description":"L\u2019\u00e9quipe de campagne d'Ayachi Zammel a pr\u00e9cis\u00e9 que ce refus intervient malgr\u00e9 l'accord pr\u00e9alable d'autoriser la pr\u00e9sence d'un repr\u00e9sentant, lors du tirage au so...","og_url":"https:\/\/www.webdo.tn\/fr\/actualite\/national\/tunisie-la-tv-nationale-refuse-d-enregistrer-le-message-libre-du-candidat-ayachi-zammel\/216522\/","og_site_name":"webdo","article_publisher":"https:\/\/www.facebook.com\/webdotn","article_published_time":"2024-09-21T10:17:00+00:00","article_modified_time":"2025-05-20T22:34:46+00:00","og_image":[{"width":664,"height":354,"url":"https:\/\/www.webdo.tn\/fr\/wp-content\/uploads\/2024\/09\/49c842ca59ce096fc92d576018d2a9ac.webp","type":"image\/webp"}],"author":"CL","twitter_card":"summary_large_image","twitter_creator":"@webdo_tn","twitter_site":"@webdo_tn","twitter_misc":{"\u00c9crit par":"CL","Dur\u00e9e de lecture estim\u00e9e":"2 minutes"},"schema":{"@context":"https:\/\/schema.org","@graph":[{"@type":"NewsArticle","@id":"https:\/\/www.webdo.tn\/fr\/actualite\/national\/tunisie-la-tv-nationale-refuse-d-enregistrer-le-message-libre-du-candidat-ayachi-zammel\/216522\/#article","isPartOf":{"@id":"https:\/\/www.webdo.tn\/fr\/actualite\/national\/tunisie-la-tv-nationale-refuse-d-enregistrer-le-message-libre-du-candidat-ayachi-zammel\/216522\/"},"author":{"name":"CL","@id":"https:\/\/www.webdo.tn\/fr\/#\/schema\/person\/f35b42a42c5e2511bbd282959d6385cc"},"headline":"Tunisie : La TV nationale refuse d&rsquo;enregistrer le message du candidat Ayachi Zammel","datePublished":"2024-09-21T10:17:00+00:00","dateModified":"2025-05-20T22:34:46+00:00","mainEntityOfPage":{"@id":"https:\/\/www.webdo.tn\/fr\/actualite\/national\/tunisie-la-tv-nationale-refuse-d-enregistrer-le-message-libre-du-candidat-ayachi-zammel\/216522\/"},"wordCount":437,"commentCount":0,"publisher":{"@id":"https:\/\/www.webdo.tn\/fr\/#organization"},"image":{"@id":"https:\/\/www.webdo.tn\/fr\/actualite\/national\/tunisie-la-tv-nationale-refuse-d-enregistrer-le-message-libre-du-candidat-ayachi-zammel\/216522\/#primaryimage"},"thumbnailUrl":"https:\/\/www.webdo.tn\/fr\/wp-content\/uploads\/2024\/09\/49c842ca59ce096fc92d576018d2a9ac.webp","keywords":["ayachi zammel","campagne \u00e9lectorale","\u00e9lection pr\u00e9sidentielle","t\u00e9l\u00e9vision nationale","Tunisie"],"articleSection":["National"],"inLanguage":"fr-FR"},{"@type":"WebPage","@id":"https:\/\/www.webdo.tn\/fr\/actualite\/national\/tunisie-la-tv-nationale-refuse-d-enregistrer-le-message-libre-du-candidat-ayachi-zammel\/216522\/","url":"https:\/\/www.webdo.tn\/fr\/actualite\/national\/tunisie-la-tv-nationale-refuse-d-enregistrer-le-message-libre-du-candidat-ayachi-zammel\/216522\/","name":"Tunisie : La TV nationale refuse d'enregistrer le message du candidat Ayachi Zammel","isPartOf":{"@id":"https:\/\/www.webdo.tn\/fr\/#website"},"primaryImageOfPage":{"@id":"https:\/\/www.webdo.tn\/fr\/actualite\/national\/tunisie-la-tv-nationale-refuse-d-enregistrer-le-message-libre-du-candidat-ayachi-zammel\/216522\/#primaryimage"},"image":{"@id":"https:\/\/www.webdo.tn\/fr\/actualite\/national\/tunisie-la-tv-nationale-refuse-d-enregistrer-le-message-libre-du-candidat-ayachi-zammel\/216522\/#primaryimage"},"thumbnailUrl":"https:\/\/www.webdo.tn\/fr\/wp-content\/uploads\/2024\/09\/49c842ca59ce096fc92d576018d2a9ac.webp","datePublished":"2024-09-21T10:17:00+00:00","dateModified":"2025-05-20T22:34:46+00:00","description":"L\u2019\u00e9quipe de campagne d'Ayachi Zammel a pr\u00e9cis\u00e9 que ce refus intervient malgr\u00e9 l'accord pr\u00e9alable d'autoriser la pr\u00e9sence d'un repr\u00e9sentant, lors du tirage au so...","breadcrumb":{"@id":"https:\/\/www.webdo.tn\/fr\/actualite\/national\/tunisie-la-tv-nationale-refuse-d-enregistrer-le-message-libre-du-candidat-ayachi-zammel\/216522\/#breadcrumb"},"inLanguage":"fr-FR","potentialAction":[{"@type":"ReadAction","target":["https:\/\/www.webdo.tn\/fr\/actualite\/national\/tunisie-la-tv-nationale-refuse-d-enregistrer-le-message-libre-du-candidat-ayachi-zammel\/216522\/"]}]},{"@type":"ImageObject","inLanguage":"fr-FR","@id":"https:\/\/www.webdo.tn\/fr\/actualite\/national\/tunisie-la-tv-nationale-refuse-d-enregistrer-le-message-libre-du-candidat-ayachi-zammel\/216522\/#primaryimage","url":"https:\/\/www.webdo.tn\/fr\/wp-content\/uploads\/2024\/09\/49c842ca59ce096fc92d576018d2a9ac.webp","contentUrl":"https:\/\/www.webdo.tn\/fr\/wp-content\/uploads\/2024\/09\/49c842ca59ce096fc92d576018d2a9ac.webp","width":664,"height":354,"caption":"Tunisie : La TV nationale refuse d'enregistrer le message du candidat Ayachi Zammel"},{"@type":"BreadcrumbList","@id":"https:\/\/www.webdo.tn\/fr\/actualite\/national\/tunisie-la-tv-nationale-refuse-d-enregistrer-le-message-libre-du-candidat-ayachi-zammel\/216522\/#breadcrumb","itemListElement":[{"@type":"ListItem","position":1,"name":"Accueil","item":"https:\/\/www.webdo.tn\/fr\/"},{"@type":"ListItem","position":2,"name":"Tunisie : La TV nationale refuse d&#8217;enregistrer le message du candidat Ayachi Zammel"}]},{"@type":"WebSite","@id":"https:\/\/www.webdo.tn\/fr\/#website","url":"https:\/\/www.webdo.tn\/fr\/","name":"webdo","description":"Tunisie - News en Tunisie et \u00e0 l&#039;international sur Webdo.tn","publisher":{"@id":"https:\/\/www.webdo.tn\/fr\/#organization"},"potentialAction":[{"@type":"SearchAction","target":{"@type":"EntryPoint","urlTemplate":"https:\/\/www.webdo.tn\/fr\/?s={search_term_string}"},"query-input":{"@type":"PropertyValueSpecification","valueRequired":true,"valueName":"search_term_string"}}],"inLanguage":"fr-FR"},{"@type":"Organization","@id":"https:\/\/www.webdo.tn\/fr\/#organization","name":"Webdo","alternateName":"Webdo.tn","url":"https:\/\/www.webdo.tn\/fr\/","logo":{"@type":"ImageObject","inLanguage":"fr-FR","@id":"https:\/\/www.webdo.tn\/fr\/#\/schema\/logo\/image\/","url":"https:\/\/www.webdo.tn\/fr\/wp-content\/uploads\/2025\/06\/Webdo-Tunisie_168377.jpg","contentUrl":"https:\/\/www.webdo.tn\/fr\/wp-content\/uploads\/2025\/06\/Webdo-Tunisie_168377.jpg","width":301,"height":301,"caption":"Webdo"},"image":{"@id":"https:\/\/www.webdo.tn\/fr\/#\/schema\/logo\/image\/"},"sameAs":["https:\/\/www.facebook.com\/webdotn","https:\/\/x.com\/webdo_tn"],"description":"Webdo est un m\u00e9dia num\u00e9rique tunisien fond\u00e9 en 2010, sp\u00e9cialis\u00e9 dans l\u2019actualit\u00e9 nationale et internationale, l\u2019\u00e9conomie, la soci\u00e9t\u00e9 et les analyses politiques. Le site s\u2019adresse \u00e0 un large public francophone et couvre l\u2019information tunisienne en temps r\u00e9el.","email":"redac@webdo.tn","legalName":"YNJ SARL","foundingDate":"2010-09-06","numberOfEmployees":{"@type":"QuantitativeValue","minValue":"11","maxValue":"50"}},{"@type":"Person","@id":"https:\/\/www.webdo.tn\/fr\/#\/schema\/person\/f35b42a42c5e2511bbd282959d6385cc","name":"CL","image":{"@type":"ImageObject","inLanguage":"fr-FR","@id":"https:\/\/secure.gravatar.com\/avatar\/1447a49909b67aa657c488aec6512e1dd6143a480c1ecfee9b5b5cd74eb3b59e?s=96&d=mm&r=g","url":"https:\/\/secure.gravatar.com\/avatar\/1447a49909b67aa657c488aec6512e1dd6143a480c1ecfee9b5b5cd74eb3b59e?s=96&d=mm&r=g","contentUrl":"https:\/\/secure.gravatar.com\/avatar\/1447a49909b67aa657c488aec6512e1dd6143a480c1ecfee9b5b5cd74eb3b59e?s=96&d=mm&r=g","caption":"CL"},"url":"https:\/\/www.webdo.tn\/fr\/actualite\/author\/cl\/"}]}},"_links":{"self":[{"href":"https:\/\/www.webdo.tn\/fr\/wp-json\/wp\/v2\/posts\/216522","targetHints":{"allow":["GET"]}}],"collection":[{"href":"https:\/\/www.webdo.tn\/fr\/wp-json\/wp\/v2\/posts"}],"about":[{"href":"https:\/\/www.webdo.tn\/fr\/wp-json\/wp\/v2\/types\/post"}],"author":[{"embeddable":true,"href":"https:\/\/www.webdo.tn\/fr\/wp-json\/wp\/v2\/users\/3175"}],"replies":[{"embeddable":true,"href":"https:\/\/www.webdo.tn\/fr\/wp-json\/wp\/v2\/comments?post=216522"}],"version-history":[{"count":0,"href":"https:\/\/www.webdo.tn\/fr\/wp-json\/wp\/v2\/posts\/216522\/revisions"}],"wp:featuredmedia":[{"embeddable":true,"href":"https:\/\/www.webdo.tn\/fr\/wp-json\/wp\/v2\/media\/246508"}],"wp:attachment":[{"href":"https:\/\/www.webdo.tn\/fr\/wp-json\/wp\/v2\/media?parent=216522"}],"wp:term":[{"taxonomy":"category","embeddable":true,"href":"https:\/\/www.webdo.tn\/fr\/wp-json\/wp\/v2\/categories?post=216522"},{"taxonomy":"post_tag","embeddable":true,"href":"https:\/\/www.webdo.tn\/fr\/wp-json\/wp\/v2\/tags?post=216522"}],"curies":[{"name":"wp","href":"https:\/\/api.w.org\/{rel}","templated":true}]}}