{"id":216506,"date":"2024-09-20T13:27:00","date_gmt":"2024-09-20T13:27:00","guid":{"rendered":"https:\/\/www.webdo.tn\/fr\/blog\/associations-en-tunisie-entre-fierte-civique-et-inquietudes-sur-le-financement\/216506\/"},"modified":"2025-05-14T09:24:19","modified_gmt":"2025-05-14T09:24:19","slug":"associations-en-tunisie-entre-fierte-civique-et-inquietudes-sur-le-financement","status":"publish","type":"post","link":"https:\/\/www.webdo.tn\/fr\/actualite\/national\/associations-en-tunisie-entre-fierte-civique-et-inquietudes-sur-le-financement\/216506\/","title":{"rendered":"Associations en Tunisie : Entre fiert\u00e9 civique et Inqui\u00e9tudes sur le financement"},"content":{"rendered":"<p>Selon les derni\u00e8res donn\u00e9es du centre IFEDA, rapport\u00e9es aujourd&rsquo;hui par l&rsquo;agence TAP, le paysage associatif tunisien, riche de 25 080 organisations actives, se trouve au c\u0153ur d&rsquo;un d\u00e9bat national. D&rsquo;un c\u00f4t\u00e9, une effervescence civique remarquable se dessine, avec une pr\u00e9dominance d&rsquo;associations culturelles, \u00e9ducatives et sportives. De l&rsquo;autre, des inqui\u00e9tudes croissantes sur l&rsquo;influence \u00e9trang\u00e8re soul\u00e8vent des questions cruciales concernant l&rsquo;avenir de ce secteur vital.<\/p>\n<p>\t\t\t\t\t\t\t\t\tLa capitale Tunis, v\u00e9ritable poumon associatif du pays, abrite plus de 5 000 associations, t\u00e9moignant d&rsquo;une concentration urbaine du dynamisme civil. Cependant, cette vitalit\u00e9 est loin d&rsquo;\u00eatre uniforme, r\u00e9v\u00e9lant des disparit\u00e9s r\u00e9gionales, certaines zones comme Zaghouan demeurant en marge de ce mouvement.<\/p>\n<p>N\u00e9anmoins, ce tableau apparemment florissant est assombri par une controverse grandissante. Le pr\u00e9sident Kais Saied, fer de lance de cette remise en question, a r\u00e9cemment mis en lumi\u00e8re des chiffres alarmants : 2,366 milliards de dinars de financements \u00e9trangers auraient afflu\u00e9 vers les associations entre 2011 et 2022. Ces r\u00e9v\u00e9lations soul\u00e8vent des questions \u00e9pineuses sur la souverainet\u00e9 et l&rsquo;ind\u00e9pendance du tissu associatif tunisien.<\/p>\n<p>Face \u00e0 cette situation, le monde politique s&rsquo;agite. Un projet de loi, port\u00e9 par dix d\u00e9put\u00e9s, vise \u00e0 renforcer la transparence financi\u00e8re des associations. Mais cette initiative, loin de faire l&rsquo;unanimit\u00e9, cristallise les tensions entre ceux qui appellent \u00e0 une r\u00e9gulation plus stricte et les d\u00e9fenseurs des libert\u00e9s associatives, qui y voient une menace pour la soci\u00e9t\u00e9 civile.<\/p>\n","protected":false},"excerpt":{"rendered":"<p>D\u00e9couvrez comment la soci\u00e9t\u00e9 civile tunisienne navigue entre dynamisme associatif et controverses sur le financement \u00e9tranger. Analyse des chiffres cl\u00e9s et des&#8230;<\/p>\n","protected":false},"author":4779,"featured_media":246495,"comment_status":"open","ping_status":"closed","sticky":false,"template":"","format":"standard","meta":{"footnotes":""},"categories":[44],"tags":[5636,5634,5635,4753],"class_list":["post-216506","post","type-post","status-publish","format-standard","has-post-thumbnail","hentry","category-national","tag-associations-en-tunisie","tag-financement-etranger","tag-societe-civile-tunisienne","tag-transparence-financiere"],"yoast_head":"<!-- This site is optimized with the Yoast SEO Premium plugin v27.4 (Yoast SEO v27.5) - https:\/\/yoast.com\/product\/yoast-seo-premium-wordpress\/ -->\n<title>Associations en Tunisie : Entre fiert\u00e9 civique et Inqui\u00e9tudes sur le financement<\/title>\n<meta name=\"description\" content=\"D\u00e9couvrez comment la soci\u00e9t\u00e9 civile tunisienne navigue entre dynamisme associatif et controverses sur le financement \u00e9tranger. Analyse des chiffres cl\u00e9s et des...\" \/>\n<link rel=\"canonical\" href=\"https:\/\/www.webdo.tn\/fr\/actualite\/national\/associations-en-tunisie-entre-fierte-civique-et-inquietudes-sur-le-financement\/216506\/\" \/>\n<meta property=\"og:locale\" content=\"fr_FR\" \/>\n<meta property=\"og:type\" content=\"article\" \/>\n<meta property=\"og:title\" content=\"Associations en Tunisie : Entre fiert\u00e9 civique et Inqui\u00e9tudes sur le financement\" \/>\n<meta property=\"og:description\" content=\"D\u00e9couvrez comment la soci\u00e9t\u00e9 civile tunisienne navigue entre dynamisme associatif et controverses sur le financement \u00e9tranger. Analyse des chiffres cl\u00e9s et des...\" \/>\n<meta property=\"og:url\" content=\"https:\/\/www.webdo.tn\/fr\/actualite\/national\/associations-en-tunisie-entre-fierte-civique-et-inquietudes-sur-le-financement\/216506\/\" \/>\n<meta property=\"og:site_name\" content=\"webdo\" \/>\n<meta property=\"article:publisher\" content=\"https:\/\/www.facebook.com\/webdotn\" \/>\n<meta property=\"article:published_time\" content=\"2024-09-20T13:27:00+00:00\" \/>\n<meta property=\"article:modified_time\" content=\"2025-05-14T09:24:19+00:00\" \/>\n<meta property=\"og:image\" content=\"https:\/\/www.webdo.tn\/fr\/wp-content\/uploads\/2024\/09\/b5169a90bdb58fa8ddad7023044a58fc.webp\" \/>\n\t<meta property=\"og:image:width\" content=\"750\" \/>\n\t<meta property=\"og:image:height\" content=\"400\" \/>\n\t<meta property=\"og:image:type\" content=\"image\/webp\" \/>\n<meta name=\"author\" content=\"Firas Ben Abdeltif\" \/>\n<meta name=\"twitter:card\" content=\"summary_large_image\" \/>\n<meta name=\"twitter:creator\" content=\"@webdo_tn\" \/>\n<meta name=\"twitter:site\" content=\"@webdo_tn\" \/>\n<meta name=\"twitter:label1\" content=\"\u00c9crit par\" \/>\n\t<meta name=\"twitter:data1\" content=\"Firas Ben Abdeltif\" \/>\n\t<meta name=\"twitter:label2\" content=\"Dur\u00e9e de lecture estim\u00e9e\" \/>\n\t<meta name=\"twitter:data2\" content=\"1 minute\" \/>\n<script type=\"application\/ld+json\" class=\"yoast-schema-graph\">{\"@context\":\"https:\\\/\\\/schema.org\",\"@graph\":[{\"@type\":\"NewsArticle\",\"@id\":\"https:\\\/\\\/www.webdo.tn\\\/fr\\\/actualite\\\/national\\\/associations-en-tunisie-entre-fierte-civique-et-inquietudes-sur-le-financement\\\/216506\\\/#article\",\"isPartOf\":{\"@id\":\"https:\\\/\\\/www.webdo.tn\\\/fr\\\/actualite\\\/national\\\/associations-en-tunisie-entre-fierte-civique-et-inquietudes-sur-le-financement\\\/216506\\\/\"},\"author\":{\"name\":\"Firas Ben Abdeltif\",\"@id\":\"https:\\\/\\\/www.webdo.tn\\\/fr\\\/#\\\/schema\\\/person\\\/19664196c9bfdcda126f3c27709f7d11\"},\"headline\":\"Associations en Tunisie : Entre fiert\u00e9 civique et Inqui\u00e9tudes sur le financement\",\"datePublished\":\"2024-09-20T13:27:00+00:00\",\"dateModified\":\"2025-05-14T09:24:19+00:00\",\"mainEntityOfPage\":{\"@id\":\"https:\\\/\\\/www.webdo.tn\\\/fr\\\/actualite\\\/national\\\/associations-en-tunisie-entre-fierte-civique-et-inquietudes-sur-le-financement\\\/216506\\\/\"},\"wordCount\":271,\"commentCount\":0,\"publisher\":{\"@id\":\"https:\\\/\\\/www.webdo.tn\\\/fr\\\/#organization\"},\"image\":{\"@id\":\"https:\\\/\\\/www.webdo.tn\\\/fr\\\/actualite\\\/national\\\/associations-en-tunisie-entre-fierte-civique-et-inquietudes-sur-le-financement\\\/216506\\\/#primaryimage\"},\"thumbnailUrl\":\"https:\\\/\\\/www.webdo.tn\\\/fr\\\/wp-content\\\/uploads\\\/2024\\\/09\\\/b5169a90bdb58fa8ddad7023044a58fc.webp\",\"keywords\":[\"Associations en Tunisie\",\"Financement \u00e9tranger\",\"Soci\u00e9t\u00e9 civile tunisienne\",\"Transparence financi\u00e8re\"],\"articleSection\":[\"National\"],\"inLanguage\":\"fr-FR\"},{\"@type\":\"WebPage\",\"@id\":\"https:\\\/\\\/www.webdo.tn\\\/fr\\\/actualite\\\/national\\\/associations-en-tunisie-entre-fierte-civique-et-inquietudes-sur-le-financement\\\/216506\\\/\",\"url\":\"https:\\\/\\\/www.webdo.tn\\\/fr\\\/actualite\\\/national\\\/associations-en-tunisie-entre-fierte-civique-et-inquietudes-sur-le-financement\\\/216506\\\/\",\"name\":\"Associations en Tunisie : Entre fiert\u00e9 civique et Inqui\u00e9tudes sur le financement\",\"isPartOf\":{\"@id\":\"https:\\\/\\\/www.webdo.tn\\\/fr\\\/#website\"},\"primaryImageOfPage\":{\"@id\":\"https:\\\/\\\/www.webdo.tn\\\/fr\\\/actualite\\\/national\\\/associations-en-tunisie-entre-fierte-civique-et-inquietudes-sur-le-financement\\\/216506\\\/#primaryimage\"},\"image\":{\"@id\":\"https:\\\/\\\/www.webdo.tn\\\/fr\\\/actualite\\\/national\\\/associations-en-tunisie-entre-fierte-civique-et-inquietudes-sur-le-financement\\\/216506\\\/#primaryimage\"},\"thumbnailUrl\":\"https:\\\/\\\/www.webdo.tn\\\/fr\\\/wp-content\\\/uploads\\\/2024\\\/09\\\/b5169a90bdb58fa8ddad7023044a58fc.webp\",\"datePublished\":\"2024-09-20T13:27:00+00:00\",\"dateModified\":\"2025-05-14T09:24:19+00:00\",\"description\":\"D\u00e9couvrez comment la soci\u00e9t\u00e9 civile tunisienne navigue entre dynamisme associatif et controverses sur le financement \u00e9tranger. Analyse des chiffres cl\u00e9s et des...\",\"breadcrumb\":{\"@id\":\"https:\\\/\\\/www.webdo.tn\\\/fr\\\/actualite\\\/national\\\/associations-en-tunisie-entre-fierte-civique-et-inquietudes-sur-le-financement\\\/216506\\\/#breadcrumb\"},\"inLanguage\":\"fr-FR\",\"potentialAction\":[{\"@type\":\"ReadAction\",\"target\":[\"https:\\\/\\\/www.webdo.tn\\\/fr\\\/actualite\\\/national\\\/associations-en-tunisie-entre-fierte-civique-et-inquietudes-sur-le-financement\\\/216506\\\/\"]}]},{\"@type\":\"ImageObject\",\"inLanguage\":\"fr-FR\",\"@id\":\"https:\\\/\\\/www.webdo.tn\\\/fr\\\/actualite\\\/national\\\/associations-en-tunisie-entre-fierte-civique-et-inquietudes-sur-le-financement\\\/216506\\\/#primaryimage\",\"url\":\"https:\\\/\\\/www.webdo.tn\\\/fr\\\/wp-content\\\/uploads\\\/2024\\\/09\\\/b5169a90bdb58fa8ddad7023044a58fc.webp\",\"contentUrl\":\"https:\\\/\\\/www.webdo.tn\\\/fr\\\/wp-content\\\/uploads\\\/2024\\\/09\\\/b5169a90bdb58fa8ddad7023044a58fc.webp\",\"width\":750,\"height\":400,\"caption\":\"Associations en Tunisie : Entre fiert\u00e9 civique et Inqui\u00e9tudes sur le financement\"},{\"@type\":\"BreadcrumbList\",\"@id\":\"https:\\\/\\\/www.webdo.tn\\\/fr\\\/actualite\\\/national\\\/associations-en-tunisie-entre-fierte-civique-et-inquietudes-sur-le-financement\\\/216506\\\/#breadcrumb\",\"itemListElement\":[{\"@type\":\"ListItem\",\"position\":1,\"name\":\"Accueil\",\"item\":\"https:\\\/\\\/www.webdo.tn\\\/fr\\\/\"},{\"@type\":\"ListItem\",\"position\":2,\"name\":\"Associations en Tunisie : Entre fiert\u00e9 civique et Inqui\u00e9tudes sur le financement\"}]},{\"@type\":\"WebSite\",\"@id\":\"https:\\\/\\\/www.webdo.tn\\\/fr\\\/#website\",\"url\":\"https:\\\/\\\/www.webdo.tn\\\/fr\\\/\",\"name\":\"webdo\",\"description\":\"Tunisie - News en Tunisie et \u00e0 l&#039;international sur Webdo.tn\",\"publisher\":{\"@id\":\"https:\\\/\\\/www.webdo.tn\\\/fr\\\/#organization\"},\"potentialAction\":[{\"@type\":\"SearchAction\",\"target\":{\"@type\":\"EntryPoint\",\"urlTemplate\":\"https:\\\/\\\/www.webdo.tn\\\/fr\\\/?s={search_term_string}\"},\"query-input\":{\"@type\":\"PropertyValueSpecification\",\"valueRequired\":true,\"valueName\":\"search_term_string\"}}],\"inLanguage\":\"fr-FR\"},{\"@type\":\"Organization\",\"@id\":\"https:\\\/\\\/www.webdo.tn\\\/fr\\\/#organization\",\"name\":\"Webdo\",\"alternateName\":\"Webdo.tn\",\"url\":\"https:\\\/\\\/www.webdo.tn\\\/fr\\\/\",\"logo\":{\"@type\":\"ImageObject\",\"inLanguage\":\"fr-FR\",\"@id\":\"https:\\\/\\\/www.webdo.tn\\\/fr\\\/#\\\/schema\\\/logo\\\/image\\\/\",\"url\":\"https:\\\/\\\/www.webdo.tn\\\/fr\\\/wp-content\\\/uploads\\\/2025\\\/06\\\/Webdo-Tunisie_168377.jpg\",\"contentUrl\":\"https:\\\/\\\/www.webdo.tn\\\/fr\\\/wp-content\\\/uploads\\\/2025\\\/06\\\/Webdo-Tunisie_168377.jpg\",\"width\":301,\"height\":301,\"caption\":\"Webdo\"},\"image\":{\"@id\":\"https:\\\/\\\/www.webdo.tn\\\/fr\\\/#\\\/schema\\\/logo\\\/image\\\/\"},\"sameAs\":[\"https:\\\/\\\/www.facebook.com\\\/webdotn\",\"https:\\\/\\\/x.com\\\/webdo_tn\"],\"description\":\"Webdo est un m\u00e9dia num\u00e9rique tunisien fond\u00e9 en 2010, sp\u00e9cialis\u00e9 dans l\u2019actualit\u00e9 nationale et internationale, l\u2019\u00e9conomie, la soci\u00e9t\u00e9 et les analyses politiques. Le site s\u2019adresse \u00e0 un large public francophone et couvre l\u2019information tunisienne en temps r\u00e9el.\",\"email\":\"redac@webdo.tn\",\"legalName\":\"YNJ SARL\",\"foundingDate\":\"2010-09-06\",\"numberOfEmployees\":{\"@type\":\"QuantitativeValue\",\"minValue\":\"11\",\"maxValue\":\"50\"}},{\"@type\":\"Person\",\"@id\":\"https:\\\/\\\/www.webdo.tn\\\/fr\\\/#\\\/schema\\\/person\\\/19664196c9bfdcda126f3c27709f7d11\",\"name\":\"Firas Ben Abdeltif\",\"image\":{\"@type\":\"ImageObject\",\"inLanguage\":\"fr-FR\",\"@id\":\"https:\\\/\\\/secure.gravatar.com\\\/avatar\\\/161a347d40df098a084778c52ed133dbd85f14df003867067c5948081241ec55?s=96&d=mm&r=g\",\"url\":\"https:\\\/\\\/secure.gravatar.com\\\/avatar\\\/161a347d40df098a084778c52ed133dbd85f14df003867067c5948081241ec55?s=96&d=mm&r=g\",\"contentUrl\":\"https:\\\/\\\/secure.gravatar.com\\\/avatar\\\/161a347d40df098a084778c52ed133dbd85f14df003867067c5948081241ec55?s=96&d=mm&r=g\",\"caption\":\"Firas Ben Abdeltif\"},\"url\":\"https:\\\/\\\/www.webdo.tn\\\/fr\\\/actualite\\\/author\\\/firas-ben-abdeltif\\\/\"}]}<\/script>\n<!-- \/ Yoast SEO Premium plugin. -->","yoast_head_json":{"title":"Associations en Tunisie : Entre fiert\u00e9 civique et Inqui\u00e9tudes sur le financement","description":"D\u00e9couvrez comment la soci\u00e9t\u00e9 civile tunisienne navigue entre dynamisme associatif et controverses sur le financement \u00e9tranger. Analyse des chiffres cl\u00e9s et des...","canonical":"https:\/\/www.webdo.tn\/fr\/actualite\/national\/associations-en-tunisie-entre-fierte-civique-et-inquietudes-sur-le-financement\/216506\/","og_locale":"fr_FR","og_type":"article","og_title":"Associations en Tunisie : Entre fiert\u00e9 civique et Inqui\u00e9tudes sur le financement","og_description":"D\u00e9couvrez comment la soci\u00e9t\u00e9 civile tunisienne navigue entre dynamisme associatif et controverses sur le financement \u00e9tranger. Analyse des chiffres cl\u00e9s et des...","og_url":"https:\/\/www.webdo.tn\/fr\/actualite\/national\/associations-en-tunisie-entre-fierte-civique-et-inquietudes-sur-le-financement\/216506\/","og_site_name":"webdo","article_publisher":"https:\/\/www.facebook.com\/webdotn","article_published_time":"2024-09-20T13:27:00+00:00","article_modified_time":"2025-05-14T09:24:19+00:00","og_image":[{"width":750,"height":400,"url":"https:\/\/www.webdo.tn\/fr\/wp-content\/uploads\/2024\/09\/b5169a90bdb58fa8ddad7023044a58fc.webp","type":"image\/webp"}],"author":"Firas Ben Abdeltif","twitter_card":"summary_large_image","twitter_creator":"@webdo_tn","twitter_site":"@webdo_tn","twitter_misc":{"\u00c9crit par":"Firas Ben Abdeltif","Dur\u00e9e de lecture estim\u00e9e":"1 minute"},"schema":{"@context":"https:\/\/schema.org","@graph":[{"@type":"NewsArticle","@id":"https:\/\/www.webdo.tn\/fr\/actualite\/national\/associations-en-tunisie-entre-fierte-civique-et-inquietudes-sur-le-financement\/216506\/#article","isPartOf":{"@id":"https:\/\/www.webdo.tn\/fr\/actualite\/national\/associations-en-tunisie-entre-fierte-civique-et-inquietudes-sur-le-financement\/216506\/"},"author":{"name":"Firas Ben Abdeltif","@id":"https:\/\/www.webdo.tn\/fr\/#\/schema\/person\/19664196c9bfdcda126f3c27709f7d11"},"headline":"Associations en Tunisie : Entre fiert\u00e9 civique et Inqui\u00e9tudes sur le financement","datePublished":"2024-09-20T13:27:00+00:00","dateModified":"2025-05-14T09:24:19+00:00","mainEntityOfPage":{"@id":"https:\/\/www.webdo.tn\/fr\/actualite\/national\/associations-en-tunisie-entre-fierte-civique-et-inquietudes-sur-le-financement\/216506\/"},"wordCount":271,"commentCount":0,"publisher":{"@id":"https:\/\/www.webdo.tn\/fr\/#organization"},"image":{"@id":"https:\/\/www.webdo.tn\/fr\/actualite\/national\/associations-en-tunisie-entre-fierte-civique-et-inquietudes-sur-le-financement\/216506\/#primaryimage"},"thumbnailUrl":"https:\/\/www.webdo.tn\/fr\/wp-content\/uploads\/2024\/09\/b5169a90bdb58fa8ddad7023044a58fc.webp","keywords":["Associations en Tunisie","Financement \u00e9tranger","Soci\u00e9t\u00e9 civile tunisienne","Transparence financi\u00e8re"],"articleSection":["National"],"inLanguage":"fr-FR"},{"@type":"WebPage","@id":"https:\/\/www.webdo.tn\/fr\/actualite\/national\/associations-en-tunisie-entre-fierte-civique-et-inquietudes-sur-le-financement\/216506\/","url":"https:\/\/www.webdo.tn\/fr\/actualite\/national\/associations-en-tunisie-entre-fierte-civique-et-inquietudes-sur-le-financement\/216506\/","name":"Associations en Tunisie : Entre fiert\u00e9 civique et Inqui\u00e9tudes sur le financement","isPartOf":{"@id":"https:\/\/www.webdo.tn\/fr\/#website"},"primaryImageOfPage":{"@id":"https:\/\/www.webdo.tn\/fr\/actualite\/national\/associations-en-tunisie-entre-fierte-civique-et-inquietudes-sur-le-financement\/216506\/#primaryimage"},"image":{"@id":"https:\/\/www.webdo.tn\/fr\/actualite\/national\/associations-en-tunisie-entre-fierte-civique-et-inquietudes-sur-le-financement\/216506\/#primaryimage"},"thumbnailUrl":"https:\/\/www.webdo.tn\/fr\/wp-content\/uploads\/2024\/09\/b5169a90bdb58fa8ddad7023044a58fc.webp","datePublished":"2024-09-20T13:27:00+00:00","dateModified":"2025-05-14T09:24:19+00:00","description":"D\u00e9couvrez comment la soci\u00e9t\u00e9 civile tunisienne navigue entre dynamisme associatif et controverses sur le financement \u00e9tranger. Analyse des chiffres cl\u00e9s et des...","breadcrumb":{"@id":"https:\/\/www.webdo.tn\/fr\/actualite\/national\/associations-en-tunisie-entre-fierte-civique-et-inquietudes-sur-le-financement\/216506\/#breadcrumb"},"inLanguage":"fr-FR","potentialAction":[{"@type":"ReadAction","target":["https:\/\/www.webdo.tn\/fr\/actualite\/national\/associations-en-tunisie-entre-fierte-civique-et-inquietudes-sur-le-financement\/216506\/"]}]},{"@type":"ImageObject","inLanguage":"fr-FR","@id":"https:\/\/www.webdo.tn\/fr\/actualite\/national\/associations-en-tunisie-entre-fierte-civique-et-inquietudes-sur-le-financement\/216506\/#primaryimage","url":"https:\/\/www.webdo.tn\/fr\/wp-content\/uploads\/2024\/09\/b5169a90bdb58fa8ddad7023044a58fc.webp","contentUrl":"https:\/\/www.webdo.tn\/fr\/wp-content\/uploads\/2024\/09\/b5169a90bdb58fa8ddad7023044a58fc.webp","width":750,"height":400,"caption":"Associations en Tunisie : Entre fiert\u00e9 civique et Inqui\u00e9tudes sur le financement"},{"@type":"BreadcrumbList","@id":"https:\/\/www.webdo.tn\/fr\/actualite\/national\/associations-en-tunisie-entre-fierte-civique-et-inquietudes-sur-le-financement\/216506\/#breadcrumb","itemListElement":[{"@type":"ListItem","position":1,"name":"Accueil","item":"https:\/\/www.webdo.tn\/fr\/"},{"@type":"ListItem","position":2,"name":"Associations en Tunisie : Entre fiert\u00e9 civique et Inqui\u00e9tudes sur le financement"}]},{"@type":"WebSite","@id":"https:\/\/www.webdo.tn\/fr\/#website","url":"https:\/\/www.webdo.tn\/fr\/","name":"webdo","description":"Tunisie - News en Tunisie et \u00e0 l&#039;international sur Webdo.tn","publisher":{"@id":"https:\/\/www.webdo.tn\/fr\/#organization"},"potentialAction":[{"@type":"SearchAction","target":{"@type":"EntryPoint","urlTemplate":"https:\/\/www.webdo.tn\/fr\/?s={search_term_string}"},"query-input":{"@type":"PropertyValueSpecification","valueRequired":true,"valueName":"search_term_string"}}],"inLanguage":"fr-FR"},{"@type":"Organization","@id":"https:\/\/www.webdo.tn\/fr\/#organization","name":"Webdo","alternateName":"Webdo.tn","url":"https:\/\/www.webdo.tn\/fr\/","logo":{"@type":"ImageObject","inLanguage":"fr-FR","@id":"https:\/\/www.webdo.tn\/fr\/#\/schema\/logo\/image\/","url":"https:\/\/www.webdo.tn\/fr\/wp-content\/uploads\/2025\/06\/Webdo-Tunisie_168377.jpg","contentUrl":"https:\/\/www.webdo.tn\/fr\/wp-content\/uploads\/2025\/06\/Webdo-Tunisie_168377.jpg","width":301,"height":301,"caption":"Webdo"},"image":{"@id":"https:\/\/www.webdo.tn\/fr\/#\/schema\/logo\/image\/"},"sameAs":["https:\/\/www.facebook.com\/webdotn","https:\/\/x.com\/webdo_tn"],"description":"Webdo est un m\u00e9dia num\u00e9rique tunisien fond\u00e9 en 2010, sp\u00e9cialis\u00e9 dans l\u2019actualit\u00e9 nationale et internationale, l\u2019\u00e9conomie, la soci\u00e9t\u00e9 et les analyses politiques. Le site s\u2019adresse \u00e0 un large public francophone et couvre l\u2019information tunisienne en temps r\u00e9el.","email":"redac@webdo.tn","legalName":"YNJ SARL","foundingDate":"2010-09-06","numberOfEmployees":{"@type":"QuantitativeValue","minValue":"11","maxValue":"50"}},{"@type":"Person","@id":"https:\/\/www.webdo.tn\/fr\/#\/schema\/person\/19664196c9bfdcda126f3c27709f7d11","name":"Firas Ben Abdeltif","image":{"@type":"ImageObject","inLanguage":"fr-FR","@id":"https:\/\/secure.gravatar.com\/avatar\/161a347d40df098a084778c52ed133dbd85f14df003867067c5948081241ec55?s=96&d=mm&r=g","url":"https:\/\/secure.gravatar.com\/avatar\/161a347d40df098a084778c52ed133dbd85f14df003867067c5948081241ec55?s=96&d=mm&r=g","contentUrl":"https:\/\/secure.gravatar.com\/avatar\/161a347d40df098a084778c52ed133dbd85f14df003867067c5948081241ec55?s=96&d=mm&r=g","caption":"Firas Ben Abdeltif"},"url":"https:\/\/www.webdo.tn\/fr\/actualite\/author\/firas-ben-abdeltif\/"}]}},"_links":{"self":[{"href":"https:\/\/www.webdo.tn\/fr\/wp-json\/wp\/v2\/posts\/216506","targetHints":{"allow":["GET"]}}],"collection":[{"href":"https:\/\/www.webdo.tn\/fr\/wp-json\/wp\/v2\/posts"}],"about":[{"href":"https:\/\/www.webdo.tn\/fr\/wp-json\/wp\/v2\/types\/post"}],"author":[{"embeddable":true,"href":"https:\/\/www.webdo.tn\/fr\/wp-json\/wp\/v2\/users\/4779"}],"replies":[{"embeddable":true,"href":"https:\/\/www.webdo.tn\/fr\/wp-json\/wp\/v2\/comments?post=216506"}],"version-history":[{"count":0,"href":"https:\/\/www.webdo.tn\/fr\/wp-json\/wp\/v2\/posts\/216506\/revisions"}],"wp:featuredmedia":[{"embeddable":true,"href":"https:\/\/www.webdo.tn\/fr\/wp-json\/wp\/v2\/media\/246495"}],"wp:attachment":[{"href":"https:\/\/www.webdo.tn\/fr\/wp-json\/wp\/v2\/media?parent=216506"}],"wp:term":[{"taxonomy":"category","embeddable":true,"href":"https:\/\/www.webdo.tn\/fr\/wp-json\/wp\/v2\/categories?post=216506"},{"taxonomy":"post_tag","embeddable":true,"href":"https:\/\/www.webdo.tn\/fr\/wp-json\/wp\/v2\/tags?post=216506"}],"curies":[{"name":"wp","href":"https:\/\/api.w.org\/{rel}","templated":true}]}}