{"id":216492,"date":"2024-09-19T19:39:00","date_gmt":"2024-09-19T19:39:00","guid":{"rendered":"https:\/\/www.webdo.tn\/fr\/blog\/tunisair-annule-tous-les-vols-a-destination-de-bamako\/216492\/"},"modified":"2025-05-21T09:03:18","modified_gmt":"2025-05-21T09:03:18","slug":"tunisair-annule-tous-les-vols-a-destination-de-bamako","status":"publish","type":"post","link":"https:\/\/www.webdo.tn\/fr\/actualite\/national\/tunisair-annule-tous-les-vols-a-destination-de-bamako\/216492\/","title":{"rendered":"Tunisair annule tous les vols \u00e0 destination de Bamako"},"content":{"rendered":"<p>La compagnie Tunisair a annonc\u00e9 aujourd&rsquo;hui l&rsquo;annulation de tous ses vols \u00e0 destination et en provenance de Bamako, la capitale du Mali, jusqu&rsquo;\u00e0 nouvel ordre.<\/p>\n<p>\t\t\t\t\t\t\t\t\tCette d\u00e9cision fait suite \u00e0 une attaque arm\u00e9e survenue le 17 septembre 2024, ciblant une acad\u00e9mie de formation pour la police priv\u00e9e ainsi que l&rsquo;a\u00e9roport de Bamako.<\/p>\n<p>Tunisair a pr\u00e9cis\u00e9 que les passagers concern\u00e9s par ces annulations peuvent modifier leurs r\u00e9servations sans frais suppl\u00e9mentaires ou demander le remboursement de leurs billets si les horaires des vols reprogramm\u00e9s ne leur conviennent pas. Pour toute information compl\u00e9mentaire, la compagnie a mis \u00e0 disposition des num\u00e9ros de t\u00e9l\u00e9phone : en Tunisie au 81107777 et depuis l\u2019\u00e9tranger au +216 70019161.<\/p>\n<p>Il convient de rappeler que l&rsquo;attaque \u00e0 Bamako a fait 70 victimes et a bless\u00e9 200 personnes. La responsabilit\u00e9 de ces attaques a \u00e9t\u00e9 revendiqu\u00e9e par le groupe de soutien \u00e0 l&rsquo;islam et aux musulmans, affili\u00e9 \u00e0 Al-Qa\u00efda.<\/p>\n","protected":false},"excerpt":{"rendered":"<p>Tunisair annule tous ses vols vers Bamako apr\u00e8s une attaque arm\u00e9e. D\u00e9couvrez les d\u00e9tails sur les modifications de r\u00e9servation et les remboursements pour les pas&#8230;<\/p>\n","protected":false},"author":3166,"featured_media":246521,"comment_status":"open","ping_status":"closed","sticky":false,"template":"","format":"standard","meta":{"footnotes":""},"categories":[44],"tags":[5670,5669,3344,3451],"class_list":["post-216492","post","type-post","status-publish","format-standard","has-post-thumbnail","hentry","category-national","tag-annulation-de-vol","tag-bamako","tag-mali","tag-tunisair"],"yoast_head":"<!-- This site is optimized with the Yoast SEO Premium plugin v27.5 (Yoast SEO v27.5) - https:\/\/yoast.com\/product\/yoast-seo-premium-wordpress\/ -->\n<title>Tunisair annule tous les vols \u00e0 destination de Bamako<\/title>\n<meta name=\"description\" content=\"Tunisair annule tous ses vols vers Bamako apr\u00e8s une attaque arm\u00e9e. D\u00e9couvrez les d\u00e9tails sur les modifications de r\u00e9servation et les remboursements pour les pas...\" \/>\n<link rel=\"canonical\" href=\"https:\/\/www.webdo.tn\/fr\/actualite\/national\/tunisair-annule-tous-les-vols-a-destination-de-bamako\/216492\/\" \/>\n<meta property=\"og:locale\" content=\"fr_FR\" \/>\n<meta property=\"og:type\" content=\"article\" \/>\n<meta property=\"og:title\" content=\"Tunisair annule tous les vols \u00e0 destination de Bamako\" \/>\n<meta property=\"og:description\" content=\"Tunisair annule tous ses vols vers Bamako apr\u00e8s une attaque arm\u00e9e. D\u00e9couvrez les d\u00e9tails sur les modifications de r\u00e9servation et les remboursements pour les pas...\" \/>\n<meta property=\"og:url\" content=\"https:\/\/www.webdo.tn\/fr\/actualite\/national\/tunisair-annule-tous-les-vols-a-destination-de-bamako\/216492\/\" \/>\n<meta property=\"og:site_name\" content=\"webdo\" \/>\n<meta property=\"article:publisher\" content=\"https:\/\/www.facebook.com\/webdotn\" \/>\n<meta property=\"article:published_time\" content=\"2024-09-19T19:39:00+00:00\" \/>\n<meta property=\"article:modified_time\" content=\"2025-05-21T09:03:18+00:00\" \/>\n<meta property=\"og:image\" content=\"https:\/\/www.webdo.tn\/fr\/wp-content\/uploads\/2024\/09\/0a5c3f80cc71d11db05bf8ade7eba7ad.webp\" \/>\n\t<meta property=\"og:image:width\" content=\"720\" \/>\n\t<meta property=\"og:image:height\" content=\"384\" \/>\n\t<meta property=\"og:image:type\" content=\"image\/webp\" \/>\n<meta name=\"author\" content=\"AZ\" \/>\n<meta name=\"twitter:card\" content=\"summary_large_image\" \/>\n<meta name=\"twitter:creator\" content=\"@webdo_tn\" \/>\n<meta name=\"twitter:site\" content=\"@webdo_tn\" \/>\n<meta name=\"twitter:label1\" content=\"\u00c9crit par\" \/>\n\t<meta name=\"twitter:data1\" content=\"AZ\" \/>\n\t<meta name=\"twitter:label2\" content=\"Dur\u00e9e de lecture estim\u00e9e\" \/>\n\t<meta name=\"twitter:data2\" content=\"1 minute\" \/>\n<script type=\"application\/ld+json\" class=\"yoast-schema-graph\">{\"@context\":\"https:\\\/\\\/schema.org\",\"@graph\":[{\"@type\":\"NewsArticle\",\"@id\":\"https:\\\/\\\/www.webdo.tn\\\/fr\\\/actualite\\\/national\\\/tunisair-annule-tous-les-vols-a-destination-de-bamako\\\/216492\\\/#article\",\"isPartOf\":{\"@id\":\"https:\\\/\\\/www.webdo.tn\\\/fr\\\/actualite\\\/national\\\/tunisair-annule-tous-les-vols-a-destination-de-bamako\\\/216492\\\/\"},\"author\":{\"name\":\"AZ\",\"@id\":\"https:\\\/\\\/www.webdo.tn\\\/fr\\\/#\\\/schema\\\/person\\\/b8a41c04d93287d375510db360906b34\"},\"headline\":\"Tunisair annule tous les vols \u00e0 destination de Bamako\",\"datePublished\":\"2024-09-19T19:39:00+00:00\",\"dateModified\":\"2025-05-21T09:03:18+00:00\",\"mainEntityOfPage\":{\"@id\":\"https:\\\/\\\/www.webdo.tn\\\/fr\\\/actualite\\\/national\\\/tunisair-annule-tous-les-vols-a-destination-de-bamako\\\/216492\\\/\"},\"wordCount\":165,\"commentCount\":0,\"publisher\":{\"@id\":\"https:\\\/\\\/www.webdo.tn\\\/fr\\\/#organization\"},\"image\":{\"@id\":\"https:\\\/\\\/www.webdo.tn\\\/fr\\\/actualite\\\/national\\\/tunisair-annule-tous-les-vols-a-destination-de-bamako\\\/216492\\\/#primaryimage\"},\"thumbnailUrl\":\"https:\\\/\\\/www.webdo.tn\\\/fr\\\/wp-content\\\/uploads\\\/2024\\\/09\\\/0a5c3f80cc71d11db05bf8ade7eba7ad.webp\",\"keywords\":[\"Annulation de vol\",\"Bamako\",\"Mali\",\"Tunisair\"],\"articleSection\":[\"National\"],\"inLanguage\":\"fr-FR\"},{\"@type\":\"WebPage\",\"@id\":\"https:\\\/\\\/www.webdo.tn\\\/fr\\\/actualite\\\/national\\\/tunisair-annule-tous-les-vols-a-destination-de-bamako\\\/216492\\\/\",\"url\":\"https:\\\/\\\/www.webdo.tn\\\/fr\\\/actualite\\\/national\\\/tunisair-annule-tous-les-vols-a-destination-de-bamako\\\/216492\\\/\",\"name\":\"Tunisair annule tous les vols \u00e0 destination de Bamako\",\"isPartOf\":{\"@id\":\"https:\\\/\\\/www.webdo.tn\\\/fr\\\/#website\"},\"primaryImageOfPage\":{\"@id\":\"https:\\\/\\\/www.webdo.tn\\\/fr\\\/actualite\\\/national\\\/tunisair-annule-tous-les-vols-a-destination-de-bamako\\\/216492\\\/#primaryimage\"},\"image\":{\"@id\":\"https:\\\/\\\/www.webdo.tn\\\/fr\\\/actualite\\\/national\\\/tunisair-annule-tous-les-vols-a-destination-de-bamako\\\/216492\\\/#primaryimage\"},\"thumbnailUrl\":\"https:\\\/\\\/www.webdo.tn\\\/fr\\\/wp-content\\\/uploads\\\/2024\\\/09\\\/0a5c3f80cc71d11db05bf8ade7eba7ad.webp\",\"datePublished\":\"2024-09-19T19:39:00+00:00\",\"dateModified\":\"2025-05-21T09:03:18+00:00\",\"description\":\"Tunisair annule tous ses vols vers Bamako apr\u00e8s une attaque arm\u00e9e. D\u00e9couvrez les d\u00e9tails sur les modifications de r\u00e9servation et les remboursements pour les pas...\",\"breadcrumb\":{\"@id\":\"https:\\\/\\\/www.webdo.tn\\\/fr\\\/actualite\\\/national\\\/tunisair-annule-tous-les-vols-a-destination-de-bamako\\\/216492\\\/#breadcrumb\"},\"inLanguage\":\"fr-FR\",\"potentialAction\":[{\"@type\":\"ReadAction\",\"target\":[\"https:\\\/\\\/www.webdo.tn\\\/fr\\\/actualite\\\/national\\\/tunisair-annule-tous-les-vols-a-destination-de-bamako\\\/216492\\\/\"]}]},{\"@type\":\"ImageObject\",\"inLanguage\":\"fr-FR\",\"@id\":\"https:\\\/\\\/www.webdo.tn\\\/fr\\\/actualite\\\/national\\\/tunisair-annule-tous-les-vols-a-destination-de-bamako\\\/216492\\\/#primaryimage\",\"url\":\"https:\\\/\\\/www.webdo.tn\\\/fr\\\/wp-content\\\/uploads\\\/2024\\\/09\\\/0a5c3f80cc71d11db05bf8ade7eba7ad.webp\",\"contentUrl\":\"https:\\\/\\\/www.webdo.tn\\\/fr\\\/wp-content\\\/uploads\\\/2024\\\/09\\\/0a5c3f80cc71d11db05bf8ade7eba7ad.webp\",\"width\":720,\"height\":384,\"caption\":\"Tunisair annule tous les vols \u00e0 destination de Bamako\"},{\"@type\":\"BreadcrumbList\",\"@id\":\"https:\\\/\\\/www.webdo.tn\\\/fr\\\/actualite\\\/national\\\/tunisair-annule-tous-les-vols-a-destination-de-bamako\\\/216492\\\/#breadcrumb\",\"itemListElement\":[{\"@type\":\"ListItem\",\"position\":1,\"name\":\"Accueil\",\"item\":\"https:\\\/\\\/www.webdo.tn\\\/fr\\\/\"},{\"@type\":\"ListItem\",\"position\":2,\"name\":\"Tunisair annule tous les vols \u00e0 destination de Bamako\"}]},{\"@type\":\"WebSite\",\"@id\":\"https:\\\/\\\/www.webdo.tn\\\/fr\\\/#website\",\"url\":\"https:\\\/\\\/www.webdo.tn\\\/fr\\\/\",\"name\":\"webdo\",\"description\":\"Tunisie - News en Tunisie et \u00e0 l&#039;international sur Webdo.tn\",\"publisher\":{\"@id\":\"https:\\\/\\\/www.webdo.tn\\\/fr\\\/#organization\"},\"potentialAction\":[{\"@type\":\"SearchAction\",\"target\":{\"@type\":\"EntryPoint\",\"urlTemplate\":\"https:\\\/\\\/www.webdo.tn\\\/fr\\\/?s={search_term_string}\"},\"query-input\":{\"@type\":\"PropertyValueSpecification\",\"valueRequired\":true,\"valueName\":\"search_term_string\"}}],\"inLanguage\":\"fr-FR\"},{\"@type\":\"Organization\",\"@id\":\"https:\\\/\\\/www.webdo.tn\\\/fr\\\/#organization\",\"name\":\"Webdo\",\"alternateName\":\"Webdo.tn\",\"url\":\"https:\\\/\\\/www.webdo.tn\\\/fr\\\/\",\"logo\":{\"@type\":\"ImageObject\",\"inLanguage\":\"fr-FR\",\"@id\":\"https:\\\/\\\/www.webdo.tn\\\/fr\\\/#\\\/schema\\\/logo\\\/image\\\/\",\"url\":\"https:\\\/\\\/www.webdo.tn\\\/fr\\\/wp-content\\\/uploads\\\/2025\\\/06\\\/Webdo-Tunisie_168377.jpg\",\"contentUrl\":\"https:\\\/\\\/www.webdo.tn\\\/fr\\\/wp-content\\\/uploads\\\/2025\\\/06\\\/Webdo-Tunisie_168377.jpg\",\"width\":301,\"height\":301,\"caption\":\"Webdo\"},\"image\":{\"@id\":\"https:\\\/\\\/www.webdo.tn\\\/fr\\\/#\\\/schema\\\/logo\\\/image\\\/\"},\"sameAs\":[\"https:\\\/\\\/www.facebook.com\\\/webdotn\",\"https:\\\/\\\/x.com\\\/webdo_tn\"],\"description\":\"Webdo est un m\u00e9dia num\u00e9rique tunisien fond\u00e9 en 2010, sp\u00e9cialis\u00e9 dans l\u2019actualit\u00e9 nationale et internationale, l\u2019\u00e9conomie, la soci\u00e9t\u00e9 et les analyses politiques. Le site s\u2019adresse \u00e0 un large public francophone et couvre l\u2019information tunisienne en temps r\u00e9el.\",\"email\":\"redac@webdo.tn\",\"legalName\":\"YNJ SARL\",\"foundingDate\":\"2010-09-06\",\"numberOfEmployees\":{\"@type\":\"QuantitativeValue\",\"minValue\":\"11\",\"maxValue\":\"50\"}},{\"@type\":\"Person\",\"@id\":\"https:\\\/\\\/www.webdo.tn\\\/fr\\\/#\\\/schema\\\/person\\\/b8a41c04d93287d375510db360906b34\",\"name\":\"AZ\",\"image\":{\"@type\":\"ImageObject\",\"inLanguage\":\"fr-FR\",\"@id\":\"https:\\\/\\\/secure.gravatar.com\\\/avatar\\\/492b80bada79439de4201dce15cd41eece6c277cfdf1b53382073c79105c1f89?s=96&d=mm&r=g\",\"url\":\"https:\\\/\\\/secure.gravatar.com\\\/avatar\\\/492b80bada79439de4201dce15cd41eece6c277cfdf1b53382073c79105c1f89?s=96&d=mm&r=g\",\"contentUrl\":\"https:\\\/\\\/secure.gravatar.com\\\/avatar\\\/492b80bada79439de4201dce15cd41eece6c277cfdf1b53382073c79105c1f89?s=96&d=mm&r=g\",\"caption\":\"AZ\"},\"url\":\"https:\\\/\\\/www.webdo.tn\\\/fr\\\/actualite\\\/author\\\/az\\\/\"}]}<\/script>\n<!-- \/ Yoast SEO Premium plugin. -->","yoast_head_json":{"title":"Tunisair annule tous les vols \u00e0 destination de Bamako","description":"Tunisair annule tous ses vols vers Bamako apr\u00e8s une attaque arm\u00e9e. D\u00e9couvrez les d\u00e9tails sur les modifications de r\u00e9servation et les remboursements pour les pas...","canonical":"https:\/\/www.webdo.tn\/fr\/actualite\/national\/tunisair-annule-tous-les-vols-a-destination-de-bamako\/216492\/","og_locale":"fr_FR","og_type":"article","og_title":"Tunisair annule tous les vols \u00e0 destination de Bamako","og_description":"Tunisair annule tous ses vols vers Bamako apr\u00e8s une attaque arm\u00e9e. D\u00e9couvrez les d\u00e9tails sur les modifications de r\u00e9servation et les remboursements pour les pas...","og_url":"https:\/\/www.webdo.tn\/fr\/actualite\/national\/tunisair-annule-tous-les-vols-a-destination-de-bamako\/216492\/","og_site_name":"webdo","article_publisher":"https:\/\/www.facebook.com\/webdotn","article_published_time":"2024-09-19T19:39:00+00:00","article_modified_time":"2025-05-21T09:03:18+00:00","og_image":[{"width":720,"height":384,"url":"https:\/\/www.webdo.tn\/fr\/wp-content\/uploads\/2024\/09\/0a5c3f80cc71d11db05bf8ade7eba7ad.webp","type":"image\/webp"}],"author":"AZ","twitter_card":"summary_large_image","twitter_creator":"@webdo_tn","twitter_site":"@webdo_tn","twitter_misc":{"\u00c9crit par":"AZ","Dur\u00e9e de lecture estim\u00e9e":"1 minute"},"schema":{"@context":"https:\/\/schema.org","@graph":[{"@type":"NewsArticle","@id":"https:\/\/www.webdo.tn\/fr\/actualite\/national\/tunisair-annule-tous-les-vols-a-destination-de-bamako\/216492\/#article","isPartOf":{"@id":"https:\/\/www.webdo.tn\/fr\/actualite\/national\/tunisair-annule-tous-les-vols-a-destination-de-bamako\/216492\/"},"author":{"name":"AZ","@id":"https:\/\/www.webdo.tn\/fr\/#\/schema\/person\/b8a41c04d93287d375510db360906b34"},"headline":"Tunisair annule tous les vols \u00e0 destination de Bamako","datePublished":"2024-09-19T19:39:00+00:00","dateModified":"2025-05-21T09:03:18+00:00","mainEntityOfPage":{"@id":"https:\/\/www.webdo.tn\/fr\/actualite\/national\/tunisair-annule-tous-les-vols-a-destination-de-bamako\/216492\/"},"wordCount":165,"commentCount":0,"publisher":{"@id":"https:\/\/www.webdo.tn\/fr\/#organization"},"image":{"@id":"https:\/\/www.webdo.tn\/fr\/actualite\/national\/tunisair-annule-tous-les-vols-a-destination-de-bamako\/216492\/#primaryimage"},"thumbnailUrl":"https:\/\/www.webdo.tn\/fr\/wp-content\/uploads\/2024\/09\/0a5c3f80cc71d11db05bf8ade7eba7ad.webp","keywords":["Annulation de vol","Bamako","Mali","Tunisair"],"articleSection":["National"],"inLanguage":"fr-FR"},{"@type":"WebPage","@id":"https:\/\/www.webdo.tn\/fr\/actualite\/national\/tunisair-annule-tous-les-vols-a-destination-de-bamako\/216492\/","url":"https:\/\/www.webdo.tn\/fr\/actualite\/national\/tunisair-annule-tous-les-vols-a-destination-de-bamako\/216492\/","name":"Tunisair annule tous les vols \u00e0 destination de Bamako","isPartOf":{"@id":"https:\/\/www.webdo.tn\/fr\/#website"},"primaryImageOfPage":{"@id":"https:\/\/www.webdo.tn\/fr\/actualite\/national\/tunisair-annule-tous-les-vols-a-destination-de-bamako\/216492\/#primaryimage"},"image":{"@id":"https:\/\/www.webdo.tn\/fr\/actualite\/national\/tunisair-annule-tous-les-vols-a-destination-de-bamako\/216492\/#primaryimage"},"thumbnailUrl":"https:\/\/www.webdo.tn\/fr\/wp-content\/uploads\/2024\/09\/0a5c3f80cc71d11db05bf8ade7eba7ad.webp","datePublished":"2024-09-19T19:39:00+00:00","dateModified":"2025-05-21T09:03:18+00:00","description":"Tunisair annule tous ses vols vers Bamako apr\u00e8s une attaque arm\u00e9e. D\u00e9couvrez les d\u00e9tails sur les modifications de r\u00e9servation et les remboursements pour les pas...","breadcrumb":{"@id":"https:\/\/www.webdo.tn\/fr\/actualite\/national\/tunisair-annule-tous-les-vols-a-destination-de-bamako\/216492\/#breadcrumb"},"inLanguage":"fr-FR","potentialAction":[{"@type":"ReadAction","target":["https:\/\/www.webdo.tn\/fr\/actualite\/national\/tunisair-annule-tous-les-vols-a-destination-de-bamako\/216492\/"]}]},{"@type":"ImageObject","inLanguage":"fr-FR","@id":"https:\/\/www.webdo.tn\/fr\/actualite\/national\/tunisair-annule-tous-les-vols-a-destination-de-bamako\/216492\/#primaryimage","url":"https:\/\/www.webdo.tn\/fr\/wp-content\/uploads\/2024\/09\/0a5c3f80cc71d11db05bf8ade7eba7ad.webp","contentUrl":"https:\/\/www.webdo.tn\/fr\/wp-content\/uploads\/2024\/09\/0a5c3f80cc71d11db05bf8ade7eba7ad.webp","width":720,"height":384,"caption":"Tunisair annule tous les vols \u00e0 destination de Bamako"},{"@type":"BreadcrumbList","@id":"https:\/\/www.webdo.tn\/fr\/actualite\/national\/tunisair-annule-tous-les-vols-a-destination-de-bamako\/216492\/#breadcrumb","itemListElement":[{"@type":"ListItem","position":1,"name":"Accueil","item":"https:\/\/www.webdo.tn\/fr\/"},{"@type":"ListItem","position":2,"name":"Tunisair annule tous les vols \u00e0 destination de Bamako"}]},{"@type":"WebSite","@id":"https:\/\/www.webdo.tn\/fr\/#website","url":"https:\/\/www.webdo.tn\/fr\/","name":"webdo","description":"Tunisie - News en Tunisie et \u00e0 l&#039;international sur Webdo.tn","publisher":{"@id":"https:\/\/www.webdo.tn\/fr\/#organization"},"potentialAction":[{"@type":"SearchAction","target":{"@type":"EntryPoint","urlTemplate":"https:\/\/www.webdo.tn\/fr\/?s={search_term_string}"},"query-input":{"@type":"PropertyValueSpecification","valueRequired":true,"valueName":"search_term_string"}}],"inLanguage":"fr-FR"},{"@type":"Organization","@id":"https:\/\/www.webdo.tn\/fr\/#organization","name":"Webdo","alternateName":"Webdo.tn","url":"https:\/\/www.webdo.tn\/fr\/","logo":{"@type":"ImageObject","inLanguage":"fr-FR","@id":"https:\/\/www.webdo.tn\/fr\/#\/schema\/logo\/image\/","url":"https:\/\/www.webdo.tn\/fr\/wp-content\/uploads\/2025\/06\/Webdo-Tunisie_168377.jpg","contentUrl":"https:\/\/www.webdo.tn\/fr\/wp-content\/uploads\/2025\/06\/Webdo-Tunisie_168377.jpg","width":301,"height":301,"caption":"Webdo"},"image":{"@id":"https:\/\/www.webdo.tn\/fr\/#\/schema\/logo\/image\/"},"sameAs":["https:\/\/www.facebook.com\/webdotn","https:\/\/x.com\/webdo_tn"],"description":"Webdo est un m\u00e9dia num\u00e9rique tunisien fond\u00e9 en 2010, sp\u00e9cialis\u00e9 dans l\u2019actualit\u00e9 nationale et internationale, l\u2019\u00e9conomie, la soci\u00e9t\u00e9 et les analyses politiques. Le site s\u2019adresse \u00e0 un large public francophone et couvre l\u2019information tunisienne en temps r\u00e9el.","email":"redac@webdo.tn","legalName":"YNJ SARL","foundingDate":"2010-09-06","numberOfEmployees":{"@type":"QuantitativeValue","minValue":"11","maxValue":"50"}},{"@type":"Person","@id":"https:\/\/www.webdo.tn\/fr\/#\/schema\/person\/b8a41c04d93287d375510db360906b34","name":"AZ","image":{"@type":"ImageObject","inLanguage":"fr-FR","@id":"https:\/\/secure.gravatar.com\/avatar\/492b80bada79439de4201dce15cd41eece6c277cfdf1b53382073c79105c1f89?s=96&d=mm&r=g","url":"https:\/\/secure.gravatar.com\/avatar\/492b80bada79439de4201dce15cd41eece6c277cfdf1b53382073c79105c1f89?s=96&d=mm&r=g","contentUrl":"https:\/\/secure.gravatar.com\/avatar\/492b80bada79439de4201dce15cd41eece6c277cfdf1b53382073c79105c1f89?s=96&d=mm&r=g","caption":"AZ"},"url":"https:\/\/www.webdo.tn\/fr\/actualite\/author\/az\/"}]}},"_links":{"self":[{"href":"https:\/\/www.webdo.tn\/fr\/wp-json\/wp\/v2\/posts\/216492","targetHints":{"allow":["GET"]}}],"collection":[{"href":"https:\/\/www.webdo.tn\/fr\/wp-json\/wp\/v2\/posts"}],"about":[{"href":"https:\/\/www.webdo.tn\/fr\/wp-json\/wp\/v2\/types\/post"}],"author":[{"embeddable":true,"href":"https:\/\/www.webdo.tn\/fr\/wp-json\/wp\/v2\/users\/3166"}],"replies":[{"embeddable":true,"href":"https:\/\/www.webdo.tn\/fr\/wp-json\/wp\/v2\/comments?post=216492"}],"version-history":[{"count":0,"href":"https:\/\/www.webdo.tn\/fr\/wp-json\/wp\/v2\/posts\/216492\/revisions"}],"wp:featuredmedia":[{"embeddable":true,"href":"https:\/\/www.webdo.tn\/fr\/wp-json\/wp\/v2\/media\/246521"}],"wp:attachment":[{"href":"https:\/\/www.webdo.tn\/fr\/wp-json\/wp\/v2\/media?parent=216492"}],"wp:term":[{"taxonomy":"category","embeddable":true,"href":"https:\/\/www.webdo.tn\/fr\/wp-json\/wp\/v2\/categories?post=216492"},{"taxonomy":"post_tag","embeddable":true,"href":"https:\/\/www.webdo.tn\/fr\/wp-json\/wp\/v2\/tags?post=216492"}],"curies":[{"name":"wp","href":"https:\/\/api.w.org\/{rel}","templated":true}]}}