{"id":216471,"date":"2024-09-19T09:12:00","date_gmt":"2024-09-19T09:12:00","guid":{"rendered":"https:\/\/www.webdo.tn\/fr\/blog\/talkies-walkies-pieges-par-israel-20-morts-et-plus-de-450-blesses-au-liban\/216471\/"},"modified":"2025-05-20T22:14:14","modified_gmt":"2025-05-20T22:14:14","slug":"talkies-walkies-pieges-par-israel-20-morts-et-plus-de-450-blesses-au-liban","status":"publish","type":"post","link":"https:\/\/www.webdo.tn\/fr\/actualite\/international\/talkies-walkies-pieges-par-israel-20-morts-et-plus-de-450-blesses-au-liban\/216471\/","title":{"rendered":"Talkies-walkies pi\u00e9g\u00e9s par Isra\u00ebl : 25 morts et plus de 450 bless\u00e9s au Liban"},"content":{"rendered":"<p>Mercredi, une nouvelle vague d&rsquo;explosions d\u2019appareils de communication appartenant au Hezbollah a provoqu\u00e9 la mort de 25 personnes et fait plus de 450 bless\u00e9s \u00e0 travers le Liban, intensifiant les craintes d\u2019un conflit g\u00e9n\u00e9ralis\u00e9 avec Isra\u00ebl.<\/p>\n<p>\t\t\t\t\t\t\t\t\tCes attaques surviennent \u00e0 la veille du discours du chef du Hezbollah, Hassan Nasrallah, pr\u00e9vu aujourd\u2019hui.<\/p>\n<p>Le minist\u00e8re libanais de la Sant\u00e9 a confirm\u00e9 que ces explosions, qui visaient des talkies-walkies, ont caus\u00e9 25 morts et plus de 450 bless\u00e9s. Elles se sont produites le jour m\u00eame o\u00f9 se tenaient les fun\u00e9railles de quatre membres du Hezbollah tu\u00e9s mardi lors d\u2019une s\u00e9rie d&rsquo;explosions.<\/p>\n<p>Cette attaque intervient apr\u00e8s l&rsquo;annonce d&rsquo;Isra\u00ebl d&rsquo;\u00e9largir ses objectifs militaires dans sa guerre contre le Hamas dans la bande de Gaza, en incluant d\u00e9sormais la fronti\u00e8re nord du Liban.<\/p>\n<p>Des explosions simultan\u00e9es de bipeurs utilis\u00e9s par le Hezbollah ont \u00e9galement eu lieu mardi, faisant 12 morts et entre 2750 et 2800 bless\u00e9s. Selon une source proche du Hezbollah, ces bipeurs faisaient partie d&rsquo;une r\u00e9cente livraison de 1000 appareils.<\/p>\n<p>Les autorit\u00e9s libanaises enqu\u00eatent et ont d\u00e9clar\u00e9 que ces appareils \u00e9taient programm\u00e9s pour exploser et contenaient des substances explosives pr\u00e8s de la batterie.<\/p>\n<p>Mardi 17 septembre, une s\u00e9rie d&rsquo;explosions simultan\u00e9es de bipeurs \u00e0 travers le Liban a fait 12 morts dont deux enfants et entre 2750 et 2800 bless\u00e9s. Ces bipeurs, utilis\u00e9s par le Hezbollah, auraient \u00e9t\u00e9 sabot\u00e9s par Isra\u00ebl, selon des accusations du mouvement chiite libanais.<\/p>\n<p>Le Hezbollah accuse Isra\u00ebl d&rsquo;avoir dissimul\u00e9 des explosifs dans des bipeurs qu&rsquo;ils avaient acquis \u00e0 Ta\u00efwan, plus pr\u00e9cis\u00e9ment aupr\u00e8s de la soci\u00e9t\u00e9 Gold Apollo. Ces explosifs auraient \u00e9t\u00e9 d\u00e9clench\u00e9s \u00e0 distance.<\/p>\n","protected":false},"excerpt":{"rendered":"<p>Ces attaques surviennent \u00e0 la veille du discours du chef du Hezbollah, Hassan Nasrallah, pr\u00e9vu aujourd\u2019hui.<\/p>\n","protected":false},"author":3162,"featured_media":291081,"comment_status":"open","ping_status":"closed","sticky":false,"template":"","format":"standard","meta":{"footnotes":""},"categories":[2598],"tags":[10434,2689,5302,2636,3920],"class_list":["post-216471","post","type-post","status-publish","format-standard","has-post-thumbnail","hentry","category-international","tag-talkies-walkies","tag-gaza","tag-hezbollah","tag-israel","tag-liban"],"yoast_head":"<!-- This site is optimized with the Yoast SEO Premium plugin v27.4 (Yoast SEO v27.5) - https:\/\/yoast.com\/product\/yoast-seo-premium-wordpress\/ -->\n<title>Talkies-walkies pi\u00e9g\u00e9s par Isra\u00ebl : 25 morts et plus de 450 bless\u00e9s au Liban<\/title>\n<meta name=\"description\" content=\"Ces attaques surviennent \u00e0 la veille du discours du chef du Hezbollah, Hassan Nasrallah, pr\u00e9vu aujourd\u2019hui.\" \/>\n<link rel=\"canonical\" href=\"https:\/\/www.webdo.tn\/fr\/actualite\/international\/talkies-walkies-pieges-par-israel-20-morts-et-plus-de-450-blesses-au-liban\/216471\/\" \/>\n<meta property=\"og:locale\" content=\"fr_FR\" \/>\n<meta property=\"og:type\" content=\"article\" \/>\n<meta property=\"og:title\" content=\"Talkies-walkies pi\u00e9g\u00e9s par Isra\u00ebl : 25 morts et plus de 450 bless\u00e9s au Liban\" \/>\n<meta property=\"og:description\" content=\"Ces attaques surviennent \u00e0 la veille du discours du chef du Hezbollah, Hassan Nasrallah, pr\u00e9vu aujourd\u2019hui.\" \/>\n<meta property=\"og:url\" content=\"https:\/\/www.webdo.tn\/fr\/actualite\/international\/talkies-walkies-pieges-par-israel-20-morts-et-plus-de-450-blesses-au-liban\/216471\/\" \/>\n<meta property=\"og:site_name\" content=\"webdo\" \/>\n<meta property=\"article:publisher\" content=\"https:\/\/www.facebook.com\/webdotn\" \/>\n<meta property=\"article:published_time\" content=\"2024-09-19T09:12:00+00:00\" \/>\n<meta property=\"article:modified_time\" content=\"2025-05-20T22:14:14+00:00\" \/>\n<meta property=\"og:image\" content=\"https:\/\/www.webdo.tn\/fr\/wp-content\/uploads\/2024\/09\/84ad9bc0448b1cefed5d8c6c41ab7de0.webp\" \/>\n\t<meta property=\"og:image:width\" content=\"750\" \/>\n\t<meta property=\"og:image:height\" content=\"400\" \/>\n\t<meta property=\"og:image:type\" content=\"image\/webp\" \/>\n<meta name=\"author\" content=\"MC\" \/>\n<meta name=\"twitter:card\" content=\"summary_large_image\" \/>\n<meta name=\"twitter:creator\" content=\"@webdo_tn\" \/>\n<meta name=\"twitter:site\" content=\"@webdo_tn\" \/>\n<meta name=\"twitter:label1\" content=\"\u00c9crit par\" \/>\n\t<meta name=\"twitter:data1\" content=\"MC\" \/>\n\t<meta name=\"twitter:label2\" content=\"Dur\u00e9e de lecture estim\u00e9e\" \/>\n\t<meta name=\"twitter:data2\" content=\"1 minute\" \/>\n<script type=\"application\/ld+json\" class=\"yoast-schema-graph\">{\"@context\":\"https:\\\/\\\/schema.org\",\"@graph\":[{\"@type\":\"NewsArticle\",\"@id\":\"https:\\\/\\\/www.webdo.tn\\\/fr\\\/actualite\\\/international\\\/talkies-walkies-pieges-par-israel-20-morts-et-plus-de-450-blesses-au-liban\\\/216471\\\/#article\",\"isPartOf\":{\"@id\":\"https:\\\/\\\/www.webdo.tn\\\/fr\\\/actualite\\\/international\\\/talkies-walkies-pieges-par-israel-20-morts-et-plus-de-450-blesses-au-liban\\\/216471\\\/\"},\"author\":{\"name\":\"MC\",\"@id\":\"https:\\\/\\\/www.webdo.tn\\\/fr\\\/#\\\/schema\\\/person\\\/2c4929cbf5a809e3bd38617c6ce150f6\"},\"headline\":\"Talkies-walkies pi\u00e9g\u00e9s par Isra\u00ebl : 25 morts et plus de 450 bless\u00e9s au Liban\",\"datePublished\":\"2024-09-19T09:12:00+00:00\",\"dateModified\":\"2025-05-20T22:14:14+00:00\",\"mainEntityOfPage\":{\"@id\":\"https:\\\/\\\/www.webdo.tn\\\/fr\\\/actualite\\\/international\\\/talkies-walkies-pieges-par-israel-20-morts-et-plus-de-450-blesses-au-liban\\\/216471\\\/\"},\"wordCount\":314,\"commentCount\":0,\"publisher\":{\"@id\":\"https:\\\/\\\/www.webdo.tn\\\/fr\\\/#organization\"},\"image\":{\"@id\":\"https:\\\/\\\/www.webdo.tn\\\/fr\\\/actualite\\\/international\\\/talkies-walkies-pieges-par-israel-20-morts-et-plus-de-450-blesses-au-liban\\\/216471\\\/#primaryimage\"},\"thumbnailUrl\":\"https:\\\/\\\/www.webdo.tn\\\/fr\\\/wp-content\\\/uploads\\\/2024\\\/09\\\/84ad9bc0448b1cefed5d8c6c41ab7de0.webp\",\"keywords\":[\"'Talkies-walkies']\",\"Gaza\",\"Hezbollah\",\"isra\u00ebl\",\"liban\"],\"articleSection\":[\"International\"],\"inLanguage\":\"fr-FR\"},{\"@type\":\"WebPage\",\"@id\":\"https:\\\/\\\/www.webdo.tn\\\/fr\\\/actualite\\\/international\\\/talkies-walkies-pieges-par-israel-20-morts-et-plus-de-450-blesses-au-liban\\\/216471\\\/\",\"url\":\"https:\\\/\\\/www.webdo.tn\\\/fr\\\/actualite\\\/international\\\/talkies-walkies-pieges-par-israel-20-morts-et-plus-de-450-blesses-au-liban\\\/216471\\\/\",\"name\":\"Talkies-walkies pi\u00e9g\u00e9s par Isra\u00ebl : 25 morts et plus de 450 bless\u00e9s au Liban\",\"isPartOf\":{\"@id\":\"https:\\\/\\\/www.webdo.tn\\\/fr\\\/#website\"},\"primaryImageOfPage\":{\"@id\":\"https:\\\/\\\/www.webdo.tn\\\/fr\\\/actualite\\\/international\\\/talkies-walkies-pieges-par-israel-20-morts-et-plus-de-450-blesses-au-liban\\\/216471\\\/#primaryimage\"},\"image\":{\"@id\":\"https:\\\/\\\/www.webdo.tn\\\/fr\\\/actualite\\\/international\\\/talkies-walkies-pieges-par-israel-20-morts-et-plus-de-450-blesses-au-liban\\\/216471\\\/#primaryimage\"},\"thumbnailUrl\":\"https:\\\/\\\/www.webdo.tn\\\/fr\\\/wp-content\\\/uploads\\\/2024\\\/09\\\/84ad9bc0448b1cefed5d8c6c41ab7de0.webp\",\"datePublished\":\"2024-09-19T09:12:00+00:00\",\"dateModified\":\"2025-05-20T22:14:14+00:00\",\"description\":\"Ces attaques surviennent \u00e0 la veille du discours du chef du Hezbollah, Hassan Nasrallah, pr\u00e9vu aujourd\u2019hui.\",\"breadcrumb\":{\"@id\":\"https:\\\/\\\/www.webdo.tn\\\/fr\\\/actualite\\\/international\\\/talkies-walkies-pieges-par-israel-20-morts-et-plus-de-450-blesses-au-liban\\\/216471\\\/#breadcrumb\"},\"inLanguage\":\"fr-FR\",\"potentialAction\":[{\"@type\":\"ReadAction\",\"target\":[\"https:\\\/\\\/www.webdo.tn\\\/fr\\\/actualite\\\/international\\\/talkies-walkies-pieges-par-israel-20-morts-et-plus-de-450-blesses-au-liban\\\/216471\\\/\"]}]},{\"@type\":\"ImageObject\",\"inLanguage\":\"fr-FR\",\"@id\":\"https:\\\/\\\/www.webdo.tn\\\/fr\\\/actualite\\\/international\\\/talkies-walkies-pieges-par-israel-20-morts-et-plus-de-450-blesses-au-liban\\\/216471\\\/#primaryimage\",\"url\":\"https:\\\/\\\/www.webdo.tn\\\/fr\\\/wp-content\\\/uploads\\\/2024\\\/09\\\/84ad9bc0448b1cefed5d8c6c41ab7de0.webp\",\"contentUrl\":\"https:\\\/\\\/www.webdo.tn\\\/fr\\\/wp-content\\\/uploads\\\/2024\\\/09\\\/84ad9bc0448b1cefed5d8c6c41ab7de0.webp\",\"width\":750,\"height\":400,\"caption\":\"Talkies-walkies pi\u00e9g\u00e9s par Isra\u00ebl : 25 morts et plus de 450 bless\u00e9s au Liban\"},{\"@type\":\"BreadcrumbList\",\"@id\":\"https:\\\/\\\/www.webdo.tn\\\/fr\\\/actualite\\\/international\\\/talkies-walkies-pieges-par-israel-20-morts-et-plus-de-450-blesses-au-liban\\\/216471\\\/#breadcrumb\",\"itemListElement\":[{\"@type\":\"ListItem\",\"position\":1,\"name\":\"Accueil\",\"item\":\"https:\\\/\\\/www.webdo.tn\\\/fr\\\/\"},{\"@type\":\"ListItem\",\"position\":2,\"name\":\"Talkies-walkies pi\u00e9g\u00e9s par Isra\u00ebl : 25 morts et plus de 450 bless\u00e9s au Liban\"}]},{\"@type\":\"WebSite\",\"@id\":\"https:\\\/\\\/www.webdo.tn\\\/fr\\\/#website\",\"url\":\"https:\\\/\\\/www.webdo.tn\\\/fr\\\/\",\"name\":\"webdo\",\"description\":\"Tunisie - News en Tunisie et \u00e0 l&#039;international sur Webdo.tn\",\"publisher\":{\"@id\":\"https:\\\/\\\/www.webdo.tn\\\/fr\\\/#organization\"},\"potentialAction\":[{\"@type\":\"SearchAction\",\"target\":{\"@type\":\"EntryPoint\",\"urlTemplate\":\"https:\\\/\\\/www.webdo.tn\\\/fr\\\/?s={search_term_string}\"},\"query-input\":{\"@type\":\"PropertyValueSpecification\",\"valueRequired\":true,\"valueName\":\"search_term_string\"}}],\"inLanguage\":\"fr-FR\"},{\"@type\":\"Organization\",\"@id\":\"https:\\\/\\\/www.webdo.tn\\\/fr\\\/#organization\",\"name\":\"Webdo\",\"alternateName\":\"Webdo.tn\",\"url\":\"https:\\\/\\\/www.webdo.tn\\\/fr\\\/\",\"logo\":{\"@type\":\"ImageObject\",\"inLanguage\":\"fr-FR\",\"@id\":\"https:\\\/\\\/www.webdo.tn\\\/fr\\\/#\\\/schema\\\/logo\\\/image\\\/\",\"url\":\"https:\\\/\\\/www.webdo.tn\\\/fr\\\/wp-content\\\/uploads\\\/2025\\\/06\\\/Webdo-Tunisie_168377.jpg\",\"contentUrl\":\"https:\\\/\\\/www.webdo.tn\\\/fr\\\/wp-content\\\/uploads\\\/2025\\\/06\\\/Webdo-Tunisie_168377.jpg\",\"width\":301,\"height\":301,\"caption\":\"Webdo\"},\"image\":{\"@id\":\"https:\\\/\\\/www.webdo.tn\\\/fr\\\/#\\\/schema\\\/logo\\\/image\\\/\"},\"sameAs\":[\"https:\\\/\\\/www.facebook.com\\\/webdotn\",\"https:\\\/\\\/x.com\\\/webdo_tn\"],\"description\":\"Webdo est un m\u00e9dia num\u00e9rique tunisien fond\u00e9 en 2010, sp\u00e9cialis\u00e9 dans l\u2019actualit\u00e9 nationale et internationale, l\u2019\u00e9conomie, la soci\u00e9t\u00e9 et les analyses politiques. Le site s\u2019adresse \u00e0 un large public francophone et couvre l\u2019information tunisienne en temps r\u00e9el.\",\"email\":\"redac@webdo.tn\",\"legalName\":\"YNJ SARL\",\"foundingDate\":\"2010-09-06\",\"numberOfEmployees\":{\"@type\":\"QuantitativeValue\",\"minValue\":\"11\",\"maxValue\":\"50\"}},{\"@type\":\"Person\",\"@id\":\"https:\\\/\\\/www.webdo.tn\\\/fr\\\/#\\\/schema\\\/person\\\/2c4929cbf5a809e3bd38617c6ce150f6\",\"name\":\"MC\",\"image\":{\"@type\":\"ImageObject\",\"inLanguage\":\"fr-FR\",\"@id\":\"https:\\\/\\\/secure.gravatar.com\\\/avatar\\\/a545bbb6f84efdd5553dbbc2895e3ca8f1d12c5215e00a041c9670b54aa9b18a?s=96&d=mm&r=g\",\"url\":\"https:\\\/\\\/secure.gravatar.com\\\/avatar\\\/a545bbb6f84efdd5553dbbc2895e3ca8f1d12c5215e00a041c9670b54aa9b18a?s=96&d=mm&r=g\",\"contentUrl\":\"https:\\\/\\\/secure.gravatar.com\\\/avatar\\\/a545bbb6f84efdd5553dbbc2895e3ca8f1d12c5215e00a041c9670b54aa9b18a?s=96&d=mm&r=g\",\"caption\":\"MC\"},\"url\":\"https:\\\/\\\/www.webdo.tn\\\/fr\\\/actualite\\\/author\\\/mc\\\/\"}]}<\/script>\n<!-- \/ Yoast SEO Premium plugin. -->","yoast_head_json":{"title":"Talkies-walkies pi\u00e9g\u00e9s par Isra\u00ebl : 25 morts et plus de 450 bless\u00e9s au Liban","description":"Ces attaques surviennent \u00e0 la veille du discours du chef du Hezbollah, Hassan Nasrallah, pr\u00e9vu aujourd\u2019hui.","canonical":"https:\/\/www.webdo.tn\/fr\/actualite\/international\/talkies-walkies-pieges-par-israel-20-morts-et-plus-de-450-blesses-au-liban\/216471\/","og_locale":"fr_FR","og_type":"article","og_title":"Talkies-walkies pi\u00e9g\u00e9s par Isra\u00ebl : 25 morts et plus de 450 bless\u00e9s au Liban","og_description":"Ces attaques surviennent \u00e0 la veille du discours du chef du Hezbollah, Hassan Nasrallah, pr\u00e9vu aujourd\u2019hui.","og_url":"https:\/\/www.webdo.tn\/fr\/actualite\/international\/talkies-walkies-pieges-par-israel-20-morts-et-plus-de-450-blesses-au-liban\/216471\/","og_site_name":"webdo","article_publisher":"https:\/\/www.facebook.com\/webdotn","article_published_time":"2024-09-19T09:12:00+00:00","article_modified_time":"2025-05-20T22:14:14+00:00","og_image":[{"width":750,"height":400,"url":"https:\/\/www.webdo.tn\/fr\/wp-content\/uploads\/2024\/09\/84ad9bc0448b1cefed5d8c6c41ab7de0.webp","type":"image\/webp"}],"author":"MC","twitter_card":"summary_large_image","twitter_creator":"@webdo_tn","twitter_site":"@webdo_tn","twitter_misc":{"\u00c9crit par":"MC","Dur\u00e9e de lecture estim\u00e9e":"1 minute"},"schema":{"@context":"https:\/\/schema.org","@graph":[{"@type":"NewsArticle","@id":"https:\/\/www.webdo.tn\/fr\/actualite\/international\/talkies-walkies-pieges-par-israel-20-morts-et-plus-de-450-blesses-au-liban\/216471\/#article","isPartOf":{"@id":"https:\/\/www.webdo.tn\/fr\/actualite\/international\/talkies-walkies-pieges-par-israel-20-morts-et-plus-de-450-blesses-au-liban\/216471\/"},"author":{"name":"MC","@id":"https:\/\/www.webdo.tn\/fr\/#\/schema\/person\/2c4929cbf5a809e3bd38617c6ce150f6"},"headline":"Talkies-walkies pi\u00e9g\u00e9s par Isra\u00ebl : 25 morts et plus de 450 bless\u00e9s au Liban","datePublished":"2024-09-19T09:12:00+00:00","dateModified":"2025-05-20T22:14:14+00:00","mainEntityOfPage":{"@id":"https:\/\/www.webdo.tn\/fr\/actualite\/international\/talkies-walkies-pieges-par-israel-20-morts-et-plus-de-450-blesses-au-liban\/216471\/"},"wordCount":314,"commentCount":0,"publisher":{"@id":"https:\/\/www.webdo.tn\/fr\/#organization"},"image":{"@id":"https:\/\/www.webdo.tn\/fr\/actualite\/international\/talkies-walkies-pieges-par-israel-20-morts-et-plus-de-450-blesses-au-liban\/216471\/#primaryimage"},"thumbnailUrl":"https:\/\/www.webdo.tn\/fr\/wp-content\/uploads\/2024\/09\/84ad9bc0448b1cefed5d8c6c41ab7de0.webp","keywords":["'Talkies-walkies']","Gaza","Hezbollah","isra\u00ebl","liban"],"articleSection":["International"],"inLanguage":"fr-FR"},{"@type":"WebPage","@id":"https:\/\/www.webdo.tn\/fr\/actualite\/international\/talkies-walkies-pieges-par-israel-20-morts-et-plus-de-450-blesses-au-liban\/216471\/","url":"https:\/\/www.webdo.tn\/fr\/actualite\/international\/talkies-walkies-pieges-par-israel-20-morts-et-plus-de-450-blesses-au-liban\/216471\/","name":"Talkies-walkies pi\u00e9g\u00e9s par Isra\u00ebl : 25 morts et plus de 450 bless\u00e9s au Liban","isPartOf":{"@id":"https:\/\/www.webdo.tn\/fr\/#website"},"primaryImageOfPage":{"@id":"https:\/\/www.webdo.tn\/fr\/actualite\/international\/talkies-walkies-pieges-par-israel-20-morts-et-plus-de-450-blesses-au-liban\/216471\/#primaryimage"},"image":{"@id":"https:\/\/www.webdo.tn\/fr\/actualite\/international\/talkies-walkies-pieges-par-israel-20-morts-et-plus-de-450-blesses-au-liban\/216471\/#primaryimage"},"thumbnailUrl":"https:\/\/www.webdo.tn\/fr\/wp-content\/uploads\/2024\/09\/84ad9bc0448b1cefed5d8c6c41ab7de0.webp","datePublished":"2024-09-19T09:12:00+00:00","dateModified":"2025-05-20T22:14:14+00:00","description":"Ces attaques surviennent \u00e0 la veille du discours du chef du Hezbollah, Hassan Nasrallah, pr\u00e9vu aujourd\u2019hui.","breadcrumb":{"@id":"https:\/\/www.webdo.tn\/fr\/actualite\/international\/talkies-walkies-pieges-par-israel-20-morts-et-plus-de-450-blesses-au-liban\/216471\/#breadcrumb"},"inLanguage":"fr-FR","potentialAction":[{"@type":"ReadAction","target":["https:\/\/www.webdo.tn\/fr\/actualite\/international\/talkies-walkies-pieges-par-israel-20-morts-et-plus-de-450-blesses-au-liban\/216471\/"]}]},{"@type":"ImageObject","inLanguage":"fr-FR","@id":"https:\/\/www.webdo.tn\/fr\/actualite\/international\/talkies-walkies-pieges-par-israel-20-morts-et-plus-de-450-blesses-au-liban\/216471\/#primaryimage","url":"https:\/\/www.webdo.tn\/fr\/wp-content\/uploads\/2024\/09\/84ad9bc0448b1cefed5d8c6c41ab7de0.webp","contentUrl":"https:\/\/www.webdo.tn\/fr\/wp-content\/uploads\/2024\/09\/84ad9bc0448b1cefed5d8c6c41ab7de0.webp","width":750,"height":400,"caption":"Talkies-walkies pi\u00e9g\u00e9s par Isra\u00ebl : 25 morts et plus de 450 bless\u00e9s au Liban"},{"@type":"BreadcrumbList","@id":"https:\/\/www.webdo.tn\/fr\/actualite\/international\/talkies-walkies-pieges-par-israel-20-morts-et-plus-de-450-blesses-au-liban\/216471\/#breadcrumb","itemListElement":[{"@type":"ListItem","position":1,"name":"Accueil","item":"https:\/\/www.webdo.tn\/fr\/"},{"@type":"ListItem","position":2,"name":"Talkies-walkies pi\u00e9g\u00e9s par Isra\u00ebl : 25 morts et plus de 450 bless\u00e9s au Liban"}]},{"@type":"WebSite","@id":"https:\/\/www.webdo.tn\/fr\/#website","url":"https:\/\/www.webdo.tn\/fr\/","name":"webdo","description":"Tunisie - News en Tunisie et \u00e0 l&#039;international sur Webdo.tn","publisher":{"@id":"https:\/\/www.webdo.tn\/fr\/#organization"},"potentialAction":[{"@type":"SearchAction","target":{"@type":"EntryPoint","urlTemplate":"https:\/\/www.webdo.tn\/fr\/?s={search_term_string}"},"query-input":{"@type":"PropertyValueSpecification","valueRequired":true,"valueName":"search_term_string"}}],"inLanguage":"fr-FR"},{"@type":"Organization","@id":"https:\/\/www.webdo.tn\/fr\/#organization","name":"Webdo","alternateName":"Webdo.tn","url":"https:\/\/www.webdo.tn\/fr\/","logo":{"@type":"ImageObject","inLanguage":"fr-FR","@id":"https:\/\/www.webdo.tn\/fr\/#\/schema\/logo\/image\/","url":"https:\/\/www.webdo.tn\/fr\/wp-content\/uploads\/2025\/06\/Webdo-Tunisie_168377.jpg","contentUrl":"https:\/\/www.webdo.tn\/fr\/wp-content\/uploads\/2025\/06\/Webdo-Tunisie_168377.jpg","width":301,"height":301,"caption":"Webdo"},"image":{"@id":"https:\/\/www.webdo.tn\/fr\/#\/schema\/logo\/image\/"},"sameAs":["https:\/\/www.facebook.com\/webdotn","https:\/\/x.com\/webdo_tn"],"description":"Webdo est un m\u00e9dia num\u00e9rique tunisien fond\u00e9 en 2010, sp\u00e9cialis\u00e9 dans l\u2019actualit\u00e9 nationale et internationale, l\u2019\u00e9conomie, la soci\u00e9t\u00e9 et les analyses politiques. Le site s\u2019adresse \u00e0 un large public francophone et couvre l\u2019information tunisienne en temps r\u00e9el.","email":"redac@webdo.tn","legalName":"YNJ SARL","foundingDate":"2010-09-06","numberOfEmployees":{"@type":"QuantitativeValue","minValue":"11","maxValue":"50"}},{"@type":"Person","@id":"https:\/\/www.webdo.tn\/fr\/#\/schema\/person\/2c4929cbf5a809e3bd38617c6ce150f6","name":"MC","image":{"@type":"ImageObject","inLanguage":"fr-FR","@id":"https:\/\/secure.gravatar.com\/avatar\/a545bbb6f84efdd5553dbbc2895e3ca8f1d12c5215e00a041c9670b54aa9b18a?s=96&d=mm&r=g","url":"https:\/\/secure.gravatar.com\/avatar\/a545bbb6f84efdd5553dbbc2895e3ca8f1d12c5215e00a041c9670b54aa9b18a?s=96&d=mm&r=g","contentUrl":"https:\/\/secure.gravatar.com\/avatar\/a545bbb6f84efdd5553dbbc2895e3ca8f1d12c5215e00a041c9670b54aa9b18a?s=96&d=mm&r=g","caption":"MC"},"url":"https:\/\/www.webdo.tn\/fr\/actualite\/author\/mc\/"}]}},"_links":{"self":[{"href":"https:\/\/www.webdo.tn\/fr\/wp-json\/wp\/v2\/posts\/216471","targetHints":{"allow":["GET"]}}],"collection":[{"href":"https:\/\/www.webdo.tn\/fr\/wp-json\/wp\/v2\/posts"}],"about":[{"href":"https:\/\/www.webdo.tn\/fr\/wp-json\/wp\/v2\/types\/post"}],"author":[{"embeddable":true,"href":"https:\/\/www.webdo.tn\/fr\/wp-json\/wp\/v2\/users\/3162"}],"replies":[{"embeddable":true,"href":"https:\/\/www.webdo.tn\/fr\/wp-json\/wp\/v2\/comments?post=216471"}],"version-history":[{"count":0,"href":"https:\/\/www.webdo.tn\/fr\/wp-json\/wp\/v2\/posts\/216471\/revisions"}],"wp:featuredmedia":[{"embeddable":true,"href":"https:\/\/www.webdo.tn\/fr\/wp-json\/wp\/v2\/media\/291081"}],"wp:attachment":[{"href":"https:\/\/www.webdo.tn\/fr\/wp-json\/wp\/v2\/media?parent=216471"}],"wp:term":[{"taxonomy":"category","embeddable":true,"href":"https:\/\/www.webdo.tn\/fr\/wp-json\/wp\/v2\/categories?post=216471"},{"taxonomy":"post_tag","embeddable":true,"href":"https:\/\/www.webdo.tn\/fr\/wp-json\/wp\/v2\/tags?post=216471"}],"curies":[{"name":"wp","href":"https:\/\/api.w.org\/{rel}","templated":true}]}}