{"id":216464,"date":"2024-09-18T19:47:00","date_gmt":"2024-09-18T19:47:00","guid":{"rendered":"https:\/\/www.webdo.tn\/fr\/blog\/ayachi-zammel-condamne-a-un-an-et-huit-mois-de-prison\/216464\/"},"modified":"2025-05-21T09:03:23","modified_gmt":"2025-05-21T09:03:23","slug":"ayachi-zammel-condamne-a-un-an-et-huit-mois-de-prison","status":"publish","type":"post","link":"https:\/\/www.webdo.tn\/fr\/actualite\/national\/ayachi-zammel-condamne-a-un-an-et-huit-mois-de-prison\/216464\/","title":{"rendered":"Tunisie : Ayachi Zammel condamn\u00e9 \u00e0 un an et huit mois de prison"},"content":{"rendered":"<p>Le tribunal de Jendouba a condamn\u00e9 Ayachi Zammel, candidat \u00e0 l&rsquo;\u00e9lection pr\u00e9sidentielle, \u00e0 un an et huit mois de prison, a indiqu\u00e9 son avocat Abdessatar Messaoudi dans une d\u00e9claration \u00e0 la cha\u00eene Al-Hadath.<\/p>\n<p>\t\t\t\t\t\t\t\t\tCette condamnation survient dans un contexte de tensions croissantes alors que Zammel fait face \u00e0 plusieurs accusations de falsification de parrainages.<\/p>\n<p>Dans un communiqu\u00e9 publi\u00e9 ce mercredi 18 septembre 2024, Ayachi Zammel a annonc\u00e9 son boycott des sessions d&rsquo;audiences judiciaires, d\u00e9non\u00e7ant ce qu&rsquo;il qualifie de \u00ab\u00a0harc\u00e8lement syst\u00e9matique\u00a0\u00bb et de \u00ab\u00a0proc\u00e8s politiques\u00a0\u00bb. Il affirme \u00eatre la cible d&rsquo;une s\u00e9rie d&rsquo;affaires \u00ab\u00a0fabriqu\u00e9es\u00a0\u00bb visant \u00e0 l&#8217;emp\u00eacher de mener sa campagne \u00e9lectorale.<\/p>\n<p>Zammel se dit d\u00e9termin\u00e9 \u00e0 continuer sa campagne pour pr\u00e9senter son programme, \u00ab\u00a0Le Pacte\u00a0\u00bb, et appelle \u00e0 \u00ab\u00a0tourner la page\u00a0\u00bb. Arr\u00eat\u00e9 depuis le 2 septembre, il devra cependant faire face \u00e0 de nombreuses affaires en lien avec des parrainages pr\u00e9sum\u00e9s falsifi\u00e9s, r\u00e9parties sur plusieurs tribunaux du pays. Sa condamnation pourrait lourdement peser sur sa campagne \u00e9lectorale, pr\u00e9vue pour l&rsquo;\u00e9lection pr\u00e9sidentielle du 6 octobre.<\/p>\n","protected":false},"excerpt":{"rendered":"<p>Ayachi Zammel, candidat \u00e0 la pr\u00e9sidentielle, condamn\u00e9 \u00e0 un an et huit mois de prison pour falsification pr\u00e9sum\u00e9e de parrainages. Il d\u00e9nonce une campagne de harc&#8230;<\/p>\n","protected":false},"author":3166,"featured_media":246542,"comment_status":"open","ping_status":"closed","sticky":false,"template":"","format":"standard","meta":{"footnotes":""},"categories":[44],"tags":[4430,5699,5698,2608],"class_list":["post-216464","post","type-post","status-publish","format-standard","has-post-thumbnail","hentry","category-national","tag-ayachi-zammel","tag-falsification-de-parrainage","tag-presidentielle-2024","tag-tunisie"],"yoast_head":"<!-- This site is optimized with the Yoast SEO Premium plugin v27.5 (Yoast SEO v27.5) - https:\/\/yoast.com\/product\/yoast-seo-premium-wordpress\/ -->\n<title>Tunisie : Ayachi Zammel condamn\u00e9 \u00e0 un an et huit mois de prison<\/title>\n<meta name=\"description\" content=\"Ayachi Zammel, candidat \u00e0 la pr\u00e9sidentielle, condamn\u00e9 \u00e0 un an et huit mois de prison pour falsification pr\u00e9sum\u00e9e de parrainages. Il d\u00e9nonce une campagne de harc...\" \/>\n<link rel=\"canonical\" href=\"https:\/\/www.webdo.tn\/fr\/actualite\/national\/ayachi-zammel-condamne-a-un-an-et-huit-mois-de-prison\/216464\/\" \/>\n<meta property=\"og:locale\" content=\"fr_FR\" \/>\n<meta property=\"og:type\" content=\"article\" \/>\n<meta property=\"og:title\" content=\"Tunisie : Ayachi Zammel condamn\u00e9 \u00e0 un an et huit mois de prison\" \/>\n<meta property=\"og:description\" content=\"Ayachi Zammel, candidat \u00e0 la pr\u00e9sidentielle, condamn\u00e9 \u00e0 un an et huit mois de prison pour falsification pr\u00e9sum\u00e9e de parrainages. Il d\u00e9nonce une campagne de harc...\" \/>\n<meta property=\"og:url\" content=\"https:\/\/www.webdo.tn\/fr\/actualite\/national\/ayachi-zammel-condamne-a-un-an-et-huit-mois-de-prison\/216464\/\" \/>\n<meta property=\"og:site_name\" content=\"webdo\" \/>\n<meta property=\"article:publisher\" content=\"https:\/\/www.facebook.com\/webdotn\" \/>\n<meta property=\"article:published_time\" content=\"2024-09-18T19:47:00+00:00\" \/>\n<meta property=\"article:modified_time\" content=\"2025-05-21T09:03:23+00:00\" \/>\n<meta property=\"og:image\" content=\"https:\/\/www.webdo.tn\/fr\/wp-content\/uploads\/2024\/09\/6bc196e9e5b33bb88a878a9364fce052.webp\" \/>\n\t<meta property=\"og:image:width\" content=\"750\" \/>\n\t<meta property=\"og:image:height\" content=\"400\" \/>\n\t<meta property=\"og:image:type\" content=\"image\/webp\" \/>\n<meta name=\"author\" content=\"AZ\" \/>\n<meta name=\"twitter:card\" content=\"summary_large_image\" \/>\n<meta name=\"twitter:creator\" content=\"@webdo_tn\" \/>\n<meta name=\"twitter:site\" content=\"@webdo_tn\" \/>\n<meta name=\"twitter:label1\" content=\"\u00c9crit par\" \/>\n\t<meta name=\"twitter:data1\" content=\"AZ\" \/>\n\t<meta name=\"twitter:label2\" content=\"Dur\u00e9e de lecture estim\u00e9e\" \/>\n\t<meta name=\"twitter:data2\" content=\"1 minute\" \/>\n<script type=\"application\/ld+json\" class=\"yoast-schema-graph\">{\"@context\":\"https:\\\/\\\/schema.org\",\"@graph\":[{\"@type\":\"NewsArticle\",\"@id\":\"https:\\\/\\\/www.webdo.tn\\\/fr\\\/actualite\\\/national\\\/ayachi-zammel-condamne-a-un-an-et-huit-mois-de-prison\\\/216464\\\/#article\",\"isPartOf\":{\"@id\":\"https:\\\/\\\/www.webdo.tn\\\/fr\\\/actualite\\\/national\\\/ayachi-zammel-condamne-a-un-an-et-huit-mois-de-prison\\\/216464\\\/\"},\"author\":{\"name\":\"AZ\",\"@id\":\"https:\\\/\\\/www.webdo.tn\\\/fr\\\/#\\\/schema\\\/person\\\/b8a41c04d93287d375510db360906b34\"},\"headline\":\"Tunisie : Ayachi Zammel condamn\u00e9 \u00e0 un an et huit mois de prison\",\"datePublished\":\"2024-09-18T19:47:00+00:00\",\"dateModified\":\"2025-05-21T09:03:23+00:00\",\"mainEntityOfPage\":{\"@id\":\"https:\\\/\\\/www.webdo.tn\\\/fr\\\/actualite\\\/national\\\/ayachi-zammel-condamne-a-un-an-et-huit-mois-de-prison\\\/216464\\\/\"},\"wordCount\":190,\"commentCount\":0,\"publisher\":{\"@id\":\"https:\\\/\\\/www.webdo.tn\\\/fr\\\/#organization\"},\"image\":{\"@id\":\"https:\\\/\\\/www.webdo.tn\\\/fr\\\/actualite\\\/national\\\/ayachi-zammel-condamne-a-un-an-et-huit-mois-de-prison\\\/216464\\\/#primaryimage\"},\"thumbnailUrl\":\"https:\\\/\\\/www.webdo.tn\\\/fr\\\/wp-content\\\/uploads\\\/2024\\\/09\\\/6bc196e9e5b33bb88a878a9364fce052.webp\",\"keywords\":[\"ayachi zammel\",\"Falsification de parrainage\",\"Pr\u00e9sidentielle 2024\",\"Tunisie\"],\"articleSection\":[\"National\"],\"inLanguage\":\"fr-FR\"},{\"@type\":\"WebPage\",\"@id\":\"https:\\\/\\\/www.webdo.tn\\\/fr\\\/actualite\\\/national\\\/ayachi-zammel-condamne-a-un-an-et-huit-mois-de-prison\\\/216464\\\/\",\"url\":\"https:\\\/\\\/www.webdo.tn\\\/fr\\\/actualite\\\/national\\\/ayachi-zammel-condamne-a-un-an-et-huit-mois-de-prison\\\/216464\\\/\",\"name\":\"Tunisie : Ayachi Zammel condamn\u00e9 \u00e0 un an et huit mois de prison\",\"isPartOf\":{\"@id\":\"https:\\\/\\\/www.webdo.tn\\\/fr\\\/#website\"},\"primaryImageOfPage\":{\"@id\":\"https:\\\/\\\/www.webdo.tn\\\/fr\\\/actualite\\\/national\\\/ayachi-zammel-condamne-a-un-an-et-huit-mois-de-prison\\\/216464\\\/#primaryimage\"},\"image\":{\"@id\":\"https:\\\/\\\/www.webdo.tn\\\/fr\\\/actualite\\\/national\\\/ayachi-zammel-condamne-a-un-an-et-huit-mois-de-prison\\\/216464\\\/#primaryimage\"},\"thumbnailUrl\":\"https:\\\/\\\/www.webdo.tn\\\/fr\\\/wp-content\\\/uploads\\\/2024\\\/09\\\/6bc196e9e5b33bb88a878a9364fce052.webp\",\"datePublished\":\"2024-09-18T19:47:00+00:00\",\"dateModified\":\"2025-05-21T09:03:23+00:00\",\"description\":\"Ayachi Zammel, candidat \u00e0 la pr\u00e9sidentielle, condamn\u00e9 \u00e0 un an et huit mois de prison pour falsification pr\u00e9sum\u00e9e de parrainages. Il d\u00e9nonce une campagne de harc...\",\"breadcrumb\":{\"@id\":\"https:\\\/\\\/www.webdo.tn\\\/fr\\\/actualite\\\/national\\\/ayachi-zammel-condamne-a-un-an-et-huit-mois-de-prison\\\/216464\\\/#breadcrumb\"},\"inLanguage\":\"fr-FR\",\"potentialAction\":[{\"@type\":\"ReadAction\",\"target\":[\"https:\\\/\\\/www.webdo.tn\\\/fr\\\/actualite\\\/national\\\/ayachi-zammel-condamne-a-un-an-et-huit-mois-de-prison\\\/216464\\\/\"]}]},{\"@type\":\"ImageObject\",\"inLanguage\":\"fr-FR\",\"@id\":\"https:\\\/\\\/www.webdo.tn\\\/fr\\\/actualite\\\/national\\\/ayachi-zammel-condamne-a-un-an-et-huit-mois-de-prison\\\/216464\\\/#primaryimage\",\"url\":\"https:\\\/\\\/www.webdo.tn\\\/fr\\\/wp-content\\\/uploads\\\/2024\\\/09\\\/6bc196e9e5b33bb88a878a9364fce052.webp\",\"contentUrl\":\"https:\\\/\\\/www.webdo.tn\\\/fr\\\/wp-content\\\/uploads\\\/2024\\\/09\\\/6bc196e9e5b33bb88a878a9364fce052.webp\",\"width\":750,\"height\":400,\"caption\":\"Tunisie : Ayachi Zammel condamn\u00e9 \u00e0 un an et huit mois de prison\"},{\"@type\":\"BreadcrumbList\",\"@id\":\"https:\\\/\\\/www.webdo.tn\\\/fr\\\/actualite\\\/national\\\/ayachi-zammel-condamne-a-un-an-et-huit-mois-de-prison\\\/216464\\\/#breadcrumb\",\"itemListElement\":[{\"@type\":\"ListItem\",\"position\":1,\"name\":\"Accueil\",\"item\":\"https:\\\/\\\/www.webdo.tn\\\/fr\\\/\"},{\"@type\":\"ListItem\",\"position\":2,\"name\":\"Tunisie : Ayachi Zammel condamn\u00e9 \u00e0 un an et huit mois de prison\"}]},{\"@type\":\"WebSite\",\"@id\":\"https:\\\/\\\/www.webdo.tn\\\/fr\\\/#website\",\"url\":\"https:\\\/\\\/www.webdo.tn\\\/fr\\\/\",\"name\":\"webdo\",\"description\":\"Tunisie - News en Tunisie et \u00e0 l&#039;international sur Webdo.tn\",\"publisher\":{\"@id\":\"https:\\\/\\\/www.webdo.tn\\\/fr\\\/#organization\"},\"potentialAction\":[{\"@type\":\"SearchAction\",\"target\":{\"@type\":\"EntryPoint\",\"urlTemplate\":\"https:\\\/\\\/www.webdo.tn\\\/fr\\\/?s={search_term_string}\"},\"query-input\":{\"@type\":\"PropertyValueSpecification\",\"valueRequired\":true,\"valueName\":\"search_term_string\"}}],\"inLanguage\":\"fr-FR\"},{\"@type\":\"Organization\",\"@id\":\"https:\\\/\\\/www.webdo.tn\\\/fr\\\/#organization\",\"name\":\"Webdo\",\"alternateName\":\"Webdo.tn\",\"url\":\"https:\\\/\\\/www.webdo.tn\\\/fr\\\/\",\"logo\":{\"@type\":\"ImageObject\",\"inLanguage\":\"fr-FR\",\"@id\":\"https:\\\/\\\/www.webdo.tn\\\/fr\\\/#\\\/schema\\\/logo\\\/image\\\/\",\"url\":\"https:\\\/\\\/www.webdo.tn\\\/fr\\\/wp-content\\\/uploads\\\/2025\\\/06\\\/Webdo-Tunisie_168377.jpg\",\"contentUrl\":\"https:\\\/\\\/www.webdo.tn\\\/fr\\\/wp-content\\\/uploads\\\/2025\\\/06\\\/Webdo-Tunisie_168377.jpg\",\"width\":301,\"height\":301,\"caption\":\"Webdo\"},\"image\":{\"@id\":\"https:\\\/\\\/www.webdo.tn\\\/fr\\\/#\\\/schema\\\/logo\\\/image\\\/\"},\"sameAs\":[\"https:\\\/\\\/www.facebook.com\\\/webdotn\",\"https:\\\/\\\/x.com\\\/webdo_tn\"],\"description\":\"Webdo est un m\u00e9dia num\u00e9rique tunisien fond\u00e9 en 2010, sp\u00e9cialis\u00e9 dans l\u2019actualit\u00e9 nationale et internationale, l\u2019\u00e9conomie, la soci\u00e9t\u00e9 et les analyses politiques. Le site s\u2019adresse \u00e0 un large public francophone et couvre l\u2019information tunisienne en temps r\u00e9el.\",\"email\":\"redac@webdo.tn\",\"legalName\":\"YNJ SARL\",\"foundingDate\":\"2010-09-06\",\"numberOfEmployees\":{\"@type\":\"QuantitativeValue\",\"minValue\":\"11\",\"maxValue\":\"50\"}},{\"@type\":\"Person\",\"@id\":\"https:\\\/\\\/www.webdo.tn\\\/fr\\\/#\\\/schema\\\/person\\\/b8a41c04d93287d375510db360906b34\",\"name\":\"AZ\",\"image\":{\"@type\":\"ImageObject\",\"inLanguage\":\"fr-FR\",\"@id\":\"https:\\\/\\\/secure.gravatar.com\\\/avatar\\\/492b80bada79439de4201dce15cd41eece6c277cfdf1b53382073c79105c1f89?s=96&d=mm&r=g\",\"url\":\"https:\\\/\\\/secure.gravatar.com\\\/avatar\\\/492b80bada79439de4201dce15cd41eece6c277cfdf1b53382073c79105c1f89?s=96&d=mm&r=g\",\"contentUrl\":\"https:\\\/\\\/secure.gravatar.com\\\/avatar\\\/492b80bada79439de4201dce15cd41eece6c277cfdf1b53382073c79105c1f89?s=96&d=mm&r=g\",\"caption\":\"AZ\"},\"url\":\"https:\\\/\\\/www.webdo.tn\\\/fr\\\/actualite\\\/author\\\/az\\\/\"}]}<\/script>\n<!-- \/ Yoast SEO Premium plugin. -->","yoast_head_json":{"title":"Tunisie : Ayachi Zammel condamn\u00e9 \u00e0 un an et huit mois de prison","description":"Ayachi Zammel, candidat \u00e0 la pr\u00e9sidentielle, condamn\u00e9 \u00e0 un an et huit mois de prison pour falsification pr\u00e9sum\u00e9e de parrainages. Il d\u00e9nonce une campagne de harc...","canonical":"https:\/\/www.webdo.tn\/fr\/actualite\/national\/ayachi-zammel-condamne-a-un-an-et-huit-mois-de-prison\/216464\/","og_locale":"fr_FR","og_type":"article","og_title":"Tunisie : Ayachi Zammel condamn\u00e9 \u00e0 un an et huit mois de prison","og_description":"Ayachi Zammel, candidat \u00e0 la pr\u00e9sidentielle, condamn\u00e9 \u00e0 un an et huit mois de prison pour falsification pr\u00e9sum\u00e9e de parrainages. Il d\u00e9nonce une campagne de harc...","og_url":"https:\/\/www.webdo.tn\/fr\/actualite\/national\/ayachi-zammel-condamne-a-un-an-et-huit-mois-de-prison\/216464\/","og_site_name":"webdo","article_publisher":"https:\/\/www.facebook.com\/webdotn","article_published_time":"2024-09-18T19:47:00+00:00","article_modified_time":"2025-05-21T09:03:23+00:00","og_image":[{"width":750,"height":400,"url":"https:\/\/www.webdo.tn\/fr\/wp-content\/uploads\/2024\/09\/6bc196e9e5b33bb88a878a9364fce052.webp","type":"image\/webp"}],"author":"AZ","twitter_card":"summary_large_image","twitter_creator":"@webdo_tn","twitter_site":"@webdo_tn","twitter_misc":{"\u00c9crit par":"AZ","Dur\u00e9e de lecture estim\u00e9e":"1 minute"},"schema":{"@context":"https:\/\/schema.org","@graph":[{"@type":"NewsArticle","@id":"https:\/\/www.webdo.tn\/fr\/actualite\/national\/ayachi-zammel-condamne-a-un-an-et-huit-mois-de-prison\/216464\/#article","isPartOf":{"@id":"https:\/\/www.webdo.tn\/fr\/actualite\/national\/ayachi-zammel-condamne-a-un-an-et-huit-mois-de-prison\/216464\/"},"author":{"name":"AZ","@id":"https:\/\/www.webdo.tn\/fr\/#\/schema\/person\/b8a41c04d93287d375510db360906b34"},"headline":"Tunisie : Ayachi Zammel condamn\u00e9 \u00e0 un an et huit mois de prison","datePublished":"2024-09-18T19:47:00+00:00","dateModified":"2025-05-21T09:03:23+00:00","mainEntityOfPage":{"@id":"https:\/\/www.webdo.tn\/fr\/actualite\/national\/ayachi-zammel-condamne-a-un-an-et-huit-mois-de-prison\/216464\/"},"wordCount":190,"commentCount":0,"publisher":{"@id":"https:\/\/www.webdo.tn\/fr\/#organization"},"image":{"@id":"https:\/\/www.webdo.tn\/fr\/actualite\/national\/ayachi-zammel-condamne-a-un-an-et-huit-mois-de-prison\/216464\/#primaryimage"},"thumbnailUrl":"https:\/\/www.webdo.tn\/fr\/wp-content\/uploads\/2024\/09\/6bc196e9e5b33bb88a878a9364fce052.webp","keywords":["ayachi zammel","Falsification de parrainage","Pr\u00e9sidentielle 2024","Tunisie"],"articleSection":["National"],"inLanguage":"fr-FR"},{"@type":"WebPage","@id":"https:\/\/www.webdo.tn\/fr\/actualite\/national\/ayachi-zammel-condamne-a-un-an-et-huit-mois-de-prison\/216464\/","url":"https:\/\/www.webdo.tn\/fr\/actualite\/national\/ayachi-zammel-condamne-a-un-an-et-huit-mois-de-prison\/216464\/","name":"Tunisie : Ayachi Zammel condamn\u00e9 \u00e0 un an et huit mois de prison","isPartOf":{"@id":"https:\/\/www.webdo.tn\/fr\/#website"},"primaryImageOfPage":{"@id":"https:\/\/www.webdo.tn\/fr\/actualite\/national\/ayachi-zammel-condamne-a-un-an-et-huit-mois-de-prison\/216464\/#primaryimage"},"image":{"@id":"https:\/\/www.webdo.tn\/fr\/actualite\/national\/ayachi-zammel-condamne-a-un-an-et-huit-mois-de-prison\/216464\/#primaryimage"},"thumbnailUrl":"https:\/\/www.webdo.tn\/fr\/wp-content\/uploads\/2024\/09\/6bc196e9e5b33bb88a878a9364fce052.webp","datePublished":"2024-09-18T19:47:00+00:00","dateModified":"2025-05-21T09:03:23+00:00","description":"Ayachi Zammel, candidat \u00e0 la pr\u00e9sidentielle, condamn\u00e9 \u00e0 un an et huit mois de prison pour falsification pr\u00e9sum\u00e9e de parrainages. Il d\u00e9nonce une campagne de harc...","breadcrumb":{"@id":"https:\/\/www.webdo.tn\/fr\/actualite\/national\/ayachi-zammel-condamne-a-un-an-et-huit-mois-de-prison\/216464\/#breadcrumb"},"inLanguage":"fr-FR","potentialAction":[{"@type":"ReadAction","target":["https:\/\/www.webdo.tn\/fr\/actualite\/national\/ayachi-zammel-condamne-a-un-an-et-huit-mois-de-prison\/216464\/"]}]},{"@type":"ImageObject","inLanguage":"fr-FR","@id":"https:\/\/www.webdo.tn\/fr\/actualite\/national\/ayachi-zammel-condamne-a-un-an-et-huit-mois-de-prison\/216464\/#primaryimage","url":"https:\/\/www.webdo.tn\/fr\/wp-content\/uploads\/2024\/09\/6bc196e9e5b33bb88a878a9364fce052.webp","contentUrl":"https:\/\/www.webdo.tn\/fr\/wp-content\/uploads\/2024\/09\/6bc196e9e5b33bb88a878a9364fce052.webp","width":750,"height":400,"caption":"Tunisie : Ayachi Zammel condamn\u00e9 \u00e0 un an et huit mois de prison"},{"@type":"BreadcrumbList","@id":"https:\/\/www.webdo.tn\/fr\/actualite\/national\/ayachi-zammel-condamne-a-un-an-et-huit-mois-de-prison\/216464\/#breadcrumb","itemListElement":[{"@type":"ListItem","position":1,"name":"Accueil","item":"https:\/\/www.webdo.tn\/fr\/"},{"@type":"ListItem","position":2,"name":"Tunisie : Ayachi Zammel condamn\u00e9 \u00e0 un an et huit mois de prison"}]},{"@type":"WebSite","@id":"https:\/\/www.webdo.tn\/fr\/#website","url":"https:\/\/www.webdo.tn\/fr\/","name":"webdo","description":"Tunisie - News en Tunisie et \u00e0 l&#039;international sur Webdo.tn","publisher":{"@id":"https:\/\/www.webdo.tn\/fr\/#organization"},"potentialAction":[{"@type":"SearchAction","target":{"@type":"EntryPoint","urlTemplate":"https:\/\/www.webdo.tn\/fr\/?s={search_term_string}"},"query-input":{"@type":"PropertyValueSpecification","valueRequired":true,"valueName":"search_term_string"}}],"inLanguage":"fr-FR"},{"@type":"Organization","@id":"https:\/\/www.webdo.tn\/fr\/#organization","name":"Webdo","alternateName":"Webdo.tn","url":"https:\/\/www.webdo.tn\/fr\/","logo":{"@type":"ImageObject","inLanguage":"fr-FR","@id":"https:\/\/www.webdo.tn\/fr\/#\/schema\/logo\/image\/","url":"https:\/\/www.webdo.tn\/fr\/wp-content\/uploads\/2025\/06\/Webdo-Tunisie_168377.jpg","contentUrl":"https:\/\/www.webdo.tn\/fr\/wp-content\/uploads\/2025\/06\/Webdo-Tunisie_168377.jpg","width":301,"height":301,"caption":"Webdo"},"image":{"@id":"https:\/\/www.webdo.tn\/fr\/#\/schema\/logo\/image\/"},"sameAs":["https:\/\/www.facebook.com\/webdotn","https:\/\/x.com\/webdo_tn"],"description":"Webdo est un m\u00e9dia num\u00e9rique tunisien fond\u00e9 en 2010, sp\u00e9cialis\u00e9 dans l\u2019actualit\u00e9 nationale et internationale, l\u2019\u00e9conomie, la soci\u00e9t\u00e9 et les analyses politiques. Le site s\u2019adresse \u00e0 un large public francophone et couvre l\u2019information tunisienne en temps r\u00e9el.","email":"redac@webdo.tn","legalName":"YNJ SARL","foundingDate":"2010-09-06","numberOfEmployees":{"@type":"QuantitativeValue","minValue":"11","maxValue":"50"}},{"@type":"Person","@id":"https:\/\/www.webdo.tn\/fr\/#\/schema\/person\/b8a41c04d93287d375510db360906b34","name":"AZ","image":{"@type":"ImageObject","inLanguage":"fr-FR","@id":"https:\/\/secure.gravatar.com\/avatar\/492b80bada79439de4201dce15cd41eece6c277cfdf1b53382073c79105c1f89?s=96&d=mm&r=g","url":"https:\/\/secure.gravatar.com\/avatar\/492b80bada79439de4201dce15cd41eece6c277cfdf1b53382073c79105c1f89?s=96&d=mm&r=g","contentUrl":"https:\/\/secure.gravatar.com\/avatar\/492b80bada79439de4201dce15cd41eece6c277cfdf1b53382073c79105c1f89?s=96&d=mm&r=g","caption":"AZ"},"url":"https:\/\/www.webdo.tn\/fr\/actualite\/author\/az\/"}]}},"_links":{"self":[{"href":"https:\/\/www.webdo.tn\/fr\/wp-json\/wp\/v2\/posts\/216464","targetHints":{"allow":["GET"]}}],"collection":[{"href":"https:\/\/www.webdo.tn\/fr\/wp-json\/wp\/v2\/posts"}],"about":[{"href":"https:\/\/www.webdo.tn\/fr\/wp-json\/wp\/v2\/types\/post"}],"author":[{"embeddable":true,"href":"https:\/\/www.webdo.tn\/fr\/wp-json\/wp\/v2\/users\/3166"}],"replies":[{"embeddable":true,"href":"https:\/\/www.webdo.tn\/fr\/wp-json\/wp\/v2\/comments?post=216464"}],"version-history":[{"count":0,"href":"https:\/\/www.webdo.tn\/fr\/wp-json\/wp\/v2\/posts\/216464\/revisions"}],"wp:featuredmedia":[{"embeddable":true,"href":"https:\/\/www.webdo.tn\/fr\/wp-json\/wp\/v2\/media\/246542"}],"wp:attachment":[{"href":"https:\/\/www.webdo.tn\/fr\/wp-json\/wp\/v2\/media?parent=216464"}],"wp:term":[{"taxonomy":"category","embeddable":true,"href":"https:\/\/www.webdo.tn\/fr\/wp-json\/wp\/v2\/categories?post=216464"},{"taxonomy":"post_tag","embeddable":true,"href":"https:\/\/www.webdo.tn\/fr\/wp-json\/wp\/v2\/tags?post=216464"}],"curies":[{"name":"wp","href":"https:\/\/api.w.org\/{rel}","templated":true}]}}