{"id":216431,"date":"2024-09-17T13:45:00","date_gmt":"2024-09-17T13:45:00","guid":{"rendered":"https:\/\/www.webdo.tn\/fr\/blog\/la-tunisie-face-a-une-nouvelle-crise-de-lait\/216431\/"},"modified":"2025-05-20T21:48:52","modified_gmt":"2025-05-20T21:48:52","slug":"la-tunisie-face-a-une-nouvelle-crise-de-lait","status":"publish","type":"post","link":"https:\/\/www.webdo.tn\/fr\/actualite\/national\/la-tunisie-face-a-une-nouvelle-crise-de-lait\/216431\/","title":{"rendered":"La Tunisie face \u00e0 une nouvelle crise de lait !"},"content":{"rendered":"<p>Depuis un certain temps d\u00e9j\u00e0, les Tunisiens se plaignent (de nouveau) d\u2019une p\u00e9nurie en mati\u00e8re de lait. Il est vrai que cette denr\u00e9e se fait de plus en plus en rare chez l\u2019\u00e9picier.<\/p>\n<p>\t\t\t\t\t\t\t\t\tCette p\u00e9nurie est le r\u00e9sultat d\u2019une crise devenue cyclique en Tunisie. A en croire le conseiller \u00e9conomique du pr\u00e9sident de l\u2019Union tunisienne de l\u2019agriculture et de la p\u00eache (UTAP), Fethi Ben Khelifa, la p\u00e9nurie de lait actuelle est due \u00e0 la baisse de la production des vaches laiti\u00e8res. Un discours que les Tunisiens connaissent par c\u0153ur !<\/p>\n<p>Fethi Ben Khelifa a r\u00e9v\u00e9l\u00e9, aujourd\u2019hui, dans une d\u00e9claration \u00e0 la radio nationale, que la Tunisie dispose d\u2019une r\u00e9serve strat\u00e9gique de 17 millions de litres en plus de la production quotidienne qui, chaque ann\u00e9e, diminue durant cette p\u00e9riode. Et d\u2019expliquer que la ru\u00e9e des citoyens provoque une p\u00e9nurie de lait sur les march\u00e9s. A qui la faute ? Au Tunisien qui veut acheter un pack de lait !<\/p>\n<p>Pire encore, Fethi Ben Khelifa a not\u00e9 que cette p\u00e9nurie \u00e9tait pr\u00e9visible et que l\u2019organisation agricole avait d\u00e9j\u00e0 averti qu\u2019il y aurait une p\u00e9nurie de lait si le prix de vente \u00e0 la production n\u2019\u00e9tait pas ajust\u00e9. Et c\u2019est le Tunisien qui paie les pots cass\u00e9s !<\/p>\n<p>Si l\u2019on en croit ses dires, le nombre d\u2019\u00e9leveurs de vaches laiti\u00e8res est pass\u00e9 de 152.000 en 2005 \u00e0 86.000 en 2021, celui de vaches laiti\u00e8res est pass\u00e9 de 418.000 \u00e0 354.000. c\u2019est encore la faute au Tunisien qui ach\u00e8te son lait !<\/p>\n<p>Sur un ton plus s\u00e9rieux, et avec une explication plus logique : le pr\u00e9sident Kais Saied a pr\u00e9sid\u00e9 hier, lundi 16 septembre, une r\u00e9union du Conseil des ministres, au cours de laquelle il a appel\u00e9 \u00e0 redoubler d&rsquo;efforts pour faire respecter la loi, notamment face \u00e0 la persistance des p\u00e9nuries de produits de base.<\/p>\n<p>Lors de cette r\u00e9union, il a insist\u00e9 sur la n\u00e9cessit\u00e9 de redoubler d&rsquo;efforts pour faire respecter la loi, notamment face \u00e0 la persistance des pratiques de monopole et \u00e0 la p\u00e9nurie de certaines denr\u00e9es essentielles, comme le lait, le sucre et les viandes blanches, qui disparaissent et r\u00e9apparaissent rapidement ou changent de r\u00e9gion sans explication.<\/p>\n","protected":false},"excerpt":{"rendered":"<p>Cette p\u00e9nurie est le r\u00e9sultat d\u2019une crise devenue cyclique en Tunisie. A en croire le conseiller \u00e9conomique du pr\u00e9sident de l\u2019Union tunisienne de l\u2019agriculture&#8230;<\/p>\n","protected":false},"author":3162,"featured_media":246556,"comment_status":"open","ping_status":"closed","sticky":false,"template":"","format":"standard","meta":{"footnotes":""},"categories":[44],"tags":[3343,5618,3302,2608],"class_list":["post-216431","post","type-post","status-publish","format-standard","has-post-thumbnail","hentry","category-national","tag-crise","tag-lait","tag-penurie","tag-tunisie"],"yoast_head":"<!-- This site is optimized with the Yoast SEO Premium plugin v27.5 (Yoast SEO v27.5) - https:\/\/yoast.com\/product\/yoast-seo-premium-wordpress\/ -->\n<title>La Tunisie face \u00e0 une nouvelle crise de lait !<\/title>\n<meta name=\"description\" content=\"Cette p\u00e9nurie est le r\u00e9sultat d\u2019une crise devenue cyclique en Tunisie. A en croire le conseiller \u00e9conomique du pr\u00e9sident de l\u2019Union tunisienne de l\u2019agriculture...\" \/>\n<link rel=\"canonical\" href=\"https:\/\/www.webdo.tn\/fr\/actualite\/national\/la-tunisie-face-a-une-nouvelle-crise-de-lait\/216431\/\" \/>\n<meta property=\"og:locale\" content=\"fr_FR\" \/>\n<meta property=\"og:type\" content=\"article\" \/>\n<meta property=\"og:title\" content=\"La Tunisie face \u00e0 une nouvelle crise de lait !\" \/>\n<meta property=\"og:description\" content=\"Cette p\u00e9nurie est le r\u00e9sultat d\u2019une crise devenue cyclique en Tunisie. A en croire le conseiller \u00e9conomique du pr\u00e9sident de l\u2019Union tunisienne de l\u2019agriculture...\" \/>\n<meta property=\"og:url\" content=\"https:\/\/www.webdo.tn\/fr\/actualite\/national\/la-tunisie-face-a-une-nouvelle-crise-de-lait\/216431\/\" \/>\n<meta property=\"og:site_name\" content=\"webdo\" \/>\n<meta property=\"article:publisher\" content=\"https:\/\/www.facebook.com\/webdotn\" \/>\n<meta property=\"article:published_time\" content=\"2024-09-17T13:45:00+00:00\" \/>\n<meta property=\"article:modified_time\" content=\"2025-05-20T21:48:52+00:00\" \/>\n<meta property=\"og:image\" content=\"https:\/\/www.webdo.tn\/fr\/wp-content\/uploads\/2024\/09\/46ffec242aa00d5baae2d999514e1e10.webp\" \/>\n\t<meta property=\"og:image:width\" content=\"750\" \/>\n\t<meta property=\"og:image:height\" content=\"400\" \/>\n\t<meta property=\"og:image:type\" content=\"image\/webp\" \/>\n<meta name=\"author\" content=\"MC\" \/>\n<meta name=\"twitter:card\" content=\"summary_large_image\" \/>\n<meta name=\"twitter:creator\" content=\"@webdo_tn\" \/>\n<meta name=\"twitter:site\" content=\"@webdo_tn\" \/>\n<meta name=\"twitter:label1\" content=\"\u00c9crit par\" \/>\n\t<meta name=\"twitter:data1\" content=\"MC\" \/>\n\t<meta name=\"twitter:label2\" content=\"Dur\u00e9e de lecture estim\u00e9e\" \/>\n\t<meta name=\"twitter:data2\" content=\"2 minutes\" \/>\n<script type=\"application\/ld+json\" class=\"yoast-schema-graph\">{\"@context\":\"https:\\\/\\\/schema.org\",\"@graph\":[{\"@type\":\"NewsArticle\",\"@id\":\"https:\\\/\\\/www.webdo.tn\\\/fr\\\/actualite\\\/national\\\/la-tunisie-face-a-une-nouvelle-crise-de-lait\\\/216431\\\/#article\",\"isPartOf\":{\"@id\":\"https:\\\/\\\/www.webdo.tn\\\/fr\\\/actualite\\\/national\\\/la-tunisie-face-a-une-nouvelle-crise-de-lait\\\/216431\\\/\"},\"author\":{\"name\":\"MC\",\"@id\":\"https:\\\/\\\/www.webdo.tn\\\/fr\\\/#\\\/schema\\\/person\\\/2c4929cbf5a809e3bd38617c6ce150f6\"},\"headline\":\"La Tunisie face \u00e0 une nouvelle crise de lait !\",\"datePublished\":\"2024-09-17T13:45:00+00:00\",\"dateModified\":\"2025-05-20T21:48:52+00:00\",\"mainEntityOfPage\":{\"@id\":\"https:\\\/\\\/www.webdo.tn\\\/fr\\\/actualite\\\/national\\\/la-tunisie-face-a-une-nouvelle-crise-de-lait\\\/216431\\\/\"},\"wordCount\":399,\"commentCount\":0,\"publisher\":{\"@id\":\"https:\\\/\\\/www.webdo.tn\\\/fr\\\/#organization\"},\"image\":{\"@id\":\"https:\\\/\\\/www.webdo.tn\\\/fr\\\/actualite\\\/national\\\/la-tunisie-face-a-une-nouvelle-crise-de-lait\\\/216431\\\/#primaryimage\"},\"thumbnailUrl\":\"https:\\\/\\\/www.webdo.tn\\\/fr\\\/wp-content\\\/uploads\\\/2024\\\/09\\\/46ffec242aa00d5baae2d999514e1e10.webp\",\"keywords\":[\"crise\",\"Lait\",\"p\u00e9nurie\",\"Tunisie\"],\"articleSection\":[\"National\"],\"inLanguage\":\"fr-FR\"},{\"@type\":\"WebPage\",\"@id\":\"https:\\\/\\\/www.webdo.tn\\\/fr\\\/actualite\\\/national\\\/la-tunisie-face-a-une-nouvelle-crise-de-lait\\\/216431\\\/\",\"url\":\"https:\\\/\\\/www.webdo.tn\\\/fr\\\/actualite\\\/national\\\/la-tunisie-face-a-une-nouvelle-crise-de-lait\\\/216431\\\/\",\"name\":\"La Tunisie face \u00e0 une nouvelle crise de lait !\",\"isPartOf\":{\"@id\":\"https:\\\/\\\/www.webdo.tn\\\/fr\\\/#website\"},\"primaryImageOfPage\":{\"@id\":\"https:\\\/\\\/www.webdo.tn\\\/fr\\\/actualite\\\/national\\\/la-tunisie-face-a-une-nouvelle-crise-de-lait\\\/216431\\\/#primaryimage\"},\"image\":{\"@id\":\"https:\\\/\\\/www.webdo.tn\\\/fr\\\/actualite\\\/national\\\/la-tunisie-face-a-une-nouvelle-crise-de-lait\\\/216431\\\/#primaryimage\"},\"thumbnailUrl\":\"https:\\\/\\\/www.webdo.tn\\\/fr\\\/wp-content\\\/uploads\\\/2024\\\/09\\\/46ffec242aa00d5baae2d999514e1e10.webp\",\"datePublished\":\"2024-09-17T13:45:00+00:00\",\"dateModified\":\"2025-05-20T21:48:52+00:00\",\"description\":\"Cette p\u00e9nurie est le r\u00e9sultat d\u2019une crise devenue cyclique en Tunisie. A en croire le conseiller \u00e9conomique du pr\u00e9sident de l\u2019Union tunisienne de l\u2019agriculture...\",\"breadcrumb\":{\"@id\":\"https:\\\/\\\/www.webdo.tn\\\/fr\\\/actualite\\\/national\\\/la-tunisie-face-a-une-nouvelle-crise-de-lait\\\/216431\\\/#breadcrumb\"},\"inLanguage\":\"fr-FR\",\"potentialAction\":[{\"@type\":\"ReadAction\",\"target\":[\"https:\\\/\\\/www.webdo.tn\\\/fr\\\/actualite\\\/national\\\/la-tunisie-face-a-une-nouvelle-crise-de-lait\\\/216431\\\/\"]}]},{\"@type\":\"ImageObject\",\"inLanguage\":\"fr-FR\",\"@id\":\"https:\\\/\\\/www.webdo.tn\\\/fr\\\/actualite\\\/national\\\/la-tunisie-face-a-une-nouvelle-crise-de-lait\\\/216431\\\/#primaryimage\",\"url\":\"https:\\\/\\\/www.webdo.tn\\\/fr\\\/wp-content\\\/uploads\\\/2024\\\/09\\\/46ffec242aa00d5baae2d999514e1e10.webp\",\"contentUrl\":\"https:\\\/\\\/www.webdo.tn\\\/fr\\\/wp-content\\\/uploads\\\/2024\\\/09\\\/46ffec242aa00d5baae2d999514e1e10.webp\",\"width\":750,\"height\":400,\"caption\":\"La Tunisie face \u00e0 une nouvelle crise de lait !\"},{\"@type\":\"BreadcrumbList\",\"@id\":\"https:\\\/\\\/www.webdo.tn\\\/fr\\\/actualite\\\/national\\\/la-tunisie-face-a-une-nouvelle-crise-de-lait\\\/216431\\\/#breadcrumb\",\"itemListElement\":[{\"@type\":\"ListItem\",\"position\":1,\"name\":\"Accueil\",\"item\":\"https:\\\/\\\/www.webdo.tn\\\/fr\\\/\"},{\"@type\":\"ListItem\",\"position\":2,\"name\":\"La Tunisie face \u00e0 une nouvelle crise de lait !\"}]},{\"@type\":\"WebSite\",\"@id\":\"https:\\\/\\\/www.webdo.tn\\\/fr\\\/#website\",\"url\":\"https:\\\/\\\/www.webdo.tn\\\/fr\\\/\",\"name\":\"webdo\",\"description\":\"Tunisie - News en Tunisie et \u00e0 l&#039;international sur Webdo.tn\",\"publisher\":{\"@id\":\"https:\\\/\\\/www.webdo.tn\\\/fr\\\/#organization\"},\"potentialAction\":[{\"@type\":\"SearchAction\",\"target\":{\"@type\":\"EntryPoint\",\"urlTemplate\":\"https:\\\/\\\/www.webdo.tn\\\/fr\\\/?s={search_term_string}\"},\"query-input\":{\"@type\":\"PropertyValueSpecification\",\"valueRequired\":true,\"valueName\":\"search_term_string\"}}],\"inLanguage\":\"fr-FR\"},{\"@type\":\"Organization\",\"@id\":\"https:\\\/\\\/www.webdo.tn\\\/fr\\\/#organization\",\"name\":\"Webdo\",\"alternateName\":\"Webdo.tn\",\"url\":\"https:\\\/\\\/www.webdo.tn\\\/fr\\\/\",\"logo\":{\"@type\":\"ImageObject\",\"inLanguage\":\"fr-FR\",\"@id\":\"https:\\\/\\\/www.webdo.tn\\\/fr\\\/#\\\/schema\\\/logo\\\/image\\\/\",\"url\":\"https:\\\/\\\/www.webdo.tn\\\/fr\\\/wp-content\\\/uploads\\\/2025\\\/06\\\/Webdo-Tunisie_168377.jpg\",\"contentUrl\":\"https:\\\/\\\/www.webdo.tn\\\/fr\\\/wp-content\\\/uploads\\\/2025\\\/06\\\/Webdo-Tunisie_168377.jpg\",\"width\":301,\"height\":301,\"caption\":\"Webdo\"},\"image\":{\"@id\":\"https:\\\/\\\/www.webdo.tn\\\/fr\\\/#\\\/schema\\\/logo\\\/image\\\/\"},\"sameAs\":[\"https:\\\/\\\/www.facebook.com\\\/webdotn\",\"https:\\\/\\\/x.com\\\/webdo_tn\"],\"description\":\"Webdo est un m\u00e9dia num\u00e9rique tunisien fond\u00e9 en 2010, sp\u00e9cialis\u00e9 dans l\u2019actualit\u00e9 nationale et internationale, l\u2019\u00e9conomie, la soci\u00e9t\u00e9 et les analyses politiques. Le site s\u2019adresse \u00e0 un large public francophone et couvre l\u2019information tunisienne en temps r\u00e9el.\",\"email\":\"redac@webdo.tn\",\"legalName\":\"YNJ SARL\",\"foundingDate\":\"2010-09-06\",\"numberOfEmployees\":{\"@type\":\"QuantitativeValue\",\"minValue\":\"11\",\"maxValue\":\"50\"}},{\"@type\":\"Person\",\"@id\":\"https:\\\/\\\/www.webdo.tn\\\/fr\\\/#\\\/schema\\\/person\\\/2c4929cbf5a809e3bd38617c6ce150f6\",\"name\":\"MC\",\"image\":{\"@type\":\"ImageObject\",\"inLanguage\":\"fr-FR\",\"@id\":\"https:\\\/\\\/secure.gravatar.com\\\/avatar\\\/a545bbb6f84efdd5553dbbc2895e3ca8f1d12c5215e00a041c9670b54aa9b18a?s=96&d=mm&r=g\",\"url\":\"https:\\\/\\\/secure.gravatar.com\\\/avatar\\\/a545bbb6f84efdd5553dbbc2895e3ca8f1d12c5215e00a041c9670b54aa9b18a?s=96&d=mm&r=g\",\"contentUrl\":\"https:\\\/\\\/secure.gravatar.com\\\/avatar\\\/a545bbb6f84efdd5553dbbc2895e3ca8f1d12c5215e00a041c9670b54aa9b18a?s=96&d=mm&r=g\",\"caption\":\"MC\"},\"url\":\"https:\\\/\\\/www.webdo.tn\\\/fr\\\/actualite\\\/author\\\/mc\\\/\"}]}<\/script>\n<!-- \/ Yoast SEO Premium plugin. -->","yoast_head_json":{"title":"La Tunisie face \u00e0 une nouvelle crise de lait !","description":"Cette p\u00e9nurie est le r\u00e9sultat d\u2019une crise devenue cyclique en Tunisie. A en croire le conseiller \u00e9conomique du pr\u00e9sident de l\u2019Union tunisienne de l\u2019agriculture...","canonical":"https:\/\/www.webdo.tn\/fr\/actualite\/national\/la-tunisie-face-a-une-nouvelle-crise-de-lait\/216431\/","og_locale":"fr_FR","og_type":"article","og_title":"La Tunisie face \u00e0 une nouvelle crise de lait !","og_description":"Cette p\u00e9nurie est le r\u00e9sultat d\u2019une crise devenue cyclique en Tunisie. A en croire le conseiller \u00e9conomique du pr\u00e9sident de l\u2019Union tunisienne de l\u2019agriculture...","og_url":"https:\/\/www.webdo.tn\/fr\/actualite\/national\/la-tunisie-face-a-une-nouvelle-crise-de-lait\/216431\/","og_site_name":"webdo","article_publisher":"https:\/\/www.facebook.com\/webdotn","article_published_time":"2024-09-17T13:45:00+00:00","article_modified_time":"2025-05-20T21:48:52+00:00","og_image":[{"width":750,"height":400,"url":"https:\/\/www.webdo.tn\/fr\/wp-content\/uploads\/2024\/09\/46ffec242aa00d5baae2d999514e1e10.webp","type":"image\/webp"}],"author":"MC","twitter_card":"summary_large_image","twitter_creator":"@webdo_tn","twitter_site":"@webdo_tn","twitter_misc":{"\u00c9crit par":"MC","Dur\u00e9e de lecture estim\u00e9e":"2 minutes"},"schema":{"@context":"https:\/\/schema.org","@graph":[{"@type":"NewsArticle","@id":"https:\/\/www.webdo.tn\/fr\/actualite\/national\/la-tunisie-face-a-une-nouvelle-crise-de-lait\/216431\/#article","isPartOf":{"@id":"https:\/\/www.webdo.tn\/fr\/actualite\/national\/la-tunisie-face-a-une-nouvelle-crise-de-lait\/216431\/"},"author":{"name":"MC","@id":"https:\/\/www.webdo.tn\/fr\/#\/schema\/person\/2c4929cbf5a809e3bd38617c6ce150f6"},"headline":"La Tunisie face \u00e0 une nouvelle crise de lait !","datePublished":"2024-09-17T13:45:00+00:00","dateModified":"2025-05-20T21:48:52+00:00","mainEntityOfPage":{"@id":"https:\/\/www.webdo.tn\/fr\/actualite\/national\/la-tunisie-face-a-une-nouvelle-crise-de-lait\/216431\/"},"wordCount":399,"commentCount":0,"publisher":{"@id":"https:\/\/www.webdo.tn\/fr\/#organization"},"image":{"@id":"https:\/\/www.webdo.tn\/fr\/actualite\/national\/la-tunisie-face-a-une-nouvelle-crise-de-lait\/216431\/#primaryimage"},"thumbnailUrl":"https:\/\/www.webdo.tn\/fr\/wp-content\/uploads\/2024\/09\/46ffec242aa00d5baae2d999514e1e10.webp","keywords":["crise","Lait","p\u00e9nurie","Tunisie"],"articleSection":["National"],"inLanguage":"fr-FR"},{"@type":"WebPage","@id":"https:\/\/www.webdo.tn\/fr\/actualite\/national\/la-tunisie-face-a-une-nouvelle-crise-de-lait\/216431\/","url":"https:\/\/www.webdo.tn\/fr\/actualite\/national\/la-tunisie-face-a-une-nouvelle-crise-de-lait\/216431\/","name":"La Tunisie face \u00e0 une nouvelle crise de lait !","isPartOf":{"@id":"https:\/\/www.webdo.tn\/fr\/#website"},"primaryImageOfPage":{"@id":"https:\/\/www.webdo.tn\/fr\/actualite\/national\/la-tunisie-face-a-une-nouvelle-crise-de-lait\/216431\/#primaryimage"},"image":{"@id":"https:\/\/www.webdo.tn\/fr\/actualite\/national\/la-tunisie-face-a-une-nouvelle-crise-de-lait\/216431\/#primaryimage"},"thumbnailUrl":"https:\/\/www.webdo.tn\/fr\/wp-content\/uploads\/2024\/09\/46ffec242aa00d5baae2d999514e1e10.webp","datePublished":"2024-09-17T13:45:00+00:00","dateModified":"2025-05-20T21:48:52+00:00","description":"Cette p\u00e9nurie est le r\u00e9sultat d\u2019une crise devenue cyclique en Tunisie. A en croire le conseiller \u00e9conomique du pr\u00e9sident de l\u2019Union tunisienne de l\u2019agriculture...","breadcrumb":{"@id":"https:\/\/www.webdo.tn\/fr\/actualite\/national\/la-tunisie-face-a-une-nouvelle-crise-de-lait\/216431\/#breadcrumb"},"inLanguage":"fr-FR","potentialAction":[{"@type":"ReadAction","target":["https:\/\/www.webdo.tn\/fr\/actualite\/national\/la-tunisie-face-a-une-nouvelle-crise-de-lait\/216431\/"]}]},{"@type":"ImageObject","inLanguage":"fr-FR","@id":"https:\/\/www.webdo.tn\/fr\/actualite\/national\/la-tunisie-face-a-une-nouvelle-crise-de-lait\/216431\/#primaryimage","url":"https:\/\/www.webdo.tn\/fr\/wp-content\/uploads\/2024\/09\/46ffec242aa00d5baae2d999514e1e10.webp","contentUrl":"https:\/\/www.webdo.tn\/fr\/wp-content\/uploads\/2024\/09\/46ffec242aa00d5baae2d999514e1e10.webp","width":750,"height":400,"caption":"La Tunisie face \u00e0 une nouvelle crise de lait !"},{"@type":"BreadcrumbList","@id":"https:\/\/www.webdo.tn\/fr\/actualite\/national\/la-tunisie-face-a-une-nouvelle-crise-de-lait\/216431\/#breadcrumb","itemListElement":[{"@type":"ListItem","position":1,"name":"Accueil","item":"https:\/\/www.webdo.tn\/fr\/"},{"@type":"ListItem","position":2,"name":"La Tunisie face \u00e0 une nouvelle crise de lait !"}]},{"@type":"WebSite","@id":"https:\/\/www.webdo.tn\/fr\/#website","url":"https:\/\/www.webdo.tn\/fr\/","name":"webdo","description":"Tunisie - News en Tunisie et \u00e0 l&#039;international sur Webdo.tn","publisher":{"@id":"https:\/\/www.webdo.tn\/fr\/#organization"},"potentialAction":[{"@type":"SearchAction","target":{"@type":"EntryPoint","urlTemplate":"https:\/\/www.webdo.tn\/fr\/?s={search_term_string}"},"query-input":{"@type":"PropertyValueSpecification","valueRequired":true,"valueName":"search_term_string"}}],"inLanguage":"fr-FR"},{"@type":"Organization","@id":"https:\/\/www.webdo.tn\/fr\/#organization","name":"Webdo","alternateName":"Webdo.tn","url":"https:\/\/www.webdo.tn\/fr\/","logo":{"@type":"ImageObject","inLanguage":"fr-FR","@id":"https:\/\/www.webdo.tn\/fr\/#\/schema\/logo\/image\/","url":"https:\/\/www.webdo.tn\/fr\/wp-content\/uploads\/2025\/06\/Webdo-Tunisie_168377.jpg","contentUrl":"https:\/\/www.webdo.tn\/fr\/wp-content\/uploads\/2025\/06\/Webdo-Tunisie_168377.jpg","width":301,"height":301,"caption":"Webdo"},"image":{"@id":"https:\/\/www.webdo.tn\/fr\/#\/schema\/logo\/image\/"},"sameAs":["https:\/\/www.facebook.com\/webdotn","https:\/\/x.com\/webdo_tn"],"description":"Webdo est un m\u00e9dia num\u00e9rique tunisien fond\u00e9 en 2010, sp\u00e9cialis\u00e9 dans l\u2019actualit\u00e9 nationale et internationale, l\u2019\u00e9conomie, la soci\u00e9t\u00e9 et les analyses politiques. Le site s\u2019adresse \u00e0 un large public francophone et couvre l\u2019information tunisienne en temps r\u00e9el.","email":"redac@webdo.tn","legalName":"YNJ SARL","foundingDate":"2010-09-06","numberOfEmployees":{"@type":"QuantitativeValue","minValue":"11","maxValue":"50"}},{"@type":"Person","@id":"https:\/\/www.webdo.tn\/fr\/#\/schema\/person\/2c4929cbf5a809e3bd38617c6ce150f6","name":"MC","image":{"@type":"ImageObject","inLanguage":"fr-FR","@id":"https:\/\/secure.gravatar.com\/avatar\/a545bbb6f84efdd5553dbbc2895e3ca8f1d12c5215e00a041c9670b54aa9b18a?s=96&d=mm&r=g","url":"https:\/\/secure.gravatar.com\/avatar\/a545bbb6f84efdd5553dbbc2895e3ca8f1d12c5215e00a041c9670b54aa9b18a?s=96&d=mm&r=g","contentUrl":"https:\/\/secure.gravatar.com\/avatar\/a545bbb6f84efdd5553dbbc2895e3ca8f1d12c5215e00a041c9670b54aa9b18a?s=96&d=mm&r=g","caption":"MC"},"url":"https:\/\/www.webdo.tn\/fr\/actualite\/author\/mc\/"}]}},"_links":{"self":[{"href":"https:\/\/www.webdo.tn\/fr\/wp-json\/wp\/v2\/posts\/216431","targetHints":{"allow":["GET"]}}],"collection":[{"href":"https:\/\/www.webdo.tn\/fr\/wp-json\/wp\/v2\/posts"}],"about":[{"href":"https:\/\/www.webdo.tn\/fr\/wp-json\/wp\/v2\/types\/post"}],"author":[{"embeddable":true,"href":"https:\/\/www.webdo.tn\/fr\/wp-json\/wp\/v2\/users\/3162"}],"replies":[{"embeddable":true,"href":"https:\/\/www.webdo.tn\/fr\/wp-json\/wp\/v2\/comments?post=216431"}],"version-history":[{"count":0,"href":"https:\/\/www.webdo.tn\/fr\/wp-json\/wp\/v2\/posts\/216431\/revisions"}],"wp:featuredmedia":[{"embeddable":true,"href":"https:\/\/www.webdo.tn\/fr\/wp-json\/wp\/v2\/media\/246556"}],"wp:attachment":[{"href":"https:\/\/www.webdo.tn\/fr\/wp-json\/wp\/v2\/media?parent=216431"}],"wp:term":[{"taxonomy":"category","embeddable":true,"href":"https:\/\/www.webdo.tn\/fr\/wp-json\/wp\/v2\/categories?post=216431"},{"taxonomy":"post_tag","embeddable":true,"href":"https:\/\/www.webdo.tn\/fr\/wp-json\/wp\/v2\/tags?post=216431"}],"curies":[{"name":"wp","href":"https:\/\/api.w.org\/{rel}","templated":true}]}}