{"id":216417,"date":"2024-09-16T20:51:00","date_gmt":"2024-09-16T20:51:00","guid":{"rendered":"https:\/\/www.webdo.tn\/fr\/blog\/zammel-presente-son-programme-depuis-sa-detention\/216417\/"},"modified":"2025-05-14T09:33:46","modified_gmt":"2025-05-14T09:33:46","slug":"zammel-presente-son-programme-depuis-sa-detention","status":"publish","type":"post","link":"https:\/\/www.webdo.tn\/fr\/actualite\/national\/zammel-presente-son-programme-depuis-sa-detention\/216417\/","title":{"rendered":"Zammel pr\u00e9sente son programme depuis sa d\u00e9tention"},"content":{"rendered":"<p>Ayachi Zammel, candidat \u00e0 l&rsquo;\u00e9lection pr\u00e9sidentielle tunisienne de 2024, se trouve actuellement en d\u00e9tention pour des soup\u00e7ons de falsification de parrainages.<\/p>\n<p>\t\t\t\t\t\t\t\t\tMalgr\u00e9 son incarc\u00e9ration, il a publi\u00e9 un message samedi, affirmant qu&rsquo;il aurait d\u00fb lancer sa campagne ce jour-l\u00e0 avec le slogan \u00ab\u00a0Tourner la page\u00a0\u00bb. Zammel maintient son innocence et appelle ses partisans \u00e0 poursuivre la campagne en son absence.<\/p>\n<p>Lundi 16 septembre 2024, l&rsquo;\u00e9quipe de campagne de Zammel a d\u00e9voil\u00e9 son programme \u00e9lectoral d\u00e9taill\u00e9, intitul\u00e9 \u00ab\u00a0Pacte pour une meilleure Tunisie\u00a0\u00bb. Ce programme ambitieux promet une croissance \u00e9conomique de 4,2%, une r\u00e9duction du ch\u00f4mage \u00e0 moins de 10%, et une augmentation du revenu annuel par habitant \u00e0 6000 dollars am\u00e9ricains. Il propose \u00e9galement des investissements massifs dans l&rsquo;infrastructure, l&rsquo;\u00e9ducation et la recherche.<\/p>\n<p>Zammel fait face \u00e0 de multiples accusations de falsification de parrainages, avec au moins 35 affaires en cours. Sa d\u00e9fense conteste ces accusations, critiquant le syst\u00e8me de parrainages non num\u00e9ris\u00e9s. Le candidat a \u00e9t\u00e9 arr\u00eat\u00e9 le 2 septembre, puis de nouveau le 5 septembre apr\u00e8s une br\u00e8ve lib\u00e9ration. Son proc\u00e8s est pr\u00e9vu pour le 19 septembre.<\/p>\n","protected":false},"excerpt":{"rendered":"<p>D\u00e9couvrez le programme \u00e9lectoral audacieux de Ayachi Zammel, candidat \u00e0 la pr\u00e9sidentielle tunisienne, d\u00e9voil\u00e9 malgr\u00e9 son incarc\u00e9ration. Un engagement fort pour&#8230;<\/p>\n","protected":false},"author":3203,"featured_media":246548,"comment_status":"open","ping_status":"closed","sticky":false,"template":"","format":"standard","meta":{"footnotes":""},"categories":[44],"tags":[4430,5705,5707,5706],"class_list":["post-216417","post","type-post","status-publish","format-standard","has-post-thumbnail","hentry","category-national","tag-ayachi-zammel","tag-pacte-pour-une-meilleure-tunisie","tag-presidentielle-tunisie-2024","tag-programme-electoral"],"yoast_head":"<!-- This site is optimized with the Yoast SEO Premium plugin v27.5 (Yoast SEO v27.5) - https:\/\/yoast.com\/product\/yoast-seo-premium-wordpress\/ -->\n<title>Zammel pr\u00e9sente son programme depuis sa d\u00e9tention<\/title>\n<meta name=\"description\" content=\"D\u00e9couvrez le programme \u00e9lectoral audacieux de Ayachi Zammel, candidat \u00e0 la pr\u00e9sidentielle tunisienne, d\u00e9voil\u00e9 malgr\u00e9 son incarc\u00e9ration. Un engagement fort pour...\" \/>\n<link rel=\"canonical\" href=\"https:\/\/www.webdo.tn\/fr\/actualite\/national\/zammel-presente-son-programme-depuis-sa-detention\/216417\/\" \/>\n<meta property=\"og:locale\" content=\"fr_FR\" \/>\n<meta property=\"og:type\" content=\"article\" \/>\n<meta property=\"og:title\" content=\"Zammel pr\u00e9sente son programme depuis sa d\u00e9tention\" \/>\n<meta property=\"og:description\" content=\"D\u00e9couvrez le programme \u00e9lectoral audacieux de Ayachi Zammel, candidat \u00e0 la pr\u00e9sidentielle tunisienne, d\u00e9voil\u00e9 malgr\u00e9 son incarc\u00e9ration. Un engagement fort pour...\" \/>\n<meta property=\"og:url\" content=\"https:\/\/www.webdo.tn\/fr\/actualite\/national\/zammel-presente-son-programme-depuis-sa-detention\/216417\/\" \/>\n<meta property=\"og:site_name\" content=\"webdo\" \/>\n<meta property=\"article:publisher\" content=\"https:\/\/www.facebook.com\/webdotn\" \/>\n<meta property=\"article:published_time\" content=\"2024-09-16T20:51:00+00:00\" \/>\n<meta property=\"article:modified_time\" content=\"2025-05-14T09:33:46+00:00\" \/>\n<meta property=\"og:image\" content=\"https:\/\/www.webdo.tn\/fr\/wp-content\/uploads\/2024\/09\/a0a9ad9d48a9310296c580de092c52d8.webp\" \/>\n\t<meta property=\"og:image:width\" content=\"664\" \/>\n\t<meta property=\"og:image:height\" content=\"354\" \/>\n\t<meta property=\"og:image:type\" content=\"image\/webp\" \/>\n<meta name=\"author\" content=\"Ramzi Haddad\" \/>\n<meta name=\"twitter:card\" content=\"summary_large_image\" \/>\n<meta name=\"twitter:creator\" content=\"@webdo_tn\" \/>\n<meta name=\"twitter:site\" content=\"@webdo_tn\" \/>\n<meta name=\"twitter:label1\" content=\"\u00c9crit par\" \/>\n\t<meta name=\"twitter:data1\" content=\"Ramzi Haddad\" \/>\n\t<meta name=\"twitter:label2\" content=\"Dur\u00e9e de lecture estim\u00e9e\" \/>\n\t<meta name=\"twitter:data2\" content=\"1 minute\" \/>\n<script type=\"application\/ld+json\" class=\"yoast-schema-graph\">{\"@context\":\"https:\\\/\\\/schema.org\",\"@graph\":[{\"@type\":\"NewsArticle\",\"@id\":\"https:\\\/\\\/www.webdo.tn\\\/fr\\\/actualite\\\/national\\\/zammel-presente-son-programme-depuis-sa-detention\\\/216417\\\/#article\",\"isPartOf\":{\"@id\":\"https:\\\/\\\/www.webdo.tn\\\/fr\\\/actualite\\\/national\\\/zammel-presente-son-programme-depuis-sa-detention\\\/216417\\\/\"},\"author\":{\"name\":\"Ramzi Haddad\",\"@id\":\"https:\\\/\\\/www.webdo.tn\\\/fr\\\/#\\\/schema\\\/person\\\/5663044c25eb36d8f88ba5b653f12f8c\"},\"headline\":\"Zammel pr\u00e9sente son programme depuis sa d\u00e9tention\",\"datePublished\":\"2024-09-16T20:51:00+00:00\",\"dateModified\":\"2025-05-14T09:33:46+00:00\",\"mainEntityOfPage\":{\"@id\":\"https:\\\/\\\/www.webdo.tn\\\/fr\\\/actualite\\\/national\\\/zammel-presente-son-programme-depuis-sa-detention\\\/216417\\\/\"},\"wordCount\":196,\"commentCount\":0,\"publisher\":{\"@id\":\"https:\\\/\\\/www.webdo.tn\\\/fr\\\/#organization\"},\"image\":{\"@id\":\"https:\\\/\\\/www.webdo.tn\\\/fr\\\/actualite\\\/national\\\/zammel-presente-son-programme-depuis-sa-detention\\\/216417\\\/#primaryimage\"},\"thumbnailUrl\":\"https:\\\/\\\/www.webdo.tn\\\/fr\\\/wp-content\\\/uploads\\\/2024\\\/09\\\/a0a9ad9d48a9310296c580de092c52d8.webp\",\"keywords\":[\"ayachi zammel\",\"Pacte pour une meilleure Tunisie\",\"pr\u00e9sidentielle Tunisie 2024\",\"programme \u00e9lectoral\"],\"articleSection\":[\"National\"],\"inLanguage\":\"fr-FR\"},{\"@type\":\"WebPage\",\"@id\":\"https:\\\/\\\/www.webdo.tn\\\/fr\\\/actualite\\\/national\\\/zammel-presente-son-programme-depuis-sa-detention\\\/216417\\\/\",\"url\":\"https:\\\/\\\/www.webdo.tn\\\/fr\\\/actualite\\\/national\\\/zammel-presente-son-programme-depuis-sa-detention\\\/216417\\\/\",\"name\":\"Zammel pr\u00e9sente son programme depuis sa d\u00e9tention\",\"isPartOf\":{\"@id\":\"https:\\\/\\\/www.webdo.tn\\\/fr\\\/#website\"},\"primaryImageOfPage\":{\"@id\":\"https:\\\/\\\/www.webdo.tn\\\/fr\\\/actualite\\\/national\\\/zammel-presente-son-programme-depuis-sa-detention\\\/216417\\\/#primaryimage\"},\"image\":{\"@id\":\"https:\\\/\\\/www.webdo.tn\\\/fr\\\/actualite\\\/national\\\/zammel-presente-son-programme-depuis-sa-detention\\\/216417\\\/#primaryimage\"},\"thumbnailUrl\":\"https:\\\/\\\/www.webdo.tn\\\/fr\\\/wp-content\\\/uploads\\\/2024\\\/09\\\/a0a9ad9d48a9310296c580de092c52d8.webp\",\"datePublished\":\"2024-09-16T20:51:00+00:00\",\"dateModified\":\"2025-05-14T09:33:46+00:00\",\"description\":\"D\u00e9couvrez le programme \u00e9lectoral audacieux de Ayachi Zammel, candidat \u00e0 la pr\u00e9sidentielle tunisienne, d\u00e9voil\u00e9 malgr\u00e9 son incarc\u00e9ration. Un engagement fort pour...\",\"breadcrumb\":{\"@id\":\"https:\\\/\\\/www.webdo.tn\\\/fr\\\/actualite\\\/national\\\/zammel-presente-son-programme-depuis-sa-detention\\\/216417\\\/#breadcrumb\"},\"inLanguage\":\"fr-FR\",\"potentialAction\":[{\"@type\":\"ReadAction\",\"target\":[\"https:\\\/\\\/www.webdo.tn\\\/fr\\\/actualite\\\/national\\\/zammel-presente-son-programme-depuis-sa-detention\\\/216417\\\/\"]}]},{\"@type\":\"ImageObject\",\"inLanguage\":\"fr-FR\",\"@id\":\"https:\\\/\\\/www.webdo.tn\\\/fr\\\/actualite\\\/national\\\/zammel-presente-son-programme-depuis-sa-detention\\\/216417\\\/#primaryimage\",\"url\":\"https:\\\/\\\/www.webdo.tn\\\/fr\\\/wp-content\\\/uploads\\\/2024\\\/09\\\/a0a9ad9d48a9310296c580de092c52d8.webp\",\"contentUrl\":\"https:\\\/\\\/www.webdo.tn\\\/fr\\\/wp-content\\\/uploads\\\/2024\\\/09\\\/a0a9ad9d48a9310296c580de092c52d8.webp\",\"width\":664,\"height\":354,\"caption\":\"Zammel pr\u00e9sente son programme depuis sa d\u00e9tention\"},{\"@type\":\"BreadcrumbList\",\"@id\":\"https:\\\/\\\/www.webdo.tn\\\/fr\\\/actualite\\\/national\\\/zammel-presente-son-programme-depuis-sa-detention\\\/216417\\\/#breadcrumb\",\"itemListElement\":[{\"@type\":\"ListItem\",\"position\":1,\"name\":\"Accueil\",\"item\":\"https:\\\/\\\/www.webdo.tn\\\/fr\\\/\"},{\"@type\":\"ListItem\",\"position\":2,\"name\":\"Zammel pr\u00e9sente son programme depuis sa d\u00e9tention\"}]},{\"@type\":\"WebSite\",\"@id\":\"https:\\\/\\\/www.webdo.tn\\\/fr\\\/#website\",\"url\":\"https:\\\/\\\/www.webdo.tn\\\/fr\\\/\",\"name\":\"webdo\",\"description\":\"Tunisie - News en Tunisie et \u00e0 l&#039;international sur Webdo.tn\",\"publisher\":{\"@id\":\"https:\\\/\\\/www.webdo.tn\\\/fr\\\/#organization\"},\"potentialAction\":[{\"@type\":\"SearchAction\",\"target\":{\"@type\":\"EntryPoint\",\"urlTemplate\":\"https:\\\/\\\/www.webdo.tn\\\/fr\\\/?s={search_term_string}\"},\"query-input\":{\"@type\":\"PropertyValueSpecification\",\"valueRequired\":true,\"valueName\":\"search_term_string\"}}],\"inLanguage\":\"fr-FR\"},{\"@type\":\"Organization\",\"@id\":\"https:\\\/\\\/www.webdo.tn\\\/fr\\\/#organization\",\"name\":\"Webdo\",\"alternateName\":\"Webdo.tn\",\"url\":\"https:\\\/\\\/www.webdo.tn\\\/fr\\\/\",\"logo\":{\"@type\":\"ImageObject\",\"inLanguage\":\"fr-FR\",\"@id\":\"https:\\\/\\\/www.webdo.tn\\\/fr\\\/#\\\/schema\\\/logo\\\/image\\\/\",\"url\":\"https:\\\/\\\/www.webdo.tn\\\/fr\\\/wp-content\\\/uploads\\\/2025\\\/06\\\/Webdo-Tunisie_168377.jpg\",\"contentUrl\":\"https:\\\/\\\/www.webdo.tn\\\/fr\\\/wp-content\\\/uploads\\\/2025\\\/06\\\/Webdo-Tunisie_168377.jpg\",\"width\":301,\"height\":301,\"caption\":\"Webdo\"},\"image\":{\"@id\":\"https:\\\/\\\/www.webdo.tn\\\/fr\\\/#\\\/schema\\\/logo\\\/image\\\/\"},\"sameAs\":[\"https:\\\/\\\/www.facebook.com\\\/webdotn\",\"https:\\\/\\\/x.com\\\/webdo_tn\"],\"description\":\"Webdo est un m\u00e9dia num\u00e9rique tunisien fond\u00e9 en 2010, sp\u00e9cialis\u00e9 dans l\u2019actualit\u00e9 nationale et internationale, l\u2019\u00e9conomie, la soci\u00e9t\u00e9 et les analyses politiques. Le site s\u2019adresse \u00e0 un large public francophone et couvre l\u2019information tunisienne en temps r\u00e9el.\",\"email\":\"redac@webdo.tn\",\"legalName\":\"YNJ SARL\",\"foundingDate\":\"2010-09-06\",\"numberOfEmployees\":{\"@type\":\"QuantitativeValue\",\"minValue\":\"11\",\"maxValue\":\"50\"}},{\"@type\":\"Person\",\"@id\":\"https:\\\/\\\/www.webdo.tn\\\/fr\\\/#\\\/schema\\\/person\\\/5663044c25eb36d8f88ba5b653f12f8c\",\"name\":\"Ramzi Haddad\",\"image\":{\"@type\":\"ImageObject\",\"inLanguage\":\"fr-FR\",\"@id\":\"https:\\\/\\\/www.webdo.tn\\\/fr\\\/wp-content\\\/uploads\\\/2026\\\/04\\\/ramzi-haddad_avatar-96x96.jpg\",\"url\":\"https:\\\/\\\/www.webdo.tn\\\/fr\\\/wp-content\\\/uploads\\\/2026\\\/04\\\/ramzi-haddad_avatar-96x96.jpg\",\"contentUrl\":\"https:\\\/\\\/www.webdo.tn\\\/fr\\\/wp-content\\\/uploads\\\/2026\\\/04\\\/ramzi-haddad_avatar-96x96.jpg\",\"caption\":\"Ramzi Haddad\"},\"description\":\"Signature \u00e9ditoriale de Walid Ben Youssef Ramzi Haddad est le pseudonyme \u00e9ditorial de Walid Ben Youssef, fondateur et g\u00e9rant de Webdo.tn. Cette signature est d\u00e9di\u00e9e \u00e0 la couverture de l'actualit\u00e9 nationale et internationale, ainsi qu'aux analyses des dynamiques num\u00e9riques. Ce profil b\u00e9n\u00e9ficie de l'expertise de Walid Ben Youssef, pionnier du web en Tunisie depuis 2000 et dipl\u00f4m\u00e9 en Math\u00e9matiques pures de l'Universit\u00e9 d'Oregon. \u00c0 travers cette signature, la r\u00e9daction de Webdo garantit une information structur\u00e9e et v\u00e9rifi\u00e9e, fid\u00e8le aux standards journalistiques du m\u00e9dia.\",\"url\":\"https:\\\/\\\/www.webdo.tn\\\/fr\\\/actualite\\\/author\\\/ramzi-haddad\\\/\"}]}<\/script>\n<!-- \/ Yoast SEO Premium plugin. -->","yoast_head_json":{"title":"Zammel pr\u00e9sente son programme depuis sa d\u00e9tention","description":"D\u00e9couvrez le programme \u00e9lectoral audacieux de Ayachi Zammel, candidat \u00e0 la pr\u00e9sidentielle tunisienne, d\u00e9voil\u00e9 malgr\u00e9 son incarc\u00e9ration. Un engagement fort pour...","canonical":"https:\/\/www.webdo.tn\/fr\/actualite\/national\/zammel-presente-son-programme-depuis-sa-detention\/216417\/","og_locale":"fr_FR","og_type":"article","og_title":"Zammel pr\u00e9sente son programme depuis sa d\u00e9tention","og_description":"D\u00e9couvrez le programme \u00e9lectoral audacieux de Ayachi Zammel, candidat \u00e0 la pr\u00e9sidentielle tunisienne, d\u00e9voil\u00e9 malgr\u00e9 son incarc\u00e9ration. Un engagement fort pour...","og_url":"https:\/\/www.webdo.tn\/fr\/actualite\/national\/zammel-presente-son-programme-depuis-sa-detention\/216417\/","og_site_name":"webdo","article_publisher":"https:\/\/www.facebook.com\/webdotn","article_published_time":"2024-09-16T20:51:00+00:00","article_modified_time":"2025-05-14T09:33:46+00:00","og_image":[{"width":664,"height":354,"url":"https:\/\/www.webdo.tn\/fr\/wp-content\/uploads\/2024\/09\/a0a9ad9d48a9310296c580de092c52d8.webp","type":"image\/webp"}],"author":"Ramzi Haddad","twitter_card":"summary_large_image","twitter_creator":"@webdo_tn","twitter_site":"@webdo_tn","twitter_misc":{"\u00c9crit par":"Ramzi Haddad","Dur\u00e9e de lecture estim\u00e9e":"1 minute"},"schema":{"@context":"https:\/\/schema.org","@graph":[{"@type":"NewsArticle","@id":"https:\/\/www.webdo.tn\/fr\/actualite\/national\/zammel-presente-son-programme-depuis-sa-detention\/216417\/#article","isPartOf":{"@id":"https:\/\/www.webdo.tn\/fr\/actualite\/national\/zammel-presente-son-programme-depuis-sa-detention\/216417\/"},"author":{"name":"Ramzi Haddad","@id":"https:\/\/www.webdo.tn\/fr\/#\/schema\/person\/5663044c25eb36d8f88ba5b653f12f8c"},"headline":"Zammel pr\u00e9sente son programme depuis sa d\u00e9tention","datePublished":"2024-09-16T20:51:00+00:00","dateModified":"2025-05-14T09:33:46+00:00","mainEntityOfPage":{"@id":"https:\/\/www.webdo.tn\/fr\/actualite\/national\/zammel-presente-son-programme-depuis-sa-detention\/216417\/"},"wordCount":196,"commentCount":0,"publisher":{"@id":"https:\/\/www.webdo.tn\/fr\/#organization"},"image":{"@id":"https:\/\/www.webdo.tn\/fr\/actualite\/national\/zammel-presente-son-programme-depuis-sa-detention\/216417\/#primaryimage"},"thumbnailUrl":"https:\/\/www.webdo.tn\/fr\/wp-content\/uploads\/2024\/09\/a0a9ad9d48a9310296c580de092c52d8.webp","keywords":["ayachi zammel","Pacte pour une meilleure Tunisie","pr\u00e9sidentielle Tunisie 2024","programme \u00e9lectoral"],"articleSection":["National"],"inLanguage":"fr-FR"},{"@type":"WebPage","@id":"https:\/\/www.webdo.tn\/fr\/actualite\/national\/zammel-presente-son-programme-depuis-sa-detention\/216417\/","url":"https:\/\/www.webdo.tn\/fr\/actualite\/national\/zammel-presente-son-programme-depuis-sa-detention\/216417\/","name":"Zammel pr\u00e9sente son programme depuis sa d\u00e9tention","isPartOf":{"@id":"https:\/\/www.webdo.tn\/fr\/#website"},"primaryImageOfPage":{"@id":"https:\/\/www.webdo.tn\/fr\/actualite\/national\/zammel-presente-son-programme-depuis-sa-detention\/216417\/#primaryimage"},"image":{"@id":"https:\/\/www.webdo.tn\/fr\/actualite\/national\/zammel-presente-son-programme-depuis-sa-detention\/216417\/#primaryimage"},"thumbnailUrl":"https:\/\/www.webdo.tn\/fr\/wp-content\/uploads\/2024\/09\/a0a9ad9d48a9310296c580de092c52d8.webp","datePublished":"2024-09-16T20:51:00+00:00","dateModified":"2025-05-14T09:33:46+00:00","description":"D\u00e9couvrez le programme \u00e9lectoral audacieux de Ayachi Zammel, candidat \u00e0 la pr\u00e9sidentielle tunisienne, d\u00e9voil\u00e9 malgr\u00e9 son incarc\u00e9ration. Un engagement fort pour...","breadcrumb":{"@id":"https:\/\/www.webdo.tn\/fr\/actualite\/national\/zammel-presente-son-programme-depuis-sa-detention\/216417\/#breadcrumb"},"inLanguage":"fr-FR","potentialAction":[{"@type":"ReadAction","target":["https:\/\/www.webdo.tn\/fr\/actualite\/national\/zammel-presente-son-programme-depuis-sa-detention\/216417\/"]}]},{"@type":"ImageObject","inLanguage":"fr-FR","@id":"https:\/\/www.webdo.tn\/fr\/actualite\/national\/zammel-presente-son-programme-depuis-sa-detention\/216417\/#primaryimage","url":"https:\/\/www.webdo.tn\/fr\/wp-content\/uploads\/2024\/09\/a0a9ad9d48a9310296c580de092c52d8.webp","contentUrl":"https:\/\/www.webdo.tn\/fr\/wp-content\/uploads\/2024\/09\/a0a9ad9d48a9310296c580de092c52d8.webp","width":664,"height":354,"caption":"Zammel pr\u00e9sente son programme depuis sa d\u00e9tention"},{"@type":"BreadcrumbList","@id":"https:\/\/www.webdo.tn\/fr\/actualite\/national\/zammel-presente-son-programme-depuis-sa-detention\/216417\/#breadcrumb","itemListElement":[{"@type":"ListItem","position":1,"name":"Accueil","item":"https:\/\/www.webdo.tn\/fr\/"},{"@type":"ListItem","position":2,"name":"Zammel pr\u00e9sente son programme depuis sa d\u00e9tention"}]},{"@type":"WebSite","@id":"https:\/\/www.webdo.tn\/fr\/#website","url":"https:\/\/www.webdo.tn\/fr\/","name":"webdo","description":"Tunisie - News en Tunisie et \u00e0 l&#039;international sur Webdo.tn","publisher":{"@id":"https:\/\/www.webdo.tn\/fr\/#organization"},"potentialAction":[{"@type":"SearchAction","target":{"@type":"EntryPoint","urlTemplate":"https:\/\/www.webdo.tn\/fr\/?s={search_term_string}"},"query-input":{"@type":"PropertyValueSpecification","valueRequired":true,"valueName":"search_term_string"}}],"inLanguage":"fr-FR"},{"@type":"Organization","@id":"https:\/\/www.webdo.tn\/fr\/#organization","name":"Webdo","alternateName":"Webdo.tn","url":"https:\/\/www.webdo.tn\/fr\/","logo":{"@type":"ImageObject","inLanguage":"fr-FR","@id":"https:\/\/www.webdo.tn\/fr\/#\/schema\/logo\/image\/","url":"https:\/\/www.webdo.tn\/fr\/wp-content\/uploads\/2025\/06\/Webdo-Tunisie_168377.jpg","contentUrl":"https:\/\/www.webdo.tn\/fr\/wp-content\/uploads\/2025\/06\/Webdo-Tunisie_168377.jpg","width":301,"height":301,"caption":"Webdo"},"image":{"@id":"https:\/\/www.webdo.tn\/fr\/#\/schema\/logo\/image\/"},"sameAs":["https:\/\/www.facebook.com\/webdotn","https:\/\/x.com\/webdo_tn"],"description":"Webdo est un m\u00e9dia num\u00e9rique tunisien fond\u00e9 en 2010, sp\u00e9cialis\u00e9 dans l\u2019actualit\u00e9 nationale et internationale, l\u2019\u00e9conomie, la soci\u00e9t\u00e9 et les analyses politiques. Le site s\u2019adresse \u00e0 un large public francophone et couvre l\u2019information tunisienne en temps r\u00e9el.","email":"redac@webdo.tn","legalName":"YNJ SARL","foundingDate":"2010-09-06","numberOfEmployees":{"@type":"QuantitativeValue","minValue":"11","maxValue":"50"}},{"@type":"Person","@id":"https:\/\/www.webdo.tn\/fr\/#\/schema\/person\/5663044c25eb36d8f88ba5b653f12f8c","name":"Ramzi Haddad","image":{"@type":"ImageObject","inLanguage":"fr-FR","@id":"https:\/\/www.webdo.tn\/fr\/wp-content\/uploads\/2026\/04\/ramzi-haddad_avatar-96x96.jpg","url":"https:\/\/www.webdo.tn\/fr\/wp-content\/uploads\/2026\/04\/ramzi-haddad_avatar-96x96.jpg","contentUrl":"https:\/\/www.webdo.tn\/fr\/wp-content\/uploads\/2026\/04\/ramzi-haddad_avatar-96x96.jpg","caption":"Ramzi Haddad"},"description":"Signature \u00e9ditoriale de Walid Ben Youssef Ramzi Haddad est le pseudonyme \u00e9ditorial de Walid Ben Youssef, fondateur et g\u00e9rant de Webdo.tn. Cette signature est d\u00e9di\u00e9e \u00e0 la couverture de l'actualit\u00e9 nationale et internationale, ainsi qu'aux analyses des dynamiques num\u00e9riques. Ce profil b\u00e9n\u00e9ficie de l'expertise de Walid Ben Youssef, pionnier du web en Tunisie depuis 2000 et dipl\u00f4m\u00e9 en Math\u00e9matiques pures de l'Universit\u00e9 d'Oregon. \u00c0 travers cette signature, la r\u00e9daction de Webdo garantit une information structur\u00e9e et v\u00e9rifi\u00e9e, fid\u00e8le aux standards journalistiques du m\u00e9dia.","url":"https:\/\/www.webdo.tn\/fr\/actualite\/author\/ramzi-haddad\/"}]}},"_links":{"self":[{"href":"https:\/\/www.webdo.tn\/fr\/wp-json\/wp\/v2\/posts\/216417","targetHints":{"allow":["GET"]}}],"collection":[{"href":"https:\/\/www.webdo.tn\/fr\/wp-json\/wp\/v2\/posts"}],"about":[{"href":"https:\/\/www.webdo.tn\/fr\/wp-json\/wp\/v2\/types\/post"}],"author":[{"embeddable":true,"href":"https:\/\/www.webdo.tn\/fr\/wp-json\/wp\/v2\/users\/3203"}],"replies":[{"embeddable":true,"href":"https:\/\/www.webdo.tn\/fr\/wp-json\/wp\/v2\/comments?post=216417"}],"version-history":[{"count":0,"href":"https:\/\/www.webdo.tn\/fr\/wp-json\/wp\/v2\/posts\/216417\/revisions"}],"wp:featuredmedia":[{"embeddable":true,"href":"https:\/\/www.webdo.tn\/fr\/wp-json\/wp\/v2\/media\/246548"}],"wp:attachment":[{"href":"https:\/\/www.webdo.tn\/fr\/wp-json\/wp\/v2\/media?parent=216417"}],"wp:term":[{"taxonomy":"category","embeddable":true,"href":"https:\/\/www.webdo.tn\/fr\/wp-json\/wp\/v2\/categories?post=216417"},{"taxonomy":"post_tag","embeddable":true,"href":"https:\/\/www.webdo.tn\/fr\/wp-json\/wp\/v2\/tags?post=216417"}],"curies":[{"name":"wp","href":"https:\/\/api.w.org\/{rel}","templated":true}]}}