{"id":216413,"date":"2024-09-16T17:56:00","date_gmt":"2024-09-16T17:56:00","guid":{"rendered":"https:\/\/www.webdo.tn\/fr\/blog\/fitch-ratings-voit-d-un-meilleur-oeil-les-finances-tunisiennes\/216413\/"},"modified":"2025-05-14T09:33:45","modified_gmt":"2025-05-14T09:33:45","slug":"fitch-ratings-voit-d-un-meilleur-oeil-les-finances-tunisiennes","status":"publish","type":"post","link":"https:\/\/www.webdo.tn\/fr\/actualite\/national\/fitch-ratings-voit-d-un-meilleur-oeil-les-finances-tunisiennes\/216413\/","title":{"rendered":"Fitch Ratings voit d&rsquo;un meilleur \u0153il les finances tunisiennes"},"content":{"rendered":"<p>L&rsquo;agence de notation Fitch Ratings a relev\u00e9 lundi la note de la Tunisie, passant de \u00ab\u00a0CCC-\u00a0\u00bb \u00e0 \u00ab\u00a0CCC+\u00a0\u00bb. Cette d\u00e9cision refl\u00e8te une confiance accrue dans la capacit\u00e9 du gouvernement tunisien \u00e0 faire face \u00e0 ses importants besoins de financement fiscal. La position externe renforc\u00e9e du pays lui permet de maintenir ses r\u00e9serves internationales \u00e0 un niveau suffisant pour honorer ses paiements et obligations de dette actuels.<\/p>\n<p>\t\t\t\t\t\t\t\t\tMalgr\u00e9 cette am\u00e9lioration, Fitch souligne que les besoins de financement restent \u00e9lev\u00e9s, l&rsquo;acc\u00e8s au financement externe limit\u00e9, et le budget demeure vuln\u00e9rable aux chocs ext\u00e9rieurs. Le d\u00e9ficit budg\u00e9taire devrait se r\u00e9duire progressivement, passant de 7,1% du PIB en 2023 \u00e0 4,7% en 2026, gr\u00e2ce \u00e0 une baisse de la masse salariale, des d\u00e9penses en capital et des subventions.<\/p>\n<p>La dette publique devrait rester sup\u00e9rieure \u00e0 80% du PIB jusqu&rsquo;en 2026, mais sa trajectoire est sensible aux fluctuations de change et aux chocs fiscaux. Le d\u00e9ficit du compte courant devrait se stabiliser autour de 3% du PIB dans les ann\u00e9es \u00e0 venir, soutenu par une croissance des exportations et des envois de fonds stables.<\/p>\n<p>Bien que des risques politiques persistent \u00e0 l&rsquo;approche de l&rsquo;\u00e9lection pr\u00e9sidentielle, Fitch s&rsquo;attend \u00e0 une continuit\u00e9 politique post-\u00e9lectorale. Cette am\u00e9lioration de la note pourrait contribuer \u00e0 renforcer la confiance des investisseurs envers l&rsquo;\u00e9conomie tunisienne.<\/p>\n","protected":false},"excerpt":{"rendered":"<p>Fitch Ratings am\u00e9liore la note de la Tunisie de &lsquo;CCC-&lsquo; \u00e0 &lsquo;CCC+&rsquo;, refl\u00e9tant une confiance accrue dans la capacit\u00e9 du pays \u00e0 r\u00e9pondre \u00e0 ses besoins financiers mal&#8230;<\/p>\n","protected":false},"author":4779,"featured_media":246546,"comment_status":"open","ping_status":"closed","sticky":false,"template":"","format":"standard","meta":{"footnotes":""},"categories":[44],"tags":[5703,5702,5704,2608],"class_list":["post-216413","post","type-post","status-publish","format-standard","has-post-thumbnail","hentry","category-national","tag-finances-publiques","tag-fitch-ratings","tag-note-de-credit","tag-tunisie"],"yoast_head":"<!-- This site is optimized with the Yoast SEO Premium plugin v27.5 (Yoast SEO v27.5) - https:\/\/yoast.com\/product\/yoast-seo-premium-wordpress\/ -->\n<title>Fitch Ratings voit d&#039;un meilleur \u0153il les finances tunisiennes<\/title>\n<meta name=\"description\" content=\"Fitch Ratings am\u00e9liore la note de la Tunisie de &#039;CCC-&#039; \u00e0 &#039;CCC+&#039;, refl\u00e9tant une confiance accrue dans la capacit\u00e9 du pays \u00e0 r\u00e9pondre \u00e0 ses besoins financiers mal...\" \/>\n<link rel=\"canonical\" href=\"https:\/\/www.webdo.tn\/fr\/actualite\/national\/fitch-ratings-voit-d-un-meilleur-oeil-les-finances-tunisiennes\/216413\/\" \/>\n<meta property=\"og:locale\" content=\"fr_FR\" \/>\n<meta property=\"og:type\" content=\"article\" \/>\n<meta property=\"og:title\" content=\"Fitch Ratings voit d&#039;un meilleur \u0153il les finances tunisiennes\" \/>\n<meta property=\"og:description\" content=\"Fitch Ratings am\u00e9liore la note de la Tunisie de &#039;CCC-&#039; \u00e0 &#039;CCC+&#039;, refl\u00e9tant une confiance accrue dans la capacit\u00e9 du pays \u00e0 r\u00e9pondre \u00e0 ses besoins financiers mal...\" \/>\n<meta property=\"og:url\" content=\"https:\/\/www.webdo.tn\/fr\/actualite\/national\/fitch-ratings-voit-d-un-meilleur-oeil-les-finances-tunisiennes\/216413\/\" \/>\n<meta property=\"og:site_name\" content=\"webdo\" \/>\n<meta property=\"article:publisher\" content=\"https:\/\/www.facebook.com\/webdotn\" \/>\n<meta property=\"article:published_time\" content=\"2024-09-16T17:56:00+00:00\" \/>\n<meta property=\"article:modified_time\" content=\"2025-05-14T09:33:45+00:00\" \/>\n<meta property=\"og:image\" content=\"https:\/\/www.webdo.tn\/fr\/wp-content\/uploads\/2024\/09\/b1a68ad745ad9144ca1572d418bf9808.webp\" \/>\n\t<meta property=\"og:image:width\" content=\"720\" \/>\n\t<meta property=\"og:image:height\" content=\"384\" \/>\n\t<meta property=\"og:image:type\" content=\"image\/webp\" \/>\n<meta name=\"author\" content=\"Firas Ben Abdeltif\" \/>\n<meta name=\"twitter:card\" content=\"summary_large_image\" \/>\n<meta name=\"twitter:creator\" content=\"@webdo_tn\" \/>\n<meta name=\"twitter:site\" content=\"@webdo_tn\" \/>\n<meta name=\"twitter:label1\" content=\"\u00c9crit par\" \/>\n\t<meta name=\"twitter:data1\" content=\"Firas Ben Abdeltif\" \/>\n\t<meta name=\"twitter:label2\" content=\"Dur\u00e9e de lecture estim\u00e9e\" \/>\n\t<meta name=\"twitter:data2\" content=\"1 minute\" \/>\n<script type=\"application\/ld+json\" class=\"yoast-schema-graph\">{\"@context\":\"https:\\\/\\\/schema.org\",\"@graph\":[{\"@type\":\"NewsArticle\",\"@id\":\"https:\\\/\\\/www.webdo.tn\\\/fr\\\/actualite\\\/national\\\/fitch-ratings-voit-d-un-meilleur-oeil-les-finances-tunisiennes\\\/216413\\\/#article\",\"isPartOf\":{\"@id\":\"https:\\\/\\\/www.webdo.tn\\\/fr\\\/actualite\\\/national\\\/fitch-ratings-voit-d-un-meilleur-oeil-les-finances-tunisiennes\\\/216413\\\/\"},\"author\":{\"name\":\"Firas Ben Abdeltif\",\"@id\":\"https:\\\/\\\/www.webdo.tn\\\/fr\\\/#\\\/schema\\\/person\\\/19664196c9bfdcda126f3c27709f7d11\"},\"headline\":\"Fitch Ratings voit d&rsquo;un meilleur \u0153il les finances tunisiennes\",\"datePublished\":\"2024-09-16T17:56:00+00:00\",\"dateModified\":\"2025-05-14T09:33:45+00:00\",\"mainEntityOfPage\":{\"@id\":\"https:\\\/\\\/www.webdo.tn\\\/fr\\\/actualite\\\/national\\\/fitch-ratings-voit-d-un-meilleur-oeil-les-finances-tunisiennes\\\/216413\\\/\"},\"wordCount\":232,\"commentCount\":0,\"publisher\":{\"@id\":\"https:\\\/\\\/www.webdo.tn\\\/fr\\\/#organization\"},\"image\":{\"@id\":\"https:\\\/\\\/www.webdo.tn\\\/fr\\\/actualite\\\/national\\\/fitch-ratings-voit-d-un-meilleur-oeil-les-finances-tunisiennes\\\/216413\\\/#primaryimage\"},\"thumbnailUrl\":\"https:\\\/\\\/www.webdo.tn\\\/fr\\\/wp-content\\\/uploads\\\/2024\\\/09\\\/b1a68ad745ad9144ca1572d418bf9808.webp\",\"keywords\":[\"finances publiques\",\"fitch ratings\",\"Note de cr\u00e9dit\",\"Tunisie\"],\"articleSection\":[\"National\"],\"inLanguage\":\"fr-FR\"},{\"@type\":\"WebPage\",\"@id\":\"https:\\\/\\\/www.webdo.tn\\\/fr\\\/actualite\\\/national\\\/fitch-ratings-voit-d-un-meilleur-oeil-les-finances-tunisiennes\\\/216413\\\/\",\"url\":\"https:\\\/\\\/www.webdo.tn\\\/fr\\\/actualite\\\/national\\\/fitch-ratings-voit-d-un-meilleur-oeil-les-finances-tunisiennes\\\/216413\\\/\",\"name\":\"Fitch Ratings voit d'un meilleur \u0153il les finances tunisiennes\",\"isPartOf\":{\"@id\":\"https:\\\/\\\/www.webdo.tn\\\/fr\\\/#website\"},\"primaryImageOfPage\":{\"@id\":\"https:\\\/\\\/www.webdo.tn\\\/fr\\\/actualite\\\/national\\\/fitch-ratings-voit-d-un-meilleur-oeil-les-finances-tunisiennes\\\/216413\\\/#primaryimage\"},\"image\":{\"@id\":\"https:\\\/\\\/www.webdo.tn\\\/fr\\\/actualite\\\/national\\\/fitch-ratings-voit-d-un-meilleur-oeil-les-finances-tunisiennes\\\/216413\\\/#primaryimage\"},\"thumbnailUrl\":\"https:\\\/\\\/www.webdo.tn\\\/fr\\\/wp-content\\\/uploads\\\/2024\\\/09\\\/b1a68ad745ad9144ca1572d418bf9808.webp\",\"datePublished\":\"2024-09-16T17:56:00+00:00\",\"dateModified\":\"2025-05-14T09:33:45+00:00\",\"description\":\"Fitch Ratings am\u00e9liore la note de la Tunisie de 'CCC-' \u00e0 'CCC+', refl\u00e9tant une confiance accrue dans la capacit\u00e9 du pays \u00e0 r\u00e9pondre \u00e0 ses besoins financiers mal...\",\"breadcrumb\":{\"@id\":\"https:\\\/\\\/www.webdo.tn\\\/fr\\\/actualite\\\/national\\\/fitch-ratings-voit-d-un-meilleur-oeil-les-finances-tunisiennes\\\/216413\\\/#breadcrumb\"},\"inLanguage\":\"fr-FR\",\"potentialAction\":[{\"@type\":\"ReadAction\",\"target\":[\"https:\\\/\\\/www.webdo.tn\\\/fr\\\/actualite\\\/national\\\/fitch-ratings-voit-d-un-meilleur-oeil-les-finances-tunisiennes\\\/216413\\\/\"]}]},{\"@type\":\"ImageObject\",\"inLanguage\":\"fr-FR\",\"@id\":\"https:\\\/\\\/www.webdo.tn\\\/fr\\\/actualite\\\/national\\\/fitch-ratings-voit-d-un-meilleur-oeil-les-finances-tunisiennes\\\/216413\\\/#primaryimage\",\"url\":\"https:\\\/\\\/www.webdo.tn\\\/fr\\\/wp-content\\\/uploads\\\/2024\\\/09\\\/b1a68ad745ad9144ca1572d418bf9808.webp\",\"contentUrl\":\"https:\\\/\\\/www.webdo.tn\\\/fr\\\/wp-content\\\/uploads\\\/2024\\\/09\\\/b1a68ad745ad9144ca1572d418bf9808.webp\",\"width\":720,\"height\":384,\"caption\":\"Fitch Ratings voit d'un meilleur \u0153il les finances tunisiennes\"},{\"@type\":\"BreadcrumbList\",\"@id\":\"https:\\\/\\\/www.webdo.tn\\\/fr\\\/actualite\\\/national\\\/fitch-ratings-voit-d-un-meilleur-oeil-les-finances-tunisiennes\\\/216413\\\/#breadcrumb\",\"itemListElement\":[{\"@type\":\"ListItem\",\"position\":1,\"name\":\"Accueil\",\"item\":\"https:\\\/\\\/www.webdo.tn\\\/fr\\\/\"},{\"@type\":\"ListItem\",\"position\":2,\"name\":\"Fitch Ratings voit d&#8217;un meilleur \u0153il les finances tunisiennes\"}]},{\"@type\":\"WebSite\",\"@id\":\"https:\\\/\\\/www.webdo.tn\\\/fr\\\/#website\",\"url\":\"https:\\\/\\\/www.webdo.tn\\\/fr\\\/\",\"name\":\"webdo\",\"description\":\"Tunisie - News en Tunisie et \u00e0 l&#039;international sur Webdo.tn\",\"publisher\":{\"@id\":\"https:\\\/\\\/www.webdo.tn\\\/fr\\\/#organization\"},\"potentialAction\":[{\"@type\":\"SearchAction\",\"target\":{\"@type\":\"EntryPoint\",\"urlTemplate\":\"https:\\\/\\\/www.webdo.tn\\\/fr\\\/?s={search_term_string}\"},\"query-input\":{\"@type\":\"PropertyValueSpecification\",\"valueRequired\":true,\"valueName\":\"search_term_string\"}}],\"inLanguage\":\"fr-FR\"},{\"@type\":\"Organization\",\"@id\":\"https:\\\/\\\/www.webdo.tn\\\/fr\\\/#organization\",\"name\":\"Webdo\",\"alternateName\":\"Webdo.tn\",\"url\":\"https:\\\/\\\/www.webdo.tn\\\/fr\\\/\",\"logo\":{\"@type\":\"ImageObject\",\"inLanguage\":\"fr-FR\",\"@id\":\"https:\\\/\\\/www.webdo.tn\\\/fr\\\/#\\\/schema\\\/logo\\\/image\\\/\",\"url\":\"https:\\\/\\\/www.webdo.tn\\\/fr\\\/wp-content\\\/uploads\\\/2025\\\/06\\\/Webdo-Tunisie_168377.jpg\",\"contentUrl\":\"https:\\\/\\\/www.webdo.tn\\\/fr\\\/wp-content\\\/uploads\\\/2025\\\/06\\\/Webdo-Tunisie_168377.jpg\",\"width\":301,\"height\":301,\"caption\":\"Webdo\"},\"image\":{\"@id\":\"https:\\\/\\\/www.webdo.tn\\\/fr\\\/#\\\/schema\\\/logo\\\/image\\\/\"},\"sameAs\":[\"https:\\\/\\\/www.facebook.com\\\/webdotn\",\"https:\\\/\\\/x.com\\\/webdo_tn\"],\"description\":\"Webdo est un m\u00e9dia num\u00e9rique tunisien fond\u00e9 en 2010, sp\u00e9cialis\u00e9 dans l\u2019actualit\u00e9 nationale et internationale, l\u2019\u00e9conomie, la soci\u00e9t\u00e9 et les analyses politiques. Le site s\u2019adresse \u00e0 un large public francophone et couvre l\u2019information tunisienne en temps r\u00e9el.\",\"email\":\"redac@webdo.tn\",\"legalName\":\"YNJ SARL\",\"foundingDate\":\"2010-09-06\",\"numberOfEmployees\":{\"@type\":\"QuantitativeValue\",\"minValue\":\"11\",\"maxValue\":\"50\"}},{\"@type\":\"Person\",\"@id\":\"https:\\\/\\\/www.webdo.tn\\\/fr\\\/#\\\/schema\\\/person\\\/19664196c9bfdcda126f3c27709f7d11\",\"name\":\"Firas Ben Abdeltif\",\"image\":{\"@type\":\"ImageObject\",\"inLanguage\":\"fr-FR\",\"@id\":\"https:\\\/\\\/secure.gravatar.com\\\/avatar\\\/161a347d40df098a084778c52ed133dbd85f14df003867067c5948081241ec55?s=96&d=mm&r=g\",\"url\":\"https:\\\/\\\/secure.gravatar.com\\\/avatar\\\/161a347d40df098a084778c52ed133dbd85f14df003867067c5948081241ec55?s=96&d=mm&r=g\",\"contentUrl\":\"https:\\\/\\\/secure.gravatar.com\\\/avatar\\\/161a347d40df098a084778c52ed133dbd85f14df003867067c5948081241ec55?s=96&d=mm&r=g\",\"caption\":\"Firas Ben Abdeltif\"},\"url\":\"https:\\\/\\\/www.webdo.tn\\\/fr\\\/actualite\\\/author\\\/firas-ben-abdeltif\\\/\"}]}<\/script>\n<!-- \/ Yoast SEO Premium plugin. -->","yoast_head_json":{"title":"Fitch Ratings voit d'un meilleur \u0153il les finances tunisiennes","description":"Fitch Ratings am\u00e9liore la note de la Tunisie de 'CCC-' \u00e0 'CCC+', refl\u00e9tant une confiance accrue dans la capacit\u00e9 du pays \u00e0 r\u00e9pondre \u00e0 ses besoins financiers mal...","canonical":"https:\/\/www.webdo.tn\/fr\/actualite\/national\/fitch-ratings-voit-d-un-meilleur-oeil-les-finances-tunisiennes\/216413\/","og_locale":"fr_FR","og_type":"article","og_title":"Fitch Ratings voit d'un meilleur \u0153il les finances tunisiennes","og_description":"Fitch Ratings am\u00e9liore la note de la Tunisie de 'CCC-' \u00e0 'CCC+', refl\u00e9tant une confiance accrue dans la capacit\u00e9 du pays \u00e0 r\u00e9pondre \u00e0 ses besoins financiers mal...","og_url":"https:\/\/www.webdo.tn\/fr\/actualite\/national\/fitch-ratings-voit-d-un-meilleur-oeil-les-finances-tunisiennes\/216413\/","og_site_name":"webdo","article_publisher":"https:\/\/www.facebook.com\/webdotn","article_published_time":"2024-09-16T17:56:00+00:00","article_modified_time":"2025-05-14T09:33:45+00:00","og_image":[{"width":720,"height":384,"url":"https:\/\/www.webdo.tn\/fr\/wp-content\/uploads\/2024\/09\/b1a68ad745ad9144ca1572d418bf9808.webp","type":"image\/webp"}],"author":"Firas Ben Abdeltif","twitter_card":"summary_large_image","twitter_creator":"@webdo_tn","twitter_site":"@webdo_tn","twitter_misc":{"\u00c9crit par":"Firas Ben Abdeltif","Dur\u00e9e de lecture estim\u00e9e":"1 minute"},"schema":{"@context":"https:\/\/schema.org","@graph":[{"@type":"NewsArticle","@id":"https:\/\/www.webdo.tn\/fr\/actualite\/national\/fitch-ratings-voit-d-un-meilleur-oeil-les-finances-tunisiennes\/216413\/#article","isPartOf":{"@id":"https:\/\/www.webdo.tn\/fr\/actualite\/national\/fitch-ratings-voit-d-un-meilleur-oeil-les-finances-tunisiennes\/216413\/"},"author":{"name":"Firas Ben Abdeltif","@id":"https:\/\/www.webdo.tn\/fr\/#\/schema\/person\/19664196c9bfdcda126f3c27709f7d11"},"headline":"Fitch Ratings voit d&rsquo;un meilleur \u0153il les finances tunisiennes","datePublished":"2024-09-16T17:56:00+00:00","dateModified":"2025-05-14T09:33:45+00:00","mainEntityOfPage":{"@id":"https:\/\/www.webdo.tn\/fr\/actualite\/national\/fitch-ratings-voit-d-un-meilleur-oeil-les-finances-tunisiennes\/216413\/"},"wordCount":232,"commentCount":0,"publisher":{"@id":"https:\/\/www.webdo.tn\/fr\/#organization"},"image":{"@id":"https:\/\/www.webdo.tn\/fr\/actualite\/national\/fitch-ratings-voit-d-un-meilleur-oeil-les-finances-tunisiennes\/216413\/#primaryimage"},"thumbnailUrl":"https:\/\/www.webdo.tn\/fr\/wp-content\/uploads\/2024\/09\/b1a68ad745ad9144ca1572d418bf9808.webp","keywords":["finances publiques","fitch ratings","Note de cr\u00e9dit","Tunisie"],"articleSection":["National"],"inLanguage":"fr-FR"},{"@type":"WebPage","@id":"https:\/\/www.webdo.tn\/fr\/actualite\/national\/fitch-ratings-voit-d-un-meilleur-oeil-les-finances-tunisiennes\/216413\/","url":"https:\/\/www.webdo.tn\/fr\/actualite\/national\/fitch-ratings-voit-d-un-meilleur-oeil-les-finances-tunisiennes\/216413\/","name":"Fitch Ratings voit d'un meilleur \u0153il les finances tunisiennes","isPartOf":{"@id":"https:\/\/www.webdo.tn\/fr\/#website"},"primaryImageOfPage":{"@id":"https:\/\/www.webdo.tn\/fr\/actualite\/national\/fitch-ratings-voit-d-un-meilleur-oeil-les-finances-tunisiennes\/216413\/#primaryimage"},"image":{"@id":"https:\/\/www.webdo.tn\/fr\/actualite\/national\/fitch-ratings-voit-d-un-meilleur-oeil-les-finances-tunisiennes\/216413\/#primaryimage"},"thumbnailUrl":"https:\/\/www.webdo.tn\/fr\/wp-content\/uploads\/2024\/09\/b1a68ad745ad9144ca1572d418bf9808.webp","datePublished":"2024-09-16T17:56:00+00:00","dateModified":"2025-05-14T09:33:45+00:00","description":"Fitch Ratings am\u00e9liore la note de la Tunisie de 'CCC-' \u00e0 'CCC+', refl\u00e9tant une confiance accrue dans la capacit\u00e9 du pays \u00e0 r\u00e9pondre \u00e0 ses besoins financiers mal...","breadcrumb":{"@id":"https:\/\/www.webdo.tn\/fr\/actualite\/national\/fitch-ratings-voit-d-un-meilleur-oeil-les-finances-tunisiennes\/216413\/#breadcrumb"},"inLanguage":"fr-FR","potentialAction":[{"@type":"ReadAction","target":["https:\/\/www.webdo.tn\/fr\/actualite\/national\/fitch-ratings-voit-d-un-meilleur-oeil-les-finances-tunisiennes\/216413\/"]}]},{"@type":"ImageObject","inLanguage":"fr-FR","@id":"https:\/\/www.webdo.tn\/fr\/actualite\/national\/fitch-ratings-voit-d-un-meilleur-oeil-les-finances-tunisiennes\/216413\/#primaryimage","url":"https:\/\/www.webdo.tn\/fr\/wp-content\/uploads\/2024\/09\/b1a68ad745ad9144ca1572d418bf9808.webp","contentUrl":"https:\/\/www.webdo.tn\/fr\/wp-content\/uploads\/2024\/09\/b1a68ad745ad9144ca1572d418bf9808.webp","width":720,"height":384,"caption":"Fitch Ratings voit d'un meilleur \u0153il les finances tunisiennes"},{"@type":"BreadcrumbList","@id":"https:\/\/www.webdo.tn\/fr\/actualite\/national\/fitch-ratings-voit-d-un-meilleur-oeil-les-finances-tunisiennes\/216413\/#breadcrumb","itemListElement":[{"@type":"ListItem","position":1,"name":"Accueil","item":"https:\/\/www.webdo.tn\/fr\/"},{"@type":"ListItem","position":2,"name":"Fitch Ratings voit d&#8217;un meilleur \u0153il les finances tunisiennes"}]},{"@type":"WebSite","@id":"https:\/\/www.webdo.tn\/fr\/#website","url":"https:\/\/www.webdo.tn\/fr\/","name":"webdo","description":"Tunisie - News en Tunisie et \u00e0 l&#039;international sur Webdo.tn","publisher":{"@id":"https:\/\/www.webdo.tn\/fr\/#organization"},"potentialAction":[{"@type":"SearchAction","target":{"@type":"EntryPoint","urlTemplate":"https:\/\/www.webdo.tn\/fr\/?s={search_term_string}"},"query-input":{"@type":"PropertyValueSpecification","valueRequired":true,"valueName":"search_term_string"}}],"inLanguage":"fr-FR"},{"@type":"Organization","@id":"https:\/\/www.webdo.tn\/fr\/#organization","name":"Webdo","alternateName":"Webdo.tn","url":"https:\/\/www.webdo.tn\/fr\/","logo":{"@type":"ImageObject","inLanguage":"fr-FR","@id":"https:\/\/www.webdo.tn\/fr\/#\/schema\/logo\/image\/","url":"https:\/\/www.webdo.tn\/fr\/wp-content\/uploads\/2025\/06\/Webdo-Tunisie_168377.jpg","contentUrl":"https:\/\/www.webdo.tn\/fr\/wp-content\/uploads\/2025\/06\/Webdo-Tunisie_168377.jpg","width":301,"height":301,"caption":"Webdo"},"image":{"@id":"https:\/\/www.webdo.tn\/fr\/#\/schema\/logo\/image\/"},"sameAs":["https:\/\/www.facebook.com\/webdotn","https:\/\/x.com\/webdo_tn"],"description":"Webdo est un m\u00e9dia num\u00e9rique tunisien fond\u00e9 en 2010, sp\u00e9cialis\u00e9 dans l\u2019actualit\u00e9 nationale et internationale, l\u2019\u00e9conomie, la soci\u00e9t\u00e9 et les analyses politiques. Le site s\u2019adresse \u00e0 un large public francophone et couvre l\u2019information tunisienne en temps r\u00e9el.","email":"redac@webdo.tn","legalName":"YNJ SARL","foundingDate":"2010-09-06","numberOfEmployees":{"@type":"QuantitativeValue","minValue":"11","maxValue":"50"}},{"@type":"Person","@id":"https:\/\/www.webdo.tn\/fr\/#\/schema\/person\/19664196c9bfdcda126f3c27709f7d11","name":"Firas Ben Abdeltif","image":{"@type":"ImageObject","inLanguage":"fr-FR","@id":"https:\/\/secure.gravatar.com\/avatar\/161a347d40df098a084778c52ed133dbd85f14df003867067c5948081241ec55?s=96&d=mm&r=g","url":"https:\/\/secure.gravatar.com\/avatar\/161a347d40df098a084778c52ed133dbd85f14df003867067c5948081241ec55?s=96&d=mm&r=g","contentUrl":"https:\/\/secure.gravatar.com\/avatar\/161a347d40df098a084778c52ed133dbd85f14df003867067c5948081241ec55?s=96&d=mm&r=g","caption":"Firas Ben Abdeltif"},"url":"https:\/\/www.webdo.tn\/fr\/actualite\/author\/firas-ben-abdeltif\/"}]}},"_links":{"self":[{"href":"https:\/\/www.webdo.tn\/fr\/wp-json\/wp\/v2\/posts\/216413","targetHints":{"allow":["GET"]}}],"collection":[{"href":"https:\/\/www.webdo.tn\/fr\/wp-json\/wp\/v2\/posts"}],"about":[{"href":"https:\/\/www.webdo.tn\/fr\/wp-json\/wp\/v2\/types\/post"}],"author":[{"embeddable":true,"href":"https:\/\/www.webdo.tn\/fr\/wp-json\/wp\/v2\/users\/4779"}],"replies":[{"embeddable":true,"href":"https:\/\/www.webdo.tn\/fr\/wp-json\/wp\/v2\/comments?post=216413"}],"version-history":[{"count":0,"href":"https:\/\/www.webdo.tn\/fr\/wp-json\/wp\/v2\/posts\/216413\/revisions"}],"wp:featuredmedia":[{"embeddable":true,"href":"https:\/\/www.webdo.tn\/fr\/wp-json\/wp\/v2\/media\/246546"}],"wp:attachment":[{"href":"https:\/\/www.webdo.tn\/fr\/wp-json\/wp\/v2\/media?parent=216413"}],"wp:term":[{"taxonomy":"category","embeddable":true,"href":"https:\/\/www.webdo.tn\/fr\/wp-json\/wp\/v2\/categories?post=216413"},{"taxonomy":"post_tag","embeddable":true,"href":"https:\/\/www.webdo.tn\/fr\/wp-json\/wp\/v2\/tags?post=216413"}],"curies":[{"name":"wp","href":"https:\/\/api.w.org\/{rel}","templated":true}]}}