{"id":216408,"date":"2024-09-16T14:44:00","date_gmt":"2024-09-16T14:44:00","guid":{"rendered":"https:\/\/www.webdo.tn\/fr\/blog\/saison-terminee-pour-ons-jabeur\/216408\/"},"modified":"2025-06-04T18:08:24","modified_gmt":"2025-06-04T18:08:24","slug":"saison-terminee-pour-ons-jabeur","status":"publish","type":"post","link":"https:\/\/www.webdo.tn\/fr\/actualite\/sport\/saison-terminee-pour-ons-jabeur\/216408\/","title":{"rendered":"Saison termin\u00e9e pour Ons Jabeur"},"content":{"rendered":"<p>La saison est termin\u00e9e pour Ons Jabeur, qui, en raison d\u2019une blessure persistante, ne pourra pas achever la saison en cours.<\/p>\n<p> La tenniswoman tunisienne Ons Jabeur, class\u00e9e 22e mondiale, a annonc\u00e9 aujourd\u2019hui, sur sa page Facebook, que sa saison est termin\u00e9e en en raison de la blessure persistante.<\/p>\n<p>\u00ab\u00a0Cette ann\u00e9e a \u00e9t\u00e9 extr\u00eamement difficile pour moi (&#8230;) en raison d\u2019une blessure persistante \u00e0 l&rsquo;\u00e9paule, mon staff m\u00e9dical et moi avons pris la d\u00e9cision difficile de mettre un terme \u00e0 la saison en cours\u00a0\u00bb, a indiqu\u00e9 Ons Jabeur.<\/p>\n<p>Elle donne toutefois rendez-vous \u00e0 ses fans au d\u00e9but de l\u2019ann\u00e9e prochaine, annon\u00e7ant que son retour sur les courts se fera en Australie, \u00e0 l\u2019occasion du premier Grand chelem de la saison prochaine.<\/p>\n<p>A cause de sa blessure, Ons Jabeur a d\u2019ailleurs \u00e9t\u00e9 priv\u00e9e de tennis cette saison ne faisant que quelques apparitions moyennes. Cela a eu des cons\u00e9quences sur sa position au classement WTA.<\/p>\n<p>Ons Jabeur est actuellement 22e alors qu\u2019elle pointait \u00e0 la 2e place mondiale en janvier 2023. Elle a ensuite perdu des places mais est quand m\u00eame rest\u00e9e class\u00e9e 6e durant 23 semaines. Depuis, elle ne cesse de perdre des points et des positions au classement.<\/p>\n","protected":false},"excerpt":{"rendered":"<p>La tenniswoman tunisienne Ons Jabeur, class\u00e9e 22e mondiale, a annonc\u00e9 aujourd\u2019hui, sur sa page Facebook, que sa saison est termin\u00e9e en en raison de la blessure&#8230;<\/p>\n","protected":false},"author":3162,"featured_media":246544,"comment_status":"open","ping_status":"closed","sticky":false,"template":"","format":"standard","meta":{"footnotes":""},"categories":[2593],"tags":[4925,2663,2604,2605,2608],"class_list":["post-216408","post","type-post","status-publish","format-standard","has-post-thumbnail","hentry","category-sport","tag-blessure","tag-classement-wta","tag-ons-jabeur","tag-tennis","tag-tunisie"],"yoast_head":"<!-- This site is optimized with the Yoast SEO Premium plugin v27.4 (Yoast SEO v27.5) - https:\/\/yoast.com\/product\/yoast-seo-premium-wordpress\/ -->\n<title>Saison termin\u00e9e pour Ons Jabeur<\/title>\n<meta name=\"description\" content=\"La tenniswoman tunisienne Ons Jabeur, class\u00e9e 22e mondiale, a annonc\u00e9 aujourd\u2019hui, sur sa page Facebook, que sa saison est termin\u00e9e en en raison de la blessure...\" \/>\n<link rel=\"canonical\" href=\"https:\/\/www.webdo.tn\/fr\/actualite\/sport\/saison-terminee-pour-ons-jabeur\/216408\/\" \/>\n<meta property=\"og:locale\" content=\"fr_FR\" \/>\n<meta property=\"og:type\" content=\"article\" \/>\n<meta property=\"og:title\" content=\"Saison termin\u00e9e pour Ons Jabeur\" \/>\n<meta property=\"og:description\" content=\"La tenniswoman tunisienne Ons Jabeur, class\u00e9e 22e mondiale, a annonc\u00e9 aujourd\u2019hui, sur sa page Facebook, que sa saison est termin\u00e9e en en raison de la blessure...\" \/>\n<meta property=\"og:url\" content=\"https:\/\/www.webdo.tn\/fr\/actualite\/sport\/saison-terminee-pour-ons-jabeur\/216408\/\" \/>\n<meta property=\"og:site_name\" content=\"webdo\" \/>\n<meta property=\"article:publisher\" content=\"https:\/\/www.facebook.com\/webdotn\" \/>\n<meta property=\"article:published_time\" content=\"2024-09-16T14:44:00+00:00\" \/>\n<meta property=\"article:modified_time\" content=\"2025-06-04T18:08:24+00:00\" \/>\n<meta property=\"og:image\" content=\"https:\/\/www.webdo.tn\/fr\/wp-content\/uploads\/2024\/09\/26b939e55bca927eb5b208e88215dae0.webp\" \/>\n\t<meta property=\"og:image:width\" content=\"750\" \/>\n\t<meta property=\"og:image:height\" content=\"400\" \/>\n\t<meta property=\"og:image:type\" content=\"image\/webp\" \/>\n<meta name=\"author\" content=\"MC\" \/>\n<meta name=\"twitter:card\" content=\"summary_large_image\" \/>\n<meta name=\"twitter:creator\" content=\"@webdo_tn\" \/>\n<meta name=\"twitter:site\" content=\"@webdo_tn\" \/>\n<meta name=\"twitter:label1\" content=\"\u00c9crit par\" \/>\n\t<meta name=\"twitter:data1\" content=\"MC\" \/>\n\t<meta name=\"twitter:label2\" content=\"Dur\u00e9e de lecture estim\u00e9e\" \/>\n\t<meta name=\"twitter:data2\" content=\"1 minute\" \/>\n<script type=\"application\/ld+json\" class=\"yoast-schema-graph\">{\"@context\":\"https:\\\/\\\/schema.org\",\"@graph\":[{\"@type\":\"NewsArticle\",\"@id\":\"https:\\\/\\\/www.webdo.tn\\\/fr\\\/actualite\\\/sport\\\/saison-terminee-pour-ons-jabeur\\\/216408\\\/#article\",\"isPartOf\":{\"@id\":\"https:\\\/\\\/www.webdo.tn\\\/fr\\\/actualite\\\/sport\\\/saison-terminee-pour-ons-jabeur\\\/216408\\\/\"},\"author\":{\"name\":\"MC\",\"@id\":\"https:\\\/\\\/www.webdo.tn\\\/fr\\\/#\\\/schema\\\/person\\\/2c4929cbf5a809e3bd38617c6ce150f6\"},\"headline\":\"Saison termin\u00e9e pour Ons Jabeur\",\"datePublished\":\"2024-09-16T14:44:00+00:00\",\"dateModified\":\"2025-06-04T18:08:24+00:00\",\"mainEntityOfPage\":{\"@id\":\"https:\\\/\\\/www.webdo.tn\\\/fr\\\/actualite\\\/sport\\\/saison-terminee-pour-ons-jabeur\\\/216408\\\/\"},\"wordCount\":218,\"commentCount\":0,\"publisher\":{\"@id\":\"https:\\\/\\\/www.webdo.tn\\\/fr\\\/#organization\"},\"image\":{\"@id\":\"https:\\\/\\\/www.webdo.tn\\\/fr\\\/actualite\\\/sport\\\/saison-terminee-pour-ons-jabeur\\\/216408\\\/#primaryimage\"},\"thumbnailUrl\":\"https:\\\/\\\/www.webdo.tn\\\/fr\\\/wp-content\\\/uploads\\\/2024\\\/09\\\/26b939e55bca927eb5b208e88215dae0.webp\",\"keywords\":[\"blessure\",\"classement wta\",\"Ons Jabeur\",\"tennis\",\"Tunisie\"],\"articleSection\":[\"Sport\"],\"inLanguage\":\"fr-FR\"},{\"@type\":\"WebPage\",\"@id\":\"https:\\\/\\\/www.webdo.tn\\\/fr\\\/actualite\\\/sport\\\/saison-terminee-pour-ons-jabeur\\\/216408\\\/\",\"url\":\"https:\\\/\\\/www.webdo.tn\\\/fr\\\/actualite\\\/sport\\\/saison-terminee-pour-ons-jabeur\\\/216408\\\/\",\"name\":\"Saison termin\u00e9e pour Ons Jabeur\",\"isPartOf\":{\"@id\":\"https:\\\/\\\/www.webdo.tn\\\/fr\\\/#website\"},\"primaryImageOfPage\":{\"@id\":\"https:\\\/\\\/www.webdo.tn\\\/fr\\\/actualite\\\/sport\\\/saison-terminee-pour-ons-jabeur\\\/216408\\\/#primaryimage\"},\"image\":{\"@id\":\"https:\\\/\\\/www.webdo.tn\\\/fr\\\/actualite\\\/sport\\\/saison-terminee-pour-ons-jabeur\\\/216408\\\/#primaryimage\"},\"thumbnailUrl\":\"https:\\\/\\\/www.webdo.tn\\\/fr\\\/wp-content\\\/uploads\\\/2024\\\/09\\\/26b939e55bca927eb5b208e88215dae0.webp\",\"datePublished\":\"2024-09-16T14:44:00+00:00\",\"dateModified\":\"2025-06-04T18:08:24+00:00\",\"description\":\"La tenniswoman tunisienne Ons Jabeur, class\u00e9e 22e mondiale, a annonc\u00e9 aujourd\u2019hui, sur sa page Facebook, que sa saison est termin\u00e9e en en raison de la blessure...\",\"breadcrumb\":{\"@id\":\"https:\\\/\\\/www.webdo.tn\\\/fr\\\/actualite\\\/sport\\\/saison-terminee-pour-ons-jabeur\\\/216408\\\/#breadcrumb\"},\"inLanguage\":\"fr-FR\",\"potentialAction\":[{\"@type\":\"ReadAction\",\"target\":[\"https:\\\/\\\/www.webdo.tn\\\/fr\\\/actualite\\\/sport\\\/saison-terminee-pour-ons-jabeur\\\/216408\\\/\"]}]},{\"@type\":\"ImageObject\",\"inLanguage\":\"fr-FR\",\"@id\":\"https:\\\/\\\/www.webdo.tn\\\/fr\\\/actualite\\\/sport\\\/saison-terminee-pour-ons-jabeur\\\/216408\\\/#primaryimage\",\"url\":\"https:\\\/\\\/www.webdo.tn\\\/fr\\\/wp-content\\\/uploads\\\/2024\\\/09\\\/26b939e55bca927eb5b208e88215dae0.webp\",\"contentUrl\":\"https:\\\/\\\/www.webdo.tn\\\/fr\\\/wp-content\\\/uploads\\\/2024\\\/09\\\/26b939e55bca927eb5b208e88215dae0.webp\",\"width\":750,\"height\":400,\"caption\":\"Saison termin\u00e9e pour Ons Jabeur\"},{\"@type\":\"BreadcrumbList\",\"@id\":\"https:\\\/\\\/www.webdo.tn\\\/fr\\\/actualite\\\/sport\\\/saison-terminee-pour-ons-jabeur\\\/216408\\\/#breadcrumb\",\"itemListElement\":[{\"@type\":\"ListItem\",\"position\":1,\"name\":\"Accueil\",\"item\":\"https:\\\/\\\/www.webdo.tn\\\/fr\\\/\"},{\"@type\":\"ListItem\",\"position\":2,\"name\":\"Saison termin\u00e9e pour Ons Jabeur\"}]},{\"@type\":\"WebSite\",\"@id\":\"https:\\\/\\\/www.webdo.tn\\\/fr\\\/#website\",\"url\":\"https:\\\/\\\/www.webdo.tn\\\/fr\\\/\",\"name\":\"webdo\",\"description\":\"Tunisie - News en Tunisie et \u00e0 l&#039;international sur Webdo.tn\",\"publisher\":{\"@id\":\"https:\\\/\\\/www.webdo.tn\\\/fr\\\/#organization\"},\"potentialAction\":[{\"@type\":\"SearchAction\",\"target\":{\"@type\":\"EntryPoint\",\"urlTemplate\":\"https:\\\/\\\/www.webdo.tn\\\/fr\\\/?s={search_term_string}\"},\"query-input\":{\"@type\":\"PropertyValueSpecification\",\"valueRequired\":true,\"valueName\":\"search_term_string\"}}],\"inLanguage\":\"fr-FR\"},{\"@type\":\"Organization\",\"@id\":\"https:\\\/\\\/www.webdo.tn\\\/fr\\\/#organization\",\"name\":\"Webdo\",\"alternateName\":\"Webdo.tn\",\"url\":\"https:\\\/\\\/www.webdo.tn\\\/fr\\\/\",\"logo\":{\"@type\":\"ImageObject\",\"inLanguage\":\"fr-FR\",\"@id\":\"https:\\\/\\\/www.webdo.tn\\\/fr\\\/#\\\/schema\\\/logo\\\/image\\\/\",\"url\":\"https:\\\/\\\/www.webdo.tn\\\/fr\\\/wp-content\\\/uploads\\\/2025\\\/06\\\/Webdo-Tunisie_168377.jpg\",\"contentUrl\":\"https:\\\/\\\/www.webdo.tn\\\/fr\\\/wp-content\\\/uploads\\\/2025\\\/06\\\/Webdo-Tunisie_168377.jpg\",\"width\":301,\"height\":301,\"caption\":\"Webdo\"},\"image\":{\"@id\":\"https:\\\/\\\/www.webdo.tn\\\/fr\\\/#\\\/schema\\\/logo\\\/image\\\/\"},\"sameAs\":[\"https:\\\/\\\/www.facebook.com\\\/webdotn\",\"https:\\\/\\\/x.com\\\/webdo_tn\"],\"description\":\"Webdo est un m\u00e9dia num\u00e9rique tunisien fond\u00e9 en 2010, sp\u00e9cialis\u00e9 dans l\u2019actualit\u00e9 nationale et internationale, l\u2019\u00e9conomie, la soci\u00e9t\u00e9 et les analyses politiques. Le site s\u2019adresse \u00e0 un large public francophone et couvre l\u2019information tunisienne en temps r\u00e9el.\",\"email\":\"redac@webdo.tn\",\"legalName\":\"YNJ SARL\",\"foundingDate\":\"2010-09-06\",\"numberOfEmployees\":{\"@type\":\"QuantitativeValue\",\"minValue\":\"11\",\"maxValue\":\"50\"}},{\"@type\":\"Person\",\"@id\":\"https:\\\/\\\/www.webdo.tn\\\/fr\\\/#\\\/schema\\\/person\\\/2c4929cbf5a809e3bd38617c6ce150f6\",\"name\":\"MC\",\"image\":{\"@type\":\"ImageObject\",\"inLanguage\":\"fr-FR\",\"@id\":\"https:\\\/\\\/secure.gravatar.com\\\/avatar\\\/a545bbb6f84efdd5553dbbc2895e3ca8f1d12c5215e00a041c9670b54aa9b18a?s=96&d=mm&r=g\",\"url\":\"https:\\\/\\\/secure.gravatar.com\\\/avatar\\\/a545bbb6f84efdd5553dbbc2895e3ca8f1d12c5215e00a041c9670b54aa9b18a?s=96&d=mm&r=g\",\"contentUrl\":\"https:\\\/\\\/secure.gravatar.com\\\/avatar\\\/a545bbb6f84efdd5553dbbc2895e3ca8f1d12c5215e00a041c9670b54aa9b18a?s=96&d=mm&r=g\",\"caption\":\"MC\"},\"url\":\"https:\\\/\\\/www.webdo.tn\\\/fr\\\/actualite\\\/author\\\/mc\\\/\"}]}<\/script>\n<!-- \/ Yoast SEO Premium plugin. -->","yoast_head_json":{"title":"Saison termin\u00e9e pour Ons Jabeur","description":"La tenniswoman tunisienne Ons Jabeur, class\u00e9e 22e mondiale, a annonc\u00e9 aujourd\u2019hui, sur sa page Facebook, que sa saison est termin\u00e9e en en raison de la blessure...","canonical":"https:\/\/www.webdo.tn\/fr\/actualite\/sport\/saison-terminee-pour-ons-jabeur\/216408\/","og_locale":"fr_FR","og_type":"article","og_title":"Saison termin\u00e9e pour Ons Jabeur","og_description":"La tenniswoman tunisienne Ons Jabeur, class\u00e9e 22e mondiale, a annonc\u00e9 aujourd\u2019hui, sur sa page Facebook, que sa saison est termin\u00e9e en en raison de la blessure...","og_url":"https:\/\/www.webdo.tn\/fr\/actualite\/sport\/saison-terminee-pour-ons-jabeur\/216408\/","og_site_name":"webdo","article_publisher":"https:\/\/www.facebook.com\/webdotn","article_published_time":"2024-09-16T14:44:00+00:00","article_modified_time":"2025-06-04T18:08:24+00:00","og_image":[{"width":750,"height":400,"url":"https:\/\/www.webdo.tn\/fr\/wp-content\/uploads\/2024\/09\/26b939e55bca927eb5b208e88215dae0.webp","type":"image\/webp"}],"author":"MC","twitter_card":"summary_large_image","twitter_creator":"@webdo_tn","twitter_site":"@webdo_tn","twitter_misc":{"\u00c9crit par":"MC","Dur\u00e9e de lecture estim\u00e9e":"1 minute"},"schema":{"@context":"https:\/\/schema.org","@graph":[{"@type":"NewsArticle","@id":"https:\/\/www.webdo.tn\/fr\/actualite\/sport\/saison-terminee-pour-ons-jabeur\/216408\/#article","isPartOf":{"@id":"https:\/\/www.webdo.tn\/fr\/actualite\/sport\/saison-terminee-pour-ons-jabeur\/216408\/"},"author":{"name":"MC","@id":"https:\/\/www.webdo.tn\/fr\/#\/schema\/person\/2c4929cbf5a809e3bd38617c6ce150f6"},"headline":"Saison termin\u00e9e pour Ons Jabeur","datePublished":"2024-09-16T14:44:00+00:00","dateModified":"2025-06-04T18:08:24+00:00","mainEntityOfPage":{"@id":"https:\/\/www.webdo.tn\/fr\/actualite\/sport\/saison-terminee-pour-ons-jabeur\/216408\/"},"wordCount":218,"commentCount":0,"publisher":{"@id":"https:\/\/www.webdo.tn\/fr\/#organization"},"image":{"@id":"https:\/\/www.webdo.tn\/fr\/actualite\/sport\/saison-terminee-pour-ons-jabeur\/216408\/#primaryimage"},"thumbnailUrl":"https:\/\/www.webdo.tn\/fr\/wp-content\/uploads\/2024\/09\/26b939e55bca927eb5b208e88215dae0.webp","keywords":["blessure","classement wta","Ons Jabeur","tennis","Tunisie"],"articleSection":["Sport"],"inLanguage":"fr-FR"},{"@type":"WebPage","@id":"https:\/\/www.webdo.tn\/fr\/actualite\/sport\/saison-terminee-pour-ons-jabeur\/216408\/","url":"https:\/\/www.webdo.tn\/fr\/actualite\/sport\/saison-terminee-pour-ons-jabeur\/216408\/","name":"Saison termin\u00e9e pour Ons Jabeur","isPartOf":{"@id":"https:\/\/www.webdo.tn\/fr\/#website"},"primaryImageOfPage":{"@id":"https:\/\/www.webdo.tn\/fr\/actualite\/sport\/saison-terminee-pour-ons-jabeur\/216408\/#primaryimage"},"image":{"@id":"https:\/\/www.webdo.tn\/fr\/actualite\/sport\/saison-terminee-pour-ons-jabeur\/216408\/#primaryimage"},"thumbnailUrl":"https:\/\/www.webdo.tn\/fr\/wp-content\/uploads\/2024\/09\/26b939e55bca927eb5b208e88215dae0.webp","datePublished":"2024-09-16T14:44:00+00:00","dateModified":"2025-06-04T18:08:24+00:00","description":"La tenniswoman tunisienne Ons Jabeur, class\u00e9e 22e mondiale, a annonc\u00e9 aujourd\u2019hui, sur sa page Facebook, que sa saison est termin\u00e9e en en raison de la blessure...","breadcrumb":{"@id":"https:\/\/www.webdo.tn\/fr\/actualite\/sport\/saison-terminee-pour-ons-jabeur\/216408\/#breadcrumb"},"inLanguage":"fr-FR","potentialAction":[{"@type":"ReadAction","target":["https:\/\/www.webdo.tn\/fr\/actualite\/sport\/saison-terminee-pour-ons-jabeur\/216408\/"]}]},{"@type":"ImageObject","inLanguage":"fr-FR","@id":"https:\/\/www.webdo.tn\/fr\/actualite\/sport\/saison-terminee-pour-ons-jabeur\/216408\/#primaryimage","url":"https:\/\/www.webdo.tn\/fr\/wp-content\/uploads\/2024\/09\/26b939e55bca927eb5b208e88215dae0.webp","contentUrl":"https:\/\/www.webdo.tn\/fr\/wp-content\/uploads\/2024\/09\/26b939e55bca927eb5b208e88215dae0.webp","width":750,"height":400,"caption":"Saison termin\u00e9e pour Ons Jabeur"},{"@type":"BreadcrumbList","@id":"https:\/\/www.webdo.tn\/fr\/actualite\/sport\/saison-terminee-pour-ons-jabeur\/216408\/#breadcrumb","itemListElement":[{"@type":"ListItem","position":1,"name":"Accueil","item":"https:\/\/www.webdo.tn\/fr\/"},{"@type":"ListItem","position":2,"name":"Saison termin\u00e9e pour Ons Jabeur"}]},{"@type":"WebSite","@id":"https:\/\/www.webdo.tn\/fr\/#website","url":"https:\/\/www.webdo.tn\/fr\/","name":"webdo","description":"Tunisie - News en Tunisie et \u00e0 l&#039;international sur Webdo.tn","publisher":{"@id":"https:\/\/www.webdo.tn\/fr\/#organization"},"potentialAction":[{"@type":"SearchAction","target":{"@type":"EntryPoint","urlTemplate":"https:\/\/www.webdo.tn\/fr\/?s={search_term_string}"},"query-input":{"@type":"PropertyValueSpecification","valueRequired":true,"valueName":"search_term_string"}}],"inLanguage":"fr-FR"},{"@type":"Organization","@id":"https:\/\/www.webdo.tn\/fr\/#organization","name":"Webdo","alternateName":"Webdo.tn","url":"https:\/\/www.webdo.tn\/fr\/","logo":{"@type":"ImageObject","inLanguage":"fr-FR","@id":"https:\/\/www.webdo.tn\/fr\/#\/schema\/logo\/image\/","url":"https:\/\/www.webdo.tn\/fr\/wp-content\/uploads\/2025\/06\/Webdo-Tunisie_168377.jpg","contentUrl":"https:\/\/www.webdo.tn\/fr\/wp-content\/uploads\/2025\/06\/Webdo-Tunisie_168377.jpg","width":301,"height":301,"caption":"Webdo"},"image":{"@id":"https:\/\/www.webdo.tn\/fr\/#\/schema\/logo\/image\/"},"sameAs":["https:\/\/www.facebook.com\/webdotn","https:\/\/x.com\/webdo_tn"],"description":"Webdo est un m\u00e9dia num\u00e9rique tunisien fond\u00e9 en 2010, sp\u00e9cialis\u00e9 dans l\u2019actualit\u00e9 nationale et internationale, l\u2019\u00e9conomie, la soci\u00e9t\u00e9 et les analyses politiques. Le site s\u2019adresse \u00e0 un large public francophone et couvre l\u2019information tunisienne en temps r\u00e9el.","email":"redac@webdo.tn","legalName":"YNJ SARL","foundingDate":"2010-09-06","numberOfEmployees":{"@type":"QuantitativeValue","minValue":"11","maxValue":"50"}},{"@type":"Person","@id":"https:\/\/www.webdo.tn\/fr\/#\/schema\/person\/2c4929cbf5a809e3bd38617c6ce150f6","name":"MC","image":{"@type":"ImageObject","inLanguage":"fr-FR","@id":"https:\/\/secure.gravatar.com\/avatar\/a545bbb6f84efdd5553dbbc2895e3ca8f1d12c5215e00a041c9670b54aa9b18a?s=96&d=mm&r=g","url":"https:\/\/secure.gravatar.com\/avatar\/a545bbb6f84efdd5553dbbc2895e3ca8f1d12c5215e00a041c9670b54aa9b18a?s=96&d=mm&r=g","contentUrl":"https:\/\/secure.gravatar.com\/avatar\/a545bbb6f84efdd5553dbbc2895e3ca8f1d12c5215e00a041c9670b54aa9b18a?s=96&d=mm&r=g","caption":"MC"},"url":"https:\/\/www.webdo.tn\/fr\/actualite\/author\/mc\/"}]}},"_links":{"self":[{"href":"https:\/\/www.webdo.tn\/fr\/wp-json\/wp\/v2\/posts\/216408","targetHints":{"allow":["GET"]}}],"collection":[{"href":"https:\/\/www.webdo.tn\/fr\/wp-json\/wp\/v2\/posts"}],"about":[{"href":"https:\/\/www.webdo.tn\/fr\/wp-json\/wp\/v2\/types\/post"}],"author":[{"embeddable":true,"href":"https:\/\/www.webdo.tn\/fr\/wp-json\/wp\/v2\/users\/3162"}],"replies":[{"embeddable":true,"href":"https:\/\/www.webdo.tn\/fr\/wp-json\/wp\/v2\/comments?post=216408"}],"version-history":[{"count":0,"href":"https:\/\/www.webdo.tn\/fr\/wp-json\/wp\/v2\/posts\/216408\/revisions"}],"wp:featuredmedia":[{"embeddable":true,"href":"https:\/\/www.webdo.tn\/fr\/wp-json\/wp\/v2\/media\/246544"}],"wp:attachment":[{"href":"https:\/\/www.webdo.tn\/fr\/wp-json\/wp\/v2\/media?parent=216408"}],"wp:term":[{"taxonomy":"category","embeddable":true,"href":"https:\/\/www.webdo.tn\/fr\/wp-json\/wp\/v2\/categories?post=216408"},{"taxonomy":"post_tag","embeddable":true,"href":"https:\/\/www.webdo.tn\/fr\/wp-json\/wp\/v2\/tags?post=216408"}],"curies":[{"name":"wp","href":"https:\/\/api.w.org\/{rel}","templated":true}]}}