{"id":216407,"date":"2024-09-16T13:28:00","date_gmt":"2024-09-16T13:28:00","guid":{"rendered":"https:\/\/www.webdo.tn\/fr\/blog\/tunisie-un-ancien-du-ta-en-appelle-au-president-de-la-republique\/216407\/"},"modified":"2025-05-20T22:55:00","modified_gmt":"2025-05-20T22:55:00","slug":"tunisie-un-ancien-du-ta-en-appelle-au-president-de-la-republique","status":"publish","type":"post","link":"https:\/\/www.webdo.tn\/fr\/actualite\/chroniques\/tunisie-un-ancien-du-ta-en-appelle-au-president-de-la-republique\/216407\/","title":{"rendered":"Tunisie : Un ancien du TA en appelle au Pr\u00e9sident de la R\u00e9publique !"},"content":{"rendered":"<p>La situation cr\u00e9\u00e9e par le conflit opposant le Tribunal administratif (TA) \u00e0 l\u2019ISIE a fait r\u00e9agir un ancien haut magistrat de la juridiction administrative.<\/p>\n<p>\t\t\t\t\t\t\t\t\tM.Bouraoui Abdelhafidh a publi\u00e9 un post dans laquelle il souligne la place probl\u00e9matique du Tribunal administratif la d\u00e9crivant entre le marteau et l\u2019enclume. Il a d\u2019abord commenc\u00e9 par situer la position compliqu\u00e9e du TA dans le contentieux \u00e9lectoral dont les implications et la port\u00e9e ne peuvent \u00eatre que politiques.<\/p>\n<p>Il a soulign\u00e9 que le TA ne peut \u00eatre que critiqu\u00e9 par les uns ou les autres, chacun selon leurs int\u00e9r\u00eats. S\u2019il va dans un sens, il sera consid\u00e9r\u00e9 comme soumis au pouvoir en place, s\u2019il va dans un autre c\u2019est l\u2019opposition qui va s\u2019en f\u00e9liciter. Et, ind\u00e9pendamment de la nature du contentieux, ayant une dimension politique ou pas, le TA a une obligation : trancher de mani\u00e8re d\u00e9finitive le contentieux.<\/p>\n<p>La pol\u00e9mique a enfl\u00e9 entre les deux parties concern\u00e9es, l\u2019ISIE et le TA, apr\u00e8s le refus de la premi\u00e8re de se soumettre aux d\u00e9cisions de la deuxi\u00e8me. M\u00eame les arr\u00eats interpr\u00e9tatifs ou ceux qui aident \u00e0 l\u2019ex\u00e9cution des dispositifs des d\u00e9cisions de l\u2019Assembl\u00e9e g\u00e9n\u00e9rale juridictionnelle n\u2019ont pas \u00e9t\u00e9 pris en consid\u00e9ration par l\u2019ISIE.<\/p>\n<p>Cette situation a engendr\u00e9 une attaque en r\u00e8gle contre le TA, son int\u00e9grit\u00e9 et sa neutralit\u00e9, et l\u2019accusant de partialit\u00e9 politique. M.Bouraoui Abdelhafidh consid\u00e8re que cela cr\u00e9e une situation dangereuse dans la mesure o\u00f9 l\u2019ensemble du processus \u00e9lectoral peut \u00eatre remis en cause, sachant que le TA est charg\u00e9 par la loi \u00e9lectorale de veiller \u00e0 sa l\u00e9galit\u00e9.<\/p>\n<p>Dans ce cas, et si jamais des recours sont intent\u00e9s contre l\u2019op\u00e9ration \u00e9lectorale, le TA ne pourrait pas se d\u00e9juger et le danger de tout remettre en cause devient potentiellement possible. C\u2019est pour cela que l\u2019auteur appelle \u00e0 trancher ce litige entre le TA et l\u2019ISIE pour \u00e9viter justement ce sc\u00e9nario.<\/p>\n<p>Dans cet esprit, l\u2019ancien magistrat du TA en appelle au pr\u00e9sident de la r\u00e9publique de faire respecter la Constitution, dans la mesure o\u00f9 l\u2019article 91 fait du\u00a0 Pr\u00e9sident de la R\u00e9publique \u00ab\u00a0le garant de l&rsquo;ind\u00e9pendance nationale, de l&rsquo;int\u00e9grit\u00e9 du territoire, du respect de la Constitution et de la loi\u00a0\u00bb et que Kais Saied a toujours exprim\u00e9 sa volont\u00e9 d\u2019appliquer et de faire respecter la loi et la constitution.<\/p>\n<p>De plus, l\u2019article 118 de la constitution dispose que \u00ab\u00a0les jugements sont rendus au nom du peuple et ex\u00e9cut\u00e9s au nom du Pr\u00e9sident de la R\u00e9publique\u00a0\u00bb, ce qui donne au pr\u00e9sident tous les pouvoirs pour remettre les choses \u00e0 leur place. Il a exprim\u00e9 enfin tout son espoir de voir le pr\u00e9sident de la r\u00e9publique prendre les d\u00e9cisions qui permettent de d\u00e9passer cette situation inhabituelle qui touche l\u2019op\u00e9ration \u00e9lectorale et deux prestigieuses institutions de l\u2019Etat.<\/p>\n","protected":false},"excerpt":{"rendered":"<p>La situation cr\u00e9\u00e9e par le conflit opposant le Tribunal administratif (TA) \u00e0 l\u2019ISIE a fait r\u00e9agir un ancien haut magistrat de la juridiction administrative. M.Bo&#8230;<\/p>\n","protected":false},"author":3176,"featured_media":246543,"comment_status":"open","ping_status":"closed","sticky":false,"template":"","format":"standard","meta":{"footnotes":""},"categories":[2596],"tags":[5146,5700,4428,5701,2967,5589,2608],"class_list":["post-216407","post","type-post","status-publish","format-standard","has-post-thumbnail","hentry","category-chroniques","tag-conflit","tag-constitution","tag-election-presidentielle","tag-instance-electorale","tag-isie","tag-tribunal-administratif","tag-tunisie"],"yoast_head":"<!-- This site is optimized with the Yoast SEO Premium plugin v27.4 (Yoast SEO v27.5) - https:\/\/yoast.com\/product\/yoast-seo-premium-wordpress\/ -->\n<title>Tunisie : Un ancien du TA en appelle au Pr\u00e9sident de la R\u00e9publique !<\/title>\n<meta name=\"description\" content=\"La situation cr\u00e9\u00e9e par le conflit opposant le Tribunal administratif (TA) \u00e0 l\u2019ISIE a fait r\u00e9agir un ancien haut magistrat de la juridiction administrative. M.Bo...\" \/>\n<link rel=\"canonical\" href=\"https:\/\/www.webdo.tn\/fr\/actualite\/chroniques\/tunisie-un-ancien-du-ta-en-appelle-au-president-de-la-republique\/216407\/\" \/>\n<meta property=\"og:locale\" content=\"fr_FR\" \/>\n<meta property=\"og:type\" content=\"article\" \/>\n<meta property=\"og:title\" content=\"Tunisie : Un ancien du TA en appelle au Pr\u00e9sident de la R\u00e9publique !\" \/>\n<meta property=\"og:description\" content=\"La situation cr\u00e9\u00e9e par le conflit opposant le Tribunal administratif (TA) \u00e0 l\u2019ISIE a fait r\u00e9agir un ancien haut magistrat de la juridiction administrative. M.Bo...\" \/>\n<meta property=\"og:url\" content=\"https:\/\/www.webdo.tn\/fr\/actualite\/chroniques\/tunisie-un-ancien-du-ta-en-appelle-au-president-de-la-republique\/216407\/\" \/>\n<meta property=\"og:site_name\" content=\"webdo\" \/>\n<meta property=\"article:publisher\" content=\"https:\/\/www.facebook.com\/webdotn\" \/>\n<meta property=\"article:published_time\" content=\"2024-09-16T13:28:00+00:00\" \/>\n<meta property=\"article:modified_time\" content=\"2025-05-20T22:55:00+00:00\" \/>\n<meta property=\"og:image\" content=\"https:\/\/www.webdo.tn\/fr\/wp-content\/uploads\/2024\/09\/23f92cfa85c1e59e0f3cceaf8b716207.webp\" \/>\n\t<meta property=\"og:image:width\" content=\"700\" \/>\n\t<meta property=\"og:image:height\" content=\"373\" \/>\n\t<meta property=\"og:image:type\" content=\"image\/webp\" \/>\n<meta name=\"author\" content=\"Lotfi Larguet\" \/>\n<meta name=\"twitter:card\" content=\"summary_large_image\" \/>\n<meta name=\"twitter:creator\" content=\"@webdo_tn\" \/>\n<meta name=\"twitter:site\" content=\"@webdo_tn\" \/>\n<meta name=\"twitter:label1\" content=\"\u00c9crit par\" \/>\n\t<meta name=\"twitter:data1\" content=\"Lotfi Larguet\" \/>\n\t<meta name=\"twitter:label2\" content=\"Dur\u00e9e de lecture estim\u00e9e\" \/>\n\t<meta name=\"twitter:data2\" content=\"3 minutes\" \/>\n<script type=\"application\/ld+json\" class=\"yoast-schema-graph\">{\"@context\":\"https:\\\/\\\/schema.org\",\"@graph\":[{\"@type\":\"NewsArticle\",\"@id\":\"https:\\\/\\\/www.webdo.tn\\\/fr\\\/actualite\\\/chroniques\\\/tunisie-un-ancien-du-ta-en-appelle-au-president-de-la-republique\\\/216407\\\/#article\",\"isPartOf\":{\"@id\":\"https:\\\/\\\/www.webdo.tn\\\/fr\\\/actualite\\\/chroniques\\\/tunisie-un-ancien-du-ta-en-appelle-au-president-de-la-republique\\\/216407\\\/\"},\"author\":{\"name\":\"Lotfi Larguet\",\"@id\":\"https:\\\/\\\/www.webdo.tn\\\/fr\\\/#\\\/schema\\\/person\\\/11dfedc53b7946bd327eaf279fcde3d9\"},\"headline\":\"Tunisie : Un ancien du TA en appelle au Pr\u00e9sident de la R\u00e9publique !\",\"datePublished\":\"2024-09-16T13:28:00+00:00\",\"dateModified\":\"2025-05-20T22:55:00+00:00\",\"mainEntityOfPage\":{\"@id\":\"https:\\\/\\\/www.webdo.tn\\\/fr\\\/actualite\\\/chroniques\\\/tunisie-un-ancien-du-ta-en-appelle-au-president-de-la-republique\\\/216407\\\/\"},\"wordCount\":537,\"commentCount\":0,\"publisher\":{\"@id\":\"https:\\\/\\\/www.webdo.tn\\\/fr\\\/#organization\"},\"image\":{\"@id\":\"https:\\\/\\\/www.webdo.tn\\\/fr\\\/actualite\\\/chroniques\\\/tunisie-un-ancien-du-ta-en-appelle-au-president-de-la-republique\\\/216407\\\/#primaryimage\"},\"thumbnailUrl\":\"https:\\\/\\\/www.webdo.tn\\\/fr\\\/wp-content\\\/uploads\\\/2024\\\/09\\\/23f92cfa85c1e59e0f3cceaf8b716207.webp\",\"keywords\":[\"conflit\",\"Constitution\",\"\u00e9lection pr\u00e9sidentielle\",\"instance \u00e9lectorale\",\"ISIE\",\"tribunal administratif\",\"Tunisie\"],\"articleSection\":[\"Chroniques\"],\"inLanguage\":\"fr-FR\"},{\"@type\":\"WebPage\",\"@id\":\"https:\\\/\\\/www.webdo.tn\\\/fr\\\/actualite\\\/chroniques\\\/tunisie-un-ancien-du-ta-en-appelle-au-president-de-la-republique\\\/216407\\\/\",\"url\":\"https:\\\/\\\/www.webdo.tn\\\/fr\\\/actualite\\\/chroniques\\\/tunisie-un-ancien-du-ta-en-appelle-au-president-de-la-republique\\\/216407\\\/\",\"name\":\"Tunisie : Un ancien du TA en appelle au Pr\u00e9sident de la R\u00e9publique !\",\"isPartOf\":{\"@id\":\"https:\\\/\\\/www.webdo.tn\\\/fr\\\/#website\"},\"primaryImageOfPage\":{\"@id\":\"https:\\\/\\\/www.webdo.tn\\\/fr\\\/actualite\\\/chroniques\\\/tunisie-un-ancien-du-ta-en-appelle-au-president-de-la-republique\\\/216407\\\/#primaryimage\"},\"image\":{\"@id\":\"https:\\\/\\\/www.webdo.tn\\\/fr\\\/actualite\\\/chroniques\\\/tunisie-un-ancien-du-ta-en-appelle-au-president-de-la-republique\\\/216407\\\/#primaryimage\"},\"thumbnailUrl\":\"https:\\\/\\\/www.webdo.tn\\\/fr\\\/wp-content\\\/uploads\\\/2024\\\/09\\\/23f92cfa85c1e59e0f3cceaf8b716207.webp\",\"datePublished\":\"2024-09-16T13:28:00+00:00\",\"dateModified\":\"2025-05-20T22:55:00+00:00\",\"description\":\"La situation cr\u00e9\u00e9e par le conflit opposant le Tribunal administratif (TA) \u00e0 l\u2019ISIE a fait r\u00e9agir un ancien haut magistrat de la juridiction administrative. M.Bo...\",\"breadcrumb\":{\"@id\":\"https:\\\/\\\/www.webdo.tn\\\/fr\\\/actualite\\\/chroniques\\\/tunisie-un-ancien-du-ta-en-appelle-au-president-de-la-republique\\\/216407\\\/#breadcrumb\"},\"inLanguage\":\"fr-FR\",\"potentialAction\":[{\"@type\":\"ReadAction\",\"target\":[\"https:\\\/\\\/www.webdo.tn\\\/fr\\\/actualite\\\/chroniques\\\/tunisie-un-ancien-du-ta-en-appelle-au-president-de-la-republique\\\/216407\\\/\"]}]},{\"@type\":\"ImageObject\",\"inLanguage\":\"fr-FR\",\"@id\":\"https:\\\/\\\/www.webdo.tn\\\/fr\\\/actualite\\\/chroniques\\\/tunisie-un-ancien-du-ta-en-appelle-au-president-de-la-republique\\\/216407\\\/#primaryimage\",\"url\":\"https:\\\/\\\/www.webdo.tn\\\/fr\\\/wp-content\\\/uploads\\\/2024\\\/09\\\/23f92cfa85c1e59e0f3cceaf8b716207.webp\",\"contentUrl\":\"https:\\\/\\\/www.webdo.tn\\\/fr\\\/wp-content\\\/uploads\\\/2024\\\/09\\\/23f92cfa85c1e59e0f3cceaf8b716207.webp\",\"width\":700,\"height\":373,\"caption\":\"Tunisie : Un ancien du TA en appelle au Pr\u00e9sident de la R\u00e9publique !\"},{\"@type\":\"BreadcrumbList\",\"@id\":\"https:\\\/\\\/www.webdo.tn\\\/fr\\\/actualite\\\/chroniques\\\/tunisie-un-ancien-du-ta-en-appelle-au-president-de-la-republique\\\/216407\\\/#breadcrumb\",\"itemListElement\":[{\"@type\":\"ListItem\",\"position\":1,\"name\":\"Accueil\",\"item\":\"https:\\\/\\\/www.webdo.tn\\\/fr\\\/\"},{\"@type\":\"ListItem\",\"position\":2,\"name\":\"Tunisie : Un ancien du TA en appelle au Pr\u00e9sident de la R\u00e9publique !\"}]},{\"@type\":\"WebSite\",\"@id\":\"https:\\\/\\\/www.webdo.tn\\\/fr\\\/#website\",\"url\":\"https:\\\/\\\/www.webdo.tn\\\/fr\\\/\",\"name\":\"webdo\",\"description\":\"Tunisie - News en Tunisie et \u00e0 l&#039;international sur Webdo.tn\",\"publisher\":{\"@id\":\"https:\\\/\\\/www.webdo.tn\\\/fr\\\/#organization\"},\"potentialAction\":[{\"@type\":\"SearchAction\",\"target\":{\"@type\":\"EntryPoint\",\"urlTemplate\":\"https:\\\/\\\/www.webdo.tn\\\/fr\\\/?s={search_term_string}\"},\"query-input\":{\"@type\":\"PropertyValueSpecification\",\"valueRequired\":true,\"valueName\":\"search_term_string\"}}],\"inLanguage\":\"fr-FR\"},{\"@type\":\"Organization\",\"@id\":\"https:\\\/\\\/www.webdo.tn\\\/fr\\\/#organization\",\"name\":\"Webdo\",\"alternateName\":\"Webdo.tn\",\"url\":\"https:\\\/\\\/www.webdo.tn\\\/fr\\\/\",\"logo\":{\"@type\":\"ImageObject\",\"inLanguage\":\"fr-FR\",\"@id\":\"https:\\\/\\\/www.webdo.tn\\\/fr\\\/#\\\/schema\\\/logo\\\/image\\\/\",\"url\":\"https:\\\/\\\/www.webdo.tn\\\/fr\\\/wp-content\\\/uploads\\\/2025\\\/06\\\/Webdo-Tunisie_168377.jpg\",\"contentUrl\":\"https:\\\/\\\/www.webdo.tn\\\/fr\\\/wp-content\\\/uploads\\\/2025\\\/06\\\/Webdo-Tunisie_168377.jpg\",\"width\":301,\"height\":301,\"caption\":\"Webdo\"},\"image\":{\"@id\":\"https:\\\/\\\/www.webdo.tn\\\/fr\\\/#\\\/schema\\\/logo\\\/image\\\/\"},\"sameAs\":[\"https:\\\/\\\/www.facebook.com\\\/webdotn\",\"https:\\\/\\\/x.com\\\/webdo_tn\"],\"description\":\"Webdo est un m\u00e9dia num\u00e9rique tunisien fond\u00e9 en 2010, sp\u00e9cialis\u00e9 dans l\u2019actualit\u00e9 nationale et internationale, l\u2019\u00e9conomie, la soci\u00e9t\u00e9 et les analyses politiques. Le site s\u2019adresse \u00e0 un large public francophone et couvre l\u2019information tunisienne en temps r\u00e9el.\",\"email\":\"redac@webdo.tn\",\"legalName\":\"YNJ SARL\",\"foundingDate\":\"2010-09-06\",\"numberOfEmployees\":{\"@type\":\"QuantitativeValue\",\"minValue\":\"11\",\"maxValue\":\"50\"}},{\"@type\":\"Person\",\"@id\":\"https:\\\/\\\/www.webdo.tn\\\/fr\\\/#\\\/schema\\\/person\\\/11dfedc53b7946bd327eaf279fcde3d9\",\"name\":\"Lotfi Larguet\",\"image\":{\"@type\":\"ImageObject\",\"inLanguage\":\"fr-FR\",\"@id\":\"https:\\\/\\\/secure.gravatar.com\\\/avatar\\\/38fffaa4c6ebbe6bd1ec0c7f92408707926ce0e30394782e75f43ceb81dcee69?s=96&d=mm&r=g\",\"url\":\"https:\\\/\\\/secure.gravatar.com\\\/avatar\\\/38fffaa4c6ebbe6bd1ec0c7f92408707926ce0e30394782e75f43ceb81dcee69?s=96&d=mm&r=g\",\"contentUrl\":\"https:\\\/\\\/secure.gravatar.com\\\/avatar\\\/38fffaa4c6ebbe6bd1ec0c7f92408707926ce0e30394782e75f43ceb81dcee69?s=96&d=mm&r=g\",\"caption\":\"Lotfi Larguet\"},\"url\":\"https:\\\/\\\/www.webdo.tn\\\/fr\\\/actualite\\\/author\\\/lotfi-larguet\\\/\"}]}<\/script>\n<!-- \/ Yoast SEO Premium plugin. -->","yoast_head_json":{"title":"Tunisie : Un ancien du TA en appelle au Pr\u00e9sident de la R\u00e9publique !","description":"La situation cr\u00e9\u00e9e par le conflit opposant le Tribunal administratif (TA) \u00e0 l\u2019ISIE a fait r\u00e9agir un ancien haut magistrat de la juridiction administrative. M.Bo...","canonical":"https:\/\/www.webdo.tn\/fr\/actualite\/chroniques\/tunisie-un-ancien-du-ta-en-appelle-au-president-de-la-republique\/216407\/","og_locale":"fr_FR","og_type":"article","og_title":"Tunisie : Un ancien du TA en appelle au Pr\u00e9sident de la R\u00e9publique !","og_description":"La situation cr\u00e9\u00e9e par le conflit opposant le Tribunal administratif (TA) \u00e0 l\u2019ISIE a fait r\u00e9agir un ancien haut magistrat de la juridiction administrative. M.Bo...","og_url":"https:\/\/www.webdo.tn\/fr\/actualite\/chroniques\/tunisie-un-ancien-du-ta-en-appelle-au-president-de-la-republique\/216407\/","og_site_name":"webdo","article_publisher":"https:\/\/www.facebook.com\/webdotn","article_published_time":"2024-09-16T13:28:00+00:00","article_modified_time":"2025-05-20T22:55:00+00:00","og_image":[{"width":700,"height":373,"url":"https:\/\/www.webdo.tn\/fr\/wp-content\/uploads\/2024\/09\/23f92cfa85c1e59e0f3cceaf8b716207.webp","type":"image\/webp"}],"author":"Lotfi Larguet","twitter_card":"summary_large_image","twitter_creator":"@webdo_tn","twitter_site":"@webdo_tn","twitter_misc":{"\u00c9crit par":"Lotfi Larguet","Dur\u00e9e de lecture estim\u00e9e":"3 minutes"},"schema":{"@context":"https:\/\/schema.org","@graph":[{"@type":"NewsArticle","@id":"https:\/\/www.webdo.tn\/fr\/actualite\/chroniques\/tunisie-un-ancien-du-ta-en-appelle-au-president-de-la-republique\/216407\/#article","isPartOf":{"@id":"https:\/\/www.webdo.tn\/fr\/actualite\/chroniques\/tunisie-un-ancien-du-ta-en-appelle-au-president-de-la-republique\/216407\/"},"author":{"name":"Lotfi Larguet","@id":"https:\/\/www.webdo.tn\/fr\/#\/schema\/person\/11dfedc53b7946bd327eaf279fcde3d9"},"headline":"Tunisie : Un ancien du TA en appelle au Pr\u00e9sident de la R\u00e9publique !","datePublished":"2024-09-16T13:28:00+00:00","dateModified":"2025-05-20T22:55:00+00:00","mainEntityOfPage":{"@id":"https:\/\/www.webdo.tn\/fr\/actualite\/chroniques\/tunisie-un-ancien-du-ta-en-appelle-au-president-de-la-republique\/216407\/"},"wordCount":537,"commentCount":0,"publisher":{"@id":"https:\/\/www.webdo.tn\/fr\/#organization"},"image":{"@id":"https:\/\/www.webdo.tn\/fr\/actualite\/chroniques\/tunisie-un-ancien-du-ta-en-appelle-au-president-de-la-republique\/216407\/#primaryimage"},"thumbnailUrl":"https:\/\/www.webdo.tn\/fr\/wp-content\/uploads\/2024\/09\/23f92cfa85c1e59e0f3cceaf8b716207.webp","keywords":["conflit","Constitution","\u00e9lection pr\u00e9sidentielle","instance \u00e9lectorale","ISIE","tribunal administratif","Tunisie"],"articleSection":["Chroniques"],"inLanguage":"fr-FR"},{"@type":"WebPage","@id":"https:\/\/www.webdo.tn\/fr\/actualite\/chroniques\/tunisie-un-ancien-du-ta-en-appelle-au-president-de-la-republique\/216407\/","url":"https:\/\/www.webdo.tn\/fr\/actualite\/chroniques\/tunisie-un-ancien-du-ta-en-appelle-au-president-de-la-republique\/216407\/","name":"Tunisie : Un ancien du TA en appelle au Pr\u00e9sident de la R\u00e9publique !","isPartOf":{"@id":"https:\/\/www.webdo.tn\/fr\/#website"},"primaryImageOfPage":{"@id":"https:\/\/www.webdo.tn\/fr\/actualite\/chroniques\/tunisie-un-ancien-du-ta-en-appelle-au-president-de-la-republique\/216407\/#primaryimage"},"image":{"@id":"https:\/\/www.webdo.tn\/fr\/actualite\/chroniques\/tunisie-un-ancien-du-ta-en-appelle-au-president-de-la-republique\/216407\/#primaryimage"},"thumbnailUrl":"https:\/\/www.webdo.tn\/fr\/wp-content\/uploads\/2024\/09\/23f92cfa85c1e59e0f3cceaf8b716207.webp","datePublished":"2024-09-16T13:28:00+00:00","dateModified":"2025-05-20T22:55:00+00:00","description":"La situation cr\u00e9\u00e9e par le conflit opposant le Tribunal administratif (TA) \u00e0 l\u2019ISIE a fait r\u00e9agir un ancien haut magistrat de la juridiction administrative. M.Bo...","breadcrumb":{"@id":"https:\/\/www.webdo.tn\/fr\/actualite\/chroniques\/tunisie-un-ancien-du-ta-en-appelle-au-president-de-la-republique\/216407\/#breadcrumb"},"inLanguage":"fr-FR","potentialAction":[{"@type":"ReadAction","target":["https:\/\/www.webdo.tn\/fr\/actualite\/chroniques\/tunisie-un-ancien-du-ta-en-appelle-au-president-de-la-republique\/216407\/"]}]},{"@type":"ImageObject","inLanguage":"fr-FR","@id":"https:\/\/www.webdo.tn\/fr\/actualite\/chroniques\/tunisie-un-ancien-du-ta-en-appelle-au-president-de-la-republique\/216407\/#primaryimage","url":"https:\/\/www.webdo.tn\/fr\/wp-content\/uploads\/2024\/09\/23f92cfa85c1e59e0f3cceaf8b716207.webp","contentUrl":"https:\/\/www.webdo.tn\/fr\/wp-content\/uploads\/2024\/09\/23f92cfa85c1e59e0f3cceaf8b716207.webp","width":700,"height":373,"caption":"Tunisie : Un ancien du TA en appelle au Pr\u00e9sident de la R\u00e9publique !"},{"@type":"BreadcrumbList","@id":"https:\/\/www.webdo.tn\/fr\/actualite\/chroniques\/tunisie-un-ancien-du-ta-en-appelle-au-president-de-la-republique\/216407\/#breadcrumb","itemListElement":[{"@type":"ListItem","position":1,"name":"Accueil","item":"https:\/\/www.webdo.tn\/fr\/"},{"@type":"ListItem","position":2,"name":"Tunisie : Un ancien du TA en appelle au Pr\u00e9sident de la R\u00e9publique !"}]},{"@type":"WebSite","@id":"https:\/\/www.webdo.tn\/fr\/#website","url":"https:\/\/www.webdo.tn\/fr\/","name":"webdo","description":"Tunisie - News en Tunisie et \u00e0 l&#039;international sur Webdo.tn","publisher":{"@id":"https:\/\/www.webdo.tn\/fr\/#organization"},"potentialAction":[{"@type":"SearchAction","target":{"@type":"EntryPoint","urlTemplate":"https:\/\/www.webdo.tn\/fr\/?s={search_term_string}"},"query-input":{"@type":"PropertyValueSpecification","valueRequired":true,"valueName":"search_term_string"}}],"inLanguage":"fr-FR"},{"@type":"Organization","@id":"https:\/\/www.webdo.tn\/fr\/#organization","name":"Webdo","alternateName":"Webdo.tn","url":"https:\/\/www.webdo.tn\/fr\/","logo":{"@type":"ImageObject","inLanguage":"fr-FR","@id":"https:\/\/www.webdo.tn\/fr\/#\/schema\/logo\/image\/","url":"https:\/\/www.webdo.tn\/fr\/wp-content\/uploads\/2025\/06\/Webdo-Tunisie_168377.jpg","contentUrl":"https:\/\/www.webdo.tn\/fr\/wp-content\/uploads\/2025\/06\/Webdo-Tunisie_168377.jpg","width":301,"height":301,"caption":"Webdo"},"image":{"@id":"https:\/\/www.webdo.tn\/fr\/#\/schema\/logo\/image\/"},"sameAs":["https:\/\/www.facebook.com\/webdotn","https:\/\/x.com\/webdo_tn"],"description":"Webdo est un m\u00e9dia num\u00e9rique tunisien fond\u00e9 en 2010, sp\u00e9cialis\u00e9 dans l\u2019actualit\u00e9 nationale et internationale, l\u2019\u00e9conomie, la soci\u00e9t\u00e9 et les analyses politiques. Le site s\u2019adresse \u00e0 un large public francophone et couvre l\u2019information tunisienne en temps r\u00e9el.","email":"redac@webdo.tn","legalName":"YNJ SARL","foundingDate":"2010-09-06","numberOfEmployees":{"@type":"QuantitativeValue","minValue":"11","maxValue":"50"}},{"@type":"Person","@id":"https:\/\/www.webdo.tn\/fr\/#\/schema\/person\/11dfedc53b7946bd327eaf279fcde3d9","name":"Lotfi Larguet","image":{"@type":"ImageObject","inLanguage":"fr-FR","@id":"https:\/\/secure.gravatar.com\/avatar\/38fffaa4c6ebbe6bd1ec0c7f92408707926ce0e30394782e75f43ceb81dcee69?s=96&d=mm&r=g","url":"https:\/\/secure.gravatar.com\/avatar\/38fffaa4c6ebbe6bd1ec0c7f92408707926ce0e30394782e75f43ceb81dcee69?s=96&d=mm&r=g","contentUrl":"https:\/\/secure.gravatar.com\/avatar\/38fffaa4c6ebbe6bd1ec0c7f92408707926ce0e30394782e75f43ceb81dcee69?s=96&d=mm&r=g","caption":"Lotfi Larguet"},"url":"https:\/\/www.webdo.tn\/fr\/actualite\/author\/lotfi-larguet\/"}]}},"_links":{"self":[{"href":"https:\/\/www.webdo.tn\/fr\/wp-json\/wp\/v2\/posts\/216407","targetHints":{"allow":["GET"]}}],"collection":[{"href":"https:\/\/www.webdo.tn\/fr\/wp-json\/wp\/v2\/posts"}],"about":[{"href":"https:\/\/www.webdo.tn\/fr\/wp-json\/wp\/v2\/types\/post"}],"author":[{"embeddable":true,"href":"https:\/\/www.webdo.tn\/fr\/wp-json\/wp\/v2\/users\/3176"}],"replies":[{"embeddable":true,"href":"https:\/\/www.webdo.tn\/fr\/wp-json\/wp\/v2\/comments?post=216407"}],"version-history":[{"count":0,"href":"https:\/\/www.webdo.tn\/fr\/wp-json\/wp\/v2\/posts\/216407\/revisions"}],"wp:featuredmedia":[{"embeddable":true,"href":"https:\/\/www.webdo.tn\/fr\/wp-json\/wp\/v2\/media\/246543"}],"wp:attachment":[{"href":"https:\/\/www.webdo.tn\/fr\/wp-json\/wp\/v2\/media?parent=216407"}],"wp:term":[{"taxonomy":"category","embeddable":true,"href":"https:\/\/www.webdo.tn\/fr\/wp-json\/wp\/v2\/categories?post=216407"},{"taxonomy":"post_tag","embeddable":true,"href":"https:\/\/www.webdo.tn\/fr\/wp-json\/wp\/v2\/tags?post=216407"}],"curies":[{"name":"wp","href":"https:\/\/api.w.org\/{rel}","templated":true}]}}