{"id":216397,"date":"2024-09-16T09:23:00","date_gmt":"2024-09-16T09:23:00","guid":{"rendered":"https:\/\/www.webdo.tn\/fr\/blog\/tunisie-2-354-820-d-eleves-retrouvent-les-bancs-de-l-ecole\/216397\/"},"modified":"2025-05-20T21:48:59","modified_gmt":"2025-05-20T21:48:59","slug":"tunisie-2-354-820-d-eleves-retrouvent-les-bancs-de-l-ecole","status":"publish","type":"post","link":"https:\/\/www.webdo.tn\/fr\/actualite\/national\/tunisie-2-354-820-d-eleves-retrouvent-les-bancs-de-l-ecole\/216397\/","title":{"rendered":"Tunisie : 2.354.820 d&rsquo;\u00e9l\u00e8ves retrouvent les bancs de l&rsquo;\u00e9cole"},"content":{"rendered":"<p>Plus de 2,3 millions d\u2019\u00e9l\u00e8ves, retrouvent aujourd\u2019hui les bancs de l\u2019\u00e9cole \u00e0 l\u2019occasion de la nouvelle ann\u00e9e scolaire.<\/p>\n<p>\t\t\t\t\t\t\t\t\tIls seront exactement 2.354.820 \u00e9l\u00e8ves, coll\u00e9giens et lyc\u00e9ens \u00e0 retrouver leur \u00e9cole, leur coll\u00e8ge et leur lyc\u00e9e, soit une augmentation de 2% par rapport au nombre d&rsquo;\u00e9l\u00e8ves de l&rsquo;ann\u00e9e scolaire derni\u00e8re, selon les chiffres du minist\u00e8re de l&rsquo;\u00c9ducation.<\/p>\n<p>Dans le d\u00e9tail, ces \u00e9l\u00e8ves se r\u00e9partissent comme suit soit 1.092.220 \u00e9l\u00e8ves et 1.262.600 coll\u00e9giens et lyc\u00e9ens<\/p>\n<p>Outre l\u2019augmentation du nombre d\u2019\u00e9l\u00e8ves, la rentr\u00e9e scolaire 2024-2025 est \u00e9galement marqu\u00e9e par une augmentation du nombre des classes soit 814 nouvelles salles pour un total de 90.635. C\u2019est \u00e9galement le cas de du nombre d\u2019\u00e9tablissements qui a augment\u00e9 \u00e0 6163 soit 37 nouveaux.<\/p>\n<p>Le nombre d\u2019enseignants (titulaires et contractuels), a \u00e9galement \u00e9t\u00e9 augment\u00e9 636 enseignants, portant le nombre total \u00e0 154.779.<\/p>\n","protected":false},"excerpt":{"rendered":"<p>Ils seront exactement 2.354.820 \u00e9l\u00e8ves, coll\u00e9giens et lyc\u00e9ens \u00e0 retrouver leur \u00e9cole, leur coll\u00e8ge et leur lyc\u00e9e, soit une augmentation de 2% par rapport au nom&#8230;<\/p>\n","protected":false},"author":3162,"featured_media":246572,"comment_status":"open","ping_status":"closed","sticky":false,"template":"","format":"standard","meta":{"footnotes":""},"categories":[44],"tags":[3209,3911,3540,2608],"class_list":["post-216397","post","type-post","status-publish","format-standard","has-post-thumbnail","hentry","category-national","tag-eleves","tag-enseignants","tag-rentree-scolaire","tag-tunisie"],"yoast_head":"<!-- This site is optimized with the Yoast SEO Premium plugin v27.4 (Yoast SEO v27.5) - https:\/\/yoast.com\/product\/yoast-seo-premium-wordpress\/ -->\n<title>Tunisie : 2.354.820 d&#039;\u00e9l\u00e8ves retrouvent les bancs de l&#039;\u00e9cole<\/title>\n<meta name=\"description\" content=\"Ils seront exactement 2.354.820 \u00e9l\u00e8ves, coll\u00e9giens et lyc\u00e9ens \u00e0 retrouver leur \u00e9cole, leur coll\u00e8ge et leur lyc\u00e9e, soit une augmentation de 2% par rapport au nom...\" \/>\n<link rel=\"canonical\" href=\"https:\/\/www.webdo.tn\/fr\/actualite\/national\/tunisie-2-354-820-d-eleves-retrouvent-les-bancs-de-l-ecole\/216397\/\" \/>\n<meta property=\"og:locale\" content=\"fr_FR\" \/>\n<meta property=\"og:type\" content=\"article\" \/>\n<meta property=\"og:title\" content=\"Tunisie : 2.354.820 d&#039;\u00e9l\u00e8ves retrouvent les bancs de l&#039;\u00e9cole\" \/>\n<meta property=\"og:description\" content=\"Ils seront exactement 2.354.820 \u00e9l\u00e8ves, coll\u00e9giens et lyc\u00e9ens \u00e0 retrouver leur \u00e9cole, leur coll\u00e8ge et leur lyc\u00e9e, soit une augmentation de 2% par rapport au nom...\" \/>\n<meta property=\"og:url\" content=\"https:\/\/www.webdo.tn\/fr\/actualite\/national\/tunisie-2-354-820-d-eleves-retrouvent-les-bancs-de-l-ecole\/216397\/\" \/>\n<meta property=\"og:site_name\" content=\"webdo\" \/>\n<meta property=\"article:publisher\" content=\"https:\/\/www.facebook.com\/webdotn\" \/>\n<meta property=\"article:published_time\" content=\"2024-09-16T09:23:00+00:00\" \/>\n<meta property=\"article:modified_time\" content=\"2025-05-20T21:48:59+00:00\" \/>\n<meta property=\"og:image\" content=\"https:\/\/www.webdo.tn\/fr\/wp-content\/uploads\/2024\/09\/f330b995253f737b547d8ca4d963e7c2.webp\" \/>\n\t<meta property=\"og:image:width\" content=\"508\" \/>\n\t<meta property=\"og:image:height\" content=\"271\" \/>\n\t<meta property=\"og:image:type\" content=\"image\/webp\" \/>\n<meta name=\"author\" content=\"MC\" \/>\n<meta name=\"twitter:card\" content=\"summary_large_image\" \/>\n<meta name=\"twitter:creator\" content=\"@webdo_tn\" \/>\n<meta name=\"twitter:site\" content=\"@webdo_tn\" \/>\n<meta name=\"twitter:label1\" content=\"\u00c9crit par\" \/>\n\t<meta name=\"twitter:data1\" content=\"MC\" \/>\n\t<meta name=\"twitter:label2\" content=\"Dur\u00e9e de lecture estim\u00e9e\" \/>\n\t<meta name=\"twitter:data2\" content=\"1 minute\" \/>\n<script type=\"application\/ld+json\" class=\"yoast-schema-graph\">{\"@context\":\"https:\\\/\\\/schema.org\",\"@graph\":[{\"@type\":\"NewsArticle\",\"@id\":\"https:\\\/\\\/www.webdo.tn\\\/fr\\\/actualite\\\/national\\\/tunisie-2-354-820-d-eleves-retrouvent-les-bancs-de-l-ecole\\\/216397\\\/#article\",\"isPartOf\":{\"@id\":\"https:\\\/\\\/www.webdo.tn\\\/fr\\\/actualite\\\/national\\\/tunisie-2-354-820-d-eleves-retrouvent-les-bancs-de-l-ecole\\\/216397\\\/\"},\"author\":{\"name\":\"MC\",\"@id\":\"https:\\\/\\\/www.webdo.tn\\\/fr\\\/#\\\/schema\\\/person\\\/2c4929cbf5a809e3bd38617c6ce150f6\"},\"headline\":\"Tunisie : 2.354.820 d&rsquo;\u00e9l\u00e8ves retrouvent les bancs de l&rsquo;\u00e9cole\",\"datePublished\":\"2024-09-16T09:23:00+00:00\",\"dateModified\":\"2025-05-20T21:48:59+00:00\",\"mainEntityOfPage\":{\"@id\":\"https:\\\/\\\/www.webdo.tn\\\/fr\\\/actualite\\\/national\\\/tunisie-2-354-820-d-eleves-retrouvent-les-bancs-de-l-ecole\\\/216397\\\/\"},\"wordCount\":162,\"commentCount\":0,\"publisher\":{\"@id\":\"https:\\\/\\\/www.webdo.tn\\\/fr\\\/#organization\"},\"image\":{\"@id\":\"https:\\\/\\\/www.webdo.tn\\\/fr\\\/actualite\\\/national\\\/tunisie-2-354-820-d-eleves-retrouvent-les-bancs-de-l-ecole\\\/216397\\\/#primaryimage\"},\"thumbnailUrl\":\"https:\\\/\\\/www.webdo.tn\\\/fr\\\/wp-content\\\/uploads\\\/2024\\\/09\\\/f330b995253f737b547d8ca4d963e7c2.webp\",\"keywords\":[\"\u00e9l\u00e8ves\",\"enseignants\",\"Rentr\u00e9e scolaire\",\"Tunisie\"],\"articleSection\":[\"National\"],\"inLanguage\":\"fr-FR\"},{\"@type\":\"WebPage\",\"@id\":\"https:\\\/\\\/www.webdo.tn\\\/fr\\\/actualite\\\/national\\\/tunisie-2-354-820-d-eleves-retrouvent-les-bancs-de-l-ecole\\\/216397\\\/\",\"url\":\"https:\\\/\\\/www.webdo.tn\\\/fr\\\/actualite\\\/national\\\/tunisie-2-354-820-d-eleves-retrouvent-les-bancs-de-l-ecole\\\/216397\\\/\",\"name\":\"Tunisie : 2.354.820 d'\u00e9l\u00e8ves retrouvent les bancs de l'\u00e9cole\",\"isPartOf\":{\"@id\":\"https:\\\/\\\/www.webdo.tn\\\/fr\\\/#website\"},\"primaryImageOfPage\":{\"@id\":\"https:\\\/\\\/www.webdo.tn\\\/fr\\\/actualite\\\/national\\\/tunisie-2-354-820-d-eleves-retrouvent-les-bancs-de-l-ecole\\\/216397\\\/#primaryimage\"},\"image\":{\"@id\":\"https:\\\/\\\/www.webdo.tn\\\/fr\\\/actualite\\\/national\\\/tunisie-2-354-820-d-eleves-retrouvent-les-bancs-de-l-ecole\\\/216397\\\/#primaryimage\"},\"thumbnailUrl\":\"https:\\\/\\\/www.webdo.tn\\\/fr\\\/wp-content\\\/uploads\\\/2024\\\/09\\\/f330b995253f737b547d8ca4d963e7c2.webp\",\"datePublished\":\"2024-09-16T09:23:00+00:00\",\"dateModified\":\"2025-05-20T21:48:59+00:00\",\"description\":\"Ils seront exactement 2.354.820 \u00e9l\u00e8ves, coll\u00e9giens et lyc\u00e9ens \u00e0 retrouver leur \u00e9cole, leur coll\u00e8ge et leur lyc\u00e9e, soit une augmentation de 2% par rapport au nom...\",\"breadcrumb\":{\"@id\":\"https:\\\/\\\/www.webdo.tn\\\/fr\\\/actualite\\\/national\\\/tunisie-2-354-820-d-eleves-retrouvent-les-bancs-de-l-ecole\\\/216397\\\/#breadcrumb\"},\"inLanguage\":\"fr-FR\",\"potentialAction\":[{\"@type\":\"ReadAction\",\"target\":[\"https:\\\/\\\/www.webdo.tn\\\/fr\\\/actualite\\\/national\\\/tunisie-2-354-820-d-eleves-retrouvent-les-bancs-de-l-ecole\\\/216397\\\/\"]}]},{\"@type\":\"ImageObject\",\"inLanguage\":\"fr-FR\",\"@id\":\"https:\\\/\\\/www.webdo.tn\\\/fr\\\/actualite\\\/national\\\/tunisie-2-354-820-d-eleves-retrouvent-les-bancs-de-l-ecole\\\/216397\\\/#primaryimage\",\"url\":\"https:\\\/\\\/www.webdo.tn\\\/fr\\\/wp-content\\\/uploads\\\/2024\\\/09\\\/f330b995253f737b547d8ca4d963e7c2.webp\",\"contentUrl\":\"https:\\\/\\\/www.webdo.tn\\\/fr\\\/wp-content\\\/uploads\\\/2024\\\/09\\\/f330b995253f737b547d8ca4d963e7c2.webp\",\"width\":508,\"height\":271,\"caption\":\"Tunisie : 2.354.820 d'\u00e9l\u00e8ves retrouvent les bancs de l'\u00e9cole\"},{\"@type\":\"BreadcrumbList\",\"@id\":\"https:\\\/\\\/www.webdo.tn\\\/fr\\\/actualite\\\/national\\\/tunisie-2-354-820-d-eleves-retrouvent-les-bancs-de-l-ecole\\\/216397\\\/#breadcrumb\",\"itemListElement\":[{\"@type\":\"ListItem\",\"position\":1,\"name\":\"Accueil\",\"item\":\"https:\\\/\\\/www.webdo.tn\\\/fr\\\/\"},{\"@type\":\"ListItem\",\"position\":2,\"name\":\"Tunisie : 2.354.820 d&#8217;\u00e9l\u00e8ves retrouvent les bancs de l&#8217;\u00e9cole\"}]},{\"@type\":\"WebSite\",\"@id\":\"https:\\\/\\\/www.webdo.tn\\\/fr\\\/#website\",\"url\":\"https:\\\/\\\/www.webdo.tn\\\/fr\\\/\",\"name\":\"webdo\",\"description\":\"Tunisie - News en Tunisie et \u00e0 l&#039;international sur Webdo.tn\",\"publisher\":{\"@id\":\"https:\\\/\\\/www.webdo.tn\\\/fr\\\/#organization\"},\"potentialAction\":[{\"@type\":\"SearchAction\",\"target\":{\"@type\":\"EntryPoint\",\"urlTemplate\":\"https:\\\/\\\/www.webdo.tn\\\/fr\\\/?s={search_term_string}\"},\"query-input\":{\"@type\":\"PropertyValueSpecification\",\"valueRequired\":true,\"valueName\":\"search_term_string\"}}],\"inLanguage\":\"fr-FR\"},{\"@type\":\"Organization\",\"@id\":\"https:\\\/\\\/www.webdo.tn\\\/fr\\\/#organization\",\"name\":\"Webdo\",\"alternateName\":\"Webdo.tn\",\"url\":\"https:\\\/\\\/www.webdo.tn\\\/fr\\\/\",\"logo\":{\"@type\":\"ImageObject\",\"inLanguage\":\"fr-FR\",\"@id\":\"https:\\\/\\\/www.webdo.tn\\\/fr\\\/#\\\/schema\\\/logo\\\/image\\\/\",\"url\":\"https:\\\/\\\/www.webdo.tn\\\/fr\\\/wp-content\\\/uploads\\\/2025\\\/06\\\/Webdo-Tunisie_168377.jpg\",\"contentUrl\":\"https:\\\/\\\/www.webdo.tn\\\/fr\\\/wp-content\\\/uploads\\\/2025\\\/06\\\/Webdo-Tunisie_168377.jpg\",\"width\":301,\"height\":301,\"caption\":\"Webdo\"},\"image\":{\"@id\":\"https:\\\/\\\/www.webdo.tn\\\/fr\\\/#\\\/schema\\\/logo\\\/image\\\/\"},\"sameAs\":[\"https:\\\/\\\/www.facebook.com\\\/webdotn\",\"https:\\\/\\\/x.com\\\/webdo_tn\"],\"description\":\"Webdo est un m\u00e9dia num\u00e9rique tunisien fond\u00e9 en 2010, sp\u00e9cialis\u00e9 dans l\u2019actualit\u00e9 nationale et internationale, l\u2019\u00e9conomie, la soci\u00e9t\u00e9 et les analyses politiques. Le site s\u2019adresse \u00e0 un large public francophone et couvre l\u2019information tunisienne en temps r\u00e9el.\",\"email\":\"redac@webdo.tn\",\"legalName\":\"YNJ SARL\",\"foundingDate\":\"2010-09-06\",\"numberOfEmployees\":{\"@type\":\"QuantitativeValue\",\"minValue\":\"11\",\"maxValue\":\"50\"}},{\"@type\":\"Person\",\"@id\":\"https:\\\/\\\/www.webdo.tn\\\/fr\\\/#\\\/schema\\\/person\\\/2c4929cbf5a809e3bd38617c6ce150f6\",\"name\":\"MC\",\"image\":{\"@type\":\"ImageObject\",\"inLanguage\":\"fr-FR\",\"@id\":\"https:\\\/\\\/secure.gravatar.com\\\/avatar\\\/a545bbb6f84efdd5553dbbc2895e3ca8f1d12c5215e00a041c9670b54aa9b18a?s=96&d=mm&r=g\",\"url\":\"https:\\\/\\\/secure.gravatar.com\\\/avatar\\\/a545bbb6f84efdd5553dbbc2895e3ca8f1d12c5215e00a041c9670b54aa9b18a?s=96&d=mm&r=g\",\"contentUrl\":\"https:\\\/\\\/secure.gravatar.com\\\/avatar\\\/a545bbb6f84efdd5553dbbc2895e3ca8f1d12c5215e00a041c9670b54aa9b18a?s=96&d=mm&r=g\",\"caption\":\"MC\"},\"url\":\"https:\\\/\\\/www.webdo.tn\\\/fr\\\/actualite\\\/author\\\/mc\\\/\"}]}<\/script>\n<!-- \/ Yoast SEO Premium plugin. -->","yoast_head_json":{"title":"Tunisie : 2.354.820 d'\u00e9l\u00e8ves retrouvent les bancs de l'\u00e9cole","description":"Ils seront exactement 2.354.820 \u00e9l\u00e8ves, coll\u00e9giens et lyc\u00e9ens \u00e0 retrouver leur \u00e9cole, leur coll\u00e8ge et leur lyc\u00e9e, soit une augmentation de 2% par rapport au nom...","canonical":"https:\/\/www.webdo.tn\/fr\/actualite\/national\/tunisie-2-354-820-d-eleves-retrouvent-les-bancs-de-l-ecole\/216397\/","og_locale":"fr_FR","og_type":"article","og_title":"Tunisie : 2.354.820 d'\u00e9l\u00e8ves retrouvent les bancs de l'\u00e9cole","og_description":"Ils seront exactement 2.354.820 \u00e9l\u00e8ves, coll\u00e9giens et lyc\u00e9ens \u00e0 retrouver leur \u00e9cole, leur coll\u00e8ge et leur lyc\u00e9e, soit une augmentation de 2% par rapport au nom...","og_url":"https:\/\/www.webdo.tn\/fr\/actualite\/national\/tunisie-2-354-820-d-eleves-retrouvent-les-bancs-de-l-ecole\/216397\/","og_site_name":"webdo","article_publisher":"https:\/\/www.facebook.com\/webdotn","article_published_time":"2024-09-16T09:23:00+00:00","article_modified_time":"2025-05-20T21:48:59+00:00","og_image":[{"width":508,"height":271,"url":"https:\/\/www.webdo.tn\/fr\/wp-content\/uploads\/2024\/09\/f330b995253f737b547d8ca4d963e7c2.webp","type":"image\/webp"}],"author":"MC","twitter_card":"summary_large_image","twitter_creator":"@webdo_tn","twitter_site":"@webdo_tn","twitter_misc":{"\u00c9crit par":"MC","Dur\u00e9e de lecture estim\u00e9e":"1 minute"},"schema":{"@context":"https:\/\/schema.org","@graph":[{"@type":"NewsArticle","@id":"https:\/\/www.webdo.tn\/fr\/actualite\/national\/tunisie-2-354-820-d-eleves-retrouvent-les-bancs-de-l-ecole\/216397\/#article","isPartOf":{"@id":"https:\/\/www.webdo.tn\/fr\/actualite\/national\/tunisie-2-354-820-d-eleves-retrouvent-les-bancs-de-l-ecole\/216397\/"},"author":{"name":"MC","@id":"https:\/\/www.webdo.tn\/fr\/#\/schema\/person\/2c4929cbf5a809e3bd38617c6ce150f6"},"headline":"Tunisie : 2.354.820 d&rsquo;\u00e9l\u00e8ves retrouvent les bancs de l&rsquo;\u00e9cole","datePublished":"2024-09-16T09:23:00+00:00","dateModified":"2025-05-20T21:48:59+00:00","mainEntityOfPage":{"@id":"https:\/\/www.webdo.tn\/fr\/actualite\/national\/tunisie-2-354-820-d-eleves-retrouvent-les-bancs-de-l-ecole\/216397\/"},"wordCount":162,"commentCount":0,"publisher":{"@id":"https:\/\/www.webdo.tn\/fr\/#organization"},"image":{"@id":"https:\/\/www.webdo.tn\/fr\/actualite\/national\/tunisie-2-354-820-d-eleves-retrouvent-les-bancs-de-l-ecole\/216397\/#primaryimage"},"thumbnailUrl":"https:\/\/www.webdo.tn\/fr\/wp-content\/uploads\/2024\/09\/f330b995253f737b547d8ca4d963e7c2.webp","keywords":["\u00e9l\u00e8ves","enseignants","Rentr\u00e9e scolaire","Tunisie"],"articleSection":["National"],"inLanguage":"fr-FR"},{"@type":"WebPage","@id":"https:\/\/www.webdo.tn\/fr\/actualite\/national\/tunisie-2-354-820-d-eleves-retrouvent-les-bancs-de-l-ecole\/216397\/","url":"https:\/\/www.webdo.tn\/fr\/actualite\/national\/tunisie-2-354-820-d-eleves-retrouvent-les-bancs-de-l-ecole\/216397\/","name":"Tunisie : 2.354.820 d'\u00e9l\u00e8ves retrouvent les bancs de l'\u00e9cole","isPartOf":{"@id":"https:\/\/www.webdo.tn\/fr\/#website"},"primaryImageOfPage":{"@id":"https:\/\/www.webdo.tn\/fr\/actualite\/national\/tunisie-2-354-820-d-eleves-retrouvent-les-bancs-de-l-ecole\/216397\/#primaryimage"},"image":{"@id":"https:\/\/www.webdo.tn\/fr\/actualite\/national\/tunisie-2-354-820-d-eleves-retrouvent-les-bancs-de-l-ecole\/216397\/#primaryimage"},"thumbnailUrl":"https:\/\/www.webdo.tn\/fr\/wp-content\/uploads\/2024\/09\/f330b995253f737b547d8ca4d963e7c2.webp","datePublished":"2024-09-16T09:23:00+00:00","dateModified":"2025-05-20T21:48:59+00:00","description":"Ils seront exactement 2.354.820 \u00e9l\u00e8ves, coll\u00e9giens et lyc\u00e9ens \u00e0 retrouver leur \u00e9cole, leur coll\u00e8ge et leur lyc\u00e9e, soit une augmentation de 2% par rapport au nom...","breadcrumb":{"@id":"https:\/\/www.webdo.tn\/fr\/actualite\/national\/tunisie-2-354-820-d-eleves-retrouvent-les-bancs-de-l-ecole\/216397\/#breadcrumb"},"inLanguage":"fr-FR","potentialAction":[{"@type":"ReadAction","target":["https:\/\/www.webdo.tn\/fr\/actualite\/national\/tunisie-2-354-820-d-eleves-retrouvent-les-bancs-de-l-ecole\/216397\/"]}]},{"@type":"ImageObject","inLanguage":"fr-FR","@id":"https:\/\/www.webdo.tn\/fr\/actualite\/national\/tunisie-2-354-820-d-eleves-retrouvent-les-bancs-de-l-ecole\/216397\/#primaryimage","url":"https:\/\/www.webdo.tn\/fr\/wp-content\/uploads\/2024\/09\/f330b995253f737b547d8ca4d963e7c2.webp","contentUrl":"https:\/\/www.webdo.tn\/fr\/wp-content\/uploads\/2024\/09\/f330b995253f737b547d8ca4d963e7c2.webp","width":508,"height":271,"caption":"Tunisie : 2.354.820 d'\u00e9l\u00e8ves retrouvent les bancs de l'\u00e9cole"},{"@type":"BreadcrumbList","@id":"https:\/\/www.webdo.tn\/fr\/actualite\/national\/tunisie-2-354-820-d-eleves-retrouvent-les-bancs-de-l-ecole\/216397\/#breadcrumb","itemListElement":[{"@type":"ListItem","position":1,"name":"Accueil","item":"https:\/\/www.webdo.tn\/fr\/"},{"@type":"ListItem","position":2,"name":"Tunisie : 2.354.820 d&#8217;\u00e9l\u00e8ves retrouvent les bancs de l&#8217;\u00e9cole"}]},{"@type":"WebSite","@id":"https:\/\/www.webdo.tn\/fr\/#website","url":"https:\/\/www.webdo.tn\/fr\/","name":"webdo","description":"Tunisie - News en Tunisie et \u00e0 l&#039;international sur Webdo.tn","publisher":{"@id":"https:\/\/www.webdo.tn\/fr\/#organization"},"potentialAction":[{"@type":"SearchAction","target":{"@type":"EntryPoint","urlTemplate":"https:\/\/www.webdo.tn\/fr\/?s={search_term_string}"},"query-input":{"@type":"PropertyValueSpecification","valueRequired":true,"valueName":"search_term_string"}}],"inLanguage":"fr-FR"},{"@type":"Organization","@id":"https:\/\/www.webdo.tn\/fr\/#organization","name":"Webdo","alternateName":"Webdo.tn","url":"https:\/\/www.webdo.tn\/fr\/","logo":{"@type":"ImageObject","inLanguage":"fr-FR","@id":"https:\/\/www.webdo.tn\/fr\/#\/schema\/logo\/image\/","url":"https:\/\/www.webdo.tn\/fr\/wp-content\/uploads\/2025\/06\/Webdo-Tunisie_168377.jpg","contentUrl":"https:\/\/www.webdo.tn\/fr\/wp-content\/uploads\/2025\/06\/Webdo-Tunisie_168377.jpg","width":301,"height":301,"caption":"Webdo"},"image":{"@id":"https:\/\/www.webdo.tn\/fr\/#\/schema\/logo\/image\/"},"sameAs":["https:\/\/www.facebook.com\/webdotn","https:\/\/x.com\/webdo_tn"],"description":"Webdo est un m\u00e9dia num\u00e9rique tunisien fond\u00e9 en 2010, sp\u00e9cialis\u00e9 dans l\u2019actualit\u00e9 nationale et internationale, l\u2019\u00e9conomie, la soci\u00e9t\u00e9 et les analyses politiques. Le site s\u2019adresse \u00e0 un large public francophone et couvre l\u2019information tunisienne en temps r\u00e9el.","email":"redac@webdo.tn","legalName":"YNJ SARL","foundingDate":"2010-09-06","numberOfEmployees":{"@type":"QuantitativeValue","minValue":"11","maxValue":"50"}},{"@type":"Person","@id":"https:\/\/www.webdo.tn\/fr\/#\/schema\/person\/2c4929cbf5a809e3bd38617c6ce150f6","name":"MC","image":{"@type":"ImageObject","inLanguage":"fr-FR","@id":"https:\/\/secure.gravatar.com\/avatar\/a545bbb6f84efdd5553dbbc2895e3ca8f1d12c5215e00a041c9670b54aa9b18a?s=96&d=mm&r=g","url":"https:\/\/secure.gravatar.com\/avatar\/a545bbb6f84efdd5553dbbc2895e3ca8f1d12c5215e00a041c9670b54aa9b18a?s=96&d=mm&r=g","contentUrl":"https:\/\/secure.gravatar.com\/avatar\/a545bbb6f84efdd5553dbbc2895e3ca8f1d12c5215e00a041c9670b54aa9b18a?s=96&d=mm&r=g","caption":"MC"},"url":"https:\/\/www.webdo.tn\/fr\/actualite\/author\/mc\/"}]}},"_links":{"self":[{"href":"https:\/\/www.webdo.tn\/fr\/wp-json\/wp\/v2\/posts\/216397","targetHints":{"allow":["GET"]}}],"collection":[{"href":"https:\/\/www.webdo.tn\/fr\/wp-json\/wp\/v2\/posts"}],"about":[{"href":"https:\/\/www.webdo.tn\/fr\/wp-json\/wp\/v2\/types\/post"}],"author":[{"embeddable":true,"href":"https:\/\/www.webdo.tn\/fr\/wp-json\/wp\/v2\/users\/3162"}],"replies":[{"embeddable":true,"href":"https:\/\/www.webdo.tn\/fr\/wp-json\/wp\/v2\/comments?post=216397"}],"version-history":[{"count":0,"href":"https:\/\/www.webdo.tn\/fr\/wp-json\/wp\/v2\/posts\/216397\/revisions"}],"wp:featuredmedia":[{"embeddable":true,"href":"https:\/\/www.webdo.tn\/fr\/wp-json\/wp\/v2\/media\/246572"}],"wp:attachment":[{"href":"https:\/\/www.webdo.tn\/fr\/wp-json\/wp\/v2\/media?parent=216397"}],"wp:term":[{"taxonomy":"category","embeddable":true,"href":"https:\/\/www.webdo.tn\/fr\/wp-json\/wp\/v2\/categories?post=216397"},{"taxonomy":"post_tag","embeddable":true,"href":"https:\/\/www.webdo.tn\/fr\/wp-json\/wp\/v2\/tags?post=216397"}],"curies":[{"name":"wp","href":"https:\/\/api.w.org\/{rel}","templated":true}]}}