{"id":216396,"date":"2024-09-16T08:44:00","date_gmt":"2024-09-16T08:44:00","guid":{"rendered":"https:\/\/www.webdo.tn\/fr\/blog\/deces-de-mohamed-belajouza-figure-du-tourisme-tunisien\/216396\/"},"modified":"2025-05-20T21:48:57","modified_gmt":"2025-05-20T21:48:57","slug":"deces-de-mohamed-belajouza-figure-du-tourisme-tunisien","status":"publish","type":"post","link":"https:\/\/www.webdo.tn\/fr\/actualite\/national\/deces-de-mohamed-belajouza-figure-du-tourisme-tunisien\/216396\/","title":{"rendered":"D\u00e9c\u00e8s de Mohamed Belajouza, figure du tourisme tunisien"},"content":{"rendered":"<p>L&rsquo;ancien pr\u00e9sident de la F\u00e9d\u00e9ration tunisienne de l&rsquo;h\u00f4tellerie, Mohamed Belajouza, est d\u00e9c\u00e9d\u00e9, hier, dimanche 15 septembre 2024.<\/p>\n<p>\t\t\t\t\t\t\t\t\tMohamed Belajouza, figure du tourisme tunisien est le fondateur de la cha\u00eene h\u00f4teli\u00e8re Seabel Hotels.<\/p>\n<p>Il a \u00e9galement travaill\u00e9 au sein de la Soci\u00e9t\u00e9 des h\u00f4tels touristiques de Tunisie puis \u00e0 l&rsquo;agence de voyages Tourafric et a surtout \u00e9t\u00e9 pr\u00e9sident de la F\u00e9d\u00e9ration Tunisienne de l\u2019H\u00f4tellerie<\/p>\n<p>Paix \u00e0 son \u00e2me&#8230;<\/p>\n","protected":false},"excerpt":{"rendered":"<p>Mohamed Belajouza, figure du tourisme tunisien et fondateur de la cha\u00eene h\u00f4teli\u00e8re Seabel Hotels est d\u00e9c\u00e9d\u00e9.<\/p>\n","protected":false},"author":3162,"featured_media":246570,"comment_status":"open","ping_status":"closed","sticky":false,"template":"","format":"standard","meta":{"footnotes":""},"categories":[44],"tags":[3966,5737,2798],"class_list":["post-216396","post","type-post","status-publish","format-standard","has-post-thumbnail","hentry","category-national","tag-hotellerie","tag-mohamed-belajouza","tag-tourisme"],"yoast_head":"<!-- This site is optimized with the Yoast SEO Premium plugin v27.4 (Yoast SEO v27.4) - https:\/\/yoast.com\/product\/yoast-seo-premium-wordpress\/ -->\n<title>D\u00e9c\u00e8s de Mohamed Belajouza, figure du tourisme tunisien<\/title>\n<meta name=\"description\" content=\"Mohamed Belajouza, figure du tourisme tunisien et fondateur de la cha\u00eene h\u00f4teli\u00e8re Seabel Hotels est d\u00e9c\u00e9d\u00e9.\" \/>\n<link rel=\"canonical\" href=\"https:\/\/www.webdo.tn\/fr\/actualite\/national\/deces-de-mohamed-belajouza-figure-du-tourisme-tunisien\/216396\/\" \/>\n<meta property=\"og:locale\" content=\"fr_FR\" \/>\n<meta property=\"og:type\" content=\"article\" \/>\n<meta property=\"og:title\" content=\"D\u00e9c\u00e8s de Mohamed Belajouza, figure du tourisme tunisien\" \/>\n<meta property=\"og:description\" content=\"Mohamed Belajouza, figure du tourisme tunisien et fondateur de la cha\u00eene h\u00f4teli\u00e8re Seabel Hotels est d\u00e9c\u00e9d\u00e9.\" \/>\n<meta property=\"og:url\" content=\"https:\/\/www.webdo.tn\/fr\/actualite\/national\/deces-de-mohamed-belajouza-figure-du-tourisme-tunisien\/216396\/\" \/>\n<meta property=\"og:site_name\" content=\"webdo\" \/>\n<meta property=\"article:publisher\" content=\"https:\/\/www.facebook.com\/webdotn\" \/>\n<meta property=\"article:published_time\" content=\"2024-09-16T08:44:00+00:00\" \/>\n<meta property=\"article:modified_time\" content=\"2025-05-20T21:48:57+00:00\" \/>\n<meta property=\"og:image\" content=\"https:\/\/www.webdo.tn\/fr\/wp-content\/uploads\/2024\/09\/15690da2f38f32fc9f1f03590038ac81.webp\" \/>\n\t<meta property=\"og:image:width\" content=\"750\" \/>\n\t<meta property=\"og:image:height\" content=\"400\" \/>\n\t<meta property=\"og:image:type\" content=\"image\/webp\" \/>\n<meta name=\"author\" content=\"MC\" \/>\n<meta name=\"twitter:card\" content=\"summary_large_image\" \/>\n<meta name=\"twitter:creator\" content=\"@webdo_tn\" \/>\n<meta name=\"twitter:site\" content=\"@webdo_tn\" \/>\n<meta name=\"twitter:label1\" content=\"\u00c9crit par\" \/>\n\t<meta name=\"twitter:data1\" content=\"MC\" \/>\n<script type=\"application\/ld+json\" class=\"yoast-schema-graph\">{\"@context\":\"https:\\\/\\\/schema.org\",\"@graph\":[{\"@type\":\"NewsArticle\",\"@id\":\"https:\\\/\\\/www.webdo.tn\\\/fr\\\/actualite\\\/national\\\/deces-de-mohamed-belajouza-figure-du-tourisme-tunisien\\\/216396\\\/#article\",\"isPartOf\":{\"@id\":\"https:\\\/\\\/www.webdo.tn\\\/fr\\\/actualite\\\/national\\\/deces-de-mohamed-belajouza-figure-du-tourisme-tunisien\\\/216396\\\/\"},\"author\":{\"name\":\"MC\",\"@id\":\"https:\\\/\\\/www.webdo.tn\\\/fr\\\/#\\\/schema\\\/person\\\/2c4929cbf5a809e3bd38617c6ce150f6\"},\"headline\":\"D\u00e9c\u00e8s de Mohamed Belajouza, figure du tourisme tunisien\",\"datePublished\":\"2024-09-16T08:44:00+00:00\",\"dateModified\":\"2025-05-20T21:48:57+00:00\",\"mainEntityOfPage\":{\"@id\":\"https:\\\/\\\/www.webdo.tn\\\/fr\\\/actualite\\\/national\\\/deces-de-mohamed-belajouza-figure-du-tourisme-tunisien\\\/216396\\\/\"},\"wordCount\":92,\"commentCount\":0,\"publisher\":{\"@id\":\"https:\\\/\\\/www.webdo.tn\\\/fr\\\/#organization\"},\"image\":{\"@id\":\"https:\\\/\\\/www.webdo.tn\\\/fr\\\/actualite\\\/national\\\/deces-de-mohamed-belajouza-figure-du-tourisme-tunisien\\\/216396\\\/#primaryimage\"},\"thumbnailUrl\":\"https:\\\/\\\/www.webdo.tn\\\/fr\\\/wp-content\\\/uploads\\\/2024\\\/09\\\/15690da2f38f32fc9f1f03590038ac81.webp\",\"keywords\":[\"h\u00f4tellerie\",\"mohamed belajouza\",\"Tourisme\"],\"articleSection\":[\"National\"],\"inLanguage\":\"fr-FR\"},{\"@type\":\"WebPage\",\"@id\":\"https:\\\/\\\/www.webdo.tn\\\/fr\\\/actualite\\\/national\\\/deces-de-mohamed-belajouza-figure-du-tourisme-tunisien\\\/216396\\\/\",\"url\":\"https:\\\/\\\/www.webdo.tn\\\/fr\\\/actualite\\\/national\\\/deces-de-mohamed-belajouza-figure-du-tourisme-tunisien\\\/216396\\\/\",\"name\":\"D\u00e9c\u00e8s de Mohamed Belajouza, figure du tourisme tunisien\",\"isPartOf\":{\"@id\":\"https:\\\/\\\/www.webdo.tn\\\/fr\\\/#website\"},\"primaryImageOfPage\":{\"@id\":\"https:\\\/\\\/www.webdo.tn\\\/fr\\\/actualite\\\/national\\\/deces-de-mohamed-belajouza-figure-du-tourisme-tunisien\\\/216396\\\/#primaryimage\"},\"image\":{\"@id\":\"https:\\\/\\\/www.webdo.tn\\\/fr\\\/actualite\\\/national\\\/deces-de-mohamed-belajouza-figure-du-tourisme-tunisien\\\/216396\\\/#primaryimage\"},\"thumbnailUrl\":\"https:\\\/\\\/www.webdo.tn\\\/fr\\\/wp-content\\\/uploads\\\/2024\\\/09\\\/15690da2f38f32fc9f1f03590038ac81.webp\",\"datePublished\":\"2024-09-16T08:44:00+00:00\",\"dateModified\":\"2025-05-20T21:48:57+00:00\",\"description\":\"Mohamed Belajouza, figure du tourisme tunisien et fondateur de la cha\u00eene h\u00f4teli\u00e8re Seabel Hotels est d\u00e9c\u00e9d\u00e9.\",\"breadcrumb\":{\"@id\":\"https:\\\/\\\/www.webdo.tn\\\/fr\\\/actualite\\\/national\\\/deces-de-mohamed-belajouza-figure-du-tourisme-tunisien\\\/216396\\\/#breadcrumb\"},\"inLanguage\":\"fr-FR\",\"potentialAction\":[{\"@type\":\"ReadAction\",\"target\":[\"https:\\\/\\\/www.webdo.tn\\\/fr\\\/actualite\\\/national\\\/deces-de-mohamed-belajouza-figure-du-tourisme-tunisien\\\/216396\\\/\"]}]},{\"@type\":\"ImageObject\",\"inLanguage\":\"fr-FR\",\"@id\":\"https:\\\/\\\/www.webdo.tn\\\/fr\\\/actualite\\\/national\\\/deces-de-mohamed-belajouza-figure-du-tourisme-tunisien\\\/216396\\\/#primaryimage\",\"url\":\"https:\\\/\\\/www.webdo.tn\\\/fr\\\/wp-content\\\/uploads\\\/2024\\\/09\\\/15690da2f38f32fc9f1f03590038ac81.webp\",\"contentUrl\":\"https:\\\/\\\/www.webdo.tn\\\/fr\\\/wp-content\\\/uploads\\\/2024\\\/09\\\/15690da2f38f32fc9f1f03590038ac81.webp\",\"width\":750,\"height\":400,\"caption\":\"D\u00e9c\u00e8s de Mohamed Belajouza, figure du tourisme tunisien\"},{\"@type\":\"BreadcrumbList\",\"@id\":\"https:\\\/\\\/www.webdo.tn\\\/fr\\\/actualite\\\/national\\\/deces-de-mohamed-belajouza-figure-du-tourisme-tunisien\\\/216396\\\/#breadcrumb\",\"itemListElement\":[{\"@type\":\"ListItem\",\"position\":1,\"name\":\"Accueil\",\"item\":\"https:\\\/\\\/www.webdo.tn\\\/fr\\\/\"},{\"@type\":\"ListItem\",\"position\":2,\"name\":\"D\u00e9c\u00e8s de Mohamed Belajouza, figure du tourisme tunisien\"}]},{\"@type\":\"WebSite\",\"@id\":\"https:\\\/\\\/www.webdo.tn\\\/fr\\\/#website\",\"url\":\"https:\\\/\\\/www.webdo.tn\\\/fr\\\/\",\"name\":\"webdo\",\"description\":\"Tunisie - News en Tunisie et \u00e0 l&#039;international sur Webdo.tn\",\"publisher\":{\"@id\":\"https:\\\/\\\/www.webdo.tn\\\/fr\\\/#organization\"},\"potentialAction\":[{\"@type\":\"SearchAction\",\"target\":{\"@type\":\"EntryPoint\",\"urlTemplate\":\"https:\\\/\\\/www.webdo.tn\\\/fr\\\/?s={search_term_string}\"},\"query-input\":{\"@type\":\"PropertyValueSpecification\",\"valueRequired\":true,\"valueName\":\"search_term_string\"}}],\"inLanguage\":\"fr-FR\"},{\"@type\":\"Organization\",\"@id\":\"https:\\\/\\\/www.webdo.tn\\\/fr\\\/#organization\",\"name\":\"Webdo\",\"alternateName\":\"Webdo.tn\",\"url\":\"https:\\\/\\\/www.webdo.tn\\\/fr\\\/\",\"logo\":{\"@type\":\"ImageObject\",\"inLanguage\":\"fr-FR\",\"@id\":\"https:\\\/\\\/www.webdo.tn\\\/fr\\\/#\\\/schema\\\/logo\\\/image\\\/\",\"url\":\"https:\\\/\\\/www.webdo.tn\\\/fr\\\/wp-content\\\/uploads\\\/2025\\\/06\\\/Webdo-Tunisie_168377.jpg\",\"contentUrl\":\"https:\\\/\\\/www.webdo.tn\\\/fr\\\/wp-content\\\/uploads\\\/2025\\\/06\\\/Webdo-Tunisie_168377.jpg\",\"width\":301,\"height\":301,\"caption\":\"Webdo\"},\"image\":{\"@id\":\"https:\\\/\\\/www.webdo.tn\\\/fr\\\/#\\\/schema\\\/logo\\\/image\\\/\"},\"sameAs\":[\"https:\\\/\\\/www.facebook.com\\\/webdotn\",\"https:\\\/\\\/x.com\\\/webdo_tn\"],\"description\":\"Webdo est un m\u00e9dia num\u00e9rique tunisien fond\u00e9 en 2010, sp\u00e9cialis\u00e9 dans l\u2019actualit\u00e9 nationale et internationale, l\u2019\u00e9conomie, la soci\u00e9t\u00e9 et les analyses politiques. Le site s\u2019adresse \u00e0 un large public francophone et couvre l\u2019information tunisienne en temps r\u00e9el.\",\"email\":\"redac@webdo.tn\",\"legalName\":\"YNJ SARL\",\"foundingDate\":\"2010-09-06\",\"numberOfEmployees\":{\"@type\":\"QuantitativeValue\",\"minValue\":\"11\",\"maxValue\":\"50\"}},{\"@type\":\"Person\",\"@id\":\"https:\\\/\\\/www.webdo.tn\\\/fr\\\/#\\\/schema\\\/person\\\/2c4929cbf5a809e3bd38617c6ce150f6\",\"name\":\"MC\",\"image\":{\"@type\":\"ImageObject\",\"inLanguage\":\"fr-FR\",\"@id\":\"https:\\\/\\\/secure.gravatar.com\\\/avatar\\\/a545bbb6f84efdd5553dbbc2895e3ca8f1d12c5215e00a041c9670b54aa9b18a?s=96&d=mm&r=g\",\"url\":\"https:\\\/\\\/secure.gravatar.com\\\/avatar\\\/a545bbb6f84efdd5553dbbc2895e3ca8f1d12c5215e00a041c9670b54aa9b18a?s=96&d=mm&r=g\",\"contentUrl\":\"https:\\\/\\\/secure.gravatar.com\\\/avatar\\\/a545bbb6f84efdd5553dbbc2895e3ca8f1d12c5215e00a041c9670b54aa9b18a?s=96&d=mm&r=g\",\"caption\":\"MC\"},\"url\":\"https:\\\/\\\/www.webdo.tn\\\/fr\\\/actualite\\\/author\\\/mc\\\/\"}]}<\/script>\n<!-- \/ Yoast SEO Premium plugin. -->","yoast_head_json":{"title":"D\u00e9c\u00e8s de Mohamed Belajouza, figure du tourisme tunisien","description":"Mohamed Belajouza, figure du tourisme tunisien et fondateur de la cha\u00eene h\u00f4teli\u00e8re Seabel Hotels est d\u00e9c\u00e9d\u00e9.","canonical":"https:\/\/www.webdo.tn\/fr\/actualite\/national\/deces-de-mohamed-belajouza-figure-du-tourisme-tunisien\/216396\/","og_locale":"fr_FR","og_type":"article","og_title":"D\u00e9c\u00e8s de Mohamed Belajouza, figure du tourisme tunisien","og_description":"Mohamed Belajouza, figure du tourisme tunisien et fondateur de la cha\u00eene h\u00f4teli\u00e8re Seabel Hotels est d\u00e9c\u00e9d\u00e9.","og_url":"https:\/\/www.webdo.tn\/fr\/actualite\/national\/deces-de-mohamed-belajouza-figure-du-tourisme-tunisien\/216396\/","og_site_name":"webdo","article_publisher":"https:\/\/www.facebook.com\/webdotn","article_published_time":"2024-09-16T08:44:00+00:00","article_modified_time":"2025-05-20T21:48:57+00:00","og_image":[{"width":750,"height":400,"url":"https:\/\/www.webdo.tn\/fr\/wp-content\/uploads\/2024\/09\/15690da2f38f32fc9f1f03590038ac81.webp","type":"image\/webp"}],"author":"MC","twitter_card":"summary_large_image","twitter_creator":"@webdo_tn","twitter_site":"@webdo_tn","twitter_misc":{"\u00c9crit par":"MC"},"schema":{"@context":"https:\/\/schema.org","@graph":[{"@type":"NewsArticle","@id":"https:\/\/www.webdo.tn\/fr\/actualite\/national\/deces-de-mohamed-belajouza-figure-du-tourisme-tunisien\/216396\/#article","isPartOf":{"@id":"https:\/\/www.webdo.tn\/fr\/actualite\/national\/deces-de-mohamed-belajouza-figure-du-tourisme-tunisien\/216396\/"},"author":{"name":"MC","@id":"https:\/\/www.webdo.tn\/fr\/#\/schema\/person\/2c4929cbf5a809e3bd38617c6ce150f6"},"headline":"D\u00e9c\u00e8s de Mohamed Belajouza, figure du tourisme tunisien","datePublished":"2024-09-16T08:44:00+00:00","dateModified":"2025-05-20T21:48:57+00:00","mainEntityOfPage":{"@id":"https:\/\/www.webdo.tn\/fr\/actualite\/national\/deces-de-mohamed-belajouza-figure-du-tourisme-tunisien\/216396\/"},"wordCount":92,"commentCount":0,"publisher":{"@id":"https:\/\/www.webdo.tn\/fr\/#organization"},"image":{"@id":"https:\/\/www.webdo.tn\/fr\/actualite\/national\/deces-de-mohamed-belajouza-figure-du-tourisme-tunisien\/216396\/#primaryimage"},"thumbnailUrl":"https:\/\/www.webdo.tn\/fr\/wp-content\/uploads\/2024\/09\/15690da2f38f32fc9f1f03590038ac81.webp","keywords":["h\u00f4tellerie","mohamed belajouza","Tourisme"],"articleSection":["National"],"inLanguage":"fr-FR"},{"@type":"WebPage","@id":"https:\/\/www.webdo.tn\/fr\/actualite\/national\/deces-de-mohamed-belajouza-figure-du-tourisme-tunisien\/216396\/","url":"https:\/\/www.webdo.tn\/fr\/actualite\/national\/deces-de-mohamed-belajouza-figure-du-tourisme-tunisien\/216396\/","name":"D\u00e9c\u00e8s de Mohamed Belajouza, figure du tourisme tunisien","isPartOf":{"@id":"https:\/\/www.webdo.tn\/fr\/#website"},"primaryImageOfPage":{"@id":"https:\/\/www.webdo.tn\/fr\/actualite\/national\/deces-de-mohamed-belajouza-figure-du-tourisme-tunisien\/216396\/#primaryimage"},"image":{"@id":"https:\/\/www.webdo.tn\/fr\/actualite\/national\/deces-de-mohamed-belajouza-figure-du-tourisme-tunisien\/216396\/#primaryimage"},"thumbnailUrl":"https:\/\/www.webdo.tn\/fr\/wp-content\/uploads\/2024\/09\/15690da2f38f32fc9f1f03590038ac81.webp","datePublished":"2024-09-16T08:44:00+00:00","dateModified":"2025-05-20T21:48:57+00:00","description":"Mohamed Belajouza, figure du tourisme tunisien et fondateur de la cha\u00eene h\u00f4teli\u00e8re Seabel Hotels est d\u00e9c\u00e9d\u00e9.","breadcrumb":{"@id":"https:\/\/www.webdo.tn\/fr\/actualite\/national\/deces-de-mohamed-belajouza-figure-du-tourisme-tunisien\/216396\/#breadcrumb"},"inLanguage":"fr-FR","potentialAction":[{"@type":"ReadAction","target":["https:\/\/www.webdo.tn\/fr\/actualite\/national\/deces-de-mohamed-belajouza-figure-du-tourisme-tunisien\/216396\/"]}]},{"@type":"ImageObject","inLanguage":"fr-FR","@id":"https:\/\/www.webdo.tn\/fr\/actualite\/national\/deces-de-mohamed-belajouza-figure-du-tourisme-tunisien\/216396\/#primaryimage","url":"https:\/\/www.webdo.tn\/fr\/wp-content\/uploads\/2024\/09\/15690da2f38f32fc9f1f03590038ac81.webp","contentUrl":"https:\/\/www.webdo.tn\/fr\/wp-content\/uploads\/2024\/09\/15690da2f38f32fc9f1f03590038ac81.webp","width":750,"height":400,"caption":"D\u00e9c\u00e8s de Mohamed Belajouza, figure du tourisme tunisien"},{"@type":"BreadcrumbList","@id":"https:\/\/www.webdo.tn\/fr\/actualite\/national\/deces-de-mohamed-belajouza-figure-du-tourisme-tunisien\/216396\/#breadcrumb","itemListElement":[{"@type":"ListItem","position":1,"name":"Accueil","item":"https:\/\/www.webdo.tn\/fr\/"},{"@type":"ListItem","position":2,"name":"D\u00e9c\u00e8s de Mohamed Belajouza, figure du tourisme tunisien"}]},{"@type":"WebSite","@id":"https:\/\/www.webdo.tn\/fr\/#website","url":"https:\/\/www.webdo.tn\/fr\/","name":"webdo","description":"Tunisie - News en Tunisie et \u00e0 l&#039;international sur Webdo.tn","publisher":{"@id":"https:\/\/www.webdo.tn\/fr\/#organization"},"potentialAction":[{"@type":"SearchAction","target":{"@type":"EntryPoint","urlTemplate":"https:\/\/www.webdo.tn\/fr\/?s={search_term_string}"},"query-input":{"@type":"PropertyValueSpecification","valueRequired":true,"valueName":"search_term_string"}}],"inLanguage":"fr-FR"},{"@type":"Organization","@id":"https:\/\/www.webdo.tn\/fr\/#organization","name":"Webdo","alternateName":"Webdo.tn","url":"https:\/\/www.webdo.tn\/fr\/","logo":{"@type":"ImageObject","inLanguage":"fr-FR","@id":"https:\/\/www.webdo.tn\/fr\/#\/schema\/logo\/image\/","url":"https:\/\/www.webdo.tn\/fr\/wp-content\/uploads\/2025\/06\/Webdo-Tunisie_168377.jpg","contentUrl":"https:\/\/www.webdo.tn\/fr\/wp-content\/uploads\/2025\/06\/Webdo-Tunisie_168377.jpg","width":301,"height":301,"caption":"Webdo"},"image":{"@id":"https:\/\/www.webdo.tn\/fr\/#\/schema\/logo\/image\/"},"sameAs":["https:\/\/www.facebook.com\/webdotn","https:\/\/x.com\/webdo_tn"],"description":"Webdo est un m\u00e9dia num\u00e9rique tunisien fond\u00e9 en 2010, sp\u00e9cialis\u00e9 dans l\u2019actualit\u00e9 nationale et internationale, l\u2019\u00e9conomie, la soci\u00e9t\u00e9 et les analyses politiques. Le site s\u2019adresse \u00e0 un large public francophone et couvre l\u2019information tunisienne en temps r\u00e9el.","email":"redac@webdo.tn","legalName":"YNJ SARL","foundingDate":"2010-09-06","numberOfEmployees":{"@type":"QuantitativeValue","minValue":"11","maxValue":"50"}},{"@type":"Person","@id":"https:\/\/www.webdo.tn\/fr\/#\/schema\/person\/2c4929cbf5a809e3bd38617c6ce150f6","name":"MC","image":{"@type":"ImageObject","inLanguage":"fr-FR","@id":"https:\/\/secure.gravatar.com\/avatar\/a545bbb6f84efdd5553dbbc2895e3ca8f1d12c5215e00a041c9670b54aa9b18a?s=96&d=mm&r=g","url":"https:\/\/secure.gravatar.com\/avatar\/a545bbb6f84efdd5553dbbc2895e3ca8f1d12c5215e00a041c9670b54aa9b18a?s=96&d=mm&r=g","contentUrl":"https:\/\/secure.gravatar.com\/avatar\/a545bbb6f84efdd5553dbbc2895e3ca8f1d12c5215e00a041c9670b54aa9b18a?s=96&d=mm&r=g","caption":"MC"},"url":"https:\/\/www.webdo.tn\/fr\/actualite\/author\/mc\/"}]}},"_links":{"self":[{"href":"https:\/\/www.webdo.tn\/fr\/wp-json\/wp\/v2\/posts\/216396","targetHints":{"allow":["GET"]}}],"collection":[{"href":"https:\/\/www.webdo.tn\/fr\/wp-json\/wp\/v2\/posts"}],"about":[{"href":"https:\/\/www.webdo.tn\/fr\/wp-json\/wp\/v2\/types\/post"}],"author":[{"embeddable":true,"href":"https:\/\/www.webdo.tn\/fr\/wp-json\/wp\/v2\/users\/3162"}],"replies":[{"embeddable":true,"href":"https:\/\/www.webdo.tn\/fr\/wp-json\/wp\/v2\/comments?post=216396"}],"version-history":[{"count":0,"href":"https:\/\/www.webdo.tn\/fr\/wp-json\/wp\/v2\/posts\/216396\/revisions"}],"wp:featuredmedia":[{"embeddable":true,"href":"https:\/\/www.webdo.tn\/fr\/wp-json\/wp\/v2\/media\/246570"}],"wp:attachment":[{"href":"https:\/\/www.webdo.tn\/fr\/wp-json\/wp\/v2\/media?parent=216396"}],"wp:term":[{"taxonomy":"category","embeddable":true,"href":"https:\/\/www.webdo.tn\/fr\/wp-json\/wp\/v2\/categories?post=216396"},{"taxonomy":"post_tag","embeddable":true,"href":"https:\/\/www.webdo.tn\/fr\/wp-json\/wp\/v2\/tags?post=216396"}],"curies":[{"name":"wp","href":"https:\/\/api.w.org\/{rel}","templated":true}]}}