{"id":216388,"date":"2024-09-15T10:54:00","date_gmt":"2024-09-15T10:54:00","guid":{"rendered":"https:\/\/www.webdo.tn\/fr\/blog\/tunisie-parachever-le-systeme-de-protection-sociale-des-ouvrieres-agricoles\/216388\/"},"modified":"2025-05-20T21:48:57","modified_gmt":"2025-05-20T21:48:57","slug":"tunisie-parachever-le-systeme-de-protection-sociale-des-ouvrieres-agricoles","status":"publish","type":"post","link":"https:\/\/www.webdo.tn\/fr\/actualite\/national\/tunisie-parachever-le-systeme-de-protection-sociale-des-ouvrieres-agricoles\/216388\/","title":{"rendered":"Tunisie : Parachever le syst\u00e8me de protection sociale des ouvri\u00e8res agricoles"},"content":{"rendered":"<p>Le Chef du gouvernement, Kamel Maddouri, a pr\u00e9sid\u00e9, samedi matin 14 septembre 2024, au palais du gouvernement \u00e0 La Kasbah, un conseil minist\u00e9riel restreint consacr\u00e9 \u00e0 l&rsquo;examen des divers aspects techniques, financiers et structurels li\u00e9s au Fonds de protection sociale pour les travailleuses agricoles et des avantages qui leur seront accord\u00e9s.<\/p>\n<p>\t\t\t\t\t\t\t\t\tA cette occasion, Kamel Maddouri, a soulign\u00e9 la n\u00e9cessit\u00e9 de parachever, au cours de la semaine prochaine, l&rsquo;\u00e9laboration du cadre juridique du syst\u00e8me de protection sociale des ouvri\u00e8res agricoles.<\/p>\n<p>Cit\u00e9 dans un communiqu\u00e9 de la pr\u00e9sidence du gouvernement, Maddouri a fait noter que l&rsquo;objectif supr\u00eame de la cr\u00e9ation du Fonds de protection sociale est de permettre aux travailleuses dans le domaine agricole d&rsquo;\u00eatre un des acteurs \u00e9conomiques dans le cycle du d\u00e9veloppement de mani\u00e8re \u00e0 leur garantir l&rsquo;autonomisation \u00e9conomique.<\/p>\n<p>Il a, dans ce contexte, rappel\u00e9 que la cr\u00e9ation de ce Fonds de protection sociale s&rsquo;inscrit dans le cadre de la mise en \u0153uvre de la d\u00e9cision annonc\u00e9e, le 26 ao\u00fbt 2024, par le pr\u00e9sident de la R\u00e9publique, Ka\u00efs Sa\u00efed.<\/p>\n<p>Selon le chef du gouvernement, ce syst\u00e8me de protection sociale repose sur un syst\u00e8me int\u00e9gr\u00e9 qui vise \u00e0 promouvoir la culture de l&rsquo;entrepreneuriat \u00e0 travers des incitations financi\u00e8res et des m\u00e9canismes garantissant la protection sociale contre la maladie, les accidents de travail et des pensions de retraite.<\/p>\n<p>Apr\u00e8s avoir pass\u00e9 en revue les diff\u00e9rentes propositions techniques, financi\u00e8res et les structures concern\u00e9es par la gestion de ce syst\u00e8me, le Chef du gouvernement a insist\u00e9 sur la n\u00e9cessit\u00e9 de finaliser la formulation du cadre juridique du syst\u00e8me de protection sociale pour les travailleuses du secteur agricole d&rsquo;ici la semaine prochaine.<\/p>\n<p>Ont particip\u00e9 \u00e0 ce Conseil des ministres restreint, les ministres, des Finances ; de la Famille, de la Femme, de l&rsquo;Enfance et des Seniors ; ainsi que les ministres, de l&rsquo;\u00c9conomie et de la Planification ; des Affaires sociales, de l&rsquo;Agriculture ; de l&rsquo;Emploi et de la Formation professionnelle ; et des Transports.<\/p>\n","protected":false},"excerpt":{"rendered":"<p>Kamel Maddouri, a soulign\u00e9 la n\u00e9cessit\u00e9 de parachever, au cours de la semaine prochaine, l&rsquo;\u00e9laboration du cadre juridique du syst\u00e8me de protection sociale des o&#8230;<\/p>\n","protected":false},"author":3162,"featured_media":246569,"comment_status":"open","ping_status":"closed","sticky":false,"template":"","format":"standard","meta":{"footnotes":""},"categories":[44],"tags":[5736,4073,3806,5735,2608],"class_list":["post-216388","post","type-post","status-publish","format-standard","has-post-thumbnail","hentry","category-national","tag-fonds-de-protection-sociale","tag-kamel-maddouri","tag-ouvrieres","tag-travailleuses-agricoles","tag-tunisie"],"yoast_head":"<!-- This site is optimized with the Yoast SEO Premium plugin v27.5 (Yoast SEO v27.5) - https:\/\/yoast.com\/product\/yoast-seo-premium-wordpress\/ -->\n<title>Tunisie : Parachever le syst\u00e8me de protection sociale des ouvri\u00e8res agricoles<\/title>\n<meta name=\"description\" content=\"Kamel Maddouri, a soulign\u00e9 la n\u00e9cessit\u00e9 de parachever, au cours de la semaine prochaine, l&#039;\u00e9laboration du cadre juridique du syst\u00e8me de protection sociale des o...\" \/>\n<link rel=\"canonical\" href=\"https:\/\/www.webdo.tn\/fr\/actualite\/national\/tunisie-parachever-le-systeme-de-protection-sociale-des-ouvrieres-agricoles\/216388\/\" \/>\n<meta property=\"og:locale\" content=\"fr_FR\" \/>\n<meta property=\"og:type\" content=\"article\" \/>\n<meta property=\"og:title\" content=\"Tunisie : Parachever le syst\u00e8me de protection sociale des ouvri\u00e8res agricoles\" \/>\n<meta property=\"og:description\" content=\"Kamel Maddouri, a soulign\u00e9 la n\u00e9cessit\u00e9 de parachever, au cours de la semaine prochaine, l&#039;\u00e9laboration du cadre juridique du syst\u00e8me de protection sociale des o...\" \/>\n<meta property=\"og:url\" content=\"https:\/\/www.webdo.tn\/fr\/actualite\/national\/tunisie-parachever-le-systeme-de-protection-sociale-des-ouvrieres-agricoles\/216388\/\" \/>\n<meta property=\"og:site_name\" content=\"webdo\" \/>\n<meta property=\"article:publisher\" content=\"https:\/\/www.facebook.com\/webdotn\" \/>\n<meta property=\"article:published_time\" content=\"2024-09-15T10:54:00+00:00\" \/>\n<meta property=\"article:modified_time\" content=\"2025-05-20T21:48:57+00:00\" \/>\n<meta property=\"og:image\" content=\"https:\/\/www.webdo.tn\/fr\/wp-content\/uploads\/2024\/09\/20acbda52e3d6846b94b4276c81ac23a.webp\" \/>\n\t<meta property=\"og:image:width\" content=\"750\" \/>\n\t<meta property=\"og:image:height\" content=\"400\" \/>\n\t<meta property=\"og:image:type\" content=\"image\/webp\" \/>\n<meta name=\"author\" content=\"MC\" \/>\n<meta name=\"twitter:card\" content=\"summary_large_image\" \/>\n<meta name=\"twitter:creator\" content=\"@webdo_tn\" \/>\n<meta name=\"twitter:site\" content=\"@webdo_tn\" \/>\n<meta name=\"twitter:label1\" content=\"\u00c9crit par\" \/>\n\t<meta name=\"twitter:data1\" content=\"MC\" \/>\n\t<meta name=\"twitter:label2\" content=\"Dur\u00e9e de lecture estim\u00e9e\" \/>\n\t<meta name=\"twitter:data2\" content=\"2 minutes\" \/>\n<script type=\"application\/ld+json\" class=\"yoast-schema-graph\">{\"@context\":\"https:\\\/\\\/schema.org\",\"@graph\":[{\"@type\":\"NewsArticle\",\"@id\":\"https:\\\/\\\/www.webdo.tn\\\/fr\\\/actualite\\\/national\\\/tunisie-parachever-le-systeme-de-protection-sociale-des-ouvrieres-agricoles\\\/216388\\\/#article\",\"isPartOf\":{\"@id\":\"https:\\\/\\\/www.webdo.tn\\\/fr\\\/actualite\\\/national\\\/tunisie-parachever-le-systeme-de-protection-sociale-des-ouvrieres-agricoles\\\/216388\\\/\"},\"author\":{\"name\":\"MC\",\"@id\":\"https:\\\/\\\/www.webdo.tn\\\/fr\\\/#\\\/schema\\\/person\\\/2c4929cbf5a809e3bd38617c6ce150f6\"},\"headline\":\"Tunisie : Parachever le syst\u00e8me de protection sociale des ouvri\u00e8res agricoles\",\"datePublished\":\"2024-09-15T10:54:00+00:00\",\"dateModified\":\"2025-05-20T21:48:57+00:00\",\"mainEntityOfPage\":{\"@id\":\"https:\\\/\\\/www.webdo.tn\\\/fr\\\/actualite\\\/national\\\/tunisie-parachever-le-systeme-de-protection-sociale-des-ouvrieres-agricoles\\\/216388\\\/\"},\"wordCount\":362,\"commentCount\":0,\"publisher\":{\"@id\":\"https:\\\/\\\/www.webdo.tn\\\/fr\\\/#organization\"},\"image\":{\"@id\":\"https:\\\/\\\/www.webdo.tn\\\/fr\\\/actualite\\\/national\\\/tunisie-parachever-le-systeme-de-protection-sociale-des-ouvrieres-agricoles\\\/216388\\\/#primaryimage\"},\"thumbnailUrl\":\"https:\\\/\\\/www.webdo.tn\\\/fr\\\/wp-content\\\/uploads\\\/2024\\\/09\\\/20acbda52e3d6846b94b4276c81ac23a.webp\",\"keywords\":[\"Fonds de protection sociale\",\"Kamel Maddouri\",\"ouvri\u00e8res\",\"travailleuses agricoles\",\"Tunisie\"],\"articleSection\":[\"National\"],\"inLanguage\":\"fr-FR\"},{\"@type\":\"WebPage\",\"@id\":\"https:\\\/\\\/www.webdo.tn\\\/fr\\\/actualite\\\/national\\\/tunisie-parachever-le-systeme-de-protection-sociale-des-ouvrieres-agricoles\\\/216388\\\/\",\"url\":\"https:\\\/\\\/www.webdo.tn\\\/fr\\\/actualite\\\/national\\\/tunisie-parachever-le-systeme-de-protection-sociale-des-ouvrieres-agricoles\\\/216388\\\/\",\"name\":\"Tunisie : Parachever le syst\u00e8me de protection sociale des ouvri\u00e8res agricoles\",\"isPartOf\":{\"@id\":\"https:\\\/\\\/www.webdo.tn\\\/fr\\\/#website\"},\"primaryImageOfPage\":{\"@id\":\"https:\\\/\\\/www.webdo.tn\\\/fr\\\/actualite\\\/national\\\/tunisie-parachever-le-systeme-de-protection-sociale-des-ouvrieres-agricoles\\\/216388\\\/#primaryimage\"},\"image\":{\"@id\":\"https:\\\/\\\/www.webdo.tn\\\/fr\\\/actualite\\\/national\\\/tunisie-parachever-le-systeme-de-protection-sociale-des-ouvrieres-agricoles\\\/216388\\\/#primaryimage\"},\"thumbnailUrl\":\"https:\\\/\\\/www.webdo.tn\\\/fr\\\/wp-content\\\/uploads\\\/2024\\\/09\\\/20acbda52e3d6846b94b4276c81ac23a.webp\",\"datePublished\":\"2024-09-15T10:54:00+00:00\",\"dateModified\":\"2025-05-20T21:48:57+00:00\",\"description\":\"Kamel Maddouri, a soulign\u00e9 la n\u00e9cessit\u00e9 de parachever, au cours de la semaine prochaine, l'\u00e9laboration du cadre juridique du syst\u00e8me de protection sociale des o...\",\"breadcrumb\":{\"@id\":\"https:\\\/\\\/www.webdo.tn\\\/fr\\\/actualite\\\/national\\\/tunisie-parachever-le-systeme-de-protection-sociale-des-ouvrieres-agricoles\\\/216388\\\/#breadcrumb\"},\"inLanguage\":\"fr-FR\",\"potentialAction\":[{\"@type\":\"ReadAction\",\"target\":[\"https:\\\/\\\/www.webdo.tn\\\/fr\\\/actualite\\\/national\\\/tunisie-parachever-le-systeme-de-protection-sociale-des-ouvrieres-agricoles\\\/216388\\\/\"]}]},{\"@type\":\"ImageObject\",\"inLanguage\":\"fr-FR\",\"@id\":\"https:\\\/\\\/www.webdo.tn\\\/fr\\\/actualite\\\/national\\\/tunisie-parachever-le-systeme-de-protection-sociale-des-ouvrieres-agricoles\\\/216388\\\/#primaryimage\",\"url\":\"https:\\\/\\\/www.webdo.tn\\\/fr\\\/wp-content\\\/uploads\\\/2024\\\/09\\\/20acbda52e3d6846b94b4276c81ac23a.webp\",\"contentUrl\":\"https:\\\/\\\/www.webdo.tn\\\/fr\\\/wp-content\\\/uploads\\\/2024\\\/09\\\/20acbda52e3d6846b94b4276c81ac23a.webp\",\"width\":750,\"height\":400,\"caption\":\"Tunisie : Parachever le syst\u00e8me de protection sociale des ouvri\u00e8res agricoles\"},{\"@type\":\"BreadcrumbList\",\"@id\":\"https:\\\/\\\/www.webdo.tn\\\/fr\\\/actualite\\\/national\\\/tunisie-parachever-le-systeme-de-protection-sociale-des-ouvrieres-agricoles\\\/216388\\\/#breadcrumb\",\"itemListElement\":[{\"@type\":\"ListItem\",\"position\":1,\"name\":\"Accueil\",\"item\":\"https:\\\/\\\/www.webdo.tn\\\/fr\\\/\"},{\"@type\":\"ListItem\",\"position\":2,\"name\":\"Tunisie : Parachever le syst\u00e8me de protection sociale des ouvri\u00e8res agricoles\"}]},{\"@type\":\"WebSite\",\"@id\":\"https:\\\/\\\/www.webdo.tn\\\/fr\\\/#website\",\"url\":\"https:\\\/\\\/www.webdo.tn\\\/fr\\\/\",\"name\":\"webdo\",\"description\":\"Tunisie - News en Tunisie et \u00e0 l&#039;international sur Webdo.tn\",\"publisher\":{\"@id\":\"https:\\\/\\\/www.webdo.tn\\\/fr\\\/#organization\"},\"potentialAction\":[{\"@type\":\"SearchAction\",\"target\":{\"@type\":\"EntryPoint\",\"urlTemplate\":\"https:\\\/\\\/www.webdo.tn\\\/fr\\\/?s={search_term_string}\"},\"query-input\":{\"@type\":\"PropertyValueSpecification\",\"valueRequired\":true,\"valueName\":\"search_term_string\"}}],\"inLanguage\":\"fr-FR\"},{\"@type\":\"Organization\",\"@id\":\"https:\\\/\\\/www.webdo.tn\\\/fr\\\/#organization\",\"name\":\"Webdo\",\"alternateName\":\"Webdo.tn\",\"url\":\"https:\\\/\\\/www.webdo.tn\\\/fr\\\/\",\"logo\":{\"@type\":\"ImageObject\",\"inLanguage\":\"fr-FR\",\"@id\":\"https:\\\/\\\/www.webdo.tn\\\/fr\\\/#\\\/schema\\\/logo\\\/image\\\/\",\"url\":\"https:\\\/\\\/www.webdo.tn\\\/fr\\\/wp-content\\\/uploads\\\/2025\\\/06\\\/Webdo-Tunisie_168377.jpg\",\"contentUrl\":\"https:\\\/\\\/www.webdo.tn\\\/fr\\\/wp-content\\\/uploads\\\/2025\\\/06\\\/Webdo-Tunisie_168377.jpg\",\"width\":301,\"height\":301,\"caption\":\"Webdo\"},\"image\":{\"@id\":\"https:\\\/\\\/www.webdo.tn\\\/fr\\\/#\\\/schema\\\/logo\\\/image\\\/\"},\"sameAs\":[\"https:\\\/\\\/www.facebook.com\\\/webdotn\",\"https:\\\/\\\/x.com\\\/webdo_tn\"],\"description\":\"Webdo est un m\u00e9dia num\u00e9rique tunisien fond\u00e9 en 2010, sp\u00e9cialis\u00e9 dans l\u2019actualit\u00e9 nationale et internationale, l\u2019\u00e9conomie, la soci\u00e9t\u00e9 et les analyses politiques. Le site s\u2019adresse \u00e0 un large public francophone et couvre l\u2019information tunisienne en temps r\u00e9el.\",\"email\":\"redac@webdo.tn\",\"legalName\":\"YNJ SARL\",\"foundingDate\":\"2010-09-06\",\"numberOfEmployees\":{\"@type\":\"QuantitativeValue\",\"minValue\":\"11\",\"maxValue\":\"50\"}},{\"@type\":\"Person\",\"@id\":\"https:\\\/\\\/www.webdo.tn\\\/fr\\\/#\\\/schema\\\/person\\\/2c4929cbf5a809e3bd38617c6ce150f6\",\"name\":\"MC\",\"image\":{\"@type\":\"ImageObject\",\"inLanguage\":\"fr-FR\",\"@id\":\"https:\\\/\\\/secure.gravatar.com\\\/avatar\\\/a545bbb6f84efdd5553dbbc2895e3ca8f1d12c5215e00a041c9670b54aa9b18a?s=96&d=mm&r=g\",\"url\":\"https:\\\/\\\/secure.gravatar.com\\\/avatar\\\/a545bbb6f84efdd5553dbbc2895e3ca8f1d12c5215e00a041c9670b54aa9b18a?s=96&d=mm&r=g\",\"contentUrl\":\"https:\\\/\\\/secure.gravatar.com\\\/avatar\\\/a545bbb6f84efdd5553dbbc2895e3ca8f1d12c5215e00a041c9670b54aa9b18a?s=96&d=mm&r=g\",\"caption\":\"MC\"},\"url\":\"https:\\\/\\\/www.webdo.tn\\\/fr\\\/actualite\\\/author\\\/mc\\\/\"}]}<\/script>\n<!-- \/ Yoast SEO Premium plugin. -->","yoast_head_json":{"title":"Tunisie : Parachever le syst\u00e8me de protection sociale des ouvri\u00e8res agricoles","description":"Kamel Maddouri, a soulign\u00e9 la n\u00e9cessit\u00e9 de parachever, au cours de la semaine prochaine, l'\u00e9laboration du cadre juridique du syst\u00e8me de protection sociale des o...","canonical":"https:\/\/www.webdo.tn\/fr\/actualite\/national\/tunisie-parachever-le-systeme-de-protection-sociale-des-ouvrieres-agricoles\/216388\/","og_locale":"fr_FR","og_type":"article","og_title":"Tunisie : Parachever le syst\u00e8me de protection sociale des ouvri\u00e8res agricoles","og_description":"Kamel Maddouri, a soulign\u00e9 la n\u00e9cessit\u00e9 de parachever, au cours de la semaine prochaine, l'\u00e9laboration du cadre juridique du syst\u00e8me de protection sociale des o...","og_url":"https:\/\/www.webdo.tn\/fr\/actualite\/national\/tunisie-parachever-le-systeme-de-protection-sociale-des-ouvrieres-agricoles\/216388\/","og_site_name":"webdo","article_publisher":"https:\/\/www.facebook.com\/webdotn","article_published_time":"2024-09-15T10:54:00+00:00","article_modified_time":"2025-05-20T21:48:57+00:00","og_image":[{"width":750,"height":400,"url":"https:\/\/www.webdo.tn\/fr\/wp-content\/uploads\/2024\/09\/20acbda52e3d6846b94b4276c81ac23a.webp","type":"image\/webp"}],"author":"MC","twitter_card":"summary_large_image","twitter_creator":"@webdo_tn","twitter_site":"@webdo_tn","twitter_misc":{"\u00c9crit par":"MC","Dur\u00e9e de lecture estim\u00e9e":"2 minutes"},"schema":{"@context":"https:\/\/schema.org","@graph":[{"@type":"NewsArticle","@id":"https:\/\/www.webdo.tn\/fr\/actualite\/national\/tunisie-parachever-le-systeme-de-protection-sociale-des-ouvrieres-agricoles\/216388\/#article","isPartOf":{"@id":"https:\/\/www.webdo.tn\/fr\/actualite\/national\/tunisie-parachever-le-systeme-de-protection-sociale-des-ouvrieres-agricoles\/216388\/"},"author":{"name":"MC","@id":"https:\/\/www.webdo.tn\/fr\/#\/schema\/person\/2c4929cbf5a809e3bd38617c6ce150f6"},"headline":"Tunisie : Parachever le syst\u00e8me de protection sociale des ouvri\u00e8res agricoles","datePublished":"2024-09-15T10:54:00+00:00","dateModified":"2025-05-20T21:48:57+00:00","mainEntityOfPage":{"@id":"https:\/\/www.webdo.tn\/fr\/actualite\/national\/tunisie-parachever-le-systeme-de-protection-sociale-des-ouvrieres-agricoles\/216388\/"},"wordCount":362,"commentCount":0,"publisher":{"@id":"https:\/\/www.webdo.tn\/fr\/#organization"},"image":{"@id":"https:\/\/www.webdo.tn\/fr\/actualite\/national\/tunisie-parachever-le-systeme-de-protection-sociale-des-ouvrieres-agricoles\/216388\/#primaryimage"},"thumbnailUrl":"https:\/\/www.webdo.tn\/fr\/wp-content\/uploads\/2024\/09\/20acbda52e3d6846b94b4276c81ac23a.webp","keywords":["Fonds de protection sociale","Kamel Maddouri","ouvri\u00e8res","travailleuses agricoles","Tunisie"],"articleSection":["National"],"inLanguage":"fr-FR"},{"@type":"WebPage","@id":"https:\/\/www.webdo.tn\/fr\/actualite\/national\/tunisie-parachever-le-systeme-de-protection-sociale-des-ouvrieres-agricoles\/216388\/","url":"https:\/\/www.webdo.tn\/fr\/actualite\/national\/tunisie-parachever-le-systeme-de-protection-sociale-des-ouvrieres-agricoles\/216388\/","name":"Tunisie : Parachever le syst\u00e8me de protection sociale des ouvri\u00e8res agricoles","isPartOf":{"@id":"https:\/\/www.webdo.tn\/fr\/#website"},"primaryImageOfPage":{"@id":"https:\/\/www.webdo.tn\/fr\/actualite\/national\/tunisie-parachever-le-systeme-de-protection-sociale-des-ouvrieres-agricoles\/216388\/#primaryimage"},"image":{"@id":"https:\/\/www.webdo.tn\/fr\/actualite\/national\/tunisie-parachever-le-systeme-de-protection-sociale-des-ouvrieres-agricoles\/216388\/#primaryimage"},"thumbnailUrl":"https:\/\/www.webdo.tn\/fr\/wp-content\/uploads\/2024\/09\/20acbda52e3d6846b94b4276c81ac23a.webp","datePublished":"2024-09-15T10:54:00+00:00","dateModified":"2025-05-20T21:48:57+00:00","description":"Kamel Maddouri, a soulign\u00e9 la n\u00e9cessit\u00e9 de parachever, au cours de la semaine prochaine, l'\u00e9laboration du cadre juridique du syst\u00e8me de protection sociale des o...","breadcrumb":{"@id":"https:\/\/www.webdo.tn\/fr\/actualite\/national\/tunisie-parachever-le-systeme-de-protection-sociale-des-ouvrieres-agricoles\/216388\/#breadcrumb"},"inLanguage":"fr-FR","potentialAction":[{"@type":"ReadAction","target":["https:\/\/www.webdo.tn\/fr\/actualite\/national\/tunisie-parachever-le-systeme-de-protection-sociale-des-ouvrieres-agricoles\/216388\/"]}]},{"@type":"ImageObject","inLanguage":"fr-FR","@id":"https:\/\/www.webdo.tn\/fr\/actualite\/national\/tunisie-parachever-le-systeme-de-protection-sociale-des-ouvrieres-agricoles\/216388\/#primaryimage","url":"https:\/\/www.webdo.tn\/fr\/wp-content\/uploads\/2024\/09\/20acbda52e3d6846b94b4276c81ac23a.webp","contentUrl":"https:\/\/www.webdo.tn\/fr\/wp-content\/uploads\/2024\/09\/20acbda52e3d6846b94b4276c81ac23a.webp","width":750,"height":400,"caption":"Tunisie : Parachever le syst\u00e8me de protection sociale des ouvri\u00e8res agricoles"},{"@type":"BreadcrumbList","@id":"https:\/\/www.webdo.tn\/fr\/actualite\/national\/tunisie-parachever-le-systeme-de-protection-sociale-des-ouvrieres-agricoles\/216388\/#breadcrumb","itemListElement":[{"@type":"ListItem","position":1,"name":"Accueil","item":"https:\/\/www.webdo.tn\/fr\/"},{"@type":"ListItem","position":2,"name":"Tunisie : Parachever le syst\u00e8me de protection sociale des ouvri\u00e8res agricoles"}]},{"@type":"WebSite","@id":"https:\/\/www.webdo.tn\/fr\/#website","url":"https:\/\/www.webdo.tn\/fr\/","name":"webdo","description":"Tunisie - News en Tunisie et \u00e0 l&#039;international sur Webdo.tn","publisher":{"@id":"https:\/\/www.webdo.tn\/fr\/#organization"},"potentialAction":[{"@type":"SearchAction","target":{"@type":"EntryPoint","urlTemplate":"https:\/\/www.webdo.tn\/fr\/?s={search_term_string}"},"query-input":{"@type":"PropertyValueSpecification","valueRequired":true,"valueName":"search_term_string"}}],"inLanguage":"fr-FR"},{"@type":"Organization","@id":"https:\/\/www.webdo.tn\/fr\/#organization","name":"Webdo","alternateName":"Webdo.tn","url":"https:\/\/www.webdo.tn\/fr\/","logo":{"@type":"ImageObject","inLanguage":"fr-FR","@id":"https:\/\/www.webdo.tn\/fr\/#\/schema\/logo\/image\/","url":"https:\/\/www.webdo.tn\/fr\/wp-content\/uploads\/2025\/06\/Webdo-Tunisie_168377.jpg","contentUrl":"https:\/\/www.webdo.tn\/fr\/wp-content\/uploads\/2025\/06\/Webdo-Tunisie_168377.jpg","width":301,"height":301,"caption":"Webdo"},"image":{"@id":"https:\/\/www.webdo.tn\/fr\/#\/schema\/logo\/image\/"},"sameAs":["https:\/\/www.facebook.com\/webdotn","https:\/\/x.com\/webdo_tn"],"description":"Webdo est un m\u00e9dia num\u00e9rique tunisien fond\u00e9 en 2010, sp\u00e9cialis\u00e9 dans l\u2019actualit\u00e9 nationale et internationale, l\u2019\u00e9conomie, la soci\u00e9t\u00e9 et les analyses politiques. Le site s\u2019adresse \u00e0 un large public francophone et couvre l\u2019information tunisienne en temps r\u00e9el.","email":"redac@webdo.tn","legalName":"YNJ SARL","foundingDate":"2010-09-06","numberOfEmployees":{"@type":"QuantitativeValue","minValue":"11","maxValue":"50"}},{"@type":"Person","@id":"https:\/\/www.webdo.tn\/fr\/#\/schema\/person\/2c4929cbf5a809e3bd38617c6ce150f6","name":"MC","image":{"@type":"ImageObject","inLanguage":"fr-FR","@id":"https:\/\/secure.gravatar.com\/avatar\/a545bbb6f84efdd5553dbbc2895e3ca8f1d12c5215e00a041c9670b54aa9b18a?s=96&d=mm&r=g","url":"https:\/\/secure.gravatar.com\/avatar\/a545bbb6f84efdd5553dbbc2895e3ca8f1d12c5215e00a041c9670b54aa9b18a?s=96&d=mm&r=g","contentUrl":"https:\/\/secure.gravatar.com\/avatar\/a545bbb6f84efdd5553dbbc2895e3ca8f1d12c5215e00a041c9670b54aa9b18a?s=96&d=mm&r=g","caption":"MC"},"url":"https:\/\/www.webdo.tn\/fr\/actualite\/author\/mc\/"}]}},"_links":{"self":[{"href":"https:\/\/www.webdo.tn\/fr\/wp-json\/wp\/v2\/posts\/216388","targetHints":{"allow":["GET"]}}],"collection":[{"href":"https:\/\/www.webdo.tn\/fr\/wp-json\/wp\/v2\/posts"}],"about":[{"href":"https:\/\/www.webdo.tn\/fr\/wp-json\/wp\/v2\/types\/post"}],"author":[{"embeddable":true,"href":"https:\/\/www.webdo.tn\/fr\/wp-json\/wp\/v2\/users\/3162"}],"replies":[{"embeddable":true,"href":"https:\/\/www.webdo.tn\/fr\/wp-json\/wp\/v2\/comments?post=216388"}],"version-history":[{"count":0,"href":"https:\/\/www.webdo.tn\/fr\/wp-json\/wp\/v2\/posts\/216388\/revisions"}],"wp:featuredmedia":[{"embeddable":true,"href":"https:\/\/www.webdo.tn\/fr\/wp-json\/wp\/v2\/media\/246569"}],"wp:attachment":[{"href":"https:\/\/www.webdo.tn\/fr\/wp-json\/wp\/v2\/media?parent=216388"}],"wp:term":[{"taxonomy":"category","embeddable":true,"href":"https:\/\/www.webdo.tn\/fr\/wp-json\/wp\/v2\/categories?post=216388"},{"taxonomy":"post_tag","embeddable":true,"href":"https:\/\/www.webdo.tn\/fr\/wp-json\/wp\/v2\/tags?post=216388"}],"curies":[{"name":"wp","href":"https:\/\/api.w.org\/{rel}","templated":true}]}}