{"id":216384,"date":"2024-09-14T12:23:00","date_gmt":"2024-09-14T12:23:00","guid":{"rendered":"https:\/\/www.webdo.tn\/fr\/blog\/ligue-de-diamant-jhinaoui-decroche-le-bronze-au-3000-metres-steeple\/216384\/"},"modified":"2025-05-20T21:48:54","modified_gmt":"2025-05-20T21:48:54","slug":"ligue-de-diamant-jhinaoui-decroche-le-bronze-au-3000-metres-steeple","status":"publish","type":"post","link":"https:\/\/www.webdo.tn\/fr\/actualite\/sport\/ligue-de-diamant-jhinaoui-decroche-le-bronze-au-3000-metres-steeple\/216384\/","title":{"rendered":"Ligue de diamant : Jhinaoui d\u00e9croche le bronze au 3000 m\u00e8tres steeple"},"content":{"rendered":"<p>L\u2019athl\u00e8te tunisien Mohamed Amine Jhinaoui a d\u00e9croch\u00e9, ce samedi 14 septembre 2024 la m\u00e9daille de bronze au 3000 m\u00e8tres steeple, en terminant troisi\u00e8me lors du meeting de Bruxelles en Belgique, derni\u00e8re \u00e9tape de la Ligue de diamant d&rsquo;athl\u00e9tisme.<\/p>\n<p>\t\t\t\t\t\t\t\t\tMohamed Amine Jhinaoui a r\u00e9alis\u00e9 un temps de 8 minutes, 9 secondes et 68 centi\u00e8mes, terminant derri\u00e8re le K\u00e9nyan Amos Serem, qui a d\u00e9croch\u00e9 la m\u00e9daille d\u2019or (8 minutes, 6 secondes et 90 centi\u00e8mes), et le champion mondial et olympique marocain Soufiane El Bakkali, qui a fini deuxi\u00e8me avec un temps de 8 minutes, 8 secondes et 60 centi\u00e8mes.<\/p>\n<p>Il est \u00e0 noter que Jhinaoui avait termin\u00e9 quatri\u00e8me en finale du 3000 m\u00e8tres steeple lors des Jeux olympiques de Paris 2024, avec un temps de 8 minutes, 7 secondes et 73 centi\u00e8mes.<\/p>\n","protected":false},"excerpt":{"rendered":"<p>L\u2019athl\u00e8te tunisien Mohamed Amine Jhinaoui a d\u00e9croch\u00e9, ce samedi 14 septembre 2024 la m\u00e9daille de bronze au 3000 m\u00e8tres steeple, en terminant troisi\u00e8me lors du m&#8230;<\/p>\n","protected":false},"author":3162,"featured_media":246562,"comment_status":"open","ping_status":"closed","sticky":false,"template":"","format":"standard","meta":{"footnotes":""},"categories":[2593],"tags":[5728,5730,3518,5729,2608],"class_list":["post-216384","post","type-post","status-publish","format-standard","has-post-thumbnail","hentry","category-sport","tag-athletisme","tag-ligue-de-diamant","tag-medaille-de-bronze","tag-mohamed-amine-jhinaoui","tag-tunisie"],"yoast_head":"<!-- This site is optimized with the Yoast SEO Premium plugin v27.5 (Yoast SEO v27.5) - https:\/\/yoast.com\/product\/yoast-seo-premium-wordpress\/ -->\n<title>Ligue de diamant : Jhinaoui d\u00e9croche le bronze au 3000 m\u00e8tres steeple<\/title>\n<meta name=\"description\" content=\"L\u2019athl\u00e8te tunisien Mohamed Amine Jhinaoui a d\u00e9croch\u00e9, ce samedi 14 septembre 2024 la m\u00e9daille de bronze au 3000 m\u00e8tres steeple, en terminant troisi\u00e8me lors du m...\" \/>\n<link rel=\"canonical\" href=\"https:\/\/www.webdo.tn\/fr\/actualite\/sport\/ligue-de-diamant-jhinaoui-decroche-le-bronze-au-3000-metres-steeple\/216384\/\" \/>\n<meta property=\"og:locale\" content=\"fr_FR\" \/>\n<meta property=\"og:type\" content=\"article\" \/>\n<meta property=\"og:title\" content=\"Ligue de diamant : Jhinaoui d\u00e9croche le bronze au 3000 m\u00e8tres steeple\" \/>\n<meta property=\"og:description\" content=\"L\u2019athl\u00e8te tunisien Mohamed Amine Jhinaoui a d\u00e9croch\u00e9, ce samedi 14 septembre 2024 la m\u00e9daille de bronze au 3000 m\u00e8tres steeple, en terminant troisi\u00e8me lors du m...\" \/>\n<meta property=\"og:url\" content=\"https:\/\/www.webdo.tn\/fr\/actualite\/sport\/ligue-de-diamant-jhinaoui-decroche-le-bronze-au-3000-metres-steeple\/216384\/\" \/>\n<meta property=\"og:site_name\" content=\"webdo\" \/>\n<meta property=\"article:publisher\" content=\"https:\/\/www.facebook.com\/webdotn\" \/>\n<meta property=\"article:published_time\" content=\"2024-09-14T12:23:00+00:00\" \/>\n<meta property=\"article:modified_time\" content=\"2025-05-20T21:48:54+00:00\" \/>\n<meta property=\"og:image\" content=\"https:\/\/www.webdo.tn\/fr\/wp-content\/uploads\/2024\/09\/f05c571c94a308b227b52fb57d3cffa7.webp\" \/>\n\t<meta property=\"og:image:width\" content=\"750\" \/>\n\t<meta property=\"og:image:height\" content=\"400\" \/>\n\t<meta property=\"og:image:type\" content=\"image\/webp\" \/>\n<meta name=\"author\" content=\"MC\" \/>\n<meta name=\"twitter:card\" content=\"summary_large_image\" \/>\n<meta name=\"twitter:creator\" content=\"@webdo_tn\" \/>\n<meta name=\"twitter:site\" content=\"@webdo_tn\" \/>\n<meta name=\"twitter:label1\" content=\"\u00c9crit par\" \/>\n\t<meta name=\"twitter:data1\" content=\"MC\" \/>\n\t<meta name=\"twitter:label2\" content=\"Dur\u00e9e de lecture estim\u00e9e\" \/>\n\t<meta name=\"twitter:data2\" content=\"1 minute\" \/>\n<script type=\"application\/ld+json\" class=\"yoast-schema-graph\">{\"@context\":\"https:\\\/\\\/schema.org\",\"@graph\":[{\"@type\":\"NewsArticle\",\"@id\":\"https:\\\/\\\/www.webdo.tn\\\/fr\\\/actualite\\\/sport\\\/ligue-de-diamant-jhinaoui-decroche-le-bronze-au-3000-metres-steeple\\\/216384\\\/#article\",\"isPartOf\":{\"@id\":\"https:\\\/\\\/www.webdo.tn\\\/fr\\\/actualite\\\/sport\\\/ligue-de-diamant-jhinaoui-decroche-le-bronze-au-3000-metres-steeple\\\/216384\\\/\"},\"author\":{\"name\":\"MC\",\"@id\":\"https:\\\/\\\/www.webdo.tn\\\/fr\\\/#\\\/schema\\\/person\\\/2c4929cbf5a809e3bd38617c6ce150f6\"},\"headline\":\"Ligue de diamant : Jhinaoui d\u00e9croche le bronze au 3000 m\u00e8tres steeple\",\"datePublished\":\"2024-09-14T12:23:00+00:00\",\"dateModified\":\"2025-05-20T21:48:54+00:00\",\"mainEntityOfPage\":{\"@id\":\"https:\\\/\\\/www.webdo.tn\\\/fr\\\/actualite\\\/sport\\\/ligue-de-diamant-jhinaoui-decroche-le-bronze-au-3000-metres-steeple\\\/216384\\\/\"},\"wordCount\":146,\"commentCount\":0,\"publisher\":{\"@id\":\"https:\\\/\\\/www.webdo.tn\\\/fr\\\/#organization\"},\"image\":{\"@id\":\"https:\\\/\\\/www.webdo.tn\\\/fr\\\/actualite\\\/sport\\\/ligue-de-diamant-jhinaoui-decroche-le-bronze-au-3000-metres-steeple\\\/216384\\\/#primaryimage\"},\"thumbnailUrl\":\"https:\\\/\\\/www.webdo.tn\\\/fr\\\/wp-content\\\/uploads\\\/2024\\\/09\\\/f05c571c94a308b227b52fb57d3cffa7.webp\",\"keywords\":[\"athl\u00e9tisme\",\"ligue de diamant\",\"m\u00e9daille de bronze\",\"Mohamed Amine Jhinaoui\",\"Tunisie\"],\"articleSection\":[\"Sport\"],\"inLanguage\":\"fr-FR\"},{\"@type\":\"WebPage\",\"@id\":\"https:\\\/\\\/www.webdo.tn\\\/fr\\\/actualite\\\/sport\\\/ligue-de-diamant-jhinaoui-decroche-le-bronze-au-3000-metres-steeple\\\/216384\\\/\",\"url\":\"https:\\\/\\\/www.webdo.tn\\\/fr\\\/actualite\\\/sport\\\/ligue-de-diamant-jhinaoui-decroche-le-bronze-au-3000-metres-steeple\\\/216384\\\/\",\"name\":\"Ligue de diamant : Jhinaoui d\u00e9croche le bronze au 3000 m\u00e8tres steeple\",\"isPartOf\":{\"@id\":\"https:\\\/\\\/www.webdo.tn\\\/fr\\\/#website\"},\"primaryImageOfPage\":{\"@id\":\"https:\\\/\\\/www.webdo.tn\\\/fr\\\/actualite\\\/sport\\\/ligue-de-diamant-jhinaoui-decroche-le-bronze-au-3000-metres-steeple\\\/216384\\\/#primaryimage\"},\"image\":{\"@id\":\"https:\\\/\\\/www.webdo.tn\\\/fr\\\/actualite\\\/sport\\\/ligue-de-diamant-jhinaoui-decroche-le-bronze-au-3000-metres-steeple\\\/216384\\\/#primaryimage\"},\"thumbnailUrl\":\"https:\\\/\\\/www.webdo.tn\\\/fr\\\/wp-content\\\/uploads\\\/2024\\\/09\\\/f05c571c94a308b227b52fb57d3cffa7.webp\",\"datePublished\":\"2024-09-14T12:23:00+00:00\",\"dateModified\":\"2025-05-20T21:48:54+00:00\",\"description\":\"L\u2019athl\u00e8te tunisien Mohamed Amine Jhinaoui a d\u00e9croch\u00e9, ce samedi 14 septembre 2024 la m\u00e9daille de bronze au 3000 m\u00e8tres steeple, en terminant troisi\u00e8me lors du m...\",\"breadcrumb\":{\"@id\":\"https:\\\/\\\/www.webdo.tn\\\/fr\\\/actualite\\\/sport\\\/ligue-de-diamant-jhinaoui-decroche-le-bronze-au-3000-metres-steeple\\\/216384\\\/#breadcrumb\"},\"inLanguage\":\"fr-FR\",\"potentialAction\":[{\"@type\":\"ReadAction\",\"target\":[\"https:\\\/\\\/www.webdo.tn\\\/fr\\\/actualite\\\/sport\\\/ligue-de-diamant-jhinaoui-decroche-le-bronze-au-3000-metres-steeple\\\/216384\\\/\"]}]},{\"@type\":\"ImageObject\",\"inLanguage\":\"fr-FR\",\"@id\":\"https:\\\/\\\/www.webdo.tn\\\/fr\\\/actualite\\\/sport\\\/ligue-de-diamant-jhinaoui-decroche-le-bronze-au-3000-metres-steeple\\\/216384\\\/#primaryimage\",\"url\":\"https:\\\/\\\/www.webdo.tn\\\/fr\\\/wp-content\\\/uploads\\\/2024\\\/09\\\/f05c571c94a308b227b52fb57d3cffa7.webp\",\"contentUrl\":\"https:\\\/\\\/www.webdo.tn\\\/fr\\\/wp-content\\\/uploads\\\/2024\\\/09\\\/f05c571c94a308b227b52fb57d3cffa7.webp\",\"width\":750,\"height\":400,\"caption\":\"Ligue de diamant : Jhinaoui d\u00e9croche le bronze au 3000 m\u00e8tres steeple\"},{\"@type\":\"BreadcrumbList\",\"@id\":\"https:\\\/\\\/www.webdo.tn\\\/fr\\\/actualite\\\/sport\\\/ligue-de-diamant-jhinaoui-decroche-le-bronze-au-3000-metres-steeple\\\/216384\\\/#breadcrumb\",\"itemListElement\":[{\"@type\":\"ListItem\",\"position\":1,\"name\":\"Accueil\",\"item\":\"https:\\\/\\\/www.webdo.tn\\\/fr\\\/\"},{\"@type\":\"ListItem\",\"position\":2,\"name\":\"Ligue de diamant : Jhinaoui d\u00e9croche le bronze au 3000 m\u00e8tres steeple\"}]},{\"@type\":\"WebSite\",\"@id\":\"https:\\\/\\\/www.webdo.tn\\\/fr\\\/#website\",\"url\":\"https:\\\/\\\/www.webdo.tn\\\/fr\\\/\",\"name\":\"webdo\",\"description\":\"Tunisie - News en Tunisie et \u00e0 l&#039;international sur Webdo.tn\",\"publisher\":{\"@id\":\"https:\\\/\\\/www.webdo.tn\\\/fr\\\/#organization\"},\"potentialAction\":[{\"@type\":\"SearchAction\",\"target\":{\"@type\":\"EntryPoint\",\"urlTemplate\":\"https:\\\/\\\/www.webdo.tn\\\/fr\\\/?s={search_term_string}\"},\"query-input\":{\"@type\":\"PropertyValueSpecification\",\"valueRequired\":true,\"valueName\":\"search_term_string\"}}],\"inLanguage\":\"fr-FR\"},{\"@type\":\"Organization\",\"@id\":\"https:\\\/\\\/www.webdo.tn\\\/fr\\\/#organization\",\"name\":\"Webdo\",\"alternateName\":\"Webdo.tn\",\"url\":\"https:\\\/\\\/www.webdo.tn\\\/fr\\\/\",\"logo\":{\"@type\":\"ImageObject\",\"inLanguage\":\"fr-FR\",\"@id\":\"https:\\\/\\\/www.webdo.tn\\\/fr\\\/#\\\/schema\\\/logo\\\/image\\\/\",\"url\":\"https:\\\/\\\/www.webdo.tn\\\/fr\\\/wp-content\\\/uploads\\\/2025\\\/06\\\/Webdo-Tunisie_168377.jpg\",\"contentUrl\":\"https:\\\/\\\/www.webdo.tn\\\/fr\\\/wp-content\\\/uploads\\\/2025\\\/06\\\/Webdo-Tunisie_168377.jpg\",\"width\":301,\"height\":301,\"caption\":\"Webdo\"},\"image\":{\"@id\":\"https:\\\/\\\/www.webdo.tn\\\/fr\\\/#\\\/schema\\\/logo\\\/image\\\/\"},\"sameAs\":[\"https:\\\/\\\/www.facebook.com\\\/webdotn\",\"https:\\\/\\\/x.com\\\/webdo_tn\"],\"description\":\"Webdo est un m\u00e9dia num\u00e9rique tunisien fond\u00e9 en 2010, sp\u00e9cialis\u00e9 dans l\u2019actualit\u00e9 nationale et internationale, l\u2019\u00e9conomie, la soci\u00e9t\u00e9 et les analyses politiques. Le site s\u2019adresse \u00e0 un large public francophone et couvre l\u2019information tunisienne en temps r\u00e9el.\",\"email\":\"redac@webdo.tn\",\"legalName\":\"YNJ SARL\",\"foundingDate\":\"2010-09-06\",\"numberOfEmployees\":{\"@type\":\"QuantitativeValue\",\"minValue\":\"11\",\"maxValue\":\"50\"}},{\"@type\":\"Person\",\"@id\":\"https:\\\/\\\/www.webdo.tn\\\/fr\\\/#\\\/schema\\\/person\\\/2c4929cbf5a809e3bd38617c6ce150f6\",\"name\":\"MC\",\"image\":{\"@type\":\"ImageObject\",\"inLanguage\":\"fr-FR\",\"@id\":\"https:\\\/\\\/secure.gravatar.com\\\/avatar\\\/a545bbb6f84efdd5553dbbc2895e3ca8f1d12c5215e00a041c9670b54aa9b18a?s=96&d=mm&r=g\",\"url\":\"https:\\\/\\\/secure.gravatar.com\\\/avatar\\\/a545bbb6f84efdd5553dbbc2895e3ca8f1d12c5215e00a041c9670b54aa9b18a?s=96&d=mm&r=g\",\"contentUrl\":\"https:\\\/\\\/secure.gravatar.com\\\/avatar\\\/a545bbb6f84efdd5553dbbc2895e3ca8f1d12c5215e00a041c9670b54aa9b18a?s=96&d=mm&r=g\",\"caption\":\"MC\"},\"url\":\"https:\\\/\\\/www.webdo.tn\\\/fr\\\/actualite\\\/author\\\/mc\\\/\"}]}<\/script>\n<!-- \/ Yoast SEO Premium plugin. -->","yoast_head_json":{"title":"Ligue de diamant : Jhinaoui d\u00e9croche le bronze au 3000 m\u00e8tres steeple","description":"L\u2019athl\u00e8te tunisien Mohamed Amine Jhinaoui a d\u00e9croch\u00e9, ce samedi 14 septembre 2024 la m\u00e9daille de bronze au 3000 m\u00e8tres steeple, en terminant troisi\u00e8me lors du m...","canonical":"https:\/\/www.webdo.tn\/fr\/actualite\/sport\/ligue-de-diamant-jhinaoui-decroche-le-bronze-au-3000-metres-steeple\/216384\/","og_locale":"fr_FR","og_type":"article","og_title":"Ligue de diamant : Jhinaoui d\u00e9croche le bronze au 3000 m\u00e8tres steeple","og_description":"L\u2019athl\u00e8te tunisien Mohamed Amine Jhinaoui a d\u00e9croch\u00e9, ce samedi 14 septembre 2024 la m\u00e9daille de bronze au 3000 m\u00e8tres steeple, en terminant troisi\u00e8me lors du m...","og_url":"https:\/\/www.webdo.tn\/fr\/actualite\/sport\/ligue-de-diamant-jhinaoui-decroche-le-bronze-au-3000-metres-steeple\/216384\/","og_site_name":"webdo","article_publisher":"https:\/\/www.facebook.com\/webdotn","article_published_time":"2024-09-14T12:23:00+00:00","article_modified_time":"2025-05-20T21:48:54+00:00","og_image":[{"width":750,"height":400,"url":"https:\/\/www.webdo.tn\/fr\/wp-content\/uploads\/2024\/09\/f05c571c94a308b227b52fb57d3cffa7.webp","type":"image\/webp"}],"author":"MC","twitter_card":"summary_large_image","twitter_creator":"@webdo_tn","twitter_site":"@webdo_tn","twitter_misc":{"\u00c9crit par":"MC","Dur\u00e9e de lecture estim\u00e9e":"1 minute"},"schema":{"@context":"https:\/\/schema.org","@graph":[{"@type":"NewsArticle","@id":"https:\/\/www.webdo.tn\/fr\/actualite\/sport\/ligue-de-diamant-jhinaoui-decroche-le-bronze-au-3000-metres-steeple\/216384\/#article","isPartOf":{"@id":"https:\/\/www.webdo.tn\/fr\/actualite\/sport\/ligue-de-diamant-jhinaoui-decroche-le-bronze-au-3000-metres-steeple\/216384\/"},"author":{"name":"MC","@id":"https:\/\/www.webdo.tn\/fr\/#\/schema\/person\/2c4929cbf5a809e3bd38617c6ce150f6"},"headline":"Ligue de diamant : Jhinaoui d\u00e9croche le bronze au 3000 m\u00e8tres steeple","datePublished":"2024-09-14T12:23:00+00:00","dateModified":"2025-05-20T21:48:54+00:00","mainEntityOfPage":{"@id":"https:\/\/www.webdo.tn\/fr\/actualite\/sport\/ligue-de-diamant-jhinaoui-decroche-le-bronze-au-3000-metres-steeple\/216384\/"},"wordCount":146,"commentCount":0,"publisher":{"@id":"https:\/\/www.webdo.tn\/fr\/#organization"},"image":{"@id":"https:\/\/www.webdo.tn\/fr\/actualite\/sport\/ligue-de-diamant-jhinaoui-decroche-le-bronze-au-3000-metres-steeple\/216384\/#primaryimage"},"thumbnailUrl":"https:\/\/www.webdo.tn\/fr\/wp-content\/uploads\/2024\/09\/f05c571c94a308b227b52fb57d3cffa7.webp","keywords":["athl\u00e9tisme","ligue de diamant","m\u00e9daille de bronze","Mohamed Amine Jhinaoui","Tunisie"],"articleSection":["Sport"],"inLanguage":"fr-FR"},{"@type":"WebPage","@id":"https:\/\/www.webdo.tn\/fr\/actualite\/sport\/ligue-de-diamant-jhinaoui-decroche-le-bronze-au-3000-metres-steeple\/216384\/","url":"https:\/\/www.webdo.tn\/fr\/actualite\/sport\/ligue-de-diamant-jhinaoui-decroche-le-bronze-au-3000-metres-steeple\/216384\/","name":"Ligue de diamant : Jhinaoui d\u00e9croche le bronze au 3000 m\u00e8tres steeple","isPartOf":{"@id":"https:\/\/www.webdo.tn\/fr\/#website"},"primaryImageOfPage":{"@id":"https:\/\/www.webdo.tn\/fr\/actualite\/sport\/ligue-de-diamant-jhinaoui-decroche-le-bronze-au-3000-metres-steeple\/216384\/#primaryimage"},"image":{"@id":"https:\/\/www.webdo.tn\/fr\/actualite\/sport\/ligue-de-diamant-jhinaoui-decroche-le-bronze-au-3000-metres-steeple\/216384\/#primaryimage"},"thumbnailUrl":"https:\/\/www.webdo.tn\/fr\/wp-content\/uploads\/2024\/09\/f05c571c94a308b227b52fb57d3cffa7.webp","datePublished":"2024-09-14T12:23:00+00:00","dateModified":"2025-05-20T21:48:54+00:00","description":"L\u2019athl\u00e8te tunisien Mohamed Amine Jhinaoui a d\u00e9croch\u00e9, ce samedi 14 septembre 2024 la m\u00e9daille de bronze au 3000 m\u00e8tres steeple, en terminant troisi\u00e8me lors du m...","breadcrumb":{"@id":"https:\/\/www.webdo.tn\/fr\/actualite\/sport\/ligue-de-diamant-jhinaoui-decroche-le-bronze-au-3000-metres-steeple\/216384\/#breadcrumb"},"inLanguage":"fr-FR","potentialAction":[{"@type":"ReadAction","target":["https:\/\/www.webdo.tn\/fr\/actualite\/sport\/ligue-de-diamant-jhinaoui-decroche-le-bronze-au-3000-metres-steeple\/216384\/"]}]},{"@type":"ImageObject","inLanguage":"fr-FR","@id":"https:\/\/www.webdo.tn\/fr\/actualite\/sport\/ligue-de-diamant-jhinaoui-decroche-le-bronze-au-3000-metres-steeple\/216384\/#primaryimage","url":"https:\/\/www.webdo.tn\/fr\/wp-content\/uploads\/2024\/09\/f05c571c94a308b227b52fb57d3cffa7.webp","contentUrl":"https:\/\/www.webdo.tn\/fr\/wp-content\/uploads\/2024\/09\/f05c571c94a308b227b52fb57d3cffa7.webp","width":750,"height":400,"caption":"Ligue de diamant : Jhinaoui d\u00e9croche le bronze au 3000 m\u00e8tres steeple"},{"@type":"BreadcrumbList","@id":"https:\/\/www.webdo.tn\/fr\/actualite\/sport\/ligue-de-diamant-jhinaoui-decroche-le-bronze-au-3000-metres-steeple\/216384\/#breadcrumb","itemListElement":[{"@type":"ListItem","position":1,"name":"Accueil","item":"https:\/\/www.webdo.tn\/fr\/"},{"@type":"ListItem","position":2,"name":"Ligue de diamant : Jhinaoui d\u00e9croche le bronze au 3000 m\u00e8tres steeple"}]},{"@type":"WebSite","@id":"https:\/\/www.webdo.tn\/fr\/#website","url":"https:\/\/www.webdo.tn\/fr\/","name":"webdo","description":"Tunisie - News en Tunisie et \u00e0 l&#039;international sur Webdo.tn","publisher":{"@id":"https:\/\/www.webdo.tn\/fr\/#organization"},"potentialAction":[{"@type":"SearchAction","target":{"@type":"EntryPoint","urlTemplate":"https:\/\/www.webdo.tn\/fr\/?s={search_term_string}"},"query-input":{"@type":"PropertyValueSpecification","valueRequired":true,"valueName":"search_term_string"}}],"inLanguage":"fr-FR"},{"@type":"Organization","@id":"https:\/\/www.webdo.tn\/fr\/#organization","name":"Webdo","alternateName":"Webdo.tn","url":"https:\/\/www.webdo.tn\/fr\/","logo":{"@type":"ImageObject","inLanguage":"fr-FR","@id":"https:\/\/www.webdo.tn\/fr\/#\/schema\/logo\/image\/","url":"https:\/\/www.webdo.tn\/fr\/wp-content\/uploads\/2025\/06\/Webdo-Tunisie_168377.jpg","contentUrl":"https:\/\/www.webdo.tn\/fr\/wp-content\/uploads\/2025\/06\/Webdo-Tunisie_168377.jpg","width":301,"height":301,"caption":"Webdo"},"image":{"@id":"https:\/\/www.webdo.tn\/fr\/#\/schema\/logo\/image\/"},"sameAs":["https:\/\/www.facebook.com\/webdotn","https:\/\/x.com\/webdo_tn"],"description":"Webdo est un m\u00e9dia num\u00e9rique tunisien fond\u00e9 en 2010, sp\u00e9cialis\u00e9 dans l\u2019actualit\u00e9 nationale et internationale, l\u2019\u00e9conomie, la soci\u00e9t\u00e9 et les analyses politiques. Le site s\u2019adresse \u00e0 un large public francophone et couvre l\u2019information tunisienne en temps r\u00e9el.","email":"redac@webdo.tn","legalName":"YNJ SARL","foundingDate":"2010-09-06","numberOfEmployees":{"@type":"QuantitativeValue","minValue":"11","maxValue":"50"}},{"@type":"Person","@id":"https:\/\/www.webdo.tn\/fr\/#\/schema\/person\/2c4929cbf5a809e3bd38617c6ce150f6","name":"MC","image":{"@type":"ImageObject","inLanguage":"fr-FR","@id":"https:\/\/secure.gravatar.com\/avatar\/a545bbb6f84efdd5553dbbc2895e3ca8f1d12c5215e00a041c9670b54aa9b18a?s=96&d=mm&r=g","url":"https:\/\/secure.gravatar.com\/avatar\/a545bbb6f84efdd5553dbbc2895e3ca8f1d12c5215e00a041c9670b54aa9b18a?s=96&d=mm&r=g","contentUrl":"https:\/\/secure.gravatar.com\/avatar\/a545bbb6f84efdd5553dbbc2895e3ca8f1d12c5215e00a041c9670b54aa9b18a?s=96&d=mm&r=g","caption":"MC"},"url":"https:\/\/www.webdo.tn\/fr\/actualite\/author\/mc\/"}]}},"_links":{"self":[{"href":"https:\/\/www.webdo.tn\/fr\/wp-json\/wp\/v2\/posts\/216384","targetHints":{"allow":["GET"]}}],"collection":[{"href":"https:\/\/www.webdo.tn\/fr\/wp-json\/wp\/v2\/posts"}],"about":[{"href":"https:\/\/www.webdo.tn\/fr\/wp-json\/wp\/v2\/types\/post"}],"author":[{"embeddable":true,"href":"https:\/\/www.webdo.tn\/fr\/wp-json\/wp\/v2\/users\/3162"}],"replies":[{"embeddable":true,"href":"https:\/\/www.webdo.tn\/fr\/wp-json\/wp\/v2\/comments?post=216384"}],"version-history":[{"count":0,"href":"https:\/\/www.webdo.tn\/fr\/wp-json\/wp\/v2\/posts\/216384\/revisions"}],"wp:featuredmedia":[{"embeddable":true,"href":"https:\/\/www.webdo.tn\/fr\/wp-json\/wp\/v2\/media\/246562"}],"wp:attachment":[{"href":"https:\/\/www.webdo.tn\/fr\/wp-json\/wp\/v2\/media?parent=216384"}],"wp:term":[{"taxonomy":"category","embeddable":true,"href":"https:\/\/www.webdo.tn\/fr\/wp-json\/wp\/v2\/categories?post=216384"},{"taxonomy":"post_tag","embeddable":true,"href":"https:\/\/www.webdo.tn\/fr\/wp-json\/wp\/v2\/tags?post=216384"}],"curies":[{"name":"wp","href":"https:\/\/api.w.org\/{rel}","templated":true}]}}